{"id":21327,"date":"2020-08-21T13:32:08","date_gmt":"2020-08-21T11:32:08","guid":{"rendered":"https:\/\/www.qualitel.org\/particuliers\/?p=21327"},"modified":"2024-07-30T10:10:34","modified_gmt":"2024-07-30T08:10:34","slug":"comment-gerer-les-dechets-de-votre-logement","status":"publish","type":"post","link":"https:\/\/www.qualitel.org\/particuliers\/conseils\/comment-gerer-les-dechets-de-votre-logement\/","title":{"rendered":"Comment g\u00e9rer les d\u00e9chets de votre logement&nbsp;?"},"content":{"rendered":"<p>Les Fran\u00e7ais produisent toujours plus de d\u00e9chets. Selon l\u2019<a href=\"https:\/\/agirpourlatransition.ademe.fr\/particuliers\/maison\/dechets\/faire-dechets\" target=\"_blank\" rel=\"noopener\">Ademe<\/a>, la <strong>production annuelle de d\u00e9chets a doubl\u00e9 en 40 ans<\/strong> et serait \u00e9quivalente \u00e0 <strong>568 kg par habitant<\/strong>. Face \u00e0 ce constat, les m\u00e9nages sont de plus en plus nombreux \u00e0 avoir pris l\u2019habitude de trier leurs d\u00e9chets. Mais tous ne peuvent pas n\u00e9cessairement \u00eatre recycl\u00e9s&nbsp;: certains d\u2019entre eux finissent stock\u00e9s ou incin\u00e9r\u00e9s, avec \u00e0 la cl\u00e9 des effets n\u00e9fastes pour l\u2019environnement.<\/p>\n<p>Les foyers sont responsables de la production de <strong>3 types de d\u00e9chets<\/strong>&nbsp;:<\/p>\n<ul>\n<li>les <strong>ordures m\u00e9nag\u00e8res<\/strong>, issues de l\u2019activit\u00e9 domestique qui sont essentiellement constitu\u00e9es de restes de nourriture ou d\u2019\u00e9pluchures, et d\u2019emballages&nbsp;;<\/li>\n<li>les <strong>encombrants<\/strong> (\u00e9lectrom\u00e9nager, meubles, literie, etc\u2026)&nbsp;;<\/li>\n<li>les <strong>d\u00e9chets dits dangereux<\/strong> (piles, peintures, solvants, pesticides, m\u00e9dicaments\u2026).<\/li>\n<\/ul>\n<h3>R\u00e9duire la pollution environnementale<\/h3>\n<p><strong>Les d\u00e9chets encombrants ou dangereux peuvent s\u2019av\u00e9rer tr\u00e8s polluants. <\/strong>Que ce soit les piles, les lampes \u00e0 LED, les r\u00e9frig\u00e9rateurs ou encore le mat\u00e9riel informatique, tous ces \u00e9quipements peuvent rejeter des produits nocifs pour l\u2019environnement et toxiques pour l\u2019homme tels que l\u2019acide, le lithium, le mercure, l\u2019arsenic ou encore des gaz \u00e0 effet de serre. <strong>Ces d\u00e9chets n\u00e9cessitent un tri sp\u00e9cifique pour limiter leur empreinte \u00e9cologique.<\/strong> Par exemple, pour une lampe \u00e0 LED, le verre est recycl\u00e9, le mercure r\u00e9g\u00e9n\u00e9r\u00e9 pour \u00eatre r\u00e9utilis\u00e9 comme tel, et les m\u00e9taux composant son culot sont recycl\u00e9s dans la fili\u00e8re m\u00e9taux.<\/p>\n<h3>Participer au recyclage<\/h3>\n<p>Gr\u00e2ce au tri, certains mat\u00e9riaux issus du recyclage de d\u00e9chets peuvent \u00eatre utilis\u00e9s \u00e0 la place de mati\u00e8res premi\u00e8res vierges. <strong>Le recours \u00e0 des mati\u00e8res premi\u00e8res secondaires permet d\u2019\u00e9conomiser les ressources naturelles<\/strong>.<\/p>\n<p>Vous n\u2019\u00eates pas toujours s\u00fbr de conna\u00eetre les bonnes consignes de tri&nbsp;? Sachez qu\u2019il y a une solution pour chaque type de d\u00e9chet. Plusieurs logos existent pour vous guider.<\/p>\n<h3>Regardez les logos identifiables sur les emballages des produits de consommation courante<\/h3>\n<p>Ils indiquent les consignes \u00e0 suivre pour pr\u00e9parer la collecte des d\u00e9chets&nbsp;:<\/p>\n<ul>\n<li><strong>le Triman est obligatoire depuis 2015<\/strong>. Il indique quels sont les produits recyclables soumis \u00e0 un dispositif de responsabilit\u00e9 \u00e9largie du producteur et qui rel\u00e8vent d\u2019une consigne&nbsp;;<\/li>\n<li><strong>la poubelle barr\u00e9e <\/strong>est le pictogramme historique de la fili\u00e8re des D\u00e9chets d\u2019\u00e9quipements \u00e9lectriques et \u00e9lectroniques (DEEE). Elle indique que ces produits ne doivent pas \u00eatre jet\u00e9s avec les ordures m\u00e9nag\u00e8res mais orient\u00e9s vers des points de collecte s\u00e9par\u00e9e&nbsp;;<\/li>\n<li><strong>le cercle de M\u00f6bius aussi appel\u00e9 \u00ab&nbsp;boucle&nbsp;\u00bb, <\/strong>signifie que le produit est potentiellement recyclable mais ne le garantit pas, sauf si un pourcentage de mati\u00e8res recycl\u00e9es figure \u00e0 l\u2019int\u00e9rieur.<\/li>\n<\/ul>\n<p><strong>Ces diff\u00e9rents logos doivent vous rappeler que le produit ne doit pas \u00eatre jet\u00e9 dans la poubelle d\u2019ordures m\u00e9nag\u00e8res, mais tri\u00e9 \u00e0 domicile<\/strong> ou rapport\u00e9 dans un point de collecte.<\/p>\n<h3>Renseignez-vous sur les consignes li\u00e9es \u00e0 votre mairie<\/h3>\n<p>Selon la zone g\u00e9ographique o\u00f9 vous habitez, il existe une grande diversit\u00e9 de consignes. <strong>Les bacs ne sont pas toujours de la m\u00eame couleur d\u2019une ville \u00e0 l\u2019autre.<\/strong> Les modes de collecte des d\u00e9chets peuvent aussi varier en fonction des quartiers. \u00c0 cela s\u2019ajoute le fait que progressivement, de nouveaux emballages sont accept\u00e9s dans les bacs de tri. Il n\u2019est donc pas toujours facile de s\u2019y retrouver. <strong>Si vous \u00eates perdu au moment de trier vos d\u00e9chets, renseignez-vous aupr\u00e8s de votre mairie.<\/strong><\/p>\n<p>\u00c0 noter, votre mairie est tenue de <a href=\"https:\/\/www.service-public.fr\/particuliers\/vosdroits\/F16217\" target=\"_blank\" rel=\"noopener\">mettre \u00e0 votre disposition un guide<\/a> pr\u00e9sentant les consignes de tri, les conditions et les modes de collecte mis en place dans la ville. Attention, une amende forfaitaire est pr\u00e9vue pour les particuliers qui ne respecteraient pas les conditions de <strong>la collecte<\/strong>.<\/p>\n<p>La&nbsp;<a href=\"https:\/\/www.ecologie.gouv.fr\/politiques-publiques\/tri-dechets\" target=\"_blank\" rel=\"noopener\">loi relative \u00e0 la transition \u00e9nerg\u00e9tique pour la croissance verte<\/a> a impuls\u00e9 une harmonisation progressive de la collecte et du tri des d\u00e9chets \u00e0 l\u2019\u00e9chelle nationale.<\/p>\n<p>Depuis le 1er janvier 2023, les consignes de tri des d\u00e9chets m\u00e9nagers sont modifi\u00e9es et tous les emballages sont \u00e0 d\u00e9poser dans le bac de tri. Cela permet de simplifier le geste de tri et de d\u00e9velopper le recyclage des emballages en plastique qui n\u2019\u00e9taient pas recycl\u00e9s jusqu\u2019alors&nbsp;: films, pots, barquettes, tubes, sachets, etc.<\/p>\n<p>Face \u00e0 l\u2019accumulation des d\u00e9chets m\u00e9nagers, des solutions simples existent pour moins en produire. Voici une s\u00e9lection de gestes, r\u00e9flexes et conseils pratiques \u00e0 suivre&nbsp;:<\/p>\n<ul>\n<li><strong>privil\u00e9giez l\u2019achat de produits \u00e0 longue dur\u00e9e de vie&nbsp;(pour vos meubles, t\u00e9l\u00e9viseurs, ordinateurs, etc.<\/strong>)&nbsp;;<\/li>\n<li><strong>lorsqu\u2019un de vos appareils ne fonctionne plus, avant de le remplacer,<\/strong> <strong>contr\u00f4lez s\u2019il est toujours sous garantie<\/strong> <strong>et s\u2019il est r\u00e9parable<\/strong>. Depuis 2015, la <a href=\"https:\/\/www.economie.gouv.fr\/files\/files\/directions_services\/dgccrf\/documentation\/fiches_pratiques\/fiches\/pieces-detachees.pdf\" target=\"_blank\" rel=\"noopener\">loi Consommation<\/a> oblige les revendeurs \u00e0 informer les consommateurs sur la dur\u00e9e de vie et la disponibilit\u00e9 des pi\u00e8ces d\u00e9tach\u00e9es permettant la r\u00e9paration des appareils \u00e9lectrom\u00e9nagers&nbsp;;<\/li>\n<li><strong>v\u00e9rifiez que les appareils \u00e9lectrom\u00e9nagers dont vous souhaitez faire l\u2019acquisition sont d\u00e9montables et facilement r\u00e9parables<\/strong> en cas de panne. Il est important de choisir des produits rechargeables \u00e0 brancher sur secteur plut\u00f4t que des piles \u00e9lectriques jetables. En utilisant vos appareils de mani\u00e8re conforme \u00e0 leur notice et en les entretenant r\u00e9guli\u00e8rement, vous contribuez \u00e0 prolonger leur dur\u00e9e de vie.<\/li>\n<li><strong>pensez au compostage. <\/strong>Pratiquement tous les d\u00e9chets organiques peuvent \u00eatre valoris\u00e9s. <strong>Cela peut permettre d\u2019<a href=\"https:\/\/agirpourlatransition.ademe.fr\/particuliers\/maison\/faire-dechets\" target=\"_blank\" rel=\"noopener\">all\u00e9ger le poids de votre poubelle de 60 kilos par an et par personne<\/a><\/strong><strong>.<\/strong> Le compost obtenu apr\u00e8s fermentation de vos d\u00e9chets organiques peut vous servir d\u2019engrais naturel pour vos plantes et votre potager. Si vous habitez en ville et n\u2019avez pas de jardin, vous pouvez contribuer au compostage partag\u00e9 dans votre quartier ou au pied d\u2019un immeuble&nbsp;;<\/li>\n<li><strong>gr\u00e2ce \u00e0 un lombricomposteur, il est \u00e9galement possible de <a href=\"https:\/\/www.qualitel.org\/particuliers\/conseils\/comment-faire-du-compost\/\" target=\"_blank\" rel=\"noopener\">composter vos d\u00e9chets<\/a> en appartement ou en maison.<\/strong> Des \u00e9quipements de type d\u00e9shydrateurs permettent aussi de r\u00e9duire vos d\u00e9chets m\u00e9nagers en broyant tous types de d\u00e9chets organiques sans nuisances sonore, olfactive ou d\u2019entretien et d\u2019utiliser le s\u00e9chat comme engrais \u00e9galement. Le site <a href=\"https:\/\/ecogreenvalorisation.com\/\" target=\"_blank\" rel=\"noopener\">ecogreenvalorisation.com<\/a> vous guide dans le recyclage des d\u00e9chets organiques&nbsp;;<\/li>\n<li><strong>changez vos habitudes de consommation.<\/strong> \u00c9vitez d\u2019acheter des produits \u00e0 usage unique comme des lingettes d\u2019entretiens, de la vaisselle en plastique, des nappes ou des serviettes en papier. Pensez \u00e0 acheter d\u2019occasion, \u00e0 emprunter ou \u00e0 louer des \u00e9quipements comme, par exemple, les appareils d\u2019entretien ou de bricolage.<\/li>\n<\/ul>\n","protected":false},"excerpt":{"rendered":"<p>Les Fran\u00e7ais produisent toujours plus de d\u00e9chets. Selon l\u2019Ademe, la production annuelle de d\u00e9chets a doubl\u00e9 en 40 ans et serait \u00e9quivalente \u00e0 568 kg par habitant. Face \u00e0 ce constat, les m\u00e9nages sont de plus en plus nombreux \u00e0 avoir pris l\u2019habitude de trier leurs d\u00e9chets. Mais tous ne peuvent pas n\u00e9cessairement \u00eatre recycl\u00e9s&nbsp;: \u2026 <\/p>\n","protected":false},"author":24,"featured_media":21352,"comment_status":"closed","ping_status":"closed","sticky":false,"template":"","format":"standard","meta":{"_acf_changed":false,"wp_typography_post_enhancements_disabled":false,"footnotes":""},"categories":[213],"tags":[436,421,487],"article_type":[298],"benefice":[349],"class_list":["post-21327","post","type-post","status-publish","format-standard","has-post-thumbnail","hentry","category-sante","tags-choix-equipement","tags-cuisine","tags-entretien","article_type-les-bons-choix","benefice-eco-responsabilite"],"acf":[],"yoast_head":"<!-- This site is optimized with the Yoast SEO plugin v26.2 - https:\/\/yoast.com\/wordpress\/plugins\/seo\/ -->\n<title>Comment g\u00e9rer les d\u00e9chets de votre logement ? - Qualitel | Particuliers<\/title>\n<meta name=\"description\" content=\"La bonne gestion de vos d\u00e9chets m\u00e9nagers permet d\u2019am\u00e9liorer leur traitement et de r\u00e9duire leur impact environnemental. Comment faire ? Suivez nos conseils pratiques.\" \/>\n<meta name=\"robots\" content=\"index, follow, max-snippet:-1, max-image-preview:large, max-video-preview:-1\" \/>\n<link rel=\"canonical\" href=\"https:\/\/www.qualitel.org\/particuliers\/conseils\/comment-gerer-les-dechets-de-votre-logement\/\" \/>\n<meta property=\"og:locale\" content=\"fr_FR\" \/>\n<meta property=\"og:type\" content=\"article\" \/>\n<meta property=\"og:title\" content=\"Comment g\u00e9rer les d\u00e9chets de votre logement ? - Qualitel | Particuliers\" \/>\n<meta property=\"og:description\" content=\"Une bonne gestion des d\u00e9chets est essentielle pour pr\u00e9server notre plan\u00e8te. Trier vos d\u00e9chets m\u00e9nagers avant de les jeter permet en effet de les valoriser et de r\u00e9duire leur impact environnemental en favorisant le recyclage ou une \u00e9limination moins polluante.\" \/>\n<meta property=\"og:url\" content=\"https:\/\/www.qualitel.org\/particuliers\/conseils\/comment-gerer-les-dechets-de-votre-logement\/\" \/>\n<meta property=\"og:site_name\" content=\"Qualitel | Particuliers\" \/>\n<meta property=\"article:publisher\" content=\"https:\/\/www.facebook.com\/groupequalitel\/\" \/>\n<meta property=\"article:published_time\" content=\"2020-08-21T11:32:08+00:00\" \/>\n<meta property=\"article:modified_time\" content=\"2024-07-30T08:10:34+00:00\" \/>\n<meta property=\"og:image\" content=\"https:\/\/www.qualitel.org\/particuliers\/wp\/..\/uploads\/g\u00e9rer-les-d\u00e9chets.jpg\" \/>\n\t<meta property=\"og:image:width\" content=\"1000\" \/>\n\t<meta property=\"og:image:height\" content=\"667\" \/>\n\t<meta property=\"og:image:type\" content=\"image\/jpeg\" \/>\n<meta name=\"author\" content=\"Julie CARNEZ\" \/>\n<meta name=\"twitter:card\" content=\"summary_large_image\" \/>\n<meta name=\"twitter:description\" content=\"Une bonne gestion des d\u00e9chets est essentielle pour pr\u00e9server notre plan\u00e8te. Trier vos d\u00e9chets m\u00e9nagers avant de les jeter permet en effet de les valoriser et de r\u00e9duire leur impact environnemental en favorisant le recyclage ou une \u00e9limination moins polluante.\n\" \/>\n<meta name=\"twitter:creator\" content=\"@groupeQUALITEL\" \/>\n<meta name=\"twitter:site\" content=\"@groupeQUALITEL\" \/>\n<meta name=\"twitter:label1\" content=\"Written by\" \/>\n\t<meta name=\"twitter:data1\" content=\"Julie CARNEZ\" \/>\n\t<meta name=\"twitter:label2\" content=\"Est. reading time\" \/>\n\t<meta name=\"twitter:data2\" content=\"6 minutes\" \/>\n<script type=\"application\/ld+json\" class=\"yoast-schema-graph\">{\"@context\":\"https:\/\/schema.org\",\"@graph\":[{\"@type\":\"Article\",\"@id\":\"https:\/\/www.qualitel.org\/particuliers\/conseils\/comment-gerer-les-dechets-de-votre-logement\/#article\",\"isPartOf\":{\"@id\":\"https:\/\/www.qualitel.org\/particuliers\/conseils\/comment-gerer-les-dechets-de-votre-logement\/\"},\"author\":{\"name\":\"Julie CARNEZ\",\"@id\":\"https:\/\/www.qualitel.org\/particuliers\/#\/schema\/person\/8ecdccaad3bba102bae727749c8a10fa\"},\"headline\":\"Comment g\u00e9rer les d\u00e9chets de votre logement&nbsp;?\",\"datePublished\":\"2020-08-21T11:32:08+00:00\",\"dateModified\":\"2024-07-30T08:10:34+00:00\",\"mainEntityOfPage\":{\"@id\":\"https:\/\/www.qualitel.org\/particuliers\/conseils\/comment-gerer-les-dechets-de-votre-logement\/\"},\"wordCount\":1119,\"publisher\":{\"@id\":\"https:\/\/www.qualitel.org\/particuliers\/#organization\"},\"image\":{\"@id\":\"https:\/\/www.qualitel.org\/particuliers\/conseils\/comment-gerer-les-dechets-de-votre-logement\/#primaryimage\"},\"thumbnailUrl\":\"https:\/\/www.qualitel.org\/particuliers\/wp\/..\/uploads\/g\u00e9rer-les-d\u00e9chets.jpg\",\"articleSection\":[\"Sant\u00e9\"],\"inLanguage\":\"fr-FR\"},{\"@type\":\"WebPage\",\"@id\":\"https:\/\/www.qualitel.org\/particuliers\/conseils\/comment-gerer-les-dechets-de-votre-logement\/\",\"url\":\"https:\/\/www.qualitel.org\/particuliers\/conseils\/comment-gerer-les-dechets-de-votre-logement\/\",\"name\":\"Comment g\u00e9rer les d\u00e9chets de votre logement ? - Qualitel | Particuliers\",\"isPartOf\":{\"@id\":\"https:\/\/www.qualitel.org\/particuliers\/#website\"},\"primaryImageOfPage\":{\"@id\":\"https:\/\/www.qualitel.org\/particuliers\/conseils\/comment-gerer-les-dechets-de-votre-logement\/#primaryimage\"},\"image\":{\"@id\":\"https:\/\/www.qualitel.org\/particuliers\/conseils\/comment-gerer-les-dechets-de-votre-logement\/#primaryimage\"},\"thumbnailUrl\":\"https:\/\/www.qualitel.org\/particuliers\/wp\/..\/uploads\/g\u00e9rer-les-d\u00e9chets.jpg\",\"datePublished\":\"2020-08-21T11:32:08+00:00\",\"dateModified\":\"2024-07-30T08:10:34+00:00\",\"description\":\"La bonne gestion de vos d\u00e9chets m\u00e9nagers permet d\u2019am\u00e9liorer leur traitement et de r\u00e9duire leur impact environnemental. Comment faire ? Suivez nos conseils pratiques.\",\"breadcrumb\":{\"@id\":\"https:\/\/www.qualitel.org\/particuliers\/conseils\/comment-gerer-les-dechets-de-votre-logement\/#breadcrumb\"},\"inLanguage\":\"fr-FR\",\"potentialAction\":[{\"@type\":\"ReadAction\",\"target\":[\"https:\/\/www.qualitel.org\/particuliers\/conseils\/comment-gerer-les-dechets-de-votre-logement\/\"]}]},{\"@type\":\"ImageObject\",\"inLanguage\":\"fr-FR\",\"@id\":\"https:\/\/www.qualitel.org\/particuliers\/conseils\/comment-gerer-les-dechets-de-votre-logement\/#primaryimage\",\"url\":\"https:\/\/www.qualitel.org\/particuliers\/wp\/..\/uploads\/g\u00e9rer-les-d\u00e9chets.jpg\",\"contentUrl\":\"https:\/\/www.qualitel.org\/particuliers\/wp\/..\/uploads\/g\u00e9rer-les-d\u00e9chets.jpg\",\"width\":1000,\"height\":667},{\"@type\":\"BreadcrumbList\",\"@id\":\"https:\/\/www.qualitel.org\/particuliers\/conseils\/comment-gerer-les-dechets-de-votre-logement\/#breadcrumb\",\"itemListElement\":[{\"@type\":\"ListItem\",\"position\":1,\"name\":\"Accueil\",\"item\":\"https:\/\/www.qualitel.org\/particuliers\/\"},{\"@type\":\"ListItem\",\"position\":2,\"name\":\"Comment g\u00e9rer les d\u00e9chets de votre logement&nbsp;?\"}]},{\"@type\":\"WebSite\",\"@id\":\"https:\/\/www.qualitel.org\/particuliers\/#website\",\"url\":\"https:\/\/www.qualitel.org\/particuliers\/\",\"name\":\"Qualitel | Particuliers\",\"description\":\"\",\"publisher\":{\"@id\":\"https:\/\/www.qualitel.org\/particuliers\/#organization\"},\"potentialAction\":[{\"@type\":\"SearchAction\",\"target\":{\"@type\":\"EntryPoint\",\"urlTemplate\":\"https:\/\/www.qualitel.org\/particuliers\/?s={search_term_string}\"},\"query-input\":{\"@type\":\"PropertyValueSpecification\",\"valueRequired\":true,\"valueName\":\"search_term_string\"}}],\"inLanguage\":\"fr-FR\"},{\"@type\":\"Organization\",\"@id\":\"https:\/\/www.qualitel.org\/particuliers\/#organization\",\"name\":\"Qualitel | Particuliers\",\"url\":\"https:\/\/www.qualitel.org\/particuliers\/\",\"logo\":{\"@type\":\"ImageObject\",\"inLanguage\":\"fr-FR\",\"@id\":\"https:\/\/www.qualitel.org\/particuliers\/#\/schema\/logo\/image\/\",\"url\":\"https:\/\/www.qualitel.org\/particuliers\/wp\/..\/uploads\/qualitel-squarelogo-1456752654225.png\",\"contentUrl\":\"https:\/\/www.qualitel.org\/particuliers\/wp\/..\/uploads\/qualitel-squarelogo-1456752654225.png\",\"width\":180,\"height\":180,\"caption\":\"Qualitel | Particuliers\"},\"image\":{\"@id\":\"https:\/\/www.qualitel.org\/particuliers\/#\/schema\/logo\/image\/\"},\"sameAs\":[\"https:\/\/www.facebook.com\/groupequalitel\/\",\"https:\/\/x.com\/groupeQUALITEL\",\"https:\/\/www.instagram.com\/associationqualitel\/\",\"https:\/\/www.pinterest.fr\/associationqualitel\/\"]},{\"@type\":\"Person\",\"@id\":\"https:\/\/www.qualitel.org\/particuliers\/#\/schema\/person\/8ecdccaad3bba102bae727749c8a10fa\",\"name\":\"Julie CARNEZ\",\"image\":{\"@type\":\"ImageObject\",\"inLanguage\":\"fr-FR\",\"@id\":\"https:\/\/www.qualitel.org\/particuliers\/#\/schema\/person\/image\/\",\"url\":\"https:\/\/secure.gravatar.com\/avatar\/41fcfdc51e7305fd5b17ead841bd2e1f6a982b0f5ccaf899636b8ccab25ca5b1?s=96&d=mm&r=g\",\"contentUrl\":\"https:\/\/secure.gravatar.com\/avatar\/41fcfdc51e7305fd5b17ead841bd2e1f6a982b0f5ccaf899636b8ccab25ca5b1?s=96&d=mm&r=g\",\"caption\":\"Julie CARNEZ\"}}]}<\/script>\n<!-- \/ Yoast SEO plugin. -->","yoast_head_json":{"title":"Comment g\u00e9rer les d\u00e9chets de votre logement ? - Qualitel | Particuliers","description":"La bonne gestion de vos d\u00e9chets m\u00e9nagers permet d\u2019am\u00e9liorer leur traitement et de r\u00e9duire leur impact environnemental. Comment faire ? Suivez nos conseils pratiques.","robots":{"index":"index","follow":"follow","max-snippet":"max-snippet:-1","max-image-preview":"max-image-preview:large","max-video-preview":"max-video-preview:-1"},"canonical":"https:\/\/www.qualitel.org\/particuliers\/conseils\/comment-gerer-les-dechets-de-votre-logement\/","og_locale":"fr_FR","og_type":"article","og_title":"Comment g\u00e9rer les d\u00e9chets de votre logement ? - Qualitel | Particuliers","og_description":"Une bonne gestion des d\u00e9chets est essentielle pour pr\u00e9server notre plan\u00e8te. Trier vos d\u00e9chets m\u00e9nagers avant de les jeter permet en effet de les valoriser et de r\u00e9duire leur impact environnemental en favorisant le recyclage ou une \u00e9limination moins polluante.","og_url":"https:\/\/www.qualitel.org\/particuliers\/conseils\/comment-gerer-les-dechets-de-votre-logement\/","og_site_name":"Qualitel | Particuliers","article_publisher":"https:\/\/www.facebook.com\/groupequalitel\/","article_published_time":"2020-08-21T11:32:08+00:00","article_modified_time":"2024-07-30T08:10:34+00:00","og_image":[{"width":1000,"height":667,"url":"https:\/\/www.qualitel.org\/particuliers\/wp\/..\/uploads\/g\u00e9rer-les-d\u00e9chets.jpg","type":"image\/jpeg"}],"author":"Julie CARNEZ","twitter_card":"summary_large_image","twitter_description":"Une bonne gestion des d\u00e9chets est essentielle pour pr\u00e9server notre plan\u00e8te. Trier vos d\u00e9chets m\u00e9nagers avant de les jeter permet en effet de les valoriser et de r\u00e9duire leur impact environnemental en favorisant le recyclage ou une \u00e9limination moins polluante.\n","twitter_creator":"@groupeQUALITEL","twitter_site":"@groupeQUALITEL","twitter_misc":{"Written by":"Julie CARNEZ","Est. reading time":"6 minutes"},"schema":{"@context":"https:\/\/schema.org","@graph":[{"@type":"Article","@id":"https:\/\/www.qualitel.org\/particuliers\/conseils\/comment-gerer-les-dechets-de-votre-logement\/#article","isPartOf":{"@id":"https:\/\/www.qualitel.org\/particuliers\/conseils\/comment-gerer-les-dechets-de-votre-logement\/"},"author":{"name":"Julie CARNEZ","@id":"https:\/\/www.qualitel.org\/particuliers\/#\/schema\/person\/8ecdccaad3bba102bae727749c8a10fa"},"headline":"Comment g\u00e9rer les d\u00e9chets de votre logement&nbsp;?","datePublished":"2020-08-21T11:32:08+00:00","dateModified":"2024-07-30T08:10:34+00:00","mainEntityOfPage":{"@id":"https:\/\/www.qualitel.org\/particuliers\/conseils\/comment-gerer-les-dechets-de-votre-logement\/"},"wordCount":1119,"publisher":{"@id":"https:\/\/www.qualitel.org\/particuliers\/#organization"},"image":{"@id":"https:\/\/www.qualitel.org\/particuliers\/conseils\/comment-gerer-les-dechets-de-votre-logement\/#primaryimage"},"thumbnailUrl":"https:\/\/www.qualitel.org\/particuliers\/wp\/..\/uploads\/g\u00e9rer-les-d\u00e9chets.jpg","articleSection":["Sant\u00e9"],"inLanguage":"fr-FR"},{"@type":"WebPage","@id":"https:\/\/www.qualitel.org\/particuliers\/conseils\/comment-gerer-les-dechets-de-votre-logement\/","url":"https:\/\/www.qualitel.org\/particuliers\/conseils\/comment-gerer-les-dechets-de-votre-logement\/","name":"Comment g\u00e9rer les d\u00e9chets de votre logement ? - Qualitel | Particuliers","isPartOf":{"@id":"https:\/\/www.qualitel.org\/particuliers\/#website"},"primaryImageOfPage":{"@id":"https:\/\/www.qualitel.org\/particuliers\/conseils\/comment-gerer-les-dechets-de-votre-logement\/#primaryimage"},"image":{"@id":"https:\/\/www.qualitel.org\/particuliers\/conseils\/comment-gerer-les-dechets-de-votre-logement\/#primaryimage"},"thumbnailUrl":"https:\/\/www.qualitel.org\/particuliers\/wp\/..\/uploads\/g\u00e9rer-les-d\u00e9chets.jpg","datePublished":"2020-08-21T11:32:08+00:00","dateModified":"2024-07-30T08:10:34+00:00","description":"La bonne gestion de vos d\u00e9chets m\u00e9nagers permet d\u2019am\u00e9liorer leur traitement et de r\u00e9duire leur impact environnemental. Comment faire ? Suivez nos conseils pratiques.","breadcrumb":{"@id":"https:\/\/www.qualitel.org\/particuliers\/conseils\/comment-gerer-les-dechets-de-votre-logement\/#breadcrumb"},"inLanguage":"fr-FR","potentialAction":[{"@type":"ReadAction","target":["https:\/\/www.qualitel.org\/particuliers\/conseils\/comment-gerer-les-dechets-de-votre-logement\/"]}]},{"@type":"ImageObject","inLanguage":"fr-FR","@id":"https:\/\/www.qualitel.org\/particuliers\/conseils\/comment-gerer-les-dechets-de-votre-logement\/#primaryimage","url":"https:\/\/www.qualitel.org\/particuliers\/wp\/..\/uploads\/g\u00e9rer-les-d\u00e9chets.jpg","contentUrl":"https:\/\/www.qualitel.org\/particuliers\/wp\/..\/uploads\/g\u00e9rer-les-d\u00e9chets.jpg","width":1000,"height":667},{"@type":"BreadcrumbList","@id":"https:\/\/www.qualitel.org\/particuliers\/conseils\/comment-gerer-les-dechets-de-votre-logement\/#breadcrumb","itemListElement":[{"@type":"ListItem","position":1,"name":"Accueil","item":"https:\/\/www.qualitel.org\/particuliers\/"},{"@type":"ListItem","position":2,"name":"Comment g\u00e9rer les d\u00e9chets de votre logement&nbsp;?"}]},{"@type":"WebSite","@id":"https:\/\/www.qualitel.org\/particuliers\/#website","url":"https:\/\/www.qualitel.org\/particuliers\/","name":"Qualitel | Particuliers","description":"","publisher":{"@id":"https:\/\/www.qualitel.org\/particuliers\/#organization"},"potentialAction":[{"@type":"SearchAction","target":{"@type":"EntryPoint","urlTemplate":"https:\/\/www.qualitel.org\/particuliers\/?s={search_term_string}"},"query-input":{"@type":"PropertyValueSpecification","valueRequired":true,"valueName":"search_term_string"}}],"inLanguage":"fr-FR"},{"@type":"Organization","@id":"https:\/\/www.qualitel.org\/particuliers\/#organization","name":"Qualitel | Particuliers","url":"https:\/\/www.qualitel.org\/particuliers\/","logo":{"@type":"ImageObject","inLanguage":"fr-FR","@id":"https:\/\/www.qualitel.org\/particuliers\/#\/schema\/logo\/image\/","url":"https:\/\/www.qualitel.org\/particuliers\/wp\/..\/uploads\/qualitel-squarelogo-1456752654225.png","contentUrl":"https:\/\/www.qualitel.org\/particuliers\/wp\/..\/uploads\/qualitel-squarelogo-1456752654225.png","width":180,"height":180,"caption":"Qualitel | Particuliers"},"image":{"@id":"https:\/\/www.qualitel.org\/particuliers\/#\/schema\/logo\/image\/"},"sameAs":["https:\/\/www.facebook.com\/groupequalitel\/","https:\/\/x.com\/groupeQUALITEL","https:\/\/www.instagram.com\/associationqualitel\/","https:\/\/www.pinterest.fr\/associationqualitel\/"]},{"@type":"Person","@id":"https:\/\/www.qualitel.org\/particuliers\/#\/schema\/person\/8ecdccaad3bba102bae727749c8a10fa","name":"Julie CARNEZ","image":{"@type":"ImageObject","inLanguage":"fr-FR","@id":"https:\/\/www.qualitel.org\/particuliers\/#\/schema\/person\/image\/","url":"https:\/\/secure.gravatar.com\/avatar\/41fcfdc51e7305fd5b17ead841bd2e1f6a982b0f5ccaf899636b8ccab25ca5b1?s=96&d=mm&r=g","contentUrl":"https:\/\/secure.gravatar.com\/avatar\/41fcfdc51e7305fd5b17ead841bd2e1f6a982b0f5ccaf899636b8ccab25ca5b1?s=96&d=mm&r=g","caption":"Julie CARNEZ"}}]}},"_links":{"self":[{"href":"https:\/\/www.qualitel.org\/particuliers\/wp-json\/wp\/v2\/posts\/21327","targetHints":{"allow":["GET"]}}],"collection":[{"href":"https:\/\/www.qualitel.org\/particuliers\/wp-json\/wp\/v2\/posts"}],"about":[{"href":"https:\/\/www.qualitel.org\/particuliers\/wp-json\/wp\/v2\/types\/post"}],"author":[{"embeddable":true,"href":"https:\/\/www.qualitel.org\/particuliers\/wp-json\/wp\/v2\/users\/24"}],"replies":[{"embeddable":true,"href":"https:\/\/www.qualitel.org\/particuliers\/wp-json\/wp\/v2\/comments?post=21327"}],"version-history":[{"count":166,"href":"https:\/\/www.qualitel.org\/particuliers\/wp-json\/wp\/v2\/posts\/21327\/revisions"}],"predecessor-version":[{"id":46447,"href":"https:\/\/www.qualitel.org\/particuliers\/wp-json\/wp\/v2\/posts\/21327\/revisions\/46447"}],"wp:featuredmedia":[{"embeddable":true,"href":"https:\/\/www.qualitel.org\/particuliers\/wp-json\/wp\/v2\/media\/21352"}],"wp:attachment":[{"href":"https:\/\/www.qualitel.org\/particuliers\/wp-json\/wp\/v2\/media?parent=21327"}],"wp:term":[{"taxonomy":"category","embeddable":true,"href":"https:\/\/www.qualitel.org\/particuliers\/wp-json\/wp\/v2\/categories?post=21327"},{"taxonomy":"tags","embeddable":true,"href":"https:\/\/www.qualitel.org\/particuliers\/wp-json\/wp\/v2\/tags?post=21327"},{"taxonomy":"article_type","embeddable":true,"href":"https:\/\/www.qualitel.org\/particuliers\/wp-json\/wp\/v2\/article_type?post=21327"},{"taxonomy":"benefice","embeddable":true,"href":"https:\/\/www.qualitel.org\/particuliers\/wp-json\/wp\/v2\/benefice?post=21327"}],"curies":[{"name":"wp","href":"https:\/\/api.w.org\/{rel}","templated":true}]}}