{"id":21821,"date":"2022-03-31T10:15:46","date_gmt":"2022-03-31T08:15:46","guid":{"rendered":"https:\/\/www.qualitel.org\/particuliers\/?p=21821"},"modified":"2025-11-04T16:35:04","modified_gmt":"2025-11-04T15:35:04","slug":"chauffage-quelle-est-la-bonne-temperature-pour-votre-logement","status":"publish","type":"post","link":"https:\/\/www.qualitel.org\/particuliers\/conseils\/chauffage-quelle-est-la-bonne-temperature-pour-votre-logement\/","title":{"rendered":"Chauffage&nbsp;: quelle est la temp\u00e9rature id\u00e9ale dans une maison ou un appartement&nbsp;?"},"content":{"rendered":"<p><strong>19\u00b0C<\/strong>, c\u2019est la <strong>temp\u00e9rature de consigne recommand\u00e9e par l\u2019Ademe<\/strong>. La temp\u00e9rature de la pi\u00e8ce d\u00e9pend cependant de son usage&nbsp;: \u00e0 chaque espace de votre logement correspond une temp\u00e9rature ambiante consid\u00e9r\u00e9e comme id\u00e9ale.<\/p>\n<p>Si vous poss\u00e9dez un chauffage individuel, l\u2019id\u00e9e est de ne pas d\u00e9finir une temp\u00e9rature de consigne trop \u00e9lev\u00e9e car cela engendre une consommation d\u2019\u00e9nergie importante, impactant votre facture de chauffage.<\/p>\n<p>Nous vous conseillons de respecter les fourchettes suivantes pour r\u00e9gler votre temp\u00e9rature int\u00e9rieure et <a href=\"https:\/\/www.qualitel.org\/particuliers\/conseils\/comment-faire-economies-energie\/\">faire des \u00e9conomies d\u2019\u00e9nergie<\/a>&nbsp;:<\/p>\n<ul>\n<li><strong>Entre 19 et 21\u00b0C<\/strong> dans la <strong>cuisine<\/strong>, le <strong>salon<\/strong>, la <strong>salle \u00e0 manger<\/strong>, le <strong>bureau<\/strong>.<\/li>\n<li><strong>Entre 16 et 17\u00b0C<\/strong> dans les <strong>chambres<\/strong>. Une temp\u00e9rature de logement excessive est susceptible de d\u00e9grader la qualit\u00e9 de votre sommeil.<\/li>\n<li><strong>22\u00b0C<\/strong> dans la <strong>salle de bain<\/strong> et la <strong>salle de douche<\/strong>. Cette valeur indicative ne doit \u00eatre respect\u00e9e que durant la p\u00e9riode d\u2019utilisation des pi\u00e8ces d\u2019eau.<\/li>\n<\/ul>\n<p>Dans les logements individuels, <strong>jongler avec le thermostat d\u2019ambiance<\/strong> peut parfois s\u2019av\u00e9rer difficile, chaque pi\u00e8ce ayant ses propres temp\u00e9ratures de confort \u00e0 r\u00e9guler. Il faut \u00e9galement \u00eatre en mesure d\u2019anticiper les absences et la temp\u00e9rature ext\u00e9rieure. Nous vous conseillons donc de vous \u00e9quiper d\u2019un <a href=\"https:\/\/www.qualitel.org\/particuliers\/equipements-et-materiaux-maison\/chauffage\/systemes-de-regulation-et-de-programmation-du-chauffage\/\">syst\u00e8me de programmation et de r\u00e9gulation<\/a> ou d\u2019un <a href=\"https:\/\/www.qualitel.org\/particuliers\/equipements-et-materiaux-maison\/chauffage\/thermostat-connecte\/\">thermostat connect\u00e9<\/a>, ainsi que d\u2019une sonde ext\u00e9rieure.<\/p>\n<p>Contrairement aux id\u00e9es re\u00e7ues, pour chauffer efficacement votre logement, <strong>vous ne devez surtout pas calfeutrer vos bouches d\u2019a\u00e9ration<\/strong>. Vouloir \u00e0 tout prix conserver la chaleur en n\u2019a\u00e9rant pas est un mauvais r\u00e9flexe. Pour limiter <a href=\"https:\/\/www.qualitel.org\/particuliers\/conseils\/humidite-quels-sont-les-risques-pour-votre-logement\/\" rel=\"noopener\">l\u2019humidit\u00e9<\/a> et la <a href=\"https:\/\/www.qualitel.org\/particuliers\/conseils\/comment-lutter-contre-les-composes-organiques-volatils-polluant-lair-de-votre-logement\/\" rel=\"noopener\">pr\u00e9sence de polluants<\/a>,<strong> l\u2019air int\u00e9rieur doit \u00eatre renouvel\u00e9 r\u00e9guli\u00e8rement<\/strong>. Pensez \u00e0 <strong>ouvrir vos fen\u00eatres 10 minutes le matin et le soir, m\u00eame en hiver<\/strong>. Un air sain est plus facile \u00e0 chauffer qu\u2019un air charg\u00e9 d\u2019humidit\u00e9 qui provoque \u00e9galement de la condensation.<\/p>\n<p>Bien g\u00e9rer le r\u00e9glage de la temp\u00e9rature int\u00e9rieure, c\u2019est mieux g\u00e9rer votre porte-monnaie. Et pour cause&nbsp;: votre<strong> chauffag<\/strong>e est le <strong>premier poste de d\u00e9pense de votre consommation d\u2019\u00e9nergie<\/strong>. Il peut repr\u00e9senter<strong> jusqu\u2019\u00e0 60 % de votre facture \u00e9nerg\u00e9tique<\/strong> selon l\u2019Ademe.<\/p>\n<p>De petits efforts pour r\u00e9guler la temp\u00e9rature peuvent all\u00e9ger consid\u00e9rablement votre budget&nbsp;:<\/p>\n<ul>\n<li><strong>Baisser le chauffage<\/strong>, m\u00eame d\u2019un seul degr\u00e9, permet de r\u00e9aliser des<strong> \u00e9conomies d\u2019\u00e9nergie de 7 % \u00e0 8 %<\/strong>, pour des logements standards.<\/li>\n<li>L\u2019effort est davantage r\u00e9compens\u00e9 <strong>dans un <a href=\"https:\/\/www.qualitel.org\/particuliers\/isolation\/\">logement bien isol\u00e9<\/a><\/strong>&nbsp;: baisser la temp\u00e9rature de chauffage peut permettre d\u2019atteindre <strong>10 % \u00e0 15 % d\u2019\u00e9conomie d\u2019\u00e9nergie<\/strong>.<\/li>\n<\/ul>\n<p>Mais ce n\u2019est pas tout. D\u2019apr\u00e8s l\u2019INSV (Institut National du Sommeil et de la Vigilance), une temp\u00e9rature trop \u00e9lev\u00e9e dans le logement peut aussi avoir <strong>un impact sur votre sant\u00e9<\/strong>, et notamment sur votre sommeil.<\/p>\n<p>Dormir dans une chambre \u00e0 la temp\u00e9rature ambiante trop chaude ne facilite ni l\u2019endormissement, ni le sommeil r\u00e9parateur. Au contraire, cela perturbe le syst\u00e8me de r\u00e9gulation thermique de votre corps et peut m\u00eame vous r\u00e9veiller en pleine nuit.<\/p>\n<p>L\u2019utilisation d\u2019un syst\u00e8me de programmation et de r\u00e9gulation est une source de confort et d\u2019\u00e9conomies. Le thermostat commande ces deux syst\u00e8mes. Il facilite la gestion de la temp\u00e9rature dans votre logement, ainsi que celle de votre consommation \u00e9nerg\u00e9tique.<\/p>\n<ul>\n<li><strong>Vous partez pour le week-end&nbsp;? Pour les vacances&nbsp;?<\/strong> La pr\u00e9sence du thermostat programmable simplifie la gestion du chauffage dans votre logement en r\u00e9glant la temp\u00e9rature en fonction de vos besoins. <strong>Le programmateur anticipe vos d\u00e9parts et arriv\u00e9es<\/strong> <strong>dans le logement<\/strong>. Il peut aussi chauffer votre habitation diff\u00e9remment le jour et la nuit. En outre, avant un d\u00e9part prolong\u00e9, pensez \u00e0 utiliser notre <a href=\"https:\/\/www.qualitel.org\/particuliers\/conseils\/choses-a-verifier-chez-soi-avant-de-partir-en-vacances\/\">check-list pr\u00e9vention vacances<\/a>&nbsp;pour ne rien oublier&nbsp;!<\/li>\n<li><strong>Le thermostat<\/strong> <strong>adapte la temp\u00e9rature de chaque radiateur en fonction des pi\u00e8ces<\/strong> <strong>de votre logement.<\/strong> Le chauffage peut ne pas \u00eatre uniforme dans toute la maison ou l\u2019appartement. Les chambres n\u2019ayant pas besoin d\u2019\u00eatre chauff\u00e9es aussi intens\u00e9ment que les pi\u00e8ces de vie, le thermostat permet de diff\u00e9rencier la mise en route et l\u2019extinction des \u00e9quipements.<\/li>\n<\/ul>\n<p>Pour les <strong>immeubles dot\u00e9s de <a href=\"https:\/\/www.qualitel.org\/particuliers\/travaux-renovation\/copropriete-renovation-energetique\/chauffage-collectif\/\">chauffage collectif<\/a><\/strong>, le code de la construction<strong> impose de programmer la temp\u00e9rature<\/strong> de chauffe du logement <strong>\u00e0 19\u00b0C maximum<\/strong>. Il s\u2019agit d\u2019une moyenne au sein du logement, et surtout d\u2019une temp\u00e9rature \u00ab&nbsp;th\u00e9orique&nbsp;\u00bb qui correspond au r\u00e9glage du syst\u00e8me de chauffage. La temp\u00e9rature \u00ab&nbsp;ressentie&nbsp;\u00bb diff\u00e9rera d\u2019un logement \u00e0 l\u2019autre car elle d\u00e9pend de nombreux facteurs&nbsp;: orientation et apports solaires, conditions ext\u00e9rieures, nombre d\u2019occupants, usages\u2026<\/p>\n<p>Pour les <strong>logements \u00e9quip\u00e9s d\u2019un chauffage individuel<\/strong> (<a href=\"https:\/\/www.qualitel.org\/particuliers\/equipements-et-materiaux-maison\/chauffage\/chaudieres\/\">chaudi\u00e8re<\/a>, <a href=\"https:\/\/www.qualitel.org\/particuliers\/equipements-et-materiaux-maison\/chauffage\/pompes-a-chaleur\/\">pompe \u00e0 chaleur<\/a>, <a href=\"https:\/\/www.qualitel.org\/particuliers\/equipements-et-materiaux-maison\/chauffage\/poeles\/\">po\u00eale<\/a>, <a href=\"https:\/\/www.qualitel.org\/particuliers\/equipements-et-materiaux-maison\/chauffage\/chauffages-electriques\/\">chauffage \u00e9lectrique<\/a>\u2026), la temp\u00e9rature de consigne est, quant \u00e0 elle, la <strong>temp\u00e9rature choisie par l\u2019occupant<\/strong> gr\u00e2ce au syst\u00e8me de r\u00e9gulation int\u00e9gr\u00e9 \u00e0 l\u2019\u00e9quipement de chauffage ou aux robinets thermostatiques pr\u00e9sents sur les radiateurs. Elle correspond \u00e0 la temp\u00e9rature \u00ab&nbsp;id\u00e9ale&nbsp;\u00bb, selon ses usages et ses besoins, \u00e0 atteindre dans le logement gr\u00e2ce au chauffage.<\/p>\n<p><strong>L\u2019installation d\u2019un syst\u00e8me de r\u00e9gulation et de programmation<\/strong> est l\u2019une des seules mani\u00e8res d\u2019imposer une <strong>temp\u00e9rature de consigne<\/strong> dans votre logement, c\u2019est-\u00e0-dire la temp\u00e9rature que vous souhaitez obtenir chez vous.<\/p>\n","protected":false},"excerpt":{"rendered":"<p>19\u00b0C, c\u2019est la temp\u00e9rature de consigne recommand\u00e9e par l\u2019Ademe. La temp\u00e9rature de la pi\u00e8ce d\u00e9pend cependant de son usage&nbsp;: \u00e0 chaque espace de votre logement correspond une temp\u00e9rature ambiante consid\u00e9r\u00e9e comme id\u00e9ale. Si vous poss\u00e9dez un chauffage individuel, l\u2019id\u00e9e est de ne pas d\u00e9finir une temp\u00e9rature de consigne trop \u00e9lev\u00e9e car cela engendre une consommation \u2026 <\/p>\n","protected":false},"author":24,"featured_media":23965,"comment_status":"closed","ping_status":"closed","sticky":false,"template":"","format":"standard","meta":{"_acf_changed":false,"wp_typography_post_enhancements_disabled":false,"footnotes":""},"categories":[203,208,213],"tags":[468,436,443,424],"article_type":[298],"benefice":[348],"class_list":["post-21821","post","type-post","status-publish","format-standard","has-post-thumbnail","hentry","category-confort","category-eco-responsabilite","category-sante","tags-chauffage","tags-choix-equipement","tags-energie","tags-isolation","article_type-les-bons-choix","benefice-confort"],"acf":[],"yoast_head":"<!-- This site is optimized with the Yoast SEO plugin v26.2 - https:\/\/yoast.com\/wordpress\/plugins\/seo\/ -->\n<title>Chauffage : la temp\u00e9rature id\u00e9ale dans votre maison ou appartement - Qualitel | Particuliers<\/title>\n<meta name=\"description\" content=\"Obtenir la temp\u00e9rature id\u00e9ale dans un logement n&#039;est pas \u00e9vident. Comment r\u00e9guler la temp\u00e9rature pour allier confort et \u00e9conomie d&#039;\u00e9nergie ? Suivez nos conseils pratiques.\" \/>\n<meta name=\"robots\" content=\"index, follow, max-snippet:-1, max-image-preview:large, max-video-preview:-1\" \/>\n<link rel=\"canonical\" href=\"https:\/\/www.qualitel.org\/particuliers\/conseils\/chauffage-quelle-est-la-bonne-temperature-pour-votre-logement\/\" \/>\n<meta property=\"og:locale\" content=\"fr_FR\" \/>\n<meta property=\"og:type\" content=\"article\" \/>\n<meta property=\"og:title\" content=\"Chauffage : la temp\u00e9rature id\u00e9ale dans votre maison ou appartement - Qualitel | Particuliers\" \/>\n<meta property=\"og:description\" content=\"Trouver la temp\u00e9rature id\u00e9ale chez soi n\u2019est pas toujours facile. Comment allier confort et \u00e9conomie d\u2019\u00e9nergie&nbsp;? D\u00e9couvrez nos astuces pour maintenir une temp\u00e9rature constante et agr\u00e9able dans votre logement.\" \/>\n<meta property=\"og:url\" content=\"https:\/\/www.qualitel.org\/particuliers\/conseils\/chauffage-quelle-est-la-bonne-temperature-pour-votre-logement\/\" \/>\n<meta property=\"og:site_name\" content=\"Qualitel | Particuliers\" \/>\n<meta property=\"article:publisher\" content=\"https:\/\/www.facebook.com\/groupequalitel\/\" \/>\n<meta property=\"article:published_time\" content=\"2022-03-31T08:15:46+00:00\" \/>\n<meta property=\"article:modified_time\" content=\"2025-11-04T15:35:04+00:00\" \/>\n<meta property=\"og:image\" content=\"https:\/\/www.qualitel.org\/particuliers\/wp\/..\/uploads\/shutterstock_1243460950-1.jpg\" \/>\n\t<meta property=\"og:image:width\" content=\"1000\" \/>\n\t<meta property=\"og:image:height\" content=\"532\" \/>\n\t<meta property=\"og:image:type\" content=\"image\/jpeg\" \/>\n<meta name=\"author\" content=\"Julie CARNEZ\" \/>\n<meta name=\"twitter:card\" content=\"summary_large_image\" \/>\n<meta name=\"twitter:description\" content=\"Trouver la temp\u00e9rature id\u00e9ale chez soi n\u2019est pas toujours facile. Comment allier confort et \u00e9conomie d\u2019\u00e9nergie&nbsp;? D\u00e9couvrez nos astuces pour maintenir une temp\u00e9rature constante et agr\u00e9able dans votre logement.\n\" \/>\n<meta name=\"twitter:creator\" content=\"@groupeQUALITEL\" \/>\n<meta name=\"twitter:site\" content=\"@groupeQUALITEL\" \/>\n<meta name=\"twitter:label1\" content=\"Written by\" \/>\n\t<meta name=\"twitter:data1\" content=\"Julie CARNEZ\" \/>\n\t<meta name=\"twitter:label2\" content=\"Est. reading time\" \/>\n\t<meta name=\"twitter:data2\" content=\"10 minutes\" \/>\n<script type=\"application\/ld+json\" class=\"yoast-schema-graph\">{\"@context\":\"https:\/\/schema.org\",\"@graph\":[{\"@type\":\"Article\",\"@id\":\"https:\/\/www.qualitel.org\/particuliers\/conseils\/chauffage-quelle-est-la-bonne-temperature-pour-votre-logement\/#article\",\"isPartOf\":{\"@id\":\"https:\/\/www.qualitel.org\/particuliers\/conseils\/chauffage-quelle-est-la-bonne-temperature-pour-votre-logement\/\"},\"author\":{\"name\":\"Julie CARNEZ\",\"@id\":\"https:\/\/www.qualitel.org\/particuliers\/#\/schema\/person\/8ecdccaad3bba102bae727749c8a10fa\"},\"headline\":\"Chauffage&nbsp;: quelle est la temp\u00e9rature id\u00e9ale dans une maison ou un appartement&nbsp;?\",\"datePublished\":\"2022-03-31T08:15:46+00:00\",\"dateModified\":\"2025-11-04T15:35:04+00:00\",\"mainEntityOfPage\":{\"@id\":\"https:\/\/www.qualitel.org\/particuliers\/conseils\/chauffage-quelle-est-la-bonne-temperature-pour-votre-logement\/\"},\"wordCount\":952,\"publisher\":{\"@id\":\"https:\/\/www.qualitel.org\/particuliers\/#organization\"},\"image\":{\"@id\":\"https:\/\/www.qualitel.org\/particuliers\/conseils\/chauffage-quelle-est-la-bonne-temperature-pour-votre-logement\/#primaryimage\"},\"thumbnailUrl\":\"https:\/\/www.qualitel.org\/particuliers\/wp\/..\/uploads\/shutterstock_1243460950-1.jpg\",\"articleSection\":[\"Confort\",\"\u00c9co-responsabilit\u00e9\",\"Sant\u00e9\"],\"inLanguage\":\"fr-FR\"},{\"@type\":\"WebPage\",\"@id\":\"https:\/\/www.qualitel.org\/particuliers\/conseils\/chauffage-quelle-est-la-bonne-temperature-pour-votre-logement\/\",\"url\":\"https:\/\/www.qualitel.org\/particuliers\/conseils\/chauffage-quelle-est-la-bonne-temperature-pour-votre-logement\/\",\"name\":\"Chauffage : la temp\u00e9rature id\u00e9ale dans votre maison ou appartement - Qualitel | Particuliers\",\"isPartOf\":{\"@id\":\"https:\/\/www.qualitel.org\/particuliers\/#website\"},\"primaryImageOfPage\":{\"@id\":\"https:\/\/www.qualitel.org\/particuliers\/conseils\/chauffage-quelle-est-la-bonne-temperature-pour-votre-logement\/#primaryimage\"},\"image\":{\"@id\":\"https:\/\/www.qualitel.org\/particuliers\/conseils\/chauffage-quelle-est-la-bonne-temperature-pour-votre-logement\/#primaryimage\"},\"thumbnailUrl\":\"https:\/\/www.qualitel.org\/particuliers\/wp\/..\/uploads\/shutterstock_1243460950-1.jpg\",\"datePublished\":\"2022-03-31T08:15:46+00:00\",\"dateModified\":\"2025-11-04T15:35:04+00:00\",\"description\":\"Obtenir la temp\u00e9rature id\u00e9ale dans un logement n'est pas \u00e9vident. Comment r\u00e9guler la temp\u00e9rature pour allier confort et \u00e9conomie d'\u00e9nergie ? Suivez nos conseils pratiques.\",\"breadcrumb\":{\"@id\":\"https:\/\/www.qualitel.org\/particuliers\/conseils\/chauffage-quelle-est-la-bonne-temperature-pour-votre-logement\/#breadcrumb\"},\"inLanguage\":\"fr-FR\",\"potentialAction\":[{\"@type\":\"ReadAction\",\"target\":[\"https:\/\/www.qualitel.org\/particuliers\/conseils\/chauffage-quelle-est-la-bonne-temperature-pour-votre-logement\/\"]}]},{\"@type\":\"ImageObject\",\"inLanguage\":\"fr-FR\",\"@id\":\"https:\/\/www.qualitel.org\/particuliers\/conseils\/chauffage-quelle-est-la-bonne-temperature-pour-votre-logement\/#primaryimage\",\"url\":\"https:\/\/www.qualitel.org\/particuliers\/wp\/..\/uploads\/shutterstock_1243460950-1.jpg\",\"contentUrl\":\"https:\/\/www.qualitel.org\/particuliers\/wp\/..\/uploads\/shutterstock_1243460950-1.jpg\",\"width\":1000,\"height\":532},{\"@type\":\"BreadcrumbList\",\"@id\":\"https:\/\/www.qualitel.org\/particuliers\/conseils\/chauffage-quelle-est-la-bonne-temperature-pour-votre-logement\/#breadcrumb\",\"itemListElement\":[{\"@type\":\"ListItem\",\"position\":1,\"name\":\"Accueil\",\"item\":\"https:\/\/www.qualitel.org\/particuliers\/\"},{\"@type\":\"ListItem\",\"position\":2,\"name\":\"Chauffage : quelle est la temp\u00e9rature id\u00e9ale dans une maison ou un appartement ?\"}]},{\"@type\":\"WebSite\",\"@id\":\"https:\/\/www.qualitel.org\/particuliers\/#website\",\"url\":\"https:\/\/www.qualitel.org\/particuliers\/\",\"name\":\"Qualitel | Particuliers\",\"description\":\"\",\"publisher\":{\"@id\":\"https:\/\/www.qualitel.org\/particuliers\/#organization\"},\"potentialAction\":[{\"@type\":\"SearchAction\",\"target\":{\"@type\":\"EntryPoint\",\"urlTemplate\":\"https:\/\/www.qualitel.org\/particuliers\/?s={search_term_string}\"},\"query-input\":{\"@type\":\"PropertyValueSpecification\",\"valueRequired\":true,\"valueName\":\"search_term_string\"}}],\"inLanguage\":\"fr-FR\"},{\"@type\":\"Organization\",\"@id\":\"https:\/\/www.qualitel.org\/particuliers\/#organization\",\"name\":\"Qualitel | Particuliers\",\"url\":\"https:\/\/www.qualitel.org\/particuliers\/\",\"logo\":{\"@type\":\"ImageObject\",\"inLanguage\":\"fr-FR\",\"@id\":\"https:\/\/www.qualitel.org\/particuliers\/#\/schema\/logo\/image\/\",\"url\":\"https:\/\/www.qualitel.org\/particuliers\/wp\/..\/uploads\/qualitel-squarelogo-1456752654225.png\",\"contentUrl\":\"https:\/\/www.qualitel.org\/particuliers\/wp\/..\/uploads\/qualitel-squarelogo-1456752654225.png\",\"width\":180,\"height\":180,\"caption\":\"Qualitel | Particuliers\"},\"image\":{\"@id\":\"https:\/\/www.qualitel.org\/particuliers\/#\/schema\/logo\/image\/\"},\"sameAs\":[\"https:\/\/www.facebook.com\/groupequalitel\/\",\"https:\/\/x.com\/groupeQUALITEL\",\"https:\/\/www.instagram.com\/associationqualitel\/\",\"https:\/\/www.pinterest.fr\/associationqualitel\/\"]},{\"@type\":\"Person\",\"@id\":\"https:\/\/www.qualitel.org\/particuliers\/#\/schema\/person\/8ecdccaad3bba102bae727749c8a10fa\",\"name\":\"Julie CARNEZ\",\"image\":{\"@type\":\"ImageObject\",\"inLanguage\":\"fr-FR\",\"@id\":\"https:\/\/www.qualitel.org\/particuliers\/#\/schema\/person\/image\/\",\"url\":\"https:\/\/secure.gravatar.com\/avatar\/41fcfdc51e7305fd5b17ead841bd2e1f6a982b0f5ccaf899636b8ccab25ca5b1?s=96&d=mm&r=g\",\"contentUrl\":\"https:\/\/secure.gravatar.com\/avatar\/41fcfdc51e7305fd5b17ead841bd2e1f6a982b0f5ccaf899636b8ccab25ca5b1?s=96&d=mm&r=g\",\"caption\":\"Julie CARNEZ\"}}]}<\/script>\n<!-- \/ Yoast SEO plugin. -->","yoast_head_json":{"title":"Chauffage : la temp\u00e9rature id\u00e9ale dans votre maison ou appartement - Qualitel | Particuliers","description":"Obtenir la temp\u00e9rature id\u00e9ale dans un logement n'est pas \u00e9vident. Comment r\u00e9guler la temp\u00e9rature pour allier confort et \u00e9conomie d'\u00e9nergie ? Suivez nos conseils pratiques.","robots":{"index":"index","follow":"follow","max-snippet":"max-snippet:-1","max-image-preview":"max-image-preview:large","max-video-preview":"max-video-preview:-1"},"canonical":"https:\/\/www.qualitel.org\/particuliers\/conseils\/chauffage-quelle-est-la-bonne-temperature-pour-votre-logement\/","og_locale":"fr_FR","og_type":"article","og_title":"Chauffage : la temp\u00e9rature id\u00e9ale dans votre maison ou appartement - Qualitel | Particuliers","og_description":"Trouver la temp\u00e9rature id\u00e9ale chez soi n\u2019est pas toujours facile. Comment allier confort et \u00e9conomie d\u2019\u00e9nergie&nbsp;? D\u00e9couvrez nos astuces pour maintenir une temp\u00e9rature constante et agr\u00e9able dans votre logement.","og_url":"https:\/\/www.qualitel.org\/particuliers\/conseils\/chauffage-quelle-est-la-bonne-temperature-pour-votre-logement\/","og_site_name":"Qualitel | Particuliers","article_publisher":"https:\/\/www.facebook.com\/groupequalitel\/","article_published_time":"2022-03-31T08:15:46+00:00","article_modified_time":"2025-11-04T15:35:04+00:00","og_image":[{"width":1000,"height":532,"url":"https:\/\/www.qualitel.org\/particuliers\/wp\/..\/uploads\/shutterstock_1243460950-1.jpg","type":"image\/jpeg"}],"author":"Julie CARNEZ","twitter_card":"summary_large_image","twitter_description":"Trouver la temp\u00e9rature id\u00e9ale chez soi n\u2019est pas toujours facile. Comment allier confort et \u00e9conomie d\u2019\u00e9nergie&nbsp;? D\u00e9couvrez nos astuces pour maintenir une temp\u00e9rature constante et agr\u00e9able dans votre logement.\n","twitter_creator":"@groupeQUALITEL","twitter_site":"@groupeQUALITEL","twitter_misc":{"Written by":"Julie CARNEZ","Est. reading time":"10 minutes"},"schema":{"@context":"https:\/\/schema.org","@graph":[{"@type":"Article","@id":"https:\/\/www.qualitel.org\/particuliers\/conseils\/chauffage-quelle-est-la-bonne-temperature-pour-votre-logement\/#article","isPartOf":{"@id":"https:\/\/www.qualitel.org\/particuliers\/conseils\/chauffage-quelle-est-la-bonne-temperature-pour-votre-logement\/"},"author":{"name":"Julie CARNEZ","@id":"https:\/\/www.qualitel.org\/particuliers\/#\/schema\/person\/8ecdccaad3bba102bae727749c8a10fa"},"headline":"Chauffage&nbsp;: quelle est la temp\u00e9rature id\u00e9ale dans une maison ou un appartement&nbsp;?","datePublished":"2022-03-31T08:15:46+00:00","dateModified":"2025-11-04T15:35:04+00:00","mainEntityOfPage":{"@id":"https:\/\/www.qualitel.org\/particuliers\/conseils\/chauffage-quelle-est-la-bonne-temperature-pour-votre-logement\/"},"wordCount":952,"publisher":{"@id":"https:\/\/www.qualitel.org\/particuliers\/#organization"},"image":{"@id":"https:\/\/www.qualitel.org\/particuliers\/conseils\/chauffage-quelle-est-la-bonne-temperature-pour-votre-logement\/#primaryimage"},"thumbnailUrl":"https:\/\/www.qualitel.org\/particuliers\/wp\/..\/uploads\/shutterstock_1243460950-1.jpg","articleSection":["Confort","\u00c9co-responsabilit\u00e9","Sant\u00e9"],"inLanguage":"fr-FR"},{"@type":"WebPage","@id":"https:\/\/www.qualitel.org\/particuliers\/conseils\/chauffage-quelle-est-la-bonne-temperature-pour-votre-logement\/","url":"https:\/\/www.qualitel.org\/particuliers\/conseils\/chauffage-quelle-est-la-bonne-temperature-pour-votre-logement\/","name":"Chauffage : la temp\u00e9rature id\u00e9ale dans votre maison ou appartement - Qualitel | Particuliers","isPartOf":{"@id":"https:\/\/www.qualitel.org\/particuliers\/#website"},"primaryImageOfPage":{"@id":"https:\/\/www.qualitel.org\/particuliers\/conseils\/chauffage-quelle-est-la-bonne-temperature-pour-votre-logement\/#primaryimage"},"image":{"@id":"https:\/\/www.qualitel.org\/particuliers\/conseils\/chauffage-quelle-est-la-bonne-temperature-pour-votre-logement\/#primaryimage"},"thumbnailUrl":"https:\/\/www.qualitel.org\/particuliers\/wp\/..\/uploads\/shutterstock_1243460950-1.jpg","datePublished":"2022-03-31T08:15:46+00:00","dateModified":"2025-11-04T15:35:04+00:00","description":"Obtenir la temp\u00e9rature id\u00e9ale dans un logement n'est pas \u00e9vident. Comment r\u00e9guler la temp\u00e9rature pour allier confort et \u00e9conomie d'\u00e9nergie ? Suivez nos conseils pratiques.","breadcrumb":{"@id":"https:\/\/www.qualitel.org\/particuliers\/conseils\/chauffage-quelle-est-la-bonne-temperature-pour-votre-logement\/#breadcrumb"},"inLanguage":"fr-FR","potentialAction":[{"@type":"ReadAction","target":["https:\/\/www.qualitel.org\/particuliers\/conseils\/chauffage-quelle-est-la-bonne-temperature-pour-votre-logement\/"]}]},{"@type":"ImageObject","inLanguage":"fr-FR","@id":"https:\/\/www.qualitel.org\/particuliers\/conseils\/chauffage-quelle-est-la-bonne-temperature-pour-votre-logement\/#primaryimage","url":"https:\/\/www.qualitel.org\/particuliers\/wp\/..\/uploads\/shutterstock_1243460950-1.jpg","contentUrl":"https:\/\/www.qualitel.org\/particuliers\/wp\/..\/uploads\/shutterstock_1243460950-1.jpg","width":1000,"height":532},{"@type":"BreadcrumbList","@id":"https:\/\/www.qualitel.org\/particuliers\/conseils\/chauffage-quelle-est-la-bonne-temperature-pour-votre-logement\/#breadcrumb","itemListElement":[{"@type":"ListItem","position":1,"name":"Accueil","item":"https:\/\/www.qualitel.org\/particuliers\/"},{"@type":"ListItem","position":2,"name":"Chauffage : quelle est la temp\u00e9rature id\u00e9ale dans une maison ou un appartement ?"}]},{"@type":"WebSite","@id":"https:\/\/www.qualitel.org\/particuliers\/#website","url":"https:\/\/www.qualitel.org\/particuliers\/","name":"Qualitel | Particuliers","description":"","publisher":{"@id":"https:\/\/www.qualitel.org\/particuliers\/#organization"},"potentialAction":[{"@type":"SearchAction","target":{"@type":"EntryPoint","urlTemplate":"https:\/\/www.qualitel.org\/particuliers\/?s={search_term_string}"},"query-input":{"@type":"PropertyValueSpecification","valueRequired":true,"valueName":"search_term_string"}}],"inLanguage":"fr-FR"},{"@type":"Organization","@id":"https:\/\/www.qualitel.org\/particuliers\/#organization","name":"Qualitel | Particuliers","url":"https:\/\/www.qualitel.org\/particuliers\/","logo":{"@type":"ImageObject","inLanguage":"fr-FR","@id":"https:\/\/www.qualitel.org\/particuliers\/#\/schema\/logo\/image\/","url":"https:\/\/www.qualitel.org\/particuliers\/wp\/..\/uploads\/qualitel-squarelogo-1456752654225.png","contentUrl":"https:\/\/www.qualitel.org\/particuliers\/wp\/..\/uploads\/qualitel-squarelogo-1456752654225.png","width":180,"height":180,"caption":"Qualitel | Particuliers"},"image":{"@id":"https:\/\/www.qualitel.org\/particuliers\/#\/schema\/logo\/image\/"},"sameAs":["https:\/\/www.facebook.com\/groupequalitel\/","https:\/\/x.com\/groupeQUALITEL","https:\/\/www.instagram.com\/associationqualitel\/","https:\/\/www.pinterest.fr\/associationqualitel\/"]},{"@type":"Person","@id":"https:\/\/www.qualitel.org\/particuliers\/#\/schema\/person\/8ecdccaad3bba102bae727749c8a10fa","name":"Julie CARNEZ","image":{"@type":"ImageObject","inLanguage":"fr-FR","@id":"https:\/\/www.qualitel.org\/particuliers\/#\/schema\/person\/image\/","url":"https:\/\/secure.gravatar.com\/avatar\/41fcfdc51e7305fd5b17ead841bd2e1f6a982b0f5ccaf899636b8ccab25ca5b1?s=96&d=mm&r=g","contentUrl":"https:\/\/secure.gravatar.com\/avatar\/41fcfdc51e7305fd5b17ead841bd2e1f6a982b0f5ccaf899636b8ccab25ca5b1?s=96&d=mm&r=g","caption":"Julie CARNEZ"}}]}},"_links":{"self":[{"href":"https:\/\/www.qualitel.org\/particuliers\/wp-json\/wp\/v2\/posts\/21821","targetHints":{"allow":["GET"]}}],"collection":[{"href":"https:\/\/www.qualitel.org\/particuliers\/wp-json\/wp\/v2\/posts"}],"about":[{"href":"https:\/\/www.qualitel.org\/particuliers\/wp-json\/wp\/v2\/types\/post"}],"author":[{"embeddable":true,"href":"https:\/\/www.qualitel.org\/particuliers\/wp-json\/wp\/v2\/users\/24"}],"replies":[{"embeddable":true,"href":"https:\/\/www.qualitel.org\/particuliers\/wp-json\/wp\/v2\/comments?post=21821"}],"version-history":[{"count":77,"href":"https:\/\/www.qualitel.org\/particuliers\/wp-json\/wp\/v2\/posts\/21821\/revisions"}],"predecessor-version":[{"id":51715,"href":"https:\/\/www.qualitel.org\/particuliers\/wp-json\/wp\/v2\/posts\/21821\/revisions\/51715"}],"wp:featuredmedia":[{"embeddable":true,"href":"https:\/\/www.qualitel.org\/particuliers\/wp-json\/wp\/v2\/media\/23965"}],"wp:attachment":[{"href":"https:\/\/www.qualitel.org\/particuliers\/wp-json\/wp\/v2\/media?parent=21821"}],"wp:term":[{"taxonomy":"category","embeddable":true,"href":"https:\/\/www.qualitel.org\/particuliers\/wp-json\/wp\/v2\/categories?post=21821"},{"taxonomy":"tags","embeddable":true,"href":"https:\/\/www.qualitel.org\/particuliers\/wp-json\/wp\/v2\/tags?post=21821"},{"taxonomy":"article_type","embeddable":true,"href":"https:\/\/www.qualitel.org\/particuliers\/wp-json\/wp\/v2\/article_type?post=21821"},{"taxonomy":"benefice","embeddable":true,"href":"https:\/\/www.qualitel.org\/particuliers\/wp-json\/wp\/v2\/benefice?post=21821"}],"curies":[{"name":"wp","href":"https:\/\/api.w.org\/{rel}","templated":true}]}}