{"id":3435,"date":"2021-01-19T00:33:37","date_gmt":"2021-01-18T23:33:37","guid":{"rendered":"http:\/\/qualitel.org\/?p=3435"},"modified":"2026-01-27T11:38:11","modified_gmt":"2026-01-27T10:38:11","slug":"etes-vous-mieux-securise-avec-un-logement-connecte","status":"publish","type":"post","link":"https:\/\/www.qualitel.org\/particuliers\/conseils\/etes-vous-mieux-securise-avec-un-logement-connecte\/","title":{"rendered":"Logement connect\u00e9&nbsp;: la s\u00e9curit\u00e9 jusqu\u2019au bout des donn\u00e9es&nbsp;?"},"content":{"rendered":"<h2>L\u2019essentiel<\/h2>\n<ul>\n<li aria-level=\"1\">La domotique pour la s\u00e9curit\u00e9 <strong>renforce la protection du logement contre les intrusions et les accidents<\/strong>.<\/li>\n<\/ul>\n<ul>\n<li aria-level=\"1\">Les \u00e9quipements connect\u00e9s sont <strong>encadr\u00e9s par le RGPD<\/strong>, limitant les risques de piratage des donn\u00e9es.<\/li>\n<\/ul>\n<ul>\n<li aria-level=\"1\">Les logements connect\u00e9s <strong>am\u00e9liorent la s\u00e9curit\u00e9 des seniors<\/strong> et favorisent le maintien \u00e0 domicile.<\/li>\n<\/ul>\n<ul>\n<li aria-level=\"1\">Les syst\u00e8mes domotiques sont <strong>\u00e9volutifs<\/strong> et ne n\u00e9cessitent pas un renouvellement fr\u00e9quent.<\/li>\n<\/ul>\n<ul>\n<li aria-level=\"1\">Bien choisie, la domotique <strong>am\u00e9liore la tranquillit\u00e9 d\u2019esprit<\/strong> au quotidien.<\/li>\n<\/ul>\n<ul>\n<li>V\u00e9rifier la <strong>compatibilit\u00e9<\/strong> des appareils&nbsp;;<\/li>\n<li>Utiliser des <strong>mots de passe forts<\/strong> et un gestionnaire de mots de passe&nbsp;;<\/li>\n<li>Activer l\u2019<strong>authentification \u00e0 2 facteurs<\/strong>&nbsp;;<\/li>\n<li><strong>Mettre r\u00e9guli\u00e8rement \u00e0 jour<\/strong> le firmware et les applications&nbsp;;<\/li>\n<li><strong>Segmenter<\/strong> le r\u00e9seau.<\/li>\n<\/ul>\n<p><strong>FAUX.<\/strong> Les \u00e9quipements du logement connect\u00e9 ne sont en aucun cas munis de mouchards qui pourraient vous espionner. Depuis le 25 mai 2018, le <a href=\"https:\/\/www.economie.gouv.fr\/entreprises\/reglement-general-sur-protection-des-donnees-rgpd\" target=\"_blank\" rel=\"noopener\">RGPD<\/a> (r\u00e8glement g\u00e9n\u00e9ral sur la protection des donn\u00e9es) est applicable. Avec ce r\u00e8glement europ\u00e9en, personne ne peut r\u00e9cup\u00e9rer vos donn\u00e9es sans votre consentement.<\/p>\n<p><strong>Avec cette loi, des actions concr\u00e8tes sont mises \u00e0 votre disposition pour vous prot\u00e9ger&nbsp;:<\/strong><\/p>\n<ul>\n<li>un droit d\u2019acc\u00e8s aux informations que d\u00e9tient une entreprise sur vous&nbsp;;<\/li>\n<li>un droit de rectification qui permet de corriger une erreur&nbsp;;<\/li>\n<li>un droit d\u2019opposition \u00e0 votre pr\u00e9sence dans un fichier&nbsp;;<\/li>\n<li>un droit au d\u00e9r\u00e9f\u00e9rencement d\u2019une page web associ\u00e9e \u00e0 votre nom.<\/li>\n<\/ul>\n<p>En pratique, la s\u00e9curit\u00e9 d\u2019un logement connect\u00e9 d\u00e9pend aussi du choix d\u2019\u00e9quipements certifi\u00e9s, de mots de passe robustes et de mises \u00e0 jour r\u00e9guli\u00e8res des syst\u00e8mes domotiques.<\/p>\n<p>Notez que peu importe les \u00e9volutions du march\u00e9 des \u00e9quipements connect\u00e9s pour votre habitat, votre s\u00e9curit\u00e9 sera toujours assur\u00e9e dans le temps.<\/p>\n<p>Selon une \u00e9tude de l\u2019ONDRP (Observatoire national de la d\u00e9linquance et des r\u00e9ponses p\u00e9nales), l\u2019<strong>association d\u2019une alarme et d\u2019une porte blind\u00e9e r\u00e9duit de 66 % le risque d\u2019entr\u00e9e par effraction<\/strong> dans un logement.<\/p>\n<p><strong>VRAI.<\/strong> Les Fran\u00e7ais estiment que le logement connect\u00e9 permet de maintenir et de prot\u00e9ger les personnes \u00e2g\u00e9es \u00e0 domicile. Selon le <a href=\"https:\/\/www.qualitel.org\/barometre-qualitel\/\">Barom\u00e8tre QUALITEL<\/a>, <strong>60&nbsp;% d\u2019entre eux poss\u00e9dant un \u00e9quipement les alertant d\u2019une inactivit\u00e9 suspecte<\/strong> chez une personne \u00e2g\u00e9e se disent <strong>satisfaits<\/strong>. C\u2019est d\u2019ailleurs un des dispositifs les plus install\u00e9s dans les logements connect\u00e9s en France.<\/p>\n<p>Parmi les technologies \u00e0 votre disposition, il y a&nbsp;:<\/p>\n<ul>\n<li>des d\u00e9tecteurs de mouvements pouvant activer l\u2019ouverture automatique d\u2019une porte&nbsp;;<\/li>\n<li>d\u2019autres capteurs d\u00e9tectant les chutes et lan\u00e7ant une alerte aux proches en cas de souci&nbsp;;<\/li>\n<li>la t\u00e9l\u00e9commande domotique permettant de limiter les d\u00e9placements et de contr\u00f4ler diff\u00e9rents syst\u00e8mes&nbsp;: ouverture et fermeture des volets, lumi\u00e8re, etc.<\/li>\n<\/ul>\n<p>Ces \u00e9quipements<strong> renforcent la s\u00e9curit\u00e9<\/strong> des seniors tout en p<strong>r\u00e9servant leur autonomie et leur confort de vie<\/strong>, sans surveillance intrusive.<\/p>\n<p><strong>FAUX. <\/strong>Les \u00e9quipements de domotique s\u00e9curit\u00e9 sont <strong>con\u00e7us pour durer<\/strong>. Il est toutefois recommand\u00e9 de<strong> v\u00e9rifier leur compatibilit\u00e9<\/strong> et de <strong>privil\u00e9gier des syst\u00e8mes \u00e9volutifs<\/strong>, capables d\u2019int\u00e9grer de nouvelles fonctionnalit\u00e9s sans remplacement complet.<\/p>\n<p>Une installation domotique bien pens\u00e9e permet d\u2019<strong>ajouter progressivement des dispositifs de s\u00e9curit\u00e9<\/strong> (cam\u00e9ras, alarmes, d\u00e9tecteurs) en fonction de l\u2019\u00e9volution des besoins du logement et de ses occupants.<\/p>\n<p>La <b>domotique <\/b>peut renforcer la protection du logement en alertant en cas d\u2019intrusion ou d\u2019anomalie, tout en restant encadr\u00e9e par le <b>RGPD<\/b> pour les donn\u00e9es personnelles.<\/p>\n<p>Elle joue aussi un r\u00f4le utile pour le <b>maintien \u00e0 domicile des seniors<\/b> gr\u00e2ce \u00e0 des capteurs (mouvements, chutes) et des commandes \u00e0 distance.<\/p>\n<p>Enfin, un logement connect\u00e9 ne n\u00e9cessite pas de renouveler ses \u00e9quipements en permanence, \u00e0 condition de choisir des solutions <b>compatibles, \u00e9volutives<\/b> et bien configur\u00e9es.<\/p>\n","protected":false},"excerpt":{"rendered":"<p>L\u2019essentiel La domotique pour la s\u00e9curit\u00e9 renforce la protection du logement contre les intrusions et les accidents. Les \u00e9quipements connect\u00e9s sont encadr\u00e9s par le RGPD, limitant les risques de piratage des donn\u00e9es. Les logements connect\u00e9s am\u00e9liorent la s\u00e9curit\u00e9 des seniors et favorisent le maintien \u00e0 domicile. Les syst\u00e8mes domotiques sont \u00e9volutifs et ne n\u00e9cessitent pas \u2026 <\/p>\n","protected":false},"author":4,"featured_media":18691,"comment_status":"closed","ping_status":"closed","sticky":false,"template":"","format":"standard","meta":{"_acf_changed":false,"wp_typography_post_enhancements_disabled":false,"footnotes":""},"categories":[203,220],"tags":[472,486],"article_type":[298],"benefice":[351],"class_list":["post-3435","post","type-post","status-publish","format-standard","has-post-thumbnail","hentry","category-confort","category-securite","tags-logement-connecte","tags-securite","article_type-les-bons-choix","benefice-securite"],"acf":[],"yoast_head":"<!-- This site is optimized with the Yoast SEO plugin v26.2 - https:\/\/yoast.com\/wordpress\/plugins\/seo\/ -->\n<title>Logement connect\u00e9 : la s\u00e9curit\u00e9 jusqu\u2019au bout des donn\u00e9es ? - Qualitel | Particuliers<\/title>\n<meta name=\"description\" content=\"Surco\u00fbt, mouchards \u2026 Le logement connect\u00e9 peut susciter des craintes. Nous revenons sur la notion de s\u00e9curit\u00e9 et de vie priv\u00e9e dans ces habitats.\" \/>\n<meta name=\"robots\" content=\"index, follow, max-snippet:-1, max-image-preview:large, max-video-preview:-1\" \/>\n<link rel=\"canonical\" href=\"https:\/\/www.qualitel.org\/particuliers\/conseils\/etes-vous-mieux-securise-avec-un-logement-connecte\/\" \/>\n<meta property=\"og:locale\" content=\"fr_FR\" \/>\n<meta property=\"og:type\" content=\"article\" \/>\n<meta property=\"og:title\" content=\"Logement connect\u00e9 : la s\u00e9curit\u00e9 jusqu\u2019au bout des donn\u00e9es ? - Qualitel | Particuliers\" \/>\n<meta property=\"og:description\" content=\"Le logement connect\u00e9 suscite des attentes et des craintes en France. Selon le Barom\u00e8tre QUALITEL, 3\/4 des Fran\u00e7ais redoutent le piratage de leurs donn\u00e9es, mais 40% sont pr\u00eats \u00e0 utiliser des \u00e9quipements pour simuler une pr\u00e9sence humaine. D\u00e9couvrez les id\u00e9es re\u00e7ues sur ce sujet.\" \/>\n<meta property=\"og:url\" content=\"https:\/\/www.qualitel.org\/particuliers\/conseils\/etes-vous-mieux-securise-avec-un-logement-connecte\/\" \/>\n<meta property=\"og:site_name\" content=\"Qualitel | Particuliers\" \/>\n<meta property=\"article:publisher\" content=\"https:\/\/www.facebook.com\/groupequalitel\/\" \/>\n<meta property=\"article:published_time\" content=\"2021-01-18T23:33:37+00:00\" \/>\n<meta property=\"article:modified_time\" content=\"2026-01-27T10:38:11+00:00\" \/>\n<meta property=\"og:image\" content=\"https:\/\/www.qualitel.org\/particuliers\/wp\/..\/uploads\/Qualitel_securite_logement_equipement.jpg\" \/>\n\t<meta property=\"og:image:width\" content=\"1125\" \/>\n\t<meta property=\"og:image:height\" content=\"750\" \/>\n\t<meta property=\"og:image:type\" content=\"image\/jpeg\" \/>\n<meta name=\"author\" content=\"JB\" \/>\n<meta name=\"twitter:card\" content=\"summary_large_image\" \/>\n<meta name=\"twitter:description\" content=\"Le logement connect\u00e9 suscite des attentes et des craintes en France. Selon le Barom\u00e8tre QUALITEL, 3\/4 des Fran\u00e7ais redoutent le piratage de leurs donn\u00e9es, mais 40% sont pr\u00eats \u00e0 utiliser des \u00e9quipements pour simuler une pr\u00e9sence humaine. D\u00e9couvrez les id\u00e9es re\u00e7ues sur ce sujet.\n\" \/>\n<meta name=\"twitter:creator\" content=\"@groupeQUALITEL\" \/>\n<meta name=\"twitter:site\" content=\"@groupeQUALITEL\" \/>\n<meta name=\"twitter:label1\" content=\"Written by\" \/>\n\t<meta name=\"twitter:data1\" content=\"JB\" \/>\n\t<meta name=\"twitter:label2\" content=\"Est. reading time\" \/>\n\t<meta name=\"twitter:data2\" content=\"6 minutes\" \/>\n<script type=\"application\/ld+json\" class=\"yoast-schema-graph\">{\"@context\":\"https:\/\/schema.org\",\"@graph\":[{\"@type\":\"Article\",\"@id\":\"https:\/\/www.qualitel.org\/particuliers\/conseils\/etes-vous-mieux-securise-avec-un-logement-connecte\/#article\",\"isPartOf\":{\"@id\":\"https:\/\/www.qualitel.org\/particuliers\/conseils\/etes-vous-mieux-securise-avec-un-logement-connecte\/\"},\"author\":{\"name\":\"JB\",\"@id\":\"https:\/\/www.qualitel.org\/particuliers\/#\/schema\/person\/12299391392238889f9a957af5a623c6\"},\"headline\":\"Logement connect\u00e9&nbsp;: la s\u00e9curit\u00e9 jusqu\u2019au bout des donn\u00e9es&nbsp;?\",\"datePublished\":\"2021-01-18T23:33:37+00:00\",\"dateModified\":\"2026-01-27T10:38:11+00:00\",\"mainEntityOfPage\":{\"@id\":\"https:\/\/www.qualitel.org\/particuliers\/conseils\/etes-vous-mieux-securise-avec-un-logement-connecte\/\"},\"wordCount\":657,\"publisher\":{\"@id\":\"https:\/\/www.qualitel.org\/particuliers\/#organization\"},\"image\":{\"@id\":\"https:\/\/www.qualitel.org\/particuliers\/conseils\/etes-vous-mieux-securise-avec-un-logement-connecte\/#primaryimage\"},\"thumbnailUrl\":\"https:\/\/www.qualitel.org\/particuliers\/wp\/..\/uploads\/Qualitel_securite_logement_equipement.jpg\",\"articleSection\":[\"Confort\",\"S\u00e9curit\u00e9\"],\"inLanguage\":\"fr-FR\"},{\"@type\":\"WebPage\",\"@id\":\"https:\/\/www.qualitel.org\/particuliers\/conseils\/etes-vous-mieux-securise-avec-un-logement-connecte\/\",\"url\":\"https:\/\/www.qualitel.org\/particuliers\/conseils\/etes-vous-mieux-securise-avec-un-logement-connecte\/\",\"name\":\"Logement connect\u00e9 : la s\u00e9curit\u00e9 jusqu\u2019au bout des donn\u00e9es ? - Qualitel | Particuliers\",\"isPartOf\":{\"@id\":\"https:\/\/www.qualitel.org\/particuliers\/#website\"},\"primaryImageOfPage\":{\"@id\":\"https:\/\/www.qualitel.org\/particuliers\/conseils\/etes-vous-mieux-securise-avec-un-logement-connecte\/#primaryimage\"},\"image\":{\"@id\":\"https:\/\/www.qualitel.org\/particuliers\/conseils\/etes-vous-mieux-securise-avec-un-logement-connecte\/#primaryimage\"},\"thumbnailUrl\":\"https:\/\/www.qualitel.org\/particuliers\/wp\/..\/uploads\/Qualitel_securite_logement_equipement.jpg\",\"datePublished\":\"2021-01-18T23:33:37+00:00\",\"dateModified\":\"2026-01-27T10:38:11+00:00\",\"description\":\"Surco\u00fbt, mouchards \u2026 Le logement connect\u00e9 peut susciter des craintes. Nous revenons sur la notion de s\u00e9curit\u00e9 et de vie priv\u00e9e dans ces habitats.\",\"breadcrumb\":{\"@id\":\"https:\/\/www.qualitel.org\/particuliers\/conseils\/etes-vous-mieux-securise-avec-un-logement-connecte\/#breadcrumb\"},\"inLanguage\":\"fr-FR\",\"potentialAction\":[{\"@type\":\"ReadAction\",\"target\":[\"https:\/\/www.qualitel.org\/particuliers\/conseils\/etes-vous-mieux-securise-avec-un-logement-connecte\/\"]}]},{\"@type\":\"ImageObject\",\"inLanguage\":\"fr-FR\",\"@id\":\"https:\/\/www.qualitel.org\/particuliers\/conseils\/etes-vous-mieux-securise-avec-un-logement-connecte\/#primaryimage\",\"url\":\"https:\/\/www.qualitel.org\/particuliers\/wp\/..\/uploads\/Qualitel_securite_logement_equipement.jpg\",\"contentUrl\":\"https:\/\/www.qualitel.org\/particuliers\/wp\/..\/uploads\/Qualitel_securite_logement_equipement.jpg\",\"width\":1125,\"height\":750},{\"@type\":\"BreadcrumbList\",\"@id\":\"https:\/\/www.qualitel.org\/particuliers\/conseils\/etes-vous-mieux-securise-avec-un-logement-connecte\/#breadcrumb\",\"itemListElement\":[{\"@type\":\"ListItem\",\"position\":1,\"name\":\"Accueil\",\"item\":\"https:\/\/www.qualitel.org\/particuliers\/\"},{\"@type\":\"ListItem\",\"position\":2,\"name\":\"Logement connect\u00e9 : la s\u00e9curit\u00e9 jusqu\u2019au bout des donn\u00e9es ?\"}]},{\"@type\":\"WebSite\",\"@id\":\"https:\/\/www.qualitel.org\/particuliers\/#website\",\"url\":\"https:\/\/www.qualitel.org\/particuliers\/\",\"name\":\"Qualitel | Particuliers\",\"description\":\"\",\"publisher\":{\"@id\":\"https:\/\/www.qualitel.org\/particuliers\/#organization\"},\"potentialAction\":[{\"@type\":\"SearchAction\",\"target\":{\"@type\":\"EntryPoint\",\"urlTemplate\":\"https:\/\/www.qualitel.org\/particuliers\/?s={search_term_string}\"},\"query-input\":{\"@type\":\"PropertyValueSpecification\",\"valueRequired\":true,\"valueName\":\"search_term_string\"}}],\"inLanguage\":\"fr-FR\"},{\"@type\":\"Organization\",\"@id\":\"https:\/\/www.qualitel.org\/particuliers\/#organization\",\"name\":\"Qualitel | Particuliers\",\"url\":\"https:\/\/www.qualitel.org\/particuliers\/\",\"logo\":{\"@type\":\"ImageObject\",\"inLanguage\":\"fr-FR\",\"@id\":\"https:\/\/www.qualitel.org\/particuliers\/#\/schema\/logo\/image\/\",\"url\":\"https:\/\/www.qualitel.org\/particuliers\/wp\/..\/uploads\/qualitel-squarelogo-1456752654225.png\",\"contentUrl\":\"https:\/\/www.qualitel.org\/particuliers\/wp\/..\/uploads\/qualitel-squarelogo-1456752654225.png\",\"width\":180,\"height\":180,\"caption\":\"Qualitel | Particuliers\"},\"image\":{\"@id\":\"https:\/\/www.qualitel.org\/particuliers\/#\/schema\/logo\/image\/\"},\"sameAs\":[\"https:\/\/www.facebook.com\/groupequalitel\/\",\"https:\/\/x.com\/groupeQUALITEL\",\"https:\/\/www.instagram.com\/associationqualitel\/\",\"https:\/\/www.pinterest.fr\/associationqualitel\/\"]},{\"@type\":\"Person\",\"@id\":\"https:\/\/www.qualitel.org\/particuliers\/#\/schema\/person\/12299391392238889f9a957af5a623c6\",\"name\":\"JB\",\"image\":{\"@type\":\"ImageObject\",\"inLanguage\":\"fr-FR\",\"@id\":\"https:\/\/www.qualitel.org\/particuliers\/#\/schema\/person\/image\/\",\"url\":\"https:\/\/secure.gravatar.com\/avatar\/cbd92e5a706b2f23b13815f3e63d7e8e4f136aa6533076323d16c4651c6a4443?s=96&d=mm&r=g\",\"contentUrl\":\"https:\/\/secure.gravatar.com\/avatar\/cbd92e5a706b2f23b13815f3e63d7e8e4f136aa6533076323d16c4651c6a4443?s=96&d=mm&r=g\",\"caption\":\"JB\"}}]}<\/script>\n<!-- \/ Yoast SEO plugin. -->","yoast_head_json":{"title":"Logement connect\u00e9 : la s\u00e9curit\u00e9 jusqu\u2019au bout des donn\u00e9es ? - Qualitel | Particuliers","description":"Surco\u00fbt, mouchards \u2026 Le logement connect\u00e9 peut susciter des craintes. Nous revenons sur la notion de s\u00e9curit\u00e9 et de vie priv\u00e9e dans ces habitats.","robots":{"index":"index","follow":"follow","max-snippet":"max-snippet:-1","max-image-preview":"max-image-preview:large","max-video-preview":"max-video-preview:-1"},"canonical":"https:\/\/www.qualitel.org\/particuliers\/conseils\/etes-vous-mieux-securise-avec-un-logement-connecte\/","og_locale":"fr_FR","og_type":"article","og_title":"Logement connect\u00e9 : la s\u00e9curit\u00e9 jusqu\u2019au bout des donn\u00e9es ? - Qualitel | Particuliers","og_description":"Le logement connect\u00e9 suscite des attentes et des craintes en France. Selon le Barom\u00e8tre QUALITEL, 3\/4 des Fran\u00e7ais redoutent le piratage de leurs donn\u00e9es, mais 40% sont pr\u00eats \u00e0 utiliser des \u00e9quipements pour simuler une pr\u00e9sence humaine. D\u00e9couvrez les id\u00e9es re\u00e7ues sur ce sujet.","og_url":"https:\/\/www.qualitel.org\/particuliers\/conseils\/etes-vous-mieux-securise-avec-un-logement-connecte\/","og_site_name":"Qualitel | Particuliers","article_publisher":"https:\/\/www.facebook.com\/groupequalitel\/","article_published_time":"2021-01-18T23:33:37+00:00","article_modified_time":"2026-01-27T10:38:11+00:00","og_image":[{"width":1125,"height":750,"url":"https:\/\/www.qualitel.org\/particuliers\/wp\/..\/uploads\/Qualitel_securite_logement_equipement.jpg","type":"image\/jpeg"}],"author":"JB","twitter_card":"summary_large_image","twitter_description":"Le logement connect\u00e9 suscite des attentes et des craintes en France. Selon le Barom\u00e8tre QUALITEL, 3\/4 des Fran\u00e7ais redoutent le piratage de leurs donn\u00e9es, mais 40% sont pr\u00eats \u00e0 utiliser des \u00e9quipements pour simuler une pr\u00e9sence humaine. D\u00e9couvrez les id\u00e9es re\u00e7ues sur ce sujet.\n","twitter_creator":"@groupeQUALITEL","twitter_site":"@groupeQUALITEL","twitter_misc":{"Written by":"JB","Est. reading time":"6 minutes"},"schema":{"@context":"https:\/\/schema.org","@graph":[{"@type":"Article","@id":"https:\/\/www.qualitel.org\/particuliers\/conseils\/etes-vous-mieux-securise-avec-un-logement-connecte\/#article","isPartOf":{"@id":"https:\/\/www.qualitel.org\/particuliers\/conseils\/etes-vous-mieux-securise-avec-un-logement-connecte\/"},"author":{"name":"JB","@id":"https:\/\/www.qualitel.org\/particuliers\/#\/schema\/person\/12299391392238889f9a957af5a623c6"},"headline":"Logement connect\u00e9&nbsp;: la s\u00e9curit\u00e9 jusqu\u2019au bout des donn\u00e9es&nbsp;?","datePublished":"2021-01-18T23:33:37+00:00","dateModified":"2026-01-27T10:38:11+00:00","mainEntityOfPage":{"@id":"https:\/\/www.qualitel.org\/particuliers\/conseils\/etes-vous-mieux-securise-avec-un-logement-connecte\/"},"wordCount":657,"publisher":{"@id":"https:\/\/www.qualitel.org\/particuliers\/#organization"},"image":{"@id":"https:\/\/www.qualitel.org\/particuliers\/conseils\/etes-vous-mieux-securise-avec-un-logement-connecte\/#primaryimage"},"thumbnailUrl":"https:\/\/www.qualitel.org\/particuliers\/wp\/..\/uploads\/Qualitel_securite_logement_equipement.jpg","articleSection":["Confort","S\u00e9curit\u00e9"],"inLanguage":"fr-FR"},{"@type":"WebPage","@id":"https:\/\/www.qualitel.org\/particuliers\/conseils\/etes-vous-mieux-securise-avec-un-logement-connecte\/","url":"https:\/\/www.qualitel.org\/particuliers\/conseils\/etes-vous-mieux-securise-avec-un-logement-connecte\/","name":"Logement connect\u00e9 : la s\u00e9curit\u00e9 jusqu\u2019au bout des donn\u00e9es ? - Qualitel | Particuliers","isPartOf":{"@id":"https:\/\/www.qualitel.org\/particuliers\/#website"},"primaryImageOfPage":{"@id":"https:\/\/www.qualitel.org\/particuliers\/conseils\/etes-vous-mieux-securise-avec-un-logement-connecte\/#primaryimage"},"image":{"@id":"https:\/\/www.qualitel.org\/particuliers\/conseils\/etes-vous-mieux-securise-avec-un-logement-connecte\/#primaryimage"},"thumbnailUrl":"https:\/\/www.qualitel.org\/particuliers\/wp\/..\/uploads\/Qualitel_securite_logement_equipement.jpg","datePublished":"2021-01-18T23:33:37+00:00","dateModified":"2026-01-27T10:38:11+00:00","description":"Surco\u00fbt, mouchards \u2026 Le logement connect\u00e9 peut susciter des craintes. Nous revenons sur la notion de s\u00e9curit\u00e9 et de vie priv\u00e9e dans ces habitats.","breadcrumb":{"@id":"https:\/\/www.qualitel.org\/particuliers\/conseils\/etes-vous-mieux-securise-avec-un-logement-connecte\/#breadcrumb"},"inLanguage":"fr-FR","potentialAction":[{"@type":"ReadAction","target":["https:\/\/www.qualitel.org\/particuliers\/conseils\/etes-vous-mieux-securise-avec-un-logement-connecte\/"]}]},{"@type":"ImageObject","inLanguage":"fr-FR","@id":"https:\/\/www.qualitel.org\/particuliers\/conseils\/etes-vous-mieux-securise-avec-un-logement-connecte\/#primaryimage","url":"https:\/\/www.qualitel.org\/particuliers\/wp\/..\/uploads\/Qualitel_securite_logement_equipement.jpg","contentUrl":"https:\/\/www.qualitel.org\/particuliers\/wp\/..\/uploads\/Qualitel_securite_logement_equipement.jpg","width":1125,"height":750},{"@type":"BreadcrumbList","@id":"https:\/\/www.qualitel.org\/particuliers\/conseils\/etes-vous-mieux-securise-avec-un-logement-connecte\/#breadcrumb","itemListElement":[{"@type":"ListItem","position":1,"name":"Accueil","item":"https:\/\/www.qualitel.org\/particuliers\/"},{"@type":"ListItem","position":2,"name":"Logement connect\u00e9 : la s\u00e9curit\u00e9 jusqu\u2019au bout des donn\u00e9es ?"}]},{"@type":"WebSite","@id":"https:\/\/www.qualitel.org\/particuliers\/#website","url":"https:\/\/www.qualitel.org\/particuliers\/","name":"Qualitel | Particuliers","description":"","publisher":{"@id":"https:\/\/www.qualitel.org\/particuliers\/#organization"},"potentialAction":[{"@type":"SearchAction","target":{"@type":"EntryPoint","urlTemplate":"https:\/\/www.qualitel.org\/particuliers\/?s={search_term_string}"},"query-input":{"@type":"PropertyValueSpecification","valueRequired":true,"valueName":"search_term_string"}}],"inLanguage":"fr-FR"},{"@type":"Organization","@id":"https:\/\/www.qualitel.org\/particuliers\/#organization","name":"Qualitel | Particuliers","url":"https:\/\/www.qualitel.org\/particuliers\/","logo":{"@type":"ImageObject","inLanguage":"fr-FR","@id":"https:\/\/www.qualitel.org\/particuliers\/#\/schema\/logo\/image\/","url":"https:\/\/www.qualitel.org\/particuliers\/wp\/..\/uploads\/qualitel-squarelogo-1456752654225.png","contentUrl":"https:\/\/www.qualitel.org\/particuliers\/wp\/..\/uploads\/qualitel-squarelogo-1456752654225.png","width":180,"height":180,"caption":"Qualitel | Particuliers"},"image":{"@id":"https:\/\/www.qualitel.org\/particuliers\/#\/schema\/logo\/image\/"},"sameAs":["https:\/\/www.facebook.com\/groupequalitel\/","https:\/\/x.com\/groupeQUALITEL","https:\/\/www.instagram.com\/associationqualitel\/","https:\/\/www.pinterest.fr\/associationqualitel\/"]},{"@type":"Person","@id":"https:\/\/www.qualitel.org\/particuliers\/#\/schema\/person\/12299391392238889f9a957af5a623c6","name":"JB","image":{"@type":"ImageObject","inLanguage":"fr-FR","@id":"https:\/\/www.qualitel.org\/particuliers\/#\/schema\/person\/image\/","url":"https:\/\/secure.gravatar.com\/avatar\/cbd92e5a706b2f23b13815f3e63d7e8e4f136aa6533076323d16c4651c6a4443?s=96&d=mm&r=g","contentUrl":"https:\/\/secure.gravatar.com\/avatar\/cbd92e5a706b2f23b13815f3e63d7e8e4f136aa6533076323d16c4651c6a4443?s=96&d=mm&r=g","caption":"JB"}}]}},"_links":{"self":[{"href":"https:\/\/www.qualitel.org\/particuliers\/wp-json\/wp\/v2\/posts\/3435","targetHints":{"allow":["GET"]}}],"collection":[{"href":"https:\/\/www.qualitel.org\/particuliers\/wp-json\/wp\/v2\/posts"}],"about":[{"href":"https:\/\/www.qualitel.org\/particuliers\/wp-json\/wp\/v2\/types\/post"}],"author":[{"embeddable":true,"href":"https:\/\/www.qualitel.org\/particuliers\/wp-json\/wp\/v2\/users\/4"}],"replies":[{"embeddable":true,"href":"https:\/\/www.qualitel.org\/particuliers\/wp-json\/wp\/v2\/comments?post=3435"}],"version-history":[{"count":70,"href":"https:\/\/www.qualitel.org\/particuliers\/wp-json\/wp\/v2\/posts\/3435\/revisions"}],"predecessor-version":[{"id":52429,"href":"https:\/\/www.qualitel.org\/particuliers\/wp-json\/wp\/v2\/posts\/3435\/revisions\/52429"}],"wp:featuredmedia":[{"embeddable":true,"href":"https:\/\/www.qualitel.org\/particuliers\/wp-json\/wp\/v2\/media\/18691"}],"wp:attachment":[{"href":"https:\/\/www.qualitel.org\/particuliers\/wp-json\/wp\/v2\/media?parent=3435"}],"wp:term":[{"taxonomy":"category","embeddable":true,"href":"https:\/\/www.qualitel.org\/particuliers\/wp-json\/wp\/v2\/categories?post=3435"},{"taxonomy":"tags","embeddable":true,"href":"https:\/\/www.qualitel.org\/particuliers\/wp-json\/wp\/v2\/tags?post=3435"},{"taxonomy":"article_type","embeddable":true,"href":"https:\/\/www.qualitel.org\/particuliers\/wp-json\/wp\/v2\/article_type?post=3435"},{"taxonomy":"benefice","embeddable":true,"href":"https:\/\/www.qualitel.org\/particuliers\/wp-json\/wp\/v2\/benefice?post=3435"}],"curies":[{"name":"wp","href":"https:\/\/api.w.org\/{rel}","templated":true}]}}