{"id":3572,"date":"2020-09-03T12:17:18","date_gmt":"2020-09-03T10:17:18","guid":{"rendered":"http:\/\/qualitel.org\/?p=3572"},"modified":"2026-04-13T11:31:43","modified_gmt":"2026-04-13T09:31:43","slug":"comment-reconnaitre-le-type-de-ventilation-que-vous-avez-dans-votre-logement","status":"publish","type":"post","link":"https:\/\/www.qualitel.org\/particuliers\/conseils\/comment-reconnaitre-le-type-de-ventilation-que-vous-avez-dans-votre-logement\/","title":{"rendered":"Comment reconna\u00eetre le type de ventilation de votre appartement ou maison&nbsp;?"},"content":{"rendered":"<p>Selon l\u2019ann\u00e9e de construction de votre habitat, <a href=\"https:\/\/www.qualitel.org\/particuliers\/travaux-renovation\/systeme-de-ventilation\/\">les syst\u00e8mes de ventilation install\u00e9s<\/a> \u00e0 l\u2019origine varient.<\/p>\n<h3>Pour les&nbsp;maisons et appartements construits avant 1937<\/h3>\n<p>En raison de l\u2019absence de r\u00e9glementation, ces logements peuvent ne comporter aucun dispositif sp\u00e9cifique pour l\u2019a\u00e9ration dans les pi\u00e8ces s\u00e8ches et les pi\u00e8ces humides. Celle-ci se fait souvent par les d\u00e9fauts d\u2019\u00e9tanch\u00e9it\u00e9 du b\u00e2timent, l\u2019ouverture des fen\u00eatres et les conduits de chemin\u00e9e. Il n\u2019y a donc a priori pas de syst\u00e8me de ventilation \u00e0 proprement parler permettant de renouveler l\u2019air int\u00e9rieur. Pour compenser et apporter suffisamment d\u2019air neuf, il faut ouvrir les fen\u00eatres plus souvent, ce qui peut accentuer les pertes de chaleur du logement et aller \u00e0 l\u2019encontre des \u00e9conomies d\u2019\u00e9nergie.<\/p>\n<h3>Pour les logements construits entre 1937 et 1958<\/h3>\n<p>Durant cette p\u00e9riode, la l\u00e9gislation obligeait le ma\u00eetre d\u2019ouvrage \u00e0 pr\u00e9voir des conditions minimales de ventilation&nbsp;: ouvertures en bas et en haut de chaque pi\u00e8ce humide (cuisine et salle de bains) afin d\u2019<a href=\"https:\/\/www.qualitel.org\/particuliers\/conseils\/comment-eviter-la-condensation-sur-les-fenetres\/\">\u00e9viter la condensation<\/a> et l\u2019humidit\u00e9, entr\u00e9e d\u2019air ext\u00e9rieur en fa\u00e7ade, etc.<\/p>\n<h3>Pour ceux b\u00e2tis entre 1958 et 1969<\/h3>\n<p>\u00c0 partir de 1958, un arr\u00eat\u00e9 d\u00e9finit des exigences d\u2019a\u00e9ration selon les pi\u00e8ces <a href=\"https:\/\/www.qualitel.org\/particuliers\/conseils\/huit-conseils-pour-assainir-lair-de-votre-habitat\/\">pour une meilleure qualit\u00e9 de l\u2019air int\u00e9rieur<\/a>&nbsp;: ventilation haute et basse ou conduits d\u2019entr\u00e9e et d\u2019\u00e9vacuation d\u2019air dans les pi\u00e8ces humides sans fen\u00eatres, ventilation haute et basse en fa\u00e7ade dans la cuisine, etc.<\/p>\n<h3>Pour ceux construits de 1970 \u00e0 1983<\/h3>\n<p>Le principe de la ventilation g\u00e9n\u00e9rale et permanente est adopt\u00e9 pour le parc immobilier fran\u00e7ais. Pour renouveler l\u2019air, le logement doit alors \u00eatre \u00e9quip\u00e9 d\u2019une ventilation naturelle par conduits \u00e0 tirage naturel ou d\u2019une ventilation m\u00e9canique. Quel que soit le syst\u00e8me mis en place pour ventiler, l\u2019air doit pouvoir circuler des pi\u00e8ces principales (s\u00e9jour, chambre), qui comportent des entr\u00e9es d\u2019air, vers les pi\u00e8ces de service (buanderie, cuisine, salles de bains, WC), o\u00f9 l\u2019air vici\u00e9 est \u00e9vacu\u00e9.<\/p>\n<h3>Pour les logements construits \u00e0 partir de 1983<\/h3>\n<p>Le principe de ventilation assurant la circulation de l\u2019air des pi\u00e8ces principales vers les pi\u00e8ces humides est compl\u00e9t\u00e9 par la r\u00e9glementation de 1982 qui introduit des exigences en termes de d\u00e9bit d\u2019air extrait.<\/p>\n<p><img loading=\"lazy\" decoding=\"async\" class=\"size-full wp-image-22688 alignleft\" src=\"https:\/\/www.qualitel.org\/particuliers\/wp\/..\/uploads\/visuel_BienChezSoi-1.png\" alt width=\"223\" height=\"204\"><\/p>\n<h4>Plus de conseils&nbsp;?<\/h4>\n<p>Chaque mois, retrouvez nos id\u00e9es pour un logement o\u00f9 il fait bon vivre<strong><br>\ndirectement dans votre bo\u00eete mail<\/strong><\/p>\n<p><a href=\"https:\/\/www.qualitel.org\/particuliers\/newsletter\/\"><strong>Abonnez-vous \u00e0 notre newsletter \u203a<\/strong><\/a><\/p>\n<p>Outre l\u2019ann\u00e9e de construction de votre logement, il vous est possible d\u2019identifier votre type de ventilation d\u2019appartement ou de maison en observant les \u00e9quipements. Faites un petit tour de votre logement et constatez par vous-m\u00eame la pr\u00e9sence de bouches d\u2019a\u00e9ration, de grilles, de conduits\u2026 Regardez \u00e9ventuellement dans les combles pour savoir s\u2019il y a un caisson avec des gaines. Voici quelques rep\u00e8res pour vous aider \u00e0 d\u00e9terminer le syst\u00e8me de ventilation install\u00e9 chez vous et v\u00e9rifier s\u2019il fonctionne bien.<\/p>\n<h3>Comment savoir si vous avez une ventilation naturelle efficace&nbsp;?<\/h3>\n<p>Dans le cas d\u2019une <span style=\"text-decoration: underline;\"><a href=\"https:\/\/www.qualitel.org\/particuliers\/equipements-et-materiaux-maison\/ventilation\/ventilation-naturelle\/\">ventilation naturelle<\/a><\/span>, il n\u2019y a aucun dispositif m\u00e9canique. La circulation de l\u2019air provient du \u00ab&nbsp;tirage thermique&nbsp;\u00bb, li\u00e9 aux diff\u00e9rences de temp\u00e9ratures entre l\u2019int\u00e9rieur et l\u2019ext\u00e9rieur et aux pressions du vent sur l\u2019enveloppe du b\u00e2timent. La cr\u00e9ation de courants d\u2019air froid ou d\u2019air chaud dans le logement provient des entr\u00e9es d\u2019air (grilles d\u2019a\u00e9ration, conduits verticaux, etc.) ou de l\u2019ouverture des fen\u00eatres.<\/p>\n<p>Dans cette configuration, il peut \u00eatre difficile pour les occupants de d\u00e9terminer si l\u2019air entrant circule bien dans le logement et l\u2019entretien des \u00e9quipements est indispensable pour que le renouvellement d\u2019air se fasse correctement. Pour cela, v\u00e9rifiez que les entr\u00e9es d\u2019air frais sont bien propres et non obstru\u00e9es. La <a href=\"https:\/\/www.qualitel.org\/particuliers\/conseils\/moisissures-comment-lutter-contre-afin-dameliorer-la-qualite-de-lair-dans-votre-logement\/\">pr\u00e9sence de moisissures<\/a> peut aussi \u00eatre un signe que la ventilation naturelle pr\u00e9sente un d\u00e9faut.<\/p>\n<h3>Comment reconna\u00eetre une ventilation m\u00e9canique contr\u00f4l\u00e9e (VMC)&nbsp;?<\/h3>\n<p>La \u00ab&nbsp;ventilation m\u00e9canique contr\u00f4l\u00e9e par extraction d\u2019air&nbsp;\u00bb, appel\u00e9e VMC, comporte des <strong>entr\u00e9es d\u2019air d\u00e9di\u00e9es \u00e0 l\u2019aspiration de l\u2019air ext\u00e9rieur dans les pi\u00e8ces principales<\/strong> (chambre, s\u00e9jour), des <strong>bouches d\u2019extraction d\u2019air dans les pi\u00e8ces humides et sujettes \u00e0 la vapeur d\u2019eau et aux <a href=\"https:\/\/www.qualitel.org\/particuliers\/conseils\/mauvaises-odeurs-maison\/\">mauvaises odeurs<\/a><\/strong> (cuisine, salle de bains, WC), <strong>des conduits<\/strong> de circulation de l\u2019air et un \u00ab&nbsp;<strong>ventilateur extracteur<\/strong>&nbsp;\u00bb, pour l\u2019air sortant.<\/p>\n<p><a href=\"https:\/\/www.qualitel.org\/particuliers\/equipements-et-materiaux-maison\/ventilation\/vmc-double-flux\/\">La VMC double flux<\/a> pr\u00e9sente deux r\u00e9seaux, pour souffler et extraire l\u2019air, et deux ventilateurs. Lorsqu\u2019elle est \u00e9quip\u00e9e d\u2019un syst\u00e8me de r\u00e9cup\u00e9ration de chaleur (ou \u00e9changeur thermique), elle r\u00e9cup\u00e8re la chaleur de l\u2019air extrait du logement, l\u2019utilise pour r\u00e9chauffer l\u2019air neuf filtr\u00e9 venant de l\u2019ext\u00e9rieur. Ce dernier est ensuite souffl\u00e9 dans les pi\u00e8ces principales.<\/p>\n<p>Il existe \u00e9galement un mod\u00e8le de VMC basse consommation d\u2019\u00e9nergie car reli\u00e9 \u00e0 une <a href=\"https:\/\/www.qualitel.org\/particuliers\/equipements-et-materiaux-maison\/chauffage\/pompes-a-chaleur\/\">pompe \u00e0 chaleur<\/a>&nbsp;: la ventilation double flux thermodynamique. Dans ce cas, la performance de l\u2019\u00e9change thermique est am\u00e9lior\u00e9e puisque la PAC air\/air permet de r\u00e9chauffer (en hiver) ou de rafra\u00eechir (en \u00e9t\u00e9) l\u2019air neuf en provenance de l\u2019ext\u00e9rieur.<\/p>\n<p>Dans le cas de <a href=\"https:\/\/www.qualitel.org\/particuliers\/equipements-et-materiaux-maison\/ventilation\/vmc-simple-flux\/\">la VMC simple flux<\/a>, la gestion du d\u00e9bit d\u2019air peut \u00eatre automatique ou bien r\u00e9glable au moyen d\u2019une ficelle \u00e0 tirer ou d\u2019un interrupteur. Ce syst\u00e8me adopt\u00e9 pour renouveler l\u2019air, qu\u2019on retrouve dans la cuisine ou la salle de bains, permet d\u2019augmenter le d\u00e9bit (lorsque vous cuisinez par exemple). Il est \u00e9galement possible de proc\u00e9der \u00e0 l\u2019installation d\u2019une <a href=\"https:\/\/www.qualitel.org\/particuliers\/equipements-et-materiaux-maison\/ventilation\/vmc-hygroreglable\/\">VMC hygror\u00e9glable<\/a> qui r\u00e9gule ses d\u00e9bits d\u2019air en fonction de l\u2019hygrom\u00e9trie, c\u2019est-\u00e0-dire le <a href=\"https:\/\/www.qualitel.org\/particuliers\/conseils\/mesurer-taux-humidite\/\">taux d\u2019humidit\u00e9<\/a> dans l\u2019air ambiant.<\/p>\n<p><strong>Comment savoir si la VMC fonctionne&nbsp;?<br>\n<\/strong><\/p>\n<ul>\n<li><strong>VMC d\u2019appartement ou de maison simple flux&nbsp;:<\/strong> placez une feuille de papier devant les bouches d\u2019extraction situ\u00e9es dans la cuisine, la salle de bains et les WC. Si la feuille reste plaqu\u00e9e sur la bouche, c\u2019est que votre installation fonctionne correctement.<\/li>\n<li><strong>VMC double flux&nbsp;:<\/strong> en compl\u00e9ment de la v\u00e9rification de la bouche d\u2019extraction, positionnez une feuille de papier devant la bouche de soufflage situ\u00e9e dans le s\u00e9jour ou les chambres. Pour une bonne circulation de l\u2019air, la feuille doit \u00eatre repouss\u00e9e.<\/li>\n<\/ul>\n<p>L\u2019<a href=\"https:\/\/www.qualitel.org\/particuliers\/conseils\/comment-bien-assurer-lentretien-de-votre-systeme-de-ventilation\/\">entretien du syst\u00e8me de ventilation<\/a> (<a href=\"https:\/\/www.qualitel.org\/particuliers\/conseils\/entretien-vmc\/\">nettoyage de la VMC<\/a> ou de la ventilation naturelle) est primordial pour assurer un bon renouvellement d\u2019air chez vous et ainsi une bonne qualit\u00e9 de l\u2019air int\u00e9rieur. V\u00e9rifiez que les entr\u00e9es d\u2019air et les bouches d\u2019extraction sont bien propres et non obstru\u00e9es.<\/p>\n<p>Si vous constatez des d\u00e9fauts ou un dysfonctionnement de votre installation, faites appel \u00e0 un professionnel pour diagnostiquer et intervenir sur votre syst\u00e8me de ventilation.<\/p>\n","protected":false},"excerpt":{"rendered":"<p>Selon l\u2019ann\u00e9e de construction de votre habitat, les syst\u00e8mes de ventilation install\u00e9s \u00e0 l\u2019origine varient. Pour les&nbsp;maisons et appartements construits avant 1937 En raison de l\u2019absence de r\u00e9glementation, ces logements peuvent ne comporter aucun dispositif sp\u00e9cifique pour l\u2019a\u00e9ration dans les pi\u00e8ces s\u00e8ches et les pi\u00e8ces humides. Celle-ci se fait souvent par les d\u00e9fauts d\u2019\u00e9tanch\u00e9it\u00e9 du \u2026 <\/p>\n","protected":false},"author":49,"featured_media":18701,"comment_status":"closed","ping_status":"closed","sticky":false,"template":"","format":"standard","meta":{"_acf_changed":false,"wp_typography_post_enhancements_disabled":false,"footnotes":""},"categories":[203,213],"tags":[436,421,434,442],"article_type":[298],"benefice":[350],"class_list":["post-3572","post","type-post","status-publish","format-standard","has-post-thumbnail","hentry","category-confort","category-sante","tags-choix-equipement","tags-cuisine","tags-salle-de-bain","tags-ventilation","article_type-les-bons-choix","benefice-sante"],"acf":[],"yoast_head":"<!-- This site is optimized with the Yoast SEO plugin v26.2 - https:\/\/yoast.com\/wordpress\/plugins\/seo\/ -->\n<title>Comment reconna\u00eetre le type de ventilation dans votre logement ? - Qualitel | Particuliers<\/title>\n<meta name=\"description\" content=\"Courants d\u2019air, traces d\u2019humidit\u00e9\u2026 Votre syst\u00e8me de ventilation date peut-\u00eatre un peu. Voici toutes les cl\u00e9s pour savoir quel \u00e9quipement est install\u00e9 chez vous.\" \/>\n<meta name=\"robots\" content=\"index, follow, max-snippet:-1, max-image-preview:large, max-video-preview:-1\" \/>\n<link rel=\"canonical\" href=\"https:\/\/www.qualitel.org\/particuliers\/conseils\/comment-reconnaitre-le-type-de-ventilation-que-vous-avez-dans-votre-logement\/\" \/>\n<meta property=\"og:locale\" content=\"fr_FR\" \/>\n<meta property=\"og:type\" content=\"article\" \/>\n<meta property=\"og:title\" content=\"Comment reconna\u00eetre le type de ventilation dans votre logement ? - Qualitel | Particuliers\" \/>\n<meta property=\"og:description\" content=\"Pour un environnement sain, renouvelez l\u2019air de votre logement avec une ventilation performante et une a\u00e9ration matin et soir. D\u00e9couvrez quel type de ventilation vous avez et comment v\u00e9rifier son bon fonctionnement.\" \/>\n<meta property=\"og:url\" content=\"https:\/\/www.qualitel.org\/particuliers\/conseils\/comment-reconnaitre-le-type-de-ventilation-que-vous-avez-dans-votre-logement\/\" \/>\n<meta property=\"og:site_name\" content=\"Qualitel | Particuliers\" \/>\n<meta property=\"article:publisher\" content=\"https:\/\/www.facebook.com\/groupequalitel\/\" \/>\n<meta property=\"article:published_time\" content=\"2020-09-03T10:17:18+00:00\" \/>\n<meta property=\"article:modified_time\" content=\"2026-04-13T09:31:43+00:00\" \/>\n<meta property=\"og:image\" content=\"https:\/\/www.qualitel.org\/particuliers\/wp\/..\/uploads\/Qualitel_reconnaitre_ventilation_logement.jpg\" \/>\n\t<meta property=\"og:image:width\" content=\"1125\" \/>\n\t<meta property=\"og:image:height\" content=\"750\" \/>\n\t<meta property=\"og:image:type\" content=\"image\/jpeg\" \/>\n<meta name=\"author\" content=\"admin_spintank\" \/>\n<meta name=\"twitter:card\" content=\"summary_large_image\" \/>\n<meta name=\"twitter:description\" content=\"Pour un environnement sain, renouvelez l\u2019air de votre logement avec une ventilation performante et une a\u00e9ration matin et soir. D\u00e9couvrez quel type de ventilation vous avez et comment v\u00e9rifier son bon fonctionnement.\n\" \/>\n<meta name=\"twitter:creator\" content=\"@groupeQUALITEL\" \/>\n<meta name=\"twitter:site\" content=\"@groupeQUALITEL\" \/>\n<meta name=\"twitter:label1\" content=\"Written by\" \/>\n\t<meta name=\"twitter:data1\" content=\"admin_spintank\" \/>\n\t<meta name=\"twitter:label2\" content=\"Est. reading time\" \/>\n\t<meta name=\"twitter:data2\" content=\"13 minutes\" \/>\n<script type=\"application\/ld+json\" class=\"yoast-schema-graph\">{\"@context\":\"https:\/\/schema.org\",\"@graph\":[{\"@type\":\"Article\",\"@id\":\"https:\/\/www.qualitel.org\/particuliers\/conseils\/comment-reconnaitre-le-type-de-ventilation-que-vous-avez-dans-votre-logement\/#article\",\"isPartOf\":{\"@id\":\"https:\/\/www.qualitel.org\/particuliers\/conseils\/comment-reconnaitre-le-type-de-ventilation-que-vous-avez-dans-votre-logement\/\"},\"author\":{\"name\":\"admin_spintank\",\"@id\":\"https:\/\/www.qualitel.org\/particuliers\/#\/schema\/person\/6e9b830447102512c8bf6ba193a2ff86\"},\"headline\":\"Comment reconna\u00eetre le type de ventilation de votre appartement ou maison&nbsp;?\",\"datePublished\":\"2020-09-03T10:17:18+00:00\",\"dateModified\":\"2026-04-13T09:31:43+00:00\",\"mainEntityOfPage\":{\"@id\":\"https:\/\/www.qualitel.org\/particuliers\/conseils\/comment-reconnaitre-le-type-de-ventilation-que-vous-avez-dans-votre-logement\/\"},\"wordCount\":1220,\"publisher\":{\"@id\":\"https:\/\/www.qualitel.org\/particuliers\/#organization\"},\"image\":{\"@id\":\"https:\/\/www.qualitel.org\/particuliers\/conseils\/comment-reconnaitre-le-type-de-ventilation-que-vous-avez-dans-votre-logement\/#primaryimage\"},\"thumbnailUrl\":\"https:\/\/www.qualitel.org\/particuliers\/wp\/..\/uploads\/Qualitel_reconnaitre_ventilation_logement.jpg\",\"articleSection\":[\"Confort\",\"Sant\u00e9\"],\"inLanguage\":\"fr-FR\"},{\"@type\":\"WebPage\",\"@id\":\"https:\/\/www.qualitel.org\/particuliers\/conseils\/comment-reconnaitre-le-type-de-ventilation-que-vous-avez-dans-votre-logement\/\",\"url\":\"https:\/\/www.qualitel.org\/particuliers\/conseils\/comment-reconnaitre-le-type-de-ventilation-que-vous-avez-dans-votre-logement\/\",\"name\":\"Comment reconna\u00eetre le type de ventilation dans votre logement ? - Qualitel | Particuliers\",\"isPartOf\":{\"@id\":\"https:\/\/www.qualitel.org\/particuliers\/#website\"},\"primaryImageOfPage\":{\"@id\":\"https:\/\/www.qualitel.org\/particuliers\/conseils\/comment-reconnaitre-le-type-de-ventilation-que-vous-avez-dans-votre-logement\/#primaryimage\"},\"image\":{\"@id\":\"https:\/\/www.qualitel.org\/particuliers\/conseils\/comment-reconnaitre-le-type-de-ventilation-que-vous-avez-dans-votre-logement\/#primaryimage\"},\"thumbnailUrl\":\"https:\/\/www.qualitel.org\/particuliers\/wp\/..\/uploads\/Qualitel_reconnaitre_ventilation_logement.jpg\",\"datePublished\":\"2020-09-03T10:17:18+00:00\",\"dateModified\":\"2026-04-13T09:31:43+00:00\",\"description\":\"Courants d\u2019air, traces d\u2019humidit\u00e9\u2026 Votre syst\u00e8me de ventilation date peut-\u00eatre un peu. Voici toutes les cl\u00e9s pour savoir quel \u00e9quipement est install\u00e9 chez vous.\",\"breadcrumb\":{\"@id\":\"https:\/\/www.qualitel.org\/particuliers\/conseils\/comment-reconnaitre-le-type-de-ventilation-que-vous-avez-dans-votre-logement\/#breadcrumb\"},\"inLanguage\":\"fr-FR\",\"potentialAction\":[{\"@type\":\"ReadAction\",\"target\":[\"https:\/\/www.qualitel.org\/particuliers\/conseils\/comment-reconnaitre-le-type-de-ventilation-que-vous-avez-dans-votre-logement\/\"]}]},{\"@type\":\"ImageObject\",\"inLanguage\":\"fr-FR\",\"@id\":\"https:\/\/www.qualitel.org\/particuliers\/conseils\/comment-reconnaitre-le-type-de-ventilation-que-vous-avez-dans-votre-logement\/#primaryimage\",\"url\":\"https:\/\/www.qualitel.org\/particuliers\/wp\/..\/uploads\/Qualitel_reconnaitre_ventilation_logement.jpg\",\"contentUrl\":\"https:\/\/www.qualitel.org\/particuliers\/wp\/..\/uploads\/Qualitel_reconnaitre_ventilation_logement.jpg\",\"width\":1125,\"height\":750},{\"@type\":\"BreadcrumbList\",\"@id\":\"https:\/\/www.qualitel.org\/particuliers\/conseils\/comment-reconnaitre-le-type-de-ventilation-que-vous-avez-dans-votre-logement\/#breadcrumb\",\"itemListElement\":[{\"@type\":\"ListItem\",\"position\":1,\"name\":\"Accueil\",\"item\":\"https:\/\/www.qualitel.org\/particuliers\/\"},{\"@type\":\"ListItem\",\"position\":2,\"name\":\"Comment reconna\u00eetre le type de ventilation de votre appartement ou maison ?\"}]},{\"@type\":\"WebSite\",\"@id\":\"https:\/\/www.qualitel.org\/particuliers\/#website\",\"url\":\"https:\/\/www.qualitel.org\/particuliers\/\",\"name\":\"Qualitel | Particuliers\",\"description\":\"\",\"publisher\":{\"@id\":\"https:\/\/www.qualitel.org\/particuliers\/#organization\"},\"potentialAction\":[{\"@type\":\"SearchAction\",\"target\":{\"@type\":\"EntryPoint\",\"urlTemplate\":\"https:\/\/www.qualitel.org\/particuliers\/?s={search_term_string}\"},\"query-input\":{\"@type\":\"PropertyValueSpecification\",\"valueRequired\":true,\"valueName\":\"search_term_string\"}}],\"inLanguage\":\"fr-FR\"},{\"@type\":\"Organization\",\"@id\":\"https:\/\/www.qualitel.org\/particuliers\/#organization\",\"name\":\"Qualitel | Particuliers\",\"url\":\"https:\/\/www.qualitel.org\/particuliers\/\",\"logo\":{\"@type\":\"ImageObject\",\"inLanguage\":\"fr-FR\",\"@id\":\"https:\/\/www.qualitel.org\/particuliers\/#\/schema\/logo\/image\/\",\"url\":\"https:\/\/www.qualitel.org\/particuliers\/wp\/..\/uploads\/qualitel-squarelogo-1456752654225.png\",\"contentUrl\":\"https:\/\/www.qualitel.org\/particuliers\/wp\/..\/uploads\/qualitel-squarelogo-1456752654225.png\",\"width\":180,\"height\":180,\"caption\":\"Qualitel | Particuliers\"},\"image\":{\"@id\":\"https:\/\/www.qualitel.org\/particuliers\/#\/schema\/logo\/image\/\"},\"sameAs\":[\"https:\/\/www.facebook.com\/groupequalitel\/\",\"https:\/\/x.com\/groupeQUALITEL\",\"https:\/\/www.instagram.com\/associationqualitel\/\",\"https:\/\/www.pinterest.fr\/associationqualitel\/\"]},{\"@type\":\"Person\",\"@id\":\"https:\/\/www.qualitel.org\/particuliers\/#\/schema\/person\/6e9b830447102512c8bf6ba193a2ff86\",\"name\":\"admin_spintank\",\"image\":{\"@type\":\"ImageObject\",\"inLanguage\":\"fr-FR\",\"@id\":\"https:\/\/www.qualitel.org\/particuliers\/#\/schema\/person\/image\/\",\"url\":\"https:\/\/secure.gravatar.com\/avatar\/f14fdf8ed0513b5660a0aa721e644fda2d699ebaef6004caf78d743e3b04bfed?s=96&d=mm&r=g\",\"contentUrl\":\"https:\/\/secure.gravatar.com\/avatar\/f14fdf8ed0513b5660a0aa721e644fda2d699ebaef6004caf78d743e3b04bfed?s=96&d=mm&r=g\",\"caption\":\"admin_spintank\"}}]}<\/script>\n<!-- \/ Yoast SEO plugin. -->","yoast_head_json":{"title":"Comment reconna\u00eetre le type de ventilation dans votre logement ? - Qualitel | Particuliers","description":"Courants d\u2019air, traces d\u2019humidit\u00e9\u2026 Votre syst\u00e8me de ventilation date peut-\u00eatre un peu. Voici toutes les cl\u00e9s pour savoir quel \u00e9quipement est install\u00e9 chez vous.","robots":{"index":"index","follow":"follow","max-snippet":"max-snippet:-1","max-image-preview":"max-image-preview:large","max-video-preview":"max-video-preview:-1"},"canonical":"https:\/\/www.qualitel.org\/particuliers\/conseils\/comment-reconnaitre-le-type-de-ventilation-que-vous-avez-dans-votre-logement\/","og_locale":"fr_FR","og_type":"article","og_title":"Comment reconna\u00eetre le type de ventilation dans votre logement ? - Qualitel | Particuliers","og_description":"Pour un environnement sain, renouvelez l\u2019air de votre logement avec une ventilation performante et une a\u00e9ration matin et soir. D\u00e9couvrez quel type de ventilation vous avez et comment v\u00e9rifier son bon fonctionnement.","og_url":"https:\/\/www.qualitel.org\/particuliers\/conseils\/comment-reconnaitre-le-type-de-ventilation-que-vous-avez-dans-votre-logement\/","og_site_name":"Qualitel | Particuliers","article_publisher":"https:\/\/www.facebook.com\/groupequalitel\/","article_published_time":"2020-09-03T10:17:18+00:00","article_modified_time":"2026-04-13T09:31:43+00:00","og_image":[{"width":1125,"height":750,"url":"https:\/\/www.qualitel.org\/particuliers\/wp\/..\/uploads\/Qualitel_reconnaitre_ventilation_logement.jpg","type":"image\/jpeg"}],"author":"admin_spintank","twitter_card":"summary_large_image","twitter_description":"Pour un environnement sain, renouvelez l\u2019air de votre logement avec une ventilation performante et une a\u00e9ration matin et soir. D\u00e9couvrez quel type de ventilation vous avez et comment v\u00e9rifier son bon fonctionnement.\n","twitter_creator":"@groupeQUALITEL","twitter_site":"@groupeQUALITEL","twitter_misc":{"Written by":"admin_spintank","Est. reading time":"13 minutes"},"schema":{"@context":"https:\/\/schema.org","@graph":[{"@type":"Article","@id":"https:\/\/www.qualitel.org\/particuliers\/conseils\/comment-reconnaitre-le-type-de-ventilation-que-vous-avez-dans-votre-logement\/#article","isPartOf":{"@id":"https:\/\/www.qualitel.org\/particuliers\/conseils\/comment-reconnaitre-le-type-de-ventilation-que-vous-avez-dans-votre-logement\/"},"author":{"name":"admin_spintank","@id":"https:\/\/www.qualitel.org\/particuliers\/#\/schema\/person\/6e9b830447102512c8bf6ba193a2ff86"},"headline":"Comment reconna\u00eetre le type de ventilation de votre appartement ou maison&nbsp;?","datePublished":"2020-09-03T10:17:18+00:00","dateModified":"2026-04-13T09:31:43+00:00","mainEntityOfPage":{"@id":"https:\/\/www.qualitel.org\/particuliers\/conseils\/comment-reconnaitre-le-type-de-ventilation-que-vous-avez-dans-votre-logement\/"},"wordCount":1220,"publisher":{"@id":"https:\/\/www.qualitel.org\/particuliers\/#organization"},"image":{"@id":"https:\/\/www.qualitel.org\/particuliers\/conseils\/comment-reconnaitre-le-type-de-ventilation-que-vous-avez-dans-votre-logement\/#primaryimage"},"thumbnailUrl":"https:\/\/www.qualitel.org\/particuliers\/wp\/..\/uploads\/Qualitel_reconnaitre_ventilation_logement.jpg","articleSection":["Confort","Sant\u00e9"],"inLanguage":"fr-FR"},{"@type":"WebPage","@id":"https:\/\/www.qualitel.org\/particuliers\/conseils\/comment-reconnaitre-le-type-de-ventilation-que-vous-avez-dans-votre-logement\/","url":"https:\/\/www.qualitel.org\/particuliers\/conseils\/comment-reconnaitre-le-type-de-ventilation-que-vous-avez-dans-votre-logement\/","name":"Comment reconna\u00eetre le type de ventilation dans votre logement ? - Qualitel | Particuliers","isPartOf":{"@id":"https:\/\/www.qualitel.org\/particuliers\/#website"},"primaryImageOfPage":{"@id":"https:\/\/www.qualitel.org\/particuliers\/conseils\/comment-reconnaitre-le-type-de-ventilation-que-vous-avez-dans-votre-logement\/#primaryimage"},"image":{"@id":"https:\/\/www.qualitel.org\/particuliers\/conseils\/comment-reconnaitre-le-type-de-ventilation-que-vous-avez-dans-votre-logement\/#primaryimage"},"thumbnailUrl":"https:\/\/www.qualitel.org\/particuliers\/wp\/..\/uploads\/Qualitel_reconnaitre_ventilation_logement.jpg","datePublished":"2020-09-03T10:17:18+00:00","dateModified":"2026-04-13T09:31:43+00:00","description":"Courants d\u2019air, traces d\u2019humidit\u00e9\u2026 Votre syst\u00e8me de ventilation date peut-\u00eatre un peu. Voici toutes les cl\u00e9s pour savoir quel \u00e9quipement est install\u00e9 chez vous.","breadcrumb":{"@id":"https:\/\/www.qualitel.org\/particuliers\/conseils\/comment-reconnaitre-le-type-de-ventilation-que-vous-avez-dans-votre-logement\/#breadcrumb"},"inLanguage":"fr-FR","potentialAction":[{"@type":"ReadAction","target":["https:\/\/www.qualitel.org\/particuliers\/conseils\/comment-reconnaitre-le-type-de-ventilation-que-vous-avez-dans-votre-logement\/"]}]},{"@type":"ImageObject","inLanguage":"fr-FR","@id":"https:\/\/www.qualitel.org\/particuliers\/conseils\/comment-reconnaitre-le-type-de-ventilation-que-vous-avez-dans-votre-logement\/#primaryimage","url":"https:\/\/www.qualitel.org\/particuliers\/wp\/..\/uploads\/Qualitel_reconnaitre_ventilation_logement.jpg","contentUrl":"https:\/\/www.qualitel.org\/particuliers\/wp\/..\/uploads\/Qualitel_reconnaitre_ventilation_logement.jpg","width":1125,"height":750},{"@type":"BreadcrumbList","@id":"https:\/\/www.qualitel.org\/particuliers\/conseils\/comment-reconnaitre-le-type-de-ventilation-que-vous-avez-dans-votre-logement\/#breadcrumb","itemListElement":[{"@type":"ListItem","position":1,"name":"Accueil","item":"https:\/\/www.qualitel.org\/particuliers\/"},{"@type":"ListItem","position":2,"name":"Comment reconna\u00eetre le type de ventilation de votre appartement ou maison ?"}]},{"@type":"WebSite","@id":"https:\/\/www.qualitel.org\/particuliers\/#website","url":"https:\/\/www.qualitel.org\/particuliers\/","name":"Qualitel | Particuliers","description":"","publisher":{"@id":"https:\/\/www.qualitel.org\/particuliers\/#organization"},"potentialAction":[{"@type":"SearchAction","target":{"@type":"EntryPoint","urlTemplate":"https:\/\/www.qualitel.org\/particuliers\/?s={search_term_string}"},"query-input":{"@type":"PropertyValueSpecification","valueRequired":true,"valueName":"search_term_string"}}],"inLanguage":"fr-FR"},{"@type":"Organization","@id":"https:\/\/www.qualitel.org\/particuliers\/#organization","name":"Qualitel | Particuliers","url":"https:\/\/www.qualitel.org\/particuliers\/","logo":{"@type":"ImageObject","inLanguage":"fr-FR","@id":"https:\/\/www.qualitel.org\/particuliers\/#\/schema\/logo\/image\/","url":"https:\/\/www.qualitel.org\/particuliers\/wp\/..\/uploads\/qualitel-squarelogo-1456752654225.png","contentUrl":"https:\/\/www.qualitel.org\/particuliers\/wp\/..\/uploads\/qualitel-squarelogo-1456752654225.png","width":180,"height":180,"caption":"Qualitel | Particuliers"},"image":{"@id":"https:\/\/www.qualitel.org\/particuliers\/#\/schema\/logo\/image\/"},"sameAs":["https:\/\/www.facebook.com\/groupequalitel\/","https:\/\/x.com\/groupeQUALITEL","https:\/\/www.instagram.com\/associationqualitel\/","https:\/\/www.pinterest.fr\/associationqualitel\/"]},{"@type":"Person","@id":"https:\/\/www.qualitel.org\/particuliers\/#\/schema\/person\/6e9b830447102512c8bf6ba193a2ff86","name":"admin_spintank","image":{"@type":"ImageObject","inLanguage":"fr-FR","@id":"https:\/\/www.qualitel.org\/particuliers\/#\/schema\/person\/image\/","url":"https:\/\/secure.gravatar.com\/avatar\/f14fdf8ed0513b5660a0aa721e644fda2d699ebaef6004caf78d743e3b04bfed?s=96&d=mm&r=g","contentUrl":"https:\/\/secure.gravatar.com\/avatar\/f14fdf8ed0513b5660a0aa721e644fda2d699ebaef6004caf78d743e3b04bfed?s=96&d=mm&r=g","caption":"admin_spintank"}}]}},"_links":{"self":[{"href":"https:\/\/www.qualitel.org\/particuliers\/wp-json\/wp\/v2\/posts\/3572","targetHints":{"allow":["GET"]}}],"collection":[{"href":"https:\/\/www.qualitel.org\/particuliers\/wp-json\/wp\/v2\/posts"}],"about":[{"href":"https:\/\/www.qualitel.org\/particuliers\/wp-json\/wp\/v2\/types\/post"}],"author":[{"embeddable":true,"href":"https:\/\/www.qualitel.org\/particuliers\/wp-json\/wp\/v2\/users\/49"}],"replies":[{"embeddable":true,"href":"https:\/\/www.qualitel.org\/particuliers\/wp-json\/wp\/v2\/comments?post=3572"}],"version-history":[{"count":97,"href":"https:\/\/www.qualitel.org\/particuliers\/wp-json\/wp\/v2\/posts\/3572\/revisions"}],"predecessor-version":[{"id":53265,"href":"https:\/\/www.qualitel.org\/particuliers\/wp-json\/wp\/v2\/posts\/3572\/revisions\/53265"}],"wp:featuredmedia":[{"embeddable":true,"href":"https:\/\/www.qualitel.org\/particuliers\/wp-json\/wp\/v2\/media\/18701"}],"wp:attachment":[{"href":"https:\/\/www.qualitel.org\/particuliers\/wp-json\/wp\/v2\/media?parent=3572"}],"wp:term":[{"taxonomy":"category","embeddable":true,"href":"https:\/\/www.qualitel.org\/particuliers\/wp-json\/wp\/v2\/categories?post=3572"},{"taxonomy":"tags","embeddable":true,"href":"https:\/\/www.qualitel.org\/particuliers\/wp-json\/wp\/v2\/tags?post=3572"},{"taxonomy":"article_type","embeddable":true,"href":"https:\/\/www.qualitel.org\/particuliers\/wp-json\/wp\/v2\/article_type?post=3572"},{"taxonomy":"benefice","embeddable":true,"href":"https:\/\/www.qualitel.org\/particuliers\/wp-json\/wp\/v2\/benefice?post=3572"}],"curies":[{"name":"wp","href":"https:\/\/api.w.org\/{rel}","templated":true}]}}