{"id":3703,"date":"2020-09-03T19:06:27","date_gmt":"2020-09-03T17:06:27","guid":{"rendered":"http:\/\/qualitel.org\/?p=3703"},"modified":"2024-07-30T10:29:30","modified_gmt":"2024-07-30T08:29:30","slug":"des-conseils-pour-bien-vous-proteger-contre-les-risques-incendies-dans-votre-logement","status":"publish","type":"post","link":"https:\/\/www.qualitel.org\/particuliers\/conseils\/des-conseils-pour-bien-vous-proteger-contre-les-risques-incendies-dans-votre-logement\/","title":{"rendered":"Comment vous prot\u00e9ger contre les risques d\u2019incendie dans votre logement&nbsp;?"},"content":{"rendered":"<p>Un incendie domestique d\u00e9marre toutes les <a href=\"https:\/\/www.ecologie.gouv.fr\/politiques-publiques\/protection-contre-incendies\" target=\"_blank\" rel=\"noopener\">2 minutes en France,<\/a> ce qui repr\u00e9sente plus de 250 000 incendies par an et plus de 100&nbsp;000 victimes.<\/p>\n<p>Saviez-vous que plus d\u2019un quart des incendies domestiques sont li\u00e9s \u00e0 une installation de gaz, de chauffage ou d\u2019\u00e9lectricit\u00e9 d\u00e9fectueuse&nbsp;?<\/p>\n<ul>\n<li>Pour limiter les cas d\u2019incendie, <strong>pensez \u00e0 remplacer imm\u00e9diatement une prise \u00e9lectrique ou un interrupteur d\u00e8s qu\u2019il vous para\u00eet v\u00e9tuste ou ab\u00eem\u00e9 par un choc. <\/strong>Ce r\u00e9flexe permet d\u2019\u00e9viter les courts-circuits \u00e0 l\u2019origine des incendies dans les habitations.<\/li>\n<li><strong>\u00c9vitez de brancher trop d\u2019appareils sur une m\u00eame prise.&nbsp;<\/strong>En surchargeant une multiprise (qui est normalement r\u00e9serv\u00e9e \u00e0 des appareils de faible puissance), vous risquez de provoquer une surchauffe et un d\u00e9part de feu.<\/li>\n<li><strong>Dans le cadre des mesures de pr\u00e9vention d\u2019un risque d\u2019incendie, v\u00e9rifiez que vos installations \u00e9lectriques sont bien aux normes. La norme NF C 15-100 est actuellement en vigueur en France.<\/strong> Si vous avez des doutes sur la qualit\u00e9 ou la v\u00e9tust\u00e9 de votre installation, il est peut-\u00eatre temps de la <a href=\"https:\/\/www.qualitel.org\/particuliers\/travaux-renovation\/electricite\/\" rel=\"noopener\">r\u00e9nover<\/a> ou de faire appel \u00e0 un <a href=\"https:\/\/www.qualitel.org\/particuliers\/pros-batiment\/choisir-electricien\/\" rel=\"noopener\">\u00e9lectricien<\/a>.<\/li>\n<\/ul>\n<h3>Faites entretenir votre chaudi\u00e8re par un chauffagiste 1 fois par an<\/h3>\n<p>C\u2019est une obligation l\u00e9gale depuis le d\u00e9cret du 9 juin 2009 pour toute chaudi\u00e8re dont la puissance est comprise entre 4 et 400 kW. Apr\u00e8s sa visite, le <a href=\"https:\/\/www.qualitel.org\/particuliers\/pros-batiment\/choisir-plombier-chauffagiste\/\">chauffagiste<\/a> doit vous remettre dans les quinze jours un proc\u00e8s-verbal avec la liste des points v\u00e9rifi\u00e9s et des d\u00e9fauts corrig\u00e9s. Vous devez le conserver pendant deux ans.<\/p>\n<h3>Changez les tuyaux flexibles qui alimentent votre cuisini\u00e8re \u00e0 gaz<\/h3>\n<p>Leur date de validit\u00e9 est inscrite sur le tuyau. N\u2019attendez pas cette date si le tuyau est craquel\u00e9 ou fissur\u00e9, changez-le imm\u00e9diatement pour \u00e9viter de provoquer un d\u00e9but d\u2019incendie&nbsp;! Dans le cadre de la pr\u00e9vention incendie, veillez \u00e9galement \u00e0 ce que le tuyau de raccordement soit <strong>\u00e9loign\u00e9 de toute source de chaleur (radiateur notamment).<\/strong><\/p>\n<h3>Entretenez les br\u00fbleurs de votre cuisini\u00e8re<\/h3>\n<p>Les r\u00e9sidus de gras peuvent obstruer les br\u00fbleurs, emp\u00eacher leur bon fonctionnement ou m\u00eame prendre feu et provoquer un sinistre.<\/p>\n<p>Depuis le 1<sup>er<\/sup> avril 2010 dans le cadre de la r\u00e9vision de la <a href=\"https:\/\/www.boutique.afnor.org\/norme\/nf-en-30-1-1a3\/appareils-de-cuisson-domestiques-utilisant-les-combustibles-gazeux-partie-1-1-securite-generalites\/article\/810056\/fa181416\" target=\"_blank\" rel=\"noopener\">norme NF EN 30-1-1<\/a>, tous les br\u00fbleurs des appareils de cuisson au gaz doivent disposer d\u2019une \u00ab&nbsp;s\u00e9curit\u00e9 de flamme&nbsp;\u00bb, qui coupe automatiquement le gaz lorsque la flamme s\u2019\u00e9teint.<\/p>\n<p><strong>Nettoyez le plus souvent possible les filtres de votre hotte<\/strong> aspirante, car le gras qui s\u2019y d\u00e9pose peut facilement s\u2019enflammer. Pour les hottes \u00e0 extraction et \u00e0 recyclage,<strong> lavez tous les deux mois le filtre \u00e0 graisse <\/strong>en le laissant tremper<strong> 15 minutes dans une eau savonneuse<\/strong>, puis <strong>rincez abondamment<\/strong>. Si vous poss\u00e9dez<strong> une hotte \u00e0 recyclage<\/strong>, vous devrez<strong> remplacer le filtre \u00e0 charbon actif <\/strong>tous les 4 mois.<\/p>\n<p>V\u00e9rifiez sur le mode d\u2019emploi si vos filtres peuvent aller au lave-vaisselle, un mode de lavage bien pratique.<\/p>\n<p>Si vous avez une <a href=\"https:\/\/www.qualitel.org\/particuliers\/equipements-et-materiaux-maison\/chauffage\/cheminees-poeles-inserts-ou-foyers-fermes\/\">chemin\u00e9e, un insert ou un po\u00eale<\/a>, vous devez faire ramoner et v\u00e9rifier le conduit de fum\u00e9e <strong>1 \u00e0 2 fois par an dont 1 fois en p\u00e9riode de chauffe<\/strong>, par votre chauffagiste ou une entreprise de ramonage. V\u00e9rifiez la r\u00e9glementation locale qui s\u2019applique \u00e0 votre appareil de chauffage. L\u2019entretien des conduits de raccordement doit \u00e9galement \u00eatre fait \u00e0 cette occasion.<\/p>\n<p>Si vous poss\u00e9dez une chemin\u00e9e ou un <a href=\"https:\/\/www.qualitel.org\/particuliers\/equipements-et-materiaux-maison\/chauffage\/poeles\/\">po\u00eale<\/a>, nous vous recommandons \u00e9galement d\u2019investir dans des extincteurs. En effet, au cas o\u00f9 une braise venait \u00e0 s\u2019\u00e9chapper du foyer et enflammer des objets, un extincteur vous permettrait de limiter imm\u00e9diatement la propagation du feu et de mener une lutte contre l\u2019incendie avant l\u2019arriv\u00e9e des pompiers.<\/p>\n<p>Conservez bien le compte-rendu de ramonage remis en fin d\u2019intervention jusqu\u2019\u00e0 la prochaine intervention.<\/p>\n<p><strong>Tous les produits d\u2019entretien combustibles, les bombes a\u00e9rosols, les peintures, les cartons ou encore les tissus dont la r\u00e9sistance au feu est faible doivent \u00eatre imp\u00e9rativement \u00e9loign\u00e9s des sources de chaleur<\/strong> telles qu\u2019un radiateur, une chaudi\u00e8re, une lampe halog\u00e8ne, un chauffage au bois et ce, pour limiter tous les risques d\u2019incendie. N\u2019h\u00e9sitez pas \u00e0 les ranger dans un <strong>placard ferm\u00e9<\/strong>, \u00e0 l\u2019abri et <strong>en hauteur<\/strong> pour \u00e9viter que les enfants puissent y acc\u00e9der. <strong>Placez, dans un autre endroit de votre logement, les briquets, les allumettes ou les allumes gaz.<\/strong><\/p>\n<p>Avoir un <strong>d\u00e9tecteur de fum\u00e9e<\/strong> est obligatoire dans tous les logements&nbsp;: il joue le r\u00f4le d\u2019alarme incendie, \u00e0 condition d\u2019\u00eatre bien entretenu et fonctionnel. Si un incendie se d\u00e9clare, vous serez tout de suite averti par la sir\u00e8ne du <strong>DAAF (d\u00e9tecteur autonome avertisseur de fum\u00e9e)<\/strong> et pourrez pr\u00e9venir les sapeurs-pompiers plus rapidement. Ce dispositif de protection contre l\u2019incendie et ses fum\u00e9es est essentiel pour sauvegarder la s\u00e9curit\u00e9 des occupants du logement et alerter les services de secours aptes \u00e0 \u00e9teindre les flammes.<\/p>\n<p>En revanche, ce n\u2019est pas obligatoire de poss\u00e9der des<strong> extincteurs<\/strong> chez soi.<\/p>\n<p>Pour en savoir plus, voici nos conseils pour <a href=\"https:\/\/www.qualitel.org\/particuliers\/conseils\/comment-securiser-votre-logement\/\">s\u00e9curiser votre appartement pour vous et contre les intrusions<\/a>.<\/p>\n","protected":false},"excerpt":{"rendered":"<p>Un incendie domestique d\u00e9marre toutes les 2 minutes en France, ce qui repr\u00e9sente plus de 250 000 incendies par an et plus de 100&nbsp;000 victimes. Saviez-vous que plus d\u2019un quart des incendies domestiques sont li\u00e9s \u00e0 une installation de gaz, de chauffage ou d\u2019\u00e9lectricit\u00e9 d\u00e9fectueuse&nbsp;? Pour limiter les cas d\u2019incendie, pensez \u00e0 remplacer imm\u00e9diatement une \u2026 <\/p>\n","protected":false},"author":49,"featured_media":18620,"comment_status":"closed","ping_status":"closed","sticky":false,"template":"","format":"standard","meta":{"_acf_changed":false,"wp_typography_post_enhancements_disabled":false,"footnotes":""},"categories":[220],"tags":[436,443,486],"article_type":[298],"benefice":[351],"class_list":["post-3703","post","type-post","status-publish","format-standard","has-post-thumbnail","hentry","category-securite","tags-choix-equipement","tags-energie","tags-securite","article_type-les-bons-choix","benefice-securite"],"acf":[],"yoast_head":"<!-- This site is optimized with the Yoast SEO plugin v26.2 - https:\/\/yoast.com\/wordpress\/plugins\/seo\/ -->\n<title>Comment prot\u00e9ger votre logement contre les risques d\u2019incendies ? - Qualitel | Particuliers<\/title>\n<meta name=\"description\" content=\"Un bon entretien de vos \u00e9quipements \u00e9lectriques, de gaz et de chauffage contribue \u00e0 la pr\u00e9vention contre les incendies domestiques. Voici nos conseils pour votre s\u00e9curit\u00e9 incendie.\" \/>\n<meta name=\"robots\" content=\"index, follow, max-snippet:-1, max-image-preview:large, max-video-preview:-1\" \/>\n<link rel=\"canonical\" href=\"https:\/\/www.qualitel.org\/particuliers\/conseils\/des-conseils-pour-bien-vous-proteger-contre-les-risques-incendies-dans-votre-logement\/\" \/>\n<meta property=\"og:locale\" content=\"fr_FR\" \/>\n<meta property=\"og:type\" content=\"article\" \/>\n<meta property=\"og:title\" content=\"Comment prot\u00e9ger votre logement contre les risques d\u2019incendies ? - Qualitel | Particuliers\" \/>\n<meta property=\"og:description\" content=\"Pour vous pr\u00e9munir contre les risques d\u2019incendie domestique, il est crucial de bien entretenir vos \u00e9quipements \u00e9lectriques, au gaz et de chauffage. Suivez ces conseils pour garantir la s\u00e9curit\u00e9 de votre foyer et de vos proches.\" \/>\n<meta property=\"og:url\" content=\"https:\/\/www.qualitel.org\/particuliers\/conseils\/des-conseils-pour-bien-vous-proteger-contre-les-risques-incendies-dans-votre-logement\/\" \/>\n<meta property=\"og:site_name\" content=\"Qualitel | Particuliers\" \/>\n<meta property=\"article:publisher\" content=\"https:\/\/www.facebook.com\/groupequalitel\/\" \/>\n<meta property=\"article:published_time\" content=\"2020-09-03T17:06:27+00:00\" \/>\n<meta property=\"article:modified_time\" content=\"2024-07-30T08:29:30+00:00\" \/>\n<meta property=\"og:image\" content=\"https:\/\/www.qualitel.org\/particuliers\/wp\/..\/uploads\/Qualitel_protection_incendie_logement.jpg\" \/>\n\t<meta property=\"og:image:width\" content=\"1125\" \/>\n\t<meta property=\"og:image:height\" content=\"750\" \/>\n\t<meta property=\"og:image:type\" content=\"image\/jpeg\" \/>\n<meta name=\"author\" content=\"admin_spintank\" \/>\n<meta name=\"twitter:card\" content=\"summary_large_image\" \/>\n<meta name=\"twitter:description\" content=\"Pour vous pr\u00e9munir contre les risques d\u2019incendie domestique, il est crucial de bien entretenir vos \u00e9quipements \u00e9lectriques, au gaz et de chauffage. Suivez ces conseils pour garantir la s\u00e9curit\u00e9 de votre foyer et de vos proches.\n\" \/>\n<meta name=\"twitter:creator\" content=\"@groupeQUALITEL\" \/>\n<meta name=\"twitter:site\" content=\"@groupeQUALITEL\" \/>\n<meta name=\"twitter:label1\" content=\"Written by\" \/>\n\t<meta name=\"twitter:data1\" content=\"admin_spintank\" \/>\n\t<meta name=\"twitter:label2\" content=\"Est. reading time\" \/>\n\t<meta name=\"twitter:data2\" content=\"5 minutes\" \/>\n<script type=\"application\/ld+json\" class=\"yoast-schema-graph\">{\"@context\":\"https:\/\/schema.org\",\"@graph\":[{\"@type\":\"Article\",\"@id\":\"https:\/\/www.qualitel.org\/particuliers\/conseils\/des-conseils-pour-bien-vous-proteger-contre-les-risques-incendies-dans-votre-logement\/#article\",\"isPartOf\":{\"@id\":\"https:\/\/www.qualitel.org\/particuliers\/conseils\/des-conseils-pour-bien-vous-proteger-contre-les-risques-incendies-dans-votre-logement\/\"},\"author\":{\"name\":\"admin_spintank\",\"@id\":\"https:\/\/www.qualitel.org\/particuliers\/#\/schema\/person\/6e9b830447102512c8bf6ba193a2ff86\"},\"headline\":\"Comment vous prot\u00e9ger contre les risques d\u2019incendie dans votre logement&nbsp;?\",\"datePublished\":\"2020-09-03T17:06:27+00:00\",\"dateModified\":\"2024-07-30T08:29:30+00:00\",\"mainEntityOfPage\":{\"@id\":\"https:\/\/www.qualitel.org\/particuliers\/conseils\/des-conseils-pour-bien-vous-proteger-contre-les-risques-incendies-dans-votre-logement\/\"},\"wordCount\":880,\"publisher\":{\"@id\":\"https:\/\/www.qualitel.org\/particuliers\/#organization\"},\"image\":{\"@id\":\"https:\/\/www.qualitel.org\/particuliers\/conseils\/des-conseils-pour-bien-vous-proteger-contre-les-risques-incendies-dans-votre-logement\/#primaryimage\"},\"thumbnailUrl\":\"https:\/\/www.qualitel.org\/particuliers\/wp\/..\/uploads\/Qualitel_protection_incendie_logement.jpg\",\"articleSection\":[\"S\u00e9curit\u00e9\"],\"inLanguage\":\"fr-FR\"},{\"@type\":\"WebPage\",\"@id\":\"https:\/\/www.qualitel.org\/particuliers\/conseils\/des-conseils-pour-bien-vous-proteger-contre-les-risques-incendies-dans-votre-logement\/\",\"url\":\"https:\/\/www.qualitel.org\/particuliers\/conseils\/des-conseils-pour-bien-vous-proteger-contre-les-risques-incendies-dans-votre-logement\/\",\"name\":\"Comment prot\u00e9ger votre logement contre les risques d\u2019incendies ? - Qualitel | Particuliers\",\"isPartOf\":{\"@id\":\"https:\/\/www.qualitel.org\/particuliers\/#website\"},\"primaryImageOfPage\":{\"@id\":\"https:\/\/www.qualitel.org\/particuliers\/conseils\/des-conseils-pour-bien-vous-proteger-contre-les-risques-incendies-dans-votre-logement\/#primaryimage\"},\"image\":{\"@id\":\"https:\/\/www.qualitel.org\/particuliers\/conseils\/des-conseils-pour-bien-vous-proteger-contre-les-risques-incendies-dans-votre-logement\/#primaryimage\"},\"thumbnailUrl\":\"https:\/\/www.qualitel.org\/particuliers\/wp\/..\/uploads\/Qualitel_protection_incendie_logement.jpg\",\"datePublished\":\"2020-09-03T17:06:27+00:00\",\"dateModified\":\"2024-07-30T08:29:30+00:00\",\"description\":\"Un bon entretien de vos \u00e9quipements \u00e9lectriques, de gaz et de chauffage contribue \u00e0 la pr\u00e9vention contre les incendies domestiques. Voici nos conseils pour votre s\u00e9curit\u00e9 incendie.\",\"breadcrumb\":{\"@id\":\"https:\/\/www.qualitel.org\/particuliers\/conseils\/des-conseils-pour-bien-vous-proteger-contre-les-risques-incendies-dans-votre-logement\/#breadcrumb\"},\"inLanguage\":\"fr-FR\",\"potentialAction\":[{\"@type\":\"ReadAction\",\"target\":[\"https:\/\/www.qualitel.org\/particuliers\/conseils\/des-conseils-pour-bien-vous-proteger-contre-les-risques-incendies-dans-votre-logement\/\"]}]},{\"@type\":\"ImageObject\",\"inLanguage\":\"fr-FR\",\"@id\":\"https:\/\/www.qualitel.org\/particuliers\/conseils\/des-conseils-pour-bien-vous-proteger-contre-les-risques-incendies-dans-votre-logement\/#primaryimage\",\"url\":\"https:\/\/www.qualitel.org\/particuliers\/wp\/..\/uploads\/Qualitel_protection_incendie_logement.jpg\",\"contentUrl\":\"https:\/\/www.qualitel.org\/particuliers\/wp\/..\/uploads\/Qualitel_protection_incendie_logement.jpg\",\"width\":1125,\"height\":750},{\"@type\":\"BreadcrumbList\",\"@id\":\"https:\/\/www.qualitel.org\/particuliers\/conseils\/des-conseils-pour-bien-vous-proteger-contre-les-risques-incendies-dans-votre-logement\/#breadcrumb\",\"itemListElement\":[{\"@type\":\"ListItem\",\"position\":1,\"name\":\"Accueil\",\"item\":\"https:\/\/www.qualitel.org\/particuliers\/\"},{\"@type\":\"ListItem\",\"position\":2,\"name\":\"Comment vous prot\u00e9ger contre les risques d\u2019incendie dans votre logement&nbsp;?\"}]},{\"@type\":\"WebSite\",\"@id\":\"https:\/\/www.qualitel.org\/particuliers\/#website\",\"url\":\"https:\/\/www.qualitel.org\/particuliers\/\",\"name\":\"Qualitel | Particuliers\",\"description\":\"\",\"publisher\":{\"@id\":\"https:\/\/www.qualitel.org\/particuliers\/#organization\"},\"potentialAction\":[{\"@type\":\"SearchAction\",\"target\":{\"@type\":\"EntryPoint\",\"urlTemplate\":\"https:\/\/www.qualitel.org\/particuliers\/?s={search_term_string}\"},\"query-input\":{\"@type\":\"PropertyValueSpecification\",\"valueRequired\":true,\"valueName\":\"search_term_string\"}}],\"inLanguage\":\"fr-FR\"},{\"@type\":\"Organization\",\"@id\":\"https:\/\/www.qualitel.org\/particuliers\/#organization\",\"name\":\"Qualitel | Particuliers\",\"url\":\"https:\/\/www.qualitel.org\/particuliers\/\",\"logo\":{\"@type\":\"ImageObject\",\"inLanguage\":\"fr-FR\",\"@id\":\"https:\/\/www.qualitel.org\/particuliers\/#\/schema\/logo\/image\/\",\"url\":\"https:\/\/www.qualitel.org\/particuliers\/wp\/..\/uploads\/qualitel-squarelogo-1456752654225.png\",\"contentUrl\":\"https:\/\/www.qualitel.org\/particuliers\/wp\/..\/uploads\/qualitel-squarelogo-1456752654225.png\",\"width\":180,\"height\":180,\"caption\":\"Qualitel | Particuliers\"},\"image\":{\"@id\":\"https:\/\/www.qualitel.org\/particuliers\/#\/schema\/logo\/image\/\"},\"sameAs\":[\"https:\/\/www.facebook.com\/groupequalitel\/\",\"https:\/\/x.com\/groupeQUALITEL\",\"https:\/\/www.instagram.com\/associationqualitel\/\",\"https:\/\/www.pinterest.fr\/associationqualitel\/\"]},{\"@type\":\"Person\",\"@id\":\"https:\/\/www.qualitel.org\/particuliers\/#\/schema\/person\/6e9b830447102512c8bf6ba193a2ff86\",\"name\":\"admin_spintank\",\"image\":{\"@type\":\"ImageObject\",\"inLanguage\":\"fr-FR\",\"@id\":\"https:\/\/www.qualitel.org\/particuliers\/#\/schema\/person\/image\/\",\"url\":\"https:\/\/secure.gravatar.com\/avatar\/f14fdf8ed0513b5660a0aa721e644fda2d699ebaef6004caf78d743e3b04bfed?s=96&d=mm&r=g\",\"contentUrl\":\"https:\/\/secure.gravatar.com\/avatar\/f14fdf8ed0513b5660a0aa721e644fda2d699ebaef6004caf78d743e3b04bfed?s=96&d=mm&r=g\",\"caption\":\"admin_spintank\"}}]}<\/script>\n<!-- \/ Yoast SEO plugin. -->","yoast_head_json":{"title":"Comment prot\u00e9ger votre logement contre les risques d\u2019incendies ? - Qualitel | Particuliers","description":"Un bon entretien de vos \u00e9quipements \u00e9lectriques, de gaz et de chauffage contribue \u00e0 la pr\u00e9vention contre les incendies domestiques. Voici nos conseils pour votre s\u00e9curit\u00e9 incendie.","robots":{"index":"index","follow":"follow","max-snippet":"max-snippet:-1","max-image-preview":"max-image-preview:large","max-video-preview":"max-video-preview:-1"},"canonical":"https:\/\/www.qualitel.org\/particuliers\/conseils\/des-conseils-pour-bien-vous-proteger-contre-les-risques-incendies-dans-votre-logement\/","og_locale":"fr_FR","og_type":"article","og_title":"Comment prot\u00e9ger votre logement contre les risques d\u2019incendies ? - Qualitel | Particuliers","og_description":"Pour vous pr\u00e9munir contre les risques d\u2019incendie domestique, il est crucial de bien entretenir vos \u00e9quipements \u00e9lectriques, au gaz et de chauffage. Suivez ces conseils pour garantir la s\u00e9curit\u00e9 de votre foyer et de vos proches.","og_url":"https:\/\/www.qualitel.org\/particuliers\/conseils\/des-conseils-pour-bien-vous-proteger-contre-les-risques-incendies-dans-votre-logement\/","og_site_name":"Qualitel | Particuliers","article_publisher":"https:\/\/www.facebook.com\/groupequalitel\/","article_published_time":"2020-09-03T17:06:27+00:00","article_modified_time":"2024-07-30T08:29:30+00:00","og_image":[{"width":1125,"height":750,"url":"https:\/\/www.qualitel.org\/particuliers\/wp\/..\/uploads\/Qualitel_protection_incendie_logement.jpg","type":"image\/jpeg"}],"author":"admin_spintank","twitter_card":"summary_large_image","twitter_description":"Pour vous pr\u00e9munir contre les risques d\u2019incendie domestique, il est crucial de bien entretenir vos \u00e9quipements \u00e9lectriques, au gaz et de chauffage. Suivez ces conseils pour garantir la s\u00e9curit\u00e9 de votre foyer et de vos proches.\n","twitter_creator":"@groupeQUALITEL","twitter_site":"@groupeQUALITEL","twitter_misc":{"Written by":"admin_spintank","Est. reading time":"5 minutes"},"schema":{"@context":"https:\/\/schema.org","@graph":[{"@type":"Article","@id":"https:\/\/www.qualitel.org\/particuliers\/conseils\/des-conseils-pour-bien-vous-proteger-contre-les-risques-incendies-dans-votre-logement\/#article","isPartOf":{"@id":"https:\/\/www.qualitel.org\/particuliers\/conseils\/des-conseils-pour-bien-vous-proteger-contre-les-risques-incendies-dans-votre-logement\/"},"author":{"name":"admin_spintank","@id":"https:\/\/www.qualitel.org\/particuliers\/#\/schema\/person\/6e9b830447102512c8bf6ba193a2ff86"},"headline":"Comment vous prot\u00e9ger contre les risques d\u2019incendie dans votre logement&nbsp;?","datePublished":"2020-09-03T17:06:27+00:00","dateModified":"2024-07-30T08:29:30+00:00","mainEntityOfPage":{"@id":"https:\/\/www.qualitel.org\/particuliers\/conseils\/des-conseils-pour-bien-vous-proteger-contre-les-risques-incendies-dans-votre-logement\/"},"wordCount":880,"publisher":{"@id":"https:\/\/www.qualitel.org\/particuliers\/#organization"},"image":{"@id":"https:\/\/www.qualitel.org\/particuliers\/conseils\/des-conseils-pour-bien-vous-proteger-contre-les-risques-incendies-dans-votre-logement\/#primaryimage"},"thumbnailUrl":"https:\/\/www.qualitel.org\/particuliers\/wp\/..\/uploads\/Qualitel_protection_incendie_logement.jpg","articleSection":["S\u00e9curit\u00e9"],"inLanguage":"fr-FR"},{"@type":"WebPage","@id":"https:\/\/www.qualitel.org\/particuliers\/conseils\/des-conseils-pour-bien-vous-proteger-contre-les-risques-incendies-dans-votre-logement\/","url":"https:\/\/www.qualitel.org\/particuliers\/conseils\/des-conseils-pour-bien-vous-proteger-contre-les-risques-incendies-dans-votre-logement\/","name":"Comment prot\u00e9ger votre logement contre les risques d\u2019incendies ? - Qualitel | Particuliers","isPartOf":{"@id":"https:\/\/www.qualitel.org\/particuliers\/#website"},"primaryImageOfPage":{"@id":"https:\/\/www.qualitel.org\/particuliers\/conseils\/des-conseils-pour-bien-vous-proteger-contre-les-risques-incendies-dans-votre-logement\/#primaryimage"},"image":{"@id":"https:\/\/www.qualitel.org\/particuliers\/conseils\/des-conseils-pour-bien-vous-proteger-contre-les-risques-incendies-dans-votre-logement\/#primaryimage"},"thumbnailUrl":"https:\/\/www.qualitel.org\/particuliers\/wp\/..\/uploads\/Qualitel_protection_incendie_logement.jpg","datePublished":"2020-09-03T17:06:27+00:00","dateModified":"2024-07-30T08:29:30+00:00","description":"Un bon entretien de vos \u00e9quipements \u00e9lectriques, de gaz et de chauffage contribue \u00e0 la pr\u00e9vention contre les incendies domestiques. Voici nos conseils pour votre s\u00e9curit\u00e9 incendie.","breadcrumb":{"@id":"https:\/\/www.qualitel.org\/particuliers\/conseils\/des-conseils-pour-bien-vous-proteger-contre-les-risques-incendies-dans-votre-logement\/#breadcrumb"},"inLanguage":"fr-FR","potentialAction":[{"@type":"ReadAction","target":["https:\/\/www.qualitel.org\/particuliers\/conseils\/des-conseils-pour-bien-vous-proteger-contre-les-risques-incendies-dans-votre-logement\/"]}]},{"@type":"ImageObject","inLanguage":"fr-FR","@id":"https:\/\/www.qualitel.org\/particuliers\/conseils\/des-conseils-pour-bien-vous-proteger-contre-les-risques-incendies-dans-votre-logement\/#primaryimage","url":"https:\/\/www.qualitel.org\/particuliers\/wp\/..\/uploads\/Qualitel_protection_incendie_logement.jpg","contentUrl":"https:\/\/www.qualitel.org\/particuliers\/wp\/..\/uploads\/Qualitel_protection_incendie_logement.jpg","width":1125,"height":750},{"@type":"BreadcrumbList","@id":"https:\/\/www.qualitel.org\/particuliers\/conseils\/des-conseils-pour-bien-vous-proteger-contre-les-risques-incendies-dans-votre-logement\/#breadcrumb","itemListElement":[{"@type":"ListItem","position":1,"name":"Accueil","item":"https:\/\/www.qualitel.org\/particuliers\/"},{"@type":"ListItem","position":2,"name":"Comment vous prot\u00e9ger contre les risques d\u2019incendie dans votre logement&nbsp;?"}]},{"@type":"WebSite","@id":"https:\/\/www.qualitel.org\/particuliers\/#website","url":"https:\/\/www.qualitel.org\/particuliers\/","name":"Qualitel | Particuliers","description":"","publisher":{"@id":"https:\/\/www.qualitel.org\/particuliers\/#organization"},"potentialAction":[{"@type":"SearchAction","target":{"@type":"EntryPoint","urlTemplate":"https:\/\/www.qualitel.org\/particuliers\/?s={search_term_string}"},"query-input":{"@type":"PropertyValueSpecification","valueRequired":true,"valueName":"search_term_string"}}],"inLanguage":"fr-FR"},{"@type":"Organization","@id":"https:\/\/www.qualitel.org\/particuliers\/#organization","name":"Qualitel | Particuliers","url":"https:\/\/www.qualitel.org\/particuliers\/","logo":{"@type":"ImageObject","inLanguage":"fr-FR","@id":"https:\/\/www.qualitel.org\/particuliers\/#\/schema\/logo\/image\/","url":"https:\/\/www.qualitel.org\/particuliers\/wp\/..\/uploads\/qualitel-squarelogo-1456752654225.png","contentUrl":"https:\/\/www.qualitel.org\/particuliers\/wp\/..\/uploads\/qualitel-squarelogo-1456752654225.png","width":180,"height":180,"caption":"Qualitel | Particuliers"},"image":{"@id":"https:\/\/www.qualitel.org\/particuliers\/#\/schema\/logo\/image\/"},"sameAs":["https:\/\/www.facebook.com\/groupequalitel\/","https:\/\/x.com\/groupeQUALITEL","https:\/\/www.instagram.com\/associationqualitel\/","https:\/\/www.pinterest.fr\/associationqualitel\/"]},{"@type":"Person","@id":"https:\/\/www.qualitel.org\/particuliers\/#\/schema\/person\/6e9b830447102512c8bf6ba193a2ff86","name":"admin_spintank","image":{"@type":"ImageObject","inLanguage":"fr-FR","@id":"https:\/\/www.qualitel.org\/particuliers\/#\/schema\/person\/image\/","url":"https:\/\/secure.gravatar.com\/avatar\/f14fdf8ed0513b5660a0aa721e644fda2d699ebaef6004caf78d743e3b04bfed?s=96&d=mm&r=g","contentUrl":"https:\/\/secure.gravatar.com\/avatar\/f14fdf8ed0513b5660a0aa721e644fda2d699ebaef6004caf78d743e3b04bfed?s=96&d=mm&r=g","caption":"admin_spintank"}}]}},"_links":{"self":[{"href":"https:\/\/www.qualitel.org\/particuliers\/wp-json\/wp\/v2\/posts\/3703","targetHints":{"allow":["GET"]}}],"collection":[{"href":"https:\/\/www.qualitel.org\/particuliers\/wp-json\/wp\/v2\/posts"}],"about":[{"href":"https:\/\/www.qualitel.org\/particuliers\/wp-json\/wp\/v2\/types\/post"}],"author":[{"embeddable":true,"href":"https:\/\/www.qualitel.org\/particuliers\/wp-json\/wp\/v2\/users\/49"}],"replies":[{"embeddable":true,"href":"https:\/\/www.qualitel.org\/particuliers\/wp-json\/wp\/v2\/comments?post=3703"}],"version-history":[{"count":106,"href":"https:\/\/www.qualitel.org\/particuliers\/wp-json\/wp\/v2\/posts\/3703\/revisions"}],"predecessor-version":[{"id":46453,"href":"https:\/\/www.qualitel.org\/particuliers\/wp-json\/wp\/v2\/posts\/3703\/revisions\/46453"}],"wp:featuredmedia":[{"embeddable":true,"href":"https:\/\/www.qualitel.org\/particuliers\/wp-json\/wp\/v2\/media\/18620"}],"wp:attachment":[{"href":"https:\/\/www.qualitel.org\/particuliers\/wp-json\/wp\/v2\/media?parent=3703"}],"wp:term":[{"taxonomy":"category","embeddable":true,"href":"https:\/\/www.qualitel.org\/particuliers\/wp-json\/wp\/v2\/categories?post=3703"},{"taxonomy":"tags","embeddable":true,"href":"https:\/\/www.qualitel.org\/particuliers\/wp-json\/wp\/v2\/tags?post=3703"},{"taxonomy":"article_type","embeddable":true,"href":"https:\/\/www.qualitel.org\/particuliers\/wp-json\/wp\/v2\/article_type?post=3703"},{"taxonomy":"benefice","embeddable":true,"href":"https:\/\/www.qualitel.org\/particuliers\/wp-json\/wp\/v2\/benefice?post=3703"}],"curies":[{"name":"wp","href":"https:\/\/api.w.org\/{rel}","templated":true}]}}