{"id":42870,"date":"2023-12-13T11:39:37","date_gmt":"2023-12-13T10:39:37","guid":{"rendered":"https:\/\/www.qualitel.org\/particuliers\/?p=42870"},"modified":"2024-12-20T14:01:27","modified_gmt":"2024-12-20T13:01:27","slug":"faut-il-diminuer-son-chauffage-la-nuit-comprendre-et-economiser","status":"publish","type":"post","link":"https:\/\/www.qualitel.org\/particuliers\/conseils\/faut-il-baisser-chauffage-la-nuit\/","title":{"rendered":"Faut-il diminuer son chauffage la nuit&nbsp;? Comprendre et \u00e9conomiser"},"content":{"rendered":"<p>La nuit lorsque l\u2019on dort, il n\u2019est pas n\u00e9cessaire de maintenir une temp\u00e9rature trop \u00e9lev\u00e9e dans son logement, que ce soit pour les pi\u00e8ces inoccup\u00e9es, mais \u00e9galement en ce qui concerne la chambre. Il est d\u2019ailleurs <strong>recommand\u00e9 de baisser un peu son chauffage dans la chambre pour une meilleure qualit\u00e9 de sommeil<\/strong>. Cette initiative permet entre autres, de s\u2019endormir plus facilement, de dormir mieux et plus profond\u00e9ment, et de r\u00e9aliser en plus, des \u00e9conomies d\u2019\u00e9nergie&nbsp;!<\/p>\n<p>Cependant, il n\u2019y a pas de r\u00e8gle universelle, les b\u00e9n\u00e9fices constat\u00e9s en baissant son chauffage la nuit vont d\u00e9pendre du type de chauffage, de l\u2019isolation de son logement et de son inertie thermique.<\/p>\n<p>Retrouvez <a href=\"https:\/\/www.qualitel.org\/particuliers\/conseils\/chauffage-quelle-est-la-bonne-temperature-pour-votre-logement\/\">nos conseils pour conna\u00eetre la bonne temp\u00e9rature dans votre logement<\/a>.<\/p>\n<h3>Quand baisser la temp\u00e9rature et quand la remonter&nbsp;?<\/h3>\n<p>Si vous baissez manuellement votre chauffage, vous pouvez le faire<strong> juste avant de vous coucher<\/strong> dans toutes les pi\u00e8ces de la maison. <strong>Le matin<\/strong>, commencez par <strong>a\u00e9rer votre pi\u00e8ce<\/strong>, puis vous pouvez remonter la temp\u00e9rature de vos radiateurs. La temp\u00e9rature recommand\u00e9e par l\u2019Ademe dans le logement est de 19\u00b0C la journ\u00e9e.<\/p>\n<p>En revanche, si vous \u00eates \u00e9quip\u00e9 d\u2019un thermostat programmable pour vos radiateurs, vous pouvez programmer \u00e0 l\u2019avance de remonter la temp\u00e9rature une \u00e0 deux heures avant votre r\u00e9veil. C\u2019est un excellent moyen pour b\u00e9n\u00e9ficier d\u2019une temp\u00e9rature confortable dans votre logement d\u00e8s le matin.<\/p>\n<h3>De combien baisser la temp\u00e9rature&nbsp;?<\/h3>\n<p>Une temp\u00e9rature b\u00e9n\u00e9fique dans <strong>une chambre<\/strong>, la nuit, est estim\u00e9e \u00e0<strong> 16\u00b0C ou 17\u00b0C<\/strong> selon l\u2019Ademe. Si vous chauffez \u00e0 19\u00b0 la journ\u00e9e, vous devrez alors baisser de 2 \u00e0 3\u00b0 la temp\u00e9rature de consigne de votre chambre la nuit.<\/p>\n<p>Bon \u00e0 savoir, il <strong>n\u2019est pas recommand\u00e9 d\u2019avoir un trop gros \u00e9cart de temp\u00e9rature entre la journ\u00e9e et la nuit<\/strong>, surtout si votre logement est mal isol\u00e9. La nuit, il y aura une trop forte d\u00e9perdition thermique et cela demandera plus d\u2019\u00e9nergie \u00e0 vos radiateurs pour atteindre \u00e0 nouveau leur temp\u00e9rature de consigne le matin. Vous ne ferez ainsi pas d\u2019\u00e9conomies d\u2019\u00e9nergie.<\/p>\n<p>On peut parfois penser qu\u2019il est pr\u00e9f\u00e9rable d\u2019\u00e9teindre son chauffage la nuit afin de r\u00e9aliser plus d\u2019\u00e9conomies d\u2019\u00e9nergie. En effet, cela peut \u00eatre une bonne id\u00e9e, en fonction de votre type de chauffage et des caract\u00e9ristiques de votre logement. <strong>Si vous vivez dans un logement neuf et tr\u00e8s bien isol\u00e9<\/strong>, <strong>vous pouvez tout \u00e0 fait \u00e9teindre votre chauffage la nuit<\/strong>.<\/p>\n<h3>Et si notre logement est mal isol\u00e9&nbsp;?<\/h3>\n<p>En revanche, <strong>si votre logement est mal isol\u00e9<\/strong>, celui-ci risque de trop baisser en temp\u00e9rature la nuit. Ce n\u2019est donc <strong>pas recommand\u00e9 d\u2019\u00e9teindre totalement vos radiateurs la nuit<\/strong> car le matin, votre syst\u00e8me de chauffage devra surconsommer de l\u2019\u00e9nergie pour atteindre sa temp\u00e9rature de consigne. <strong>Pr\u00e9f\u00e9rez une baisse de quelques degr\u00e9s<\/strong> le soir afin de profiter d\u2019une temp\u00e9rature ambiante id\u00e9ale.<\/p>\n<p>Enfin, si vous \u00eates \u00e9quip\u00e9 d\u2019une chaudi\u00e8re \u00e0 gaz ou au fioul, il ne faut pas l\u2019\u00e9teindre la nuit car elle consomme beaucoup d\u2019\u00e9nergie au d\u00e9marrage. L\u2019allumer et l\u2019\u00e9teindre tous les jours ne vous fera donc r\u00e9aliser aucune \u00e9conomie.<\/p>\n<p>Lors des p\u00e9riodes d\u2019absence, <strong>50% des personnes ayant un dispositif de programmation de la temp\u00e9rature<\/strong> dans leur logement<strong> r\u00e8glent la temp\u00e9rature de chauffage \u00e0 16\u00b0C<\/strong> ou moins. C\u2019est ce que r\u00e9v\u00e8lent les r\u00e9sultats du Barom\u00e8tre 2023 de l\u2019Association QUALITEL. Selon l\u2019Ademe, en cas d\u2019absence prolong\u00e9e, il est pr\u00e9f\u00e9rable de programmer son chauffage en mode hors gel et de couper son chauffe-eau.<\/p>\n<p>Si vous avez instaur\u00e9 une routine avec des horaires r\u00e9guliers de coucher et de lever et que vous disposez d\u2019un syst\u00e8me de programmation de la temp\u00e9rature, il est tout \u00e0 fait<strong> possible de programmer votre chauffage afin de baisser sa temp\u00e9rature la nuit<\/strong>. Cela vous permet ensuite de ne plus vous en pr\u00e9occuper, tout se fait automatiquement&nbsp;! <a href=\"https:\/\/www.qualitel.org\/barometre-qualitel-2023\/\">D\u2019apr\u00e8s le Barom\u00e8tre 2023<\/a> de l\u2019Association QUALITEL, 66% des Fran\u00e7ais poss\u00e8dent un dispositif de r\u00e9gulation de la temp\u00e9rature dans leur logement.<\/p>\n<p>D\u00e9couvrez <a href=\"https:\/\/www.qualitel.org\/particuliers\/conseils\/chauffage-comment-bien-utiliser-votre-systeme-de-regulation-et-de-programmation\/\">comment bien utiliser votre syst\u00e8me de programmation de chauffage<\/a>.<\/p>\n<p><img loading=\"lazy\" decoding=\"async\" class=\"aligncenter wp-image-42892 \" src=\"https:\/\/www.qualitel.org\/particuliers\/wp\/..\/uploads\/AdobeStock_183590346.jpg\" alt width=\"700\" height=\"421\" srcset=\"https:\/\/www.qualitel.org\/particuliers\/wp\/..\/uploads\/AdobeStock_183590346.jpg 700w, https:\/\/www.qualitel.org\/particuliers\/wp\/..\/uploads\/AdobeStock_183590346-300x180.jpg 300w\" sizes=\"auto, (max-width: 700px) 100vw, 700px\"><\/p>\n<h3>Faire appel \u00e0 un professionnel pour programmer son chauffage<\/h3>\n<p>En fonction du syst\u00e8me install\u00e9 sur votre chaudi\u00e8re ou vos radiateurs, un professionnel (chauffagiste ou \u00e9lectricien) vous pr\u00e9sentera le fonctionnement de votre \u00e9quipement lors de l\u2019installation de votre thermostat. En cas de doute,<strong> lors du contr\u00f4le annuel de votre syst\u00e8me<\/strong>, vous pourrez<strong> demander des informations compl\u00e9mentaires sur son mode de fonctionnement<\/strong>. Bon \u00e0 savoir, au quotidien pour r\u00e9gler les p\u00e9riodes de chauffe de vos radiateurs, afin d\u2019\u00eatre s\u00fbr d\u2019avoir le bon r\u00e9glage, r\u00e9f\u00e9rez-vous en cas de doute \u00e0 votre manuel d\u2019utilisation ou en ligne.<\/p>\n<p>Dans le cas o\u00f9 vous \u00eates en train de changer votre syst\u00e8me de chauffage, demandez directement au professionnel qui l\u2019installe de faire la programmation au moment de l\u2019installation.<\/p>\n","protected":false},"excerpt":{"rendered":"<p>La nuit lorsque l\u2019on dort, il n\u2019est pas n\u00e9cessaire de maintenir une temp\u00e9rature trop \u00e9lev\u00e9e dans son logement, que ce soit pour les pi\u00e8ces inoccup\u00e9es, mais \u00e9galement en ce qui concerne la chambre. Il est d\u2019ailleurs recommand\u00e9 de baisser un peu son chauffage dans la chambre pour une meilleure qualit\u00e9 de sommeil. Cette initiative permet \u2026 <\/p>\n","protected":false},"author":24,"featured_media":42891,"comment_status":"closed","ping_status":"closed","sticky":false,"template":"","format":"standard","meta":{"_acf_changed":false,"wp_typography_post_enhancements_disabled":false,"footnotes":""},"categories":[203,208],"tags":[468,493,443,487,489],"article_type":[298],"benefice":[348,349],"class_list":["post-42870","post","type-post","status-publish","format-standard","has-post-thumbnail","hentry","category-confort","category-eco-responsabilite","tags-chauffage","tags-ecoresponsabilite","tags-energie","tags-entretien","tags-thermique","article_type-les-bons-choix","benefice-confort","benefice-eco-responsabilite"],"acf":[],"yoast_head":"<!-- This site is optimized with the Yoast SEO plugin v26.2 - https:\/\/yoast.com\/wordpress\/plugins\/seo\/ -->\n<title>Faut-il diminuer son chauffage la nuit ? Comprendre et \u00e9conomiser - Qualitel | Particuliers<\/title>\n<meta name=\"description\" content=\"Baisser le chauffage la nuit fait-il r\u00e9aliser des \u00e9conomies d\u2019\u00e9nergie ? Suivez nos conseils.\" \/>\n<meta name=\"robots\" content=\"index, follow, max-snippet:-1, max-image-preview:large, max-video-preview:-1\" \/>\n<link rel=\"canonical\" href=\"https:\/\/www.qualitel.org\/particuliers\/conseils\/faut-il-baisser-chauffage-la-nuit\/\" \/>\n<meta property=\"og:locale\" content=\"fr_FR\" \/>\n<meta property=\"og:type\" content=\"article\" \/>\n<meta property=\"og:title\" content=\"Faut-il diminuer son chauffage la nuit ? Comprendre et \u00e9conomiser - Qualitel | Particuliers\" \/>\n<meta property=\"og:description\" content=\"Pour r\u00e9duire sa consommation d\u2019\u00e9nergie et ses factures, il est essentiel de bien g\u00e9rer son chauffage la nuit, principale source de d\u00e9penses \u00e9nerg\u00e9tiques. D\u00e9couvrez nos astuces pour y parvenir efficacement.\" \/>\n<meta property=\"og:url\" content=\"https:\/\/www.qualitel.org\/particuliers\/conseils\/faut-il-baisser-chauffage-la-nuit\/\" \/>\n<meta property=\"og:site_name\" content=\"Qualitel | Particuliers\" \/>\n<meta property=\"article:publisher\" content=\"https:\/\/www.facebook.com\/groupequalitel\/\" \/>\n<meta property=\"article:published_time\" content=\"2023-12-13T10:39:37+00:00\" \/>\n<meta property=\"article:modified_time\" content=\"2024-12-20T13:01:27+00:00\" \/>\n<meta property=\"og:image\" content=\"https:\/\/www.qualitel.org\/particuliers\/wp\/..\/uploads\/AdobeStock_516663195.jpg\" \/>\n\t<meta property=\"og:image:width\" content=\"1000\" \/>\n\t<meta property=\"og:image:height\" content=\"667\" \/>\n\t<meta property=\"og:image:type\" content=\"image\/jpeg\" \/>\n<meta name=\"author\" content=\"Julie CARNEZ\" \/>\n<meta name=\"twitter:card\" content=\"summary_large_image\" \/>\n<meta name=\"twitter:description\" content=\"Pour r\u00e9duire sa consommation d\u2019\u00e9nergie et ses factures, il est essentiel de bien g\u00e9rer son chauffage la nuit, principale source de d\u00e9penses \u00e9nerg\u00e9tiques. D\u00e9couvrez nos astuces pour y parvenir efficacement.\n\" \/>\n<meta name=\"twitter:creator\" content=\"@groupeQUALITEL\" \/>\n<meta name=\"twitter:site\" content=\"@groupeQUALITEL\" \/>\n<meta name=\"twitter:label1\" content=\"Written by\" \/>\n\t<meta name=\"twitter:data1\" content=\"Julie CARNEZ\" \/>\n\t<meta name=\"twitter:label2\" content=\"Est. reading time\" \/>\n\t<meta name=\"twitter:data2\" content=\"10 minutes\" \/>\n<script type=\"application\/ld+json\" class=\"yoast-schema-graph\">{\"@context\":\"https:\/\/schema.org\",\"@graph\":[{\"@type\":\"Article\",\"@id\":\"https:\/\/www.qualitel.org\/particuliers\/conseils\/faut-il-baisser-chauffage-la-nuit\/#article\",\"isPartOf\":{\"@id\":\"https:\/\/www.qualitel.org\/particuliers\/conseils\/faut-il-baisser-chauffage-la-nuit\/\"},\"author\":{\"name\":\"Julie CARNEZ\",\"@id\":\"https:\/\/www.qualitel.org\/particuliers\/#\/schema\/person\/8ecdccaad3bba102bae727749c8a10fa\"},\"headline\":\"Faut-il diminuer son chauffage la nuit&nbsp;? Comprendre et \u00e9conomiser\",\"datePublished\":\"2023-12-13T10:39:37+00:00\",\"dateModified\":\"2024-12-20T13:01:27+00:00\",\"mainEntityOfPage\":{\"@id\":\"https:\/\/www.qualitel.org\/particuliers\/conseils\/faut-il-baisser-chauffage-la-nuit\/\"},\"wordCount\":891,\"publisher\":{\"@id\":\"https:\/\/www.qualitel.org\/particuliers\/#organization\"},\"image\":{\"@id\":\"https:\/\/www.qualitel.org\/particuliers\/conseils\/faut-il-baisser-chauffage-la-nuit\/#primaryimage\"},\"thumbnailUrl\":\"https:\/\/www.qualitel.org\/particuliers\/wp\/..\/uploads\/AdobeStock_516663195.jpg\",\"articleSection\":[\"Confort\",\"\u00c9co-responsabilit\u00e9\"],\"inLanguage\":\"fr-FR\"},{\"@type\":\"WebPage\",\"@id\":\"https:\/\/www.qualitel.org\/particuliers\/conseils\/faut-il-baisser-chauffage-la-nuit\/\",\"url\":\"https:\/\/www.qualitel.org\/particuliers\/conseils\/faut-il-baisser-chauffage-la-nuit\/\",\"name\":\"Faut-il diminuer son chauffage la nuit ? Comprendre et \u00e9conomiser - Qualitel | Particuliers\",\"isPartOf\":{\"@id\":\"https:\/\/www.qualitel.org\/particuliers\/#website\"},\"primaryImageOfPage\":{\"@id\":\"https:\/\/www.qualitel.org\/particuliers\/conseils\/faut-il-baisser-chauffage-la-nuit\/#primaryimage\"},\"image\":{\"@id\":\"https:\/\/www.qualitel.org\/particuliers\/conseils\/faut-il-baisser-chauffage-la-nuit\/#primaryimage\"},\"thumbnailUrl\":\"https:\/\/www.qualitel.org\/particuliers\/wp\/..\/uploads\/AdobeStock_516663195.jpg\",\"datePublished\":\"2023-12-13T10:39:37+00:00\",\"dateModified\":\"2024-12-20T13:01:27+00:00\",\"description\":\"Baisser le chauffage la nuit fait-il r\u00e9aliser des \u00e9conomies d\u2019\u00e9nergie ? Suivez nos conseils.\",\"breadcrumb\":{\"@id\":\"https:\/\/www.qualitel.org\/particuliers\/conseils\/faut-il-baisser-chauffage-la-nuit\/#breadcrumb\"},\"inLanguage\":\"fr-FR\",\"potentialAction\":[{\"@type\":\"ReadAction\",\"target\":[\"https:\/\/www.qualitel.org\/particuliers\/conseils\/faut-il-baisser-chauffage-la-nuit\/\"]}]},{\"@type\":\"ImageObject\",\"inLanguage\":\"fr-FR\",\"@id\":\"https:\/\/www.qualitel.org\/particuliers\/conseils\/faut-il-baisser-chauffage-la-nuit\/#primaryimage\",\"url\":\"https:\/\/www.qualitel.org\/particuliers\/wp\/..\/uploads\/AdobeStock_516663195.jpg\",\"contentUrl\":\"https:\/\/www.qualitel.org\/particuliers\/wp\/..\/uploads\/AdobeStock_516663195.jpg\",\"width\":1000,\"height\":667},{\"@type\":\"BreadcrumbList\",\"@id\":\"https:\/\/www.qualitel.org\/particuliers\/conseils\/faut-il-baisser-chauffage-la-nuit\/#breadcrumb\",\"itemListElement\":[{\"@type\":\"ListItem\",\"position\":1,\"name\":\"Accueil\",\"item\":\"https:\/\/www.qualitel.org\/particuliers\/\"},{\"@type\":\"ListItem\",\"position\":2,\"name\":\"Faut-il diminuer son chauffage la nuit ? Comprendre et \u00e9conomiser\"}]},{\"@type\":\"WebSite\",\"@id\":\"https:\/\/www.qualitel.org\/particuliers\/#website\",\"url\":\"https:\/\/www.qualitel.org\/particuliers\/\",\"name\":\"Qualitel | Particuliers\",\"description\":\"\",\"publisher\":{\"@id\":\"https:\/\/www.qualitel.org\/particuliers\/#organization\"},\"potentialAction\":[{\"@type\":\"SearchAction\",\"target\":{\"@type\":\"EntryPoint\",\"urlTemplate\":\"https:\/\/www.qualitel.org\/particuliers\/?s={search_term_string}\"},\"query-input\":{\"@type\":\"PropertyValueSpecification\",\"valueRequired\":true,\"valueName\":\"search_term_string\"}}],\"inLanguage\":\"fr-FR\"},{\"@type\":\"Organization\",\"@id\":\"https:\/\/www.qualitel.org\/particuliers\/#organization\",\"name\":\"Qualitel | Particuliers\",\"url\":\"https:\/\/www.qualitel.org\/particuliers\/\",\"logo\":{\"@type\":\"ImageObject\",\"inLanguage\":\"fr-FR\",\"@id\":\"https:\/\/www.qualitel.org\/particuliers\/#\/schema\/logo\/image\/\",\"url\":\"https:\/\/www.qualitel.org\/particuliers\/wp\/..\/uploads\/qualitel-squarelogo-1456752654225.png\",\"contentUrl\":\"https:\/\/www.qualitel.org\/particuliers\/wp\/..\/uploads\/qualitel-squarelogo-1456752654225.png\",\"width\":180,\"height\":180,\"caption\":\"Qualitel | Particuliers\"},\"image\":{\"@id\":\"https:\/\/www.qualitel.org\/particuliers\/#\/schema\/logo\/image\/\"},\"sameAs\":[\"https:\/\/www.facebook.com\/groupequalitel\/\",\"https:\/\/x.com\/groupeQUALITEL\",\"https:\/\/www.instagram.com\/associationqualitel\/\",\"https:\/\/www.pinterest.fr\/associationqualitel\/\"]},{\"@type\":\"Person\",\"@id\":\"https:\/\/www.qualitel.org\/particuliers\/#\/schema\/person\/8ecdccaad3bba102bae727749c8a10fa\",\"name\":\"Julie CARNEZ\",\"image\":{\"@type\":\"ImageObject\",\"inLanguage\":\"fr-FR\",\"@id\":\"https:\/\/www.qualitel.org\/particuliers\/#\/schema\/person\/image\/\",\"url\":\"https:\/\/secure.gravatar.com\/avatar\/41fcfdc51e7305fd5b17ead841bd2e1f6a982b0f5ccaf899636b8ccab25ca5b1?s=96&d=mm&r=g\",\"contentUrl\":\"https:\/\/secure.gravatar.com\/avatar\/41fcfdc51e7305fd5b17ead841bd2e1f6a982b0f5ccaf899636b8ccab25ca5b1?s=96&d=mm&r=g\",\"caption\":\"Julie CARNEZ\"}}]}<\/script>\n<!-- \/ Yoast SEO plugin. -->","yoast_head_json":{"title":"Faut-il diminuer son chauffage la nuit ? Comprendre et \u00e9conomiser - Qualitel | Particuliers","description":"Baisser le chauffage la nuit fait-il r\u00e9aliser des \u00e9conomies d\u2019\u00e9nergie ? Suivez nos conseils.","robots":{"index":"index","follow":"follow","max-snippet":"max-snippet:-1","max-image-preview":"max-image-preview:large","max-video-preview":"max-video-preview:-1"},"canonical":"https:\/\/www.qualitel.org\/particuliers\/conseils\/faut-il-baisser-chauffage-la-nuit\/","og_locale":"fr_FR","og_type":"article","og_title":"Faut-il diminuer son chauffage la nuit ? Comprendre et \u00e9conomiser - Qualitel | Particuliers","og_description":"Pour r\u00e9duire sa consommation d\u2019\u00e9nergie et ses factures, il est essentiel de bien g\u00e9rer son chauffage la nuit, principale source de d\u00e9penses \u00e9nerg\u00e9tiques. D\u00e9couvrez nos astuces pour y parvenir efficacement.","og_url":"https:\/\/www.qualitel.org\/particuliers\/conseils\/faut-il-baisser-chauffage-la-nuit\/","og_site_name":"Qualitel | Particuliers","article_publisher":"https:\/\/www.facebook.com\/groupequalitel\/","article_published_time":"2023-12-13T10:39:37+00:00","article_modified_time":"2024-12-20T13:01:27+00:00","og_image":[{"width":1000,"height":667,"url":"https:\/\/www.qualitel.org\/particuliers\/wp\/..\/uploads\/AdobeStock_516663195.jpg","type":"image\/jpeg"}],"author":"Julie CARNEZ","twitter_card":"summary_large_image","twitter_description":"Pour r\u00e9duire sa consommation d\u2019\u00e9nergie et ses factures, il est essentiel de bien g\u00e9rer son chauffage la nuit, principale source de d\u00e9penses \u00e9nerg\u00e9tiques. D\u00e9couvrez nos astuces pour y parvenir efficacement.\n","twitter_creator":"@groupeQUALITEL","twitter_site":"@groupeQUALITEL","twitter_misc":{"Written by":"Julie CARNEZ","Est. reading time":"10 minutes"},"schema":{"@context":"https:\/\/schema.org","@graph":[{"@type":"Article","@id":"https:\/\/www.qualitel.org\/particuliers\/conseils\/faut-il-baisser-chauffage-la-nuit\/#article","isPartOf":{"@id":"https:\/\/www.qualitel.org\/particuliers\/conseils\/faut-il-baisser-chauffage-la-nuit\/"},"author":{"name":"Julie CARNEZ","@id":"https:\/\/www.qualitel.org\/particuliers\/#\/schema\/person\/8ecdccaad3bba102bae727749c8a10fa"},"headline":"Faut-il diminuer son chauffage la nuit&nbsp;? Comprendre et \u00e9conomiser","datePublished":"2023-12-13T10:39:37+00:00","dateModified":"2024-12-20T13:01:27+00:00","mainEntityOfPage":{"@id":"https:\/\/www.qualitel.org\/particuliers\/conseils\/faut-il-baisser-chauffage-la-nuit\/"},"wordCount":891,"publisher":{"@id":"https:\/\/www.qualitel.org\/particuliers\/#organization"},"image":{"@id":"https:\/\/www.qualitel.org\/particuliers\/conseils\/faut-il-baisser-chauffage-la-nuit\/#primaryimage"},"thumbnailUrl":"https:\/\/www.qualitel.org\/particuliers\/wp\/..\/uploads\/AdobeStock_516663195.jpg","articleSection":["Confort","\u00c9co-responsabilit\u00e9"],"inLanguage":"fr-FR"},{"@type":"WebPage","@id":"https:\/\/www.qualitel.org\/particuliers\/conseils\/faut-il-baisser-chauffage-la-nuit\/","url":"https:\/\/www.qualitel.org\/particuliers\/conseils\/faut-il-baisser-chauffage-la-nuit\/","name":"Faut-il diminuer son chauffage la nuit ? Comprendre et \u00e9conomiser - Qualitel | Particuliers","isPartOf":{"@id":"https:\/\/www.qualitel.org\/particuliers\/#website"},"primaryImageOfPage":{"@id":"https:\/\/www.qualitel.org\/particuliers\/conseils\/faut-il-baisser-chauffage-la-nuit\/#primaryimage"},"image":{"@id":"https:\/\/www.qualitel.org\/particuliers\/conseils\/faut-il-baisser-chauffage-la-nuit\/#primaryimage"},"thumbnailUrl":"https:\/\/www.qualitel.org\/particuliers\/wp\/..\/uploads\/AdobeStock_516663195.jpg","datePublished":"2023-12-13T10:39:37+00:00","dateModified":"2024-12-20T13:01:27+00:00","description":"Baisser le chauffage la nuit fait-il r\u00e9aliser des \u00e9conomies d\u2019\u00e9nergie ? Suivez nos conseils.","breadcrumb":{"@id":"https:\/\/www.qualitel.org\/particuliers\/conseils\/faut-il-baisser-chauffage-la-nuit\/#breadcrumb"},"inLanguage":"fr-FR","potentialAction":[{"@type":"ReadAction","target":["https:\/\/www.qualitel.org\/particuliers\/conseils\/faut-il-baisser-chauffage-la-nuit\/"]}]},{"@type":"ImageObject","inLanguage":"fr-FR","@id":"https:\/\/www.qualitel.org\/particuliers\/conseils\/faut-il-baisser-chauffage-la-nuit\/#primaryimage","url":"https:\/\/www.qualitel.org\/particuliers\/wp\/..\/uploads\/AdobeStock_516663195.jpg","contentUrl":"https:\/\/www.qualitel.org\/particuliers\/wp\/..\/uploads\/AdobeStock_516663195.jpg","width":1000,"height":667},{"@type":"BreadcrumbList","@id":"https:\/\/www.qualitel.org\/particuliers\/conseils\/faut-il-baisser-chauffage-la-nuit\/#breadcrumb","itemListElement":[{"@type":"ListItem","position":1,"name":"Accueil","item":"https:\/\/www.qualitel.org\/particuliers\/"},{"@type":"ListItem","position":2,"name":"Faut-il diminuer son chauffage la nuit ? Comprendre et \u00e9conomiser"}]},{"@type":"WebSite","@id":"https:\/\/www.qualitel.org\/particuliers\/#website","url":"https:\/\/www.qualitel.org\/particuliers\/","name":"Qualitel | Particuliers","description":"","publisher":{"@id":"https:\/\/www.qualitel.org\/particuliers\/#organization"},"potentialAction":[{"@type":"SearchAction","target":{"@type":"EntryPoint","urlTemplate":"https:\/\/www.qualitel.org\/particuliers\/?s={search_term_string}"},"query-input":{"@type":"PropertyValueSpecification","valueRequired":true,"valueName":"search_term_string"}}],"inLanguage":"fr-FR"},{"@type":"Organization","@id":"https:\/\/www.qualitel.org\/particuliers\/#organization","name":"Qualitel | Particuliers","url":"https:\/\/www.qualitel.org\/particuliers\/","logo":{"@type":"ImageObject","inLanguage":"fr-FR","@id":"https:\/\/www.qualitel.org\/particuliers\/#\/schema\/logo\/image\/","url":"https:\/\/www.qualitel.org\/particuliers\/wp\/..\/uploads\/qualitel-squarelogo-1456752654225.png","contentUrl":"https:\/\/www.qualitel.org\/particuliers\/wp\/..\/uploads\/qualitel-squarelogo-1456752654225.png","width":180,"height":180,"caption":"Qualitel | Particuliers"},"image":{"@id":"https:\/\/www.qualitel.org\/particuliers\/#\/schema\/logo\/image\/"},"sameAs":["https:\/\/www.facebook.com\/groupequalitel\/","https:\/\/x.com\/groupeQUALITEL","https:\/\/www.instagram.com\/associationqualitel\/","https:\/\/www.pinterest.fr\/associationqualitel\/"]},{"@type":"Person","@id":"https:\/\/www.qualitel.org\/particuliers\/#\/schema\/person\/8ecdccaad3bba102bae727749c8a10fa","name":"Julie CARNEZ","image":{"@type":"ImageObject","inLanguage":"fr-FR","@id":"https:\/\/www.qualitel.org\/particuliers\/#\/schema\/person\/image\/","url":"https:\/\/secure.gravatar.com\/avatar\/41fcfdc51e7305fd5b17ead841bd2e1f6a982b0f5ccaf899636b8ccab25ca5b1?s=96&d=mm&r=g","contentUrl":"https:\/\/secure.gravatar.com\/avatar\/41fcfdc51e7305fd5b17ead841bd2e1f6a982b0f5ccaf899636b8ccab25ca5b1?s=96&d=mm&r=g","caption":"Julie CARNEZ"}}]}},"_links":{"self":[{"href":"https:\/\/www.qualitel.org\/particuliers\/wp-json\/wp\/v2\/posts\/42870","targetHints":{"allow":["GET"]}}],"collection":[{"href":"https:\/\/www.qualitel.org\/particuliers\/wp-json\/wp\/v2\/posts"}],"about":[{"href":"https:\/\/www.qualitel.org\/particuliers\/wp-json\/wp\/v2\/types\/post"}],"author":[{"embeddable":true,"href":"https:\/\/www.qualitel.org\/particuliers\/wp-json\/wp\/v2\/users\/24"}],"replies":[{"embeddable":true,"href":"https:\/\/www.qualitel.org\/particuliers\/wp-json\/wp\/v2\/comments?post=42870"}],"version-history":[{"count":27,"href":"https:\/\/www.qualitel.org\/particuliers\/wp-json\/wp\/v2\/posts\/42870\/revisions"}],"predecessor-version":[{"id":48639,"href":"https:\/\/www.qualitel.org\/particuliers\/wp-json\/wp\/v2\/posts\/42870\/revisions\/48639"}],"wp:featuredmedia":[{"embeddable":true,"href":"https:\/\/www.qualitel.org\/particuliers\/wp-json\/wp\/v2\/media\/42891"}],"wp:attachment":[{"href":"https:\/\/www.qualitel.org\/particuliers\/wp-json\/wp\/v2\/media?parent=42870"}],"wp:term":[{"taxonomy":"category","embeddable":true,"href":"https:\/\/www.qualitel.org\/particuliers\/wp-json\/wp\/v2\/categories?post=42870"},{"taxonomy":"tags","embeddable":true,"href":"https:\/\/www.qualitel.org\/particuliers\/wp-json\/wp\/v2\/tags?post=42870"},{"taxonomy":"article_type","embeddable":true,"href":"https:\/\/www.qualitel.org\/particuliers\/wp-json\/wp\/v2\/article_type?post=42870"},{"taxonomy":"benefice","embeddable":true,"href":"https:\/\/www.qualitel.org\/particuliers\/wp-json\/wp\/v2\/benefice?post=42870"}],"curies":[{"name":"wp","href":"https:\/\/api.w.org\/{rel}","templated":true}]}}