{"id":42938,"date":"2023-12-14T17:33:08","date_gmt":"2023-12-14T16:33:08","guid":{"rendered":"https:\/\/www.qualitel.org\/particuliers\/?p=42938"},"modified":"2024-08-08T15:32:22","modified_gmt":"2024-08-08T13:32:22","slug":"comprendre-et-calculer-lemprise-au-sol-dans-votre-projet-de-construction","status":"publish","type":"post","link":"https:\/\/www.qualitel.org\/particuliers\/conseils\/emprise-au-sol\/","title":{"rendered":"Comprendre et calculer l\u2019emprise au sol dans votre projet de construction"},"content":{"rendered":"<p>La surface d\u2019emprise au sol d\u2019une construction est la <strong>projection verticale du volume d\u2019une construction sur un terrain<\/strong>. Autrement dit, c\u2019est l\u2019\u00e9quivalent de la surface au sol d\u2019une construction, vue d\u2019un point en hauteur. La surface comprend notamment <a href=\"https:\/\/www.qualitel.org\/particuliers\/bien-faire-construire\/types-de-murs\/\">l\u2019\u00e9paisseur des murs ext\u00e9rieurs<\/a>, mais \u00e9galement les d\u00e9bords et surplombs. Cependant, les d\u00e9bords de toiture et les marquises, non soutenus par des poteaux, ne sont pas pris en compte pour le calcul de cette surface. La surface d\u2019emprise au sol est<strong> \u00e0 dissocier de la surface habitable<\/strong> qui correspond quant \u00e0 elle, \u00e0 la surface r\u00e9elle dans laquelle les occupants vont vivre au quotidien. <a href=\"https:\/\/www.qualitel.org\/particuliers\/conseils\/surface-habitable\/\">La surface habitable d\u2019un logement<\/a> repr\u00e9sente ainsi la surface de plancher construite apr\u00e8s d\u00e9duction des surfaces occup\u00e9es par les murs, cloisons, marches et cages d\u2019escaliers, gaines, et embrasures de portes et de fen\u00eatres.<\/p>\n<p>La surface d\u2019emprise au sol est <strong>exprim\u00e9e en m\u00e8tre carr\u00e9<\/strong>. Pour la calculer, il faut multiplier la longueur par la largeur de chaque \u00e9l\u00e9ment de la construction puis les additionner ensemble. Il faut inclure la surface de l\u2019habitation, l\u2019\u00e9paisseur des murs ext\u00e9rieurs, les surplombs comme les balcons, et tout autre \u00e9l\u00e9ment soutenu par des poteaux. Cependant, il faut savoir que l\u2019on doit exclure du compte la surface de plancher des \u00e9ventuels \u00e9tages d\u2019une construction.<\/p>\n<h3>Les \u00e9l\u00e9ments \u00e0 inclure dans le calcul&nbsp;: b\u00e2timents principaux, annexes et d\u00e9pendances<\/h3>\n<p>Pour calculer cette surface d\u2019emprise au sol, voici les \u00e9l\u00e9ments \u00e0 prendre en compte&nbsp;: les <strong>b\u00e2timents principaux<\/strong>, les<strong> balcons<\/strong>, les <strong>terrasses sur\u00e9lev\u00e9es<\/strong> (qui, comme leur nom l\u2019indique, ne sont pas \u00e0 m\u00eame le sol), les <strong>pergolas<\/strong> (hormis la surface qu\u2019elles abritent si elles ont d\u00e9j\u00e0 \u00e9t\u00e9 comprises dans le calcul), les <strong>garages ferm\u00e9s<\/strong> (ind\u00e9pendants ou accol\u00e9s \u00e0 la construction), les <strong>piscines<\/strong> (sauf cas particulier soumis aux conditions du Plan Local d\u2019Urbanisme), les<strong> escaliers ext\u00e9rieurs<\/strong> ou<strong> toute autre construction sur le terrain<\/strong> (\u00e0 savoir les d\u00e9pendances et annexes).<\/p>\n<h3>Les \u00e9l\u00e9ments \u00e0 exclure du calcul&nbsp;: cours, jardins, espaces de stationnement<\/h3>\n<p>Tout \u00e9l\u00e9ment qui n\u2019est pas une construction n\u2019est pas \u00e0 prendre en compte dans le calcul de la surface d\u2019emprise au sol. Ainsi, un <strong>espace de stationnement<\/strong>, une <strong>cour<\/strong>, des <strong>jardins<\/strong>, une<strong> cl\u00f4ture<\/strong>, un<strong> portail<\/strong>, un <strong>d\u00e9bord de toiture<\/strong> et une <strong>marquise non soutenue par des poteaux<\/strong>, etc., sont exclus du calcul.<\/p>\n<h3>Emprise au sol pour les terrasses<\/h3>\n<p>Dans le cas des terrasses, celles-ci ne sont \u00e0 prendre en compte dans le calcul que si elles sont construites par un proc\u00e9d\u00e9 de sur\u00e9l\u00e9vation au sol. Les terrasses de plain-pied ne constituent donc pas d\u2019emprise au sol.<\/p>\n<p>Le coefficient d\u2019emprise au sol est un coefficient <strong>fourni par l\u2019administration locale<\/strong> (mairie, direction d\u00e9partementale de l\u2019\u00e9quipement). Il donne une indication sur la surface constructible d\u2019un terrain par rapport \u00e0 sa surface globale. Cette information est \u00e0 consulter dans le <a href=\"https:\/\/www.qualitel.org\/particuliers\/comprendre-vos-documents\/plan-local-urbanisme\/\">PLU (Plan Local d\u2019Urbanisme)<\/a>, sous forme de zones.<\/p>\n<h3>Importance et impact sur les projets de construction<\/h3>\n<p>La surface d\u2019emprise au sol d\u2019un projet et le coefficient d\u2019emprise au sol sont des <strong>param\u00e8tres \u00e0 prendre en consid\u00e9ration avant tout lancement de projet de construction<\/strong>. Que ce soit la <a href=\"https:\/\/www.qualitel.org\/particuliers\/faire-construire-maison\/\">construction d\u2019une nouvelle maison<\/a> sur un terrain vierge, ou l\u2019ajout d\u2019une construction sur votre terrain (du type terrasse, piscine, garage, annexe\u2026). En fonction de la surface d\u2019emprise au sol de votre future construction, il vous faudra peut-\u00eatre effectuer une demande aupr\u00e8s de votre mairie. La demande peut \u00eatre un <a href=\"https:\/\/www.qualitel.org\/particuliers\/travaux-renovation\/permis-construire\/\">permis de construire<\/a> ou une simple d\u00e9claration pr\u00e9alable de travaux.<\/p>\n<p>D\u00e9couvrez les <a href=\"https:\/\/www.qualitel.org\/particuliers\/travaux-renovation\/agrandrissement-maison\/\">\u00e9tapes et d\u00e9marches pour l\u2019agrandissement de votre maison<\/a>.<\/p>\n<h3>Comment les municipalit\u00e9s l\u2019utilisent pour \u00e9valuer les projets<\/h3>\n<p>Le coefficient d\u2019emprise au sol <strong>permet de limiter le b\u00e9tonnage total<\/strong> d\u2019une parcelle de terrain. D\u00e9fini en amont, par zones, au sein des villes, il permet alors aux mairies d\u2019avoir une base pr\u00e9cise pour \u00e9valuer votre futur projet de construction.<\/p>\n","protected":false},"excerpt":{"rendered":"<p>La surface d\u2019emprise au sol d\u2019une construction est la projection verticale du volume d\u2019une construction sur un terrain. Autrement dit, c\u2019est l\u2019\u00e9quivalent de la surface au sol d\u2019une construction, vue d\u2019un point en hauteur. La surface comprend notamment l\u2019\u00e9paisseur des murs ext\u00e9rieurs, mais \u00e9galement les d\u00e9bords et surplombs. Cependant, les d\u00e9bords de toiture et les \u2026 <\/p>\n","protected":false},"author":24,"featured_media":42941,"comment_status":"closed","ping_status":"closed","sticky":false,"template":"","format":"standard","meta":{"_acf_changed":false,"wp_typography_post_enhancements_disabled":false,"footnotes":""},"categories":[203,208],"tags":[446,429,421,434,435,455],"article_type":[298],"benefice":[348,349],"class_list":["post-42938","post","type-post","status-publish","format-standard","has-post-thumbnail","hentry","category-confort","category-eco-responsabilite","tags-achat","tags-construction","tags-cuisine","tags-salle-de-bain","tags-sejour","tags-sous-sol","article_type-les-bons-choix","benefice-confort","benefice-eco-responsabilite"],"acf":[],"yoast_head":"<!-- This site is optimized with the Yoast SEO plugin v26.2 - https:\/\/yoast.com\/wordpress\/plugins\/seo\/ -->\n<title>Qu\u2019est-ce que l\u2019emprise au sol et comment la calculer - Qualitel | Particuliers<\/title>\n<meta name=\"description\" content=\"Quels \u00e9l\u00e9ments sont \u00e0 prendre en compte ou \u00e0 exclure dans le calcul de l\u2019emprise au sol d\u2019une construction ?\" \/>\n<meta name=\"robots\" content=\"index, follow, max-snippet:-1, max-image-preview:large, max-video-preview:-1\" \/>\n<link rel=\"canonical\" href=\"https:\/\/www.qualitel.org\/particuliers\/conseils\/emprise-au-sol\/\" \/>\n<meta property=\"og:locale\" content=\"fr_FR\" \/>\n<meta property=\"og:type\" content=\"article\" \/>\n<meta property=\"og:title\" content=\"Qu\u2019est-ce que l\u2019emprise au sol et comment la calculer - Qualitel | Particuliers\" \/>\n<meta property=\"og:description\" content=\"Pour votre projet de construction, il est essentiel de distinguer la surface de plancher de l\u2019emprise au sol. D\u00e9couvrez dans cet article tous les \u00e9l\u00e9ments \u00e0 consid\u00e9rer pour calculer correctement l\u2019emprise au sol de votre future habitation.\" \/>\n<meta property=\"og:url\" content=\"https:\/\/www.qualitel.org\/particuliers\/conseils\/emprise-au-sol\/\" \/>\n<meta property=\"og:site_name\" content=\"Qualitel | Particuliers\" \/>\n<meta property=\"article:publisher\" content=\"https:\/\/www.facebook.com\/groupequalitel\/\" \/>\n<meta property=\"article:published_time\" content=\"2023-12-14T16:33:08+00:00\" \/>\n<meta property=\"article:modified_time\" content=\"2024-08-08T13:32:22+00:00\" \/>\n<meta property=\"og:image\" content=\"https:\/\/www.qualitel.org\/particuliers\/wp\/..\/uploads\/AdobeStock_180532718.jpg\" \/>\n\t<meta property=\"og:image:width\" content=\"1000\" \/>\n\t<meta property=\"og:image:height\" content=\"667\" \/>\n\t<meta property=\"og:image:type\" content=\"image\/jpeg\" \/>\n<meta name=\"author\" content=\"Julie CARNEZ\" \/>\n<meta name=\"twitter:card\" content=\"summary_large_image\" \/>\n<meta name=\"twitter:description\" content=\"Pour votre projet de construction, il est essentiel de distinguer la surface de plancher de l\u2019emprise au sol. D\u00e9couvrez dans cet article tous les \u00e9l\u00e9ments \u00e0 consid\u00e9rer pour calculer correctement l\u2019emprise au sol de votre future habitation.\n\" \/>\n<meta name=\"twitter:creator\" content=\"@groupeQUALITEL\" \/>\n<meta name=\"twitter:site\" content=\"@groupeQUALITEL\" \/>\n<meta name=\"twitter:label1\" content=\"Written by\" \/>\n\t<meta name=\"twitter:data1\" content=\"Julie CARNEZ\" \/>\n\t<meta name=\"twitter:label2\" content=\"Est. reading time\" \/>\n\t<meta name=\"twitter:data2\" content=\"4 minutes\" \/>\n<script type=\"application\/ld+json\" class=\"yoast-schema-graph\">{\"@context\":\"https:\/\/schema.org\",\"@graph\":[{\"@type\":\"Article\",\"@id\":\"https:\/\/www.qualitel.org\/particuliers\/conseils\/emprise-au-sol\/#article\",\"isPartOf\":{\"@id\":\"https:\/\/www.qualitel.org\/particuliers\/conseils\/emprise-au-sol\/\"},\"author\":{\"name\":\"Julie CARNEZ\",\"@id\":\"https:\/\/www.qualitel.org\/particuliers\/#\/schema\/person\/8ecdccaad3bba102bae727749c8a10fa\"},\"headline\":\"Comprendre et calculer l\u2019emprise au sol dans votre projet de construction\",\"datePublished\":\"2023-12-14T16:33:08+00:00\",\"dateModified\":\"2024-08-08T13:32:22+00:00\",\"mainEntityOfPage\":{\"@id\":\"https:\/\/www.qualitel.org\/particuliers\/conseils\/emprise-au-sol\/\"},\"wordCount\":706,\"publisher\":{\"@id\":\"https:\/\/www.qualitel.org\/particuliers\/#organization\"},\"image\":{\"@id\":\"https:\/\/www.qualitel.org\/particuliers\/conseils\/emprise-au-sol\/#primaryimage\"},\"thumbnailUrl\":\"https:\/\/www.qualitel.org\/particuliers\/wp\/..\/uploads\/AdobeStock_180532718.jpg\",\"articleSection\":[\"Confort\",\"\u00c9co-responsabilit\u00e9\"],\"inLanguage\":\"fr-FR\"},{\"@type\":\"WebPage\",\"@id\":\"https:\/\/www.qualitel.org\/particuliers\/conseils\/emprise-au-sol\/\",\"url\":\"https:\/\/www.qualitel.org\/particuliers\/conseils\/emprise-au-sol\/\",\"name\":\"Qu\u2019est-ce que l\u2019emprise au sol et comment la calculer - Qualitel | Particuliers\",\"isPartOf\":{\"@id\":\"https:\/\/www.qualitel.org\/particuliers\/#website\"},\"primaryImageOfPage\":{\"@id\":\"https:\/\/www.qualitel.org\/particuliers\/conseils\/emprise-au-sol\/#primaryimage\"},\"image\":{\"@id\":\"https:\/\/www.qualitel.org\/particuliers\/conseils\/emprise-au-sol\/#primaryimage\"},\"thumbnailUrl\":\"https:\/\/www.qualitel.org\/particuliers\/wp\/..\/uploads\/AdobeStock_180532718.jpg\",\"datePublished\":\"2023-12-14T16:33:08+00:00\",\"dateModified\":\"2024-08-08T13:32:22+00:00\",\"description\":\"Quels \u00e9l\u00e9ments sont \u00e0 prendre en compte ou \u00e0 exclure dans le calcul de l\u2019emprise au sol d\u2019une construction ?\",\"breadcrumb\":{\"@id\":\"https:\/\/www.qualitel.org\/particuliers\/conseils\/emprise-au-sol\/#breadcrumb\"},\"inLanguage\":\"fr-FR\",\"potentialAction\":[{\"@type\":\"ReadAction\",\"target\":[\"https:\/\/www.qualitel.org\/particuliers\/conseils\/emprise-au-sol\/\"]}]},{\"@type\":\"ImageObject\",\"inLanguage\":\"fr-FR\",\"@id\":\"https:\/\/www.qualitel.org\/particuliers\/conseils\/emprise-au-sol\/#primaryimage\",\"url\":\"https:\/\/www.qualitel.org\/particuliers\/wp\/..\/uploads\/AdobeStock_180532718.jpg\",\"contentUrl\":\"https:\/\/www.qualitel.org\/particuliers\/wp\/..\/uploads\/AdobeStock_180532718.jpg\",\"width\":1000,\"height\":667},{\"@type\":\"BreadcrumbList\",\"@id\":\"https:\/\/www.qualitel.org\/particuliers\/conseils\/emprise-au-sol\/#breadcrumb\",\"itemListElement\":[{\"@type\":\"ListItem\",\"position\":1,\"name\":\"Accueil\",\"item\":\"https:\/\/www.qualitel.org\/particuliers\/\"},{\"@type\":\"ListItem\",\"position\":2,\"name\":\"Comprendre et calculer l\u2019emprise au sol dans votre projet de construction\"}]},{\"@type\":\"WebSite\",\"@id\":\"https:\/\/www.qualitel.org\/particuliers\/#website\",\"url\":\"https:\/\/www.qualitel.org\/particuliers\/\",\"name\":\"Qualitel | Particuliers\",\"description\":\"\",\"publisher\":{\"@id\":\"https:\/\/www.qualitel.org\/particuliers\/#organization\"},\"potentialAction\":[{\"@type\":\"SearchAction\",\"target\":{\"@type\":\"EntryPoint\",\"urlTemplate\":\"https:\/\/www.qualitel.org\/particuliers\/?s={search_term_string}\"},\"query-input\":{\"@type\":\"PropertyValueSpecification\",\"valueRequired\":true,\"valueName\":\"search_term_string\"}}],\"inLanguage\":\"fr-FR\"},{\"@type\":\"Organization\",\"@id\":\"https:\/\/www.qualitel.org\/particuliers\/#organization\",\"name\":\"Qualitel | Particuliers\",\"url\":\"https:\/\/www.qualitel.org\/particuliers\/\",\"logo\":{\"@type\":\"ImageObject\",\"inLanguage\":\"fr-FR\",\"@id\":\"https:\/\/www.qualitel.org\/particuliers\/#\/schema\/logo\/image\/\",\"url\":\"https:\/\/www.qualitel.org\/particuliers\/wp\/..\/uploads\/qualitel-squarelogo-1456752654225.png\",\"contentUrl\":\"https:\/\/www.qualitel.org\/particuliers\/wp\/..\/uploads\/qualitel-squarelogo-1456752654225.png\",\"width\":180,\"height\":180,\"caption\":\"Qualitel | Particuliers\"},\"image\":{\"@id\":\"https:\/\/www.qualitel.org\/particuliers\/#\/schema\/logo\/image\/\"},\"sameAs\":[\"https:\/\/www.facebook.com\/groupequalitel\/\",\"https:\/\/x.com\/groupeQUALITEL\",\"https:\/\/www.instagram.com\/associationqualitel\/\",\"https:\/\/www.pinterest.fr\/associationqualitel\/\"]},{\"@type\":\"Person\",\"@id\":\"https:\/\/www.qualitel.org\/particuliers\/#\/schema\/person\/8ecdccaad3bba102bae727749c8a10fa\",\"name\":\"Julie CARNEZ\",\"image\":{\"@type\":\"ImageObject\",\"inLanguage\":\"fr-FR\",\"@id\":\"https:\/\/www.qualitel.org\/particuliers\/#\/schema\/person\/image\/\",\"url\":\"https:\/\/secure.gravatar.com\/avatar\/41fcfdc51e7305fd5b17ead841bd2e1f6a982b0f5ccaf899636b8ccab25ca5b1?s=96&d=mm&r=g\",\"contentUrl\":\"https:\/\/secure.gravatar.com\/avatar\/41fcfdc51e7305fd5b17ead841bd2e1f6a982b0f5ccaf899636b8ccab25ca5b1?s=96&d=mm&r=g\",\"caption\":\"Julie CARNEZ\"}}]}<\/script>\n<!-- \/ Yoast SEO plugin. -->","yoast_head_json":{"title":"Qu\u2019est-ce que l\u2019emprise au sol et comment la calculer - Qualitel | Particuliers","description":"Quels \u00e9l\u00e9ments sont \u00e0 prendre en compte ou \u00e0 exclure dans le calcul de l\u2019emprise au sol d\u2019une construction ?","robots":{"index":"index","follow":"follow","max-snippet":"max-snippet:-1","max-image-preview":"max-image-preview:large","max-video-preview":"max-video-preview:-1"},"canonical":"https:\/\/www.qualitel.org\/particuliers\/conseils\/emprise-au-sol\/","og_locale":"fr_FR","og_type":"article","og_title":"Qu\u2019est-ce que l\u2019emprise au sol et comment la calculer - Qualitel | Particuliers","og_description":"Pour votre projet de construction, il est essentiel de distinguer la surface de plancher de l\u2019emprise au sol. D\u00e9couvrez dans cet article tous les \u00e9l\u00e9ments \u00e0 consid\u00e9rer pour calculer correctement l\u2019emprise au sol de votre future habitation.","og_url":"https:\/\/www.qualitel.org\/particuliers\/conseils\/emprise-au-sol\/","og_site_name":"Qualitel | Particuliers","article_publisher":"https:\/\/www.facebook.com\/groupequalitel\/","article_published_time":"2023-12-14T16:33:08+00:00","article_modified_time":"2024-08-08T13:32:22+00:00","og_image":[{"width":1000,"height":667,"url":"https:\/\/www.qualitel.org\/particuliers\/wp\/..\/uploads\/AdobeStock_180532718.jpg","type":"image\/jpeg"}],"author":"Julie CARNEZ","twitter_card":"summary_large_image","twitter_description":"Pour votre projet de construction, il est essentiel de distinguer la surface de plancher de l\u2019emprise au sol. D\u00e9couvrez dans cet article tous les \u00e9l\u00e9ments \u00e0 consid\u00e9rer pour calculer correctement l\u2019emprise au sol de votre future habitation.\n","twitter_creator":"@groupeQUALITEL","twitter_site":"@groupeQUALITEL","twitter_misc":{"Written by":"Julie CARNEZ","Est. reading time":"4 minutes"},"schema":{"@context":"https:\/\/schema.org","@graph":[{"@type":"Article","@id":"https:\/\/www.qualitel.org\/particuliers\/conseils\/emprise-au-sol\/#article","isPartOf":{"@id":"https:\/\/www.qualitel.org\/particuliers\/conseils\/emprise-au-sol\/"},"author":{"name":"Julie CARNEZ","@id":"https:\/\/www.qualitel.org\/particuliers\/#\/schema\/person\/8ecdccaad3bba102bae727749c8a10fa"},"headline":"Comprendre et calculer l\u2019emprise au sol dans votre projet de construction","datePublished":"2023-12-14T16:33:08+00:00","dateModified":"2024-08-08T13:32:22+00:00","mainEntityOfPage":{"@id":"https:\/\/www.qualitel.org\/particuliers\/conseils\/emprise-au-sol\/"},"wordCount":706,"publisher":{"@id":"https:\/\/www.qualitel.org\/particuliers\/#organization"},"image":{"@id":"https:\/\/www.qualitel.org\/particuliers\/conseils\/emprise-au-sol\/#primaryimage"},"thumbnailUrl":"https:\/\/www.qualitel.org\/particuliers\/wp\/..\/uploads\/AdobeStock_180532718.jpg","articleSection":["Confort","\u00c9co-responsabilit\u00e9"],"inLanguage":"fr-FR"},{"@type":"WebPage","@id":"https:\/\/www.qualitel.org\/particuliers\/conseils\/emprise-au-sol\/","url":"https:\/\/www.qualitel.org\/particuliers\/conseils\/emprise-au-sol\/","name":"Qu\u2019est-ce que l\u2019emprise au sol et comment la calculer - Qualitel | Particuliers","isPartOf":{"@id":"https:\/\/www.qualitel.org\/particuliers\/#website"},"primaryImageOfPage":{"@id":"https:\/\/www.qualitel.org\/particuliers\/conseils\/emprise-au-sol\/#primaryimage"},"image":{"@id":"https:\/\/www.qualitel.org\/particuliers\/conseils\/emprise-au-sol\/#primaryimage"},"thumbnailUrl":"https:\/\/www.qualitel.org\/particuliers\/wp\/..\/uploads\/AdobeStock_180532718.jpg","datePublished":"2023-12-14T16:33:08+00:00","dateModified":"2024-08-08T13:32:22+00:00","description":"Quels \u00e9l\u00e9ments sont \u00e0 prendre en compte ou \u00e0 exclure dans le calcul de l\u2019emprise au sol d\u2019une construction ?","breadcrumb":{"@id":"https:\/\/www.qualitel.org\/particuliers\/conseils\/emprise-au-sol\/#breadcrumb"},"inLanguage":"fr-FR","potentialAction":[{"@type":"ReadAction","target":["https:\/\/www.qualitel.org\/particuliers\/conseils\/emprise-au-sol\/"]}]},{"@type":"ImageObject","inLanguage":"fr-FR","@id":"https:\/\/www.qualitel.org\/particuliers\/conseils\/emprise-au-sol\/#primaryimage","url":"https:\/\/www.qualitel.org\/particuliers\/wp\/..\/uploads\/AdobeStock_180532718.jpg","contentUrl":"https:\/\/www.qualitel.org\/particuliers\/wp\/..\/uploads\/AdobeStock_180532718.jpg","width":1000,"height":667},{"@type":"BreadcrumbList","@id":"https:\/\/www.qualitel.org\/particuliers\/conseils\/emprise-au-sol\/#breadcrumb","itemListElement":[{"@type":"ListItem","position":1,"name":"Accueil","item":"https:\/\/www.qualitel.org\/particuliers\/"},{"@type":"ListItem","position":2,"name":"Comprendre et calculer l\u2019emprise au sol dans votre projet de construction"}]},{"@type":"WebSite","@id":"https:\/\/www.qualitel.org\/particuliers\/#website","url":"https:\/\/www.qualitel.org\/particuliers\/","name":"Qualitel | Particuliers","description":"","publisher":{"@id":"https:\/\/www.qualitel.org\/particuliers\/#organization"},"potentialAction":[{"@type":"SearchAction","target":{"@type":"EntryPoint","urlTemplate":"https:\/\/www.qualitel.org\/particuliers\/?s={search_term_string}"},"query-input":{"@type":"PropertyValueSpecification","valueRequired":true,"valueName":"search_term_string"}}],"inLanguage":"fr-FR"},{"@type":"Organization","@id":"https:\/\/www.qualitel.org\/particuliers\/#organization","name":"Qualitel | Particuliers","url":"https:\/\/www.qualitel.org\/particuliers\/","logo":{"@type":"ImageObject","inLanguage":"fr-FR","@id":"https:\/\/www.qualitel.org\/particuliers\/#\/schema\/logo\/image\/","url":"https:\/\/www.qualitel.org\/particuliers\/wp\/..\/uploads\/qualitel-squarelogo-1456752654225.png","contentUrl":"https:\/\/www.qualitel.org\/particuliers\/wp\/..\/uploads\/qualitel-squarelogo-1456752654225.png","width":180,"height":180,"caption":"Qualitel | Particuliers"},"image":{"@id":"https:\/\/www.qualitel.org\/particuliers\/#\/schema\/logo\/image\/"},"sameAs":["https:\/\/www.facebook.com\/groupequalitel\/","https:\/\/x.com\/groupeQUALITEL","https:\/\/www.instagram.com\/associationqualitel\/","https:\/\/www.pinterest.fr\/associationqualitel\/"]},{"@type":"Person","@id":"https:\/\/www.qualitel.org\/particuliers\/#\/schema\/person\/8ecdccaad3bba102bae727749c8a10fa","name":"Julie CARNEZ","image":{"@type":"ImageObject","inLanguage":"fr-FR","@id":"https:\/\/www.qualitel.org\/particuliers\/#\/schema\/person\/image\/","url":"https:\/\/secure.gravatar.com\/avatar\/41fcfdc51e7305fd5b17ead841bd2e1f6a982b0f5ccaf899636b8ccab25ca5b1?s=96&d=mm&r=g","contentUrl":"https:\/\/secure.gravatar.com\/avatar\/41fcfdc51e7305fd5b17ead841bd2e1f6a982b0f5ccaf899636b8ccab25ca5b1?s=96&d=mm&r=g","caption":"Julie CARNEZ"}}]}},"_links":{"self":[{"href":"https:\/\/www.qualitel.org\/particuliers\/wp-json\/wp\/v2\/posts\/42938","targetHints":{"allow":["GET"]}}],"collection":[{"href":"https:\/\/www.qualitel.org\/particuliers\/wp-json\/wp\/v2\/posts"}],"about":[{"href":"https:\/\/www.qualitel.org\/particuliers\/wp-json\/wp\/v2\/types\/post"}],"author":[{"embeddable":true,"href":"https:\/\/www.qualitel.org\/particuliers\/wp-json\/wp\/v2\/users\/24"}],"replies":[{"embeddable":true,"href":"https:\/\/www.qualitel.org\/particuliers\/wp-json\/wp\/v2\/comments?post=42938"}],"version-history":[{"count":18,"href":"https:\/\/www.qualitel.org\/particuliers\/wp-json\/wp\/v2\/posts\/42938\/revisions"}],"predecessor-version":[{"id":47142,"href":"https:\/\/www.qualitel.org\/particuliers\/wp-json\/wp\/v2\/posts\/42938\/revisions\/47142"}],"wp:featuredmedia":[{"embeddable":true,"href":"https:\/\/www.qualitel.org\/particuliers\/wp-json\/wp\/v2\/media\/42941"}],"wp:attachment":[{"href":"https:\/\/www.qualitel.org\/particuliers\/wp-json\/wp\/v2\/media?parent=42938"}],"wp:term":[{"taxonomy":"category","embeddable":true,"href":"https:\/\/www.qualitel.org\/particuliers\/wp-json\/wp\/v2\/categories?post=42938"},{"taxonomy":"tags","embeddable":true,"href":"https:\/\/www.qualitel.org\/particuliers\/wp-json\/wp\/v2\/tags?post=42938"},{"taxonomy":"article_type","embeddable":true,"href":"https:\/\/www.qualitel.org\/particuliers\/wp-json\/wp\/v2\/article_type?post=42938"},{"taxonomy":"benefice","embeddable":true,"href":"https:\/\/www.qualitel.org\/particuliers\/wp-json\/wp\/v2\/benefice?post=42938"}],"curies":[{"name":"wp","href":"https:\/\/api.w.org\/{rel}","templated":true}]}}