{"id":50081,"date":"2025-05-21T16:33:25","date_gmt":"2025-05-21T14:33:25","guid":{"rendered":"https:\/\/www.qualitel.org\/particuliers\/?p=50081"},"modified":"2025-09-18T15:18:19","modified_gmt":"2025-09-18T13:18:19","slug":"check-list-des-25-choses-a-verifier-avant-de-partir-pour-une-bonne-prevention-vacances","status":"publish","type":"post","link":"https:\/\/www.qualitel.org\/particuliers\/conseils\/choses-a-verifier-chez-soi-avant-de-partir-en-vacances\/","title":{"rendered":"Check-list des 25 choses \u00e0 v\u00e9rifier avant de partir pour une bonne pr\u00e9vention vacances"},"content":{"rendered":"<p>Selon votre situation, certains points ne pourront pas \u00eatre coch\u00e9s. Lisez la <strong>check-list pr\u00e9vention vacances<\/strong> une premi\u00e8re fois pour une meilleure organisation et cochez au fur et \u00e0 mesure les points valid\u00e9s.<\/p>\n<p><strong>Couper l\u2019eau avant de partir en vacances<\/strong> est un bon r\u00e9flexe \u00e0 adopter.<\/p>\n<p>En effet, une fuite lente peut passer inaper\u00e7ue plusieurs jours et ab\u00eemer les murs et les parquets, voire les logements voisins.<\/p>\n<p>Pour \u00e9viter de constater les d\u00e9g\u00e2ts \u00e0 votre retour de vacances&nbsp;:<\/p>\n<ul>\n<li>fermez l\u2019arriv\u00e9e d\u2019eau g\u00e9n\u00e9rale au niveau du compteur, souvent situ\u00e9 dans la cuisine, la salle de bain ou un local technique&nbsp;;<\/li>\n<li>v\u00e9rifiez visuellement les tuyauteries visibles avant de partir en vacances afin de confirmer l\u2019absence de traces d\u2019humidit\u00e9 ou de suintements&nbsp;;<\/li>\n<li>en hiver, purgez les robinets ext\u00e9rieurs et les tuyaux d\u2019arrosage pour \u00e9viter qu\u2019ils ne g\u00e8lent&nbsp;;<\/li>\n<li>si vous avez un syst\u00e8me d\u2019arrosage automatique, isolez-le du reste du r\u00e9seau avec une vanne d\u00e9di\u00e9e.<\/li>\n<\/ul>\n<p>Si un voisin doit passer de temps en temps et que vous ne souhaitez pas couper l\u2019arriv\u00e9e d\u2019eau principale, nous vous recommandons de <strong>couper l\u2019arriv\u00e9e d\u2019eau, si possible, sur chaque \u00e9quipement inutilis\u00e9<\/strong> (toilettes, lave-vaisselle, lave-linge, etc.).<\/p>\n<p>Vous pr\u00e9voyez de partir en week-end et vous avez juste envie de pr\u00e9parer votre sac et de partir sans vous soucier de quoi que ce soit. En effet, si vous vous absentez pendant trois jours durant la belle saison, inutile de purger vos robinets ext\u00e9rieurs. En revanche, selon l\u2019<a href=\"https:\/\/chiffrecle.oieau.fr\/827\" target=\"_blank\" rel=\"noopener\">Office international de l\u2019eau<\/a>, une chasse d\u2019eau qui fuit peut entra\u00eener jusqu\u2019\u00e0 400&nbsp;litres d\u2019eau perdus par jour. Pour une fuite en goutte-\u00e0-goutte, on parle de 100&nbsp;litres par jour. Une fuite peut se d\u00e9clarer \u00e0 n\u2019importe quel moment en votre absence. M\u00eame pour une ou deux nuits loin de chez vous, mieux vaut couper l\u2019eau.<\/p>\n<p><strong>Couper l\u2019alimentation en gaz<\/strong> de votre logement est une habitude \u00e0 prendre, surtout en cas d\u2019absence prolong\u00e9e. Vous \u00e9vitez tout risque de fuite, d\u2019explosion ou d\u2019incident domestique.<\/p>\n<p>Toutefois, cette mesure d\u00e9pend de la saison et des \u00e9quipements en place.<\/p>\n<p>En \u00e9t\u00e9, si aucun appareil ne n\u00e9cessite de gaz pendant votre absence (chaudi\u00e8re inutilis\u00e9e, pas de production d\u2019eau chaude), il est conseill\u00e9 de <strong>couper l\u2019arriv\u00e9e de gaz au niveau du compteur<\/strong>.<\/p>\n<p>En revanche, en hiver, si votre chaudi\u00e8re assure le <strong>maintien hors gel<\/strong>, ne coupez pas le gaz.<\/p>\n<p>R\u00e9glez plut\u00f4t votre syst\u00e8me de chauffage sur une temp\u00e9rature minimale (12 \u00e0 14&nbsp;\u00b0C) ou en mode hors gel pour \u00e9viter que les canalisations ne g\u00e8lent.<\/p>\n<p>En outre, avant de partir, v\u00e9rifiez que l\u2019<strong>entretien annuel de la chaudi\u00e8re date de moins d\u2019un an<\/strong>.<\/p>\n<p>Avant de partir en vacances, d\u00e9branchez certains appareils \u00e9lectriques pour \u00e9viter les risques de surtension, d\u2019incendie et r\u00e9aliser des \u00e9conomies d\u2019\u00e9nergie.<\/p>\n<p>En effet, les orages ou des fluctuations du r\u00e9seau \u00e9lectrique peuvent provoquer des surtensions susceptibles d\u2019endommager vos appareils \u00e9lectroniques.<\/p>\n<p>En outre, m\u00eame si cela reste rare, des appareils laiss\u00e9s en veille ou des multiprises surcharg\u00e9es peuvent surchauffer et \u00eatre \u00e0 l\u2019origine d\u2019incendies domestiques.<\/p>\n<p>Enfin, m\u00eame en veille, les appareils \u00e9lectriques consomment de l\u2019\u00e9nergie. Selon l\u2019ADEME, cela peut repr\u00e9senter jusqu\u2019\u00e0 15&nbsp;% de votre facture d\u2019\u00e9lectricit\u00e9.<\/p>\n<p>Voici la liste des <strong>appareils \u00e0 d\u00e9brancher dans le cadre de la pr\u00e9vention vacances<\/strong>, m\u00eame si vous ne partez que deux jours&nbsp;:<\/p>\n<ul>\n<li>les \u00e9quipements audiovisuels, tels que la t\u00e9l\u00e9vision, une console de jeux, des enceintes, etc.&nbsp;;<\/li>\n<li>le mat\u00e9riel informatique, comme les ordinateurs, les imprimantes, la box Internet, etc.&nbsp;;<\/li>\n<li>le petit \u00e9lectrom\u00e9nager (grille-pain, cafeti\u00e8re, micro-ondes, etc.)\u2009;<\/li>\n<li>les chargeurs de t\u00e9l\u00e9phone, tablette, brosse \u00e0 dents \u00e9lectrique&nbsp;;<\/li>\n<li>les multiprises, surtout celles anciennes ou sans interrupteur.<\/li>\n<\/ul>\n<p>En revanche, vous ne pouvez pas tout simplement abaisser le disjoncteur principal, car <strong>certains \u00e9quipements doivent rester alimenter<\/strong>&nbsp;:<\/p>\n<ul>\n<li>le r\u00e9frig\u00e9rateur et le cong\u00e9lateur, mais uniquement si vous y conservez des aliments. Sinon, videz-les, d\u00e9branchez-les et laissez les portes ouvertes pour \u00e9viter les moisissures&nbsp;;<\/li>\n<li>les syst\u00e8mes de s\u00e9curit\u00e9, comme une alarme, des cam\u00e9ras de surveillance ou plus g\u00e9n\u00e9ralement la domotique&nbsp;;<\/li>\n<li>la ventilation m\u00e9canique contr\u00f4l\u00e9e (VMC) pour assurer le renouvellement de l\u2019air et \u00e9viter l\u2019humidit\u00e9.<\/li>\n<\/ul>\n<p>Utilisez des multiprises avec interrupteur pour couper facilement l\u2019alimentation de plusieurs appareils en un seul geste. Installez des parasurtenseurs pour prot\u00e9ger vos appareils sensibles des variations de tension. Enfin, programmez des minuteries pour simuler une pr\u00e9sence en allumant certaines lumi\u00e8res \u00e0 des heures fixes.<\/p>\n<p>En hiver, couper l\u2019arriv\u00e9e de gaz est une mauvaise id\u00e9e, car le mode hors gel de la chaudi\u00e8re est alors d\u00e9sactiv\u00e9. Mais qu\u2019en est-il des autres syst\u00e8mes de chauffage&nbsp;?<\/p>\n<p>Lorsque les temp\u00e9ratures chutent, l\u2019eau contenue dans les canalisations ou les \u00e9quipements de chauffage peut geler, se dilater et provoquer des fissures, voire des ruptures. \u00c0 votre retour, vous constaterez peut-\u00eatre&nbsp;:<\/p>\n<ul>\n<li>des fuites d\u2019eau importantes&nbsp;;<\/li>\n<li>des d\u00e9g\u00e2ts mat\u00e9riels&nbsp;;<\/li>\n<li>une installation de chauffage \u00e0 remplacer.<\/li>\n<\/ul>\n<p>\u00c9lectrique ou gaz, r\u00e9glez votre syst\u00e8me de chauffage sur une <strong>temp\u00e9rature minimale constante, g\u00e9n\u00e9ralement comprise entre 12 et 14&nbsp;\u00b0C<\/strong>.<\/p>\n<p>Si vous utilisez des <a href=\"https:\/\/www.qualitel.org\/particuliers\/equipements-et-materiaux-maison\/chauffage\/regler-radiateur-electrique\/\">radiateurs \u00e9lectriques<\/a>, programmez-les sur la fonction \u00ab&nbsp;hors gel&nbsp;\u00bb ou \u00ab&nbsp;\u00e9co&nbsp;\u00bb. De plus, si vous disposez d\u2019un <a href=\"https:\/\/www.qualitel.org\/particuliers\/conseils\/chauffage-comment-bien-utiliser-votre-systeme-de-regulation-et-de-programmation\/\">syst\u00e8me de r\u00e9gulation et de programmation du chauffage<\/a>, choisissiez un <strong>maintien en temp\u00e9rature r\u00e9duit durant votre absence<\/strong>.<\/p>\n<p>En revanche, inutile de laisser le chauffage allum\u00e9 en \u00e9t\u00e9&nbsp;:<\/p>\n<ul>\n<li>coupez le syst\u00e8me au niveau du tableau de commande ou du thermostat principal&nbsp;;<\/li>\n<li>d\u00e9branchez les appareils d\u2019appoint si vous en avez (radiateurs mobiles, soufflants, etc.).<\/li>\n<\/ul>\n<p>Dans l\u2019optique d\u2019une bonne pr\u00e9vention vacances, <strong>contr\u00f4lez visuellement vos appareils<\/strong> pour vous assurer de l\u2019absence de c\u00e2bles endommag\u00e9s, de poussi\u00e8re excessive sur les convecteurs ou de fuites visibles.<\/p>\n<p>Si vous utilisez un po\u00eale \u00e0 bois ou \u00e0 granul\u00e9s, videz le bac \u00e0 cendres et nettoyez les conduits si n\u00e9cessaire. Si vous \u00eates chauff\u00e9 par une pompe \u00e0 chaleur, v\u00e9rifiez que la ventilation n\u2019est pas obstru\u00e9e.<\/p>\n<p>Un <strong>logement vide attire les convoitises<\/strong>. Si vos voisins remarquent rarement que vous \u00eates partis en vacances, les cambrioleurs ont l\u2019\u0153il&nbsp;!<\/p>\n<p>En effet, si vous r\u00e9sidez dans une commune o\u00f9 des cambriolages ont d\u00e9j\u00e0 eu lieu, sachez qu\u2019un changement dans l\u2019activit\u00e9 au sein de votre maison sera vite not\u00e9&nbsp;: volets ferm\u00e9s, absence de passages, aucune lumi\u00e8re allum\u00e9e en soir\u00e9e, pas d\u2019enfants qui jouent dans le jardin, pas de chien qui aboie, etc.<\/p>\n<p>Pendant les vacances, les cambriolages augmentent, notamment dans les zones pavillonnaires.<\/p>\n<p><strong>Avant de quitter votre domicile<\/strong>&nbsp;:<\/p>\n<ul>\n<li>fermez \u00e0 clef toutes les issues (portes d\u2019entr\u00e9e, fen\u00eatres, portes-fen\u00eatres, garage, cave, abri de jardin, etc.)\u2009;<\/li>\n<li>verrouillez les volets roulants ou battants. L\u2019id\u00e9al consiste \u00e0 les fermer tous, mais certaines personnes pr\u00e9f\u00e8rent en laisser un ou deux entrouverts pour simuler une pr\u00e9sence. Si vous \u00eates victime d\u2019un cambriolage, certaines assurances exigent que tous les volets aient \u00e9t\u00e9 ferm\u00e9s pendant l\u2019effraction pour indemniser les victimes&nbsp;;<\/li>\n<li>v\u00e9rifiez les serrures, car un barillet de mauvaise qualit\u00e9 ou une porte sans renfort peut \u00eatre forc\u00e9 en quelques secondes.<\/li>\n<\/ul>\n<p>De plus, un dispositif de s\u00e9curit\u00e9, m\u00eame basique, peut suffire \u00e0 <strong>dissuader les cambrioleurs<\/strong>&nbsp;:<\/p>\n<ul>\n<li>alarme sonore qui signale imm\u00e9diatement une effraction en cas d\u2019intrusion&nbsp;;<\/li>\n<li>cam\u00e9ras de surveillance qui filment les mouvements et vous alertent en temps r\u00e9el&nbsp;;<\/li>\n<li>d\u00e9tecteurs de mouvement ou d\u2019ouverture connect\u00e9s \u00e0 une application mobile qui vous informent \u00e0 distance.<\/li>\n<\/ul>\n<p>Certains syst\u00e8mes domotiques permettent aussi d\u2019allumer ou d\u2019ouvrir les volets \u00e0 distance, pour renforcer l\u2019effet de pr\u00e9sence.<\/p>\n<p>M\u00eame la meilleure alarme ne remplacera jamais la surveillance d\u2019un humain. Pr\u00e9venez un voisin de confiance de votre d\u00e9part et demandez-lui de jeter un \u0153il sur votre maison et ses ext\u00e9rieurs. Proposez-lui de r\u00e9cup\u00e9rer votre courrier, d\u2019arroser vos plantes ou de garer sa voiture devant chez vous pour faire croire \u00e0 une occupation.<\/p>\n<p>En cas de cambriolage, votre assurance ne vous indemnisera que si vous avez respect\u00e9 vos obligations contractuelles&nbsp;:<\/p>\n<ul>\n<li>pr\u00e9sence d\u2019un syst\u00e8me de fermeture certifi\u00e9 (porte renforc\u00e9e, serrure multipoints)\u2009;<\/li>\n<li>volets ferm\u00e9s en cas d\u2019absence prolong\u00e9e&nbsp;;<\/li>\n<li>absence de n\u00e9gligence manifeste (fen\u00eatre laiss\u00e9e ouverte, alarme d\u00e9sactiv\u00e9e, etc.).<\/li>\n<\/ul>\n<p>Avant de partir, <strong>relisez les clauses de votre contrat d\u2019assurance<\/strong>. Certaines compagnies peuvent refuser de vous indemniser pour des objets vol\u00e9s si les mesures minimales de s\u00e9curit\u00e9 n\u2019ont pas \u00e9t\u00e9 respect\u00e9es.<\/p>\n<p>\u00c0 l\u2019initiative du minist\u00e8re de l\u2019Int\u00e9rieur, l\u2019<strong>Op\u00e9ration Tranquillit\u00e9 Vacances (OTV)<\/strong> est un service gratuit propos\u00e9 par las services de police et la gendarmerie fran\u00e7aise pour lutter contre les cambriolages.<\/p>\n<p>Durant votre absence, des patrouilles r\u00e9guli\u00e8res accorderont une attention particuli\u00e8re \u00e0 votre domicile lors de leurs rondes et vous informeront en cas d\u2019anomalie.<\/p>\n<p>L\u2019inscription peut se faire en ligne avec vos identifiants FranceConnect ou directement aupr\u00e8s de votre commissariat de police ou de la brigade de gendarmerie. Il vous suffit de remplir un formulaire pour en b\u00e9n\u00e9ficier.<\/p>\n<p>Ce dispositif est disponible toute l\u2019ann\u00e9e, m\u00eame hors p\u00e9riodes de vacances scolaires. Vous vous absentez l\u2019esprit tranquille, sans avoir \u00e0 informer vos voisins.<\/p>\n<p>Vous savez maintenant comment vous pr\u00e9parer pour une absence prolong\u00e9e sans mauvaises surprises \u00e0 votre retour. Faites un dernier tour de votre domicile avec votre <strong>check-list pr\u00e9vention vacances en main<\/strong>. N\u2019oubliez pas vos documents d\u2019identit\u00e9 et profitez bien de vos cong\u00e9s&nbsp;!<\/p>\n","protected":false},"excerpt":{"rendered":"<p>Selon votre situation, certains points ne pourront pas \u00eatre coch\u00e9s. Lisez la check-list pr\u00e9vention vacances une premi\u00e8re fois pour une meilleure organisation et cochez au fur et \u00e0 mesure les points valid\u00e9s. Couper l\u2019eau avant de partir en vacances est un bon r\u00e9flexe \u00e0 adopter. En effet, une fuite lente peut passer inaper\u00e7ue plusieurs jours \u2026 <\/p>\n","protected":false},"author":24,"featured_media":50092,"comment_status":"closed","ping_status":"closed","sticky":false,"template":"","format":"standard","meta":{"_acf_changed":false,"wp_typography_post_enhancements_disabled":false,"footnotes":""},"categories":[203,220],"tags":[468,421,443,478,434,486,435,455],"article_type":[358],"benefice":[348,351],"class_list":["post-50081","post","type-post","status-publish","format-standard","has-post-thumbnail","hentry","category-confort","category-securite","tags-chauffage","tags-cuisine","tags-energie","tags-exterieurs","tags-salle-de-bain","tags-securite","tags-sejour","tags-sous-sol","article_type-gestes-dentretien","benefice-confort","benefice-securite"],"acf":[],"yoast_head":"<!-- This site is optimized with the Yoast SEO plugin v26.2 - https:\/\/yoast.com\/wordpress\/plugins\/seo\/ -->\n<title>Check-list des 25 choses \u00e0 v\u00e9rifier avant de partir pour une bonne pr\u00e9vention vacances - Qualitel | Particuliers<\/title>\n<meta name=\"description\" content=\"Pour une bonne pr\u00e9vention vacances, compl\u00e9tez la check-list des 25 points \u00e0 v\u00e9rifier avant de s\u2019absenter quelques jours et partez l&#039;esprit plus tranquille.\" \/>\n<meta name=\"robots\" content=\"index, follow, max-snippet:-1, max-image-preview:large, max-video-preview:-1\" \/>\n<link rel=\"canonical\" href=\"https:\/\/www.qualitel.org\/particuliers\/conseils\/choses-a-verifier-chez-soi-avant-de-partir-en-vacances\/\" \/>\n<meta property=\"og:locale\" content=\"fr_FR\" \/>\n<meta property=\"og:type\" content=\"article\" \/>\n<meta property=\"og:title\" content=\"Check-list des 25 choses \u00e0 v\u00e9rifier avant de partir pour une bonne pr\u00e9vention vacances - Qualitel | Particuliers\" \/>\n<meta property=\"og:description\" content=\"Pr\u00e9parer son d\u00e9part en vacances s\u2019organise et la mise au repos de votre logement \u00e9galement. Commencez \u00e0 valider chaque point de la check-list pr\u00e9vention vacances une semaine avant votre absence pour ne rien oublier et partir en toute tranquillit\u00e9.\" \/>\n<meta property=\"og:url\" content=\"https:\/\/www.qualitel.org\/particuliers\/conseils\/choses-a-verifier-chez-soi-avant-de-partir-en-vacances\/\" \/>\n<meta property=\"og:site_name\" content=\"Qualitel | Particuliers\" \/>\n<meta property=\"article:publisher\" content=\"https:\/\/www.facebook.com\/groupequalitel\/\" \/>\n<meta property=\"article:published_time\" content=\"2025-05-21T14:33:25+00:00\" \/>\n<meta property=\"article:modified_time\" content=\"2025-09-18T13:18:19+00:00\" \/>\n<meta property=\"og:image\" content=\"https:\/\/www.qualitel.org\/particuliers\/wp\/..\/uploads\/AdobeStock_1420102586.jpg\" \/>\n\t<meta property=\"og:image:width\" content=\"900\" \/>\n\t<meta property=\"og:image:height\" content=\"513\" \/>\n\t<meta property=\"og:image:type\" content=\"image\/jpeg\" \/>\n<meta name=\"author\" content=\"Julie CARNEZ\" \/>\n<meta name=\"twitter:card\" content=\"summary_large_image\" \/>\n<meta name=\"twitter:description\" content=\"Pr\u00e9parer son d\u00e9part en vacances s\u2019organise et la mise au repos de votre logement \u00e9galement. Commencez \u00e0 valider chaque point de la check-list pr\u00e9vention vacances une semaine avant votre absence pour ne rien oublier et partir en toute tranquillit\u00e9.\n\" \/>\n<meta name=\"twitter:creator\" content=\"@groupeQUALITEL\" \/>\n<meta name=\"twitter:site\" content=\"@groupeQUALITEL\" \/>\n<meta name=\"twitter:label1\" content=\"Written by\" \/>\n\t<meta name=\"twitter:data1\" content=\"Julie CARNEZ\" \/>\n\t<meta name=\"twitter:label2\" content=\"Est. reading time\" \/>\n\t<meta name=\"twitter:data2\" content=\"18 minutes\" \/>\n<script type=\"application\/ld+json\" class=\"yoast-schema-graph\">{\"@context\":\"https:\/\/schema.org\",\"@graph\":[{\"@type\":\"Article\",\"@id\":\"https:\/\/www.qualitel.org\/particuliers\/conseils\/choses-a-verifier-chez-soi-avant-de-partir-en-vacances\/#article\",\"isPartOf\":{\"@id\":\"https:\/\/www.qualitel.org\/particuliers\/conseils\/choses-a-verifier-chez-soi-avant-de-partir-en-vacances\/\"},\"author\":{\"name\":\"Julie CARNEZ\",\"@id\":\"https:\/\/www.qualitel.org\/particuliers\/#\/schema\/person\/8ecdccaad3bba102bae727749c8a10fa\"},\"headline\":\"Check-list des 25 choses \u00e0 v\u00e9rifier avant de partir pour une bonne pr\u00e9vention vacances\",\"datePublished\":\"2025-05-21T14:33:25+00:00\",\"dateModified\":\"2025-09-18T13:18:19+00:00\",\"mainEntityOfPage\":{\"@id\":\"https:\/\/www.qualitel.org\/particuliers\/conseils\/choses-a-verifier-chez-soi-avant-de-partir-en-vacances\/\"},\"wordCount\":1662,\"publisher\":{\"@id\":\"https:\/\/www.qualitel.org\/particuliers\/#organization\"},\"image\":{\"@id\":\"https:\/\/www.qualitel.org\/particuliers\/conseils\/choses-a-verifier-chez-soi-avant-de-partir-en-vacances\/#primaryimage\"},\"thumbnailUrl\":\"https:\/\/www.qualitel.org\/particuliers\/wp\/..\/uploads\/AdobeStock_1420102586.jpg\",\"articleSection\":[\"Confort\",\"S\u00e9curit\u00e9\"],\"inLanguage\":\"fr-FR\"},{\"@type\":\"WebPage\",\"@id\":\"https:\/\/www.qualitel.org\/particuliers\/conseils\/choses-a-verifier-chez-soi-avant-de-partir-en-vacances\/\",\"url\":\"https:\/\/www.qualitel.org\/particuliers\/conseils\/choses-a-verifier-chez-soi-avant-de-partir-en-vacances\/\",\"name\":\"Check-list des 25 choses \u00e0 v\u00e9rifier avant de partir pour une bonne pr\u00e9vention vacances - Qualitel | Particuliers\",\"isPartOf\":{\"@id\":\"https:\/\/www.qualitel.org\/particuliers\/#website\"},\"primaryImageOfPage\":{\"@id\":\"https:\/\/www.qualitel.org\/particuliers\/conseils\/choses-a-verifier-chez-soi-avant-de-partir-en-vacances\/#primaryimage\"},\"image\":{\"@id\":\"https:\/\/www.qualitel.org\/particuliers\/conseils\/choses-a-verifier-chez-soi-avant-de-partir-en-vacances\/#primaryimage\"},\"thumbnailUrl\":\"https:\/\/www.qualitel.org\/particuliers\/wp\/..\/uploads\/AdobeStock_1420102586.jpg\",\"datePublished\":\"2025-05-21T14:33:25+00:00\",\"dateModified\":\"2025-09-18T13:18:19+00:00\",\"description\":\"Pour une bonne pr\u00e9vention vacances, compl\u00e9tez la check-list des 25 points \u00e0 v\u00e9rifier avant de s\u2019absenter quelques jours et partez l'esprit plus tranquille.\",\"breadcrumb\":{\"@id\":\"https:\/\/www.qualitel.org\/particuliers\/conseils\/choses-a-verifier-chez-soi-avant-de-partir-en-vacances\/#breadcrumb\"},\"inLanguage\":\"fr-FR\",\"potentialAction\":[{\"@type\":\"ReadAction\",\"target\":[\"https:\/\/www.qualitel.org\/particuliers\/conseils\/choses-a-verifier-chez-soi-avant-de-partir-en-vacances\/\"]}]},{\"@type\":\"ImageObject\",\"inLanguage\":\"fr-FR\",\"@id\":\"https:\/\/www.qualitel.org\/particuliers\/conseils\/choses-a-verifier-chez-soi-avant-de-partir-en-vacances\/#primaryimage\",\"url\":\"https:\/\/www.qualitel.org\/particuliers\/wp\/..\/uploads\/AdobeStock_1420102586.jpg\",\"contentUrl\":\"https:\/\/www.qualitel.org\/particuliers\/wp\/..\/uploads\/AdobeStock_1420102586.jpg\",\"width\":900,\"height\":513},{\"@type\":\"BreadcrumbList\",\"@id\":\"https:\/\/www.qualitel.org\/particuliers\/conseils\/choses-a-verifier-chez-soi-avant-de-partir-en-vacances\/#breadcrumb\",\"itemListElement\":[{\"@type\":\"ListItem\",\"position\":1,\"name\":\"Accueil\",\"item\":\"https:\/\/www.qualitel.org\/particuliers\/\"},{\"@type\":\"ListItem\",\"position\":2,\"name\":\"Check-list des 25 choses \u00e0 v\u00e9rifier avant de partir pour une bonne pr\u00e9vention vacances\"}]},{\"@type\":\"WebSite\",\"@id\":\"https:\/\/www.qualitel.org\/particuliers\/#website\",\"url\":\"https:\/\/www.qualitel.org\/particuliers\/\",\"name\":\"Qualitel | Particuliers\",\"description\":\"\",\"publisher\":{\"@id\":\"https:\/\/www.qualitel.org\/particuliers\/#organization\"},\"potentialAction\":[{\"@type\":\"SearchAction\",\"target\":{\"@type\":\"EntryPoint\",\"urlTemplate\":\"https:\/\/www.qualitel.org\/particuliers\/?s={search_term_string}\"},\"query-input\":{\"@type\":\"PropertyValueSpecification\",\"valueRequired\":true,\"valueName\":\"search_term_string\"}}],\"inLanguage\":\"fr-FR\"},{\"@type\":\"Organization\",\"@id\":\"https:\/\/www.qualitel.org\/particuliers\/#organization\",\"name\":\"Qualitel | Particuliers\",\"url\":\"https:\/\/www.qualitel.org\/particuliers\/\",\"logo\":{\"@type\":\"ImageObject\",\"inLanguage\":\"fr-FR\",\"@id\":\"https:\/\/www.qualitel.org\/particuliers\/#\/schema\/logo\/image\/\",\"url\":\"https:\/\/www.qualitel.org\/particuliers\/wp\/..\/uploads\/qualitel-squarelogo-1456752654225.png\",\"contentUrl\":\"https:\/\/www.qualitel.org\/particuliers\/wp\/..\/uploads\/qualitel-squarelogo-1456752654225.png\",\"width\":180,\"height\":180,\"caption\":\"Qualitel | Particuliers\"},\"image\":{\"@id\":\"https:\/\/www.qualitel.org\/particuliers\/#\/schema\/logo\/image\/\"},\"sameAs\":[\"https:\/\/www.facebook.com\/groupequalitel\/\",\"https:\/\/x.com\/groupeQUALITEL\",\"https:\/\/www.instagram.com\/associationqualitel\/\",\"https:\/\/www.pinterest.fr\/associationqualitel\/\"]},{\"@type\":\"Person\",\"@id\":\"https:\/\/www.qualitel.org\/particuliers\/#\/schema\/person\/8ecdccaad3bba102bae727749c8a10fa\",\"name\":\"Julie CARNEZ\",\"image\":{\"@type\":\"ImageObject\",\"inLanguage\":\"fr-FR\",\"@id\":\"https:\/\/www.qualitel.org\/particuliers\/#\/schema\/person\/image\/\",\"url\":\"https:\/\/secure.gravatar.com\/avatar\/41fcfdc51e7305fd5b17ead841bd2e1f6a982b0f5ccaf899636b8ccab25ca5b1?s=96&d=mm&r=g\",\"contentUrl\":\"https:\/\/secure.gravatar.com\/avatar\/41fcfdc51e7305fd5b17ead841bd2e1f6a982b0f5ccaf899636b8ccab25ca5b1?s=96&d=mm&r=g\",\"caption\":\"Julie CARNEZ\"}}]}<\/script>\n<!-- \/ Yoast SEO plugin. -->","yoast_head_json":{"title":"Check-list des 25 choses \u00e0 v\u00e9rifier avant de partir pour une bonne pr\u00e9vention vacances - Qualitel | Particuliers","description":"Pour une bonne pr\u00e9vention vacances, compl\u00e9tez la check-list des 25 points \u00e0 v\u00e9rifier avant de s\u2019absenter quelques jours et partez l'esprit plus tranquille.","robots":{"index":"index","follow":"follow","max-snippet":"max-snippet:-1","max-image-preview":"max-image-preview:large","max-video-preview":"max-video-preview:-1"},"canonical":"https:\/\/www.qualitel.org\/particuliers\/conseils\/choses-a-verifier-chez-soi-avant-de-partir-en-vacances\/","og_locale":"fr_FR","og_type":"article","og_title":"Check-list des 25 choses \u00e0 v\u00e9rifier avant de partir pour une bonne pr\u00e9vention vacances - Qualitel | Particuliers","og_description":"Pr\u00e9parer son d\u00e9part en vacances s\u2019organise et la mise au repos de votre logement \u00e9galement. Commencez \u00e0 valider chaque point de la check-list pr\u00e9vention vacances une semaine avant votre absence pour ne rien oublier et partir en toute tranquillit\u00e9.","og_url":"https:\/\/www.qualitel.org\/particuliers\/conseils\/choses-a-verifier-chez-soi-avant-de-partir-en-vacances\/","og_site_name":"Qualitel | Particuliers","article_publisher":"https:\/\/www.facebook.com\/groupequalitel\/","article_published_time":"2025-05-21T14:33:25+00:00","article_modified_time":"2025-09-18T13:18:19+00:00","og_image":[{"width":900,"height":513,"url":"https:\/\/www.qualitel.org\/particuliers\/wp\/..\/uploads\/AdobeStock_1420102586.jpg","type":"image\/jpeg"}],"author":"Julie CARNEZ","twitter_card":"summary_large_image","twitter_description":"Pr\u00e9parer son d\u00e9part en vacances s\u2019organise et la mise au repos de votre logement \u00e9galement. Commencez \u00e0 valider chaque point de la check-list pr\u00e9vention vacances une semaine avant votre absence pour ne rien oublier et partir en toute tranquillit\u00e9.\n","twitter_creator":"@groupeQUALITEL","twitter_site":"@groupeQUALITEL","twitter_misc":{"Written by":"Julie CARNEZ","Est. reading time":"18 minutes"},"schema":{"@context":"https:\/\/schema.org","@graph":[{"@type":"Article","@id":"https:\/\/www.qualitel.org\/particuliers\/conseils\/choses-a-verifier-chez-soi-avant-de-partir-en-vacances\/#article","isPartOf":{"@id":"https:\/\/www.qualitel.org\/particuliers\/conseils\/choses-a-verifier-chez-soi-avant-de-partir-en-vacances\/"},"author":{"name":"Julie CARNEZ","@id":"https:\/\/www.qualitel.org\/particuliers\/#\/schema\/person\/8ecdccaad3bba102bae727749c8a10fa"},"headline":"Check-list des 25 choses \u00e0 v\u00e9rifier avant de partir pour une bonne pr\u00e9vention vacances","datePublished":"2025-05-21T14:33:25+00:00","dateModified":"2025-09-18T13:18:19+00:00","mainEntityOfPage":{"@id":"https:\/\/www.qualitel.org\/particuliers\/conseils\/choses-a-verifier-chez-soi-avant-de-partir-en-vacances\/"},"wordCount":1662,"publisher":{"@id":"https:\/\/www.qualitel.org\/particuliers\/#organization"},"image":{"@id":"https:\/\/www.qualitel.org\/particuliers\/conseils\/choses-a-verifier-chez-soi-avant-de-partir-en-vacances\/#primaryimage"},"thumbnailUrl":"https:\/\/www.qualitel.org\/particuliers\/wp\/..\/uploads\/AdobeStock_1420102586.jpg","articleSection":["Confort","S\u00e9curit\u00e9"],"inLanguage":"fr-FR"},{"@type":"WebPage","@id":"https:\/\/www.qualitel.org\/particuliers\/conseils\/choses-a-verifier-chez-soi-avant-de-partir-en-vacances\/","url":"https:\/\/www.qualitel.org\/particuliers\/conseils\/choses-a-verifier-chez-soi-avant-de-partir-en-vacances\/","name":"Check-list des 25 choses \u00e0 v\u00e9rifier avant de partir pour une bonne pr\u00e9vention vacances - Qualitel | Particuliers","isPartOf":{"@id":"https:\/\/www.qualitel.org\/particuliers\/#website"},"primaryImageOfPage":{"@id":"https:\/\/www.qualitel.org\/particuliers\/conseils\/choses-a-verifier-chez-soi-avant-de-partir-en-vacances\/#primaryimage"},"image":{"@id":"https:\/\/www.qualitel.org\/particuliers\/conseils\/choses-a-verifier-chez-soi-avant-de-partir-en-vacances\/#primaryimage"},"thumbnailUrl":"https:\/\/www.qualitel.org\/particuliers\/wp\/..\/uploads\/AdobeStock_1420102586.jpg","datePublished":"2025-05-21T14:33:25+00:00","dateModified":"2025-09-18T13:18:19+00:00","description":"Pour une bonne pr\u00e9vention vacances, compl\u00e9tez la check-list des 25 points \u00e0 v\u00e9rifier avant de s\u2019absenter quelques jours et partez l'esprit plus tranquille.","breadcrumb":{"@id":"https:\/\/www.qualitel.org\/particuliers\/conseils\/choses-a-verifier-chez-soi-avant-de-partir-en-vacances\/#breadcrumb"},"inLanguage":"fr-FR","potentialAction":[{"@type":"ReadAction","target":["https:\/\/www.qualitel.org\/particuliers\/conseils\/choses-a-verifier-chez-soi-avant-de-partir-en-vacances\/"]}]},{"@type":"ImageObject","inLanguage":"fr-FR","@id":"https:\/\/www.qualitel.org\/particuliers\/conseils\/choses-a-verifier-chez-soi-avant-de-partir-en-vacances\/#primaryimage","url":"https:\/\/www.qualitel.org\/particuliers\/wp\/..\/uploads\/AdobeStock_1420102586.jpg","contentUrl":"https:\/\/www.qualitel.org\/particuliers\/wp\/..\/uploads\/AdobeStock_1420102586.jpg","width":900,"height":513},{"@type":"BreadcrumbList","@id":"https:\/\/www.qualitel.org\/particuliers\/conseils\/choses-a-verifier-chez-soi-avant-de-partir-en-vacances\/#breadcrumb","itemListElement":[{"@type":"ListItem","position":1,"name":"Accueil","item":"https:\/\/www.qualitel.org\/particuliers\/"},{"@type":"ListItem","position":2,"name":"Check-list des 25 choses \u00e0 v\u00e9rifier avant de partir pour une bonne pr\u00e9vention vacances"}]},{"@type":"WebSite","@id":"https:\/\/www.qualitel.org\/particuliers\/#website","url":"https:\/\/www.qualitel.org\/particuliers\/","name":"Qualitel | Particuliers","description":"","publisher":{"@id":"https:\/\/www.qualitel.org\/particuliers\/#organization"},"potentialAction":[{"@type":"SearchAction","target":{"@type":"EntryPoint","urlTemplate":"https:\/\/www.qualitel.org\/particuliers\/?s={search_term_string}"},"query-input":{"@type":"PropertyValueSpecification","valueRequired":true,"valueName":"search_term_string"}}],"inLanguage":"fr-FR"},{"@type":"Organization","@id":"https:\/\/www.qualitel.org\/particuliers\/#organization","name":"Qualitel | Particuliers","url":"https:\/\/www.qualitel.org\/particuliers\/","logo":{"@type":"ImageObject","inLanguage":"fr-FR","@id":"https:\/\/www.qualitel.org\/particuliers\/#\/schema\/logo\/image\/","url":"https:\/\/www.qualitel.org\/particuliers\/wp\/..\/uploads\/qualitel-squarelogo-1456752654225.png","contentUrl":"https:\/\/www.qualitel.org\/particuliers\/wp\/..\/uploads\/qualitel-squarelogo-1456752654225.png","width":180,"height":180,"caption":"Qualitel | Particuliers"},"image":{"@id":"https:\/\/www.qualitel.org\/particuliers\/#\/schema\/logo\/image\/"},"sameAs":["https:\/\/www.facebook.com\/groupequalitel\/","https:\/\/x.com\/groupeQUALITEL","https:\/\/www.instagram.com\/associationqualitel\/","https:\/\/www.pinterest.fr\/associationqualitel\/"]},{"@type":"Person","@id":"https:\/\/www.qualitel.org\/particuliers\/#\/schema\/person\/8ecdccaad3bba102bae727749c8a10fa","name":"Julie CARNEZ","image":{"@type":"ImageObject","inLanguage":"fr-FR","@id":"https:\/\/www.qualitel.org\/particuliers\/#\/schema\/person\/image\/","url":"https:\/\/secure.gravatar.com\/avatar\/41fcfdc51e7305fd5b17ead841bd2e1f6a982b0f5ccaf899636b8ccab25ca5b1?s=96&d=mm&r=g","contentUrl":"https:\/\/secure.gravatar.com\/avatar\/41fcfdc51e7305fd5b17ead841bd2e1f6a982b0f5ccaf899636b8ccab25ca5b1?s=96&d=mm&r=g","caption":"Julie CARNEZ"}}]}},"_links":{"self":[{"href":"https:\/\/www.qualitel.org\/particuliers\/wp-json\/wp\/v2\/posts\/50081","targetHints":{"allow":["GET"]}}],"collection":[{"href":"https:\/\/www.qualitel.org\/particuliers\/wp-json\/wp\/v2\/posts"}],"about":[{"href":"https:\/\/www.qualitel.org\/particuliers\/wp-json\/wp\/v2\/types\/post"}],"author":[{"embeddable":true,"href":"https:\/\/www.qualitel.org\/particuliers\/wp-json\/wp\/v2\/users\/24"}],"replies":[{"embeddable":true,"href":"https:\/\/www.qualitel.org\/particuliers\/wp-json\/wp\/v2\/comments?post=50081"}],"version-history":[{"count":18,"href":"https:\/\/www.qualitel.org\/particuliers\/wp-json\/wp\/v2\/posts\/50081\/revisions"}],"predecessor-version":[{"id":50823,"href":"https:\/\/www.qualitel.org\/particuliers\/wp-json\/wp\/v2\/posts\/50081\/revisions\/50823"}],"wp:featuredmedia":[{"embeddable":true,"href":"https:\/\/www.qualitel.org\/particuliers\/wp-json\/wp\/v2\/media\/50092"}],"wp:attachment":[{"href":"https:\/\/www.qualitel.org\/particuliers\/wp-json\/wp\/v2\/media?parent=50081"}],"wp:term":[{"taxonomy":"category","embeddable":true,"href":"https:\/\/www.qualitel.org\/particuliers\/wp-json\/wp\/v2\/categories?post=50081"},{"taxonomy":"tags","embeddable":true,"href":"https:\/\/www.qualitel.org\/particuliers\/wp-json\/wp\/v2\/tags?post=50081"},{"taxonomy":"article_type","embeddable":true,"href":"https:\/\/www.qualitel.org\/particuliers\/wp-json\/wp\/v2\/article_type?post=50081"},{"taxonomy":"benefice","embeddable":true,"href":"https:\/\/www.qualitel.org\/particuliers\/wp-json\/wp\/v2\/benefice?post=50081"}],"curies":[{"name":"wp","href":"https:\/\/api.w.org\/{rel}","templated":true}]}}