{"id":51148,"date":"2025-10-08T12:00:19","date_gmt":"2025-10-08T10:00:19","guid":{"rendered":"https:\/\/www.qualitel.org\/particuliers\/?p=51148"},"modified":"2026-04-13T14:58:32","modified_gmt":"2026-04-13T12:58:32","slug":"barometre-qualitel-2025-aleas-climatiques-et-logement-les-francais-face-a-un-defi-inedit","status":"publish","type":"post","link":"https:\/\/www.qualitel.org\/particuliers\/conseils\/barometre-qualitel-2025-aleas-climatiques-et-logement-les-francais-face-a-un-defi-inedit\/","title":{"rendered":"Barom\u00e8tre QUALITEL 2025&nbsp;: al\u00e9as climatiques et logement, les Fran\u00e7ais face \u00e0 un d\u00e9fi in\u00e9dit"},"content":{"rendered":"<p><strong>75 % des Fran\u00e7ais estiment que les al\u00e9as climatiques se multiplient dans l\u2019Hexagone depuis 10 ans<\/strong>. Un constat partag\u00e9 par 94 % des sond\u00e9s, qui consid\u00e8rent que la France est expos\u00e9e \u00e0 au moins un type d\u2019al\u00e9a. Les principaux al\u00e9as identifi\u00e9s sont li\u00e9s en majorit\u00e9 \u00e0 l\u2019eau ou au vent (87 %), \u00e0 la chaleur (81 %), et dans une moindre mesure, au froid (27 %).<\/p>\n<p>Cette perception est confirm\u00e9e par le v\u00e9cu des sond\u00e9s&nbsp;: le <a href=\"https:\/\/www.qualitel.org\/barometre-qualitel-2025\/\">Barom\u00e8tre QUALITEL 2025<\/a> r\u00e9v\u00e8le que <strong>86 % des Fran\u00e7ais ont subi un al\u00e9a climatique<\/strong> au cours de la derni\u00e8re d\u00e9cennie, souvent sans d\u00e9g\u00e2ts mat\u00e9riels, mais avec des cons\u00e9quences sur leur confort de vie.<\/p>\n<p>La <a href=\"https:\/\/www.qualitel.org\/particuliers\/conseils\/canicule-rafraichir-maison\/\">canicule<\/a> est l\u2019al\u00e9a le plus ressenti par les Fran\u00e7ais&nbsp;: 74 % d\u2019entre eux y ont d\u00e9j\u00e0 \u00e9t\u00e9 confront\u00e9s, et <strong>66 % d\u00e9clarent avoir d\u00e9j\u00e0 souffert de la chaleur dans leur logement<\/strong>. Le seuil d\u2019inconfort est atteint \u00e0 partir de 27\u00b0C en journ\u00e9e et de 25\u00b0C la nuit.<\/p>\n<p>Les populations les plus impact\u00e9es sont&nbsp;:<\/p>\n<ul>\n<li>Les<strong> habitants de studios (74 %) <\/strong>;<\/li>\n<li>Les <strong>habitants de m\u00e9tropoles et de l\u2019agglom\u00e9ration parisienne (72 %) <\/strong>;<\/li>\n<li>Les<strong> locataires et occupants d\u2019appartements (71 %)<\/strong>.<\/li>\n<\/ul>\n<p>\u00c0 l\u2019inverse, les logements avec jardin (63 %), terrasse (63 %) ou les maisons individuelles (62 %) permettent de mieux <a href=\"https:\/\/www.qualitel.org\/particuliers\/conseils\/comment-proteger-son-logement-du-soleil\/\">prot\u00e9ger son logement du soleil<\/a> et de la chaleur..<\/p>\n<p>Face \u00e0 la chaleur, les Fran\u00e7ais privil\u00e9gient des solutions simples&nbsp;: 51 % cr\u00e9ent des courants d\u2019air, 50 % utilisent des ventilateurs et seulement 22 % optent pour une climatisation.<\/p>\n<p>Pr\u00e8s d\u2019<strong>un Fran\u00e7ais sur deux juge son logement insuffisamment prot\u00e9g\u00e9 contre la canicule<\/strong>. Ce sentiment est plus marqu\u00e9 chez les propri\u00e9taires de maisons (42 % contre 37 % en appartement).<\/p>\n<p>42 % des Fran\u00e7ais se disent inquiets \u00e0 l\u2019id\u00e9e de subir \u00e0 l\u2019avenir un al\u00e9a climatique dans leur logement actuel. Il faut dire que plus d\u2019un Fran\u00e7ais sur 4 ayant \u00e9t\u00e9 confront\u00e9 \u00e0 un al\u00e9a climatique au cours des 10 derni\u00e8res ann\u00e9es d\u00e9clare avoir subi des d\u00e9g\u00e2ts mat\u00e9riels dans son logement. En maison, ils concernent principalement la toiture et la charpente (44 %), la fa\u00e7ade (26 %), la cave, le sous-sol, le vide sanitaire et le garage (20 %), et l\u2019int\u00e9rieur de la maison (19 %).<\/p>\n<p>Pourtant, si les risques climatiques sont bien identifi\u00e9s, seuls<strong> 20 % des propri\u00e9taires ont envisag\u00e9 ou r\u00e9alis\u00e9 des travaux pour adapter leur logement<\/strong>. Un chiffre qui grimpe \u00e0 34 % pour ceux ayant d\u00e9j\u00e0 subi des d\u00e9g\u00e2ts. Les travaux les plus r\u00e9alis\u00e9s concernent&nbsp;:<\/p>\n<ul>\n<li><a href=\"https:\/\/www.qualitel.org\/particuliers\/isolation\/isolation-thermique\/\">L\u2019isolation thermique<\/a> (43 %) ;<\/li>\n<li>L\u2019installation d\u2019un <a href=\"https:\/\/www.qualitel.org\/particuliers\/equipements-et-materiaux\/recuperation-eau-de-pluie-equipement\/\">syst\u00e8me de r\u00e9cup\u00e9ration des eaux de pluie<\/a> (32 %) ;<\/li>\n<li>Le renforcement de la toiture (29 %) ;<\/li>\n<li>L\u2019installation de volets ou de brise-soleil (28 %).<\/li>\n<\/ul>\n<p>Par ailleurs, <strong>70 % des Fran\u00e7ais admettent ne pas avoir pens\u00e9 au risque climatique lors de l\u2019achat de leur logement<\/strong>. 71 % des sond\u00e9s affirment m\u00eame ne pas conna\u00eetre l\u2019existence de cartographies locales des al\u00e9as climatiques, comme le <a href=\"https:\/\/www.qualitel.org\/particuliers\/comprendre-vos-documents\/pprn\/\">Plan de pr\u00e9vention des risques naturels (PPRN)<\/a>.<\/p>\n<h5><img loading=\"lazy\" decoding=\"async\" class=\"alignleft wp-image-51155\" src=\"https:\/\/www.qualitel.org\/particuliers\/wp\/..\/uploads\/brice-teinturier.jpg\" alt width=\"85\" height=\"85\">\u00ab&nbsp;Les al\u00e9as climatiques inqui\u00e8tent les Fran\u00e7ais, et impactent profond\u00e9ment leurs conditions de vie dans leur logement.&nbsp;\u00bb<\/h5>\n<p>Brice TEINTURIER, Directeur g\u00e9n\u00e9ral d\u00e9l\u00e9gu\u00e9 d\u2019Ipsos<\/p>\n<p>Les <a href=\"https:\/\/www.qualitel.org\/barometre-qualitel-2025\/\" target=\"_blank\" rel=\"noopener\">r\u00e9sultats du Barom\u00e8tre QUALITEL 2025<\/a> confirment que les al\u00e9as climatiques sont un enjeu concret du quotidien. Face \u00e0 cette urgence, les Fran\u00e7ais r\u00e9clament \u00e0 la fois plus de protection de leur logement, plus d\u2019information, mais aussi plus de solutions accessibles pour adapter leur habitat.<\/p>\n<h5><img loading=\"lazy\" decoding=\"async\" class=\"wp-image-51156 alignleft\" src=\"https:\/\/www.qualitel.org\/particuliers\/wp\/..\/uploads\/ads.jpg\" alt width=\"85\" height=\"85\">\u00ab&nbsp;Les Fran\u00e7ais ont un r\u00e9el besoin d\u2019accompagnement pour faire face aux impacts des al\u00e9as climatiques sur leur logement. Il nous revient collectivement, tant sur le logement neuf que sur le parc existant, de mettre en place les dispositions constructives ou d\u2019am\u00e9lioration appropri\u00e9es, mais aussi de faire preuve de p\u00e9dagogie et de donner les moyens \u00e0 chacun de disposer d\u2019une information claire pour prendre les bonnes d\u00e9cisions quant \u00e0 son habitat.&nbsp;\u00bb<\/h5>\n<p>Antoine DESBARRIERES, Directeur de l\u2019Association QUALITEL<\/p>\n<p>L\u2019Association QUALITEL a d\u00e9velopp\u00e9 <strong>QualiR\u00e9silience<\/strong>, un<strong> outil gratuit permettant d\u2019identifier les al\u00e9as climatiques auxquels un logement est le plus expos\u00e9<\/strong>. En renseignant l\u2019adresse du bien et quelques crit\u00e8res, l\u2019utilisateur obtient une vision claire des risques (vagues de chaleur, inondations, temp\u00eates et cyclones, etc.) les plus encourus par leur logement selon diff\u00e9rents sc\u00e9narios du GIEC.<\/p>\n","protected":false},"excerpt":{"rendered":"<p>75 % des Fran\u00e7ais estiment que les al\u00e9as climatiques se multiplient dans l\u2019Hexagone depuis 10 ans. Un constat partag\u00e9 par 94 % des sond\u00e9s, qui consid\u00e8rent que la France est expos\u00e9e \u00e0 au moins un type d\u2019al\u00e9a. Les principaux al\u00e9as identifi\u00e9s sont li\u00e9s en majorit\u00e9 \u00e0 l\u2019eau ou au vent (87 %), \u00e0 la chaleur \u2026 <\/p>\n","protected":false},"author":24,"featured_media":51288,"comment_status":"closed","ping_status":"closed","sticky":false,"template":"","format":"standard","meta":{"_acf_changed":false,"wp_typography_post_enhancements_disabled":false,"footnotes":""},"categories":[203,220],"tags":[458,445,429,478,418,486,489],"article_type":[],"benefice":[348,351],"class_list":["post-51148","post","type-post","status-publish","format-standard","has-post-thumbnail","hentry","category-confort","category-securite","tags-assurances","tags-budget","tags-construction","tags-exterieurs","tags-renovation","tags-securite","tags-thermique","benefice-confort","benefice-securite"],"acf":[],"yoast_head":"<!-- This site is optimized with the Yoast SEO plugin v26.2 - https:\/\/yoast.com\/wordpress\/plugins\/seo\/ -->\n<title>Barom\u00e8tre QUALITEL 2025 : al\u00e9as climatiques et logement, les Fran\u00e7ais face \u00e0 un d\u00e9fi in\u00e9dit - Qualitel | Particuliers<\/title>\n<meta name=\"description\" content=\"La 9e \u00e9dition du Barom\u00e8tre QUALITEL, r\u00e9alis\u00e9e en partenariat avec Ipsos, s\u2019int\u00e9resse cette ann\u00e9e \u00e0 un sujet incontournable : l\u2019impact des al\u00e9as climatiques sur le logement. Men\u00e9e aupr\u00e8s de 3 680 Fran\u00e7ais entre avril et mai 2025, cette \u00e9tude r\u00e9v\u00e8le une conscience accrue des risques, une exposition directe de plus en plus fr\u00e9quente, et une inqui\u00e9tude croissante quant \u00e0 la capacit\u00e9 des logements \u00e0 y r\u00e9sister.\" \/>\n<meta name=\"robots\" content=\"index, follow, max-snippet:-1, max-image-preview:large, max-video-preview:-1\" \/>\n<link rel=\"canonical\" href=\"https:\/\/www.qualitel.org\/particuliers\/conseils\/barometre-qualitel-2025-aleas-climatiques-et-logement-les-francais-face-a-un-defi-inedit\/\" \/>\n<meta property=\"og:locale\" content=\"fr_FR\" \/>\n<meta property=\"og:type\" content=\"article\" \/>\n<meta property=\"og:title\" content=\"Barom\u00e8tre QUALITEL 2025 : al\u00e9as climatiques et logement, les Fran\u00e7ais face \u00e0 un d\u00e9fi in\u00e9dit - Qualitel | Particuliers\" \/>\n<meta property=\"og:description\" content=\"La 9e \u00e9dition du Barom\u00e8tre QUALITEL, r\u00e9alis\u00e9e en partenariat avec Ipsos, s\u2019int\u00e9resse cette ann\u00e9e \u00e0 un sujet incontournable&nbsp;: l\u2019impact des al\u00e9as climatiques sur le logement. Men\u00e9e aupr\u00e8s de 3 680 Fran\u00e7ais entre avril et mai 2025, cette \u00e9tude r\u00e9v\u00e8le une conscience accrue des risques, une exposition directe de plus en plus fr\u00e9quente, et une inqui\u00e9tude croissante quant \u00e0 la capacit\u00e9 des logements \u00e0 y r\u00e9sister.\" \/>\n<meta property=\"og:url\" content=\"https:\/\/www.qualitel.org\/particuliers\/conseils\/barometre-qualitel-2025-aleas-climatiques-et-logement-les-francais-face-a-un-defi-inedit\/\" \/>\n<meta property=\"og:site_name\" content=\"Qualitel | Particuliers\" \/>\n<meta property=\"article:publisher\" content=\"https:\/\/www.facebook.com\/groupequalitel\/\" \/>\n<meta property=\"article:published_time\" content=\"2025-10-08T10:00:19+00:00\" \/>\n<meta property=\"article:modified_time\" content=\"2026-04-13T12:58:32+00:00\" \/>\n<meta property=\"og:image\" content=\"https:\/\/www.qualitel.org\/particuliers\/wp\/..\/uploads\/bq2025-img.jpg\" \/>\n\t<meta property=\"og:image:width\" content=\"1936\" \/>\n\t<meta property=\"og:image:height\" content=\"1097\" \/>\n\t<meta property=\"og:image:type\" content=\"image\/jpeg\" \/>\n<meta name=\"author\" content=\"Julie CARNEZ\" \/>\n<meta name=\"twitter:card\" content=\"summary_large_image\" \/>\n<meta name=\"twitter:description\" content=\"La 9e \u00e9dition du Barom\u00e8tre QUALITEL, r\u00e9alis\u00e9e en partenariat avec Ipsos, s\u2019int\u00e9resse cette ann\u00e9e \u00e0 un sujet incontournable&nbsp;: l\u2019impact des al\u00e9as climatiques sur le logement. Men\u00e9e aupr\u00e8s de 3 680 Fran\u00e7ais entre avril et mai 2025, cette \u00e9tude r\u00e9v\u00e8le une conscience accrue des risques, une exposition directe de plus en plus fr\u00e9quente, et une inqui\u00e9tude croissante quant \u00e0 la capacit\u00e9 des logements \u00e0 y r\u00e9sister.\n\" \/>\n<meta name=\"twitter:creator\" content=\"@groupeQUALITEL\" \/>\n<meta name=\"twitter:site\" content=\"@groupeQUALITEL\" \/>\n<meta name=\"twitter:label1\" content=\"Written by\" \/>\n\t<meta name=\"twitter:data1\" content=\"Julie CARNEZ\" \/>\n\t<meta name=\"twitter:label2\" content=\"Est. reading time\" \/>\n\t<meta name=\"twitter:data2\" content=\"9 minutes\" \/>\n<script type=\"application\/ld+json\" class=\"yoast-schema-graph\">{\"@context\":\"https:\/\/schema.org\",\"@graph\":[{\"@type\":\"Article\",\"@id\":\"https:\/\/www.qualitel.org\/particuliers\/conseils\/barometre-qualitel-2025-aleas-climatiques-et-logement-les-francais-face-a-un-defi-inedit\/#article\",\"isPartOf\":{\"@id\":\"https:\/\/www.qualitel.org\/particuliers\/conseils\/barometre-qualitel-2025-aleas-climatiques-et-logement-les-francais-face-a-un-defi-inedit\/\"},\"author\":{\"name\":\"Julie CARNEZ\",\"@id\":\"https:\/\/www.qualitel.org\/particuliers\/#\/schema\/person\/8ecdccaad3bba102bae727749c8a10fa\"},\"headline\":\"Barom\u00e8tre QUALITEL 2025&nbsp;: al\u00e9as climatiques et logement, les Fran\u00e7ais face \u00e0 un d\u00e9fi in\u00e9dit\",\"datePublished\":\"2025-10-08T10:00:19+00:00\",\"dateModified\":\"2026-04-13T12:58:32+00:00\",\"mainEntityOfPage\":{\"@id\":\"https:\/\/www.qualitel.org\/particuliers\/conseils\/barometre-qualitel-2025-aleas-climatiques-et-logement-les-francais-face-a-un-defi-inedit\/\"},\"wordCount\":741,\"publisher\":{\"@id\":\"https:\/\/www.qualitel.org\/particuliers\/#organization\"},\"image\":{\"@id\":\"https:\/\/www.qualitel.org\/particuliers\/conseils\/barometre-qualitel-2025-aleas-climatiques-et-logement-les-francais-face-a-un-defi-inedit\/#primaryimage\"},\"thumbnailUrl\":\"https:\/\/www.qualitel.org\/particuliers\/wp\/..\/uploads\/bq2025-img.jpg\",\"articleSection\":[\"Confort\",\"S\u00e9curit\u00e9\"],\"inLanguage\":\"fr-FR\"},{\"@type\":\"WebPage\",\"@id\":\"https:\/\/www.qualitel.org\/particuliers\/conseils\/barometre-qualitel-2025-aleas-climatiques-et-logement-les-francais-face-a-un-defi-inedit\/\",\"url\":\"https:\/\/www.qualitel.org\/particuliers\/conseils\/barometre-qualitel-2025-aleas-climatiques-et-logement-les-francais-face-a-un-defi-inedit\/\",\"name\":\"Barom\u00e8tre QUALITEL 2025 : al\u00e9as climatiques et logement, les Fran\u00e7ais face \u00e0 un d\u00e9fi in\u00e9dit - Qualitel | Particuliers\",\"isPartOf\":{\"@id\":\"https:\/\/www.qualitel.org\/particuliers\/#website\"},\"primaryImageOfPage\":{\"@id\":\"https:\/\/www.qualitel.org\/particuliers\/conseils\/barometre-qualitel-2025-aleas-climatiques-et-logement-les-francais-face-a-un-defi-inedit\/#primaryimage\"},\"image\":{\"@id\":\"https:\/\/www.qualitel.org\/particuliers\/conseils\/barometre-qualitel-2025-aleas-climatiques-et-logement-les-francais-face-a-un-defi-inedit\/#primaryimage\"},\"thumbnailUrl\":\"https:\/\/www.qualitel.org\/particuliers\/wp\/..\/uploads\/bq2025-img.jpg\",\"datePublished\":\"2025-10-08T10:00:19+00:00\",\"dateModified\":\"2026-04-13T12:58:32+00:00\",\"description\":\"La 9e \u00e9dition du Barom\u00e8tre QUALITEL, r\u00e9alis\u00e9e en partenariat avec Ipsos, s\u2019int\u00e9resse cette ann\u00e9e \u00e0 un sujet incontournable : l\u2019impact des al\u00e9as climatiques sur le logement. Men\u00e9e aupr\u00e8s de 3 680 Fran\u00e7ais entre avril et mai 2025, cette \u00e9tude r\u00e9v\u00e8le une conscience accrue des risques, une exposition directe de plus en plus fr\u00e9quente, et une inqui\u00e9tude croissante quant \u00e0 la capacit\u00e9 des logements \u00e0 y r\u00e9sister.\",\"breadcrumb\":{\"@id\":\"https:\/\/www.qualitel.org\/particuliers\/conseils\/barometre-qualitel-2025-aleas-climatiques-et-logement-les-francais-face-a-un-defi-inedit\/#breadcrumb\"},\"inLanguage\":\"fr-FR\",\"potentialAction\":[{\"@type\":\"ReadAction\",\"target\":[\"https:\/\/www.qualitel.org\/particuliers\/conseils\/barometre-qualitel-2025-aleas-climatiques-et-logement-les-francais-face-a-un-defi-inedit\/\"]}]},{\"@type\":\"ImageObject\",\"inLanguage\":\"fr-FR\",\"@id\":\"https:\/\/www.qualitel.org\/particuliers\/conseils\/barometre-qualitel-2025-aleas-climatiques-et-logement-les-francais-face-a-un-defi-inedit\/#primaryimage\",\"url\":\"https:\/\/www.qualitel.org\/particuliers\/wp\/..\/uploads\/bq2025-img.jpg\",\"contentUrl\":\"https:\/\/www.qualitel.org\/particuliers\/wp\/..\/uploads\/bq2025-img.jpg\",\"width\":1936,\"height\":1097},{\"@type\":\"BreadcrumbList\",\"@id\":\"https:\/\/www.qualitel.org\/particuliers\/conseils\/barometre-qualitel-2025-aleas-climatiques-et-logement-les-francais-face-a-un-defi-inedit\/#breadcrumb\",\"itemListElement\":[{\"@type\":\"ListItem\",\"position\":1,\"name\":\"Accueil\",\"item\":\"https:\/\/www.qualitel.org\/particuliers\/\"},{\"@type\":\"ListItem\",\"position\":2,\"name\":\"Barom\u00e8tre QUALITEL 2025 : al\u00e9as climatiques et logement, les Fran\u00e7ais face \u00e0 un d\u00e9fi in\u00e9dit\"}]},{\"@type\":\"WebSite\",\"@id\":\"https:\/\/www.qualitel.org\/particuliers\/#website\",\"url\":\"https:\/\/www.qualitel.org\/particuliers\/\",\"name\":\"Qualitel | Particuliers\",\"description\":\"\",\"publisher\":{\"@id\":\"https:\/\/www.qualitel.org\/particuliers\/#organization\"},\"potentialAction\":[{\"@type\":\"SearchAction\",\"target\":{\"@type\":\"EntryPoint\",\"urlTemplate\":\"https:\/\/www.qualitel.org\/particuliers\/?s={search_term_string}\"},\"query-input\":{\"@type\":\"PropertyValueSpecification\",\"valueRequired\":true,\"valueName\":\"search_term_string\"}}],\"inLanguage\":\"fr-FR\"},{\"@type\":\"Organization\",\"@id\":\"https:\/\/www.qualitel.org\/particuliers\/#organization\",\"name\":\"Qualitel | Particuliers\",\"url\":\"https:\/\/www.qualitel.org\/particuliers\/\",\"logo\":{\"@type\":\"ImageObject\",\"inLanguage\":\"fr-FR\",\"@id\":\"https:\/\/www.qualitel.org\/particuliers\/#\/schema\/logo\/image\/\",\"url\":\"https:\/\/www.qualitel.org\/particuliers\/wp\/..\/uploads\/qualitel-squarelogo-1456752654225.png\",\"contentUrl\":\"https:\/\/www.qualitel.org\/particuliers\/wp\/..\/uploads\/qualitel-squarelogo-1456752654225.png\",\"width\":180,\"height\":180,\"caption\":\"Qualitel | Particuliers\"},\"image\":{\"@id\":\"https:\/\/www.qualitel.org\/particuliers\/#\/schema\/logo\/image\/\"},\"sameAs\":[\"https:\/\/www.facebook.com\/groupequalitel\/\",\"https:\/\/x.com\/groupeQUALITEL\",\"https:\/\/www.instagram.com\/associationqualitel\/\",\"https:\/\/www.pinterest.fr\/associationqualitel\/\"]},{\"@type\":\"Person\",\"@id\":\"https:\/\/www.qualitel.org\/particuliers\/#\/schema\/person\/8ecdccaad3bba102bae727749c8a10fa\",\"name\":\"Julie CARNEZ\",\"image\":{\"@type\":\"ImageObject\",\"inLanguage\":\"fr-FR\",\"@id\":\"https:\/\/www.qualitel.org\/particuliers\/#\/schema\/person\/image\/\",\"url\":\"https:\/\/secure.gravatar.com\/avatar\/41fcfdc51e7305fd5b17ead841bd2e1f6a982b0f5ccaf899636b8ccab25ca5b1?s=96&d=mm&r=g\",\"contentUrl\":\"https:\/\/secure.gravatar.com\/avatar\/41fcfdc51e7305fd5b17ead841bd2e1f6a982b0f5ccaf899636b8ccab25ca5b1?s=96&d=mm&r=g\",\"caption\":\"Julie CARNEZ\"}}]}<\/script>\n<!-- \/ Yoast SEO plugin. -->","yoast_head_json":{"title":"Barom\u00e8tre QUALITEL 2025 : al\u00e9as climatiques et logement, les Fran\u00e7ais face \u00e0 un d\u00e9fi in\u00e9dit - Qualitel | Particuliers","description":"La 9e \u00e9dition du Barom\u00e8tre QUALITEL, r\u00e9alis\u00e9e en partenariat avec Ipsos, s\u2019int\u00e9resse cette ann\u00e9e \u00e0 un sujet incontournable : l\u2019impact des al\u00e9as climatiques sur le logement. Men\u00e9e aupr\u00e8s de 3 680 Fran\u00e7ais entre avril et mai 2025, cette \u00e9tude r\u00e9v\u00e8le une conscience accrue des risques, une exposition directe de plus en plus fr\u00e9quente, et une inqui\u00e9tude croissante quant \u00e0 la capacit\u00e9 des logements \u00e0 y r\u00e9sister.","robots":{"index":"index","follow":"follow","max-snippet":"max-snippet:-1","max-image-preview":"max-image-preview:large","max-video-preview":"max-video-preview:-1"},"canonical":"https:\/\/www.qualitel.org\/particuliers\/conseils\/barometre-qualitel-2025-aleas-climatiques-et-logement-les-francais-face-a-un-defi-inedit\/","og_locale":"fr_FR","og_type":"article","og_title":"Barom\u00e8tre QUALITEL 2025 : al\u00e9as climatiques et logement, les Fran\u00e7ais face \u00e0 un d\u00e9fi in\u00e9dit - Qualitel | Particuliers","og_description":"La 9e \u00e9dition du Barom\u00e8tre QUALITEL, r\u00e9alis\u00e9e en partenariat avec Ipsos, s\u2019int\u00e9resse cette ann\u00e9e \u00e0 un sujet incontournable&nbsp;: l\u2019impact des al\u00e9as climatiques sur le logement. Men\u00e9e aupr\u00e8s de 3 680 Fran\u00e7ais entre avril et mai 2025, cette \u00e9tude r\u00e9v\u00e8le une conscience accrue des risques, une exposition directe de plus en plus fr\u00e9quente, et une inqui\u00e9tude croissante quant \u00e0 la capacit\u00e9 des logements \u00e0 y r\u00e9sister.","og_url":"https:\/\/www.qualitel.org\/particuliers\/conseils\/barometre-qualitel-2025-aleas-climatiques-et-logement-les-francais-face-a-un-defi-inedit\/","og_site_name":"Qualitel | Particuliers","article_publisher":"https:\/\/www.facebook.com\/groupequalitel\/","article_published_time":"2025-10-08T10:00:19+00:00","article_modified_time":"2026-04-13T12:58:32+00:00","og_image":[{"width":1936,"height":1097,"url":"https:\/\/www.qualitel.org\/particuliers\/wp\/..\/uploads\/bq2025-img.jpg","type":"image\/jpeg"}],"author":"Julie CARNEZ","twitter_card":"summary_large_image","twitter_description":"La 9e \u00e9dition du Barom\u00e8tre QUALITEL, r\u00e9alis\u00e9e en partenariat avec Ipsos, s\u2019int\u00e9resse cette ann\u00e9e \u00e0 un sujet incontournable&nbsp;: l\u2019impact des al\u00e9as climatiques sur le logement. Men\u00e9e aupr\u00e8s de 3 680 Fran\u00e7ais entre avril et mai 2025, cette \u00e9tude r\u00e9v\u00e8le une conscience accrue des risques, une exposition directe de plus en plus fr\u00e9quente, et une inqui\u00e9tude croissante quant \u00e0 la capacit\u00e9 des logements \u00e0 y r\u00e9sister.\n","twitter_creator":"@groupeQUALITEL","twitter_site":"@groupeQUALITEL","twitter_misc":{"Written by":"Julie CARNEZ","Est. reading time":"9 minutes"},"schema":{"@context":"https:\/\/schema.org","@graph":[{"@type":"Article","@id":"https:\/\/www.qualitel.org\/particuliers\/conseils\/barometre-qualitel-2025-aleas-climatiques-et-logement-les-francais-face-a-un-defi-inedit\/#article","isPartOf":{"@id":"https:\/\/www.qualitel.org\/particuliers\/conseils\/barometre-qualitel-2025-aleas-climatiques-et-logement-les-francais-face-a-un-defi-inedit\/"},"author":{"name":"Julie CARNEZ","@id":"https:\/\/www.qualitel.org\/particuliers\/#\/schema\/person\/8ecdccaad3bba102bae727749c8a10fa"},"headline":"Barom\u00e8tre QUALITEL 2025&nbsp;: al\u00e9as climatiques et logement, les Fran\u00e7ais face \u00e0 un d\u00e9fi in\u00e9dit","datePublished":"2025-10-08T10:00:19+00:00","dateModified":"2026-04-13T12:58:32+00:00","mainEntityOfPage":{"@id":"https:\/\/www.qualitel.org\/particuliers\/conseils\/barometre-qualitel-2025-aleas-climatiques-et-logement-les-francais-face-a-un-defi-inedit\/"},"wordCount":741,"publisher":{"@id":"https:\/\/www.qualitel.org\/particuliers\/#organization"},"image":{"@id":"https:\/\/www.qualitel.org\/particuliers\/conseils\/barometre-qualitel-2025-aleas-climatiques-et-logement-les-francais-face-a-un-defi-inedit\/#primaryimage"},"thumbnailUrl":"https:\/\/www.qualitel.org\/particuliers\/wp\/..\/uploads\/bq2025-img.jpg","articleSection":["Confort","S\u00e9curit\u00e9"],"inLanguage":"fr-FR"},{"@type":"WebPage","@id":"https:\/\/www.qualitel.org\/particuliers\/conseils\/barometre-qualitel-2025-aleas-climatiques-et-logement-les-francais-face-a-un-defi-inedit\/","url":"https:\/\/www.qualitel.org\/particuliers\/conseils\/barometre-qualitel-2025-aleas-climatiques-et-logement-les-francais-face-a-un-defi-inedit\/","name":"Barom\u00e8tre QUALITEL 2025 : al\u00e9as climatiques et logement, les Fran\u00e7ais face \u00e0 un d\u00e9fi in\u00e9dit - Qualitel | Particuliers","isPartOf":{"@id":"https:\/\/www.qualitel.org\/particuliers\/#website"},"primaryImageOfPage":{"@id":"https:\/\/www.qualitel.org\/particuliers\/conseils\/barometre-qualitel-2025-aleas-climatiques-et-logement-les-francais-face-a-un-defi-inedit\/#primaryimage"},"image":{"@id":"https:\/\/www.qualitel.org\/particuliers\/conseils\/barometre-qualitel-2025-aleas-climatiques-et-logement-les-francais-face-a-un-defi-inedit\/#primaryimage"},"thumbnailUrl":"https:\/\/www.qualitel.org\/particuliers\/wp\/..\/uploads\/bq2025-img.jpg","datePublished":"2025-10-08T10:00:19+00:00","dateModified":"2026-04-13T12:58:32+00:00","description":"La 9e \u00e9dition du Barom\u00e8tre QUALITEL, r\u00e9alis\u00e9e en partenariat avec Ipsos, s\u2019int\u00e9resse cette ann\u00e9e \u00e0 un sujet incontournable : l\u2019impact des al\u00e9as climatiques sur le logement. Men\u00e9e aupr\u00e8s de 3 680 Fran\u00e7ais entre avril et mai 2025, cette \u00e9tude r\u00e9v\u00e8le une conscience accrue des risques, une exposition directe de plus en plus fr\u00e9quente, et une inqui\u00e9tude croissante quant \u00e0 la capacit\u00e9 des logements \u00e0 y r\u00e9sister.","breadcrumb":{"@id":"https:\/\/www.qualitel.org\/particuliers\/conseils\/barometre-qualitel-2025-aleas-climatiques-et-logement-les-francais-face-a-un-defi-inedit\/#breadcrumb"},"inLanguage":"fr-FR","potentialAction":[{"@type":"ReadAction","target":["https:\/\/www.qualitel.org\/particuliers\/conseils\/barometre-qualitel-2025-aleas-climatiques-et-logement-les-francais-face-a-un-defi-inedit\/"]}]},{"@type":"ImageObject","inLanguage":"fr-FR","@id":"https:\/\/www.qualitel.org\/particuliers\/conseils\/barometre-qualitel-2025-aleas-climatiques-et-logement-les-francais-face-a-un-defi-inedit\/#primaryimage","url":"https:\/\/www.qualitel.org\/particuliers\/wp\/..\/uploads\/bq2025-img.jpg","contentUrl":"https:\/\/www.qualitel.org\/particuliers\/wp\/..\/uploads\/bq2025-img.jpg","width":1936,"height":1097},{"@type":"BreadcrumbList","@id":"https:\/\/www.qualitel.org\/particuliers\/conseils\/barometre-qualitel-2025-aleas-climatiques-et-logement-les-francais-face-a-un-defi-inedit\/#breadcrumb","itemListElement":[{"@type":"ListItem","position":1,"name":"Accueil","item":"https:\/\/www.qualitel.org\/particuliers\/"},{"@type":"ListItem","position":2,"name":"Barom\u00e8tre QUALITEL 2025 : al\u00e9as climatiques et logement, les Fran\u00e7ais face \u00e0 un d\u00e9fi in\u00e9dit"}]},{"@type":"WebSite","@id":"https:\/\/www.qualitel.org\/particuliers\/#website","url":"https:\/\/www.qualitel.org\/particuliers\/","name":"Qualitel | Particuliers","description":"","publisher":{"@id":"https:\/\/www.qualitel.org\/particuliers\/#organization"},"potentialAction":[{"@type":"SearchAction","target":{"@type":"EntryPoint","urlTemplate":"https:\/\/www.qualitel.org\/particuliers\/?s={search_term_string}"},"query-input":{"@type":"PropertyValueSpecification","valueRequired":true,"valueName":"search_term_string"}}],"inLanguage":"fr-FR"},{"@type":"Organization","@id":"https:\/\/www.qualitel.org\/particuliers\/#organization","name":"Qualitel | Particuliers","url":"https:\/\/www.qualitel.org\/particuliers\/","logo":{"@type":"ImageObject","inLanguage":"fr-FR","@id":"https:\/\/www.qualitel.org\/particuliers\/#\/schema\/logo\/image\/","url":"https:\/\/www.qualitel.org\/particuliers\/wp\/..\/uploads\/qualitel-squarelogo-1456752654225.png","contentUrl":"https:\/\/www.qualitel.org\/particuliers\/wp\/..\/uploads\/qualitel-squarelogo-1456752654225.png","width":180,"height":180,"caption":"Qualitel | Particuliers"},"image":{"@id":"https:\/\/www.qualitel.org\/particuliers\/#\/schema\/logo\/image\/"},"sameAs":["https:\/\/www.facebook.com\/groupequalitel\/","https:\/\/x.com\/groupeQUALITEL","https:\/\/www.instagram.com\/associationqualitel\/","https:\/\/www.pinterest.fr\/associationqualitel\/"]},{"@type":"Person","@id":"https:\/\/www.qualitel.org\/particuliers\/#\/schema\/person\/8ecdccaad3bba102bae727749c8a10fa","name":"Julie CARNEZ","image":{"@type":"ImageObject","inLanguage":"fr-FR","@id":"https:\/\/www.qualitel.org\/particuliers\/#\/schema\/person\/image\/","url":"https:\/\/secure.gravatar.com\/avatar\/41fcfdc51e7305fd5b17ead841bd2e1f6a982b0f5ccaf899636b8ccab25ca5b1?s=96&d=mm&r=g","contentUrl":"https:\/\/secure.gravatar.com\/avatar\/41fcfdc51e7305fd5b17ead841bd2e1f6a982b0f5ccaf899636b8ccab25ca5b1?s=96&d=mm&r=g","caption":"Julie CARNEZ"}}]}},"_links":{"self":[{"href":"https:\/\/www.qualitel.org\/particuliers\/wp-json\/wp\/v2\/posts\/51148","targetHints":{"allow":["GET"]}}],"collection":[{"href":"https:\/\/www.qualitel.org\/particuliers\/wp-json\/wp\/v2\/posts"}],"about":[{"href":"https:\/\/www.qualitel.org\/particuliers\/wp-json\/wp\/v2\/types\/post"}],"author":[{"embeddable":true,"href":"https:\/\/www.qualitel.org\/particuliers\/wp-json\/wp\/v2\/users\/24"}],"replies":[{"embeddable":true,"href":"https:\/\/www.qualitel.org\/particuliers\/wp-json\/wp\/v2\/comments?post=51148"}],"version-history":[{"count":44,"href":"https:\/\/www.qualitel.org\/particuliers\/wp-json\/wp\/v2\/posts\/51148\/revisions"}],"predecessor-version":[{"id":53274,"href":"https:\/\/www.qualitel.org\/particuliers\/wp-json\/wp\/v2\/posts\/51148\/revisions\/53274"}],"wp:featuredmedia":[{"embeddable":true,"href":"https:\/\/www.qualitel.org\/particuliers\/wp-json\/wp\/v2\/media\/51288"}],"wp:attachment":[{"href":"https:\/\/www.qualitel.org\/particuliers\/wp-json\/wp\/v2\/media?parent=51148"}],"wp:term":[{"taxonomy":"category","embeddable":true,"href":"https:\/\/www.qualitel.org\/particuliers\/wp-json\/wp\/v2\/categories?post=51148"},{"taxonomy":"tags","embeddable":true,"href":"https:\/\/www.qualitel.org\/particuliers\/wp-json\/wp\/v2\/tags?post=51148"},{"taxonomy":"article_type","embeddable":true,"href":"https:\/\/www.qualitel.org\/particuliers\/wp-json\/wp\/v2\/article_type?post=51148"},{"taxonomy":"benefice","embeddable":true,"href":"https:\/\/www.qualitel.org\/particuliers\/wp-json\/wp\/v2\/benefice?post=51148"}],"curies":[{"name":"wp","href":"https:\/\/api.w.org\/{rel}","templated":true}]}}