{"id":52050,"date":"2025-12-11T14:15:02","date_gmt":"2025-12-11T13:15:02","guid":{"rendered":"https:\/\/www.qualitel.org\/particuliers\/?p=52050"},"modified":"2025-12-11T14:31:12","modified_gmt":"2025-12-11T13:31:12","slug":"existe-t-il-mode-hiver-sur-fenetres","status":"publish","type":"post","link":"https:\/\/www.qualitel.org\/particuliers\/conseils\/existe-t-il-mode-hiver-sur-fenetres\/","title":{"rendered":"Existe-t-il vraiment un \u00ab&nbsp;mode hiver&nbsp;\u00bb sur les fen\u00eatres pour garder la chaleur et r\u00e9duire les factures&nbsp;?"},"content":{"rendered":"<p>Certains fabricants \u00e9quipent leurs fen\u00eatres de <strong>galets excentriques<\/strong> permettant d\u2019ajuster l\u00e9g\u00e8rement la compression du joint lors du verrouillage.<br>\nCes \u00e9l\u00e9ments existent r\u00e9ellement, mais&nbsp;:<\/p>\n<ul>\n<li>ils ne constituent <strong>pas un mode hiver officiel<\/strong>,<\/li>\n<li>ils ne sont <strong>pas pr\u00e9sents sur toutes les menuiseries<\/strong>,<\/li>\n<li>leur r\u00e9glage n\u2019est <strong>ni syst\u00e9matique ni standardis\u00e9<\/strong>,<\/li>\n<li>et n\u2019appara\u00eet dans <strong>aucune recommandation institutionnelle<\/strong>.<\/li>\n<\/ul>\n<h3><strong>Mise au point technique<\/strong><\/h3>\n<p>Le <strong>Centre Scientifique et Technique du B\u00e2timent (CSTB)<\/strong>, dans ses documents sur les performances des fen\u00eatres, ne mentionne pas de r\u00e9glage saisonnier. Les performances (\u00e9tanch\u00e9it\u00e9 \u00e0 l\u2019air, <a href=\"https:\/\/www.qualitel.org\/particuliers\/isolation\/isolation-thermique\/\">isolation thermique<\/a>) sont \u00e9valu\u00e9es selon des normes pr\u00e9cises et ne d\u00e9pendent pas d\u2019un changement manuel effectu\u00e9 par l\u2019usager.<\/p>\n<p>Selon l\u2019<strong>ADEME<\/strong>, jusqu\u2019\u00e0 <strong>10 \u00e0 20 % des d\u00e9perditions de chaleur<\/strong> d\u2019un logement peuvent provenir d\u2019infiltrations d\u2019air parasites (fen\u00eatres anciennes ou mal ajust\u00e9es, d\u00e9fauts de joints, coffres de volets).<\/p>\n<p>Mais pour autant&nbsp;:<\/p>\n<p><strong>Aucune source officielle ne cite un r\u00e9glage \u201chiver\u201d comme solution \u00e0 ces d\u00e9perditions.<\/strong><\/p>\n<p>Les recommandations portent plut\u00f4t sur&nbsp;:<\/p>\n<ul>\n<li>la qualit\u00e9 de pose,<\/li>\n<li>l\u2019entretien des joints,<\/li>\n<li>la performance du vitrage,<\/li>\n<li>l\u2019\u00e9tat g\u00e9n\u00e9ral des menuiseries.<\/li>\n<\/ul>\n<h3><strong>Position officielle (CSTB, ADEME, fabricants)<\/strong><\/h3>\n<p>Les documents institutionnels <strong>ne pr\u00e9conisent pas<\/strong> une modification par l\u2019usager.<br>\nUn r\u00e9glage trop serr\u00e9 peut&nbsp;:<\/p>\n<ul>\n<li>user pr\u00e9matur\u00e9ment les joints,<\/li>\n<li>augmenter l\u2019effort d\u2019ouverture,<\/li>\n<li>perturber la micro-ventilation int\u00e9gr\u00e9e pr\u00e9vue par le fabricant.<\/li>\n<\/ul>\n<p>Ces joints jouent aussi un r\u00f4le dans la <strong>qualit\u00e9 de l\u2019air int\u00e9rieur<\/strong>&nbsp;: une fen\u00eatre trop \u00e9tanche peut perturber la ventilation g\u00e9n\u00e9rale et favoriser l\u2019<a href=\"https:\/\/www.qualitel.org\/particuliers\/conseils\/mesurer-taux-humidite\/\">humidit\u00e9<\/a>, surtout en hiver, ce qui est&nbsp; un facteur de risque pour les <a href=\"https:\/\/www.qualitel.org\/particuliers\/conseils\/moisissures-comment-lutter-contre-afin-dameliorer-la-qualite-de-lair-dans-votre-logement\/\">moisissures<\/a>.<\/p>\n<p>Voici les actions efficaces \u00e0 mettre en place dans votre logement&nbsp;:<\/p>\n<h3><strong>1. Entretenir ou remplacer les joints<\/strong><\/h3>\n<p>Nous vous recommandons de v\u00e9rifier r\u00e9guli\u00e8rement l\u2019\u00e9tat des joints de fen\u00eatre&nbsp;: un joint comprim\u00e9, d\u00e9coupl\u00e9 ou poreux d\u00e9grade fortement l\u2019\u00e9tanch\u00e9it\u00e9.<\/p>\n<h3><strong>2. V\u00e9rifier les entr\u00e9es d\u2019air et la VMC<\/strong><\/h3>\n<p>Bloquer les entr\u00e9es d\u2019air pour \u00ab&nbsp;garder la chaleur&nbsp;\u00bb est contre-productif&nbsp;:<\/p>\n<ul>\n<li>cela augmente l\u2019humidit\u00e9,<\/li>\n<li>favorise la <a href=\"https:\/\/www.qualitel.org\/particuliers\/conseils\/comment-eviter-la-condensation-sur-les-fenetres\/\">condensation<\/a>,<\/li>\n<li>et peut d\u00e9grader le logement (murs, menuiseries).<\/li>\n<\/ul>\n<p>La ventilation doit rester <strong>fonctionnelle<\/strong>, m\u00eame en hiver.<\/p>\n<h3><strong>3. Agir sur l\u2019isolation du logement<\/strong><\/h3>\n<p>Le Minist\u00e8re de la Transition \u00e9cologique rappelle que les d\u00e9perditions majeures proviennent&nbsp;:<\/p>\n<ul>\n<li>du toit,<\/li>\n<li>des murs,<\/li>\n<li>des planchers bas, bien avant les fen\u00eatres.<br>\nLes menuiseries performantes apportent un gain r\u00e9el, mais <strong>ne compensent pas une isolation globale insuffisante<\/strong>.<\/li>\n<\/ul>\n<h3><strong>4. Entretenir les syst\u00e8mes de chauffage<\/strong><\/h3>\n<p>Un chauffage bien r\u00e9gl\u00e9 et entretenu par un professionnel peut r\u00e9duire la consommation sans modifier les fen\u00eatres.<\/p>\n<p>Ici on parle d\u2019entretien, puis dans le texte de r\u00e9glage&nbsp;: ce n\u2019est pas clair<\/p>\n<ul>\n<li>Le \u00ab&nbsp;mode hiver&nbsp;\u00bb des fen\u00eatres <strong>n\u2019existe pas dans les r\u00e9f\u00e9rences techniques officielles<\/strong>.<\/li>\n<li>Certains r\u00e9glages de compression existent, mais ils ne sont <strong>ni standardis\u00e9s ni recommand\u00e9s<\/strong> par les organismes publics.<\/li>\n<li>L\u2019am\u00e9lioration de la performance thermique repose surtout sur&nbsp;:\n<ul>\n<li>l\u2019entretien des joints,<\/li>\n<li>la ventilation ma\u00eetris\u00e9e,<\/li>\n<li>l\u2019isolation globale du logement,<\/li>\n<li>et le r\u00e9glage et l\u2019<a href=\"https:\/\/www.qualitel.org\/particuliers\/conseils\/comment-assurer-le-bon-entretien-de-votre-systeme-de-chauffage\/\">entretien du syst\u00e8me de chauffage<\/a>.<\/li>\n<\/ul>\n<\/li>\n<\/ul>\n","protected":false},"excerpt":{"rendered":"<p>Certains fabricants \u00e9quipent leurs fen\u00eatres de galets excentriques permettant d\u2019ajuster l\u00e9g\u00e8rement la compression du joint lors du verrouillage. Ces \u00e9l\u00e9ments existent r\u00e9ellement, mais&nbsp;: ils ne constituent pas un mode hiver officiel, ils ne sont pas pr\u00e9sents sur toutes les menuiseries, leur r\u00e9glage n\u2019est ni syst\u00e9matique ni standardis\u00e9, et n\u2019appara\u00eet dans aucune recommandation institutionnelle. Mise au \u2026 <\/p>\n","protected":false},"author":24,"featured_media":52057,"comment_status":"closed","ping_status":"closed","sticky":false,"template":"","format":"standard","meta":{"_acf_changed":false,"wp_typography_post_enhancements_disabled":false,"footnotes":""},"categories":[203,208],"tags":[468,487,424,435,489,442],"article_type":[539],"benefice":[348,349],"class_list":["post-52050","post","type-post","status-publish","format-standard","has-post-thumbnail","hentry","category-confort","category-eco-responsabilite","tags-chauffage","tags-entretien","tags-isolation","tags-sejour","tags-thermique","tags-ventilation","article_type-tendance","benefice-confort","benefice-eco-responsabilite"],"acf":[],"yoast_head":"<!-- This site is optimized with the Yoast SEO plugin v26.2 - https:\/\/yoast.com\/wordpress\/plugins\/seo\/ -->\n<title>Existe-t-il vraiment un \u00ab mode hiver \u00bb sur les fen\u00eatres pour garder la chaleur et r\u00e9duire les factures ? - Qualitel | Particuliers<\/title>\n<meta name=\"description\" content=\"De nombreux tutoriels et messages circulent sur internet autour du pr\u00e9tendu \u00ab mode hiver \u00bb des fen\u00eatres. Il s\u2019agirait d\u2019un r\u00e9glage accessible sur certaines menuiseries, cens\u00e9 modifier la pression du joint, renforcer l\u2019\u00e9tanch\u00e9it\u00e9 \u00e0 l\u2019air et r\u00e9duire les d\u00e9perditions thermiques.\u00a0\u00c0 cette date, aucune source officielle fran\u00e7aise ne confirme l\u2019existence d\u2019un \u201cmode hiver\u201d reconnu, norm\u00e9 ou recommand\u00e9 pour les fen\u00eatres.\u00a0Dans les documents techniques et r\u00e9glementaires (isolation, menuiseries, ventilation), ce terme n\u2019appara\u00eet jamais.\" \/>\n<meta name=\"robots\" content=\"index, follow, max-snippet:-1, max-image-preview:large, max-video-preview:-1\" \/>\n<link rel=\"canonical\" href=\"https:\/\/www.qualitel.org\/particuliers\/conseils\/existe-t-il-mode-hiver-sur-fenetres\/\" \/>\n<meta property=\"og:locale\" content=\"fr_FR\" \/>\n<meta property=\"og:type\" content=\"article\" \/>\n<meta property=\"og:title\" content=\"Existe-t-il vraiment un \u00ab mode hiver \u00bb sur les fen\u00eatres pour garder la chaleur et r\u00e9duire les factures ? - Qualitel | Particuliers\" \/>\n<meta property=\"og:description\" content=\"De nombreux tutoriels et messages circulent sur internet autour du pr\u00e9tendu \u00ab&nbsp;mode hiver&nbsp;\u00bb des fen\u00eatres. Il s\u2019agirait d\u2019un r\u00e9glage accessible sur certaines menuiseries, cens\u00e9 modifier la pression du joint, renforcer l\u2019\u00e9tanch\u00e9it\u00e9 \u00e0 l\u2019air et r\u00e9duire les d\u00e9perditions thermiques.&nbsp;\u00c0 cette date, aucune source officielle fran\u00e7aise ne confirme l\u2019existence d\u2019un \u201cmode hiver\u201d reconnu, norm\u00e9 ou recommand\u00e9 pour les fen\u00eatres.&nbsp;Dans les documents techniques et r\u00e9glementaires (isolation, menuiseries, ventilation), ce terme n\u2019appara\u00eet jamais.\" \/>\n<meta property=\"og:url\" content=\"https:\/\/www.qualitel.org\/particuliers\/conseils\/existe-t-il-mode-hiver-sur-fenetres\/\" \/>\n<meta property=\"og:site_name\" content=\"Qualitel | Particuliers\" \/>\n<meta property=\"article:publisher\" content=\"https:\/\/www.facebook.com\/groupequalitel\/\" \/>\n<meta property=\"article:published_time\" content=\"2025-12-11T13:15:02+00:00\" \/>\n<meta property=\"article:modified_time\" content=\"2025-12-11T13:31:12+00:00\" \/>\n<meta property=\"og:image\" content=\"https:\/\/www.qualitel.org\/particuliers\/wp\/..\/uploads\/AdobeStock_118391159.jpg\" \/>\n\t<meta property=\"og:image:width\" content=\"1300\" \/>\n\t<meta property=\"og:image:height\" content=\"867\" \/>\n\t<meta property=\"og:image:type\" content=\"image\/jpeg\" \/>\n<meta name=\"author\" content=\"Julie CARNEZ\" \/>\n<meta name=\"twitter:card\" content=\"summary_large_image\" \/>\n<meta name=\"twitter:description\" content=\"De nombreux tutoriels et messages circulent sur internet autour du pr\u00e9tendu \u00ab&nbsp;mode hiver&nbsp;\u00bb des fen\u00eatres. Il s\u2019agirait d\u2019un r\u00e9glage accessible sur certaines menuiseries, cens\u00e9 modifier la pression du joint, renforcer l\u2019\u00e9tanch\u00e9it\u00e9 \u00e0 l\u2019air et r\u00e9duire les d\u00e9perditions thermiques.&nbsp;\u00c0 cette date, aucune source officielle fran\u00e7aise ne confirme l\u2019existence d\u2019un \u201cmode hiver\u201d reconnu, norm\u00e9 ou recommand\u00e9 pour les fen\u00eatres.&nbsp;Dans les documents techniques et r\u00e9glementaires (isolation, menuiseries, ventilation), ce terme n\u2019appara\u00eet jamais.\n\" \/>\n<meta name=\"twitter:creator\" content=\"@groupeQUALITEL\" \/>\n<meta name=\"twitter:site\" content=\"@groupeQUALITEL\" \/>\n<meta name=\"twitter:label1\" content=\"Written by\" \/>\n\t<meta name=\"twitter:data1\" content=\"Julie CARNEZ\" \/>\n\t<meta name=\"twitter:label2\" content=\"Est. reading time\" \/>\n\t<meta name=\"twitter:data2\" content=\"6 minutes\" \/>\n<script type=\"application\/ld+json\" class=\"yoast-schema-graph\">{\"@context\":\"https:\/\/schema.org\",\"@graph\":[{\"@type\":\"Article\",\"@id\":\"https:\/\/www.qualitel.org\/particuliers\/conseils\/existe-t-il-mode-hiver-sur-fenetres\/#article\",\"isPartOf\":{\"@id\":\"https:\/\/www.qualitel.org\/particuliers\/conseils\/existe-t-il-mode-hiver-sur-fenetres\/\"},\"author\":{\"name\":\"Julie CARNEZ\",\"@id\":\"https:\/\/www.qualitel.org\/particuliers\/#\/schema\/person\/8ecdccaad3bba102bae727749c8a10fa\"},\"headline\":\"Existe-t-il vraiment un \u00ab&nbsp;mode hiver&nbsp;\u00bb sur les fen\u00eatres pour garder la chaleur et r\u00e9duire les factures&nbsp;?\",\"datePublished\":\"2025-12-11T13:15:02+00:00\",\"dateModified\":\"2025-12-11T13:31:12+00:00\",\"mainEntityOfPage\":{\"@id\":\"https:\/\/www.qualitel.org\/particuliers\/conseils\/existe-t-il-mode-hiver-sur-fenetres\/\"},\"wordCount\":560,\"publisher\":{\"@id\":\"https:\/\/www.qualitel.org\/particuliers\/#organization\"},\"image\":{\"@id\":\"https:\/\/www.qualitel.org\/particuliers\/conseils\/existe-t-il-mode-hiver-sur-fenetres\/#primaryimage\"},\"thumbnailUrl\":\"https:\/\/www.qualitel.org\/particuliers\/wp\/..\/uploads\/AdobeStock_118391159.jpg\",\"articleSection\":[\"Confort\",\"\u00c9co-responsabilit\u00e9\"],\"inLanguage\":\"fr-FR\"},{\"@type\":\"WebPage\",\"@id\":\"https:\/\/www.qualitel.org\/particuliers\/conseils\/existe-t-il-mode-hiver-sur-fenetres\/\",\"url\":\"https:\/\/www.qualitel.org\/particuliers\/conseils\/existe-t-il-mode-hiver-sur-fenetres\/\",\"name\":\"Existe-t-il vraiment un \u00ab mode hiver \u00bb sur les fen\u00eatres pour garder la chaleur et r\u00e9duire les factures ? - Qualitel | Particuliers\",\"isPartOf\":{\"@id\":\"https:\/\/www.qualitel.org\/particuliers\/#website\"},\"primaryImageOfPage\":{\"@id\":\"https:\/\/www.qualitel.org\/particuliers\/conseils\/existe-t-il-mode-hiver-sur-fenetres\/#primaryimage\"},\"image\":{\"@id\":\"https:\/\/www.qualitel.org\/particuliers\/conseils\/existe-t-il-mode-hiver-sur-fenetres\/#primaryimage\"},\"thumbnailUrl\":\"https:\/\/www.qualitel.org\/particuliers\/wp\/..\/uploads\/AdobeStock_118391159.jpg\",\"datePublished\":\"2025-12-11T13:15:02+00:00\",\"dateModified\":\"2025-12-11T13:31:12+00:00\",\"description\":\"De nombreux tutoriels et messages circulent sur internet autour du pr\u00e9tendu \u00ab mode hiver \u00bb des fen\u00eatres. Il s\u2019agirait d\u2019un r\u00e9glage accessible sur certaines menuiseries, cens\u00e9 modifier la pression du joint, renforcer l\u2019\u00e9tanch\u00e9it\u00e9 \u00e0 l\u2019air et r\u00e9duire les d\u00e9perditions thermiques.\u00a0\u00c0 cette date, aucune source officielle fran\u00e7aise ne confirme l\u2019existence d\u2019un \u201cmode hiver\u201d reconnu, norm\u00e9 ou recommand\u00e9 pour les fen\u00eatres.\u00a0Dans les documents techniques et r\u00e9glementaires (isolation, menuiseries, ventilation), ce terme n\u2019appara\u00eet jamais.\",\"breadcrumb\":{\"@id\":\"https:\/\/www.qualitel.org\/particuliers\/conseils\/existe-t-il-mode-hiver-sur-fenetres\/#breadcrumb\"},\"inLanguage\":\"fr-FR\",\"potentialAction\":[{\"@type\":\"ReadAction\",\"target\":[\"https:\/\/www.qualitel.org\/particuliers\/conseils\/existe-t-il-mode-hiver-sur-fenetres\/\"]}]},{\"@type\":\"ImageObject\",\"inLanguage\":\"fr-FR\",\"@id\":\"https:\/\/www.qualitel.org\/particuliers\/conseils\/existe-t-il-mode-hiver-sur-fenetres\/#primaryimage\",\"url\":\"https:\/\/www.qualitel.org\/particuliers\/wp\/..\/uploads\/AdobeStock_118391159.jpg\",\"contentUrl\":\"https:\/\/www.qualitel.org\/particuliers\/wp\/..\/uploads\/AdobeStock_118391159.jpg\",\"width\":1300,\"height\":867},{\"@type\":\"BreadcrumbList\",\"@id\":\"https:\/\/www.qualitel.org\/particuliers\/conseils\/existe-t-il-mode-hiver-sur-fenetres\/#breadcrumb\",\"itemListElement\":[{\"@type\":\"ListItem\",\"position\":1,\"name\":\"Accueil\",\"item\":\"https:\/\/www.qualitel.org\/particuliers\/\"},{\"@type\":\"ListItem\",\"position\":2,\"name\":\"Existe-t-il vraiment un \u00ab mode hiver \u00bb sur les fen\u00eatres pour garder la chaleur et r\u00e9duire les factures ?\"}]},{\"@type\":\"WebSite\",\"@id\":\"https:\/\/www.qualitel.org\/particuliers\/#website\",\"url\":\"https:\/\/www.qualitel.org\/particuliers\/\",\"name\":\"Qualitel | Particuliers\",\"description\":\"\",\"publisher\":{\"@id\":\"https:\/\/www.qualitel.org\/particuliers\/#organization\"},\"potentialAction\":[{\"@type\":\"SearchAction\",\"target\":{\"@type\":\"EntryPoint\",\"urlTemplate\":\"https:\/\/www.qualitel.org\/particuliers\/?s={search_term_string}\"},\"query-input\":{\"@type\":\"PropertyValueSpecification\",\"valueRequired\":true,\"valueName\":\"search_term_string\"}}],\"inLanguage\":\"fr-FR\"},{\"@type\":\"Organization\",\"@id\":\"https:\/\/www.qualitel.org\/particuliers\/#organization\",\"name\":\"Qualitel | Particuliers\",\"url\":\"https:\/\/www.qualitel.org\/particuliers\/\",\"logo\":{\"@type\":\"ImageObject\",\"inLanguage\":\"fr-FR\",\"@id\":\"https:\/\/www.qualitel.org\/particuliers\/#\/schema\/logo\/image\/\",\"url\":\"https:\/\/www.qualitel.org\/particuliers\/wp\/..\/uploads\/qualitel-squarelogo-1456752654225.png\",\"contentUrl\":\"https:\/\/www.qualitel.org\/particuliers\/wp\/..\/uploads\/qualitel-squarelogo-1456752654225.png\",\"width\":180,\"height\":180,\"caption\":\"Qualitel | Particuliers\"},\"image\":{\"@id\":\"https:\/\/www.qualitel.org\/particuliers\/#\/schema\/logo\/image\/\"},\"sameAs\":[\"https:\/\/www.facebook.com\/groupequalitel\/\",\"https:\/\/x.com\/groupeQUALITEL\",\"https:\/\/www.instagram.com\/associationqualitel\/\",\"https:\/\/www.pinterest.fr\/associationqualitel\/\"]},{\"@type\":\"Person\",\"@id\":\"https:\/\/www.qualitel.org\/particuliers\/#\/schema\/person\/8ecdccaad3bba102bae727749c8a10fa\",\"name\":\"Julie CARNEZ\",\"image\":{\"@type\":\"ImageObject\",\"inLanguage\":\"fr-FR\",\"@id\":\"https:\/\/www.qualitel.org\/particuliers\/#\/schema\/person\/image\/\",\"url\":\"https:\/\/secure.gravatar.com\/avatar\/41fcfdc51e7305fd5b17ead841bd2e1f6a982b0f5ccaf899636b8ccab25ca5b1?s=96&d=mm&r=g\",\"contentUrl\":\"https:\/\/secure.gravatar.com\/avatar\/41fcfdc51e7305fd5b17ead841bd2e1f6a982b0f5ccaf899636b8ccab25ca5b1?s=96&d=mm&r=g\",\"caption\":\"Julie CARNEZ\"}}]}<\/script>\n<!-- \/ Yoast SEO plugin. -->","yoast_head_json":{"title":"Existe-t-il vraiment un \u00ab mode hiver \u00bb sur les fen\u00eatres pour garder la chaleur et r\u00e9duire les factures ? - Qualitel | Particuliers","description":"De nombreux tutoriels et messages circulent sur internet autour du pr\u00e9tendu \u00ab mode hiver \u00bb des fen\u00eatres. Il s\u2019agirait d\u2019un r\u00e9glage accessible sur certaines menuiseries, cens\u00e9 modifier la pression du joint, renforcer l\u2019\u00e9tanch\u00e9it\u00e9 \u00e0 l\u2019air et r\u00e9duire les d\u00e9perditions thermiques.\u00a0\u00c0 cette date, aucune source officielle fran\u00e7aise ne confirme l\u2019existence d\u2019un \u201cmode hiver\u201d reconnu, norm\u00e9 ou recommand\u00e9 pour les fen\u00eatres.\u00a0Dans les documents techniques et r\u00e9glementaires (isolation, menuiseries, ventilation), ce terme n\u2019appara\u00eet jamais.","robots":{"index":"index","follow":"follow","max-snippet":"max-snippet:-1","max-image-preview":"max-image-preview:large","max-video-preview":"max-video-preview:-1"},"canonical":"https:\/\/www.qualitel.org\/particuliers\/conseils\/existe-t-il-mode-hiver-sur-fenetres\/","og_locale":"fr_FR","og_type":"article","og_title":"Existe-t-il vraiment un \u00ab mode hiver \u00bb sur les fen\u00eatres pour garder la chaleur et r\u00e9duire les factures ? - Qualitel | Particuliers","og_description":"De nombreux tutoriels et messages circulent sur internet autour du pr\u00e9tendu \u00ab&nbsp;mode hiver&nbsp;\u00bb des fen\u00eatres. Il s\u2019agirait d\u2019un r\u00e9glage accessible sur certaines menuiseries, cens\u00e9 modifier la pression du joint, renforcer l\u2019\u00e9tanch\u00e9it\u00e9 \u00e0 l\u2019air et r\u00e9duire les d\u00e9perditions thermiques.&nbsp;\u00c0 cette date, aucune source officielle fran\u00e7aise ne confirme l\u2019existence d\u2019un \u201cmode hiver\u201d reconnu, norm\u00e9 ou recommand\u00e9 pour les fen\u00eatres.&nbsp;Dans les documents techniques et r\u00e9glementaires (isolation, menuiseries, ventilation), ce terme n\u2019appara\u00eet jamais.","og_url":"https:\/\/www.qualitel.org\/particuliers\/conseils\/existe-t-il-mode-hiver-sur-fenetres\/","og_site_name":"Qualitel | Particuliers","article_publisher":"https:\/\/www.facebook.com\/groupequalitel\/","article_published_time":"2025-12-11T13:15:02+00:00","article_modified_time":"2025-12-11T13:31:12+00:00","og_image":[{"width":1300,"height":867,"url":"https:\/\/www.qualitel.org\/particuliers\/wp\/..\/uploads\/AdobeStock_118391159.jpg","type":"image\/jpeg"}],"author":"Julie CARNEZ","twitter_card":"summary_large_image","twitter_description":"De nombreux tutoriels et messages circulent sur internet autour du pr\u00e9tendu \u00ab&nbsp;mode hiver&nbsp;\u00bb des fen\u00eatres. Il s\u2019agirait d\u2019un r\u00e9glage accessible sur certaines menuiseries, cens\u00e9 modifier la pression du joint, renforcer l\u2019\u00e9tanch\u00e9it\u00e9 \u00e0 l\u2019air et r\u00e9duire les d\u00e9perditions thermiques.&nbsp;\u00c0 cette date, aucune source officielle fran\u00e7aise ne confirme l\u2019existence d\u2019un \u201cmode hiver\u201d reconnu, norm\u00e9 ou recommand\u00e9 pour les fen\u00eatres.&nbsp;Dans les documents techniques et r\u00e9glementaires (isolation, menuiseries, ventilation), ce terme n\u2019appara\u00eet jamais.\n","twitter_creator":"@groupeQUALITEL","twitter_site":"@groupeQUALITEL","twitter_misc":{"Written by":"Julie CARNEZ","Est. reading time":"6 minutes"},"schema":{"@context":"https:\/\/schema.org","@graph":[{"@type":"Article","@id":"https:\/\/www.qualitel.org\/particuliers\/conseils\/existe-t-il-mode-hiver-sur-fenetres\/#article","isPartOf":{"@id":"https:\/\/www.qualitel.org\/particuliers\/conseils\/existe-t-il-mode-hiver-sur-fenetres\/"},"author":{"name":"Julie CARNEZ","@id":"https:\/\/www.qualitel.org\/particuliers\/#\/schema\/person\/8ecdccaad3bba102bae727749c8a10fa"},"headline":"Existe-t-il vraiment un \u00ab&nbsp;mode hiver&nbsp;\u00bb sur les fen\u00eatres pour garder la chaleur et r\u00e9duire les factures&nbsp;?","datePublished":"2025-12-11T13:15:02+00:00","dateModified":"2025-12-11T13:31:12+00:00","mainEntityOfPage":{"@id":"https:\/\/www.qualitel.org\/particuliers\/conseils\/existe-t-il-mode-hiver-sur-fenetres\/"},"wordCount":560,"publisher":{"@id":"https:\/\/www.qualitel.org\/particuliers\/#organization"},"image":{"@id":"https:\/\/www.qualitel.org\/particuliers\/conseils\/existe-t-il-mode-hiver-sur-fenetres\/#primaryimage"},"thumbnailUrl":"https:\/\/www.qualitel.org\/particuliers\/wp\/..\/uploads\/AdobeStock_118391159.jpg","articleSection":["Confort","\u00c9co-responsabilit\u00e9"],"inLanguage":"fr-FR"},{"@type":"WebPage","@id":"https:\/\/www.qualitel.org\/particuliers\/conseils\/existe-t-il-mode-hiver-sur-fenetres\/","url":"https:\/\/www.qualitel.org\/particuliers\/conseils\/existe-t-il-mode-hiver-sur-fenetres\/","name":"Existe-t-il vraiment un \u00ab mode hiver \u00bb sur les fen\u00eatres pour garder la chaleur et r\u00e9duire les factures ? - Qualitel | Particuliers","isPartOf":{"@id":"https:\/\/www.qualitel.org\/particuliers\/#website"},"primaryImageOfPage":{"@id":"https:\/\/www.qualitel.org\/particuliers\/conseils\/existe-t-il-mode-hiver-sur-fenetres\/#primaryimage"},"image":{"@id":"https:\/\/www.qualitel.org\/particuliers\/conseils\/existe-t-il-mode-hiver-sur-fenetres\/#primaryimage"},"thumbnailUrl":"https:\/\/www.qualitel.org\/particuliers\/wp\/..\/uploads\/AdobeStock_118391159.jpg","datePublished":"2025-12-11T13:15:02+00:00","dateModified":"2025-12-11T13:31:12+00:00","description":"De nombreux tutoriels et messages circulent sur internet autour du pr\u00e9tendu \u00ab mode hiver \u00bb des fen\u00eatres. Il s\u2019agirait d\u2019un r\u00e9glage accessible sur certaines menuiseries, cens\u00e9 modifier la pression du joint, renforcer l\u2019\u00e9tanch\u00e9it\u00e9 \u00e0 l\u2019air et r\u00e9duire les d\u00e9perditions thermiques.\u00a0\u00c0 cette date, aucune source officielle fran\u00e7aise ne confirme l\u2019existence d\u2019un \u201cmode hiver\u201d reconnu, norm\u00e9 ou recommand\u00e9 pour les fen\u00eatres.\u00a0Dans les documents techniques et r\u00e9glementaires (isolation, menuiseries, ventilation), ce terme n\u2019appara\u00eet jamais.","breadcrumb":{"@id":"https:\/\/www.qualitel.org\/particuliers\/conseils\/existe-t-il-mode-hiver-sur-fenetres\/#breadcrumb"},"inLanguage":"fr-FR","potentialAction":[{"@type":"ReadAction","target":["https:\/\/www.qualitel.org\/particuliers\/conseils\/existe-t-il-mode-hiver-sur-fenetres\/"]}]},{"@type":"ImageObject","inLanguage":"fr-FR","@id":"https:\/\/www.qualitel.org\/particuliers\/conseils\/existe-t-il-mode-hiver-sur-fenetres\/#primaryimage","url":"https:\/\/www.qualitel.org\/particuliers\/wp\/..\/uploads\/AdobeStock_118391159.jpg","contentUrl":"https:\/\/www.qualitel.org\/particuliers\/wp\/..\/uploads\/AdobeStock_118391159.jpg","width":1300,"height":867},{"@type":"BreadcrumbList","@id":"https:\/\/www.qualitel.org\/particuliers\/conseils\/existe-t-il-mode-hiver-sur-fenetres\/#breadcrumb","itemListElement":[{"@type":"ListItem","position":1,"name":"Accueil","item":"https:\/\/www.qualitel.org\/particuliers\/"},{"@type":"ListItem","position":2,"name":"Existe-t-il vraiment un \u00ab mode hiver \u00bb sur les fen\u00eatres pour garder la chaleur et r\u00e9duire les factures ?"}]},{"@type":"WebSite","@id":"https:\/\/www.qualitel.org\/particuliers\/#website","url":"https:\/\/www.qualitel.org\/particuliers\/","name":"Qualitel | Particuliers","description":"","publisher":{"@id":"https:\/\/www.qualitel.org\/particuliers\/#organization"},"potentialAction":[{"@type":"SearchAction","target":{"@type":"EntryPoint","urlTemplate":"https:\/\/www.qualitel.org\/particuliers\/?s={search_term_string}"},"query-input":{"@type":"PropertyValueSpecification","valueRequired":true,"valueName":"search_term_string"}}],"inLanguage":"fr-FR"},{"@type":"Organization","@id":"https:\/\/www.qualitel.org\/particuliers\/#organization","name":"Qualitel | Particuliers","url":"https:\/\/www.qualitel.org\/particuliers\/","logo":{"@type":"ImageObject","inLanguage":"fr-FR","@id":"https:\/\/www.qualitel.org\/particuliers\/#\/schema\/logo\/image\/","url":"https:\/\/www.qualitel.org\/particuliers\/wp\/..\/uploads\/qualitel-squarelogo-1456752654225.png","contentUrl":"https:\/\/www.qualitel.org\/particuliers\/wp\/..\/uploads\/qualitel-squarelogo-1456752654225.png","width":180,"height":180,"caption":"Qualitel | Particuliers"},"image":{"@id":"https:\/\/www.qualitel.org\/particuliers\/#\/schema\/logo\/image\/"},"sameAs":["https:\/\/www.facebook.com\/groupequalitel\/","https:\/\/x.com\/groupeQUALITEL","https:\/\/www.instagram.com\/associationqualitel\/","https:\/\/www.pinterest.fr\/associationqualitel\/"]},{"@type":"Person","@id":"https:\/\/www.qualitel.org\/particuliers\/#\/schema\/person\/8ecdccaad3bba102bae727749c8a10fa","name":"Julie CARNEZ","image":{"@type":"ImageObject","inLanguage":"fr-FR","@id":"https:\/\/www.qualitel.org\/particuliers\/#\/schema\/person\/image\/","url":"https:\/\/secure.gravatar.com\/avatar\/41fcfdc51e7305fd5b17ead841bd2e1f6a982b0f5ccaf899636b8ccab25ca5b1?s=96&d=mm&r=g","contentUrl":"https:\/\/secure.gravatar.com\/avatar\/41fcfdc51e7305fd5b17ead841bd2e1f6a982b0f5ccaf899636b8ccab25ca5b1?s=96&d=mm&r=g","caption":"Julie CARNEZ"}}]}},"_links":{"self":[{"href":"https:\/\/www.qualitel.org\/particuliers\/wp-json\/wp\/v2\/posts\/52050","targetHints":{"allow":["GET"]}}],"collection":[{"href":"https:\/\/www.qualitel.org\/particuliers\/wp-json\/wp\/v2\/posts"}],"about":[{"href":"https:\/\/www.qualitel.org\/particuliers\/wp-json\/wp\/v2\/types\/post"}],"author":[{"embeddable":true,"href":"https:\/\/www.qualitel.org\/particuliers\/wp-json\/wp\/v2\/users\/24"}],"replies":[{"embeddable":true,"href":"https:\/\/www.qualitel.org\/particuliers\/wp-json\/wp\/v2\/comments?post=52050"}],"version-history":[{"count":15,"href":"https:\/\/www.qualitel.org\/particuliers\/wp-json\/wp\/v2\/posts\/52050\/revisions"}],"predecessor-version":[{"id":52093,"href":"https:\/\/www.qualitel.org\/particuliers\/wp-json\/wp\/v2\/posts\/52050\/revisions\/52093"}],"wp:featuredmedia":[{"embeddable":true,"href":"https:\/\/www.qualitel.org\/particuliers\/wp-json\/wp\/v2\/media\/52057"}],"wp:attachment":[{"href":"https:\/\/www.qualitel.org\/particuliers\/wp-json\/wp\/v2\/media?parent=52050"}],"wp:term":[{"taxonomy":"category","embeddable":true,"href":"https:\/\/www.qualitel.org\/particuliers\/wp-json\/wp\/v2\/categories?post=52050"},{"taxonomy":"tags","embeddable":true,"href":"https:\/\/www.qualitel.org\/particuliers\/wp-json\/wp\/v2\/tags?post=52050"},{"taxonomy":"article_type","embeddable":true,"href":"https:\/\/www.qualitel.org\/particuliers\/wp-json\/wp\/v2\/article_type?post=52050"},{"taxonomy":"benefice","embeddable":true,"href":"https:\/\/www.qualitel.org\/particuliers\/wp-json\/wp\/v2\/benefice?post=52050"}],"curies":[{"name":"wp","href":"https:\/\/api.w.org\/{rel}","templated":true}]}}