{"id":52338,"date":"2026-01-19T17:35:37","date_gmt":"2026-01-19T16:35:37","guid":{"rendered":"https:\/\/www.qualitel.org\/particuliers\/?p=52338"},"modified":"2026-01-21T10:40:49","modified_gmt":"2026-01-21T09:40:49","slug":"modeles-coliving","status":"publish","type":"post","link":"https:\/\/www.qualitel.org\/particuliers\/conseils\/modeles-coliving\/","title":{"rendered":"Les diff\u00e9rentes formes de coliving&nbsp;: d\u00e9finition, atouts et crit\u00e8res de choix"},"content":{"rendered":"<p>Les gestionnaires d\u00e9veloppent aujourd\u2019hui une <strong>grande diversit\u00e9 de formes de coliving<\/strong>, adapt\u00e9s aux profils des r\u00e9sidents, aux territoires et aux usages. Certains mod\u00e8les privil\u00e9gient l\u2019attractivit\u00e9 urbaine et les services cl\u00e9 en main, tandis que d\u2019autres misent sur la durabilit\u00e9, l\u2019interg\u00e9n\u00e9ration ou la convivialit\u00e9 \u00e0 taille humaine. Zoom sur les sp\u00e9cificit\u00e9s des diff\u00e9rents types de coliving.<\/p>\n<h3>Coliving urbain&nbsp;: le mod\u00e8le le plus r\u00e9pandu<\/h3>\n<p>Le coliving urbain s\u2019est principalement d\u00e9velopp\u00e9 dans les <strong>grandes m\u00e9tropoles<\/strong>, o\u00f9 la tension immobili\u00e8re et la mobilit\u00e9 professionnelle complexifient l\u2019acc\u00e8s \u00e0 un logement classique, notamment pour les publics en transition.<\/p>\n<p>Il prend le plus souvent la forme <strong>d\u2019immeubles neufs ou r\u00e9habilit\u00e9s<\/strong>, con\u00e7us pour accueillir plusieurs r\u00e9sidents au sein d\u2019un m\u00eame ensemble. L\u2019organisation y est claire entre <strong>espaces privatifs<\/strong> et <strong>espaces partag\u00e9s<\/strong>.<\/p>\n<p>Les occupants disposent de <strong>chambres priv\u00e9es ou de studios meubl\u00e9s<\/strong>, g\u00e9n\u00e9ralement \u00e9quip\u00e9s d\u2019une salle d\u2019eau, tandis que les fonctions du quotidien sont mutualis\u00e9es au sein d\u2019espaces communs&nbsp;:<\/p>\n<ul>\n<li>cuisines collectives&nbsp;;<\/li>\n<li>salons&nbsp;;<\/li>\n<li>buanderies&nbsp;;<\/li>\n<li>salles de sport&nbsp;;<\/li>\n<li>ou encore espaces de coworking.<\/li>\n<\/ul>\n<p>\u00c0 ces am\u00e9nagements s\u2019ajoutent des <strong>services int\u00e9gr\u00e9s<\/strong>, tels que&nbsp;:<\/p>\n<ul>\n<li>l\u2019entretien des parties communes&nbsp;;<\/li>\n<li>une connexion internet&nbsp;;<\/li>\n<li>la maintenance technique des \u00e9quipements&nbsp;;<\/li>\n<li>parfois des activit\u00e9s sont propos\u00e9es pour favoriser la vie collective.<\/li>\n<\/ul>\n<p>Ce type de logement collaboratif peut \u00eatre qualifi\u00e9 de <strong>colocation am\u00e9lior\u00e9e<\/strong>. Il repose sur des <strong>baux individuels<\/strong> et des loyers souvent \u00ab&nbsp;tout compris&nbsp;\u00bb, offrant une grande <strong>souplesse contractuelle<\/strong>.<\/p>\n<p>Ces caract\u00e9ristiques r\u00e9pondent aux besoins des <strong>\u00e9tudiants, jeunes dipl\u00f4m\u00e9s et actifs en d\u00e9but de carri\u00e8re<\/strong>, mais aussi des <strong>salari\u00e9s en mobilit\u00e9<\/strong>, pour lesquels la simplicit\u00e9 d\u2019installation et la flexibilit\u00e9 de dur\u00e9e constituent des crit\u00e8res d\u00e9terminants.<\/p>\n<p>Le <strong>coliving urbain<\/strong> facilite \u00e9galement l\u2019int\u00e9gration dans une nouvelle ville en cr\u00e9ant un cadre propice aux \u00e9changes et \u00e0 la socialisation.<\/p>\n<p>Certains espaces de coliving se distinguent par une identit\u00e9 forte, fond\u00e9e sur un th\u00e8me commun&nbsp;: sport, bien-\u00eatre, <a href=\"https:\/\/www.qualitel.org\/particuliers\/benefice\/eco-responsabilite\/\">\u00e9coresponsabilit\u00e9<\/a>, entrepreneuriat ou encore cr\u00e9ation artistique. Ces lieux structurent la vie collective autour d\u2019activit\u00e9s partag\u00e9es, comme des ateliers, des \u00e9v\u00e9nements ou des projets collaboratifs. Ces activit\u00e9s au sein de diff\u00e9rents types de coliving favorisent l\u2019\u00e9mergence d\u2019une v\u00e9ritable communaut\u00e9 d\u2019int\u00e9r\u00eats. Ce positionnement th\u00e9matique renforce la coh\u00e9sion entre r\u00e9sidents tout en offrant un cadre de vie align\u00e9 avec leurs valeurs ou leurs modes de vie.<\/p>\n<p>En contrepartie, ce mode d\u2019habitat implique une <strong>proximit\u00e9 accrue entre les r\u00e9sidents<\/strong>. Le niveau d\u2019intimit\u00e9 peut \u00eatre limit\u00e9 et le confort ressenti d\u00e9pend fortement de la <strong>qualit\u00e9 de conception du b\u00e2timent<\/strong>, notamment en mati\u00e8re d\u2019<a href=\"https:\/\/www.qualitel.org\/particuliers\/isolation\/isolation-phonique\/\">isolation acoustique<\/a>, de traitement des circulations et de gestion des espaces communs. La tranquillit\u00e9 du lieu repose aussi sur l\u2019organisation de la vie collective et sur la capacit\u00e9 du gestionnaire \u00e0 encadrer les usages et \u00e0 pr\u00e9server l\u2019\u00e9quilibre entre vie priv\u00e9e et vie en communaut\u00e9.<\/p>\n<p>La performance acoustique constitue un crit\u00e8re d\u00e9terminant pour le confort des occupants. Dans un b\u00e2timent o\u00f9 les espaces sont mutualis\u00e9s et les flux fr\u00e9quents, les flux sonores entre logements, zones de circulation et pi\u00e8ces communes doivent \u00eatre particuli\u00e8rement ma\u00eetris\u00e9s. Une conception soign\u00e9e (qualit\u00e9 des cloisons, traitement des sols, joints et portes, am\u00e9nagement des communs) limite les nuisances et favorise une cohabitation sereine. Les r\u00e9f\u00e9rentiels comme NF Habitat fixent des exigences renforc\u00e9es pour garantir ce niveau de confort.<\/p>\n<h3>Coliving rural<\/h3>\n<p>Port\u00e9 par le t\u00e9l\u00e9travail et la recherche d\u2019un cadre de vie plus calme, un <strong>mod\u00e8le de coliving rural ou p\u00e9riurbain<\/strong> s\u2019est d\u00e9velopp\u00e9 r\u00e9cemment.<\/p>\n<p>Install\u00e9 dans d\u2019anciennes b\u00e2tisses r\u00e9nov\u00e9es ou de petites r\u00e9sidences, ce format de coliving vise des <strong>s\u00e9jours plus longs et des communaut\u00e9s plus stables<\/strong>.<\/p>\n<p>Le coliving rural associe souvent une <strong>dimension environnementale<\/strong>&nbsp;:<\/p>\n<ul>\n<li>potagers partag\u00e9s&nbsp;;<\/li>\n<li>mat\u00e9riaux durables&nbsp;;<\/li>\n<li>gestion \u00e9conome de l\u2019eau et de l\u2019\u00e9nergie&nbsp;;<\/li>\n<li>etc.<\/li>\n<\/ul>\n<h3>Coliving interg\u00e9n\u00e9rationnel&nbsp;: vivre ensemble \u00e0 tous les \u00e2ges<\/h3>\n<p>Le <strong>coliving interg\u00e9n\u00e9rationnel<\/strong> r\u00e9unit, dans un m\u00eame ensemble r\u00e9sidentiel, des jeunes actifs, des \u00e9tudiants et des seniors autonomes.<\/p>\n<p>Cette mixit\u00e9 vise \u00e0 <strong>favoriser les \u00e9changes, la solidarit\u00e9 et le partage de comp\u00e9tences<\/strong> tout en maintenant l\u2019ind\u00e9pendance de chacun.<\/p>\n<p>Les espaces dans un coliving interg\u00e9n\u00e9rationnel sont con\u00e7us pour \u00eatre <strong>accessibles et confortables pour tous<\/strong>&nbsp;: ascenseur, logements adapt\u00e9s, espaces communs conviviaux.<\/p>\n<p>En outre, les seniors b\u00e9n\u00e9ficient d\u2019une <strong>pr\u00e9sence rassurante au quotidien<\/strong>, tandis que les plus jeunes profitent d\u2019un <strong>cadre de vie plus humain et d\u2019un logement \u00e0 co\u00fbt mod\u00e9r\u00e9<\/strong>.<\/p>\n<p>Cette forme de coliving se distingue de la cohabitation interg\u00e9n\u00e9rationnelle \u00ab&nbsp;chez l\u2019habitant&nbsp;\u00bb, car il s\u2019agit ici d\u2019une <strong>r\u00e9sidence partag\u00e9e et g\u00e9r\u00e9e<\/strong>, dot\u00e9e de services mutualis\u00e9s et d\u2019une animation encadr\u00e9e.<\/p>\n<p>Le r\u00f4le du gestionnaire est central pour pr\u00e9server l\u2019\u00e9quilibre des relations, r\u00e9guler la vie commune et maintenir une coh\u00e9sion durable au sein du groupe.<\/p>\n<p>Un habitat partag\u00e9 est simplement la traduction fran\u00e7aise de coliving. Le terme coliving est plus souvent associ\u00e9 \u00e0 des r\u00e9sidences services telles que le coliving urbain ou interg\u00e9n\u00e9rationnel, alors que l\u2019habitat partag\u00e9 regroupe toutes les formes de cohabitations, avec ou sans services. Les deux concepts se distinguent de l\u2019habitat participatif qui permet \u00e0 un groupe de concevoir, de construire et de g\u00e9rer leur logement de mani\u00e8re communautaire. Cet habitat participatif poss\u00e8de d\u2019ailleurs un cadre juridique depuis la <a href=\"https:\/\/www.qualitel.org\/particuliers\/conseils\/loi-alur\/\">loi Alur<\/a>.<\/p>\n<p>Les diff\u00e9rentes formes de coliving r\u00e9pondent \u00e0 une <strong>diversit\u00e9 de besoins<\/strong>&nbsp;: logement temporaire, recherche de lien social, flexibilit\u00e9 ou r\u00e9duction des d\u00e9marches locatives.<\/p>\n<p>Cependant, comme toute forme d\u2019habitat collectif, il pr\u00e9sente des limites li\u00e9es \u00e0 la cohabitation et \u00e0 la qualit\u00e9 du b\u00e2ti.<\/p>\n<p>Voici un <strong>r\u00e9sum\u00e9 des atouts et des d\u00e9sagr\u00e9ments de la vie en communaut\u00e9<\/strong> que l\u2019on peut g\u00e9n\u00e9ralement identifier au sein d\u2019un coliving&nbsp;:<\/p>\n<p>Le choix d\u2019une forme de coliving ne se r\u00e9sume pas \u00e0 sa localisation ou \u00e0 son prix. Chaque mod\u00e8le repose sur <strong>une philosophie et un niveau de service diff\u00e9rents<\/strong>. Pour que l\u2019exp\u00e9rience soit r\u00e9ussie, clarifiez vos besoins avant de vous engager. Et pour bien vivre ensemble dans votre nouveau logement,<\/p>\n<h3>1. D\u00e9finir ses priorit\u00e9s de vie<\/h3>\n<p>Avant tout, il convient de <strong>d\u00e9terminer ce que vous cherchez exactement<\/strong>&nbsp;:<\/p>\n<ul>\n<li>la flexibilit\u00e9, pour une mobilit\u00e9 professionnelle ou un s\u00e9jour temporaire&nbsp;;<\/li>\n<li>la convivialit\u00e9, pour tisser des liens dans une nouvelle ville&nbsp;;<\/li>\n<li>le confort, avec des \u00e9quipements et services tout inclus&nbsp;;<\/li>\n<li>le calme et la stabilit\u00e9, si vous pr\u00e9voyez une occupation longue dur\u00e9e.<\/li>\n<\/ul>\n<p>Ces crit\u00e8res vous orienteront naturellement vers un <strong>mod\u00e8le urbain, rural, th\u00e9matique ou interg\u00e9n\u00e9rationnel<\/strong>.<\/p>\n<p>Attention, si c\u2019est la premi\u00e8re fois que vous envisagez de vivre en coliving, vous pourriez faire le point sur vos besoins et attentes <strong>apr\u00e8s une premi\u00e8re exp\u00e9rience<\/strong>. Pas de panique, un premier coliving peut ne pas vous convenir, tandis que le suivant sera le bon&nbsp;!<\/p>\n<h3>2. Examiner le niveau de services propos\u00e9s<\/h3>\n<p>Les offres varient selon les op\u00e9rateurs de coliving. Certains incluent uniquement les charges et le m\u00e9nage des communs, d\u2019autres ajoutent un acc\u00e8s \u00e0 une buanderie, des espaces de travail, des \u00e9v\u00e9nements en groupe ou une assistance administrative.<\/p>\n<p>Comparer ces \u00e9l\u00e9ments permet d\u2019\u00e9valuer le <strong>rapport co\u00fbt\/services r\u00e9els<\/strong>. Nous vous conseillons de v\u00e9rifier la <strong>transparence des prestations incluses<\/strong> et le co\u00fbt des options additionnelles.<\/p>\n<p>Inutile d\u2019opter pour des prestations dont vous n\u2019avez absolument pas besoin&nbsp;!<\/p>\n<h3>3. Observer la qualit\u00e9 du b\u00e2timent<\/h3>\n<p>La <strong>conception du coliving<\/strong> influe directement sur votre confort quotidien&nbsp;:<\/p>\n<ul>\n<li>l\u2019isolation acoustique entre les chambres et les pi\u00e8ces communes\u2009(sas, portes acoustiques, \u00e9loignement, etc.)<\/li>\n<li>l\u2019isolation acoustique entre les chambres (les murs ou cloisons entre les chambres)<\/li>\n<li>la <a href=\"https:\/\/www.qualitel.org\/particuliers\/visiter\/exposition-luminosite-verifier-visite-appartement-maison\/\">luminosit\u00e9<\/a> et la <a href=\"https:\/\/www.qualitel.org\/particuliers\/equipements-et-materiaux-maison\/ventilation\/ventilation-naturelle\/\">ventilation naturelle<\/a>&nbsp;;<\/li>\n<li>les <a href=\"https:\/\/www.qualitel.org\/particuliers\/equipements-et-materiaux\/\">\u00e9quipements mutualis\u00e9s<\/a> (cuisine, coworking, buanderie, etc.)\u2009;<\/li>\n<li>l\u2019entretien et la s\u00e9curit\u00e9 des espaces partag\u00e9s.<\/li>\n<\/ul>\n<p><a href=\"https:\/\/www.qualitel.org\/particuliers\/acheter-logement\/visite-appartement\/\">Visiter le lieu<\/a> ou consulter son niveau de certification vous aidera \u00e0 appr\u00e9cier la qualit\u00e9 du cadre de vie.<\/p>\n<h3>4. Prendre en compte la communaut\u00e9 et la gestion<\/h3>\n<p>La vie collective repose sur la <strong>compatibilit\u00e9 entre r\u00e9sidents<\/strong> et sur l\u2019<strong>organisation propos\u00e9e<\/strong>.<\/p>\n<p>Avant de signer un bail en coliving, renseignez-vous sur&nbsp;:<\/p>\n<ul>\n<li>la composition des profils accueillis (\u00e9tudiants, actifs, seniors)\u2009;<\/li>\n<li>la pr\u00e9sence d\u2019un gestionnaire sur place&nbsp;;<\/li>\n<li>les r\u00e8gles de vie commune et la m\u00e9diation en cas de d\u00e9saccord.<\/li>\n<\/ul>\n<p>Un bon \u00e9quilibre entre <strong>autonomie et encadrement<\/strong> favorise un climat harmonieux et durable.<\/p>\n<p>Si les avantages d\u2019un coliving vous s\u00e9duisent et que vous pensez pouvoir faire fi des petits d\u00e9sagr\u00e9ments potentiels, vous n\u2019avez plus qu\u2019\u00e0 contacter les diff\u00e9rents gestionnaires de coliving de votre r\u00e9gion et \u00e0 planifier des visites&nbsp;!<\/p>\n","protected":false},"excerpt":{"rendered":"<p>Les gestionnaires d\u00e9veloppent aujourd\u2019hui une grande diversit\u00e9 de formes de coliving, adapt\u00e9s aux profils des r\u00e9sidents, aux territoires et aux usages. Certains mod\u00e8les privil\u00e9gient l\u2019attractivit\u00e9 urbaine et les services cl\u00e9 en main, tandis que d\u2019autres misent sur la durabilit\u00e9, l\u2019interg\u00e9n\u00e9ration ou la convivialit\u00e9 \u00e0 taille humaine. Zoom sur les sp\u00e9cificit\u00e9s des diff\u00e9rents types de coliving. \u2026 <\/p>\n","protected":false},"author":24,"featured_media":52339,"comment_status":"closed","ping_status":"closed","sticky":false,"template":"","format":"standard","meta":{"_acf_changed":false,"wp_typography_post_enhancements_disabled":false,"footnotes":""},"categories":[203],"tags":[468,421,487,434,435,489,442],"article_type":[298],"benefice":[349],"class_list":["post-52338","post","type-post","status-publish","format-standard","has-post-thumbnail","hentry","category-confort","tags-chauffage","tags-cuisine","tags-entretien","tags-salle-de-bain","tags-sejour","tags-thermique","tags-ventilation","article_type-les-bons-choix","benefice-eco-responsabilite"],"acf":[],"yoast_head":"<!-- This site is optimized with the Yoast SEO plugin v26.2 - https:\/\/yoast.com\/wordpress\/plugins\/seo\/ -->\n<title>Formes de coliving : quel mod\u00e8le adopter selon ses besoins ? - Qualitel | Particuliers<\/title>\n<meta name=\"description\" content=\"D\u00e9couvrez les diff\u00e9rentes formes de coliving : urbain, interg\u00e9n\u00e9rationnel, th\u00e9matique\u2026 Quel mod\u00e8le est fait pour vous ? Notre comparatif vous guide.\" \/>\n<meta name=\"robots\" content=\"index, follow, max-snippet:-1, max-image-preview:large, max-video-preview:-1\" \/>\n<link rel=\"canonical\" href=\"https:\/\/www.qualitel.org\/particuliers\/conseils\/modeles-coliving\/\" \/>\n<meta property=\"og:locale\" content=\"fr_FR\" \/>\n<meta property=\"og:type\" content=\"article\" \/>\n<meta property=\"og:title\" content=\"Formes de coliving : quel mod\u00e8le adopter selon ses besoins ? - Qualitel | Particuliers\" \/>\n<meta property=\"og:description\" content=\"Forme d\u2019habitat partag\u00e9, les diff\u00e9rentes formes de coliving associent des espaces privatifs \u00e0 des lieux et services communs. En ville ou \u00e0 la campagne, ce mode d\u2019habitation se popularise, notamment aupr\u00e8s des jeunes actifs, des \u00e9tudiants et des seniors en qu\u00eate de flexibilit\u00e9 et de convivialit\u00e9.\" \/>\n<meta property=\"og:url\" content=\"https:\/\/www.qualitel.org\/particuliers\/conseils\/modeles-coliving\/\" \/>\n<meta property=\"og:site_name\" content=\"Qualitel | Particuliers\" \/>\n<meta property=\"article:publisher\" content=\"https:\/\/www.facebook.com\/groupequalitel\/\" \/>\n<meta property=\"article:published_time\" content=\"2026-01-19T16:35:37+00:00\" \/>\n<meta property=\"article:modified_time\" content=\"2026-01-21T09:40:49+00:00\" \/>\n<meta property=\"og:image\" content=\"https:\/\/www.qualitel.org\/particuliers\/wp\/..\/uploads\/AdobeStock_1394463114.jpg\" \/>\n\t<meta property=\"og:image:width\" content=\"1651\" \/>\n\t<meta property=\"og:image:height\" content=\"1101\" \/>\n\t<meta property=\"og:image:type\" content=\"image\/jpeg\" \/>\n<meta name=\"author\" content=\"Julie CARNEZ\" \/>\n<meta name=\"twitter:card\" content=\"summary_large_image\" \/>\n<meta name=\"twitter:description\" content=\"Forme d\u2019habitat partag\u00e9, les diff\u00e9rentes formes de coliving associent des espaces privatifs \u00e0 des lieux et services communs. En ville ou \u00e0 la campagne, ce mode d\u2019habitation se popularise, notamment aupr\u00e8s des jeunes actifs, des \u00e9tudiants et des seniors en qu\u00eate de flexibilit\u00e9 et de convivialit\u00e9.\n\" \/>\n<meta name=\"twitter:creator\" content=\"@groupeQUALITEL\" \/>\n<meta name=\"twitter:site\" content=\"@groupeQUALITEL\" \/>\n<meta name=\"twitter:label1\" content=\"Written by\" \/>\n\t<meta name=\"twitter:data1\" content=\"Julie CARNEZ\" \/>\n\t<meta name=\"twitter:label2\" content=\"Est. reading time\" \/>\n\t<meta name=\"twitter:data2\" content=\"15 minutes\" \/>\n<script type=\"application\/ld+json\" class=\"yoast-schema-graph\">{\"@context\":\"https:\/\/schema.org\",\"@graph\":[{\"@type\":\"Article\",\"@id\":\"https:\/\/www.qualitel.org\/particuliers\/conseils\/modeles-coliving\/#article\",\"isPartOf\":{\"@id\":\"https:\/\/www.qualitel.org\/particuliers\/conseils\/modeles-coliving\/\"},\"author\":{\"name\":\"Julie CARNEZ\",\"@id\":\"https:\/\/www.qualitel.org\/particuliers\/#\/schema\/person\/8ecdccaad3bba102bae727749c8a10fa\"},\"headline\":\"Les diff\u00e9rentes formes de coliving&nbsp;: d\u00e9finition, atouts et crit\u00e8res de choix\",\"datePublished\":\"2026-01-19T16:35:37+00:00\",\"dateModified\":\"2026-01-21T09:40:49+00:00\",\"mainEntityOfPage\":{\"@id\":\"https:\/\/www.qualitel.org\/particuliers\/conseils\/modeles-coliving\/\"},\"wordCount\":1553,\"publisher\":{\"@id\":\"https:\/\/www.qualitel.org\/particuliers\/#organization\"},\"image\":{\"@id\":\"https:\/\/www.qualitel.org\/particuliers\/conseils\/modeles-coliving\/#primaryimage\"},\"thumbnailUrl\":\"https:\/\/www.qualitel.org\/particuliers\/wp\/..\/uploads\/AdobeStock_1394463114.jpg\",\"articleSection\":[\"Confort\"],\"inLanguage\":\"fr-FR\"},{\"@type\":\"WebPage\",\"@id\":\"https:\/\/www.qualitel.org\/particuliers\/conseils\/modeles-coliving\/\",\"url\":\"https:\/\/www.qualitel.org\/particuliers\/conseils\/modeles-coliving\/\",\"name\":\"Formes de coliving : quel mod\u00e8le adopter selon ses besoins ? - Qualitel | Particuliers\",\"isPartOf\":{\"@id\":\"https:\/\/www.qualitel.org\/particuliers\/#website\"},\"primaryImageOfPage\":{\"@id\":\"https:\/\/www.qualitel.org\/particuliers\/conseils\/modeles-coliving\/#primaryimage\"},\"image\":{\"@id\":\"https:\/\/www.qualitel.org\/particuliers\/conseils\/modeles-coliving\/#primaryimage\"},\"thumbnailUrl\":\"https:\/\/www.qualitel.org\/particuliers\/wp\/..\/uploads\/AdobeStock_1394463114.jpg\",\"datePublished\":\"2026-01-19T16:35:37+00:00\",\"dateModified\":\"2026-01-21T09:40:49+00:00\",\"description\":\"D\u00e9couvrez les diff\u00e9rentes formes de coliving : urbain, interg\u00e9n\u00e9rationnel, th\u00e9matique\u2026 Quel mod\u00e8le est fait pour vous ? Notre comparatif vous guide.\",\"breadcrumb\":{\"@id\":\"https:\/\/www.qualitel.org\/particuliers\/conseils\/modeles-coliving\/#breadcrumb\"},\"inLanguage\":\"fr-FR\",\"potentialAction\":[{\"@type\":\"ReadAction\",\"target\":[\"https:\/\/www.qualitel.org\/particuliers\/conseils\/modeles-coliving\/\"]}]},{\"@type\":\"ImageObject\",\"inLanguage\":\"fr-FR\",\"@id\":\"https:\/\/www.qualitel.org\/particuliers\/conseils\/modeles-coliving\/#primaryimage\",\"url\":\"https:\/\/www.qualitel.org\/particuliers\/wp\/..\/uploads\/AdobeStock_1394463114.jpg\",\"contentUrl\":\"https:\/\/www.qualitel.org\/particuliers\/wp\/..\/uploads\/AdobeStock_1394463114.jpg\",\"width\":1651,\"height\":1101},{\"@type\":\"BreadcrumbList\",\"@id\":\"https:\/\/www.qualitel.org\/particuliers\/conseils\/modeles-coliving\/#breadcrumb\",\"itemListElement\":[{\"@type\":\"ListItem\",\"position\":1,\"name\":\"Accueil\",\"item\":\"https:\/\/www.qualitel.org\/particuliers\/\"},{\"@type\":\"ListItem\",\"position\":2,\"name\":\"Les diff\u00e9rentes formes de coliving : d\u00e9finition, atouts et crit\u00e8res de choix\"}]},{\"@type\":\"WebSite\",\"@id\":\"https:\/\/www.qualitel.org\/particuliers\/#website\",\"url\":\"https:\/\/www.qualitel.org\/particuliers\/\",\"name\":\"Qualitel | Particuliers\",\"description\":\"\",\"publisher\":{\"@id\":\"https:\/\/www.qualitel.org\/particuliers\/#organization\"},\"potentialAction\":[{\"@type\":\"SearchAction\",\"target\":{\"@type\":\"EntryPoint\",\"urlTemplate\":\"https:\/\/www.qualitel.org\/particuliers\/?s={search_term_string}\"},\"query-input\":{\"@type\":\"PropertyValueSpecification\",\"valueRequired\":true,\"valueName\":\"search_term_string\"}}],\"inLanguage\":\"fr-FR\"},{\"@type\":\"Organization\",\"@id\":\"https:\/\/www.qualitel.org\/particuliers\/#organization\",\"name\":\"Qualitel | Particuliers\",\"url\":\"https:\/\/www.qualitel.org\/particuliers\/\",\"logo\":{\"@type\":\"ImageObject\",\"inLanguage\":\"fr-FR\",\"@id\":\"https:\/\/www.qualitel.org\/particuliers\/#\/schema\/logo\/image\/\",\"url\":\"https:\/\/www.qualitel.org\/particuliers\/wp\/..\/uploads\/qualitel-squarelogo-1456752654225.png\",\"contentUrl\":\"https:\/\/www.qualitel.org\/particuliers\/wp\/..\/uploads\/qualitel-squarelogo-1456752654225.png\",\"width\":180,\"height\":180,\"caption\":\"Qualitel | Particuliers\"},\"image\":{\"@id\":\"https:\/\/www.qualitel.org\/particuliers\/#\/schema\/logo\/image\/\"},\"sameAs\":[\"https:\/\/www.facebook.com\/groupequalitel\/\",\"https:\/\/x.com\/groupeQUALITEL\",\"https:\/\/www.instagram.com\/associationqualitel\/\",\"https:\/\/www.pinterest.fr\/associationqualitel\/\"]},{\"@type\":\"Person\",\"@id\":\"https:\/\/www.qualitel.org\/particuliers\/#\/schema\/person\/8ecdccaad3bba102bae727749c8a10fa\",\"name\":\"Julie CARNEZ\",\"image\":{\"@type\":\"ImageObject\",\"inLanguage\":\"fr-FR\",\"@id\":\"https:\/\/www.qualitel.org\/particuliers\/#\/schema\/person\/image\/\",\"url\":\"https:\/\/secure.gravatar.com\/avatar\/41fcfdc51e7305fd5b17ead841bd2e1f6a982b0f5ccaf899636b8ccab25ca5b1?s=96&d=mm&r=g\",\"contentUrl\":\"https:\/\/secure.gravatar.com\/avatar\/41fcfdc51e7305fd5b17ead841bd2e1f6a982b0f5ccaf899636b8ccab25ca5b1?s=96&d=mm&r=g\",\"caption\":\"Julie CARNEZ\"}}]}<\/script>\n<!-- \/ Yoast SEO plugin. -->","yoast_head_json":{"title":"Formes de coliving : quel mod\u00e8le adopter selon ses besoins ? - Qualitel | Particuliers","description":"D\u00e9couvrez les diff\u00e9rentes formes de coliving : urbain, interg\u00e9n\u00e9rationnel, th\u00e9matique\u2026 Quel mod\u00e8le est fait pour vous ? Notre comparatif vous guide.","robots":{"index":"index","follow":"follow","max-snippet":"max-snippet:-1","max-image-preview":"max-image-preview:large","max-video-preview":"max-video-preview:-1"},"canonical":"https:\/\/www.qualitel.org\/particuliers\/conseils\/modeles-coliving\/","og_locale":"fr_FR","og_type":"article","og_title":"Formes de coliving : quel mod\u00e8le adopter selon ses besoins ? - Qualitel | Particuliers","og_description":"Forme d\u2019habitat partag\u00e9, les diff\u00e9rentes formes de coliving associent des espaces privatifs \u00e0 des lieux et services communs. En ville ou \u00e0 la campagne, ce mode d\u2019habitation se popularise, notamment aupr\u00e8s des jeunes actifs, des \u00e9tudiants et des seniors en qu\u00eate de flexibilit\u00e9 et de convivialit\u00e9.","og_url":"https:\/\/www.qualitel.org\/particuliers\/conseils\/modeles-coliving\/","og_site_name":"Qualitel | Particuliers","article_publisher":"https:\/\/www.facebook.com\/groupequalitel\/","article_published_time":"2026-01-19T16:35:37+00:00","article_modified_time":"2026-01-21T09:40:49+00:00","og_image":[{"width":1651,"height":1101,"url":"https:\/\/www.qualitel.org\/particuliers\/wp\/..\/uploads\/AdobeStock_1394463114.jpg","type":"image\/jpeg"}],"author":"Julie CARNEZ","twitter_card":"summary_large_image","twitter_description":"Forme d\u2019habitat partag\u00e9, les diff\u00e9rentes formes de coliving associent des espaces privatifs \u00e0 des lieux et services communs. En ville ou \u00e0 la campagne, ce mode d\u2019habitation se popularise, notamment aupr\u00e8s des jeunes actifs, des \u00e9tudiants et des seniors en qu\u00eate de flexibilit\u00e9 et de convivialit\u00e9.\n","twitter_creator":"@groupeQUALITEL","twitter_site":"@groupeQUALITEL","twitter_misc":{"Written by":"Julie CARNEZ","Est. reading time":"15 minutes"},"schema":{"@context":"https:\/\/schema.org","@graph":[{"@type":"Article","@id":"https:\/\/www.qualitel.org\/particuliers\/conseils\/modeles-coliving\/#article","isPartOf":{"@id":"https:\/\/www.qualitel.org\/particuliers\/conseils\/modeles-coliving\/"},"author":{"name":"Julie CARNEZ","@id":"https:\/\/www.qualitel.org\/particuliers\/#\/schema\/person\/8ecdccaad3bba102bae727749c8a10fa"},"headline":"Les diff\u00e9rentes formes de coliving&nbsp;: d\u00e9finition, atouts et crit\u00e8res de choix","datePublished":"2026-01-19T16:35:37+00:00","dateModified":"2026-01-21T09:40:49+00:00","mainEntityOfPage":{"@id":"https:\/\/www.qualitel.org\/particuliers\/conseils\/modeles-coliving\/"},"wordCount":1553,"publisher":{"@id":"https:\/\/www.qualitel.org\/particuliers\/#organization"},"image":{"@id":"https:\/\/www.qualitel.org\/particuliers\/conseils\/modeles-coliving\/#primaryimage"},"thumbnailUrl":"https:\/\/www.qualitel.org\/particuliers\/wp\/..\/uploads\/AdobeStock_1394463114.jpg","articleSection":["Confort"],"inLanguage":"fr-FR"},{"@type":"WebPage","@id":"https:\/\/www.qualitel.org\/particuliers\/conseils\/modeles-coliving\/","url":"https:\/\/www.qualitel.org\/particuliers\/conseils\/modeles-coliving\/","name":"Formes de coliving : quel mod\u00e8le adopter selon ses besoins ? - Qualitel | Particuliers","isPartOf":{"@id":"https:\/\/www.qualitel.org\/particuliers\/#website"},"primaryImageOfPage":{"@id":"https:\/\/www.qualitel.org\/particuliers\/conseils\/modeles-coliving\/#primaryimage"},"image":{"@id":"https:\/\/www.qualitel.org\/particuliers\/conseils\/modeles-coliving\/#primaryimage"},"thumbnailUrl":"https:\/\/www.qualitel.org\/particuliers\/wp\/..\/uploads\/AdobeStock_1394463114.jpg","datePublished":"2026-01-19T16:35:37+00:00","dateModified":"2026-01-21T09:40:49+00:00","description":"D\u00e9couvrez les diff\u00e9rentes formes de coliving : urbain, interg\u00e9n\u00e9rationnel, th\u00e9matique\u2026 Quel mod\u00e8le est fait pour vous ? Notre comparatif vous guide.","breadcrumb":{"@id":"https:\/\/www.qualitel.org\/particuliers\/conseils\/modeles-coliving\/#breadcrumb"},"inLanguage":"fr-FR","potentialAction":[{"@type":"ReadAction","target":["https:\/\/www.qualitel.org\/particuliers\/conseils\/modeles-coliving\/"]}]},{"@type":"ImageObject","inLanguage":"fr-FR","@id":"https:\/\/www.qualitel.org\/particuliers\/conseils\/modeles-coliving\/#primaryimage","url":"https:\/\/www.qualitel.org\/particuliers\/wp\/..\/uploads\/AdobeStock_1394463114.jpg","contentUrl":"https:\/\/www.qualitel.org\/particuliers\/wp\/..\/uploads\/AdobeStock_1394463114.jpg","width":1651,"height":1101},{"@type":"BreadcrumbList","@id":"https:\/\/www.qualitel.org\/particuliers\/conseils\/modeles-coliving\/#breadcrumb","itemListElement":[{"@type":"ListItem","position":1,"name":"Accueil","item":"https:\/\/www.qualitel.org\/particuliers\/"},{"@type":"ListItem","position":2,"name":"Les diff\u00e9rentes formes de coliving : d\u00e9finition, atouts et crit\u00e8res de choix"}]},{"@type":"WebSite","@id":"https:\/\/www.qualitel.org\/particuliers\/#website","url":"https:\/\/www.qualitel.org\/particuliers\/","name":"Qualitel | Particuliers","description":"","publisher":{"@id":"https:\/\/www.qualitel.org\/particuliers\/#organization"},"potentialAction":[{"@type":"SearchAction","target":{"@type":"EntryPoint","urlTemplate":"https:\/\/www.qualitel.org\/particuliers\/?s={search_term_string}"},"query-input":{"@type":"PropertyValueSpecification","valueRequired":true,"valueName":"search_term_string"}}],"inLanguage":"fr-FR"},{"@type":"Organization","@id":"https:\/\/www.qualitel.org\/particuliers\/#organization","name":"Qualitel | Particuliers","url":"https:\/\/www.qualitel.org\/particuliers\/","logo":{"@type":"ImageObject","inLanguage":"fr-FR","@id":"https:\/\/www.qualitel.org\/particuliers\/#\/schema\/logo\/image\/","url":"https:\/\/www.qualitel.org\/particuliers\/wp\/..\/uploads\/qualitel-squarelogo-1456752654225.png","contentUrl":"https:\/\/www.qualitel.org\/particuliers\/wp\/..\/uploads\/qualitel-squarelogo-1456752654225.png","width":180,"height":180,"caption":"Qualitel | Particuliers"},"image":{"@id":"https:\/\/www.qualitel.org\/particuliers\/#\/schema\/logo\/image\/"},"sameAs":["https:\/\/www.facebook.com\/groupequalitel\/","https:\/\/x.com\/groupeQUALITEL","https:\/\/www.instagram.com\/associationqualitel\/","https:\/\/www.pinterest.fr\/associationqualitel\/"]},{"@type":"Person","@id":"https:\/\/www.qualitel.org\/particuliers\/#\/schema\/person\/8ecdccaad3bba102bae727749c8a10fa","name":"Julie CARNEZ","image":{"@type":"ImageObject","inLanguage":"fr-FR","@id":"https:\/\/www.qualitel.org\/particuliers\/#\/schema\/person\/image\/","url":"https:\/\/secure.gravatar.com\/avatar\/41fcfdc51e7305fd5b17ead841bd2e1f6a982b0f5ccaf899636b8ccab25ca5b1?s=96&d=mm&r=g","contentUrl":"https:\/\/secure.gravatar.com\/avatar\/41fcfdc51e7305fd5b17ead841bd2e1f6a982b0f5ccaf899636b8ccab25ca5b1?s=96&d=mm&r=g","caption":"Julie CARNEZ"}}]}},"_links":{"self":[{"href":"https:\/\/www.qualitel.org\/particuliers\/wp-json\/wp\/v2\/posts\/52338","targetHints":{"allow":["GET"]}}],"collection":[{"href":"https:\/\/www.qualitel.org\/particuliers\/wp-json\/wp\/v2\/posts"}],"about":[{"href":"https:\/\/www.qualitel.org\/particuliers\/wp-json\/wp\/v2\/types\/post"}],"author":[{"embeddable":true,"href":"https:\/\/www.qualitel.org\/particuliers\/wp-json\/wp\/v2\/users\/24"}],"replies":[{"embeddable":true,"href":"https:\/\/www.qualitel.org\/particuliers\/wp-json\/wp\/v2\/comments?post=52338"}],"version-history":[{"count":6,"href":"https:\/\/www.qualitel.org\/particuliers\/wp-json\/wp\/v2\/posts\/52338\/revisions"}],"predecessor-version":[{"id":52354,"href":"https:\/\/www.qualitel.org\/particuliers\/wp-json\/wp\/v2\/posts\/52338\/revisions\/52354"}],"wp:featuredmedia":[{"embeddable":true,"href":"https:\/\/www.qualitel.org\/particuliers\/wp-json\/wp\/v2\/media\/52339"}],"wp:attachment":[{"href":"https:\/\/www.qualitel.org\/particuliers\/wp-json\/wp\/v2\/media?parent=52338"}],"wp:term":[{"taxonomy":"category","embeddable":true,"href":"https:\/\/www.qualitel.org\/particuliers\/wp-json\/wp\/v2\/categories?post=52338"},{"taxonomy":"tags","embeddable":true,"href":"https:\/\/www.qualitel.org\/particuliers\/wp-json\/wp\/v2\/tags?post=52338"},{"taxonomy":"article_type","embeddable":true,"href":"https:\/\/www.qualitel.org\/particuliers\/wp-json\/wp\/v2\/article_type?post=52338"},{"taxonomy":"benefice","embeddable":true,"href":"https:\/\/www.qualitel.org\/particuliers\/wp-json\/wp\/v2\/benefice?post=52338"}],"curies":[{"name":"wp","href":"https:\/\/api.w.org\/{rel}","templated":true}]}}