{"id":52384,"date":"2026-01-23T12:29:54","date_gmt":"2026-01-23T11:29:54","guid":{"rendered":"https:\/\/www.qualitel.org\/particuliers\/?p=52384"},"modified":"2026-01-23T14:25:09","modified_gmt":"2026-01-23T13:25:09","slug":"chauffage-erreurs-air-interieur","status":"publish","type":"post","link":"https:\/\/www.qualitel.org\/particuliers\/conseils\/chauffage-erreurs-air-interieur\/","title":{"rendered":"Chauffage&nbsp;: 5 erreurs courantes qui d\u00e9gradent la qualit\u00e9 de l\u2019air int\u00e9rieur"},"content":{"rendered":"<p>Dans les logements, la qualit\u00e9 de l\u2019air int\u00e9rieur m\u00e9rite une attention particuli\u00e8re. <strong>Selon le minist\u00e8re de la Transition \u00e9cologique, nous passons plus de 80 % de notre temps dans des espaces clos<\/strong>, o\u00f9 l\u2019air peut \u00eatre plus pollu\u00e9 qu\u2019\u00e0 l\u2019ext\u00e9rieur. En p\u00e9riode de chauffage, lorsque les fen\u00eatres restent davantage ferm\u00e9es, certaines pratiques courantes peuvent accentuer cette d\u00e9gradation.<\/p>\n<p>Lorsque le chauffage fonctionne, l\u2019air int\u00e9rieur se charge progressivement en dioxyde de carbone, en humidit\u00e9 et en polluants issus des activit\u00e9s quotidiennes. Sans renouvellement d\u2019air, ces substances s\u2019accumulent et peuvent provoquer une sensation d\u2019air lourd ou inconfortable.<\/p>\n<p><a href=\"https:\/\/www.qualitel.org\/particuliers\/conseils\/aerer-sa-maison\/\">A\u00e9rer sa maison<\/a> reste indispensable, m\u00eame en hiver. Quelques minutes suffisent pour renouveler l\u2019air sans refroidir durablement le logement.<\/p>\n<p>Dans les logements \u00e9quip\u00e9s d\u2019une ventilation m\u00e9canique contr\u00f4l\u00e9e (VMC), certains occupants choisissent de la couper pour limiter les d\u00e9perditions de chaleur. Cette pratique emp\u00eache pourtant l\u2019\u00e9vacuation normale de l\u2019air vici\u00e9.<\/p>\n<p>Une ventilation insuffisante favorise la <a href=\"https:\/\/www.qualitel.org\/particuliers\/conseils\/comment-eviter-la-condensation-sur-les-fenetres\/\">condensation<\/a>, les <a href=\"https:\/\/www.qualitel.org\/particuliers\/conseils\/mauvaises-odeurs-maison\/\">odeurs<\/a> persistantes et, \u00e0 terme, l\u2019apparition de <a href=\"https:\/\/www.qualitel.org\/particuliers\/conseils\/moisissures-murs-causes-et-traitements\/\">moisissures<\/a>. <strong>Ventilation et chauffage sont indissociables du confort<\/strong>.<\/p>\n<p>Les appareils \u00e0 combustion, comme les <a href=\"https:\/\/www.qualitel.org\/particuliers\/equipements-et-materiaux-maison\/chauffage\/chaudieres\/\">chaudi\u00e8res \u00e0 gaz<\/a> ou les <a href=\"https:\/\/www.qualitel.org\/particuliers\/equipements-et-materiaux-maison\/chauffage\/poeles\/\">po\u00eales \u00e0 bois<\/a>, peuvent \u00e9mettre des polluants lorsqu\u2019ils sont mal r\u00e9gl\u00e9s ou insuffisamment entretenus. Dans un logement peu ventil\u00e9, ces \u00e9missions d\u00e9gradent rapidement la qualit\u00e9 de l\u2019air int\u00e9rieur.<\/p>\n<p>Un entretien r\u00e9gulier permet de limiter ces rejets, d\u2019assurer un fonctionnement optimal de l\u2019\u00e9quipement et de pr\u00e9server la s\u00e9curit\u00e9 des occupants.<\/p>\n<p>Chauffer augmente la temp\u00e9rature de l\u2019air, mais n\u2019\u00e9limine pas les polluants. Au contraire, un air chauff\u00e9 mais mal renouvel\u00e9 peut devenir plus sec et concentrer davantage certains compos\u00e9s \u00e9mis par les mat\u00e9riaux, le mobilier ou les produits d\u2019entretien.<\/p>\n<p>L\u2019\u00e9quilibre entre chauffage et renouvellement de l\u2019air est essentiel pour maintenir un environnement int\u00e9rieur sain.<\/p>\n<p>D\u00e9sodorisants, bougies parfum\u00e9es ou encens sont parfois utilis\u00e9s pour donner une impression de fra\u00eecheur. Pourtant, ces produits diffusent souvent des substances chimiques suppl\u00e9mentaires dans l\u2019air int\u00e9rieur.<\/p>\n<p>Ils ne remplacent pas une a\u00e9ration efficace et peuvent contribuer \u00e0 d\u00e9grader la qualit\u00e9 de l\u2019air, en particulier dans un logement chauff\u00e9 et peu ventil\u00e9.<\/p>\n<p>La qualit\u00e9 de l\u2019air int\u00e9rieur ne peut pas \u00eatre dissoci\u00e9e du chauffage. Un logement performant sur le plan thermique, mais insuffisamment ventil\u00e9 ou mal entretenu, peut voir son air int\u00e9rieur se d\u00e9grader rapidement.<\/p>\n<p>L\u2019enjeu n\u2019est pas d\u2019opposer confort thermique et air sain, mais de <strong>trouver le juste \u00e9quilibre entre <\/strong><a href=\"https:\/\/www.qualitel.org\/particuliers\/isolation\/\"><strong>isolation<\/strong><\/a><strong>, chauffage et renouvellement de l\u2019air<\/strong>. Les erreurs courantes observ\u00e9es en p\u00e9riode de chauffe montrent que la qualit\u00e9 d\u2019usage du logement repose avant tout sur des pratiques simples, continues et bien comprises par les occupants&nbsp;:<\/p>\n<ul>\n<li>la ventilation est un <strong>\u00e9l\u00e9ment \u00e0 part enti\u00e8re du confort du logement<\/strong>,<\/li>\n<li>l\u2019entretien des \u00e9quipements participe directement \u00e0 la <strong>qualit\u00e9 de l\u2019air int\u00e9rieur<\/strong>,<\/li>\n<li>les solutions de \u00ab&nbsp;masquage&nbsp;\u00bb ne remplacent jamais un air r\u00e9ellement renouvel\u00e9.<\/li>\n<\/ul>\n","protected":false},"excerpt":{"rendered":"<p>Dans les logements, la qualit\u00e9 de l\u2019air int\u00e9rieur m\u00e9rite une attention particuli\u00e8re. Selon le minist\u00e8re de la Transition \u00e9cologique, nous passons plus de 80 % de notre temps dans des espaces clos, o\u00f9 l\u2019air peut \u00eatre plus pollu\u00e9 qu\u2019\u00e0 l\u2019ext\u00e9rieur. En p\u00e9riode de chauffage, lorsque les fen\u00eatres restent davantage ferm\u00e9es, certaines pratiques courantes peuvent accentuer \u2026 <\/p>\n","protected":false},"author":24,"featured_media":52385,"comment_status":"closed","ping_status":"closed","sticky":false,"template":"","format":"standard","meta":{"_acf_changed":false,"wp_typography_post_enhancements_disabled":false,"footnotes":""},"categories":[203,208],"tags":[468,443,487,434,435,489,442],"article_type":[539],"benefice":[348,349],"class_list":["post-52384","post","type-post","status-publish","format-standard","has-post-thumbnail","hentry","category-confort","category-eco-responsabilite","tags-chauffage","tags-energie","tags-entretien","tags-salle-de-bain","tags-sejour","tags-thermique","tags-ventilation","article_type-tendance","benefice-confort","benefice-eco-responsabilite"],"acf":[],"yoast_head":"<!-- This site is optimized with the Yoast SEO plugin v26.2 - https:\/\/yoast.com\/wordpress\/plugins\/seo\/ -->\n<title>Chauffage : 5 erreurs courantes qui d\u00e9gradent la qualit\u00e9 de l\u2019air int\u00e9rieur - Qualitel | Particuliers<\/title>\n<meta name=\"description\" content=\"En p\u00e9riode de chauffage, certaines habitudes peuvent alt\u00e9rer la qualit\u00e9 de l\u2019air sans que l\u2019on s\u2019en rende compte. Ventilation insuffisante, \u00e9quipements mal utilis\u00e9s ou id\u00e9es re\u00e7ues peuvent concentrer polluants et humidit\u00e9, avec un impact direct sur le confort et la sant\u00e9 des occupants.\" \/>\n<meta name=\"robots\" content=\"index, follow, max-snippet:-1, max-image-preview:large, max-video-preview:-1\" \/>\n<link rel=\"canonical\" href=\"https:\/\/www.qualitel.org\/particuliers\/conseils\/chauffage-erreurs-air-interieur\/\" \/>\n<meta property=\"og:locale\" content=\"fr_FR\" \/>\n<meta property=\"og:type\" content=\"article\" \/>\n<meta property=\"og:title\" content=\"Chauffage : 5 erreurs courantes qui d\u00e9gradent la qualit\u00e9 de l\u2019air int\u00e9rieur - Qualitel | Particuliers\" \/>\n<meta property=\"og:description\" content=\"En p\u00e9riode de chauffage, certaines habitudes peuvent alt\u00e9rer la qualit\u00e9 de l\u2019air sans que l\u2019on s\u2019en rende compte. Ventilation insuffisante, \u00e9quipements mal utilis\u00e9s ou id\u00e9es re\u00e7ues peuvent concentrer polluants et humidit\u00e9, avec un impact direct sur le confort et la sant\u00e9 des occupants.\" \/>\n<meta property=\"og:url\" content=\"https:\/\/www.qualitel.org\/particuliers\/conseils\/chauffage-erreurs-air-interieur\/\" \/>\n<meta property=\"og:site_name\" content=\"Qualitel | Particuliers\" \/>\n<meta property=\"article:publisher\" content=\"https:\/\/www.facebook.com\/groupequalitel\/\" \/>\n<meta property=\"article:published_time\" content=\"2026-01-23T11:29:54+00:00\" \/>\n<meta property=\"article:modified_time\" content=\"2026-01-23T13:25:09+00:00\" \/>\n<meta property=\"og:image\" content=\"https:\/\/www.qualitel.org\/particuliers\/wp\/..\/uploads\/AdobeStock_1705827444.jpg\" \/>\n\t<meta property=\"og:image:width\" content=\"1200\" \/>\n\t<meta property=\"og:image:height\" content=\"800\" \/>\n\t<meta property=\"og:image:type\" content=\"image\/jpeg\" \/>\n<meta name=\"author\" content=\"Julie CARNEZ\" \/>\n<meta name=\"twitter:card\" content=\"summary_large_image\" \/>\n<meta name=\"twitter:description\" content=\"En p\u00e9riode de chauffage, certaines habitudes peuvent alt\u00e9rer la qualit\u00e9 de l\u2019air sans que l\u2019on s\u2019en rende compte. Ventilation insuffisante, \u00e9quipements mal utilis\u00e9s ou id\u00e9es re\u00e7ues peuvent concentrer polluants et humidit\u00e9, avec un impact direct sur le confort et la sant\u00e9 des occupants.\n\" \/>\n<meta name=\"twitter:creator\" content=\"@groupeQUALITEL\" \/>\n<meta name=\"twitter:site\" content=\"@groupeQUALITEL\" \/>\n<meta name=\"twitter:label1\" content=\"Written by\" \/>\n\t<meta name=\"twitter:data1\" content=\"Julie CARNEZ\" \/>\n\t<meta name=\"twitter:label2\" content=\"Est. reading time\" \/>\n\t<meta name=\"twitter:data2\" content=\"7 minutes\" \/>\n<script type=\"application\/ld+json\" class=\"yoast-schema-graph\">{\"@context\":\"https:\/\/schema.org\",\"@graph\":[{\"@type\":\"Article\",\"@id\":\"https:\/\/www.qualitel.org\/particuliers\/conseils\/chauffage-erreurs-air-interieur\/#article\",\"isPartOf\":{\"@id\":\"https:\/\/www.qualitel.org\/particuliers\/conseils\/chauffage-erreurs-air-interieur\/\"},\"author\":{\"name\":\"Julie CARNEZ\",\"@id\":\"https:\/\/www.qualitel.org\/particuliers\/#\/schema\/person\/8ecdccaad3bba102bae727749c8a10fa\"},\"headline\":\"Chauffage&nbsp;: 5 erreurs courantes qui d\u00e9gradent la qualit\u00e9 de l\u2019air int\u00e9rieur\",\"datePublished\":\"2026-01-23T11:29:54+00:00\",\"dateModified\":\"2026-01-23T13:25:09+00:00\",\"mainEntityOfPage\":{\"@id\":\"https:\/\/www.qualitel.org\/particuliers\/conseils\/chauffage-erreurs-air-interieur\/\"},\"wordCount\":532,\"publisher\":{\"@id\":\"https:\/\/www.qualitel.org\/particuliers\/#organization\"},\"image\":{\"@id\":\"https:\/\/www.qualitel.org\/particuliers\/conseils\/chauffage-erreurs-air-interieur\/#primaryimage\"},\"thumbnailUrl\":\"https:\/\/www.qualitel.org\/particuliers\/wp\/..\/uploads\/AdobeStock_1705827444-e1769175539893.jpg\",\"articleSection\":[\"Confort\",\"\u00c9co-responsabilit\u00e9\"],\"inLanguage\":\"fr-FR\"},{\"@type\":\"WebPage\",\"@id\":\"https:\/\/www.qualitel.org\/particuliers\/conseils\/chauffage-erreurs-air-interieur\/\",\"url\":\"https:\/\/www.qualitel.org\/particuliers\/conseils\/chauffage-erreurs-air-interieur\/\",\"name\":\"Chauffage : 5 erreurs courantes qui d\u00e9gradent la qualit\u00e9 de l\u2019air int\u00e9rieur - Qualitel | Particuliers\",\"isPartOf\":{\"@id\":\"https:\/\/www.qualitel.org\/particuliers\/#website\"},\"primaryImageOfPage\":{\"@id\":\"https:\/\/www.qualitel.org\/particuliers\/conseils\/chauffage-erreurs-air-interieur\/#primaryimage\"},\"image\":{\"@id\":\"https:\/\/www.qualitel.org\/particuliers\/conseils\/chauffage-erreurs-air-interieur\/#primaryimage\"},\"thumbnailUrl\":\"https:\/\/www.qualitel.org\/particuliers\/wp\/..\/uploads\/AdobeStock_1705827444-e1769175539893.jpg\",\"datePublished\":\"2026-01-23T11:29:54+00:00\",\"dateModified\":\"2026-01-23T13:25:09+00:00\",\"description\":\"En p\u00e9riode de chauffage, certaines habitudes peuvent alt\u00e9rer la qualit\u00e9 de l\u2019air sans que l\u2019on s\u2019en rende compte. Ventilation insuffisante, \u00e9quipements mal utilis\u00e9s ou id\u00e9es re\u00e7ues peuvent concentrer polluants et humidit\u00e9, avec un impact direct sur le confort et la sant\u00e9 des occupants.\",\"breadcrumb\":{\"@id\":\"https:\/\/www.qualitel.org\/particuliers\/conseils\/chauffage-erreurs-air-interieur\/#breadcrumb\"},\"inLanguage\":\"fr-FR\",\"potentialAction\":[{\"@type\":\"ReadAction\",\"target\":[\"https:\/\/www.qualitel.org\/particuliers\/conseils\/chauffage-erreurs-air-interieur\/\"]}]},{\"@type\":\"ImageObject\",\"inLanguage\":\"fr-FR\",\"@id\":\"https:\/\/www.qualitel.org\/particuliers\/conseils\/chauffage-erreurs-air-interieur\/#primaryimage\",\"url\":\"https:\/\/www.qualitel.org\/particuliers\/wp\/..\/uploads\/AdobeStock_1705827444-e1769175539893.jpg\",\"contentUrl\":\"https:\/\/www.qualitel.org\/particuliers\/wp\/..\/uploads\/AdobeStock_1705827444-e1769175539893.jpg\",\"width\":800,\"height\":800},{\"@type\":\"BreadcrumbList\",\"@id\":\"https:\/\/www.qualitel.org\/particuliers\/conseils\/chauffage-erreurs-air-interieur\/#breadcrumb\",\"itemListElement\":[{\"@type\":\"ListItem\",\"position\":1,\"name\":\"Accueil\",\"item\":\"https:\/\/www.qualitel.org\/particuliers\/\"},{\"@type\":\"ListItem\",\"position\":2,\"name\":\"Chauffage : 5 erreurs courantes qui d\u00e9gradent la qualit\u00e9 de l\u2019air int\u00e9rieur\"}]},{\"@type\":\"WebSite\",\"@id\":\"https:\/\/www.qualitel.org\/particuliers\/#website\",\"url\":\"https:\/\/www.qualitel.org\/particuliers\/\",\"name\":\"Qualitel | Particuliers\",\"description\":\"\",\"publisher\":{\"@id\":\"https:\/\/www.qualitel.org\/particuliers\/#organization\"},\"potentialAction\":[{\"@type\":\"SearchAction\",\"target\":{\"@type\":\"EntryPoint\",\"urlTemplate\":\"https:\/\/www.qualitel.org\/particuliers\/?s={search_term_string}\"},\"query-input\":{\"@type\":\"PropertyValueSpecification\",\"valueRequired\":true,\"valueName\":\"search_term_string\"}}],\"inLanguage\":\"fr-FR\"},{\"@type\":\"Organization\",\"@id\":\"https:\/\/www.qualitel.org\/particuliers\/#organization\",\"name\":\"Qualitel | Particuliers\",\"url\":\"https:\/\/www.qualitel.org\/particuliers\/\",\"logo\":{\"@type\":\"ImageObject\",\"inLanguage\":\"fr-FR\",\"@id\":\"https:\/\/www.qualitel.org\/particuliers\/#\/schema\/logo\/image\/\",\"url\":\"https:\/\/www.qualitel.org\/particuliers\/wp\/..\/uploads\/qualitel-squarelogo-1456752654225.png\",\"contentUrl\":\"https:\/\/www.qualitel.org\/particuliers\/wp\/..\/uploads\/qualitel-squarelogo-1456752654225.png\",\"width\":180,\"height\":180,\"caption\":\"Qualitel | Particuliers\"},\"image\":{\"@id\":\"https:\/\/www.qualitel.org\/particuliers\/#\/schema\/logo\/image\/\"},\"sameAs\":[\"https:\/\/www.facebook.com\/groupequalitel\/\",\"https:\/\/x.com\/groupeQUALITEL\",\"https:\/\/www.instagram.com\/associationqualitel\/\",\"https:\/\/www.pinterest.fr\/associationqualitel\/\"]},{\"@type\":\"Person\",\"@id\":\"https:\/\/www.qualitel.org\/particuliers\/#\/schema\/person\/8ecdccaad3bba102bae727749c8a10fa\",\"name\":\"Julie CARNEZ\",\"image\":{\"@type\":\"ImageObject\",\"inLanguage\":\"fr-FR\",\"@id\":\"https:\/\/www.qualitel.org\/particuliers\/#\/schema\/person\/image\/\",\"url\":\"https:\/\/secure.gravatar.com\/avatar\/41fcfdc51e7305fd5b17ead841bd2e1f6a982b0f5ccaf899636b8ccab25ca5b1?s=96&d=mm&r=g\",\"contentUrl\":\"https:\/\/secure.gravatar.com\/avatar\/41fcfdc51e7305fd5b17ead841bd2e1f6a982b0f5ccaf899636b8ccab25ca5b1?s=96&d=mm&r=g\",\"caption\":\"Julie CARNEZ\"}}]}<\/script>\n<!-- \/ Yoast SEO plugin. -->","yoast_head_json":{"title":"Chauffage : 5 erreurs courantes qui d\u00e9gradent la qualit\u00e9 de l\u2019air int\u00e9rieur - Qualitel | Particuliers","description":"En p\u00e9riode de chauffage, certaines habitudes peuvent alt\u00e9rer la qualit\u00e9 de l\u2019air sans que l\u2019on s\u2019en rende compte. Ventilation insuffisante, \u00e9quipements mal utilis\u00e9s ou id\u00e9es re\u00e7ues peuvent concentrer polluants et humidit\u00e9, avec un impact direct sur le confort et la sant\u00e9 des occupants.","robots":{"index":"index","follow":"follow","max-snippet":"max-snippet:-1","max-image-preview":"max-image-preview:large","max-video-preview":"max-video-preview:-1"},"canonical":"https:\/\/www.qualitel.org\/particuliers\/conseils\/chauffage-erreurs-air-interieur\/","og_locale":"fr_FR","og_type":"article","og_title":"Chauffage : 5 erreurs courantes qui d\u00e9gradent la qualit\u00e9 de l\u2019air int\u00e9rieur - Qualitel | Particuliers","og_description":"En p\u00e9riode de chauffage, certaines habitudes peuvent alt\u00e9rer la qualit\u00e9 de l\u2019air sans que l\u2019on s\u2019en rende compte. Ventilation insuffisante, \u00e9quipements mal utilis\u00e9s ou id\u00e9es re\u00e7ues peuvent concentrer polluants et humidit\u00e9, avec un impact direct sur le confort et la sant\u00e9 des occupants.","og_url":"https:\/\/www.qualitel.org\/particuliers\/conseils\/chauffage-erreurs-air-interieur\/","og_site_name":"Qualitel | Particuliers","article_publisher":"https:\/\/www.facebook.com\/groupequalitel\/","article_published_time":"2026-01-23T11:29:54+00:00","article_modified_time":"2026-01-23T13:25:09+00:00","og_image":[{"width":1200,"height":800,"url":"https:\/\/www.qualitel.org\/particuliers\/wp\/..\/uploads\/AdobeStock_1705827444.jpg","type":"image\/jpeg"}],"author":"Julie CARNEZ","twitter_card":"summary_large_image","twitter_description":"En p\u00e9riode de chauffage, certaines habitudes peuvent alt\u00e9rer la qualit\u00e9 de l\u2019air sans que l\u2019on s\u2019en rende compte. Ventilation insuffisante, \u00e9quipements mal utilis\u00e9s ou id\u00e9es re\u00e7ues peuvent concentrer polluants et humidit\u00e9, avec un impact direct sur le confort et la sant\u00e9 des occupants.\n","twitter_creator":"@groupeQUALITEL","twitter_site":"@groupeQUALITEL","twitter_misc":{"Written by":"Julie CARNEZ","Est. reading time":"7 minutes"},"schema":{"@context":"https:\/\/schema.org","@graph":[{"@type":"Article","@id":"https:\/\/www.qualitel.org\/particuliers\/conseils\/chauffage-erreurs-air-interieur\/#article","isPartOf":{"@id":"https:\/\/www.qualitel.org\/particuliers\/conseils\/chauffage-erreurs-air-interieur\/"},"author":{"name":"Julie CARNEZ","@id":"https:\/\/www.qualitel.org\/particuliers\/#\/schema\/person\/8ecdccaad3bba102bae727749c8a10fa"},"headline":"Chauffage&nbsp;: 5 erreurs courantes qui d\u00e9gradent la qualit\u00e9 de l\u2019air int\u00e9rieur","datePublished":"2026-01-23T11:29:54+00:00","dateModified":"2026-01-23T13:25:09+00:00","mainEntityOfPage":{"@id":"https:\/\/www.qualitel.org\/particuliers\/conseils\/chauffage-erreurs-air-interieur\/"},"wordCount":532,"publisher":{"@id":"https:\/\/www.qualitel.org\/particuliers\/#organization"},"image":{"@id":"https:\/\/www.qualitel.org\/particuliers\/conseils\/chauffage-erreurs-air-interieur\/#primaryimage"},"thumbnailUrl":"https:\/\/www.qualitel.org\/particuliers\/wp\/..\/uploads\/AdobeStock_1705827444-e1769175539893.jpg","articleSection":["Confort","\u00c9co-responsabilit\u00e9"],"inLanguage":"fr-FR"},{"@type":"WebPage","@id":"https:\/\/www.qualitel.org\/particuliers\/conseils\/chauffage-erreurs-air-interieur\/","url":"https:\/\/www.qualitel.org\/particuliers\/conseils\/chauffage-erreurs-air-interieur\/","name":"Chauffage : 5 erreurs courantes qui d\u00e9gradent la qualit\u00e9 de l\u2019air int\u00e9rieur - Qualitel | Particuliers","isPartOf":{"@id":"https:\/\/www.qualitel.org\/particuliers\/#website"},"primaryImageOfPage":{"@id":"https:\/\/www.qualitel.org\/particuliers\/conseils\/chauffage-erreurs-air-interieur\/#primaryimage"},"image":{"@id":"https:\/\/www.qualitel.org\/particuliers\/conseils\/chauffage-erreurs-air-interieur\/#primaryimage"},"thumbnailUrl":"https:\/\/www.qualitel.org\/particuliers\/wp\/..\/uploads\/AdobeStock_1705827444-e1769175539893.jpg","datePublished":"2026-01-23T11:29:54+00:00","dateModified":"2026-01-23T13:25:09+00:00","description":"En p\u00e9riode de chauffage, certaines habitudes peuvent alt\u00e9rer la qualit\u00e9 de l\u2019air sans que l\u2019on s\u2019en rende compte. Ventilation insuffisante, \u00e9quipements mal utilis\u00e9s ou id\u00e9es re\u00e7ues peuvent concentrer polluants et humidit\u00e9, avec un impact direct sur le confort et la sant\u00e9 des occupants.","breadcrumb":{"@id":"https:\/\/www.qualitel.org\/particuliers\/conseils\/chauffage-erreurs-air-interieur\/#breadcrumb"},"inLanguage":"fr-FR","potentialAction":[{"@type":"ReadAction","target":["https:\/\/www.qualitel.org\/particuliers\/conseils\/chauffage-erreurs-air-interieur\/"]}]},{"@type":"ImageObject","inLanguage":"fr-FR","@id":"https:\/\/www.qualitel.org\/particuliers\/conseils\/chauffage-erreurs-air-interieur\/#primaryimage","url":"https:\/\/www.qualitel.org\/particuliers\/wp\/..\/uploads\/AdobeStock_1705827444-e1769175539893.jpg","contentUrl":"https:\/\/www.qualitel.org\/particuliers\/wp\/..\/uploads\/AdobeStock_1705827444-e1769175539893.jpg","width":800,"height":800},{"@type":"BreadcrumbList","@id":"https:\/\/www.qualitel.org\/particuliers\/conseils\/chauffage-erreurs-air-interieur\/#breadcrumb","itemListElement":[{"@type":"ListItem","position":1,"name":"Accueil","item":"https:\/\/www.qualitel.org\/particuliers\/"},{"@type":"ListItem","position":2,"name":"Chauffage : 5 erreurs courantes qui d\u00e9gradent la qualit\u00e9 de l\u2019air int\u00e9rieur"}]},{"@type":"WebSite","@id":"https:\/\/www.qualitel.org\/particuliers\/#website","url":"https:\/\/www.qualitel.org\/particuliers\/","name":"Qualitel | Particuliers","description":"","publisher":{"@id":"https:\/\/www.qualitel.org\/particuliers\/#organization"},"potentialAction":[{"@type":"SearchAction","target":{"@type":"EntryPoint","urlTemplate":"https:\/\/www.qualitel.org\/particuliers\/?s={search_term_string}"},"query-input":{"@type":"PropertyValueSpecification","valueRequired":true,"valueName":"search_term_string"}}],"inLanguage":"fr-FR"},{"@type":"Organization","@id":"https:\/\/www.qualitel.org\/particuliers\/#organization","name":"Qualitel | Particuliers","url":"https:\/\/www.qualitel.org\/particuliers\/","logo":{"@type":"ImageObject","inLanguage":"fr-FR","@id":"https:\/\/www.qualitel.org\/particuliers\/#\/schema\/logo\/image\/","url":"https:\/\/www.qualitel.org\/particuliers\/wp\/..\/uploads\/qualitel-squarelogo-1456752654225.png","contentUrl":"https:\/\/www.qualitel.org\/particuliers\/wp\/..\/uploads\/qualitel-squarelogo-1456752654225.png","width":180,"height":180,"caption":"Qualitel | Particuliers"},"image":{"@id":"https:\/\/www.qualitel.org\/particuliers\/#\/schema\/logo\/image\/"},"sameAs":["https:\/\/www.facebook.com\/groupequalitel\/","https:\/\/x.com\/groupeQUALITEL","https:\/\/www.instagram.com\/associationqualitel\/","https:\/\/www.pinterest.fr\/associationqualitel\/"]},{"@type":"Person","@id":"https:\/\/www.qualitel.org\/particuliers\/#\/schema\/person\/8ecdccaad3bba102bae727749c8a10fa","name":"Julie CARNEZ","image":{"@type":"ImageObject","inLanguage":"fr-FR","@id":"https:\/\/www.qualitel.org\/particuliers\/#\/schema\/person\/image\/","url":"https:\/\/secure.gravatar.com\/avatar\/41fcfdc51e7305fd5b17ead841bd2e1f6a982b0f5ccaf899636b8ccab25ca5b1?s=96&d=mm&r=g","contentUrl":"https:\/\/secure.gravatar.com\/avatar\/41fcfdc51e7305fd5b17ead841bd2e1f6a982b0f5ccaf899636b8ccab25ca5b1?s=96&d=mm&r=g","caption":"Julie CARNEZ"}}]}},"_links":{"self":[{"href":"https:\/\/www.qualitel.org\/particuliers\/wp-json\/wp\/v2\/posts\/52384","targetHints":{"allow":["GET"]}}],"collection":[{"href":"https:\/\/www.qualitel.org\/particuliers\/wp-json\/wp\/v2\/posts"}],"about":[{"href":"https:\/\/www.qualitel.org\/particuliers\/wp-json\/wp\/v2\/types\/post"}],"author":[{"embeddable":true,"href":"https:\/\/www.qualitel.org\/particuliers\/wp-json\/wp\/v2\/users\/24"}],"replies":[{"embeddable":true,"href":"https:\/\/www.qualitel.org\/particuliers\/wp-json\/wp\/v2\/comments?post=52384"}],"version-history":[{"count":10,"href":"https:\/\/www.qualitel.org\/particuliers\/wp-json\/wp\/v2\/posts\/52384\/revisions"}],"predecessor-version":[{"id":52396,"href":"https:\/\/www.qualitel.org\/particuliers\/wp-json\/wp\/v2\/posts\/52384\/revisions\/52396"}],"wp:featuredmedia":[{"embeddable":true,"href":"https:\/\/www.qualitel.org\/particuliers\/wp-json\/wp\/v2\/media\/52385"}],"wp:attachment":[{"href":"https:\/\/www.qualitel.org\/particuliers\/wp-json\/wp\/v2\/media?parent=52384"}],"wp:term":[{"taxonomy":"category","embeddable":true,"href":"https:\/\/www.qualitel.org\/particuliers\/wp-json\/wp\/v2\/categories?post=52384"},{"taxonomy":"tags","embeddable":true,"href":"https:\/\/www.qualitel.org\/particuliers\/wp-json\/wp\/v2\/tags?post=52384"},{"taxonomy":"article_type","embeddable":true,"href":"https:\/\/www.qualitel.org\/particuliers\/wp-json\/wp\/v2\/article_type?post=52384"},{"taxonomy":"benefice","embeddable":true,"href":"https:\/\/www.qualitel.org\/particuliers\/wp-json\/wp\/v2\/benefice?post=52384"}],"curies":[{"name":"wp","href":"https:\/\/api.w.org\/{rel}","templated":true}]}}