{"id":52412,"date":"2026-01-26T17:32:13","date_gmt":"2026-01-26T16:32:13","guid":{"rendered":"https:\/\/www.qualitel.org\/particuliers\/?p=52412"},"modified":"2026-01-28T10:17:41","modified_gmt":"2026-01-28T09:17:41","slug":"bruits-de-voisinage","status":"publish","type":"post","link":"https:\/\/www.qualitel.org\/particuliers\/conseils\/bruits-de-voisinage\/","title":{"rendered":"Bruits de voisinage&nbsp;: comment rendre votre logement plus silencieux cet hiver"},"content":{"rendered":"<p>Lorsque les temp\u00e9ratures baissent, les occupants passent davantage de temps \u00e0 l\u2019int\u00e9rieur. Les fen\u00eatres restent closes, les <a href=\"https:\/\/www.qualitel.org\/particuliers\/equipements-et-materiaux\/chauffage\/\">syst\u00e8mes de chauffage<\/a> fonctionnent en continu et les logements mitoyens sont plus sollicit\u00e9s. R\u00e9sultat&nbsp;: les bruits du quotidien (voix, pas, \u00e9quipements) deviennent plus pr\u00e9sents et parfois difficiles \u00e0 supporter.<\/p>\n<p><strong>Le confort acoustique fait partie int\u00e9grante de la qualit\u00e9 d\u2019usage d\u2019un logement<\/strong>, au m\u00eame titre que le confort thermique ou la qualit\u00e9 de l\u2019air int\u00e9rieur.<\/p>\n<p>En hiver, fermer les fen\u00eatres<strong> limite les d\u00e9perditions de chaleur<\/strong>, mais cela <strong>modifie aussi la perception des bruits<\/strong>. Les sons int\u00e9rieurs r\u00e9sonnent davantage, tandis que les bruits provenant des logements voisins deviennent plus audibles si l\u2019<a href=\"https:\/\/www.qualitel.org\/particuliers\/isolation\/isolation-phonique\/\">isolation acoustique<\/a> est insuffisante.<\/p>\n<p>Un vitrage ancien ou mal ajust\u00e9 peut laisser passer aussi bien le froid que le bruit. \u00c0 l\u2019inverse, un vitrage performant am\u00e9liore \u00e0 la fois le <a href=\"https:\/\/www.qualitel.org\/particuliers\/travaux-renovation\/confort-thermique\/\">confort thermique<\/a> et acoustique.<\/p>\n<p>Radiateurs, chaudi\u00e8res, pompes \u00e0 chaleur ou ventilations peuvent <strong>g\u00e9n\u00e9rer des bruits de fonctionnement plus perceptibles en hiver<\/strong>, notamment la nuit lorsque l\u2019environnement est plus calme.<\/p>\n<p>Claquement de radiateur, sifflement ou vibrations r\u00e9p\u00e9t\u00e9es ne sont pas anodins&nbsp;: ils peuvent r\u00e9v\u00e9ler un d\u00e9s\u00e9quilibre, un mauvais r\u00e9glage ou un manque d\u2019entretien.<\/p>\n<p>Les <a href=\"https:\/\/www.qualitel.org\/particuliers\/conseils\/comment-reduire-les-bruits-entre-voisins\/\">bruits de voisinage<\/a> ne passent pas uniquement par l\u2019air. Les<strong> chocs<\/strong> (pas, d\u00e9placements de meubles) et<strong> vibrations<\/strong> se propagent par les murs, les planchers et les plafonds, surtout dans les immeubles collectifs.<\/p>\n<p>Un logement chauff\u00e9 mais mal isol\u00e9 acoustiquement peut amplifier ces nuisances, rendant les sons plus pr\u00e9sents dans les pi\u00e8ces de vie et les chambres.<\/p>\n<p>En hiver, certaines nuisances per\u00e7ues comme venant du voisinage peuvent en r\u00e9alit\u00e9 provenir de l\u2019int\u00e9rieur du logement&nbsp;: <strong>r\u00e9sonance dans les pi\u00e8ces peu meubl\u00e9es, sols durs, plafonds nus ou \u00e9quipements en fonctionnement continu<\/strong>.<\/p>\n<p>L\u2019am\u00e9nagement int\u00e9rieur joue un r\u00f4le important dans l\u2019absorption des sons et la limitation de la r\u00e9verb\u00e9ration.<\/p>\n<p>Face au bruit, on pense souvent \u00e0 des travaux complexes. Pourtant, certains leviers simples permettent d\u00e9j\u00e0 d\u2019am\u00e9liorer nettement le confort acoustique&nbsp;: <strong>ajustement des \u00e9quipements, am\u00e9lioration de l\u2019\u00e9tanch\u00e9it\u00e9 des ouvrants, ou correction de petits d\u00e9fauts d\u2019isolation<\/strong>.<\/p>\n<p>Une approche progressive permet d\u2019identifier l\u2019origine des nuisances avant d\u2019envisager des interventions plus importantes.<\/p>\n<p>Le confort acoustique est un <strong>\u00e9l\u00e9ment cl\u00e9 de la qualit\u00e9 du logement<\/strong>, particuli\u00e8rement en hiver lorsque les nuisances sont plus perceptibles. Un logement confortable doit permettre de se prot\u00e9ger des bruits ext\u00e9rieurs comme des bruits de voisinage, sans compromis sur le confort thermique&nbsp;:<\/p>\n<ul>\n<li>l\u2019isolation acoustique et l\u2019isolation thermique sont souvent li\u00e9es,<\/li>\n<li>les \u00e9quipements de chauffage et de ventilation doivent \u00eatre \u00e0 la fois performants et discrets,<\/li>\n<li>le confort sonore repose aussi sur l\u2019usage et l\u2019am\u00e9nagement du logement.<\/li>\n<\/ul>\n<p><strong>Am\u00e9liorer le silence int\u00e9rieur<\/strong> contribue directement au bien-\u00eatre, au repos et \u00e0 la qualit\u00e9 de vie des occupants.<\/p>\n","protected":false},"excerpt":{"rendered":"<p>Lorsque les temp\u00e9ratures baissent, les occupants passent davantage de temps \u00e0 l\u2019int\u00e9rieur. Les fen\u00eatres restent closes, les syst\u00e8mes de chauffage fonctionnent en continu et les logements mitoyens sont plus sollicit\u00e9s. R\u00e9sultat&nbsp;: les bruits du quotidien (voix, pas, \u00e9quipements) deviennent plus pr\u00e9sents et parfois difficiles \u00e0 supporter. Le confort acoustique fait partie int\u00e9grante de la qualit\u00e9 \u2026 <\/p>\n","protected":false},"author":24,"featured_media":52438,"comment_status":"closed","ping_status":"closed","sticky":false,"template":"","format":"standard","meta":{"_acf_changed":false,"wp_typography_post_enhancements_disabled":false,"footnotes":""},"categories":[203],"tags":[491,468,424,455],"article_type":[539],"benefice":[348,349],"class_list":["post-52412","post","type-post","status-publish","format-standard","has-post-thumbnail","hentry","category-confort","tags-acoustique","tags-chauffage","tags-isolation","tags-sous-sol","article_type-tendance","benefice-confort","benefice-eco-responsabilite"],"acf":[],"yoast_head":"<!-- This site is optimized with the Yoast SEO plugin v26.2 - https:\/\/yoast.com\/wordpress\/plugins\/seo\/ -->\n<title>Bruits de voisinage : comment rendre votre logement plus silencieux cet hiver - Qualitel | Particuliers<\/title>\n<meta name=\"description\" content=\"En hiver, les logements sont plus souvent occup\u00e9s et les fen\u00eatres restent ferm\u00e9es, rendant les bruits de voisinage plus perceptibles. Mauvaise isolation, \u00e9quipements bruyants ou gestes du quotidien peuvent accentuer les nuisances sonores et nuire au confort int\u00e9rieur.\" \/>\n<meta name=\"robots\" content=\"index, follow, max-snippet:-1, max-image-preview:large, max-video-preview:-1\" \/>\n<link rel=\"canonical\" href=\"https:\/\/www.qualitel.org\/particuliers\/conseils\/bruits-de-voisinage\/\" \/>\n<meta property=\"og:locale\" content=\"fr_FR\" \/>\n<meta property=\"og:type\" content=\"article\" \/>\n<meta property=\"og:title\" content=\"Bruits de voisinage : comment rendre votre logement plus silencieux cet hiver - Qualitel | Particuliers\" \/>\n<meta property=\"og:description\" content=\"En hiver, les logements sont plus souvent occup\u00e9s et les fen\u00eatres restent ferm\u00e9es, rendant les bruits de voisinage plus perceptibles. Mauvaise isolation, \u00e9quipements bruyants ou gestes du quotidien peuvent accentuer les nuisances sonores et nuire au confort int\u00e9rieur.\" \/>\n<meta property=\"og:url\" content=\"https:\/\/www.qualitel.org\/particuliers\/conseils\/bruits-de-voisinage\/\" \/>\n<meta property=\"og:site_name\" content=\"Qualitel | Particuliers\" \/>\n<meta property=\"article:publisher\" content=\"https:\/\/www.facebook.com\/groupequalitel\/\" \/>\n<meta property=\"article:published_time\" content=\"2026-01-26T16:32:13+00:00\" \/>\n<meta property=\"article:modified_time\" content=\"2026-01-28T09:17:41+00:00\" \/>\n<meta property=\"og:image\" content=\"https:\/\/www.qualitel.org\/particuliers\/wp\/..\/uploads\/AdobeStock_755528372-e1769591734580.jpg\" \/>\n\t<meta property=\"og:image:width\" content=\"800\" \/>\n\t<meta property=\"og:image:height\" content=\"800\" \/>\n\t<meta property=\"og:image:type\" content=\"image\/jpeg\" \/>\n<meta name=\"author\" content=\"Julie CARNEZ\" \/>\n<meta name=\"twitter:card\" content=\"summary_large_image\" \/>\n<meta name=\"twitter:description\" content=\"En hiver, les logements sont plus souvent occup\u00e9s et les fen\u00eatres restent ferm\u00e9es, rendant les bruits de voisinage plus perceptibles. Mauvaise isolation, \u00e9quipements bruyants ou gestes du quotidien peuvent accentuer les nuisances sonores et nuire au confort int\u00e9rieur.\n\" \/>\n<meta name=\"twitter:creator\" content=\"@groupeQUALITEL\" \/>\n<meta name=\"twitter:site\" content=\"@groupeQUALITEL\" \/>\n<meta name=\"twitter:label1\" content=\"Written by\" \/>\n\t<meta name=\"twitter:data1\" content=\"Julie CARNEZ\" \/>\n\t<meta name=\"twitter:label2\" content=\"Est. reading time\" \/>\n\t<meta name=\"twitter:data2\" content=\"7 minutes\" \/>\n<script type=\"application\/ld+json\" class=\"yoast-schema-graph\">{\"@context\":\"https:\/\/schema.org\",\"@graph\":[{\"@type\":\"Article\",\"@id\":\"https:\/\/www.qualitel.org\/particuliers\/conseils\/bruits-de-voisinage\/#article\",\"isPartOf\":{\"@id\":\"https:\/\/www.qualitel.org\/particuliers\/conseils\/bruits-de-voisinage\/\"},\"author\":{\"name\":\"Julie CARNEZ\",\"@id\":\"https:\/\/www.qualitel.org\/particuliers\/#\/schema\/person\/8ecdccaad3bba102bae727749c8a10fa\"},\"headline\":\"Bruits de voisinage&nbsp;: comment rendre votre logement plus silencieux cet hiver\",\"datePublished\":\"2026-01-26T16:32:13+00:00\",\"dateModified\":\"2026-01-28T09:17:41+00:00\",\"mainEntityOfPage\":{\"@id\":\"https:\/\/www.qualitel.org\/particuliers\/conseils\/bruits-de-voisinage\/\"},\"wordCount\":516,\"publisher\":{\"@id\":\"https:\/\/www.qualitel.org\/particuliers\/#organization\"},\"image\":{\"@id\":\"https:\/\/www.qualitel.org\/particuliers\/conseils\/bruits-de-voisinage\/#primaryimage\"},\"thumbnailUrl\":\"https:\/\/www.qualitel.org\/particuliers\/wp\/..\/uploads\/AdobeStock_755528372-e1769591734580.jpg\",\"articleSection\":[\"Confort\"],\"inLanguage\":\"fr-FR\"},{\"@type\":\"WebPage\",\"@id\":\"https:\/\/www.qualitel.org\/particuliers\/conseils\/bruits-de-voisinage\/\",\"url\":\"https:\/\/www.qualitel.org\/particuliers\/conseils\/bruits-de-voisinage\/\",\"name\":\"Bruits de voisinage : comment rendre votre logement plus silencieux cet hiver - Qualitel | Particuliers\",\"isPartOf\":{\"@id\":\"https:\/\/www.qualitel.org\/particuliers\/#website\"},\"primaryImageOfPage\":{\"@id\":\"https:\/\/www.qualitel.org\/particuliers\/conseils\/bruits-de-voisinage\/#primaryimage\"},\"image\":{\"@id\":\"https:\/\/www.qualitel.org\/particuliers\/conseils\/bruits-de-voisinage\/#primaryimage\"},\"thumbnailUrl\":\"https:\/\/www.qualitel.org\/particuliers\/wp\/..\/uploads\/AdobeStock_755528372-e1769591734580.jpg\",\"datePublished\":\"2026-01-26T16:32:13+00:00\",\"dateModified\":\"2026-01-28T09:17:41+00:00\",\"description\":\"En hiver, les logements sont plus souvent occup\u00e9s et les fen\u00eatres restent ferm\u00e9es, rendant les bruits de voisinage plus perceptibles. Mauvaise isolation, \u00e9quipements bruyants ou gestes du quotidien peuvent accentuer les nuisances sonores et nuire au confort int\u00e9rieur.\",\"breadcrumb\":{\"@id\":\"https:\/\/www.qualitel.org\/particuliers\/conseils\/bruits-de-voisinage\/#breadcrumb\"},\"inLanguage\":\"fr-FR\",\"potentialAction\":[{\"@type\":\"ReadAction\",\"target\":[\"https:\/\/www.qualitel.org\/particuliers\/conseils\/bruits-de-voisinage\/\"]}]},{\"@type\":\"ImageObject\",\"inLanguage\":\"fr-FR\",\"@id\":\"https:\/\/www.qualitel.org\/particuliers\/conseils\/bruits-de-voisinage\/#primaryimage\",\"url\":\"https:\/\/www.qualitel.org\/particuliers\/wp\/..\/uploads\/AdobeStock_755528372-e1769591734580.jpg\",\"contentUrl\":\"https:\/\/www.qualitel.org\/particuliers\/wp\/..\/uploads\/AdobeStock_755528372-e1769591734580.jpg\",\"width\":800,\"height\":800},{\"@type\":\"BreadcrumbList\",\"@id\":\"https:\/\/www.qualitel.org\/particuliers\/conseils\/bruits-de-voisinage\/#breadcrumb\",\"itemListElement\":[{\"@type\":\"ListItem\",\"position\":1,\"name\":\"Accueil\",\"item\":\"https:\/\/www.qualitel.org\/particuliers\/\"},{\"@type\":\"ListItem\",\"position\":2,\"name\":\"Bruits de voisinage : comment rendre votre logement plus silencieux cet hiver\"}]},{\"@type\":\"WebSite\",\"@id\":\"https:\/\/www.qualitel.org\/particuliers\/#website\",\"url\":\"https:\/\/www.qualitel.org\/particuliers\/\",\"name\":\"Qualitel | Particuliers\",\"description\":\"\",\"publisher\":{\"@id\":\"https:\/\/www.qualitel.org\/particuliers\/#organization\"},\"potentialAction\":[{\"@type\":\"SearchAction\",\"target\":{\"@type\":\"EntryPoint\",\"urlTemplate\":\"https:\/\/www.qualitel.org\/particuliers\/?s={search_term_string}\"},\"query-input\":{\"@type\":\"PropertyValueSpecification\",\"valueRequired\":true,\"valueName\":\"search_term_string\"}}],\"inLanguage\":\"fr-FR\"},{\"@type\":\"Organization\",\"@id\":\"https:\/\/www.qualitel.org\/particuliers\/#organization\",\"name\":\"Qualitel | Particuliers\",\"url\":\"https:\/\/www.qualitel.org\/particuliers\/\",\"logo\":{\"@type\":\"ImageObject\",\"inLanguage\":\"fr-FR\",\"@id\":\"https:\/\/www.qualitel.org\/particuliers\/#\/schema\/logo\/image\/\",\"url\":\"https:\/\/www.qualitel.org\/particuliers\/wp\/..\/uploads\/qualitel-squarelogo-1456752654225.png\",\"contentUrl\":\"https:\/\/www.qualitel.org\/particuliers\/wp\/..\/uploads\/qualitel-squarelogo-1456752654225.png\",\"width\":180,\"height\":180,\"caption\":\"Qualitel | Particuliers\"},\"image\":{\"@id\":\"https:\/\/www.qualitel.org\/particuliers\/#\/schema\/logo\/image\/\"},\"sameAs\":[\"https:\/\/www.facebook.com\/groupequalitel\/\",\"https:\/\/x.com\/groupeQUALITEL\",\"https:\/\/www.instagram.com\/associationqualitel\/\",\"https:\/\/www.pinterest.fr\/associationqualitel\/\"]},{\"@type\":\"Person\",\"@id\":\"https:\/\/www.qualitel.org\/particuliers\/#\/schema\/person\/8ecdccaad3bba102bae727749c8a10fa\",\"name\":\"Julie CARNEZ\",\"image\":{\"@type\":\"ImageObject\",\"inLanguage\":\"fr-FR\",\"@id\":\"https:\/\/www.qualitel.org\/particuliers\/#\/schema\/person\/image\/\",\"url\":\"https:\/\/secure.gravatar.com\/avatar\/41fcfdc51e7305fd5b17ead841bd2e1f6a982b0f5ccaf899636b8ccab25ca5b1?s=96&d=mm&r=g\",\"contentUrl\":\"https:\/\/secure.gravatar.com\/avatar\/41fcfdc51e7305fd5b17ead841bd2e1f6a982b0f5ccaf899636b8ccab25ca5b1?s=96&d=mm&r=g\",\"caption\":\"Julie CARNEZ\"}}]}<\/script>\n<!-- \/ Yoast SEO plugin. -->","yoast_head_json":{"title":"Bruits de voisinage : comment rendre votre logement plus silencieux cet hiver - Qualitel | Particuliers","description":"En hiver, les logements sont plus souvent occup\u00e9s et les fen\u00eatres restent ferm\u00e9es, rendant les bruits de voisinage plus perceptibles. Mauvaise isolation, \u00e9quipements bruyants ou gestes du quotidien peuvent accentuer les nuisances sonores et nuire au confort int\u00e9rieur.","robots":{"index":"index","follow":"follow","max-snippet":"max-snippet:-1","max-image-preview":"max-image-preview:large","max-video-preview":"max-video-preview:-1"},"canonical":"https:\/\/www.qualitel.org\/particuliers\/conseils\/bruits-de-voisinage\/","og_locale":"fr_FR","og_type":"article","og_title":"Bruits de voisinage : comment rendre votre logement plus silencieux cet hiver - Qualitel | Particuliers","og_description":"En hiver, les logements sont plus souvent occup\u00e9s et les fen\u00eatres restent ferm\u00e9es, rendant les bruits de voisinage plus perceptibles. Mauvaise isolation, \u00e9quipements bruyants ou gestes du quotidien peuvent accentuer les nuisances sonores et nuire au confort int\u00e9rieur.","og_url":"https:\/\/www.qualitel.org\/particuliers\/conseils\/bruits-de-voisinage\/","og_site_name":"Qualitel | Particuliers","article_publisher":"https:\/\/www.facebook.com\/groupequalitel\/","article_published_time":"2026-01-26T16:32:13+00:00","article_modified_time":"2026-01-28T09:17:41+00:00","og_image":[{"width":800,"height":800,"url":"https:\/\/www.qualitel.org\/particuliers\/wp\/..\/uploads\/AdobeStock_755528372-e1769591734580.jpg","type":"image\/jpeg"}],"author":"Julie CARNEZ","twitter_card":"summary_large_image","twitter_description":"En hiver, les logements sont plus souvent occup\u00e9s et les fen\u00eatres restent ferm\u00e9es, rendant les bruits de voisinage plus perceptibles. Mauvaise isolation, \u00e9quipements bruyants ou gestes du quotidien peuvent accentuer les nuisances sonores et nuire au confort int\u00e9rieur.\n","twitter_creator":"@groupeQUALITEL","twitter_site":"@groupeQUALITEL","twitter_misc":{"Written by":"Julie CARNEZ","Est. reading time":"7 minutes"},"schema":{"@context":"https:\/\/schema.org","@graph":[{"@type":"Article","@id":"https:\/\/www.qualitel.org\/particuliers\/conseils\/bruits-de-voisinage\/#article","isPartOf":{"@id":"https:\/\/www.qualitel.org\/particuliers\/conseils\/bruits-de-voisinage\/"},"author":{"name":"Julie CARNEZ","@id":"https:\/\/www.qualitel.org\/particuliers\/#\/schema\/person\/8ecdccaad3bba102bae727749c8a10fa"},"headline":"Bruits de voisinage&nbsp;: comment rendre votre logement plus silencieux cet hiver","datePublished":"2026-01-26T16:32:13+00:00","dateModified":"2026-01-28T09:17:41+00:00","mainEntityOfPage":{"@id":"https:\/\/www.qualitel.org\/particuliers\/conseils\/bruits-de-voisinage\/"},"wordCount":516,"publisher":{"@id":"https:\/\/www.qualitel.org\/particuliers\/#organization"},"image":{"@id":"https:\/\/www.qualitel.org\/particuliers\/conseils\/bruits-de-voisinage\/#primaryimage"},"thumbnailUrl":"https:\/\/www.qualitel.org\/particuliers\/wp\/..\/uploads\/AdobeStock_755528372-e1769591734580.jpg","articleSection":["Confort"],"inLanguage":"fr-FR"},{"@type":"WebPage","@id":"https:\/\/www.qualitel.org\/particuliers\/conseils\/bruits-de-voisinage\/","url":"https:\/\/www.qualitel.org\/particuliers\/conseils\/bruits-de-voisinage\/","name":"Bruits de voisinage : comment rendre votre logement plus silencieux cet hiver - Qualitel | Particuliers","isPartOf":{"@id":"https:\/\/www.qualitel.org\/particuliers\/#website"},"primaryImageOfPage":{"@id":"https:\/\/www.qualitel.org\/particuliers\/conseils\/bruits-de-voisinage\/#primaryimage"},"image":{"@id":"https:\/\/www.qualitel.org\/particuliers\/conseils\/bruits-de-voisinage\/#primaryimage"},"thumbnailUrl":"https:\/\/www.qualitel.org\/particuliers\/wp\/..\/uploads\/AdobeStock_755528372-e1769591734580.jpg","datePublished":"2026-01-26T16:32:13+00:00","dateModified":"2026-01-28T09:17:41+00:00","description":"En hiver, les logements sont plus souvent occup\u00e9s et les fen\u00eatres restent ferm\u00e9es, rendant les bruits de voisinage plus perceptibles. Mauvaise isolation, \u00e9quipements bruyants ou gestes du quotidien peuvent accentuer les nuisances sonores et nuire au confort int\u00e9rieur.","breadcrumb":{"@id":"https:\/\/www.qualitel.org\/particuliers\/conseils\/bruits-de-voisinage\/#breadcrumb"},"inLanguage":"fr-FR","potentialAction":[{"@type":"ReadAction","target":["https:\/\/www.qualitel.org\/particuliers\/conseils\/bruits-de-voisinage\/"]}]},{"@type":"ImageObject","inLanguage":"fr-FR","@id":"https:\/\/www.qualitel.org\/particuliers\/conseils\/bruits-de-voisinage\/#primaryimage","url":"https:\/\/www.qualitel.org\/particuliers\/wp\/..\/uploads\/AdobeStock_755528372-e1769591734580.jpg","contentUrl":"https:\/\/www.qualitel.org\/particuliers\/wp\/..\/uploads\/AdobeStock_755528372-e1769591734580.jpg","width":800,"height":800},{"@type":"BreadcrumbList","@id":"https:\/\/www.qualitel.org\/particuliers\/conseils\/bruits-de-voisinage\/#breadcrumb","itemListElement":[{"@type":"ListItem","position":1,"name":"Accueil","item":"https:\/\/www.qualitel.org\/particuliers\/"},{"@type":"ListItem","position":2,"name":"Bruits de voisinage : comment rendre votre logement plus silencieux cet hiver"}]},{"@type":"WebSite","@id":"https:\/\/www.qualitel.org\/particuliers\/#website","url":"https:\/\/www.qualitel.org\/particuliers\/","name":"Qualitel | Particuliers","description":"","publisher":{"@id":"https:\/\/www.qualitel.org\/particuliers\/#organization"},"potentialAction":[{"@type":"SearchAction","target":{"@type":"EntryPoint","urlTemplate":"https:\/\/www.qualitel.org\/particuliers\/?s={search_term_string}"},"query-input":{"@type":"PropertyValueSpecification","valueRequired":true,"valueName":"search_term_string"}}],"inLanguage":"fr-FR"},{"@type":"Organization","@id":"https:\/\/www.qualitel.org\/particuliers\/#organization","name":"Qualitel | Particuliers","url":"https:\/\/www.qualitel.org\/particuliers\/","logo":{"@type":"ImageObject","inLanguage":"fr-FR","@id":"https:\/\/www.qualitel.org\/particuliers\/#\/schema\/logo\/image\/","url":"https:\/\/www.qualitel.org\/particuliers\/wp\/..\/uploads\/qualitel-squarelogo-1456752654225.png","contentUrl":"https:\/\/www.qualitel.org\/particuliers\/wp\/..\/uploads\/qualitel-squarelogo-1456752654225.png","width":180,"height":180,"caption":"Qualitel | Particuliers"},"image":{"@id":"https:\/\/www.qualitel.org\/particuliers\/#\/schema\/logo\/image\/"},"sameAs":["https:\/\/www.facebook.com\/groupequalitel\/","https:\/\/x.com\/groupeQUALITEL","https:\/\/www.instagram.com\/associationqualitel\/","https:\/\/www.pinterest.fr\/associationqualitel\/"]},{"@type":"Person","@id":"https:\/\/www.qualitel.org\/particuliers\/#\/schema\/person\/8ecdccaad3bba102bae727749c8a10fa","name":"Julie CARNEZ","image":{"@type":"ImageObject","inLanguage":"fr-FR","@id":"https:\/\/www.qualitel.org\/particuliers\/#\/schema\/person\/image\/","url":"https:\/\/secure.gravatar.com\/avatar\/41fcfdc51e7305fd5b17ead841bd2e1f6a982b0f5ccaf899636b8ccab25ca5b1?s=96&d=mm&r=g","contentUrl":"https:\/\/secure.gravatar.com\/avatar\/41fcfdc51e7305fd5b17ead841bd2e1f6a982b0f5ccaf899636b8ccab25ca5b1?s=96&d=mm&r=g","caption":"Julie CARNEZ"}}]}},"_links":{"self":[{"href":"https:\/\/www.qualitel.org\/particuliers\/wp-json\/wp\/v2\/posts\/52412","targetHints":{"allow":["GET"]}}],"collection":[{"href":"https:\/\/www.qualitel.org\/particuliers\/wp-json\/wp\/v2\/posts"}],"about":[{"href":"https:\/\/www.qualitel.org\/particuliers\/wp-json\/wp\/v2\/types\/post"}],"author":[{"embeddable":true,"href":"https:\/\/www.qualitel.org\/particuliers\/wp-json\/wp\/v2\/users\/24"}],"replies":[{"embeddable":true,"href":"https:\/\/www.qualitel.org\/particuliers\/wp-json\/wp\/v2\/comments?post=52412"}],"version-history":[{"count":14,"href":"https:\/\/www.qualitel.org\/particuliers\/wp-json\/wp\/v2\/posts\/52412\/revisions"}],"predecessor-version":[{"id":52449,"href":"https:\/\/www.qualitel.org\/particuliers\/wp-json\/wp\/v2\/posts\/52412\/revisions\/52449"}],"wp:featuredmedia":[{"embeddable":true,"href":"https:\/\/www.qualitel.org\/particuliers\/wp-json\/wp\/v2\/media\/52438"}],"wp:attachment":[{"href":"https:\/\/www.qualitel.org\/particuliers\/wp-json\/wp\/v2\/media?parent=52412"}],"wp:term":[{"taxonomy":"category","embeddable":true,"href":"https:\/\/www.qualitel.org\/particuliers\/wp-json\/wp\/v2\/categories?post=52412"},{"taxonomy":"tags","embeddable":true,"href":"https:\/\/www.qualitel.org\/particuliers\/wp-json\/wp\/v2\/tags?post=52412"},{"taxonomy":"article_type","embeddable":true,"href":"https:\/\/www.qualitel.org\/particuliers\/wp-json\/wp\/v2\/article_type?post=52412"},{"taxonomy":"benefice","embeddable":true,"href":"https:\/\/www.qualitel.org\/particuliers\/wp-json\/wp\/v2\/benefice?post=52412"}],"curies":[{"name":"wp","href":"https:\/\/api.w.org\/{rel}","templated":true}]}}