{"id":52833,"date":"2026-03-13T11:47:35","date_gmt":"2026-03-13T10:47:35","guid":{"rendered":"https:\/\/www.qualitel.org\/particuliers\/?p=52833"},"modified":"2026-03-20T11:28:43","modified_gmt":"2026-03-20T10:28:43","slug":"comment-proteger-son-logement-du-soleil","status":"publish","type":"post","link":"https:\/\/www.qualitel.org\/particuliers\/conseils\/comment-proteger-son-logement-du-soleil\/","title":{"rendered":"Prot\u00e9ger son logement du soleil&nbsp;: d\u00e9fis, solutions et atouts"},"content":{"rendered":"<h2>L\u2019essentiel<\/h2>\n<ul>\n<li>Bien prot\u00e9ger son logement du soleil <strong>am\u00e9liore le confort d\u2019\u00e9t\u00e9<\/strong> en limitant la surchauffe int\u00e9rieure lors des p\u00e9riodes de fortes chaleurs.<\/li>\n<li>Les<strong> vitrages<\/strong> sont la<strong> principale source d\u2019entr\u00e9e de chaleur<\/strong>, d\u2019o\u00f9 l\u2019importance de prot\u00e9ger en priorit\u00e9 fen\u00eatres et baies vitr\u00e9es.<\/li>\n<li>Les <strong>protections solaires ext\u00e9rieures<\/strong> sont<strong> les plus efficaces<\/strong> (volets, stores, brise-soleil, pergolas), car elles bloquent le rayonnement avant qu\u2019il n\u2019atteigne le vitrage.<\/li>\n<li>La<strong> v\u00e9g\u00e9tation et <\/strong>l\u2019<strong>am\u00e9nagement ext\u00e9rieur peuvent rafra\u00eechir naturellement l\u2019environnement<\/strong>, en apportant de l\u2019ombre et en r\u00e9duisant l\u2019effet d\u2019\u00eelot de chaleur.<\/li>\n<li><strong>Le confort d\u2019\u00e9t\u00e9 repose sur une combinaison de solutions<\/strong>&nbsp;: protections solaires, inertie du b\u00e2timent, ventilation nocturne et usages adapt\u00e9s.<\/li>\n<\/ul>\n<p>Un logement bien prot\u00e9g\u00e9 du soleil offre avant tout un <strong>meilleur confort d\u2019\u00e9t\u00e9<\/strong>, en limitant les hausses excessives de temp\u00e9rature int\u00e9rieure lors des p\u00e9riodes caniculaires. \u00c0 savoir que M\u00e9t\u00e9o-France rappelle que depuis 2010, seules les ann\u00e9es 2014 et 2021 n\u2019ont pas connu de vagues de chaleur.<\/p>\n<p>Prot\u00e9ger son logement du soleil de fa\u00e7on passive contribue \u00e0 <strong>r\u00e9duire les besoins en climatisation<\/strong> et les consommations d\u2019\u00e9lectricit\u00e9 associ\u00e9es, et par cons\u00e9quent \u00e0 \u00eatre <strong>plus respectueux de l\u2019environnement<\/strong>. En effet, <a href=\"https:\/\/librairie.ademe.fr\/changement-climatique\/4745-la-climatisation-de-confort-dans-les-batiments-residentiels-et-tertiaires.html\" target=\"_blank\" rel=\"noopener\">selon les chiffres&nbsp;2021 de l\u2019ADEME<\/a>, la climatisation repr\u00e9sente pr\u00e8s de <strong>5&nbsp;% des \u00e9missions de gaz \u00e0 effet de serre du secteur du b\u00e2timent<\/strong>.<\/p>\n<p>Au-del\u00e0 du confort thermique de l\u2019usager, limiter l\u2019exposition directe au rayonnement solaire permet de <strong>pr\u00e9server les mat\u00e9riaux et le mobilier<\/strong>, souvent sensibles aux UV et aux fortes chaleurs.<\/p>\n<p>En outre, une protection solaire bien con\u00e7ue permet de continuer \u00e0 b\u00e9n\u00e9ficier d\u2019un <a href=\"https:\/\/www.qualitel.org\/particuliers\/conseils\/x-comment-bien-eclairer-votre-logement\/\">\u00e9clairage naturel<\/a> tout en <strong>\u00e9vitant les ph\u00e9nom\u00e8nes d\u2019\u00e9blouissement<\/strong>.<\/p>\n<p>Avant de choisir une protection solaire ext\u00e9rieure, <strong>identifiez les m\u00e9canismes qui conduisent \u00e0 l\u2019\u00e9l\u00e9vation de la temp\u00e9rature int\u00e9rieure <\/strong>de votre logement, en distinguant le r\u00f4le des vitrages, des parois et de l\u2019orientation du b\u00e2timent.<\/p>\n<figure id=\"attachment_52938\" aria-describedby=\"caption-attachment-52938\" style=\"width: 450px\" class=\"wp-caption alignnone\"><img loading=\"lazy\" decoding=\"async\" class=\"wp-image-52938\" src=\"https:\/\/www.qualitel.org\/particuliers\/wp\/..\/uploads\/exposition-soleil-1-263x300.jpg\" alt width=\"450\" height=\"513\" srcset=\"https:\/\/www.qualitel.org\/particuliers\/wp\/..\/uploads\/exposition-soleil-1-263x300.jpg 263w, https:\/\/www.qualitel.org\/particuliers\/wp\/..\/uploads\/exposition-soleil-1.jpg 625w\" sizes=\"auto, (max-width: 450px) 100vw, 450px\"><figcaption id=\"caption-attachment-52938\" class=\"wp-caption-text\">image g\u00e9n\u00e9r\u00e9e par IA<\/figcaption><\/figure>\n<h3>Le r\u00f4le du rayonnement solaire dans la surchauffe estivale<\/h3>\n<p>La surchauffe d\u2019un logement r\u00e9sulte principalement du <strong>passage du rayonnement solaire \u00e0 travers les vitrages<\/strong>. Une fois transmis \u00e0 l\u2019int\u00e9rieur, ce rayonnement se transforme en chaleur et \u00e9l\u00e8ve rapidement la temp\u00e9rature de l\u2019air.<\/p>\n<p>Toutefois, les <strong>parois opaques<\/strong>, comme les murs et surtout la <a href=\"https:\/\/www.qualitel.org\/particuliers\/equipements-et-materiaux-maison\/toiture\/\">toiture<\/a>, absorbent \u00e9galement une part importante de cette \u00e9nergie solaire, qu\u2019elles stockent puis restituent progressivement.<\/p>\n<p>Ce ph\u00e9nom\u00e8ne est accentu\u00e9 par l\u2019<strong>inertie thermique<\/strong> <strong>des mat\u00e9riaux<\/strong> qui conditionne la vitesse \u00e0 laquelle la chaleur p\u00e9n\u00e8tre et se diffuse dans le logement.<\/p>\n<h3>L\u2019importance de l\u2019orientation et du moment de la journ\u00e9e<\/h3>\n<p>Les fa\u00e7ades d\u2019une maison sont expos\u00e9es diff\u00e9remment aux effets du soleil&nbsp;:<\/p>\n<ul>\n<li>les <strong>ouvertures en fa\u00e7ade sud<\/strong> sont \u00e0 cibler en priorit\u00e9 pour gagner en confort thermique&nbsp;;<\/li>\n<li>les <strong>fa\u00e7ades ouest et sud-ouest<\/strong>, soumises \u00e0 un soleil bas en fin d\u2019apr\u00e8s-midi, sont particuli\u00e8rement sensibles \u00e0 la surchauffe&nbsp;;<\/li>\n<li>les <strong>fa\u00e7ades est<\/strong> sont concern\u00e9es le matin par un soleil bas qui peut chauffer tr\u00e8s rapidement d\u00e8s le lever du jour en \u00e9t\u00e9&nbsp;;<\/li>\n<li>les <strong>ouvertures en fa\u00e7ade nord<\/strong> sont moins expos\u00e9es au rayonnement solaire direct et peuvent, dans de nombreux cas, se passer de protection sp\u00e9cifique.<\/li>\n<\/ul>\n<p>En outre, selon son inclinaison, votre <strong>toiture <\/strong>peut recevoir un rayonnement intense tout au long de la journ\u00e9e lorsque le soleil est haut. Si vous avez des fen\u00eatres de toit, ce sont les <strong>vitrages \u00e0 prot\u00e9ger en priorit\u00e9<\/strong> avec des protections ext\u00e9rieures de type volets roulants qui sont ont un facteur solaires tr\u00e8s bas ) ou des stores ext\u00e9rieurs en toile (avec un facteur solaire un peu plus \u00e9lev\u00e9).<\/p>\n<p>Fen\u00eatres, portes-fen\u00eatres et portes d\u2019entr\u00e9e partiellement ou totalement vitr\u00e9es constituent le premier point d\u2019entr\u00e9e de la chaleur en \u00e9t\u00e9. Quels dispositifs de protection solaire choisir selon les caract\u00e9ristiques de votre logement&nbsp;?<\/p>\n<h3>Privil\u00e9gier les protections solaires int\u00e9rieures ou ext\u00e9rieures&nbsp;?<\/h3>\n<p>Les protections solaires sont d\u2019autant plus efficaces qu\u2019elles <strong>bloquent le rayonnement solaire avant qu\u2019il n\u2019atteigne le vitrage<\/strong>. Plac\u00e9es \u00e0 l\u2019ext\u00e9rieur, elles emp\u00eachent la chaleur de p\u00e9n\u00e9trer, ce qui limite l\u2019\u00e9l\u00e9vation de la temp\u00e9rature int\u00e9rieure. Ces protections solaires ext\u00e9rieures sont \u00e0 privil\u00e9gier.<\/p>\n<p>\u00c0 l\u2019inverse, les <strong>protections solaires install\u00e9es \u00e0 l\u2019int\u00e9rieur<\/strong> du logement (stores anti-chaleur, rideaux thermiques ou occultants, films solaires, etc.) agissent principalement sur le <strong>confort visuel<\/strong>, en limitant l\u2019\u00e9blouissement. Le rayonnement solaire traverse le vitrage, qui chauffe puis diffuse la chaleur vers l\u2019int\u00e9rieur. Ainsi, les protections solaires int\u00e9rieures pr\u00e9sentent un effet tr\u00e8s limit\u00e9 pour lutter contre la chaleur \u00e0 l\u2019int\u00e9rieur d\u2019une maison ou d\u2019un appartement.<\/p>\n<h3>Principales solutions de protection solaire ext\u00e9rieures des baies vitr\u00e9es<\/h3>\n<p>Diff\u00e9rents dispositifs de protection solaire ext\u00e9rieurs permettent <strong>de limiter l\u2019exposition directe des baies vitr\u00e9es au soleil<\/strong>, selon <a href=\"https:\/\/www.qualitel.org\/particuliers\/visiter\/exposition-luminosite-verifier-visite-appartement-maison\/\">l\u2019orientation et la configuration du logement<\/a>&nbsp;:<\/p>\n<ul>\n<li><strong>les volets<\/strong> (pleins, persiennes&nbsp;; roulants ou battants) constituent une protection mobile qui bloque le rayonnement lorsqu\u2019ils sont ferm\u00e9s, tout en pouvant \u00eatre adapt\u00e9s aux usages quotidiens&nbsp;;<\/li>\n<li><strong>les stores ext\u00e9rieurs verticaux <\/strong>(stores de fa\u00e7ade ou de fen\u00eatre) interceptent le rayonnement solaire avant qu\u2019il n\u2019atteigne le vitrage et permettent de conserver une certaine luminosit\u00e9, avec une efficacit\u00e9 variable selon leur conception et leur r\u00e9glage&nbsp;;<\/li>\n<li><strong>les brise-soleil orientables (BSO)<\/strong>, parfois appel\u00e9s stores v\u00e9nitiens ext\u00e9rieurs, sont compos\u00e9s de lames r\u00e9glables qui permettent de moduler finement l\u2019ensoleillement et la lumi\u00e8re naturelle, tout en limitant les apports solaires&nbsp;;<\/li>\n<li><strong>les brise-soleil orientables<\/strong> sont compos\u00e9s de lames r\u00e9glables qui modulent \u00e0 la fois l\u2019ensoleillement, la lumi\u00e8re naturelle et, dans certains cas, la ventilation&nbsp;;<\/li>\n<li><strong>les auvents et casquettes<\/strong> sont des protections fixes horizontales plac\u00e9es au-dessus des ouvertures, con\u00e7ues pour bloquer le soleil haut de l\u2019\u00e9t\u00e9&nbsp;;<\/li>\n<li><strong>les \u00e9crans verticaux<\/strong> compl\u00e8tent ces dispositifs en prot\u00e9geant des rayonnements bas, notamment en fin de journ\u00e9e&nbsp;;<\/li>\n<li>en maison individuelle, <strong>les pergolas<\/strong> ou structures l\u00e9g\u00e8res associ\u00e9es aux fa\u00e7ades ou aux terrasses peuvent \u00e9galement jouer un r\u00f4le de protection solaire, en limitant l\u2019exposition directe des baies vitr\u00e9es attenantes.<\/li>\n<\/ul>\n<p>En raison d\u2019un fonctionnement diff\u00e9rent, l\u2019efficacit\u00e9 des protections solaires ext\u00e9rieures d\u00e9pend \u00e9troitement de <strong>leur conception, de leur implantation et orientation<\/strong>.<\/p>\n<p>Quoi qu\u2019il en soit, le dimensionnement reste d\u00e9terminant. En effet, la hauteur du soleil selon la saison conditionne la capacit\u00e9 de la protection \u00e0 limiter la surchauffe sans d\u00e9grader les apports lumineux.<\/p>\n<p>L\u2019am\u00e9nagement des abords d\u2019un logement et la pr\u00e9sence de v\u00e9g\u00e9tation peuvent contribuer \u00e0 <strong>limiter les apports solaires et \u00e0 am\u00e9liorer le confort d\u2019\u00e9t\u00e9<\/strong>.<\/p>\n<h3>V\u00e9g\u00e9tation et ombrage<\/h3>\n<p>La v\u00e9g\u00e9tation constitue une protection solaire naturelle efficace. Les <strong>arbres \u00e0 feuilles caduques<\/strong> offrent de l\u2019ombre en \u00e9t\u00e9 tout en laissant passer le soleil en hiver. Par le <strong>ph\u00e9nom\u00e8ne d\u2019\u00e9vapotranspiration<\/strong>, les plantes contribuent \u00e9galement au <strong>rafra\u00eechissement de l\u2019air ambiant<\/strong>.<\/p>\n<p>A l\u2019\u00e9chelle d\u2019un quartier, il se traduit par des temp\u00e9ratures plus \u00e9lev\u00e9es dans les zones fortement min\u00e9ralis\u00e9es, en particulier \u00e0 proximit\u00e9 des b\u00e2timents. La v\u00e9g\u00e9talisation des abords et des constructions constitue un levier reconnu pour limiter ces effets, en r\u00e9duisant l\u2019accumulation et la restitution de chaleur. Des travaux men\u00e9s par le CERCLE PROMODUL \/ INEF4 montrent ainsi que la pr\u00e9sence de v\u00e9g\u00e9tation peut contribuer \u00e0 limiter des hausses de temp\u00e9rature ressentie de l\u2019ordre de 2 \u00e0 4 \u00b0C en moyenne, selon le degr\u00e9 de min\u00e9ralisation et le contexte urbain.<\/p>\n<h3>Toitures et fa\u00e7ades v\u00e9g\u00e9talis\u00e9es&nbsp;: apports et limites<\/h3>\n<p>Les <strong>toitures et fa\u00e7ades v\u00e9g\u00e9talis\u00e9es<\/strong> prot\u00e8gent les parois du rayonnement solaire et <strong>stabilisent leur temp\u00e9rature<\/strong>, tout en limitant le stockage de chaleur.<\/p>\n<p>Leur efficacit\u00e9 d\u00e9pend toutefois de plusieurs facteurs&nbsp;:<\/p>\n<ul>\n<li>superficie de la surface v\u00e9g\u00e9talis\u00e9e&nbsp;;<\/li>\n<li>choix des plantes&nbsp;;<\/li>\n<li>disponibilit\u00e9 en eau&nbsp;;<\/li>\n<li>contraintes structurelles.<\/li>\n<\/ul>\n<p>Toitures et fa\u00e7ades v\u00e9g\u00e9talis\u00e9es ne garantissent pas \u00e0 elles seules un rafra\u00eechissement de l\u2019air si les surfaces sont limit\u00e9es.<\/p>\n<p>Ainsi, <strong>votre jardin peut devenir un v\u00e9ritable refuge de fra\u00eecheur<\/strong> si vous limitez les surfaces min\u00e9rales, choisissez des rev\u00eatements clairs pour les terrasses et pr\u00e9server des zones plant\u00e9es autour de votre maison.<\/p>\n<p>Au-del\u00e0 des \u00e9quipements mobiles, les caract\u00e9ristiques m\u00eames de l\u2019enveloppe du b\u00e2timent influencent la capacit\u00e9 du logement \u00e0 rester temp\u00e9r\u00e9 lors des \u00e9pisodes chauds.<\/p>\n<p>L\u2019<strong>inertie thermique <\/strong>correspond \u00e0 la capacit\u00e9 d\u2019un mat\u00e9riau \u00e0 <strong>stocker la chaleur puis \u00e0 la restituer lentement<\/strong>. Plus l\u2019inertie est \u00e9lev\u00e9e, plus le r\u00e9chauffement int\u00e9rieur est retard\u00e9.<\/p>\n<p>\u00c0 l\u2019inverse, des solutions superficielles, comme le simple fait de peindre un toit en blanc, ont un <strong>effet limit\u00e9 lorsque la toiture est d\u00e9j\u00e0 bien isol\u00e9e<\/strong>. Il est difficile d\u2019estimer combien de degr\u00e9s va gagner un dernier \u00e9tage dont la toiture est thermo-r\u00e9fl\u00e9chissante, car d\u2019autres facteurs entrent en jeu, comme l\u2019i<a href=\"https:\/\/www.qualitel.org\/particuliers\/isolation\/\">solation thermique<\/a>. De plus, un toit inclin\u00e9 peint en blanc peut impacter le confort visuel en raison de l\u2019effet d\u2019\u00e9blouissement. Le recours \u00e0 des peintures r\u00e9flectives, dites \u00ab&nbsp;Cool Roof&nbsp;\u00bb, est \u00e0 analyser par un professionnel pour d\u00e9terminer sa pertinence selon le contexte.<\/p>\n<p>Les <strong>surfaces claires r\u00e9fl\u00e9chissent davantage le rayonnement solaire<\/strong> gr\u00e2ce \u00e0 l\u2019effet d\u2019alb\u00e9do. Des teintes claires sur les toitures, murs et volets r\u00e9duisent le stockage de chaleur et participent au confort d\u2019\u00e9t\u00e9. Ainsi, l\u2019effet de mode qui veut que les protections solaires ext\u00e9rieures grises ou noires sont de plus en plus pl\u00e9biscit\u00e9es va \u00e0 l\u2019encontre d\u2019une bonne protection de sa maison en cas de fortes chaleurs.<\/p>\n<p>Les solutions passives constituent le <strong>socle du confort d\u2019\u00e9t\u00e9<\/strong>, mais elles peuvent montrer leurs limites lors de canicules intenses et prolong\u00e9es.<\/p>\n<p>Dans ces situations, la combinaison de plusieurs leviers, protections solaires, inertie, ventilation, v\u00e9g\u00e9talisation, rafra\u00eechissement, climatisation, devient essentielle pour <strong>contenir la surchauffe<\/strong>.<\/p>\n<p>Le recours syst\u00e9matique \u00e0 la <a href=\"https:\/\/www.qualitel.org\/particuliers\/conseils\/comment-regler-la-climatisation\/\">climatisation<\/a> pose des enjeux environnementaux et \u00e9nerg\u00e9tiques importants, comme la multiplication des pics de consommation estivaux et la contribution au r\u00e9chauffement urbain.<\/p>\n<p>Pour autant, ces syst\u00e8mes peuvent jouer un <strong>r\u00f4le ponctuel, compl\u00e9mentaire<\/strong>, <strong>et localis\u00e9 dans certaines r\u00e9gions<\/strong>, lorsqu\u2019ils sont utilis\u00e9s de mani\u00e8re raisonn\u00e9e afin de <strong>conserver le confort et de pr\u00e9server la sant\u00e9 des occupants<\/strong>.<\/p>\n<p>Le choix d\u2019une protection solaire repose sur une approche globale, combinant conception du b\u00e2ti, \u00e9quipements et usages. <strong>Aucun dispositif ne constitue une solution universelle.<\/strong><\/p>\n<p>Chaque logement pr\u00e9sente des <strong>contraintes sp\u00e9cifiques<\/strong> li\u00e9es \u00e0 son orientation, son environnement et ses caract\u00e9ristiques constructives.<\/p>\n<p>Le confort d\u2019\u00e9t\u00e9 r\u00e9sulte d\u2019un <strong>\u00e9quilibre<\/strong> entre&nbsp;:<\/p>\n<ul>\n<li>limitation des apports solaires&nbsp;;<\/li>\n<li>inertie thermique&nbsp;;<\/li>\n<li><a href=\"https:\/\/www.qualitel.org\/particuliers\/equipements-et-materiaux-maison\/ventilation\/\">ventilation<\/a>&nbsp;;<\/li>\n<li>adaptation aux conditions climatiques locales&nbsp;;<\/li>\n<li>besoins sp\u00e9cifiques des occupants, notamment les personnes fragiles.<\/li>\n<\/ul>\n<p>Prot\u00e9ger son logement du soleil ne consiste donc pas \u00e0 compenser la chaleur par des syst\u00e8mes \u00e9nergivores, mais \u00e0 <strong>anticiper et \u00e0 adapter<\/strong> <strong>le b\u00e2timent et ses usages<\/strong> pour mieux faire face aux p\u00e9riodes chaudes.<\/p>\n<p>La <a href=\"https:\/\/www.nf-habitat.fr\/?mtm_source=qlpart&amp;mtm_medium=site&amp;mtm_campaign=push_article_nfh\" target=\"_blank\" rel=\"noopener\"><strong>certification NF Habitat \u2013 NF Habitat HQE<\/strong><\/a> int\u00e8gre des<strong> crit\u00e8res visant \u00e0 ma\u00eetriser les apports solaires afin de limiter la surchauffe estivale<\/strong>, notamment par l\u2019adaptation de protections solaires ext\u00e9rieures (ou dispositifs architecturaux \u00e9quivalents) adapt\u00e9s aux caract\u00e9ristiques du b\u00e2timent et au contexte climatique. Elle valorise \u00e9galement des solutions de rafra\u00eechissement passif, comme la surventilation nocturne ou l\u2019usage de brasseurs d\u2019air. Enfin, la certification prend en compte l\u2019environnement ext\u00e9rieur, en encourageant la v\u00e9g\u00e9talisation des abords et des fa\u00e7ades pour limiter l\u2019accumulation de chaleur.<\/p>\n<p>Certaines bonnes habitudes participent directement \u00e0 r\u00e9duire la surchauffe et \u00e0 favoriser l\u2019\u00e9vacuation de la chaleur, sans aucun investissement en \u00e9quipement.<\/p>\n<h3>Fermer au bon moment pour emp\u00eacher la chaleur d\u2019entrer<\/h3>\n<p>Fermer <strong>volets et fen\u00eatres avant que la temp\u00e9rature ext\u00e9rieure ne d\u00e9passe celle du logement<\/strong> permet de limiter l\u2019entr\u00e9e de chaleur.<\/p>\n<p>Cette gestion des ouvertures doit \u00eatre adapt\u00e9e selon l\u2019orientation des pi\u00e8ces. En outre, le maintien des portes int\u00e9rieures ferm\u00e9es, d\u00e8s l\u2019apparition des premiers rayons du soleil, contribue \u00e9galement \u00e0 freiner la circulation de l\u2019air chaud.<\/p>\n<p>Pour un confort optimal \u00e0 chaque instant, vous pouvez aussi installer des protections solaires automatis\u00e9es avec capteur ext\u00e9rieur qui s\u2019adaptent \u00e0 la courbe du soleil<\/p>\n<p>En outre, attention aux all\u00e9es et venues vers le jardin qui contribuent \u00e0 augmenter la chaleur de votre logement, m\u00eame si elles font partie des incontournables de l\u2019\u00e9t\u00e9&nbsp;!<\/p>\n<h3>Ventiler uniquement quand l\u2019air ext\u00e9rieur est plus frais<\/h3>\n<p>L\u2019<strong>a\u00e9ration nocturne et matinale<\/strong> contribue \u00e0 \u00e9vacuer la chaleur accumul\u00e9e et \u00e0 lutter contre la chaleur dans une maison ou un appartement.<\/p>\n<p>Dans les logements traversants ou \u00e0 \u00e9tages, la cr\u00e9ation de courants d\u2019air et l\u2019<strong>effet chemin\u00e9e<\/strong> optimisent l\u2019efficacit\u00e9 du rafra\u00eechissement par la ventilation naturelle.<\/p>\n<p>De plus, les brasseurs d\u2019air peuvent am\u00e9liorer le confort ressenti, avec une baisse ressentie de l\u2019ordre de 2 \u00e0 3&nbsp;\u00b0C, sans abaisser la temp\u00e9rature r\u00e9elle de l\u2019air.<\/p>\n<p>Toutefois, prenez garder \u00e0 tout refermer d\u00e8s que le mercure monte.<\/p>\n","protected":false},"excerpt":{"rendered":"<p>L\u2019essentiel Bien prot\u00e9ger son logement du soleil am\u00e9liore le confort d\u2019\u00e9t\u00e9 en limitant la surchauffe int\u00e9rieure lors des p\u00e9riodes de fortes chaleurs. Les vitrages sont la principale source d\u2019entr\u00e9e de chaleur, d\u2019o\u00f9 l\u2019importance de prot\u00e9ger en priorit\u00e9 fen\u00eatres et baies vitr\u00e9es. Les protections solaires ext\u00e9rieures sont les plus efficaces (volets, stores, brise-soleil, pergolas), car elles \u2026 <\/p>\n","protected":false},"author":24,"featured_media":52841,"comment_status":"closed","ping_status":"closed","sticky":false,"template":"","format":"standard","meta":{"_acf_changed":false,"wp_typography_post_enhancements_disabled":false,"footnotes":""},"categories":[203,208],"tags":[487,478,432,489],"article_type":[358],"benefice":[348,349],"class_list":["post-52833","post","type-post","status-publish","format-standard","has-post-thumbnail","hentry","category-confort","category-eco-responsabilite","tags-entretien","tags-exterieurs","tags-luminosite","tags-thermique","article_type-gestes-dentretien","benefice-confort","benefice-eco-responsabilite"],"acf":[],"yoast_head":"<!-- This site is optimized with the Yoast SEO plugin v26.2 - https:\/\/yoast.com\/wordpress\/plugins\/seo\/ -->\n<title>Prot\u00e9ger son logement du soleil : guide pratique pour un \u00e9t\u00e9 au frais - Qualitel | Particuliers<\/title>\n<meta name=\"description\" content=\"Prot\u00e9ger son logement du soleil implique de combiner plusieurs solutions durables et compl\u00e9mentaires pour recourir le moins possible \u00e0 la climatisation.\" \/>\n<meta name=\"robots\" content=\"index, follow, max-snippet:-1, max-image-preview:large, max-video-preview:-1\" \/>\n<link rel=\"canonical\" href=\"https:\/\/www.qualitel.org\/particuliers\/conseils\/comment-proteger-son-logement-du-soleil\/\" \/>\n<meta property=\"og:locale\" content=\"fr_FR\" \/>\n<meta property=\"og:type\" content=\"article\" \/>\n<meta property=\"og:title\" content=\"Prot\u00e9ger son logement du soleil : guide pratique pour un \u00e9t\u00e9 au frais - Qualitel | Particuliers\" \/>\n<meta property=\"og:description\" content=\"Face \u00e0 des \u00e9t\u00e9s de plus en plus chauds, prot\u00e9ger son logement du soleil contribue \u00e0 pr\u00e9server son confort en limitant la surchauffe. Quelles protections solaires sont les plus efficaces&nbsp;? Quelles sont les autres solutions pour lutter contre la chaleur en maison ou en appartement&nbsp;?\" \/>\n<meta property=\"og:url\" content=\"https:\/\/www.qualitel.org\/particuliers\/conseils\/comment-proteger-son-logement-du-soleil\/\" \/>\n<meta property=\"og:site_name\" content=\"Qualitel | Particuliers\" \/>\n<meta property=\"article:publisher\" content=\"https:\/\/www.facebook.com\/groupequalitel\/\" \/>\n<meta property=\"article:published_time\" content=\"2026-03-13T10:47:35+00:00\" \/>\n<meta property=\"article:modified_time\" content=\"2026-03-20T10:28:43+00:00\" \/>\n<meta property=\"og:image\" content=\"https:\/\/www.qualitel.org\/particuliers\/wp\/..\/uploads\/AdobeStock_1027469960.jpg\" \/>\n\t<meta property=\"og:image:width\" content=\"1200\" \/>\n\t<meta property=\"og:image:height\" content=\"801\" \/>\n\t<meta property=\"og:image:type\" content=\"image\/jpeg\" \/>\n<meta name=\"author\" content=\"Julie CARNEZ\" \/>\n<meta name=\"twitter:card\" content=\"summary_large_image\" \/>\n<meta name=\"twitter:description\" content=\"Face \u00e0 des \u00e9t\u00e9s de plus en plus chauds, prot\u00e9ger son logement du soleil contribue \u00e0 pr\u00e9server son confort en limitant la surchauffe. Quelles protections solaires sont les plus efficaces&nbsp;? Quelles sont les autres solutions pour lutter contre la chaleur en maison ou en appartement&nbsp;?\n\" \/>\n<meta name=\"twitter:creator\" content=\"@groupeQUALITEL\" \/>\n<meta name=\"twitter:site\" content=\"@groupeQUALITEL\" \/>\n<meta name=\"twitter:label1\" content=\"Written by\" \/>\n\t<meta name=\"twitter:data1\" content=\"Julie CARNEZ\" \/>\n\t<meta name=\"twitter:label2\" content=\"Est. reading time\" \/>\n\t<meta name=\"twitter:data2\" content=\"23 minutes\" \/>\n<script type=\"application\/ld+json\" class=\"yoast-schema-graph\">{\"@context\":\"https:\/\/schema.org\",\"@graph\":[{\"@type\":\"Article\",\"@id\":\"https:\/\/www.qualitel.org\/particuliers\/conseils\/comment-proteger-son-logement-du-soleil\/#article\",\"isPartOf\":{\"@id\":\"https:\/\/www.qualitel.org\/particuliers\/conseils\/comment-proteger-son-logement-du-soleil\/\"},\"author\":{\"name\":\"Julie CARNEZ\",\"@id\":\"https:\/\/www.qualitel.org\/particuliers\/#\/schema\/person\/8ecdccaad3bba102bae727749c8a10fa\"},\"headline\":\"Prot\u00e9ger son logement du soleil&nbsp;: d\u00e9fis, solutions et atouts\",\"datePublished\":\"2026-03-13T10:47:35+00:00\",\"dateModified\":\"2026-03-20T10:28:43+00:00\",\"mainEntityOfPage\":{\"@id\":\"https:\/\/www.qualitel.org\/particuliers\/conseils\/comment-proteger-son-logement-du-soleil\/\"},\"wordCount\":2277,\"publisher\":{\"@id\":\"https:\/\/www.qualitel.org\/particuliers\/#organization\"},\"image\":{\"@id\":\"https:\/\/www.qualitel.org\/particuliers\/conseils\/comment-proteger-son-logement-du-soleil\/#primaryimage\"},\"thumbnailUrl\":\"https:\/\/www.qualitel.org\/particuliers\/wp\/..\/uploads\/AdobeStock_1027469960.jpg\",\"articleSection\":[\"Confort\",\"\u00c9co-responsabilit\u00e9\"],\"inLanguage\":\"fr-FR\"},{\"@type\":\"WebPage\",\"@id\":\"https:\/\/www.qualitel.org\/particuliers\/conseils\/comment-proteger-son-logement-du-soleil\/\",\"url\":\"https:\/\/www.qualitel.org\/particuliers\/conseils\/comment-proteger-son-logement-du-soleil\/\",\"name\":\"Prot\u00e9ger son logement du soleil : guide pratique pour un \u00e9t\u00e9 au frais - Qualitel | Particuliers\",\"isPartOf\":{\"@id\":\"https:\/\/www.qualitel.org\/particuliers\/#website\"},\"primaryImageOfPage\":{\"@id\":\"https:\/\/www.qualitel.org\/particuliers\/conseils\/comment-proteger-son-logement-du-soleil\/#primaryimage\"},\"image\":{\"@id\":\"https:\/\/www.qualitel.org\/particuliers\/conseils\/comment-proteger-son-logement-du-soleil\/#primaryimage\"},\"thumbnailUrl\":\"https:\/\/www.qualitel.org\/particuliers\/wp\/..\/uploads\/AdobeStock_1027469960.jpg\",\"datePublished\":\"2026-03-13T10:47:35+00:00\",\"dateModified\":\"2026-03-20T10:28:43+00:00\",\"description\":\"Prot\u00e9ger son logement du soleil implique de combiner plusieurs solutions durables et compl\u00e9mentaires pour recourir le moins possible \u00e0 la climatisation.\",\"breadcrumb\":{\"@id\":\"https:\/\/www.qualitel.org\/particuliers\/conseils\/comment-proteger-son-logement-du-soleil\/#breadcrumb\"},\"inLanguage\":\"fr-FR\",\"potentialAction\":[{\"@type\":\"ReadAction\",\"target\":[\"https:\/\/www.qualitel.org\/particuliers\/conseils\/comment-proteger-son-logement-du-soleil\/\"]}]},{\"@type\":\"ImageObject\",\"inLanguage\":\"fr-FR\",\"@id\":\"https:\/\/www.qualitel.org\/particuliers\/conseils\/comment-proteger-son-logement-du-soleil\/#primaryimage\",\"url\":\"https:\/\/www.qualitel.org\/particuliers\/wp\/..\/uploads\/AdobeStock_1027469960.jpg\",\"contentUrl\":\"https:\/\/www.qualitel.org\/particuliers\/wp\/..\/uploads\/AdobeStock_1027469960.jpg\",\"width\":1200,\"height\":801},{\"@type\":\"BreadcrumbList\",\"@id\":\"https:\/\/www.qualitel.org\/particuliers\/conseils\/comment-proteger-son-logement-du-soleil\/#breadcrumb\",\"itemListElement\":[{\"@type\":\"ListItem\",\"position\":1,\"name\":\"Accueil\",\"item\":\"https:\/\/www.qualitel.org\/particuliers\/\"},{\"@type\":\"ListItem\",\"position\":2,\"name\":\"Prot\u00e9ger son logement du soleil\u2009: d\u00e9fis, solutions et atouts\"}]},{\"@type\":\"WebSite\",\"@id\":\"https:\/\/www.qualitel.org\/particuliers\/#website\",\"url\":\"https:\/\/www.qualitel.org\/particuliers\/\",\"name\":\"Qualitel | Particuliers\",\"description\":\"\",\"publisher\":{\"@id\":\"https:\/\/www.qualitel.org\/particuliers\/#organization\"},\"potentialAction\":[{\"@type\":\"SearchAction\",\"target\":{\"@type\":\"EntryPoint\",\"urlTemplate\":\"https:\/\/www.qualitel.org\/particuliers\/?s={search_term_string}\"},\"query-input\":{\"@type\":\"PropertyValueSpecification\",\"valueRequired\":true,\"valueName\":\"search_term_string\"}}],\"inLanguage\":\"fr-FR\"},{\"@type\":\"Organization\",\"@id\":\"https:\/\/www.qualitel.org\/particuliers\/#organization\",\"name\":\"Qualitel | Particuliers\",\"url\":\"https:\/\/www.qualitel.org\/particuliers\/\",\"logo\":{\"@type\":\"ImageObject\",\"inLanguage\":\"fr-FR\",\"@id\":\"https:\/\/www.qualitel.org\/particuliers\/#\/schema\/logo\/image\/\",\"url\":\"https:\/\/www.qualitel.org\/particuliers\/wp\/..\/uploads\/qualitel-squarelogo-1456752654225.png\",\"contentUrl\":\"https:\/\/www.qualitel.org\/particuliers\/wp\/..\/uploads\/qualitel-squarelogo-1456752654225.png\",\"width\":180,\"height\":180,\"caption\":\"Qualitel | Particuliers\"},\"image\":{\"@id\":\"https:\/\/www.qualitel.org\/particuliers\/#\/schema\/logo\/image\/\"},\"sameAs\":[\"https:\/\/www.facebook.com\/groupequalitel\/\",\"https:\/\/x.com\/groupeQUALITEL\",\"https:\/\/www.instagram.com\/associationqualitel\/\",\"https:\/\/www.pinterest.fr\/associationqualitel\/\"]},{\"@type\":\"Person\",\"@id\":\"https:\/\/www.qualitel.org\/particuliers\/#\/schema\/person\/8ecdccaad3bba102bae727749c8a10fa\",\"name\":\"Julie CARNEZ\",\"image\":{\"@type\":\"ImageObject\",\"inLanguage\":\"fr-FR\",\"@id\":\"https:\/\/www.qualitel.org\/particuliers\/#\/schema\/person\/image\/\",\"url\":\"https:\/\/secure.gravatar.com\/avatar\/41fcfdc51e7305fd5b17ead841bd2e1f6a982b0f5ccaf899636b8ccab25ca5b1?s=96&d=mm&r=g\",\"contentUrl\":\"https:\/\/secure.gravatar.com\/avatar\/41fcfdc51e7305fd5b17ead841bd2e1f6a982b0f5ccaf899636b8ccab25ca5b1?s=96&d=mm&r=g\",\"caption\":\"Julie CARNEZ\"}}]}<\/script>\n<!-- \/ Yoast SEO plugin. -->","yoast_head_json":{"title":"Prot\u00e9ger son logement du soleil : guide pratique pour un \u00e9t\u00e9 au frais - Qualitel | Particuliers","description":"Prot\u00e9ger son logement du soleil implique de combiner plusieurs solutions durables et compl\u00e9mentaires pour recourir le moins possible \u00e0 la climatisation.","robots":{"index":"index","follow":"follow","max-snippet":"max-snippet:-1","max-image-preview":"max-image-preview:large","max-video-preview":"max-video-preview:-1"},"canonical":"https:\/\/www.qualitel.org\/particuliers\/conseils\/comment-proteger-son-logement-du-soleil\/","og_locale":"fr_FR","og_type":"article","og_title":"Prot\u00e9ger son logement du soleil : guide pratique pour un \u00e9t\u00e9 au frais - Qualitel | Particuliers","og_description":"Face \u00e0 des \u00e9t\u00e9s de plus en plus chauds, prot\u00e9ger son logement du soleil contribue \u00e0 pr\u00e9server son confort en limitant la surchauffe. Quelles protections solaires sont les plus efficaces&nbsp;? Quelles sont les autres solutions pour lutter contre la chaleur en maison ou en appartement&nbsp;?","og_url":"https:\/\/www.qualitel.org\/particuliers\/conseils\/comment-proteger-son-logement-du-soleil\/","og_site_name":"Qualitel | Particuliers","article_publisher":"https:\/\/www.facebook.com\/groupequalitel\/","article_published_time":"2026-03-13T10:47:35+00:00","article_modified_time":"2026-03-20T10:28:43+00:00","og_image":[{"width":1200,"height":801,"url":"https:\/\/www.qualitel.org\/particuliers\/wp\/..\/uploads\/AdobeStock_1027469960.jpg","type":"image\/jpeg"}],"author":"Julie CARNEZ","twitter_card":"summary_large_image","twitter_description":"Face \u00e0 des \u00e9t\u00e9s de plus en plus chauds, prot\u00e9ger son logement du soleil contribue \u00e0 pr\u00e9server son confort en limitant la surchauffe. Quelles protections solaires sont les plus efficaces&nbsp;? Quelles sont les autres solutions pour lutter contre la chaleur en maison ou en appartement&nbsp;?\n","twitter_creator":"@groupeQUALITEL","twitter_site":"@groupeQUALITEL","twitter_misc":{"Written by":"Julie CARNEZ","Est. reading time":"23 minutes"},"schema":{"@context":"https:\/\/schema.org","@graph":[{"@type":"Article","@id":"https:\/\/www.qualitel.org\/particuliers\/conseils\/comment-proteger-son-logement-du-soleil\/#article","isPartOf":{"@id":"https:\/\/www.qualitel.org\/particuliers\/conseils\/comment-proteger-son-logement-du-soleil\/"},"author":{"name":"Julie CARNEZ","@id":"https:\/\/www.qualitel.org\/particuliers\/#\/schema\/person\/8ecdccaad3bba102bae727749c8a10fa"},"headline":"Prot\u00e9ger son logement du soleil&nbsp;: d\u00e9fis, solutions et atouts","datePublished":"2026-03-13T10:47:35+00:00","dateModified":"2026-03-20T10:28:43+00:00","mainEntityOfPage":{"@id":"https:\/\/www.qualitel.org\/particuliers\/conseils\/comment-proteger-son-logement-du-soleil\/"},"wordCount":2277,"publisher":{"@id":"https:\/\/www.qualitel.org\/particuliers\/#organization"},"image":{"@id":"https:\/\/www.qualitel.org\/particuliers\/conseils\/comment-proteger-son-logement-du-soleil\/#primaryimage"},"thumbnailUrl":"https:\/\/www.qualitel.org\/particuliers\/wp\/..\/uploads\/AdobeStock_1027469960.jpg","articleSection":["Confort","\u00c9co-responsabilit\u00e9"],"inLanguage":"fr-FR"},{"@type":"WebPage","@id":"https:\/\/www.qualitel.org\/particuliers\/conseils\/comment-proteger-son-logement-du-soleil\/","url":"https:\/\/www.qualitel.org\/particuliers\/conseils\/comment-proteger-son-logement-du-soleil\/","name":"Prot\u00e9ger son logement du soleil : guide pratique pour un \u00e9t\u00e9 au frais - Qualitel | Particuliers","isPartOf":{"@id":"https:\/\/www.qualitel.org\/particuliers\/#website"},"primaryImageOfPage":{"@id":"https:\/\/www.qualitel.org\/particuliers\/conseils\/comment-proteger-son-logement-du-soleil\/#primaryimage"},"image":{"@id":"https:\/\/www.qualitel.org\/particuliers\/conseils\/comment-proteger-son-logement-du-soleil\/#primaryimage"},"thumbnailUrl":"https:\/\/www.qualitel.org\/particuliers\/wp\/..\/uploads\/AdobeStock_1027469960.jpg","datePublished":"2026-03-13T10:47:35+00:00","dateModified":"2026-03-20T10:28:43+00:00","description":"Prot\u00e9ger son logement du soleil implique de combiner plusieurs solutions durables et compl\u00e9mentaires pour recourir le moins possible \u00e0 la climatisation.","breadcrumb":{"@id":"https:\/\/www.qualitel.org\/particuliers\/conseils\/comment-proteger-son-logement-du-soleil\/#breadcrumb"},"inLanguage":"fr-FR","potentialAction":[{"@type":"ReadAction","target":["https:\/\/www.qualitel.org\/particuliers\/conseils\/comment-proteger-son-logement-du-soleil\/"]}]},{"@type":"ImageObject","inLanguage":"fr-FR","@id":"https:\/\/www.qualitel.org\/particuliers\/conseils\/comment-proteger-son-logement-du-soleil\/#primaryimage","url":"https:\/\/www.qualitel.org\/particuliers\/wp\/..\/uploads\/AdobeStock_1027469960.jpg","contentUrl":"https:\/\/www.qualitel.org\/particuliers\/wp\/..\/uploads\/AdobeStock_1027469960.jpg","width":1200,"height":801},{"@type":"BreadcrumbList","@id":"https:\/\/www.qualitel.org\/particuliers\/conseils\/comment-proteger-son-logement-du-soleil\/#breadcrumb","itemListElement":[{"@type":"ListItem","position":1,"name":"Accueil","item":"https:\/\/www.qualitel.org\/particuliers\/"},{"@type":"ListItem","position":2,"name":"Prot\u00e9ger son logement du soleil\u2009: d\u00e9fis, solutions et atouts"}]},{"@type":"WebSite","@id":"https:\/\/www.qualitel.org\/particuliers\/#website","url":"https:\/\/www.qualitel.org\/particuliers\/","name":"Qualitel | Particuliers","description":"","publisher":{"@id":"https:\/\/www.qualitel.org\/particuliers\/#organization"},"potentialAction":[{"@type":"SearchAction","target":{"@type":"EntryPoint","urlTemplate":"https:\/\/www.qualitel.org\/particuliers\/?s={search_term_string}"},"query-input":{"@type":"PropertyValueSpecification","valueRequired":true,"valueName":"search_term_string"}}],"inLanguage":"fr-FR"},{"@type":"Organization","@id":"https:\/\/www.qualitel.org\/particuliers\/#organization","name":"Qualitel | Particuliers","url":"https:\/\/www.qualitel.org\/particuliers\/","logo":{"@type":"ImageObject","inLanguage":"fr-FR","@id":"https:\/\/www.qualitel.org\/particuliers\/#\/schema\/logo\/image\/","url":"https:\/\/www.qualitel.org\/particuliers\/wp\/..\/uploads\/qualitel-squarelogo-1456752654225.png","contentUrl":"https:\/\/www.qualitel.org\/particuliers\/wp\/..\/uploads\/qualitel-squarelogo-1456752654225.png","width":180,"height":180,"caption":"Qualitel | Particuliers"},"image":{"@id":"https:\/\/www.qualitel.org\/particuliers\/#\/schema\/logo\/image\/"},"sameAs":["https:\/\/www.facebook.com\/groupequalitel\/","https:\/\/x.com\/groupeQUALITEL","https:\/\/www.instagram.com\/associationqualitel\/","https:\/\/www.pinterest.fr\/associationqualitel\/"]},{"@type":"Person","@id":"https:\/\/www.qualitel.org\/particuliers\/#\/schema\/person\/8ecdccaad3bba102bae727749c8a10fa","name":"Julie CARNEZ","image":{"@type":"ImageObject","inLanguage":"fr-FR","@id":"https:\/\/www.qualitel.org\/particuliers\/#\/schema\/person\/image\/","url":"https:\/\/secure.gravatar.com\/avatar\/41fcfdc51e7305fd5b17ead841bd2e1f6a982b0f5ccaf899636b8ccab25ca5b1?s=96&d=mm&r=g","contentUrl":"https:\/\/secure.gravatar.com\/avatar\/41fcfdc51e7305fd5b17ead841bd2e1f6a982b0f5ccaf899636b8ccab25ca5b1?s=96&d=mm&r=g","caption":"Julie CARNEZ"}}]}},"_links":{"self":[{"href":"https:\/\/www.qualitel.org\/particuliers\/wp-json\/wp\/v2\/posts\/52833","targetHints":{"allow":["GET"]}}],"collection":[{"href":"https:\/\/www.qualitel.org\/particuliers\/wp-json\/wp\/v2\/posts"}],"about":[{"href":"https:\/\/www.qualitel.org\/particuliers\/wp-json\/wp\/v2\/types\/post"}],"author":[{"embeddable":true,"href":"https:\/\/www.qualitel.org\/particuliers\/wp-json\/wp\/v2\/users\/24"}],"replies":[{"embeddable":true,"href":"https:\/\/www.qualitel.org\/particuliers\/wp-json\/wp\/v2\/comments?post=52833"}],"version-history":[{"count":28,"href":"https:\/\/www.qualitel.org\/particuliers\/wp-json\/wp\/v2\/posts\/52833\/revisions"}],"predecessor-version":[{"id":53057,"href":"https:\/\/www.qualitel.org\/particuliers\/wp-json\/wp\/v2\/posts\/52833\/revisions\/53057"}],"wp:featuredmedia":[{"embeddable":true,"href":"https:\/\/www.qualitel.org\/particuliers\/wp-json\/wp\/v2\/media\/52841"}],"wp:attachment":[{"href":"https:\/\/www.qualitel.org\/particuliers\/wp-json\/wp\/v2\/media?parent=52833"}],"wp:term":[{"taxonomy":"category","embeddable":true,"href":"https:\/\/www.qualitel.org\/particuliers\/wp-json\/wp\/v2\/categories?post=52833"},{"taxonomy":"tags","embeddable":true,"href":"https:\/\/www.qualitel.org\/particuliers\/wp-json\/wp\/v2\/tags?post=52833"},{"taxonomy":"article_type","embeddable":true,"href":"https:\/\/www.qualitel.org\/particuliers\/wp-json\/wp\/v2\/article_type?post=52833"},{"taxonomy":"benefice","embeddable":true,"href":"https:\/\/www.qualitel.org\/particuliers\/wp-json\/wp\/v2\/benefice?post=52833"}],"curies":[{"name":"wp","href":"https:\/\/api.w.org\/{rel}","templated":true}]}}