{"id":52852,"date":"2026-03-13T09:10:47","date_gmt":"2026-03-13T08:10:47","guid":{"rendered":"https:\/\/www.qualitel.org\/particuliers\/?p=52852"},"modified":"2026-03-13T09:10:47","modified_gmt":"2026-03-13T08:10:47","slug":"vmc-encrassee-pourquoi-la-nettoyer-quand-les-temperatures-baissent","status":"publish","type":"post","link":"https:\/\/www.qualitel.org\/particuliers\/conseils\/vmc-encrassee-pourquoi-la-nettoyer-quand-les-temperatures-baissent\/","title":{"rendered":"VMC encrass\u00e9e&nbsp;: pourquoi la nettoyer quand les temp\u00e9ratures baissent&nbsp;?"},"content":{"rendered":"<p><strong>En p\u00e9riode de chauffage, les logements sont souvent moins a\u00e9r\u00e9s. La ventilation devient alors essentielle pour renouveler l\u2019air int\u00e9rieur.<\/strong><\/p>\n<p>La ventilation m\u00e9canique contr\u00f4l\u00e9e (<a href=\"https:\/\/www.qualitel.org\/particuliers\/equipements-et-materiaux-maison\/ventilation\/vmc-simple-flux\/\">VMC simple flux<\/a> ou double flux) permet d\u2019\u00e9vacuer l\u2019air charg\u00e9 d\u2019humidit\u00e9 et de polluants produits par les activit\u00e9s quotidiennes&nbsp;: cuisine, douche, respiration des occupants ou s\u00e9chage du linge.<\/p>\n<p>Elle extrait l\u2019air vici\u00e9 des pi\u00e8ces humides \u2013 cuisine, salle de bains, toilettes \u2013 et permet l\u2019entr\u00e9e d\u2019air neuf dans les pi\u00e8ces de vie.<\/p>\n<p>Ce renouvellement de l\u2019air contribue directement <strong>au confort du logement et \u00e0 la <\/strong><a href=\"https:\/\/www.qualitel.org\/magazine\/la-qualite-de-lair-interieur-des-logements\/\"><strong>qualit\u00e9 de l\u2019air int\u00e9rieur<\/strong><\/a>.<\/p>\n<p>Avec le retour de temp\u00e9ratures plus froides annonc\u00e9 dans plusieurs r\u00e9gions dans les prochains jours, les syst\u00e8mes de chauffage seront davantage sollicit\u00e9s dans les logements, ce qui renforce l\u2019importance d\u2019une ventilation efficace.<\/p>\n<p>Avec le temps, les bouches d\u2019extraction et les entr\u00e9es d\u2019air peuvent accumuler poussi\u00e8res et d\u00e9p\u00f4ts.<\/p>\n<p>Lorsque ces \u00e9l\u00e9ments sont encrass\u00e9s, la circulation de l\u2019air devient moins efficace. L\u2019humidit\u00e9 produite dans le logement s\u2019\u00e9vacue alors plus difficilement.<\/p>\n<p>Plusieurs signes peuvent appara\u00eetre&nbsp;:<\/p>\n<ul>\n<li><a href=\"https:\/\/www.qualitel.org\/particuliers\/conseils\/comment-eviter-la-condensation-sur-les-fenetres\/\">condensation sur les vitrages<\/a>&nbsp;;<\/li>\n<li>odeurs persistantes dans certaines pi\u00e8ces&nbsp;;<\/li>\n<li>apparition de traces d\u2019humidit\u00e9 ou de moisissures.<\/li>\n<\/ul>\n<p>Ces ph\u00e9nom\u00e8nes peuvent \u00eatre accentu\u00e9s lorsque le chauffage fonctionne, car l\u2019air circule moins naturellement dans le logement.<\/p>\n<p>Lorsque la ventilation fonctionne correctement, elle permet d\u2019\u00e9vacuer l\u2019<a href=\"https:\/\/www.qualitel.org\/particuliers\/conseils\/humidite-quels-sont-les-risques-pour-votre-logement\/\">humidit\u00e9<\/a> produite dans le logement et de maintenir un air int\u00e9rieur plus sain.<\/p>\n<p>\u00c0 l\u2019inverse, une VMC encrass\u00e9e peut limiter le renouvellement de l\u2019air et favoriser l\u2019accumulation d\u2019humidit\u00e9.<\/p>\n<p>Nettoyer les \u00e9l\u00e9ments visibles de la VMC permet donc de <strong>maintenir une ventilation efficace pendant toute la p\u00e9riode o\u00f9 le chauffage est utilis\u00e9<\/strong>.<\/p>\n<p>L\u2019<a href=\"https:\/\/www.qualitel.org\/particuliers\/conseils\/entretien-vmc\/\">entretien d\u2019une VMC<\/a> repose sur quelques gestes simples qui peuvent \u00eatre r\u00e9alis\u00e9s r\u00e9guli\u00e8rement.<\/p>\n<p>Les bouches d\u2019extraction situ\u00e9es dans la cuisine, la salle de bains et les toilettes peuvent \u00eatre d\u00e9mont\u00e9es puis nettoy\u00e9es avec de l\u2019eau savonneuse afin d\u2019\u00e9liminer la poussi\u00e8re.<\/p>\n<p>Les entr\u00e9es d\u2019air situ\u00e9es sur les fen\u00eatres doivent \u00e9galement \u00eatre d\u00e9poussi\u00e9r\u00e9es et rester d\u00e9gag\u00e9es pour permettre la circulation de l\u2019air.<\/p>\n<p>Il est aussi recommand\u00e9 de v\u00e9rifier que les bouches d\u2019a\u00e9ration ne sont pas obstru\u00e9es par des meubles ou des objets.<\/p>\n<p><strong>Selon les experts QUALITEL, un nettoyage r\u00e9gulier de ces \u00e9l\u00e9ments permet d\u2019\u00e9viter l\u2019accumulation de poussi\u00e8res qui peut g\u00eaner le fonctionnement de la ventilation.<\/strong><\/p>\n<p>Une VMC correctement entretenue contribue \u00e0 maintenir un air int\u00e9rieur plus sain et \u00e0 limiter l\u2019humidit\u00e9 dans le logement.<\/p>\n<p>Elle participe \u00e9galement au confort thermique&nbsp;: un air trop humide peut accentuer les sensations de froid et favoriser certains d\u00e9sordres dans le logement.<\/p>\n<p>La ventilation fait ainsi partie des \u00e9quipements essentiels pour pr\u00e9server <strong>la qualit\u00e9 de l\u2019air int\u00e9rieur, la salubrit\u00e9 du logement et le confort des occupants<\/strong>.<\/p>\n","protected":false},"excerpt":{"rendered":"<p>En p\u00e9riode de chauffage, les logements sont souvent moins a\u00e9r\u00e9s. La ventilation devient alors essentielle pour renouveler l\u2019air int\u00e9rieur. La ventilation m\u00e9canique contr\u00f4l\u00e9e (VMC simple flux ou double flux) permet d\u2019\u00e9vacuer l\u2019air charg\u00e9 d\u2019humidit\u00e9 et de polluants produits par les activit\u00e9s quotidiennes&nbsp;: cuisine, douche, respiration des occupants ou s\u00e9chage du linge. Elle extrait l\u2019air vici\u00e9 \u2026 <\/p>\n","protected":false},"author":24,"featured_media":52855,"comment_status":"closed","ping_status":"closed","sticky":false,"template":"","format":"standard","meta":{"_acf_changed":false,"wp_typography_post_enhancements_disabled":false,"footnotes":""},"categories":[203,213],"tags":[421,487,434,442],"article_type":[539],"benefice":[348,350],"class_list":["post-52852","post","type-post","status-publish","format-standard","has-post-thumbnail","hentry","category-confort","category-sante","tags-cuisine","tags-entretien","tags-salle-de-bain","tags-ventilation","article_type-tendance","benefice-confort","benefice-sante"],"acf":[],"yoast_head":"<!-- This site is optimized with the Yoast SEO plugin v26.2 - https:\/\/yoast.com\/wordpress\/plugins\/seo\/ -->\n<title>VMC encrass\u00e9e : pourquoi la nettoyer quand les temp\u00e9ratures baissent ? - Qualitel | Particuliers<\/title>\n<meta name=\"description\" content=\"Avec la baisse des temp\u00e9ratures observ\u00e9e dans de nombreuses r\u00e9gions et le chauffage qui fonctionne davantage, les logements sont souvent moins a\u00e9r\u00e9s. Si la VMC est encrass\u00e9e, le renouvellement de l\u2019air peut devenir moins efficace et favoriser humidit\u00e9 ou condensation.\" \/>\n<meta name=\"robots\" content=\"index, follow, max-snippet:-1, max-image-preview:large, max-video-preview:-1\" \/>\n<link rel=\"canonical\" href=\"https:\/\/www.qualitel.org\/particuliers\/conseils\/vmc-encrassee-pourquoi-la-nettoyer-quand-les-temperatures-baissent\/\" \/>\n<meta property=\"og:locale\" content=\"fr_FR\" \/>\n<meta property=\"og:type\" content=\"article\" \/>\n<meta property=\"og:title\" content=\"VMC encrass\u00e9e : pourquoi la nettoyer quand les temp\u00e9ratures baissent ? - Qualitel | Particuliers\" \/>\n<meta property=\"og:description\" content=\"Avec la baisse des temp\u00e9ratures observ\u00e9e dans de nombreuses r\u00e9gions et le chauffage qui fonctionne davantage, les logements sont souvent moins a\u00e9r\u00e9s. Si la VMC est encrass\u00e9e, le renouvellement de l\u2019air peut devenir moins efficace et favoriser humidit\u00e9 ou condensation.\" \/>\n<meta property=\"og:url\" content=\"https:\/\/www.qualitel.org\/particuliers\/conseils\/vmc-encrassee-pourquoi-la-nettoyer-quand-les-temperatures-baissent\/\" \/>\n<meta property=\"og:site_name\" content=\"Qualitel | Particuliers\" \/>\n<meta property=\"article:publisher\" content=\"https:\/\/www.facebook.com\/groupequalitel\/\" \/>\n<meta property=\"article:published_time\" content=\"2026-03-13T08:10:47+00:00\" \/>\n<meta property=\"og:image\" content=\"https:\/\/www.qualitel.org\/particuliers\/wp\/..\/uploads\/iStock-1290231806-vmc.jpg\" \/>\n\t<meta property=\"og:image:width\" content=\"1200\" \/>\n\t<meta property=\"og:image:height\" content=\"800\" \/>\n\t<meta property=\"og:image:type\" content=\"image\/jpeg\" \/>\n<meta name=\"author\" content=\"Julie CARNEZ\" \/>\n<meta name=\"twitter:card\" content=\"summary_large_image\" \/>\n<meta name=\"twitter:description\" content=\"Avec la baisse des temp\u00e9ratures observ\u00e9e dans de nombreuses r\u00e9gions et le chauffage qui fonctionne davantage, les logements sont souvent moins a\u00e9r\u00e9s. Si la VMC est encrass\u00e9e, le renouvellement de l\u2019air peut devenir moins efficace et favoriser humidit\u00e9 ou condensation.\n\" \/>\n<meta name=\"twitter:creator\" content=\"@groupeQUALITEL\" \/>\n<meta name=\"twitter:site\" content=\"@groupeQUALITEL\" \/>\n<meta name=\"twitter:label1\" content=\"Written by\" \/>\n\t<meta name=\"twitter:data1\" content=\"Julie CARNEZ\" \/>\n\t<meta name=\"twitter:label2\" content=\"Est. reading time\" \/>\n\t<meta name=\"twitter:data2\" content=\"6 minutes\" \/>\n<script type=\"application\/ld+json\" class=\"yoast-schema-graph\">{\"@context\":\"https:\/\/schema.org\",\"@graph\":[{\"@type\":\"Article\",\"@id\":\"https:\/\/www.qualitel.org\/particuliers\/conseils\/vmc-encrassee-pourquoi-la-nettoyer-quand-les-temperatures-baissent\/#article\",\"isPartOf\":{\"@id\":\"https:\/\/www.qualitel.org\/particuliers\/conseils\/vmc-encrassee-pourquoi-la-nettoyer-quand-les-temperatures-baissent\/\"},\"author\":{\"name\":\"Julie CARNEZ\",\"@id\":\"https:\/\/www.qualitel.org\/particuliers\/#\/schema\/person\/8ecdccaad3bba102bae727749c8a10fa\"},\"headline\":\"VMC encrass\u00e9e&nbsp;: pourquoi la nettoyer quand les temp\u00e9ratures baissent&nbsp;?\",\"datePublished\":\"2026-03-13T08:10:47+00:00\",\"mainEntityOfPage\":{\"@id\":\"https:\/\/www.qualitel.org\/particuliers\/conseils\/vmc-encrassee-pourquoi-la-nettoyer-quand-les-temperatures-baissent\/\"},\"wordCount\":526,\"publisher\":{\"@id\":\"https:\/\/www.qualitel.org\/particuliers\/#organization\"},\"image\":{\"@id\":\"https:\/\/www.qualitel.org\/particuliers\/conseils\/vmc-encrassee-pourquoi-la-nettoyer-quand-les-temperatures-baissent\/#primaryimage\"},\"thumbnailUrl\":\"https:\/\/www.qualitel.org\/particuliers\/wp\/..\/uploads\/iStock-1290231806-vmc.jpg\",\"articleSection\":[\"Confort\",\"Sant\u00e9\"],\"inLanguage\":\"fr-FR\"},{\"@type\":\"WebPage\",\"@id\":\"https:\/\/www.qualitel.org\/particuliers\/conseils\/vmc-encrassee-pourquoi-la-nettoyer-quand-les-temperatures-baissent\/\",\"url\":\"https:\/\/www.qualitel.org\/particuliers\/conseils\/vmc-encrassee-pourquoi-la-nettoyer-quand-les-temperatures-baissent\/\",\"name\":\"VMC encrass\u00e9e : pourquoi la nettoyer quand les temp\u00e9ratures baissent ? - Qualitel | Particuliers\",\"isPartOf\":{\"@id\":\"https:\/\/www.qualitel.org\/particuliers\/#website\"},\"primaryImageOfPage\":{\"@id\":\"https:\/\/www.qualitel.org\/particuliers\/conseils\/vmc-encrassee-pourquoi-la-nettoyer-quand-les-temperatures-baissent\/#primaryimage\"},\"image\":{\"@id\":\"https:\/\/www.qualitel.org\/particuliers\/conseils\/vmc-encrassee-pourquoi-la-nettoyer-quand-les-temperatures-baissent\/#primaryimage\"},\"thumbnailUrl\":\"https:\/\/www.qualitel.org\/particuliers\/wp\/..\/uploads\/iStock-1290231806-vmc.jpg\",\"datePublished\":\"2026-03-13T08:10:47+00:00\",\"description\":\"Avec la baisse des temp\u00e9ratures observ\u00e9e dans de nombreuses r\u00e9gions et le chauffage qui fonctionne davantage, les logements sont souvent moins a\u00e9r\u00e9s. Si la VMC est encrass\u00e9e, le renouvellement de l\u2019air peut devenir moins efficace et favoriser humidit\u00e9 ou condensation.\",\"breadcrumb\":{\"@id\":\"https:\/\/www.qualitel.org\/particuliers\/conseils\/vmc-encrassee-pourquoi-la-nettoyer-quand-les-temperatures-baissent\/#breadcrumb\"},\"inLanguage\":\"fr-FR\",\"potentialAction\":[{\"@type\":\"ReadAction\",\"target\":[\"https:\/\/www.qualitel.org\/particuliers\/conseils\/vmc-encrassee-pourquoi-la-nettoyer-quand-les-temperatures-baissent\/\"]}]},{\"@type\":\"ImageObject\",\"inLanguage\":\"fr-FR\",\"@id\":\"https:\/\/www.qualitel.org\/particuliers\/conseils\/vmc-encrassee-pourquoi-la-nettoyer-quand-les-temperatures-baissent\/#primaryimage\",\"url\":\"https:\/\/www.qualitel.org\/particuliers\/wp\/..\/uploads\/iStock-1290231806-vmc.jpg\",\"contentUrl\":\"https:\/\/www.qualitel.org\/particuliers\/wp\/..\/uploads\/iStock-1290231806-vmc.jpg\",\"width\":1200,\"height\":800},{\"@type\":\"BreadcrumbList\",\"@id\":\"https:\/\/www.qualitel.org\/particuliers\/conseils\/vmc-encrassee-pourquoi-la-nettoyer-quand-les-temperatures-baissent\/#breadcrumb\",\"itemListElement\":[{\"@type\":\"ListItem\",\"position\":1,\"name\":\"Accueil\",\"item\":\"https:\/\/www.qualitel.org\/particuliers\/\"},{\"@type\":\"ListItem\",\"position\":2,\"name\":\"VMC encrass\u00e9e&nbsp;: pourquoi la nettoyer quand les temp\u00e9ratures baissent&nbsp;?\"}]},{\"@type\":\"WebSite\",\"@id\":\"https:\/\/www.qualitel.org\/particuliers\/#website\",\"url\":\"https:\/\/www.qualitel.org\/particuliers\/\",\"name\":\"Qualitel | Particuliers\",\"description\":\"\",\"publisher\":{\"@id\":\"https:\/\/www.qualitel.org\/particuliers\/#organization\"},\"potentialAction\":[{\"@type\":\"SearchAction\",\"target\":{\"@type\":\"EntryPoint\",\"urlTemplate\":\"https:\/\/www.qualitel.org\/particuliers\/?s={search_term_string}\"},\"query-input\":{\"@type\":\"PropertyValueSpecification\",\"valueRequired\":true,\"valueName\":\"search_term_string\"}}],\"inLanguage\":\"fr-FR\"},{\"@type\":\"Organization\",\"@id\":\"https:\/\/www.qualitel.org\/particuliers\/#organization\",\"name\":\"Qualitel | Particuliers\",\"url\":\"https:\/\/www.qualitel.org\/particuliers\/\",\"logo\":{\"@type\":\"ImageObject\",\"inLanguage\":\"fr-FR\",\"@id\":\"https:\/\/www.qualitel.org\/particuliers\/#\/schema\/logo\/image\/\",\"url\":\"https:\/\/www.qualitel.org\/particuliers\/wp\/..\/uploads\/qualitel-squarelogo-1456752654225.png\",\"contentUrl\":\"https:\/\/www.qualitel.org\/particuliers\/wp\/..\/uploads\/qualitel-squarelogo-1456752654225.png\",\"width\":180,\"height\":180,\"caption\":\"Qualitel | Particuliers\"},\"image\":{\"@id\":\"https:\/\/www.qualitel.org\/particuliers\/#\/schema\/logo\/image\/\"},\"sameAs\":[\"https:\/\/www.facebook.com\/groupequalitel\/\",\"https:\/\/x.com\/groupeQUALITEL\",\"https:\/\/www.instagram.com\/associationqualitel\/\",\"https:\/\/www.pinterest.fr\/associationqualitel\/\"]},{\"@type\":\"Person\",\"@id\":\"https:\/\/www.qualitel.org\/particuliers\/#\/schema\/person\/8ecdccaad3bba102bae727749c8a10fa\",\"name\":\"Julie CARNEZ\",\"image\":{\"@type\":\"ImageObject\",\"inLanguage\":\"fr-FR\",\"@id\":\"https:\/\/www.qualitel.org\/particuliers\/#\/schema\/person\/image\/\",\"url\":\"https:\/\/secure.gravatar.com\/avatar\/41fcfdc51e7305fd5b17ead841bd2e1f6a982b0f5ccaf899636b8ccab25ca5b1?s=96&d=mm&r=g\",\"contentUrl\":\"https:\/\/secure.gravatar.com\/avatar\/41fcfdc51e7305fd5b17ead841bd2e1f6a982b0f5ccaf899636b8ccab25ca5b1?s=96&d=mm&r=g\",\"caption\":\"Julie CARNEZ\"}}]}<\/script>\n<!-- \/ Yoast SEO plugin. -->","yoast_head_json":{"title":"VMC encrass\u00e9e : pourquoi la nettoyer quand les temp\u00e9ratures baissent ? - Qualitel | Particuliers","description":"Avec la baisse des temp\u00e9ratures observ\u00e9e dans de nombreuses r\u00e9gions et le chauffage qui fonctionne davantage, les logements sont souvent moins a\u00e9r\u00e9s. Si la VMC est encrass\u00e9e, le renouvellement de l\u2019air peut devenir moins efficace et favoriser humidit\u00e9 ou condensation.","robots":{"index":"index","follow":"follow","max-snippet":"max-snippet:-1","max-image-preview":"max-image-preview:large","max-video-preview":"max-video-preview:-1"},"canonical":"https:\/\/www.qualitel.org\/particuliers\/conseils\/vmc-encrassee-pourquoi-la-nettoyer-quand-les-temperatures-baissent\/","og_locale":"fr_FR","og_type":"article","og_title":"VMC encrass\u00e9e : pourquoi la nettoyer quand les temp\u00e9ratures baissent ? - Qualitel | Particuliers","og_description":"Avec la baisse des temp\u00e9ratures observ\u00e9e dans de nombreuses r\u00e9gions et le chauffage qui fonctionne davantage, les logements sont souvent moins a\u00e9r\u00e9s. Si la VMC est encrass\u00e9e, le renouvellement de l\u2019air peut devenir moins efficace et favoriser humidit\u00e9 ou condensation.","og_url":"https:\/\/www.qualitel.org\/particuliers\/conseils\/vmc-encrassee-pourquoi-la-nettoyer-quand-les-temperatures-baissent\/","og_site_name":"Qualitel | Particuliers","article_publisher":"https:\/\/www.facebook.com\/groupequalitel\/","article_published_time":"2026-03-13T08:10:47+00:00","og_image":[{"width":1200,"height":800,"url":"https:\/\/www.qualitel.org\/particuliers\/wp\/..\/uploads\/iStock-1290231806-vmc.jpg","type":"image\/jpeg"}],"author":"Julie CARNEZ","twitter_card":"summary_large_image","twitter_description":"Avec la baisse des temp\u00e9ratures observ\u00e9e dans de nombreuses r\u00e9gions et le chauffage qui fonctionne davantage, les logements sont souvent moins a\u00e9r\u00e9s. Si la VMC est encrass\u00e9e, le renouvellement de l\u2019air peut devenir moins efficace et favoriser humidit\u00e9 ou condensation.\n","twitter_creator":"@groupeQUALITEL","twitter_site":"@groupeQUALITEL","twitter_misc":{"Written by":"Julie CARNEZ","Est. reading time":"6 minutes"},"schema":{"@context":"https:\/\/schema.org","@graph":[{"@type":"Article","@id":"https:\/\/www.qualitel.org\/particuliers\/conseils\/vmc-encrassee-pourquoi-la-nettoyer-quand-les-temperatures-baissent\/#article","isPartOf":{"@id":"https:\/\/www.qualitel.org\/particuliers\/conseils\/vmc-encrassee-pourquoi-la-nettoyer-quand-les-temperatures-baissent\/"},"author":{"name":"Julie CARNEZ","@id":"https:\/\/www.qualitel.org\/particuliers\/#\/schema\/person\/8ecdccaad3bba102bae727749c8a10fa"},"headline":"VMC encrass\u00e9e&nbsp;: pourquoi la nettoyer quand les temp\u00e9ratures baissent&nbsp;?","datePublished":"2026-03-13T08:10:47+00:00","mainEntityOfPage":{"@id":"https:\/\/www.qualitel.org\/particuliers\/conseils\/vmc-encrassee-pourquoi-la-nettoyer-quand-les-temperatures-baissent\/"},"wordCount":526,"publisher":{"@id":"https:\/\/www.qualitel.org\/particuliers\/#organization"},"image":{"@id":"https:\/\/www.qualitel.org\/particuliers\/conseils\/vmc-encrassee-pourquoi-la-nettoyer-quand-les-temperatures-baissent\/#primaryimage"},"thumbnailUrl":"https:\/\/www.qualitel.org\/particuliers\/wp\/..\/uploads\/iStock-1290231806-vmc.jpg","articleSection":["Confort","Sant\u00e9"],"inLanguage":"fr-FR"},{"@type":"WebPage","@id":"https:\/\/www.qualitel.org\/particuliers\/conseils\/vmc-encrassee-pourquoi-la-nettoyer-quand-les-temperatures-baissent\/","url":"https:\/\/www.qualitel.org\/particuliers\/conseils\/vmc-encrassee-pourquoi-la-nettoyer-quand-les-temperatures-baissent\/","name":"VMC encrass\u00e9e : pourquoi la nettoyer quand les temp\u00e9ratures baissent ? - Qualitel | Particuliers","isPartOf":{"@id":"https:\/\/www.qualitel.org\/particuliers\/#website"},"primaryImageOfPage":{"@id":"https:\/\/www.qualitel.org\/particuliers\/conseils\/vmc-encrassee-pourquoi-la-nettoyer-quand-les-temperatures-baissent\/#primaryimage"},"image":{"@id":"https:\/\/www.qualitel.org\/particuliers\/conseils\/vmc-encrassee-pourquoi-la-nettoyer-quand-les-temperatures-baissent\/#primaryimage"},"thumbnailUrl":"https:\/\/www.qualitel.org\/particuliers\/wp\/..\/uploads\/iStock-1290231806-vmc.jpg","datePublished":"2026-03-13T08:10:47+00:00","description":"Avec la baisse des temp\u00e9ratures observ\u00e9e dans de nombreuses r\u00e9gions et le chauffage qui fonctionne davantage, les logements sont souvent moins a\u00e9r\u00e9s. Si la VMC est encrass\u00e9e, le renouvellement de l\u2019air peut devenir moins efficace et favoriser humidit\u00e9 ou condensation.","breadcrumb":{"@id":"https:\/\/www.qualitel.org\/particuliers\/conseils\/vmc-encrassee-pourquoi-la-nettoyer-quand-les-temperatures-baissent\/#breadcrumb"},"inLanguage":"fr-FR","potentialAction":[{"@type":"ReadAction","target":["https:\/\/www.qualitel.org\/particuliers\/conseils\/vmc-encrassee-pourquoi-la-nettoyer-quand-les-temperatures-baissent\/"]}]},{"@type":"ImageObject","inLanguage":"fr-FR","@id":"https:\/\/www.qualitel.org\/particuliers\/conseils\/vmc-encrassee-pourquoi-la-nettoyer-quand-les-temperatures-baissent\/#primaryimage","url":"https:\/\/www.qualitel.org\/particuliers\/wp\/..\/uploads\/iStock-1290231806-vmc.jpg","contentUrl":"https:\/\/www.qualitel.org\/particuliers\/wp\/..\/uploads\/iStock-1290231806-vmc.jpg","width":1200,"height":800},{"@type":"BreadcrumbList","@id":"https:\/\/www.qualitel.org\/particuliers\/conseils\/vmc-encrassee-pourquoi-la-nettoyer-quand-les-temperatures-baissent\/#breadcrumb","itemListElement":[{"@type":"ListItem","position":1,"name":"Accueil","item":"https:\/\/www.qualitel.org\/particuliers\/"},{"@type":"ListItem","position":2,"name":"VMC encrass\u00e9e&nbsp;: pourquoi la nettoyer quand les temp\u00e9ratures baissent&nbsp;?"}]},{"@type":"WebSite","@id":"https:\/\/www.qualitel.org\/particuliers\/#website","url":"https:\/\/www.qualitel.org\/particuliers\/","name":"Qualitel | Particuliers","description":"","publisher":{"@id":"https:\/\/www.qualitel.org\/particuliers\/#organization"},"potentialAction":[{"@type":"SearchAction","target":{"@type":"EntryPoint","urlTemplate":"https:\/\/www.qualitel.org\/particuliers\/?s={search_term_string}"},"query-input":{"@type":"PropertyValueSpecification","valueRequired":true,"valueName":"search_term_string"}}],"inLanguage":"fr-FR"},{"@type":"Organization","@id":"https:\/\/www.qualitel.org\/particuliers\/#organization","name":"Qualitel | Particuliers","url":"https:\/\/www.qualitel.org\/particuliers\/","logo":{"@type":"ImageObject","inLanguage":"fr-FR","@id":"https:\/\/www.qualitel.org\/particuliers\/#\/schema\/logo\/image\/","url":"https:\/\/www.qualitel.org\/particuliers\/wp\/..\/uploads\/qualitel-squarelogo-1456752654225.png","contentUrl":"https:\/\/www.qualitel.org\/particuliers\/wp\/..\/uploads\/qualitel-squarelogo-1456752654225.png","width":180,"height":180,"caption":"Qualitel | Particuliers"},"image":{"@id":"https:\/\/www.qualitel.org\/particuliers\/#\/schema\/logo\/image\/"},"sameAs":["https:\/\/www.facebook.com\/groupequalitel\/","https:\/\/x.com\/groupeQUALITEL","https:\/\/www.instagram.com\/associationqualitel\/","https:\/\/www.pinterest.fr\/associationqualitel\/"]},{"@type":"Person","@id":"https:\/\/www.qualitel.org\/particuliers\/#\/schema\/person\/8ecdccaad3bba102bae727749c8a10fa","name":"Julie CARNEZ","image":{"@type":"ImageObject","inLanguage":"fr-FR","@id":"https:\/\/www.qualitel.org\/particuliers\/#\/schema\/person\/image\/","url":"https:\/\/secure.gravatar.com\/avatar\/41fcfdc51e7305fd5b17ead841bd2e1f6a982b0f5ccaf899636b8ccab25ca5b1?s=96&d=mm&r=g","contentUrl":"https:\/\/secure.gravatar.com\/avatar\/41fcfdc51e7305fd5b17ead841bd2e1f6a982b0f5ccaf899636b8ccab25ca5b1?s=96&d=mm&r=g","caption":"Julie CARNEZ"}}]}},"_links":{"self":[{"href":"https:\/\/www.qualitel.org\/particuliers\/wp-json\/wp\/v2\/posts\/52852","targetHints":{"allow":["GET"]}}],"collection":[{"href":"https:\/\/www.qualitel.org\/particuliers\/wp-json\/wp\/v2\/posts"}],"about":[{"href":"https:\/\/www.qualitel.org\/particuliers\/wp-json\/wp\/v2\/types\/post"}],"author":[{"embeddable":true,"href":"https:\/\/www.qualitel.org\/particuliers\/wp-json\/wp\/v2\/users\/24"}],"replies":[{"embeddable":true,"href":"https:\/\/www.qualitel.org\/particuliers\/wp-json\/wp\/v2\/comments?post=52852"}],"version-history":[{"count":14,"href":"https:\/\/www.qualitel.org\/particuliers\/wp-json\/wp\/v2\/posts\/52852\/revisions"}],"predecessor-version":[{"id":52868,"href":"https:\/\/www.qualitel.org\/particuliers\/wp-json\/wp\/v2\/posts\/52852\/revisions\/52868"}],"wp:featuredmedia":[{"embeddable":true,"href":"https:\/\/www.qualitel.org\/particuliers\/wp-json\/wp\/v2\/media\/52855"}],"wp:attachment":[{"href":"https:\/\/www.qualitel.org\/particuliers\/wp-json\/wp\/v2\/media?parent=52852"}],"wp:term":[{"taxonomy":"category","embeddable":true,"href":"https:\/\/www.qualitel.org\/particuliers\/wp-json\/wp\/v2\/categories?post=52852"},{"taxonomy":"tags","embeddable":true,"href":"https:\/\/www.qualitel.org\/particuliers\/wp-json\/wp\/v2\/tags?post=52852"},{"taxonomy":"article_type","embeddable":true,"href":"https:\/\/www.qualitel.org\/particuliers\/wp-json\/wp\/v2\/article_type?post=52852"},{"taxonomy":"benefice","embeddable":true,"href":"https:\/\/www.qualitel.org\/particuliers\/wp-json\/wp\/v2\/benefice?post=52852"}],"curies":[{"name":"wp","href":"https:\/\/api.w.org\/{rel}","templated":true}]}}