{"id":52869,"date":"2026-03-16T09:55:08","date_gmt":"2026-03-16T08:55:08","guid":{"rendered":"https:\/\/www.qualitel.org\/particuliers\/?p=52869"},"modified":"2026-03-17T14:57:27","modified_gmt":"2026-03-17T13:57:27","slug":"maprimerenov-le-guichet-rouvre-en-2026-83-000-dossiers-deposes-en-2025-restent-a-traiter","status":"publish","type":"post","link":"https:\/\/www.qualitel.org\/particuliers\/maprimerenov-le-guichet-rouvre-en-2026\/","title":{"rendered":"MaPrimeR\u00e9nov\u2019 : le guichet rouvre en 2026, 83 000 dossiers d\u00e9pos\u00e9s en 2025 restent \u00e0 traiter"},"content":{"rendered":"<p><strong>83 000 dossiers MaPrimeR\u00e9nov\u2019 d\u00e9pos\u00e9s en 2025 restent \u00e0 instruire.<\/strong> La r\u00e9ouverture du guichet en 2026 doit permettre de traiter ces demandes tout en accueillant de nouveaux projets de r\u00e9novation \u00e9nerg\u00e9tique.<\/p>\n<p>Le guichet de d\u00e9p\u00f4t des demandes <a href=\"https:\/\/www.qualitel.org\/particuliers\/conseils\/maprimerenov-2026-nouvelle-regle-renovations\/\">MaPrimeR\u00e9nov\u2019<\/a> rouvre apr\u00e8s la promulgation de la loi de finances pour 2026. La fermeture temporaire du dispositif en d\u00e9but d\u2019ann\u00e9e \u00e9tait li\u00e9e \u00e0 l\u2019attente du vote du budget de l\u2019\u00c9tat.<\/p>\n<p>La r\u00e9ouverture permet de relancer l\u2019ensemble des parcours du dispositif, qu\u2019il s\u2019agisse de travaux cibl\u00e9s comme l\u2019<a href=\"https:\/\/www.qualitel.org\/particuliers\/isolation\/\">isolation<\/a> ou le changement d\u2019<a href=\"https:\/\/www.qualitel.org\/particuliers\/equipements-et-materiaux\/chauffage\/\">\u00e9quipement de chauffage<\/a>, ou de r\u00e9novations plus globales visant une am\u00e9lioration significative de la performance \u00e9nerg\u00e9tique du logement.<\/p>\n<p>Le budget 2026 confirme le maintien de l\u2019aide publique \u00e0 la r\u00e9novation \u00e9nerg\u00e9tique des logements. <strong>MaPrimeR\u00e9nov\u2019 dispose d\u2019une enveloppe de 3,6 milliards d\u2019euros pour l\u2019ann\u00e9e 2026.<\/strong><\/p>\n<p>La r\u00e9ouverture du guichet doit permettre de<strong> traiter un important volume de demandes d\u00e9pos\u00e9es l\u2019an dernier<\/strong> et ainsi lancer ou poursuivre de nombreux travaux dans les prochains mois.<\/p>\n<p>Les plateformes de d\u00e9p\u00f4t des demandes sont \u00e9galement d\u00e9sormais de nouveau accessibles pour les particuliers souhaitant engager un projet de r\u00e9novation.<\/p>\n<p>Notez que les d\u00e9lais d\u2019instruction peuvent \u00eatre plus longs dans les premi\u00e8res semaines en raison du nombre de dossiers en attente.<\/p>\n<p>Les aides MaPrimeR\u00e9nov\u2019 financent des travaux qui permettent d\u2019<strong>am\u00e9liorer la performance \u00e9nerg\u00e9tique<\/strong> des logements existants. Les projets concernent notamment l\u2019isolation des murs ou des combles, le remplacement d\u2019un syst\u00e8me de chauffage ou l\u2019installation d\u2019une ventilation adapt\u00e9e.<\/p>\n<p>Ces interventions influencent directement le confort thermique, la qualit\u00e9 de l\u2019air int\u00e9rieur et la ma\u00eetrise de l\u2019humidit\u00e9 dans le logement.<\/p>\n<p>Pour QUALITEL, la qualit\u00e9 des r\u00e9novations constitue un point central. Une r\u00e9novation \u00e9nerg\u00e9tique efficace associe isolation, ventilation et \u00e9quipements adapt\u00e9s afin d\u2019am\u00e9liorer durablement les conditions d\u2019habitation et la <a href=\"https:\/\/www.qualitel.org\/particuliers\/diagnostics-immobiliers\/dpe\/\">performance \u00e9nerg\u00e9tique du logement<\/a>.<\/p>\n","protected":false},"excerpt":{"rendered":"<p>83 000 dossiers MaPrimeR\u00e9nov\u2019 d\u00e9pos\u00e9s en 2025 restent \u00e0 instruire. La r\u00e9ouverture du guichet en 2026 doit permettre de traiter ces demandes tout en accueillant de nouveaux projets de r\u00e9novation \u00e9nerg\u00e9tique. Le guichet de d\u00e9p\u00f4t des demandes MaPrimeR\u00e9nov\u2019 rouvre apr\u00e8s la promulgation de la loi de finances pour 2026. La fermeture temporaire du dispositif en \u2026 <\/p>\n","protected":false},"author":24,"featured_media":52870,"comment_status":"closed","ping_status":"closed","sticky":false,"template":"","format":"standard","meta":{"_acf_changed":false,"wp_typography_post_enhancements_disabled":false,"footnotes":""},"categories":[203],"tags":[445,468,443,424,489,428],"article_type":[539],"benefice":[],"class_list":["post-52869","post","type-post","status-publish","format-standard","has-post-thumbnail","hentry","category-confort","tags-budget","tags-chauffage","tags-energie","tags-isolation","tags-thermique","tags-travaux","article_type-tendance"],"acf":[],"yoast_head":"<!-- This site is optimized with the Yoast SEO plugin v26.2 - https:\/\/yoast.com\/wordpress\/plugins\/seo\/ -->\n<title>MaPrimeR\u00e9nov\u2019 : le guichet rouvre en 2026, 83 000 dossiers d\u00e9pos\u00e9s en 2025 restent \u00e0 traiter - Qualitel | Particuliers<\/title>\n<meta name=\"description\" content=\"Le dispositif MaPrimeR\u00e9nov\u2019 red\u00e9marre en 2026 apr\u00e8s plusieurs semaines d\u2019incertitude budg\u00e9taire. La r\u00e9ouverture du guichet permet \u00e0 la fois de traiter les dossiers d\u00e9pos\u00e9s fin 2025 et d\u2019accepter de nouvelles demandes de r\u00e9novation \u00e9nerg\u00e9tique.\" \/>\n<meta name=\"robots\" content=\"index, follow, max-snippet:-1, max-image-preview:large, max-video-preview:-1\" \/>\n<link rel=\"canonical\" href=\"https:\/\/www.qualitel.org\/particuliers\/maprimerenov-le-guichet-rouvre-en-2026\/\" \/>\n<meta property=\"og:locale\" content=\"fr_FR\" \/>\n<meta property=\"og:type\" content=\"article\" \/>\n<meta property=\"og:title\" content=\"MaPrimeR\u00e9nov\u2019 : le guichet rouvre en 2026, 83 000 dossiers d\u00e9pos\u00e9s en 2025 restent \u00e0 traiter - Qualitel | Particuliers\" \/>\n<meta property=\"og:description\" content=\"Le dispositif MaPrimeR\u00e9nov\u2019 red\u00e9marre en 2026 apr\u00e8s plusieurs semaines d\u2019incertitude budg\u00e9taire. La r\u00e9ouverture du guichet permet \u00e0 la fois de traiter les dossiers d\u00e9pos\u00e9s fin 2025 et d\u2019accepter de nouvelles demandes de r\u00e9novation \u00e9nerg\u00e9tique.\" \/>\n<meta property=\"og:url\" content=\"https:\/\/www.qualitel.org\/particuliers\/maprimerenov-le-guichet-rouvre-en-2026\/\" \/>\n<meta property=\"og:site_name\" content=\"Qualitel | Particuliers\" \/>\n<meta property=\"article:publisher\" content=\"https:\/\/www.facebook.com\/groupequalitel\/\" \/>\n<meta property=\"article:published_time\" content=\"2026-03-16T08:55:08+00:00\" \/>\n<meta property=\"article:modified_time\" content=\"2026-03-17T13:57:27+00:00\" \/>\n<meta property=\"og:image\" content=\"https:\/\/www.qualitel.org\/particuliers\/wp\/..\/uploads\/AdobeStock_952054191-1.jpg\" \/>\n\t<meta property=\"og:image:width\" content=\"1200\" \/>\n\t<meta property=\"og:image:height\" content=\"800\" \/>\n\t<meta property=\"og:image:type\" content=\"image\/jpeg\" \/>\n<meta name=\"author\" content=\"Julie CARNEZ\" \/>\n<meta name=\"twitter:card\" content=\"summary_large_image\" \/>\n<meta name=\"twitter:description\" content=\"Le dispositif MaPrimeR\u00e9nov\u2019 red\u00e9marre en 2026 apr\u00e8s plusieurs semaines d\u2019incertitude budg\u00e9taire. La r\u00e9ouverture du guichet permet \u00e0 la fois de traiter les dossiers d\u00e9pos\u00e9s fin 2025 et d\u2019accepter de nouvelles demandes de r\u00e9novation \u00e9nerg\u00e9tique.\n\" \/>\n<meta name=\"twitter:creator\" content=\"@groupeQUALITEL\" \/>\n<meta name=\"twitter:site\" content=\"@groupeQUALITEL\" \/>\n<meta name=\"twitter:label1\" content=\"Written by\" \/>\n\t<meta name=\"twitter:data1\" content=\"Julie CARNEZ\" \/>\n\t<meta name=\"twitter:label2\" content=\"Est. reading time\" \/>\n\t<meta name=\"twitter:data2\" content=\"4 minutes\" \/>\n<script type=\"application\/ld+json\" class=\"yoast-schema-graph\">{\"@context\":\"https:\/\/schema.org\",\"@graph\":[{\"@type\":\"Article\",\"@id\":\"https:\/\/www.qualitel.org\/particuliers\/maprimerenov-le-guichet-rouvre-en-2026\/#article\",\"isPartOf\":{\"@id\":\"https:\/\/www.qualitel.org\/particuliers\/maprimerenov-le-guichet-rouvre-en-2026\/\"},\"author\":{\"name\":\"Julie CARNEZ\",\"@id\":\"https:\/\/www.qualitel.org\/particuliers\/#\/schema\/person\/8ecdccaad3bba102bae727749c8a10fa\"},\"headline\":\"MaPrimeR\u00e9nov\u2019 : le guichet rouvre en 2026, 83 000 dossiers d\u00e9pos\u00e9s en 2025 restent \u00e0 traiter\",\"datePublished\":\"2026-03-16T08:55:08+00:00\",\"dateModified\":\"2026-03-17T13:57:27+00:00\",\"mainEntityOfPage\":{\"@id\":\"https:\/\/www.qualitel.org\/particuliers\/maprimerenov-le-guichet-rouvre-en-2026\/\"},\"wordCount\":358,\"publisher\":{\"@id\":\"https:\/\/www.qualitel.org\/particuliers\/#organization\"},\"image\":{\"@id\":\"https:\/\/www.qualitel.org\/particuliers\/maprimerenov-le-guichet-rouvre-en-2026\/#primaryimage\"},\"thumbnailUrl\":\"https:\/\/www.qualitel.org\/particuliers\/wp\/..\/uploads\/AdobeStock_952054191-1.jpg\",\"articleSection\":[\"Confort\"],\"inLanguage\":\"fr-FR\"},{\"@type\":\"WebPage\",\"@id\":\"https:\/\/www.qualitel.org\/particuliers\/maprimerenov-le-guichet-rouvre-en-2026\/\",\"url\":\"https:\/\/www.qualitel.org\/particuliers\/maprimerenov-le-guichet-rouvre-en-2026\/\",\"name\":\"MaPrimeR\u00e9nov\u2019 : le guichet rouvre en 2026, 83 000 dossiers d\u00e9pos\u00e9s en 2025 restent \u00e0 traiter - Qualitel | Particuliers\",\"isPartOf\":{\"@id\":\"https:\/\/www.qualitel.org\/particuliers\/#website\"},\"primaryImageOfPage\":{\"@id\":\"https:\/\/www.qualitel.org\/particuliers\/maprimerenov-le-guichet-rouvre-en-2026\/#primaryimage\"},\"image\":{\"@id\":\"https:\/\/www.qualitel.org\/particuliers\/maprimerenov-le-guichet-rouvre-en-2026\/#primaryimage\"},\"thumbnailUrl\":\"https:\/\/www.qualitel.org\/particuliers\/wp\/..\/uploads\/AdobeStock_952054191-1.jpg\",\"datePublished\":\"2026-03-16T08:55:08+00:00\",\"dateModified\":\"2026-03-17T13:57:27+00:00\",\"description\":\"Le dispositif MaPrimeR\u00e9nov\u2019 red\u00e9marre en 2026 apr\u00e8s plusieurs semaines d\u2019incertitude budg\u00e9taire. La r\u00e9ouverture du guichet permet \u00e0 la fois de traiter les dossiers d\u00e9pos\u00e9s fin 2025 et d\u2019accepter de nouvelles demandes de r\u00e9novation \u00e9nerg\u00e9tique.\",\"breadcrumb\":{\"@id\":\"https:\/\/www.qualitel.org\/particuliers\/maprimerenov-le-guichet-rouvre-en-2026\/#breadcrumb\"},\"inLanguage\":\"fr-FR\",\"potentialAction\":[{\"@type\":\"ReadAction\",\"target\":[\"https:\/\/www.qualitel.org\/particuliers\/maprimerenov-le-guichet-rouvre-en-2026\/\"]}]},{\"@type\":\"ImageObject\",\"inLanguage\":\"fr-FR\",\"@id\":\"https:\/\/www.qualitel.org\/particuliers\/maprimerenov-le-guichet-rouvre-en-2026\/#primaryimage\",\"url\":\"https:\/\/www.qualitel.org\/particuliers\/wp\/..\/uploads\/AdobeStock_952054191-1.jpg\",\"contentUrl\":\"https:\/\/www.qualitel.org\/particuliers\/wp\/..\/uploads\/AdobeStock_952054191-1.jpg\",\"width\":1200,\"height\":800,\"caption\":\"Les aides MaPrimeR\u00e9nov\u2019 en 2026\"},{\"@type\":\"BreadcrumbList\",\"@id\":\"https:\/\/www.qualitel.org\/particuliers\/maprimerenov-le-guichet-rouvre-en-2026\/#breadcrumb\",\"itemListElement\":[{\"@type\":\"ListItem\",\"position\":1,\"name\":\"Accueil\",\"item\":\"https:\/\/www.qualitel.org\/particuliers\/\"},{\"@type\":\"ListItem\",\"position\":2,\"name\":\"MaPrimeR\u00e9nov\u2019 : le guichet rouvre en 2026, 83 000 dossiers d\u00e9pos\u00e9s en 2025 restent \u00e0 traiter\"}]},{\"@type\":\"WebSite\",\"@id\":\"https:\/\/www.qualitel.org\/particuliers\/#website\",\"url\":\"https:\/\/www.qualitel.org\/particuliers\/\",\"name\":\"Qualitel | Particuliers\",\"description\":\"\",\"publisher\":{\"@id\":\"https:\/\/www.qualitel.org\/particuliers\/#organization\"},\"potentialAction\":[{\"@type\":\"SearchAction\",\"target\":{\"@type\":\"EntryPoint\",\"urlTemplate\":\"https:\/\/www.qualitel.org\/particuliers\/?s={search_term_string}\"},\"query-input\":{\"@type\":\"PropertyValueSpecification\",\"valueRequired\":true,\"valueName\":\"search_term_string\"}}],\"inLanguage\":\"fr-FR\"},{\"@type\":\"Organization\",\"@id\":\"https:\/\/www.qualitel.org\/particuliers\/#organization\",\"name\":\"Qualitel | Particuliers\",\"url\":\"https:\/\/www.qualitel.org\/particuliers\/\",\"logo\":{\"@type\":\"ImageObject\",\"inLanguage\":\"fr-FR\",\"@id\":\"https:\/\/www.qualitel.org\/particuliers\/#\/schema\/logo\/image\/\",\"url\":\"https:\/\/www.qualitel.org\/particuliers\/wp\/..\/uploads\/qualitel-squarelogo-1456752654225.png\",\"contentUrl\":\"https:\/\/www.qualitel.org\/particuliers\/wp\/..\/uploads\/qualitel-squarelogo-1456752654225.png\",\"width\":180,\"height\":180,\"caption\":\"Qualitel | Particuliers\"},\"image\":{\"@id\":\"https:\/\/www.qualitel.org\/particuliers\/#\/schema\/logo\/image\/\"},\"sameAs\":[\"https:\/\/www.facebook.com\/groupequalitel\/\",\"https:\/\/x.com\/groupeQUALITEL\",\"https:\/\/www.instagram.com\/associationqualitel\/\",\"https:\/\/www.pinterest.fr\/associationqualitel\/\"]},{\"@type\":\"Person\",\"@id\":\"https:\/\/www.qualitel.org\/particuliers\/#\/schema\/person\/8ecdccaad3bba102bae727749c8a10fa\",\"name\":\"Julie CARNEZ\",\"image\":{\"@type\":\"ImageObject\",\"inLanguage\":\"fr-FR\",\"@id\":\"https:\/\/www.qualitel.org\/particuliers\/#\/schema\/person\/image\/\",\"url\":\"https:\/\/secure.gravatar.com\/avatar\/41fcfdc51e7305fd5b17ead841bd2e1f6a982b0f5ccaf899636b8ccab25ca5b1?s=96&d=mm&r=g\",\"contentUrl\":\"https:\/\/secure.gravatar.com\/avatar\/41fcfdc51e7305fd5b17ead841bd2e1f6a982b0f5ccaf899636b8ccab25ca5b1?s=96&d=mm&r=g\",\"caption\":\"Julie CARNEZ\"}}]}<\/script>\n<!-- \/ Yoast SEO plugin. -->","yoast_head_json":{"title":"MaPrimeR\u00e9nov\u2019 : le guichet rouvre en 2026, 83 000 dossiers d\u00e9pos\u00e9s en 2025 restent \u00e0 traiter - Qualitel | Particuliers","description":"Le dispositif MaPrimeR\u00e9nov\u2019 red\u00e9marre en 2026 apr\u00e8s plusieurs semaines d\u2019incertitude budg\u00e9taire. La r\u00e9ouverture du guichet permet \u00e0 la fois de traiter les dossiers d\u00e9pos\u00e9s fin 2025 et d\u2019accepter de nouvelles demandes de r\u00e9novation \u00e9nerg\u00e9tique.","robots":{"index":"index","follow":"follow","max-snippet":"max-snippet:-1","max-image-preview":"max-image-preview:large","max-video-preview":"max-video-preview:-1"},"canonical":"https:\/\/www.qualitel.org\/particuliers\/maprimerenov-le-guichet-rouvre-en-2026\/","og_locale":"fr_FR","og_type":"article","og_title":"MaPrimeR\u00e9nov\u2019 : le guichet rouvre en 2026, 83 000 dossiers d\u00e9pos\u00e9s en 2025 restent \u00e0 traiter - Qualitel | Particuliers","og_description":"Le dispositif MaPrimeR\u00e9nov\u2019 red\u00e9marre en 2026 apr\u00e8s plusieurs semaines d\u2019incertitude budg\u00e9taire. La r\u00e9ouverture du guichet permet \u00e0 la fois de traiter les dossiers d\u00e9pos\u00e9s fin 2025 et d\u2019accepter de nouvelles demandes de r\u00e9novation \u00e9nerg\u00e9tique.","og_url":"https:\/\/www.qualitel.org\/particuliers\/maprimerenov-le-guichet-rouvre-en-2026\/","og_site_name":"Qualitel | Particuliers","article_publisher":"https:\/\/www.facebook.com\/groupequalitel\/","article_published_time":"2026-03-16T08:55:08+00:00","article_modified_time":"2026-03-17T13:57:27+00:00","og_image":[{"width":1200,"height":800,"url":"https:\/\/www.qualitel.org\/particuliers\/wp\/..\/uploads\/AdobeStock_952054191-1.jpg","type":"image\/jpeg"}],"author":"Julie CARNEZ","twitter_card":"summary_large_image","twitter_description":"Le dispositif MaPrimeR\u00e9nov\u2019 red\u00e9marre en 2026 apr\u00e8s plusieurs semaines d\u2019incertitude budg\u00e9taire. La r\u00e9ouverture du guichet permet \u00e0 la fois de traiter les dossiers d\u00e9pos\u00e9s fin 2025 et d\u2019accepter de nouvelles demandes de r\u00e9novation \u00e9nerg\u00e9tique.\n","twitter_creator":"@groupeQUALITEL","twitter_site":"@groupeQUALITEL","twitter_misc":{"Written by":"Julie CARNEZ","Est. reading time":"4 minutes"},"schema":{"@context":"https:\/\/schema.org","@graph":[{"@type":"Article","@id":"https:\/\/www.qualitel.org\/particuliers\/maprimerenov-le-guichet-rouvre-en-2026\/#article","isPartOf":{"@id":"https:\/\/www.qualitel.org\/particuliers\/maprimerenov-le-guichet-rouvre-en-2026\/"},"author":{"name":"Julie CARNEZ","@id":"https:\/\/www.qualitel.org\/particuliers\/#\/schema\/person\/8ecdccaad3bba102bae727749c8a10fa"},"headline":"MaPrimeR\u00e9nov\u2019 : le guichet rouvre en 2026, 83 000 dossiers d\u00e9pos\u00e9s en 2025 restent \u00e0 traiter","datePublished":"2026-03-16T08:55:08+00:00","dateModified":"2026-03-17T13:57:27+00:00","mainEntityOfPage":{"@id":"https:\/\/www.qualitel.org\/particuliers\/maprimerenov-le-guichet-rouvre-en-2026\/"},"wordCount":358,"publisher":{"@id":"https:\/\/www.qualitel.org\/particuliers\/#organization"},"image":{"@id":"https:\/\/www.qualitel.org\/particuliers\/maprimerenov-le-guichet-rouvre-en-2026\/#primaryimage"},"thumbnailUrl":"https:\/\/www.qualitel.org\/particuliers\/wp\/..\/uploads\/AdobeStock_952054191-1.jpg","articleSection":["Confort"],"inLanguage":"fr-FR"},{"@type":"WebPage","@id":"https:\/\/www.qualitel.org\/particuliers\/maprimerenov-le-guichet-rouvre-en-2026\/","url":"https:\/\/www.qualitel.org\/particuliers\/maprimerenov-le-guichet-rouvre-en-2026\/","name":"MaPrimeR\u00e9nov\u2019 : le guichet rouvre en 2026, 83 000 dossiers d\u00e9pos\u00e9s en 2025 restent \u00e0 traiter - Qualitel | Particuliers","isPartOf":{"@id":"https:\/\/www.qualitel.org\/particuliers\/#website"},"primaryImageOfPage":{"@id":"https:\/\/www.qualitel.org\/particuliers\/maprimerenov-le-guichet-rouvre-en-2026\/#primaryimage"},"image":{"@id":"https:\/\/www.qualitel.org\/particuliers\/maprimerenov-le-guichet-rouvre-en-2026\/#primaryimage"},"thumbnailUrl":"https:\/\/www.qualitel.org\/particuliers\/wp\/..\/uploads\/AdobeStock_952054191-1.jpg","datePublished":"2026-03-16T08:55:08+00:00","dateModified":"2026-03-17T13:57:27+00:00","description":"Le dispositif MaPrimeR\u00e9nov\u2019 red\u00e9marre en 2026 apr\u00e8s plusieurs semaines d\u2019incertitude budg\u00e9taire. La r\u00e9ouverture du guichet permet \u00e0 la fois de traiter les dossiers d\u00e9pos\u00e9s fin 2025 et d\u2019accepter de nouvelles demandes de r\u00e9novation \u00e9nerg\u00e9tique.","breadcrumb":{"@id":"https:\/\/www.qualitel.org\/particuliers\/maprimerenov-le-guichet-rouvre-en-2026\/#breadcrumb"},"inLanguage":"fr-FR","potentialAction":[{"@type":"ReadAction","target":["https:\/\/www.qualitel.org\/particuliers\/maprimerenov-le-guichet-rouvre-en-2026\/"]}]},{"@type":"ImageObject","inLanguage":"fr-FR","@id":"https:\/\/www.qualitel.org\/particuliers\/maprimerenov-le-guichet-rouvre-en-2026\/#primaryimage","url":"https:\/\/www.qualitel.org\/particuliers\/wp\/..\/uploads\/AdobeStock_952054191-1.jpg","contentUrl":"https:\/\/www.qualitel.org\/particuliers\/wp\/..\/uploads\/AdobeStock_952054191-1.jpg","width":1200,"height":800,"caption":"Les aides MaPrimeR\u00e9nov\u2019 en 2026"},{"@type":"BreadcrumbList","@id":"https:\/\/www.qualitel.org\/particuliers\/maprimerenov-le-guichet-rouvre-en-2026\/#breadcrumb","itemListElement":[{"@type":"ListItem","position":1,"name":"Accueil","item":"https:\/\/www.qualitel.org\/particuliers\/"},{"@type":"ListItem","position":2,"name":"MaPrimeR\u00e9nov\u2019 : le guichet rouvre en 2026, 83 000 dossiers d\u00e9pos\u00e9s en 2025 restent \u00e0 traiter"}]},{"@type":"WebSite","@id":"https:\/\/www.qualitel.org\/particuliers\/#website","url":"https:\/\/www.qualitel.org\/particuliers\/","name":"Qualitel | Particuliers","description":"","publisher":{"@id":"https:\/\/www.qualitel.org\/particuliers\/#organization"},"potentialAction":[{"@type":"SearchAction","target":{"@type":"EntryPoint","urlTemplate":"https:\/\/www.qualitel.org\/particuliers\/?s={search_term_string}"},"query-input":{"@type":"PropertyValueSpecification","valueRequired":true,"valueName":"search_term_string"}}],"inLanguage":"fr-FR"},{"@type":"Organization","@id":"https:\/\/www.qualitel.org\/particuliers\/#organization","name":"Qualitel | Particuliers","url":"https:\/\/www.qualitel.org\/particuliers\/","logo":{"@type":"ImageObject","inLanguage":"fr-FR","@id":"https:\/\/www.qualitel.org\/particuliers\/#\/schema\/logo\/image\/","url":"https:\/\/www.qualitel.org\/particuliers\/wp\/..\/uploads\/qualitel-squarelogo-1456752654225.png","contentUrl":"https:\/\/www.qualitel.org\/particuliers\/wp\/..\/uploads\/qualitel-squarelogo-1456752654225.png","width":180,"height":180,"caption":"Qualitel | Particuliers"},"image":{"@id":"https:\/\/www.qualitel.org\/particuliers\/#\/schema\/logo\/image\/"},"sameAs":["https:\/\/www.facebook.com\/groupequalitel\/","https:\/\/x.com\/groupeQUALITEL","https:\/\/www.instagram.com\/associationqualitel\/","https:\/\/www.pinterest.fr\/associationqualitel\/"]},{"@type":"Person","@id":"https:\/\/www.qualitel.org\/particuliers\/#\/schema\/person\/8ecdccaad3bba102bae727749c8a10fa","name":"Julie CARNEZ","image":{"@type":"ImageObject","inLanguage":"fr-FR","@id":"https:\/\/www.qualitel.org\/particuliers\/#\/schema\/person\/image\/","url":"https:\/\/secure.gravatar.com\/avatar\/41fcfdc51e7305fd5b17ead841bd2e1f6a982b0f5ccaf899636b8ccab25ca5b1?s=96&d=mm&r=g","contentUrl":"https:\/\/secure.gravatar.com\/avatar\/41fcfdc51e7305fd5b17ead841bd2e1f6a982b0f5ccaf899636b8ccab25ca5b1?s=96&d=mm&r=g","caption":"Julie CARNEZ"}}]}},"_links":{"self":[{"href":"https:\/\/www.qualitel.org\/particuliers\/wp-json\/wp\/v2\/posts\/52869","targetHints":{"allow":["GET"]}}],"collection":[{"href":"https:\/\/www.qualitel.org\/particuliers\/wp-json\/wp\/v2\/posts"}],"about":[{"href":"https:\/\/www.qualitel.org\/particuliers\/wp-json\/wp\/v2\/types\/post"}],"author":[{"embeddable":true,"href":"https:\/\/www.qualitel.org\/particuliers\/wp-json\/wp\/v2\/users\/24"}],"replies":[{"embeddable":true,"href":"https:\/\/www.qualitel.org\/particuliers\/wp-json\/wp\/v2\/comments?post=52869"}],"version-history":[{"count":16,"href":"https:\/\/www.qualitel.org\/particuliers\/wp-json\/wp\/v2\/posts\/52869\/revisions"}],"predecessor-version":[{"id":52975,"href":"https:\/\/www.qualitel.org\/particuliers\/wp-json\/wp\/v2\/posts\/52869\/revisions\/52975"}],"wp:featuredmedia":[{"embeddable":true,"href":"https:\/\/www.qualitel.org\/particuliers\/wp-json\/wp\/v2\/media\/52870"}],"wp:attachment":[{"href":"https:\/\/www.qualitel.org\/particuliers\/wp-json\/wp\/v2\/media?parent=52869"}],"wp:term":[{"taxonomy":"category","embeddable":true,"href":"https:\/\/www.qualitel.org\/particuliers\/wp-json\/wp\/v2\/categories?post=52869"},{"taxonomy":"tags","embeddable":true,"href":"https:\/\/www.qualitel.org\/particuliers\/wp-json\/wp\/v2\/tags?post=52869"},{"taxonomy":"article_type","embeddable":true,"href":"https:\/\/www.qualitel.org\/particuliers\/wp-json\/wp\/v2\/article_type?post=52869"},{"taxonomy":"benefice","embeddable":true,"href":"https:\/\/www.qualitel.org\/particuliers\/wp-json\/wp\/v2\/benefice?post=52869"}],"curies":[{"name":"wp","href":"https:\/\/api.w.org\/{rel}","templated":true}]}}