{"id":53315,"date":"2026-04-24T10:22:29","date_gmt":"2026-04-24T08:22:29","guid":{"rendered":"https:\/\/www.qualitel.org\/particuliers\/?p=53315"},"modified":"2026-04-24T10:22:30","modified_gmt":"2026-04-24T08:22:30","slug":"petits-logements-preserver-qualite-de-vie","status":"publish","type":"post","link":"https:\/\/www.qualitel.org\/particuliers\/conseils\/petits-logements-preserver-qualite-de-vie\/","title":{"rendered":"Petits logements&nbsp;: comment pr\u00e9server la qualit\u00e9 de vie&nbsp;?"},"content":{"rendered":"<h2>L\u2019essentiel<\/h2>\n<ul>\n<li>Un logement de petite surface peut rester confortable \u00e0 condition de ma\u00eetriser quelques \u00e9quilibres essentiels.<\/li>\n<li><strong>L\u2019air int\u00e9rieur se d\u00e9grade plus vite&nbsp;: <\/strong>humidit\u00e9 et polluants s\u2019accumulent rapidement dans un espace r\u00e9duit.<\/li>\n<li><strong>La temp\u00e9rature varie fortement&nbsp;: <\/strong>les petits logements chauffent et refroidissent rapidement.<\/li>\n<li><strong>Le bruit est plus pr\u00e9sent&nbsp;: <\/strong>la proximit\u00e9 et l\u2019absence de s\u00e9paration renforcent les nuisances.<\/li>\n<li><strong>L\u2019organisation est d\u00e9terminante&nbsp;: <\/strong>un espace structur\u00e9 limite les conflits d\u2019usage.<\/li>\n<\/ul>\n<p>Les logements de <strong>moins de 40 m\u00b2<\/strong> pr\u00e9sentent des caract\u00e9ristiques sp\u00e9cifiques, notamment en mati\u00e8re de consommation \u00e9nerg\u00e9tique. Rapport\u00e9e \u00e0 la surface, celle-ci est souvent plus \u00e9lev\u00e9e, ce qui p\u00e9nalise leur classement au <a href=\"https:\/\/www.qualitel.org\/particuliers\/diagnostics-immobiliers\/dpe\/\">DPE<\/a>.<\/p>\n<p>Une \u00e9volution r\u00e9glementaire entr\u00e9e en vigueur le 1<sup>er<\/sup> juillet 2024 vise \u00e0 corriger cet effet.<\/p>\n<p>Cette \u00e9volution s\u2019inscrit dans un cadre plus large&nbsp;: la r\u00e9glementation impose des crit\u00e8res minimaux de d\u00e9cence (surface, volume, hauteur sous plafond) pour garantir un usage compatible avec la vie quotidienne.<\/p>\n<p>Dans un petit logement, l\u2019organisation joue un r\u00f4le central. Les fonctions essentielles comme dormir, cuisiner, ou encore travailler cohabitent souvent dans une m\u00eame pi\u00e8ce.<\/p>\n<p>Lorsque ces usages se superposent mal, les nuisances apparaissent rapidement&nbsp;: <a href=\"https:\/\/www.qualitel.org\/particuliers\/conseils\/mauvaises-odeurs-maison\/\">odeurs<\/a>, <a href=\"https:\/\/www.qualitel.org\/particuliers\/conseils\/nuisances-sonores-quels-sont-les-risques-pour-la-sante\/\">bruit<\/a>, <a href=\"https:\/\/www.qualitel.org\/particuliers\/conseils\/mesurer-taux-humidite\/\">humidit\u00e9<\/a>.<\/p>\n<p>Un am\u00e9nagement adapt\u00e9 permet de limiter ces effets. Il repose sur des choix simples&nbsp;: <strong>circulations d\u00e9gag\u00e9es<\/strong>, <strong>mobilier proportionn\u00e9<\/strong>, <strong>rangements ferm\u00e9s<\/strong>. Ces \u00e9l\u00e9ments contribuent aussi \u00e0 une meilleure ventilation de l\u2019espace.<\/p>\n<p>Dans un volume r\u00e9duit, l\u2019air int\u00e9rieur <strong>se d\u00e9grade plus vite<\/strong>.<\/p>\n<p>Les activit\u00e9s quotidiennes produisent humidit\u00e9 et polluants qui s\u2019accumulent rapidement en l\u2019absence de renouvellement d\u2019air suffisant.<\/p>\n<p>Selon une <a href=\"https:\/\/www.qualitel.org\/magazine\/publication-etude-inedite-sur-etat-des-lieux-logement-des-francais\/\">enqu\u00eate<\/a> r\u00e9alis\u00e9e par l\u2019Association QUALITEL, pr\u00e8s d\u20191 logement sur 5 pr\u00e9sente des probl\u00e8mes d\u2019humidit\u00e9.<\/p>\n<p>Dans les petites surfaces, ces d\u00e9s\u00e9quilibres se traduisent souvent par de la <a href=\"https:\/\/www.qualitel.org\/particuliers\/conseils\/comment-eviter-la-condensation-sur-les-fenetres\/\">condensation<\/a> ou des <a href=\"https:\/\/www.qualitel.org\/particuliers\/conseils\/moisissures-comment-lutter-contre-afin-dameliorer-la-qualite-de-lair-dans-votre-logement\/\">moisissures visibles<\/a>.<\/p>\n<p>A\u00e9rer chaque jour et v\u00e9rifier le bon fonctionnement de la <a href=\"https:\/\/www.qualitel.org\/particuliers\/equipements-et-materiaux-maison\/ventilation\/\">ventilation<\/a> permet de limiter ces situations.<\/p>\n<p>Les petits logements r\u00e9agissent rapidement aux <strong>variations de temp\u00e9rature<\/strong>. Leur faible inertie thermique accentue les effets du froid et de la chaleur.<\/p>\n<p>49% des Fran\u00e7ais estiment que leur logement est mal adapt\u00e9 au ph\u00e9nom\u00e8ne de canicule (<a href=\"https:\/\/www.qualitel.org\/barometre-qualitel-2025\/\">Barom\u00e8tre <\/a><a href=\"https:\/\/www.qualitel.org\/barometre-qualitel-2025\/\">QUALITEL<\/a>).<\/p>\n<p>Dans un studio ou un T1, cette sensation <strong>peut \u00eatre plus marqu\u00e9e<\/strong>, notamment en \u00e9tage \u00e9lev\u00e9 ou sous toiture.<\/p>\n<p>Adapter le chauffage, limiter les apports de chaleur en \u00e9t\u00e9 et <strong>r\u00e9duire les d\u00e9perditions<\/strong> en hiver permettent d\u2019<strong>am\u00e9liorer le confort<\/strong>.<\/p>\n<p>Le bruit est plus pr\u00e9sent lorsque les espaces sont peu cloisonn\u00e9s.<\/p>\n<p>Dans un petit logement, cette g\u00eane concerne \u00e0 la fois les voisins et les activit\u00e9s internes (\u00e9quipements, t\u00e9l\u00e9vision, cuisine).<\/p>\n<p>Des <strong>am\u00e9nagements simples<\/strong> (s\u00e9paration l\u00e9g\u00e8re, textiles, organisation des zones) permettent d\u2019en att\u00e9nuer les effets.<\/p>\n<p>La qualit\u00e9 de vie dans un petit logement repose sur des \u00e9quilibres concrets.<\/p>\n<p>Les retours des occupants mettent en avant quatre dimensions principales&nbsp;:<\/p>\n<ul>\n<li>la qualit\u00e9 de l\u2019air et la gestion de l\u2019humidit\u00e9,<\/li>\n<li>le <a href=\"https:\/\/www.qualitel.org\/particuliers\/travaux-renovation\/confort-thermique\/\">confort thermique<\/a> \u00e9t\u00e9 comme hiver,<\/li>\n<li>le niveau sonore,<\/li>\n<li>l\u2019organisation des espaces.<\/li>\n<\/ul>\n<p><strong>80 % des Fran\u00e7ais consid\u00e8rent leur logement comme un cocon.<\/strong><\/p>\n<p>Dans les petites surfaces, cette exigence rend ces crit\u00e8res encore plus d\u00e9terminants.<\/p>\n","protected":false},"excerpt":{"rendered":"<p>L\u2019essentiel Un logement de petite surface peut rester confortable \u00e0 condition de ma\u00eetriser quelques \u00e9quilibres essentiels. L\u2019air int\u00e9rieur se d\u00e9grade plus vite&nbsp;: humidit\u00e9 et polluants s\u2019accumulent rapidement dans un espace r\u00e9duit. La temp\u00e9rature varie fortement&nbsp;: les petits logements chauffent et refroidissent rapidement. Le bruit est plus pr\u00e9sent&nbsp;: la proximit\u00e9 et l\u2019absence de s\u00e9paration renforcent les \u2026 <\/p>\n","protected":false},"author":24,"featured_media":53316,"comment_status":"closed","ping_status":"closed","sticky":false,"template":"","format":"standard","meta":{"_acf_changed":false,"wp_typography_post_enhancements_disabled":false,"footnotes":""},"categories":[203,213],"tags":[491,468,424,432,489,442],"article_type":[539],"benefice":[348,350],"class_list":["post-53315","post","type-post","status-publish","format-standard","has-post-thumbnail","hentry","category-confort","category-sante","tags-acoustique","tags-chauffage","tags-isolation","tags-luminosite","tags-thermique","tags-ventilation","article_type-tendance","benefice-confort","benefice-sante"],"acf":[],"yoast_head":"<!-- This site is optimized with the Yoast SEO plugin v26.2 - https:\/\/yoast.com\/wordpress\/plugins\/seo\/ -->\n<title>Petits logements : comment pr\u00e9server la qualit\u00e9 de vie ? - Qualitel | Particuliers<\/title>\n<meta name=\"description\" content=\"Dans les petites surfaces, chaque m\u00e8tre carr\u00e9 compte. Mais au-del\u00e0 de l\u2019espace disponible, ce sont les conditions r\u00e9elles d\u2019usage (air, temp\u00e9rature, bruit) qui d\u00e9terminent le confort au quotidien.\" \/>\n<meta name=\"robots\" content=\"index, follow, max-snippet:-1, max-image-preview:large, max-video-preview:-1\" \/>\n<link rel=\"canonical\" href=\"https:\/\/www.qualitel.org\/particuliers\/conseils\/petits-logements-preserver-qualite-de-vie\/\" \/>\n<meta property=\"og:locale\" content=\"fr_FR\" \/>\n<meta property=\"og:type\" content=\"article\" \/>\n<meta property=\"og:title\" content=\"Petits logements : comment pr\u00e9server la qualit\u00e9 de vie ? - Qualitel | Particuliers\" \/>\n<meta property=\"og:description\" content=\"Dans les petites surfaces, chaque m\u00e8tre carr\u00e9 compte. Mais au-del\u00e0 de l\u2019espace disponible, ce sont les conditions r\u00e9elles d\u2019usage (air, temp\u00e9rature, bruit) qui d\u00e9terminent le confort au quotidien.\" \/>\n<meta property=\"og:url\" content=\"https:\/\/www.qualitel.org\/particuliers\/conseils\/petits-logements-preserver-qualite-de-vie\/\" \/>\n<meta property=\"og:site_name\" content=\"Qualitel | Particuliers\" \/>\n<meta property=\"article:publisher\" content=\"https:\/\/www.facebook.com\/groupequalitel\/\" \/>\n<meta property=\"article:published_time\" content=\"2026-04-24T08:22:29+00:00\" \/>\n<meta property=\"article:modified_time\" content=\"2026-04-24T08:22:30+00:00\" \/>\n<meta property=\"og:image\" content=\"https:\/\/www.qualitel.org\/particuliers\/wp\/..\/uploads\/AdobeStock_537602586.jpg\" \/>\n\t<meta property=\"og:image:width\" content=\"1200\" \/>\n\t<meta property=\"og:image:height\" content=\"800\" \/>\n\t<meta property=\"og:image:type\" content=\"image\/jpeg\" \/>\n<meta name=\"author\" content=\"Julie CARNEZ\" \/>\n<meta name=\"twitter:card\" content=\"summary_large_image\" \/>\n<meta name=\"twitter:description\" content=\"Dans les petites surfaces, chaque m\u00e8tre carr\u00e9 compte. Mais au-del\u00e0 de l\u2019espace disponible, ce sont les conditions r\u00e9elles d\u2019usage (air, temp\u00e9rature, bruit) qui d\u00e9terminent le confort au quotidien.\n\" \/>\n<meta name=\"twitter:creator\" content=\"@groupeQUALITEL\" \/>\n<meta name=\"twitter:site\" content=\"@groupeQUALITEL\" \/>\n<meta name=\"twitter:label1\" content=\"Written by\" \/>\n\t<meta name=\"twitter:data1\" content=\"Julie CARNEZ\" \/>\n\t<meta name=\"twitter:label2\" content=\"Est. reading time\" \/>\n\t<meta name=\"twitter:data2\" content=\"6 minutes\" \/>\n<script type=\"application\/ld+json\" class=\"yoast-schema-graph\">{\"@context\":\"https:\/\/schema.org\",\"@graph\":[{\"@type\":\"Article\",\"@id\":\"https:\/\/www.qualitel.org\/particuliers\/conseils\/petits-logements-preserver-qualite-de-vie\/#article\",\"isPartOf\":{\"@id\":\"https:\/\/www.qualitel.org\/particuliers\/conseils\/petits-logements-preserver-qualite-de-vie\/\"},\"author\":{\"name\":\"Julie CARNEZ\",\"@id\":\"https:\/\/www.qualitel.org\/particuliers\/#\/schema\/person\/8ecdccaad3bba102bae727749c8a10fa\"},\"headline\":\"Petits logements&nbsp;: comment pr\u00e9server la qualit\u00e9 de vie&nbsp;?\",\"datePublished\":\"2026-04-24T08:22:29+00:00\",\"dateModified\":\"2026-04-24T08:22:30+00:00\",\"mainEntityOfPage\":{\"@id\":\"https:\/\/www.qualitel.org\/particuliers\/conseils\/petits-logements-preserver-qualite-de-vie\/\"},\"wordCount\":559,\"publisher\":{\"@id\":\"https:\/\/www.qualitel.org\/particuliers\/#organization\"},\"image\":{\"@id\":\"https:\/\/www.qualitel.org\/particuliers\/conseils\/petits-logements-preserver-qualite-de-vie\/#primaryimage\"},\"thumbnailUrl\":\"https:\/\/www.qualitel.org\/particuliers\/wp\/..\/uploads\/AdobeStock_537602586.jpg\",\"articleSection\":[\"Confort\",\"Sant\u00e9\"],\"inLanguage\":\"fr-FR\"},{\"@type\":\"WebPage\",\"@id\":\"https:\/\/www.qualitel.org\/particuliers\/conseils\/petits-logements-preserver-qualite-de-vie\/\",\"url\":\"https:\/\/www.qualitel.org\/particuliers\/conseils\/petits-logements-preserver-qualite-de-vie\/\",\"name\":\"Petits logements : comment pr\u00e9server la qualit\u00e9 de vie ? - Qualitel | Particuliers\",\"isPartOf\":{\"@id\":\"https:\/\/www.qualitel.org\/particuliers\/#website\"},\"primaryImageOfPage\":{\"@id\":\"https:\/\/www.qualitel.org\/particuliers\/conseils\/petits-logements-preserver-qualite-de-vie\/#primaryimage\"},\"image\":{\"@id\":\"https:\/\/www.qualitel.org\/particuliers\/conseils\/petits-logements-preserver-qualite-de-vie\/#primaryimage\"},\"thumbnailUrl\":\"https:\/\/www.qualitel.org\/particuliers\/wp\/..\/uploads\/AdobeStock_537602586.jpg\",\"datePublished\":\"2026-04-24T08:22:29+00:00\",\"dateModified\":\"2026-04-24T08:22:30+00:00\",\"description\":\"Dans les petites surfaces, chaque m\u00e8tre carr\u00e9 compte. Mais au-del\u00e0 de l\u2019espace disponible, ce sont les conditions r\u00e9elles d\u2019usage (air, temp\u00e9rature, bruit) qui d\u00e9terminent le confort au quotidien.\",\"breadcrumb\":{\"@id\":\"https:\/\/www.qualitel.org\/particuliers\/conseils\/petits-logements-preserver-qualite-de-vie\/#breadcrumb\"},\"inLanguage\":\"fr-FR\",\"potentialAction\":[{\"@type\":\"ReadAction\",\"target\":[\"https:\/\/www.qualitel.org\/particuliers\/conseils\/petits-logements-preserver-qualite-de-vie\/\"]}]},{\"@type\":\"ImageObject\",\"inLanguage\":\"fr-FR\",\"@id\":\"https:\/\/www.qualitel.org\/particuliers\/conseils\/petits-logements-preserver-qualite-de-vie\/#primaryimage\",\"url\":\"https:\/\/www.qualitel.org\/particuliers\/wp\/..\/uploads\/AdobeStock_537602586.jpg\",\"contentUrl\":\"https:\/\/www.qualitel.org\/particuliers\/wp\/..\/uploads\/AdobeStock_537602586.jpg\",\"width\":1200,\"height\":800},{\"@type\":\"BreadcrumbList\",\"@id\":\"https:\/\/www.qualitel.org\/particuliers\/conseils\/petits-logements-preserver-qualite-de-vie\/#breadcrumb\",\"itemListElement\":[{\"@type\":\"ListItem\",\"position\":1,\"name\":\"Accueil\",\"item\":\"https:\/\/www.qualitel.org\/particuliers\/\"},{\"@type\":\"ListItem\",\"position\":2,\"name\":\"Petits logements&nbsp;: comment pr\u00e9server la qualit\u00e9 de vie&nbsp;?\"}]},{\"@type\":\"WebSite\",\"@id\":\"https:\/\/www.qualitel.org\/particuliers\/#website\",\"url\":\"https:\/\/www.qualitel.org\/particuliers\/\",\"name\":\"Qualitel | Particuliers\",\"description\":\"\",\"publisher\":{\"@id\":\"https:\/\/www.qualitel.org\/particuliers\/#organization\"},\"potentialAction\":[{\"@type\":\"SearchAction\",\"target\":{\"@type\":\"EntryPoint\",\"urlTemplate\":\"https:\/\/www.qualitel.org\/particuliers\/?s={search_term_string}\"},\"query-input\":{\"@type\":\"PropertyValueSpecification\",\"valueRequired\":true,\"valueName\":\"search_term_string\"}}],\"inLanguage\":\"fr-FR\"},{\"@type\":\"Organization\",\"@id\":\"https:\/\/www.qualitel.org\/particuliers\/#organization\",\"name\":\"Qualitel | Particuliers\",\"url\":\"https:\/\/www.qualitel.org\/particuliers\/\",\"logo\":{\"@type\":\"ImageObject\",\"inLanguage\":\"fr-FR\",\"@id\":\"https:\/\/www.qualitel.org\/particuliers\/#\/schema\/logo\/image\/\",\"url\":\"https:\/\/www.qualitel.org\/particuliers\/wp\/..\/uploads\/qualitel-squarelogo-1456752654225.png\",\"contentUrl\":\"https:\/\/www.qualitel.org\/particuliers\/wp\/..\/uploads\/qualitel-squarelogo-1456752654225.png\",\"width\":180,\"height\":180,\"caption\":\"Qualitel | Particuliers\"},\"image\":{\"@id\":\"https:\/\/www.qualitel.org\/particuliers\/#\/schema\/logo\/image\/\"},\"sameAs\":[\"https:\/\/www.facebook.com\/groupequalitel\/\",\"https:\/\/x.com\/groupeQUALITEL\",\"https:\/\/www.instagram.com\/associationqualitel\/\",\"https:\/\/www.pinterest.fr\/associationqualitel\/\"]},{\"@type\":\"Person\",\"@id\":\"https:\/\/www.qualitel.org\/particuliers\/#\/schema\/person\/8ecdccaad3bba102bae727749c8a10fa\",\"name\":\"Julie CARNEZ\",\"image\":{\"@type\":\"ImageObject\",\"inLanguage\":\"fr-FR\",\"@id\":\"https:\/\/www.qualitel.org\/particuliers\/#\/schema\/person\/image\/\",\"url\":\"https:\/\/secure.gravatar.com\/avatar\/41fcfdc51e7305fd5b17ead841bd2e1f6a982b0f5ccaf899636b8ccab25ca5b1?s=96&d=mm&r=g\",\"contentUrl\":\"https:\/\/secure.gravatar.com\/avatar\/41fcfdc51e7305fd5b17ead841bd2e1f6a982b0f5ccaf899636b8ccab25ca5b1?s=96&d=mm&r=g\",\"caption\":\"Julie CARNEZ\"}}]}<\/script>\n<!-- \/ Yoast SEO plugin. -->","yoast_head_json":{"title":"Petits logements : comment pr\u00e9server la qualit\u00e9 de vie ? - Qualitel | Particuliers","description":"Dans les petites surfaces, chaque m\u00e8tre carr\u00e9 compte. Mais au-del\u00e0 de l\u2019espace disponible, ce sont les conditions r\u00e9elles d\u2019usage (air, temp\u00e9rature, bruit) qui d\u00e9terminent le confort au quotidien.","robots":{"index":"index","follow":"follow","max-snippet":"max-snippet:-1","max-image-preview":"max-image-preview:large","max-video-preview":"max-video-preview:-1"},"canonical":"https:\/\/www.qualitel.org\/particuliers\/conseils\/petits-logements-preserver-qualite-de-vie\/","og_locale":"fr_FR","og_type":"article","og_title":"Petits logements : comment pr\u00e9server la qualit\u00e9 de vie ? - Qualitel | Particuliers","og_description":"Dans les petites surfaces, chaque m\u00e8tre carr\u00e9 compte. Mais au-del\u00e0 de l\u2019espace disponible, ce sont les conditions r\u00e9elles d\u2019usage (air, temp\u00e9rature, bruit) qui d\u00e9terminent le confort au quotidien.","og_url":"https:\/\/www.qualitel.org\/particuliers\/conseils\/petits-logements-preserver-qualite-de-vie\/","og_site_name":"Qualitel | Particuliers","article_publisher":"https:\/\/www.facebook.com\/groupequalitel\/","article_published_time":"2026-04-24T08:22:29+00:00","article_modified_time":"2026-04-24T08:22:30+00:00","og_image":[{"width":1200,"height":800,"url":"https:\/\/www.qualitel.org\/particuliers\/wp\/..\/uploads\/AdobeStock_537602586.jpg","type":"image\/jpeg"}],"author":"Julie CARNEZ","twitter_card":"summary_large_image","twitter_description":"Dans les petites surfaces, chaque m\u00e8tre carr\u00e9 compte. Mais au-del\u00e0 de l\u2019espace disponible, ce sont les conditions r\u00e9elles d\u2019usage (air, temp\u00e9rature, bruit) qui d\u00e9terminent le confort au quotidien.\n","twitter_creator":"@groupeQUALITEL","twitter_site":"@groupeQUALITEL","twitter_misc":{"Written by":"Julie CARNEZ","Est. reading time":"6 minutes"},"schema":{"@context":"https:\/\/schema.org","@graph":[{"@type":"Article","@id":"https:\/\/www.qualitel.org\/particuliers\/conseils\/petits-logements-preserver-qualite-de-vie\/#article","isPartOf":{"@id":"https:\/\/www.qualitel.org\/particuliers\/conseils\/petits-logements-preserver-qualite-de-vie\/"},"author":{"name":"Julie CARNEZ","@id":"https:\/\/www.qualitel.org\/particuliers\/#\/schema\/person\/8ecdccaad3bba102bae727749c8a10fa"},"headline":"Petits logements&nbsp;: comment pr\u00e9server la qualit\u00e9 de vie&nbsp;?","datePublished":"2026-04-24T08:22:29+00:00","dateModified":"2026-04-24T08:22:30+00:00","mainEntityOfPage":{"@id":"https:\/\/www.qualitel.org\/particuliers\/conseils\/petits-logements-preserver-qualite-de-vie\/"},"wordCount":559,"publisher":{"@id":"https:\/\/www.qualitel.org\/particuliers\/#organization"},"image":{"@id":"https:\/\/www.qualitel.org\/particuliers\/conseils\/petits-logements-preserver-qualite-de-vie\/#primaryimage"},"thumbnailUrl":"https:\/\/www.qualitel.org\/particuliers\/wp\/..\/uploads\/AdobeStock_537602586.jpg","articleSection":["Confort","Sant\u00e9"],"inLanguage":"fr-FR"},{"@type":"WebPage","@id":"https:\/\/www.qualitel.org\/particuliers\/conseils\/petits-logements-preserver-qualite-de-vie\/","url":"https:\/\/www.qualitel.org\/particuliers\/conseils\/petits-logements-preserver-qualite-de-vie\/","name":"Petits logements : comment pr\u00e9server la qualit\u00e9 de vie ? - Qualitel | Particuliers","isPartOf":{"@id":"https:\/\/www.qualitel.org\/particuliers\/#website"},"primaryImageOfPage":{"@id":"https:\/\/www.qualitel.org\/particuliers\/conseils\/petits-logements-preserver-qualite-de-vie\/#primaryimage"},"image":{"@id":"https:\/\/www.qualitel.org\/particuliers\/conseils\/petits-logements-preserver-qualite-de-vie\/#primaryimage"},"thumbnailUrl":"https:\/\/www.qualitel.org\/particuliers\/wp\/..\/uploads\/AdobeStock_537602586.jpg","datePublished":"2026-04-24T08:22:29+00:00","dateModified":"2026-04-24T08:22:30+00:00","description":"Dans les petites surfaces, chaque m\u00e8tre carr\u00e9 compte. Mais au-del\u00e0 de l\u2019espace disponible, ce sont les conditions r\u00e9elles d\u2019usage (air, temp\u00e9rature, bruit) qui d\u00e9terminent le confort au quotidien.","breadcrumb":{"@id":"https:\/\/www.qualitel.org\/particuliers\/conseils\/petits-logements-preserver-qualite-de-vie\/#breadcrumb"},"inLanguage":"fr-FR","potentialAction":[{"@type":"ReadAction","target":["https:\/\/www.qualitel.org\/particuliers\/conseils\/petits-logements-preserver-qualite-de-vie\/"]}]},{"@type":"ImageObject","inLanguage":"fr-FR","@id":"https:\/\/www.qualitel.org\/particuliers\/conseils\/petits-logements-preserver-qualite-de-vie\/#primaryimage","url":"https:\/\/www.qualitel.org\/particuliers\/wp\/..\/uploads\/AdobeStock_537602586.jpg","contentUrl":"https:\/\/www.qualitel.org\/particuliers\/wp\/..\/uploads\/AdobeStock_537602586.jpg","width":1200,"height":800},{"@type":"BreadcrumbList","@id":"https:\/\/www.qualitel.org\/particuliers\/conseils\/petits-logements-preserver-qualite-de-vie\/#breadcrumb","itemListElement":[{"@type":"ListItem","position":1,"name":"Accueil","item":"https:\/\/www.qualitel.org\/particuliers\/"},{"@type":"ListItem","position":2,"name":"Petits logements&nbsp;: comment pr\u00e9server la qualit\u00e9 de vie&nbsp;?"}]},{"@type":"WebSite","@id":"https:\/\/www.qualitel.org\/particuliers\/#website","url":"https:\/\/www.qualitel.org\/particuliers\/","name":"Qualitel | Particuliers","description":"","publisher":{"@id":"https:\/\/www.qualitel.org\/particuliers\/#organization"},"potentialAction":[{"@type":"SearchAction","target":{"@type":"EntryPoint","urlTemplate":"https:\/\/www.qualitel.org\/particuliers\/?s={search_term_string}"},"query-input":{"@type":"PropertyValueSpecification","valueRequired":true,"valueName":"search_term_string"}}],"inLanguage":"fr-FR"},{"@type":"Organization","@id":"https:\/\/www.qualitel.org\/particuliers\/#organization","name":"Qualitel | Particuliers","url":"https:\/\/www.qualitel.org\/particuliers\/","logo":{"@type":"ImageObject","inLanguage":"fr-FR","@id":"https:\/\/www.qualitel.org\/particuliers\/#\/schema\/logo\/image\/","url":"https:\/\/www.qualitel.org\/particuliers\/wp\/..\/uploads\/qualitel-squarelogo-1456752654225.png","contentUrl":"https:\/\/www.qualitel.org\/particuliers\/wp\/..\/uploads\/qualitel-squarelogo-1456752654225.png","width":180,"height":180,"caption":"Qualitel | Particuliers"},"image":{"@id":"https:\/\/www.qualitel.org\/particuliers\/#\/schema\/logo\/image\/"},"sameAs":["https:\/\/www.facebook.com\/groupequalitel\/","https:\/\/x.com\/groupeQUALITEL","https:\/\/www.instagram.com\/associationqualitel\/","https:\/\/www.pinterest.fr\/associationqualitel\/"]},{"@type":"Person","@id":"https:\/\/www.qualitel.org\/particuliers\/#\/schema\/person\/8ecdccaad3bba102bae727749c8a10fa","name":"Julie CARNEZ","image":{"@type":"ImageObject","inLanguage":"fr-FR","@id":"https:\/\/www.qualitel.org\/particuliers\/#\/schema\/person\/image\/","url":"https:\/\/secure.gravatar.com\/avatar\/41fcfdc51e7305fd5b17ead841bd2e1f6a982b0f5ccaf899636b8ccab25ca5b1?s=96&d=mm&r=g","contentUrl":"https:\/\/secure.gravatar.com\/avatar\/41fcfdc51e7305fd5b17ead841bd2e1f6a982b0f5ccaf899636b8ccab25ca5b1?s=96&d=mm&r=g","caption":"Julie CARNEZ"}}]}},"_links":{"self":[{"href":"https:\/\/www.qualitel.org\/particuliers\/wp-json\/wp\/v2\/posts\/53315","targetHints":{"allow":["GET"]}}],"collection":[{"href":"https:\/\/www.qualitel.org\/particuliers\/wp-json\/wp\/v2\/posts"}],"about":[{"href":"https:\/\/www.qualitel.org\/particuliers\/wp-json\/wp\/v2\/types\/post"}],"author":[{"embeddable":true,"href":"https:\/\/www.qualitel.org\/particuliers\/wp-json\/wp\/v2\/users\/24"}],"replies":[{"embeddable":true,"href":"https:\/\/www.qualitel.org\/particuliers\/wp-json\/wp\/v2\/comments?post=53315"}],"version-history":[{"count":9,"href":"https:\/\/www.qualitel.org\/particuliers\/wp-json\/wp\/v2\/posts\/53315\/revisions"}],"predecessor-version":[{"id":53380,"href":"https:\/\/www.qualitel.org\/particuliers\/wp-json\/wp\/v2\/posts\/53315\/revisions\/53380"}],"wp:featuredmedia":[{"embeddable":true,"href":"https:\/\/www.qualitel.org\/particuliers\/wp-json\/wp\/v2\/media\/53316"}],"wp:attachment":[{"href":"https:\/\/www.qualitel.org\/particuliers\/wp-json\/wp\/v2\/media?parent=53315"}],"wp:term":[{"taxonomy":"category","embeddable":true,"href":"https:\/\/www.qualitel.org\/particuliers\/wp-json\/wp\/v2\/categories?post=53315"},{"taxonomy":"tags","embeddable":true,"href":"https:\/\/www.qualitel.org\/particuliers\/wp-json\/wp\/v2\/tags?post=53315"},{"taxonomy":"article_type","embeddable":true,"href":"https:\/\/www.qualitel.org\/particuliers\/wp-json\/wp\/v2\/article_type?post=53315"},{"taxonomy":"benefice","embeddable":true,"href":"https:\/\/www.qualitel.org\/particuliers\/wp-json\/wp\/v2\/benefice?post=53315"}],"curies":[{"name":"wp","href":"https:\/\/api.w.org\/{rel}","templated":true}]}}