{"id":53327,"date":"2026-04-27T10:47:05","date_gmt":"2026-04-27T08:47:05","guid":{"rendered":"https:\/\/www.qualitel.org\/particuliers\/?p=53327"},"modified":"2026-04-27T10:47:10","modified_gmt":"2026-04-27T08:47:10","slug":"4-criteres-pour-bien-choisir-votre-seche-serviettes","status":"publish","type":"post","link":"https:\/\/www.qualitel.org\/particuliers\/conseils\/4-criteres-pour-bien-choisir-votre-seche-serviettes\/","title":{"rendered":"4 crit\u00e8res pour bien choisir votre s\u00e8che-serviettes"},"content":{"rendered":"<h2>L\u2019essentiel<\/h2>\n<ul>\n<li>Un s\u00e8che-serviettes adapt\u00e9 am\u00e9liore le confort et limite l\u2019humidit\u00e9 dans la salle de bains.<\/li>\n<li><strong>La puissance doit \u00eatre adapt\u00e9e \u00e0 la surface<\/strong>&nbsp;: un appareil sous-dimensionn\u00e9 chauffe mal.<\/li>\n<li>Le type d\u2019appareil influence l\u2019usage&nbsp;: le s\u00e8che-serviette peut \u00eatre \u00e9lectrique, \u00e0 eau chaude ou mixte.<\/li>\n<li>La r\u00e9gulation est d\u00e9terminante pour \u00e9viter les variations de temp\u00e9rature.<\/li>\n<li>L\u2019installation impacte directement l\u2019efficacit\u00e9 du chauffage et du s\u00e9chage.<\/li>\n<\/ul>\n<h2><strong>Une pi\u00e8ce sensible \u00e0 l\u2019humidit\u00e9<\/strong><\/h2>\n<p>La salle de bains concentre des usages qui produisent <strong>beaucoup de vapeur d\u2019eau<\/strong>&nbsp;: douche, bain, s\u00e9chage du linge.<\/p>\n<p>Sans chauffage suffisant ni \u00e9vacuation de l\u2019humidit\u00e9, cette vapeur se condense sur les parois, favorisant <a href=\"https:\/\/www.qualitel.org\/particuliers\/conseils\/moisissures-comment-lutter-contre-afin-dameliorer-la-qualite-de-lair-dans-votre-logement\/\">moisissures<\/a> et d\u00e9gradations.<\/p>\n<p>Selon une <a href=\"https:\/\/www.qualitel.org\/magazine\/publication-etude-inedite-sur-etat-des-lieux-logement-des-francais\/\">enqu\u00eate publi\u00e9e par l\u2019Association <\/a><a href=\"https:\/\/www.qualitel.org\/magazine\/publication-etude-inedite-sur-etat-des-lieux-logement-des-francais\/\">QUALITEL<\/a>, pr\u00e8s d\u20191 logement sur 5 pr\u00e9sente des moisissures visibles \u00e0 l\u2019oeil nu.<\/p>\n<p>Le s\u00e8che-serviettes joue ici un r\u00f4le double&nbsp;: chauffer la pi\u00e8ce et acc\u00e9l\u00e9rer le s\u00e9chage des textiles, ce qui limite l\u2019humidit\u00e9 ambiante et donc l\u2019apparition de moisissures.<\/p>\n<h2><strong>1. Une puissance adapt\u00e9e \u00e0 la surface<\/strong><\/h2>\n<p>Le premier crit\u00e8re \u00e0 prendre en compte est la puissance de l\u2019appareil. Elle doit correspondre au volume de la salle de bains.<\/p>\n<p>Un appareil sous-dimensionn\u00e9 ne permettra pas d\u2019atteindre une temp\u00e9rature confortable, surtout en hiver. \u00c0 l\u2019inverse, une puissance trop \u00e9lev\u00e9e peut entra\u00eener des <strong>surchauffes inutiles<\/strong>.<\/p>\n<p>Dans les petites salles de bains, fr\u00e9quentes en appartement, la mont\u00e9e en temp\u00e9rature est rapide, mais les pertes de chaleur le sont aussi.<\/p>\n<p>Le bon dimensionnement permet <strong>d\u2019\u00e9viter ces variations<\/strong> et de <strong>maintenir une temp\u00e9rature stable<\/strong>.<\/p>\n<h2><strong>2. Un type d\u2019appareil coh\u00e9rent avec le logement<\/strong><\/h2>\n<p>Il existe trois grandes cat\u00e9gories de s\u00e8che-serviettes&nbsp;: <strong>\u00e9lectrique<\/strong>, \u00e0 <strong>eau chaude<\/strong> (raccord\u00e9 au chauffage central) et <strong>mixte<\/strong>.<\/p>\n<p>Le choix d\u00e9pend du <a href=\"https:\/\/www.qualitel.org\/particuliers\/equipements-et-materiaux\/chauffage\/\">syst\u00e8me de chauffage<\/a> existant et des usages&nbsp;:<\/p>\n<ul>\n<li>un mod\u00e8le \u00e9lectrique est simple \u00e0 installer et adapt\u00e9 aux r\u00e9novations&nbsp;;<\/li>\n<li>un mod\u00e8le \u00e0 eau chaude est coh\u00e9rent dans un logement d\u00e9j\u00e0 \u00e9quip\u00e9 d\u2019un chauffage central&nbsp;;<\/li>\n<li>le mod\u00e8le mixte permet un usage toute l\u2019ann\u00e9e, y compris lorsque le chauffage collectif est arr\u00eat\u00e9.<\/li>\n<\/ul>\n<h2><strong>3. Une r\u00e9gulation pr\u00e9cise pour le confort<\/strong><\/h2>\n<p>La r\u00e9gulation joue un r\u00f4le direct sur le <a href=\"https:\/\/www.qualitel.org\/particuliers\/travaux-renovation\/confort-thermique\/\">confort thermique<\/a>.<\/p>\n<p>Un thermostat permet d\u2019ajuster la temp\u00e9rature selon les moments de la journ\u00e9e. Par exemple, il est possible de pr\u00e9voir une temp\u00e9rature plus \u00e9lev\u00e9e lors de l\u2019utilisation de la salle de bains.<\/p>\n<p>Certains \u00e9quipements proposent des fonctions de <strong>programmation<\/strong> ou de <strong>d\u00e9tection d\u2019ouverture de fen\u00eatre<\/strong>.<\/p>\n<p>Dans les petits espaces, ces r\u00e9glages \u00e9vitent les variations rapides de temp\u00e9rature.<\/p>\n<h2><strong>4. Une installation qui favorise les usages<\/strong><\/h2>\n<p>L\u2019emplacement du s\u00e8che-serviettes influence directement son efficacit\u00e9.<\/p>\n<p>Install\u00e9 trop loin de la douche ou mal positionn\u00e9, il chauffe moins bien et s\u00e8che moins efficacement les serviettes.<\/p>\n<p>\u00c0 l\u2019inverse, un appareil <strong>bien plac\u00e9<\/strong> permet une diffusion <strong>homog\u00e8ne<\/strong> de la chaleur, un s\u00e9chage plus <strong>rapide<\/strong> et une <strong>r\u00e9duction<\/strong> de l\u2019humidit\u00e9 dans la pi\u00e8ce.<\/p>\n<p>Il est aussi important de ne pas surcharger l\u2019appareil, au risque de bloquer la circulation de l\u2019air chaud.<\/p>\n<h2><strong>Ce que retient QUALITEL<\/strong><\/h2>\n<p>Les \u00e9quipements de chauffage participent directement \u00e0 la qualit\u00e9 d\u2019usage du logement, en particulier dans les pi\u00e8ces humides.<\/p>\n<p>Dans une salle de bain, il est essentiel de&nbsp;:<\/p>\n<ul>\n<li>maintenir une temp\u00e9rature stable&nbsp;;<\/li>\n<li>limiter l\u2019humidit\u00e9&nbsp;;<\/li>\n<li>adapter les \u00e9quipements \u00e0 la taille de la pi\u00e8ce&nbsp;;<\/li>\n<li>faciliter les usages quotidiens.<\/li>\n<\/ul>\n<p>Ces \u00e9l\u00e9ments influencent directement le confort ressenti au quotidien.<\/p>\n","protected":false},"excerpt":{"rendered":"<p>L\u2019essentiel Un s\u00e8che-serviettes adapt\u00e9 am\u00e9liore le confort et limite l\u2019humidit\u00e9 dans la salle de bains. La puissance doit \u00eatre adapt\u00e9e \u00e0 la surface&nbsp;: un appareil sous-dimensionn\u00e9 chauffe mal. Le type d\u2019appareil influence l\u2019usage&nbsp;: le s\u00e8che-serviette peut \u00eatre \u00e9lectrique, \u00e0 eau chaude ou mixte. La r\u00e9gulation est d\u00e9terminante pour \u00e9viter les variations de temp\u00e9rature. L\u2019installation impacte \u2026 <\/p>\n","protected":false},"author":24,"featured_media":53332,"comment_status":"closed","ping_status":"closed","sticky":false,"template":"","format":"standard","meta":{"_acf_changed":false,"wp_typography_post_enhancements_disabled":false,"footnotes":""},"categories":[203,208],"tags":[468,436,443,487,434,489,442],"article_type":[539],"benefice":[348,349],"class_list":["post-53327","post","type-post","status-publish","format-standard","has-post-thumbnail","hentry","category-confort","category-eco-responsabilite","tags-chauffage","tags-choix-equipement","tags-energie","tags-entretien","tags-salle-de-bain","tags-thermique","tags-ventilation","article_type-tendance","benefice-confort","benefice-eco-responsabilite"],"acf":[],"yoast_head":"<!-- This site is optimized with the Yoast SEO plugin v26.2 - https:\/\/yoast.com\/wordpress\/plugins\/seo\/ -->\n<title>4 crit\u00e8res pour bien choisir votre s\u00e8che-serviettes - Qualitel | Particuliers<\/title>\n<meta name=\"description\" content=\"\u00c9quipement courant dans les salles de bains, le s\u00e8che-serviettes ne se limite pas au confort d\u2019avoir des serviettes chaudes. Il participe aussi au chauffage de la pi\u00e8ce et \u00e0 la gestion de l\u2019humidit\u00e9, deux enjeux importants dans un logement.\" \/>\n<meta name=\"robots\" content=\"index, follow, max-snippet:-1, max-image-preview:large, max-video-preview:-1\" \/>\n<link rel=\"canonical\" href=\"https:\/\/www.qualitel.org\/particuliers\/conseils\/4-criteres-pour-bien-choisir-votre-seche-serviettes\/\" \/>\n<meta property=\"og:locale\" content=\"fr_FR\" \/>\n<meta property=\"og:type\" content=\"article\" \/>\n<meta property=\"og:title\" content=\"4 crit\u00e8res pour bien choisir votre s\u00e8che-serviettes - Qualitel | Particuliers\" \/>\n<meta property=\"og:description\" content=\"\u00c9quipement courant dans les salles de bains, le s\u00e8che-serviettes ne se limite pas au confort d\u2019avoir des serviettes chaudes. Il participe aussi au chauffage de la pi\u00e8ce et \u00e0 la gestion de l\u2019humidit\u00e9, deux enjeux importants dans un logement.\" \/>\n<meta property=\"og:url\" content=\"https:\/\/www.qualitel.org\/particuliers\/conseils\/4-criteres-pour-bien-choisir-votre-seche-serviettes\/\" \/>\n<meta property=\"og:site_name\" content=\"Qualitel | Particuliers\" \/>\n<meta property=\"article:publisher\" content=\"https:\/\/www.facebook.com\/groupequalitel\/\" \/>\n<meta property=\"article:published_time\" content=\"2026-04-27T08:47:05+00:00\" \/>\n<meta property=\"article:modified_time\" content=\"2026-04-27T08:47:10+00:00\" \/>\n<meta property=\"og:image\" content=\"https:\/\/www.qualitel.org\/particuliers\/wp\/..\/uploads\/AdobeStock_412137347.jpg\" \/>\n\t<meta property=\"og:image:width\" content=\"1200\" \/>\n\t<meta property=\"og:image:height\" content=\"800\" \/>\n\t<meta property=\"og:image:type\" content=\"image\/jpeg\" \/>\n<meta name=\"author\" content=\"Julie CARNEZ\" \/>\n<meta name=\"twitter:card\" content=\"summary_large_image\" \/>\n<meta name=\"twitter:description\" content=\"\u00c9quipement courant dans les salles de bains, le s\u00e8che-serviettes ne se limite pas au confort d\u2019avoir des serviettes chaudes. Il participe aussi au chauffage de la pi\u00e8ce et \u00e0 la gestion de l\u2019humidit\u00e9, deux enjeux importants dans un logement.\n\" \/>\n<meta name=\"twitter:creator\" content=\"@groupeQUALITEL\" \/>\n<meta name=\"twitter:site\" content=\"@groupeQUALITEL\" \/>\n<meta name=\"twitter:label1\" content=\"Written by\" \/>\n\t<meta name=\"twitter:data1\" content=\"Julie CARNEZ\" \/>\n\t<meta name=\"twitter:label2\" content=\"Est. reading time\" \/>\n\t<meta name=\"twitter:data2\" content=\"6 minutes\" \/>\n<script type=\"application\/ld+json\" class=\"yoast-schema-graph\">{\"@context\":\"https:\/\/schema.org\",\"@graph\":[{\"@type\":\"Article\",\"@id\":\"https:\/\/www.qualitel.org\/particuliers\/conseils\/4-criteres-pour-bien-choisir-votre-seche-serviettes\/#article\",\"isPartOf\":{\"@id\":\"https:\/\/www.qualitel.org\/particuliers\/conseils\/4-criteres-pour-bien-choisir-votre-seche-serviettes\/\"},\"author\":{\"name\":\"Julie CARNEZ\",\"@id\":\"https:\/\/www.qualitel.org\/particuliers\/#\/schema\/person\/8ecdccaad3bba102bae727749c8a10fa\"},\"headline\":\"4 crit\u00e8res pour bien choisir votre s\u00e8che-serviettes\",\"datePublished\":\"2026-04-27T08:47:05+00:00\",\"dateModified\":\"2026-04-27T08:47:10+00:00\",\"mainEntityOfPage\":{\"@id\":\"https:\/\/www.qualitel.org\/particuliers\/conseils\/4-criteres-pour-bien-choisir-votre-seche-serviettes\/\"},\"wordCount\":609,\"publisher\":{\"@id\":\"https:\/\/www.qualitel.org\/particuliers\/#organization\"},\"image\":{\"@id\":\"https:\/\/www.qualitel.org\/particuliers\/conseils\/4-criteres-pour-bien-choisir-votre-seche-serviettes\/#primaryimage\"},\"thumbnailUrl\":\"https:\/\/www.qualitel.org\/particuliers\/wp\/..\/uploads\/AdobeStock_412137347.jpg\",\"articleSection\":[\"Confort\",\"\u00c9co-responsabilit\u00e9\"],\"inLanguage\":\"fr-FR\"},{\"@type\":\"WebPage\",\"@id\":\"https:\/\/www.qualitel.org\/particuliers\/conseils\/4-criteres-pour-bien-choisir-votre-seche-serviettes\/\",\"url\":\"https:\/\/www.qualitel.org\/particuliers\/conseils\/4-criteres-pour-bien-choisir-votre-seche-serviettes\/\",\"name\":\"4 crit\u00e8res pour bien choisir votre s\u00e8che-serviettes - Qualitel | Particuliers\",\"isPartOf\":{\"@id\":\"https:\/\/www.qualitel.org\/particuliers\/#website\"},\"primaryImageOfPage\":{\"@id\":\"https:\/\/www.qualitel.org\/particuliers\/conseils\/4-criteres-pour-bien-choisir-votre-seche-serviettes\/#primaryimage\"},\"image\":{\"@id\":\"https:\/\/www.qualitel.org\/particuliers\/conseils\/4-criteres-pour-bien-choisir-votre-seche-serviettes\/#primaryimage\"},\"thumbnailUrl\":\"https:\/\/www.qualitel.org\/particuliers\/wp\/..\/uploads\/AdobeStock_412137347.jpg\",\"datePublished\":\"2026-04-27T08:47:05+00:00\",\"dateModified\":\"2026-04-27T08:47:10+00:00\",\"description\":\"\u00c9quipement courant dans les salles de bains, le s\u00e8che-serviettes ne se limite pas au confort d\u2019avoir des serviettes chaudes. Il participe aussi au chauffage de la pi\u00e8ce et \u00e0 la gestion de l\u2019humidit\u00e9, deux enjeux importants dans un logement.\",\"breadcrumb\":{\"@id\":\"https:\/\/www.qualitel.org\/particuliers\/conseils\/4-criteres-pour-bien-choisir-votre-seche-serviettes\/#breadcrumb\"},\"inLanguage\":\"fr-FR\",\"potentialAction\":[{\"@type\":\"ReadAction\",\"target\":[\"https:\/\/www.qualitel.org\/particuliers\/conseils\/4-criteres-pour-bien-choisir-votre-seche-serviettes\/\"]}]},{\"@type\":\"ImageObject\",\"inLanguage\":\"fr-FR\",\"@id\":\"https:\/\/www.qualitel.org\/particuliers\/conseils\/4-criteres-pour-bien-choisir-votre-seche-serviettes\/#primaryimage\",\"url\":\"https:\/\/www.qualitel.org\/particuliers\/wp\/..\/uploads\/AdobeStock_412137347.jpg\",\"contentUrl\":\"https:\/\/www.qualitel.org\/particuliers\/wp\/..\/uploads\/AdobeStock_412137347.jpg\",\"width\":1200,\"height\":800},{\"@type\":\"BreadcrumbList\",\"@id\":\"https:\/\/www.qualitel.org\/particuliers\/conseils\/4-criteres-pour-bien-choisir-votre-seche-serviettes\/#breadcrumb\",\"itemListElement\":[{\"@type\":\"ListItem\",\"position\":1,\"name\":\"Accueil\",\"item\":\"https:\/\/www.qualitel.org\/particuliers\/\"},{\"@type\":\"ListItem\",\"position\":2,\"name\":\"4 crit\u00e8res pour bien choisir votre s\u00e8che-serviettes\"}]},{\"@type\":\"WebSite\",\"@id\":\"https:\/\/www.qualitel.org\/particuliers\/#website\",\"url\":\"https:\/\/www.qualitel.org\/particuliers\/\",\"name\":\"Qualitel | Particuliers\",\"description\":\"\",\"publisher\":{\"@id\":\"https:\/\/www.qualitel.org\/particuliers\/#organization\"},\"potentialAction\":[{\"@type\":\"SearchAction\",\"target\":{\"@type\":\"EntryPoint\",\"urlTemplate\":\"https:\/\/www.qualitel.org\/particuliers\/?s={search_term_string}\"},\"query-input\":{\"@type\":\"PropertyValueSpecification\",\"valueRequired\":true,\"valueName\":\"search_term_string\"}}],\"inLanguage\":\"fr-FR\"},{\"@type\":\"Organization\",\"@id\":\"https:\/\/www.qualitel.org\/particuliers\/#organization\",\"name\":\"Qualitel | Particuliers\",\"url\":\"https:\/\/www.qualitel.org\/particuliers\/\",\"logo\":{\"@type\":\"ImageObject\",\"inLanguage\":\"fr-FR\",\"@id\":\"https:\/\/www.qualitel.org\/particuliers\/#\/schema\/logo\/image\/\",\"url\":\"https:\/\/www.qualitel.org\/particuliers\/wp\/..\/uploads\/qualitel-squarelogo-1456752654225.png\",\"contentUrl\":\"https:\/\/www.qualitel.org\/particuliers\/wp\/..\/uploads\/qualitel-squarelogo-1456752654225.png\",\"width\":180,\"height\":180,\"caption\":\"Qualitel | Particuliers\"},\"image\":{\"@id\":\"https:\/\/www.qualitel.org\/particuliers\/#\/schema\/logo\/image\/\"},\"sameAs\":[\"https:\/\/www.facebook.com\/groupequalitel\/\",\"https:\/\/x.com\/groupeQUALITEL\",\"https:\/\/www.instagram.com\/associationqualitel\/\",\"https:\/\/www.pinterest.fr\/associationqualitel\/\"]},{\"@type\":\"Person\",\"@id\":\"https:\/\/www.qualitel.org\/particuliers\/#\/schema\/person\/8ecdccaad3bba102bae727749c8a10fa\",\"name\":\"Julie CARNEZ\",\"image\":{\"@type\":\"ImageObject\",\"inLanguage\":\"fr-FR\",\"@id\":\"https:\/\/www.qualitel.org\/particuliers\/#\/schema\/person\/image\/\",\"url\":\"https:\/\/secure.gravatar.com\/avatar\/41fcfdc51e7305fd5b17ead841bd2e1f6a982b0f5ccaf899636b8ccab25ca5b1?s=96&d=mm&r=g\",\"contentUrl\":\"https:\/\/secure.gravatar.com\/avatar\/41fcfdc51e7305fd5b17ead841bd2e1f6a982b0f5ccaf899636b8ccab25ca5b1?s=96&d=mm&r=g\",\"caption\":\"Julie CARNEZ\"}}]}<\/script>\n<!-- \/ Yoast SEO plugin. -->","yoast_head_json":{"title":"4 crit\u00e8res pour bien choisir votre s\u00e8che-serviettes - Qualitel | Particuliers","description":"\u00c9quipement courant dans les salles de bains, le s\u00e8che-serviettes ne se limite pas au confort d\u2019avoir des serviettes chaudes. Il participe aussi au chauffage de la pi\u00e8ce et \u00e0 la gestion de l\u2019humidit\u00e9, deux enjeux importants dans un logement.","robots":{"index":"index","follow":"follow","max-snippet":"max-snippet:-1","max-image-preview":"max-image-preview:large","max-video-preview":"max-video-preview:-1"},"canonical":"https:\/\/www.qualitel.org\/particuliers\/conseils\/4-criteres-pour-bien-choisir-votre-seche-serviettes\/","og_locale":"fr_FR","og_type":"article","og_title":"4 crit\u00e8res pour bien choisir votre s\u00e8che-serviettes - Qualitel | Particuliers","og_description":"\u00c9quipement courant dans les salles de bains, le s\u00e8che-serviettes ne se limite pas au confort d\u2019avoir des serviettes chaudes. Il participe aussi au chauffage de la pi\u00e8ce et \u00e0 la gestion de l\u2019humidit\u00e9, deux enjeux importants dans un logement.","og_url":"https:\/\/www.qualitel.org\/particuliers\/conseils\/4-criteres-pour-bien-choisir-votre-seche-serviettes\/","og_site_name":"Qualitel | Particuliers","article_publisher":"https:\/\/www.facebook.com\/groupequalitel\/","article_published_time":"2026-04-27T08:47:05+00:00","article_modified_time":"2026-04-27T08:47:10+00:00","og_image":[{"width":1200,"height":800,"url":"https:\/\/www.qualitel.org\/particuliers\/wp\/..\/uploads\/AdobeStock_412137347.jpg","type":"image\/jpeg"}],"author":"Julie CARNEZ","twitter_card":"summary_large_image","twitter_description":"\u00c9quipement courant dans les salles de bains, le s\u00e8che-serviettes ne se limite pas au confort d\u2019avoir des serviettes chaudes. Il participe aussi au chauffage de la pi\u00e8ce et \u00e0 la gestion de l\u2019humidit\u00e9, deux enjeux importants dans un logement.\n","twitter_creator":"@groupeQUALITEL","twitter_site":"@groupeQUALITEL","twitter_misc":{"Written by":"Julie CARNEZ","Est. reading time":"6 minutes"},"schema":{"@context":"https:\/\/schema.org","@graph":[{"@type":"Article","@id":"https:\/\/www.qualitel.org\/particuliers\/conseils\/4-criteres-pour-bien-choisir-votre-seche-serviettes\/#article","isPartOf":{"@id":"https:\/\/www.qualitel.org\/particuliers\/conseils\/4-criteres-pour-bien-choisir-votre-seche-serviettes\/"},"author":{"name":"Julie CARNEZ","@id":"https:\/\/www.qualitel.org\/particuliers\/#\/schema\/person\/8ecdccaad3bba102bae727749c8a10fa"},"headline":"4 crit\u00e8res pour bien choisir votre s\u00e8che-serviettes","datePublished":"2026-04-27T08:47:05+00:00","dateModified":"2026-04-27T08:47:10+00:00","mainEntityOfPage":{"@id":"https:\/\/www.qualitel.org\/particuliers\/conseils\/4-criteres-pour-bien-choisir-votre-seche-serviettes\/"},"wordCount":609,"publisher":{"@id":"https:\/\/www.qualitel.org\/particuliers\/#organization"},"image":{"@id":"https:\/\/www.qualitel.org\/particuliers\/conseils\/4-criteres-pour-bien-choisir-votre-seche-serviettes\/#primaryimage"},"thumbnailUrl":"https:\/\/www.qualitel.org\/particuliers\/wp\/..\/uploads\/AdobeStock_412137347.jpg","articleSection":["Confort","\u00c9co-responsabilit\u00e9"],"inLanguage":"fr-FR"},{"@type":"WebPage","@id":"https:\/\/www.qualitel.org\/particuliers\/conseils\/4-criteres-pour-bien-choisir-votre-seche-serviettes\/","url":"https:\/\/www.qualitel.org\/particuliers\/conseils\/4-criteres-pour-bien-choisir-votre-seche-serviettes\/","name":"4 crit\u00e8res pour bien choisir votre s\u00e8che-serviettes - Qualitel | Particuliers","isPartOf":{"@id":"https:\/\/www.qualitel.org\/particuliers\/#website"},"primaryImageOfPage":{"@id":"https:\/\/www.qualitel.org\/particuliers\/conseils\/4-criteres-pour-bien-choisir-votre-seche-serviettes\/#primaryimage"},"image":{"@id":"https:\/\/www.qualitel.org\/particuliers\/conseils\/4-criteres-pour-bien-choisir-votre-seche-serviettes\/#primaryimage"},"thumbnailUrl":"https:\/\/www.qualitel.org\/particuliers\/wp\/..\/uploads\/AdobeStock_412137347.jpg","datePublished":"2026-04-27T08:47:05+00:00","dateModified":"2026-04-27T08:47:10+00:00","description":"\u00c9quipement courant dans les salles de bains, le s\u00e8che-serviettes ne se limite pas au confort d\u2019avoir des serviettes chaudes. Il participe aussi au chauffage de la pi\u00e8ce et \u00e0 la gestion de l\u2019humidit\u00e9, deux enjeux importants dans un logement.","breadcrumb":{"@id":"https:\/\/www.qualitel.org\/particuliers\/conseils\/4-criteres-pour-bien-choisir-votre-seche-serviettes\/#breadcrumb"},"inLanguage":"fr-FR","potentialAction":[{"@type":"ReadAction","target":["https:\/\/www.qualitel.org\/particuliers\/conseils\/4-criteres-pour-bien-choisir-votre-seche-serviettes\/"]}]},{"@type":"ImageObject","inLanguage":"fr-FR","@id":"https:\/\/www.qualitel.org\/particuliers\/conseils\/4-criteres-pour-bien-choisir-votre-seche-serviettes\/#primaryimage","url":"https:\/\/www.qualitel.org\/particuliers\/wp\/..\/uploads\/AdobeStock_412137347.jpg","contentUrl":"https:\/\/www.qualitel.org\/particuliers\/wp\/..\/uploads\/AdobeStock_412137347.jpg","width":1200,"height":800},{"@type":"BreadcrumbList","@id":"https:\/\/www.qualitel.org\/particuliers\/conseils\/4-criteres-pour-bien-choisir-votre-seche-serviettes\/#breadcrumb","itemListElement":[{"@type":"ListItem","position":1,"name":"Accueil","item":"https:\/\/www.qualitel.org\/particuliers\/"},{"@type":"ListItem","position":2,"name":"4 crit\u00e8res pour bien choisir votre s\u00e8che-serviettes"}]},{"@type":"WebSite","@id":"https:\/\/www.qualitel.org\/particuliers\/#website","url":"https:\/\/www.qualitel.org\/particuliers\/","name":"Qualitel | Particuliers","description":"","publisher":{"@id":"https:\/\/www.qualitel.org\/particuliers\/#organization"},"potentialAction":[{"@type":"SearchAction","target":{"@type":"EntryPoint","urlTemplate":"https:\/\/www.qualitel.org\/particuliers\/?s={search_term_string}"},"query-input":{"@type":"PropertyValueSpecification","valueRequired":true,"valueName":"search_term_string"}}],"inLanguage":"fr-FR"},{"@type":"Organization","@id":"https:\/\/www.qualitel.org\/particuliers\/#organization","name":"Qualitel | Particuliers","url":"https:\/\/www.qualitel.org\/particuliers\/","logo":{"@type":"ImageObject","inLanguage":"fr-FR","@id":"https:\/\/www.qualitel.org\/particuliers\/#\/schema\/logo\/image\/","url":"https:\/\/www.qualitel.org\/particuliers\/wp\/..\/uploads\/qualitel-squarelogo-1456752654225.png","contentUrl":"https:\/\/www.qualitel.org\/particuliers\/wp\/..\/uploads\/qualitel-squarelogo-1456752654225.png","width":180,"height":180,"caption":"Qualitel | Particuliers"},"image":{"@id":"https:\/\/www.qualitel.org\/particuliers\/#\/schema\/logo\/image\/"},"sameAs":["https:\/\/www.facebook.com\/groupequalitel\/","https:\/\/x.com\/groupeQUALITEL","https:\/\/www.instagram.com\/associationqualitel\/","https:\/\/www.pinterest.fr\/associationqualitel\/"]},{"@type":"Person","@id":"https:\/\/www.qualitel.org\/particuliers\/#\/schema\/person\/8ecdccaad3bba102bae727749c8a10fa","name":"Julie CARNEZ","image":{"@type":"ImageObject","inLanguage":"fr-FR","@id":"https:\/\/www.qualitel.org\/particuliers\/#\/schema\/person\/image\/","url":"https:\/\/secure.gravatar.com\/avatar\/41fcfdc51e7305fd5b17ead841bd2e1f6a982b0f5ccaf899636b8ccab25ca5b1?s=96&d=mm&r=g","contentUrl":"https:\/\/secure.gravatar.com\/avatar\/41fcfdc51e7305fd5b17ead841bd2e1f6a982b0f5ccaf899636b8ccab25ca5b1?s=96&d=mm&r=g","caption":"Julie CARNEZ"}}]}},"_links":{"self":[{"href":"https:\/\/www.qualitel.org\/particuliers\/wp-json\/wp\/v2\/posts\/53327","targetHints":{"allow":["GET"]}}],"collection":[{"href":"https:\/\/www.qualitel.org\/particuliers\/wp-json\/wp\/v2\/posts"}],"about":[{"href":"https:\/\/www.qualitel.org\/particuliers\/wp-json\/wp\/v2\/types\/post"}],"author":[{"embeddable":true,"href":"https:\/\/www.qualitel.org\/particuliers\/wp-json\/wp\/v2\/users\/24"}],"replies":[{"embeddable":true,"href":"https:\/\/www.qualitel.org\/particuliers\/wp-json\/wp\/v2\/comments?post=53327"}],"version-history":[{"count":8,"href":"https:\/\/www.qualitel.org\/particuliers\/wp-json\/wp\/v2\/posts\/53327\/revisions"}],"predecessor-version":[{"id":53347,"href":"https:\/\/www.qualitel.org\/particuliers\/wp-json\/wp\/v2\/posts\/53327\/revisions\/53347"}],"wp:featuredmedia":[{"embeddable":true,"href":"https:\/\/www.qualitel.org\/particuliers\/wp-json\/wp\/v2\/media\/53332"}],"wp:attachment":[{"href":"https:\/\/www.qualitel.org\/particuliers\/wp-json\/wp\/v2\/media?parent=53327"}],"wp:term":[{"taxonomy":"category","embeddable":true,"href":"https:\/\/www.qualitel.org\/particuliers\/wp-json\/wp\/v2\/categories?post=53327"},{"taxonomy":"tags","embeddable":true,"href":"https:\/\/www.qualitel.org\/particuliers\/wp-json\/wp\/v2\/tags?post=53327"},{"taxonomy":"article_type","embeddable":true,"href":"https:\/\/www.qualitel.org\/particuliers\/wp-json\/wp\/v2\/article_type?post=53327"},{"taxonomy":"benefice","embeddable":true,"href":"https:\/\/www.qualitel.org\/particuliers\/wp-json\/wp\/v2\/benefice?post=53327"}],"curies":[{"name":"wp","href":"https:\/\/api.w.org\/{rel}","templated":true}]}}