{"id":112664,"date":"2025-06-02T17:51:32","date_gmt":"2025-06-02T15:51:32","guid":{"rendered":"https:\/\/www.qualitel.org\/professionnels\/?p=112664"},"modified":"2025-06-02T17:51:32","modified_gmt":"2025-06-02T15:51:32","slug":"qualitel-semac-et-elleny-lancent-un-nouveau-label-giep-dedie-a-lamenagement-urbain-a-la-reunion-une-demarche-pionniere-pour-une-gestion-durable-des-eaux-pluviales","status":"publish","type":"post","link":"https:\/\/www.qualitel.org\/professionnels\/actualites\/qualitel-semac-et-elleny-nouveau-label-giep-amenagement-urbain-a-la-reunion\/","title":{"rendered":"QUALITEL, SEMAC et ELLENY lancent un nouveau label GIEP d\u00e9di\u00e9 \u00e0 l\u2019am\u00e9nagement urbain \u00e0 La R\u00e9union\u202f: une d\u00e9marche pionni\u00e8re pour une gestion durable des eaux pluviales"},"content":{"rendered":"","protected":false},"excerpt":{"rendered":"","protected":false},"author":24,"featured_media":112738,"comment_status":"closed","ping_status":"closed","sticky":false,"template":"","format":"standard","meta":{"_acf_changed":false,"footnotes":""},"tags":[381],"article_type":[368],"class_list":["post-112664","post","type-post","status-publish","format-standard","has-post-thumbnail","hentry","tags-certification","tags-developpement","etiquettes-retour-sur","article_type-actualites"],"acf":[],"yoast_head":"<!-- This site is optimized with the Yoast SEO plugin v26.3 - https:\/\/yoast.com\/wordpress\/plugins\/seo\/ -->\n<title>QUALITEL, SEMAC et ELLENY lancent un nouveau label GIEP d\u00e9di\u00e9 \u00e0 l\u2019am\u00e9nagement urbain \u00e0 La R\u00e9union\u202f: une d\u00e9marche pionni\u00e8re pour une gestion durable des eaux pluviales - Qualitel | Professionnels<\/title>\n<meta name=\"description\" content=\"Vendredi 16\u00a0mai 2025, la Soci\u00e9t\u00e9 d\u2019\u00c9conomie Mixte d\u2019Am\u00e9nagement et de Construction (SEMAC), le cabinet d\u2019ing\u00e9nierie hydraulique ELLENY et l\u2019Association QUALITEL ont pr\u00e9sent\u00e9 officiellement le nouveau r\u00e9f\u00e9rentiel du label \u00ab\u2009Gestion Int\u00e9gr\u00e9e des Eaux Pluviales\u2009\u00bb (GIEP).\" \/>\n<meta name=\"robots\" content=\"index, follow, max-snippet:-1, max-image-preview:large, max-video-preview:-1\" \/>\n<link rel=\"canonical\" href=\"https:\/\/www.qualitel.org\/professionnels\/actualites\/qualitel-semac-et-elleny-nouveau-label-giep-amenagement-urbain-a-la-reunion\/\" \/>\n<meta property=\"og:locale\" content=\"fr_FR\" \/>\n<meta property=\"og:type\" content=\"article\" \/>\n<meta property=\"og:title\" content=\"QUALITEL, SEMAC et ELLENY lancent un nouveau label GIEP d\u00e9di\u00e9 \u00e0 l\u2019am\u00e9nagement urbain \u00e0 La R\u00e9union\u202f: une d\u00e9marche pionni\u00e8re pour une gestion durable des eaux pluviales - Qualitel | Professionnels\" \/>\n<meta property=\"og:description\" content=\"Vendredi 16\u00a0mai 2025, la Soci\u00e9t\u00e9 d\u2019\u00c9conomie Mixte d\u2019Am\u00e9nagement et de Construction (SEMAC), le cabinet d\u2019ing\u00e9nierie hydraulique ELLENY et l\u2019Association QUALITEL ont pr\u00e9sent\u00e9 officiellement le nouveau r\u00e9f\u00e9rentiel du label \u00ab\u2009Gestion Int\u00e9gr\u00e9e des Eaux Pluviales\u2009\u00bb (GIEP).\" \/>\n<meta property=\"og:url\" content=\"https:\/\/www.qualitel.org\/professionnels\/actualites\/qualitel-semac-et-elleny-nouveau-label-giep-amenagement-urbain-a-la-reunion\/\" \/>\n<meta property=\"og:site_name\" content=\"Qualitel | Professionnels\" \/>\n<meta property=\"article:publisher\" content=\"https:\/\/www.facebook.com\/groupequalitel\/\" \/>\n<meta property=\"article:published_time\" content=\"2025-06-02T15:51:32+00:00\" \/>\n<meta property=\"og:image\" content=\"https:\/\/www.qualitel.org\/professionnels\/wp\/..\/uploads\/giep-amenagement.jpg\" \/>\n\t<meta property=\"og:image:width\" content=\"900\" \/>\n\t<meta property=\"og:image:height\" content=\"513\" \/>\n\t<meta property=\"og:image:type\" content=\"image\/jpeg\" \/>\n<meta name=\"author\" content=\"Julie CARNEZ\" \/>\n<meta name=\"twitter:card\" content=\"summary_large_image\" \/>\n<meta name=\"twitter:description\" content=\"Vendredi 16\u00a0mai 2025, la Soci\u00e9t\u00e9 d\u2019\u00c9conomie Mixte d\u2019Am\u00e9nagement et de Construction (SEMAC), le cabinet d\u2019ing\u00e9nierie hydraulique ELLENY et l\u2019Association QUALITEL ont pr\u00e9sent\u00e9 officiellement le nouveau r\u00e9f\u00e9rentiel du label \u00ab\u2009Gestion Int\u00e9gr\u00e9e des Eaux Pluviales\u2009\u00bb (GIEP).\n\" \/>\n<meta name=\"twitter:creator\" content=\"@groupeQUALITEL\" \/>\n<meta name=\"twitter:site\" content=\"@groupeQUALITEL\" \/>\n<meta name=\"twitter:label1\" content=\"Written by\" \/>\n\t<meta name=\"twitter:data1\" content=\"Julie CARNEZ\" \/>\n\t<meta name=\"twitter:label2\" content=\"Est. reading time\" \/>\n\t<meta name=\"twitter:data2\" content=\"5 minutes\" \/>\n<script type=\"application\/ld+json\" class=\"yoast-schema-graph\">{\"@context\":\"https:\/\/schema.org\",\"@graph\":[{\"@type\":\"Article\",\"@id\":\"https:\/\/www.qualitel.org\/professionnels\/actualites\/qualitel-semac-et-elleny-nouveau-label-giep-amenagement-urbain-a-la-reunion\/#article\",\"isPartOf\":{\"@id\":\"https:\/\/www.qualitel.org\/professionnels\/actualites\/qualitel-semac-et-elleny-nouveau-label-giep-amenagement-urbain-a-la-reunion\/\"},\"author\":{\"name\":\"Julie CARNEZ\",\"@id\":\"https:\/\/www.qualitel.org\/professionnels\/#\/schema\/person\/8da1b40abc7d27162c267baae6ea6b6e\"},\"headline\":\"QUALITEL, SEMAC et ELLENY lancent un nouveau label GIEP d\u00e9di\u00e9 \u00e0 l\u2019am\u00e9nagement urbain \u00e0 La R\u00e9union\u202f: une d\u00e9marche pionni\u00e8re pour une gestion durable des eaux pluviales\",\"datePublished\":\"2025-06-02T15:51:32+00:00\",\"mainEntityOfPage\":{\"@id\":\"https:\/\/www.qualitel.org\/professionnels\/actualites\/qualitel-semac-et-elleny-nouveau-label-giep-amenagement-urbain-a-la-reunion\/\"},\"wordCount\":30,\"publisher\":{\"@id\":\"https:\/\/www.qualitel.org\/professionnels\/#organization\"},\"image\":{\"@id\":\"https:\/\/www.qualitel.org\/professionnels\/actualites\/qualitel-semac-et-elleny-nouveau-label-giep-amenagement-urbain-a-la-reunion\/#primaryimage\"},\"thumbnailUrl\":\"https:\/\/www.qualitel.org\/professionnels\/wp\/..\/uploads\/giep-amenagement.jpg\",\"inLanguage\":\"fr-FR\"},{\"@type\":\"WebPage\",\"@id\":\"https:\/\/www.qualitel.org\/professionnels\/actualites\/qualitel-semac-et-elleny-nouveau-label-giep-amenagement-urbain-a-la-reunion\/\",\"url\":\"https:\/\/www.qualitel.org\/professionnels\/actualites\/qualitel-semac-et-elleny-nouveau-label-giep-amenagement-urbain-a-la-reunion\/\",\"name\":\"QUALITEL, SEMAC et ELLENY lancent un nouveau label GIEP d\u00e9di\u00e9 \u00e0 l\u2019am\u00e9nagement urbain \u00e0 La R\u00e9union\u202f: une d\u00e9marche pionni\u00e8re pour une gestion durable des eaux pluviales - Qualitel | Professionnels\",\"isPartOf\":{\"@id\":\"https:\/\/www.qualitel.org\/professionnels\/#website\"},\"primaryImageOfPage\":{\"@id\":\"https:\/\/www.qualitel.org\/professionnels\/actualites\/qualitel-semac-et-elleny-nouveau-label-giep-amenagement-urbain-a-la-reunion\/#primaryimage\"},\"image\":{\"@id\":\"https:\/\/www.qualitel.org\/professionnels\/actualites\/qualitel-semac-et-elleny-nouveau-label-giep-amenagement-urbain-a-la-reunion\/#primaryimage\"},\"thumbnailUrl\":\"https:\/\/www.qualitel.org\/professionnels\/wp\/..\/uploads\/giep-amenagement.jpg\",\"datePublished\":\"2025-06-02T15:51:32+00:00\",\"description\":\"Vendredi 16\u00a0mai 2025, la Soci\u00e9t\u00e9 d\u2019\u00c9conomie Mixte d\u2019Am\u00e9nagement et de Construction (SEMAC), le cabinet d\u2019ing\u00e9nierie hydraulique ELLENY et l\u2019Association QUALITEL ont pr\u00e9sent\u00e9 officiellement le nouveau r\u00e9f\u00e9rentiel du label \u00ab\u2009Gestion Int\u00e9gr\u00e9e des Eaux Pluviales\u2009\u00bb (GIEP).\",\"breadcrumb\":{\"@id\":\"https:\/\/www.qualitel.org\/professionnels\/actualites\/qualitel-semac-et-elleny-nouveau-label-giep-amenagement-urbain-a-la-reunion\/#breadcrumb\"},\"inLanguage\":\"fr-FR\",\"potentialAction\":[{\"@type\":\"ReadAction\",\"target\":[\"https:\/\/www.qualitel.org\/professionnels\/actualites\/qualitel-semac-et-elleny-nouveau-label-giep-amenagement-urbain-a-la-reunion\/\"]}]},{\"@type\":\"ImageObject\",\"inLanguage\":\"fr-FR\",\"@id\":\"https:\/\/www.qualitel.org\/professionnels\/actualites\/qualitel-semac-et-elleny-nouveau-label-giep-amenagement-urbain-a-la-reunion\/#primaryimage\",\"url\":\"https:\/\/www.qualitel.org\/professionnels\/wp\/..\/uploads\/giep-amenagement.jpg\",\"contentUrl\":\"https:\/\/www.qualitel.org\/professionnels\/wp\/..\/uploads\/giep-amenagement.jpg\",\"width\":900,\"height\":513},{\"@type\":\"BreadcrumbList\",\"@id\":\"https:\/\/www.qualitel.org\/professionnels\/actualites\/qualitel-semac-et-elleny-nouveau-label-giep-amenagement-urbain-a-la-reunion\/#breadcrumb\",\"itemListElement\":[{\"@type\":\"ListItem\",\"position\":1,\"name\":\"Accueil\",\"item\":\"https:\/\/www.qualitel.org\/professionnels\/\"},{\"@type\":\"ListItem\",\"position\":2,\"name\":\"QUALITEL, SEMAC et ELLENY lancent un nouveau label GIEP d\u00e9di\u00e9 \u00e0 l\u2019am\u00e9nagement urbain \u00e0 La R\u00e9union\u202f: une d\u00e9marche pionni\u00e8re pour une gestion durable des eaux pluviales\"}]},{\"@type\":\"WebSite\",\"@id\":\"https:\/\/www.qualitel.org\/professionnels\/#website\",\"url\":\"https:\/\/www.qualitel.org\/professionnels\/\",\"name\":\"Qualitel | Professionnels\",\"description\":\"\",\"publisher\":{\"@id\":\"https:\/\/www.qualitel.org\/professionnels\/#organization\"},\"potentialAction\":[{\"@type\":\"SearchAction\",\"target\":{\"@type\":\"EntryPoint\",\"urlTemplate\":\"https:\/\/www.qualitel.org\/professionnels\/?s={search_term_string}\"},\"query-input\":{\"@type\":\"PropertyValueSpecification\",\"valueRequired\":true,\"valueName\":\"search_term_string\"}}],\"inLanguage\":\"fr-FR\"},{\"@type\":\"Organization\",\"@id\":\"https:\/\/www.qualitel.org\/professionnels\/#organization\",\"name\":\"Qualitel\",\"url\":\"https:\/\/www.qualitel.org\/professionnels\/\",\"logo\":{\"@type\":\"ImageObject\",\"inLanguage\":\"fr-FR\",\"@id\":\"https:\/\/www.qualitel.org\/professionnels\/#\/schema\/logo\/image\/\",\"url\":\"https:\/\/www.qualitel.org\/professionnels\/wp\/..\/uploads\/qualitel_social.jpg\",\"contentUrl\":\"https:\/\/www.qualitel.org\/professionnels\/wp\/..\/uploads\/qualitel_social.jpg\",\"width\":1080,\"height\":1080,\"caption\":\"Qualitel\"},\"image\":{\"@id\":\"https:\/\/www.qualitel.org\/professionnels\/#\/schema\/logo\/image\/\"},\"sameAs\":[\"https:\/\/www.facebook.com\/groupequalitel\/\",\"https:\/\/x.com\/groupeQUALITEL\",\"https:\/\/www.instagram.com\/associationqualitel\/\"]},{\"@type\":\"Person\",\"@id\":\"https:\/\/www.qualitel.org\/professionnels\/#\/schema\/person\/8da1b40abc7d27162c267baae6ea6b6e\",\"name\":\"Julie CARNEZ\",\"image\":{\"@type\":\"ImageObject\",\"inLanguage\":\"fr-FR\",\"@id\":\"https:\/\/www.qualitel.org\/professionnels\/#\/schema\/person\/image\/\",\"url\":\"https:\/\/secure.gravatar.com\/avatar\/41fcfdc51e7305fd5b17ead841bd2e1f6a982b0f5ccaf899636b8ccab25ca5b1?s=96&d=mm&r=g\",\"contentUrl\":\"https:\/\/secure.gravatar.com\/avatar\/41fcfdc51e7305fd5b17ead841bd2e1f6a982b0f5ccaf899636b8ccab25ca5b1?s=96&d=mm&r=g\",\"caption\":\"Julie CARNEZ\"}}]}<\/script>\n<!-- \/ Yoast SEO plugin. -->","yoast_head_json":{"title":"QUALITEL, SEMAC et ELLENY lancent un nouveau label GIEP d\u00e9di\u00e9 \u00e0 l\u2019am\u00e9nagement urbain \u00e0 La R\u00e9union\u202f: une d\u00e9marche pionni\u00e8re pour une gestion durable des eaux pluviales - Qualitel | Professionnels","description":"Vendredi 16\u00a0mai 2025, la Soci\u00e9t\u00e9 d\u2019\u00c9conomie Mixte d\u2019Am\u00e9nagement et de Construction (SEMAC), le cabinet d\u2019ing\u00e9nierie hydraulique ELLENY et l\u2019Association QUALITEL ont pr\u00e9sent\u00e9 officiellement le nouveau r\u00e9f\u00e9rentiel du label \u00ab\u2009Gestion Int\u00e9gr\u00e9e des Eaux Pluviales\u2009\u00bb (GIEP).","robots":{"index":"index","follow":"follow","max-snippet":"max-snippet:-1","max-image-preview":"max-image-preview:large","max-video-preview":"max-video-preview:-1"},"canonical":"https:\/\/www.qualitel.org\/professionnels\/actualites\/qualitel-semac-et-elleny-nouveau-label-giep-amenagement-urbain-a-la-reunion\/","og_locale":"fr_FR","og_type":"article","og_title":"QUALITEL, SEMAC et ELLENY lancent un nouveau label GIEP d\u00e9di\u00e9 \u00e0 l\u2019am\u00e9nagement urbain \u00e0 La R\u00e9union\u202f: une d\u00e9marche pionni\u00e8re pour une gestion durable des eaux pluviales - Qualitel | Professionnels","og_description":"Vendredi 16\u00a0mai 2025, la Soci\u00e9t\u00e9 d\u2019\u00c9conomie Mixte d\u2019Am\u00e9nagement et de Construction (SEMAC), le cabinet d\u2019ing\u00e9nierie hydraulique ELLENY et l\u2019Association QUALITEL ont pr\u00e9sent\u00e9 officiellement le nouveau r\u00e9f\u00e9rentiel du label \u00ab\u2009Gestion Int\u00e9gr\u00e9e des Eaux Pluviales\u2009\u00bb (GIEP).","og_url":"https:\/\/www.qualitel.org\/professionnels\/actualites\/qualitel-semac-et-elleny-nouveau-label-giep-amenagement-urbain-a-la-reunion\/","og_site_name":"Qualitel | Professionnels","article_publisher":"https:\/\/www.facebook.com\/groupequalitel\/","article_published_time":"2025-06-02T15:51:32+00:00","og_image":[{"width":900,"height":513,"url":"https:\/\/www.qualitel.org\/professionnels\/wp\/..\/uploads\/giep-amenagement.jpg","type":"image\/jpeg"}],"author":"Julie CARNEZ","twitter_card":"summary_large_image","twitter_description":"Vendredi 16\u00a0mai 2025, la Soci\u00e9t\u00e9 d\u2019\u00c9conomie Mixte d\u2019Am\u00e9nagement et de Construction (SEMAC), le cabinet d\u2019ing\u00e9nierie hydraulique ELLENY et l\u2019Association QUALITEL ont pr\u00e9sent\u00e9 officiellement le nouveau r\u00e9f\u00e9rentiel du label \u00ab\u2009Gestion Int\u00e9gr\u00e9e des Eaux Pluviales\u2009\u00bb (GIEP).\n","twitter_creator":"@groupeQUALITEL","twitter_site":"@groupeQUALITEL","twitter_misc":{"Written by":"Julie CARNEZ","Est. reading time":"5 minutes"},"schema":{"@context":"https:\/\/schema.org","@graph":[{"@type":"Article","@id":"https:\/\/www.qualitel.org\/professionnels\/actualites\/qualitel-semac-et-elleny-nouveau-label-giep-amenagement-urbain-a-la-reunion\/#article","isPartOf":{"@id":"https:\/\/www.qualitel.org\/professionnels\/actualites\/qualitel-semac-et-elleny-nouveau-label-giep-amenagement-urbain-a-la-reunion\/"},"author":{"name":"Julie CARNEZ","@id":"https:\/\/www.qualitel.org\/professionnels\/#\/schema\/person\/8da1b40abc7d27162c267baae6ea6b6e"},"headline":"QUALITEL, SEMAC et ELLENY lancent un nouveau label GIEP d\u00e9di\u00e9 \u00e0 l\u2019am\u00e9nagement urbain \u00e0 La R\u00e9union\u202f: une d\u00e9marche pionni\u00e8re pour une gestion durable des eaux pluviales","datePublished":"2025-06-02T15:51:32+00:00","mainEntityOfPage":{"@id":"https:\/\/www.qualitel.org\/professionnels\/actualites\/qualitel-semac-et-elleny-nouveau-label-giep-amenagement-urbain-a-la-reunion\/"},"wordCount":30,"publisher":{"@id":"https:\/\/www.qualitel.org\/professionnels\/#organization"},"image":{"@id":"https:\/\/www.qualitel.org\/professionnels\/actualites\/qualitel-semac-et-elleny-nouveau-label-giep-amenagement-urbain-a-la-reunion\/#primaryimage"},"thumbnailUrl":"https:\/\/www.qualitel.org\/professionnels\/wp\/..\/uploads\/giep-amenagement.jpg","inLanguage":"fr-FR"},{"@type":"WebPage","@id":"https:\/\/www.qualitel.org\/professionnels\/actualites\/qualitel-semac-et-elleny-nouveau-label-giep-amenagement-urbain-a-la-reunion\/","url":"https:\/\/www.qualitel.org\/professionnels\/actualites\/qualitel-semac-et-elleny-nouveau-label-giep-amenagement-urbain-a-la-reunion\/","name":"QUALITEL, SEMAC et ELLENY lancent un nouveau label GIEP d\u00e9di\u00e9 \u00e0 l\u2019am\u00e9nagement urbain \u00e0 La R\u00e9union\u202f: une d\u00e9marche pionni\u00e8re pour une gestion durable des eaux pluviales - Qualitel | Professionnels","isPartOf":{"@id":"https:\/\/www.qualitel.org\/professionnels\/#website"},"primaryImageOfPage":{"@id":"https:\/\/www.qualitel.org\/professionnels\/actualites\/qualitel-semac-et-elleny-nouveau-label-giep-amenagement-urbain-a-la-reunion\/#primaryimage"},"image":{"@id":"https:\/\/www.qualitel.org\/professionnels\/actualites\/qualitel-semac-et-elleny-nouveau-label-giep-amenagement-urbain-a-la-reunion\/#primaryimage"},"thumbnailUrl":"https:\/\/www.qualitel.org\/professionnels\/wp\/..\/uploads\/giep-amenagement.jpg","datePublished":"2025-06-02T15:51:32+00:00","description":"Vendredi 16\u00a0mai 2025, la Soci\u00e9t\u00e9 d\u2019\u00c9conomie Mixte d\u2019Am\u00e9nagement et de Construction (SEMAC), le cabinet d\u2019ing\u00e9nierie hydraulique ELLENY et l\u2019Association QUALITEL ont pr\u00e9sent\u00e9 officiellement le nouveau r\u00e9f\u00e9rentiel du label \u00ab\u2009Gestion Int\u00e9gr\u00e9e des Eaux Pluviales\u2009\u00bb (GIEP).","breadcrumb":{"@id":"https:\/\/www.qualitel.org\/professionnels\/actualites\/qualitel-semac-et-elleny-nouveau-label-giep-amenagement-urbain-a-la-reunion\/#breadcrumb"},"inLanguage":"fr-FR","potentialAction":[{"@type":"ReadAction","target":["https:\/\/www.qualitel.org\/professionnels\/actualites\/qualitel-semac-et-elleny-nouveau-label-giep-amenagement-urbain-a-la-reunion\/"]}]},{"@type":"ImageObject","inLanguage":"fr-FR","@id":"https:\/\/www.qualitel.org\/professionnels\/actualites\/qualitel-semac-et-elleny-nouveau-label-giep-amenagement-urbain-a-la-reunion\/#primaryimage","url":"https:\/\/www.qualitel.org\/professionnels\/wp\/..\/uploads\/giep-amenagement.jpg","contentUrl":"https:\/\/www.qualitel.org\/professionnels\/wp\/..\/uploads\/giep-amenagement.jpg","width":900,"height":513},{"@type":"BreadcrumbList","@id":"https:\/\/www.qualitel.org\/professionnels\/actualites\/qualitel-semac-et-elleny-nouveau-label-giep-amenagement-urbain-a-la-reunion\/#breadcrumb","itemListElement":[{"@type":"ListItem","position":1,"name":"Accueil","item":"https:\/\/www.qualitel.org\/professionnels\/"},{"@type":"ListItem","position":2,"name":"QUALITEL, SEMAC et ELLENY lancent un nouveau label GIEP d\u00e9di\u00e9 \u00e0 l\u2019am\u00e9nagement urbain \u00e0 La R\u00e9union\u202f: une d\u00e9marche pionni\u00e8re pour une gestion durable des eaux pluviales"}]},{"@type":"WebSite","@id":"https:\/\/www.qualitel.org\/professionnels\/#website","url":"https:\/\/www.qualitel.org\/professionnels\/","name":"Qualitel | Professionnels","description":"","publisher":{"@id":"https:\/\/www.qualitel.org\/professionnels\/#organization"},"potentialAction":[{"@type":"SearchAction","target":{"@type":"EntryPoint","urlTemplate":"https:\/\/www.qualitel.org\/professionnels\/?s={search_term_string}"},"query-input":{"@type":"PropertyValueSpecification","valueRequired":true,"valueName":"search_term_string"}}],"inLanguage":"fr-FR"},{"@type":"Organization","@id":"https:\/\/www.qualitel.org\/professionnels\/#organization","name":"Qualitel","url":"https:\/\/www.qualitel.org\/professionnels\/","logo":{"@type":"ImageObject","inLanguage":"fr-FR","@id":"https:\/\/www.qualitel.org\/professionnels\/#\/schema\/logo\/image\/","url":"https:\/\/www.qualitel.org\/professionnels\/wp\/..\/uploads\/qualitel_social.jpg","contentUrl":"https:\/\/www.qualitel.org\/professionnels\/wp\/..\/uploads\/qualitel_social.jpg","width":1080,"height":1080,"caption":"Qualitel"},"image":{"@id":"https:\/\/www.qualitel.org\/professionnels\/#\/schema\/logo\/image\/"},"sameAs":["https:\/\/www.facebook.com\/groupequalitel\/","https:\/\/x.com\/groupeQUALITEL","https:\/\/www.instagram.com\/associationqualitel\/"]},{"@type":"Person","@id":"https:\/\/www.qualitel.org\/professionnels\/#\/schema\/person\/8da1b40abc7d27162c267baae6ea6b6e","name":"Julie CARNEZ","image":{"@type":"ImageObject","inLanguage":"fr-FR","@id":"https:\/\/www.qualitel.org\/professionnels\/#\/schema\/person\/image\/","url":"https:\/\/secure.gravatar.com\/avatar\/41fcfdc51e7305fd5b17ead841bd2e1f6a982b0f5ccaf899636b8ccab25ca5b1?s=96&d=mm&r=g","contentUrl":"https:\/\/secure.gravatar.com\/avatar\/41fcfdc51e7305fd5b17ead841bd2e1f6a982b0f5ccaf899636b8ccab25ca5b1?s=96&d=mm&r=g","caption":"Julie CARNEZ"}}]}},"_links":{"self":[{"href":"https:\/\/www.qualitel.org\/professionnels\/wp-json\/wp\/v2\/posts\/112664","targetHints":{"allow":["GET"]}}],"collection":[{"href":"https:\/\/www.qualitel.org\/professionnels\/wp-json\/wp\/v2\/posts"}],"about":[{"href":"https:\/\/www.qualitel.org\/professionnels\/wp-json\/wp\/v2\/types\/post"}],"author":[{"embeddable":true,"href":"https:\/\/www.qualitel.org\/professionnels\/wp-json\/wp\/v2\/users\/24"}],"replies":[{"embeddable":true,"href":"https:\/\/www.qualitel.org\/professionnels\/wp-json\/wp\/v2\/comments?post=112664"}],"version-history":[{"count":14,"href":"https:\/\/www.qualitel.org\/professionnels\/wp-json\/wp\/v2\/posts\/112664\/revisions"}],"predecessor-version":[{"id":112743,"href":"https:\/\/www.qualitel.org\/professionnels\/wp-json\/wp\/v2\/posts\/112664\/revisions\/112743"}],"wp:featuredmedia":[{"embeddable":true,"href":"https:\/\/www.qualitel.org\/professionnels\/wp-json\/wp\/v2\/media\/112738"}],"wp:attachment":[{"href":"https:\/\/www.qualitel.org\/professionnels\/wp-json\/wp\/v2\/media?parent=112664"}],"wp:term":[{"taxonomy":"tags","embeddable":true,"href":"https:\/\/www.qualitel.org\/professionnels\/wp-json\/wp\/v2\/tags?post=112664"},{"taxonomy":"etiquettes","embeddable":true,"href":"https:\/\/www.qualitel.org\/professionnels\/wp-json\/wp\/v2\/tags?post=112664"},{"taxonomy":"article_type","embeddable":true,"href":"https:\/\/www.qualitel.org\/professionnels\/wp-json\/wp\/v2\/article_type?post=112664"}],"curies":[{"name":"wp","href":"https:\/\/api.w.org\/{rel}","templated":true}]}}