{"id":114866,"date":"2025-07-02T18:01:51","date_gmt":"2025-07-02T16:01:51","guid":{"rendered":"https:\/\/www.qualitel.org\/professionnels\/?p=114866"},"modified":"2025-07-08T16:32:30","modified_gmt":"2025-07-08T14:32:30","slug":"qualitel-formation-obtient-trois-nouvelles-habilitations-strategiques-pour-accompagner-la-montee-en-competences-des-elus-formateurs-et-artisans","status":"publish","type":"post","link":"https:\/\/www.qualitel.org\/professionnels\/qualitel-formation-obtient-trois-nouvelles-habilitations-elus-formateurs-et-artisans\/","title":{"rendered":"QUALITEL Formation obtient trois nouvelles habilitations strat\u00e9giques pour accompagner la mont\u00e9e en comp\u00e9tences des \u00e9lus, formateurs et artisans"},"content":{"rendered":"","protected":false},"excerpt":{"rendered":"","protected":false},"author":24,"featured_media":114954,"comment_status":"closed","ping_status":"closed","sticky":false,"template":"","format":"standard","meta":{"_acf_changed":false,"footnotes":""},"tags":[416],"article_type":[368],"class_list":["post-114866","post","type-post","status-publish","format-standard","has-post-thumbnail","hentry","tags-developpement","tags-formation","etiquettes-publication","article_type-actualites"],"acf":[],"yoast_head":"<!-- This site is optimized with the Yoast SEO plugin v26.3 - https:\/\/yoast.com\/wordpress\/plugins\/seo\/ -->\n<title>QUALITEL Formation obtient trois nouvelles habilitations strat\u00e9giques pour accompagner la mont\u00e9e en comp\u00e9tences des \u00e9lus, formateurs et artisans - Qualitel | Professionnels<\/title>\n<meta name=\"description\" content=\"QUALITEL Formation renforce son positionnement en tant qu\u2019organisme expert de la formation dans le secteur de la transition \u00e9nerg\u00e9tique.\" \/>\n<meta name=\"robots\" content=\"index, follow, max-snippet:-1, max-image-preview:large, max-video-preview:-1\" \/>\n<link rel=\"canonical\" href=\"https:\/\/www.qualitel.org\/professionnels\/qualitel-formation-obtient-trois-nouvelles-habilitations-elus-formateurs-et-artisans\/\" \/>\n<meta property=\"og:locale\" content=\"fr_FR\" \/>\n<meta property=\"og:type\" content=\"article\" \/>\n<meta property=\"og:title\" content=\"QUALITEL Formation obtient trois nouvelles habilitations strat\u00e9giques pour accompagner la mont\u00e9e en comp\u00e9tences des \u00e9lus, formateurs et artisans - Qualitel | Professionnels\" \/>\n<meta property=\"og:description\" content=\"QUALITEL Formation renforce son positionnement en tant qu\u2019organisme expert de la formation dans le secteur de la transition \u00e9nerg\u00e9tique.\" \/>\n<meta property=\"og:url\" content=\"https:\/\/www.qualitel.org\/professionnels\/qualitel-formation-obtient-trois-nouvelles-habilitations-elus-formateurs-et-artisans\/\" \/>\n<meta property=\"og:site_name\" content=\"Qualitel | Professionnels\" \/>\n<meta property=\"article:publisher\" content=\"https:\/\/www.facebook.com\/groupequalitel\/\" \/>\n<meta property=\"article:published_time\" content=\"2025-07-02T16:01:51+00:00\" \/>\n<meta property=\"article:modified_time\" content=\"2025-07-08T14:32:30+00:00\" \/>\n<meta property=\"og:image\" content=\"https:\/\/www.qualitel.org\/professionnels\/wp\/..\/uploads\/qf-3formations.jpg\" \/>\n\t<meta property=\"og:image:width\" content=\"900\" \/>\n\t<meta property=\"og:image:height\" content=\"513\" \/>\n\t<meta property=\"og:image:type\" content=\"image\/jpeg\" \/>\n<meta name=\"author\" content=\"Julie CARNEZ\" \/>\n<meta name=\"twitter:card\" content=\"summary_large_image\" \/>\n<meta name=\"twitter:description\" content=\"QUALITEL Formation renforce son positionnement en tant qu\u2019organisme expert de la formation dans le secteur de la transition \u00e9nerg\u00e9tique.\n\" \/>\n<meta name=\"twitter:creator\" content=\"@groupeQUALITEL\" \/>\n<meta name=\"twitter:site\" content=\"@groupeQUALITEL\" \/>\n<meta name=\"twitter:label1\" content=\"Written by\" \/>\n\t<meta name=\"twitter:data1\" content=\"Julie CARNEZ\" \/>\n\t<meta name=\"twitter:label2\" content=\"Est. reading time\" \/>\n\t<meta name=\"twitter:data2\" content=\"6 minutes\" \/>\n<script type=\"application\/ld+json\" class=\"yoast-schema-graph\">{\"@context\":\"https:\/\/schema.org\",\"@graph\":[{\"@type\":\"Article\",\"@id\":\"https:\/\/www.qualitel.org\/professionnels\/qualitel-formation-obtient-trois-nouvelles-habilitations-elus-formateurs-et-artisans\/#article\",\"isPartOf\":{\"@id\":\"https:\/\/www.qualitel.org\/professionnels\/qualitel-formation-obtient-trois-nouvelles-habilitations-elus-formateurs-et-artisans\/\"},\"author\":{\"name\":\"Julie CARNEZ\",\"@id\":\"https:\/\/www.qualitel.org\/professionnels\/#\/schema\/person\/8da1b40abc7d27162c267baae6ea6b6e\"},\"headline\":\"QUALITEL Formation obtient trois nouvelles habilitations strat\u00e9giques pour accompagner la mont\u00e9e en comp\u00e9tences des \u00e9lus, formateurs et artisans\",\"datePublished\":\"2025-07-02T16:01:51+00:00\",\"dateModified\":\"2025-07-08T14:32:30+00:00\",\"mainEntityOfPage\":{\"@id\":\"https:\/\/www.qualitel.org\/professionnels\/qualitel-formation-obtient-trois-nouvelles-habilitations-elus-formateurs-et-artisans\/\"},\"wordCount\":21,\"publisher\":{\"@id\":\"https:\/\/www.qualitel.org\/professionnels\/#organization\"},\"image\":{\"@id\":\"https:\/\/www.qualitel.org\/professionnels\/qualitel-formation-obtient-trois-nouvelles-habilitations-elus-formateurs-et-artisans\/#primaryimage\"},\"thumbnailUrl\":\"https:\/\/www.qualitel.org\/professionnels\/wp\/..\/uploads\/qf-3formations.jpg\",\"inLanguage\":\"fr-FR\"},{\"@type\":\"WebPage\",\"@id\":\"https:\/\/www.qualitel.org\/professionnels\/qualitel-formation-obtient-trois-nouvelles-habilitations-elus-formateurs-et-artisans\/\",\"url\":\"https:\/\/www.qualitel.org\/professionnels\/qualitel-formation-obtient-trois-nouvelles-habilitations-elus-formateurs-et-artisans\/\",\"name\":\"QUALITEL Formation obtient trois nouvelles habilitations strat\u00e9giques pour accompagner la mont\u00e9e en comp\u00e9tences des \u00e9lus, formateurs et artisans - Qualitel | Professionnels\",\"isPartOf\":{\"@id\":\"https:\/\/www.qualitel.org\/professionnels\/#website\"},\"primaryImageOfPage\":{\"@id\":\"https:\/\/www.qualitel.org\/professionnels\/qualitel-formation-obtient-trois-nouvelles-habilitations-elus-formateurs-et-artisans\/#primaryimage\"},\"image\":{\"@id\":\"https:\/\/www.qualitel.org\/professionnels\/qualitel-formation-obtient-trois-nouvelles-habilitations-elus-formateurs-et-artisans\/#primaryimage\"},\"thumbnailUrl\":\"https:\/\/www.qualitel.org\/professionnels\/wp\/..\/uploads\/qf-3formations.jpg\",\"datePublished\":\"2025-07-02T16:01:51+00:00\",\"dateModified\":\"2025-07-08T14:32:30+00:00\",\"description\":\"QUALITEL Formation renforce son positionnement en tant qu\u2019organisme expert de la formation dans le secteur de la transition \u00e9nerg\u00e9tique.\",\"breadcrumb\":{\"@id\":\"https:\/\/www.qualitel.org\/professionnels\/qualitel-formation-obtient-trois-nouvelles-habilitations-elus-formateurs-et-artisans\/#breadcrumb\"},\"inLanguage\":\"fr-FR\",\"potentialAction\":[{\"@type\":\"ReadAction\",\"target\":[\"https:\/\/www.qualitel.org\/professionnels\/qualitel-formation-obtient-trois-nouvelles-habilitations-elus-formateurs-et-artisans\/\"]}]},{\"@type\":\"ImageObject\",\"inLanguage\":\"fr-FR\",\"@id\":\"https:\/\/www.qualitel.org\/professionnels\/qualitel-formation-obtient-trois-nouvelles-habilitations-elus-formateurs-et-artisans\/#primaryimage\",\"url\":\"https:\/\/www.qualitel.org\/professionnels\/wp\/..\/uploads\/qf-3formations.jpg\",\"contentUrl\":\"https:\/\/www.qualitel.org\/professionnels\/wp\/..\/uploads\/qf-3formations.jpg\",\"width\":900,\"height\":513},{\"@type\":\"BreadcrumbList\",\"@id\":\"https:\/\/www.qualitel.org\/professionnels\/qualitel-formation-obtient-trois-nouvelles-habilitations-elus-formateurs-et-artisans\/#breadcrumb\",\"itemListElement\":[{\"@type\":\"ListItem\",\"position\":1,\"name\":\"Accueil\",\"item\":\"https:\/\/www.qualitel.org\/professionnels\/\"},{\"@type\":\"ListItem\",\"position\":2,\"name\":\"QUALITEL Formation obtient trois nouvelles habilitations strat\u00e9giques pour accompagner la mont\u00e9e en comp\u00e9tences des \u00e9lus, formateurs et artisans\"}]},{\"@type\":\"WebSite\",\"@id\":\"https:\/\/www.qualitel.org\/professionnels\/#website\",\"url\":\"https:\/\/www.qualitel.org\/professionnels\/\",\"name\":\"Qualitel | Professionnels\",\"description\":\"\",\"publisher\":{\"@id\":\"https:\/\/www.qualitel.org\/professionnels\/#organization\"},\"potentialAction\":[{\"@type\":\"SearchAction\",\"target\":{\"@type\":\"EntryPoint\",\"urlTemplate\":\"https:\/\/www.qualitel.org\/professionnels\/?s={search_term_string}\"},\"query-input\":{\"@type\":\"PropertyValueSpecification\",\"valueRequired\":true,\"valueName\":\"search_term_string\"}}],\"inLanguage\":\"fr-FR\"},{\"@type\":\"Organization\",\"@id\":\"https:\/\/www.qualitel.org\/professionnels\/#organization\",\"name\":\"Qualitel\",\"url\":\"https:\/\/www.qualitel.org\/professionnels\/\",\"logo\":{\"@type\":\"ImageObject\",\"inLanguage\":\"fr-FR\",\"@id\":\"https:\/\/www.qualitel.org\/professionnels\/#\/schema\/logo\/image\/\",\"url\":\"https:\/\/www.qualitel.org\/professionnels\/wp\/..\/uploads\/qualitel_social.jpg\",\"contentUrl\":\"https:\/\/www.qualitel.org\/professionnels\/wp\/..\/uploads\/qualitel_social.jpg\",\"width\":1080,\"height\":1080,\"caption\":\"Qualitel\"},\"image\":{\"@id\":\"https:\/\/www.qualitel.org\/professionnels\/#\/schema\/logo\/image\/\"},\"sameAs\":[\"https:\/\/www.facebook.com\/groupequalitel\/\",\"https:\/\/x.com\/groupeQUALITEL\",\"https:\/\/www.instagram.com\/associationqualitel\/\"]},{\"@type\":\"Person\",\"@id\":\"https:\/\/www.qualitel.org\/professionnels\/#\/schema\/person\/8da1b40abc7d27162c267baae6ea6b6e\",\"name\":\"Julie CARNEZ\",\"image\":{\"@type\":\"ImageObject\",\"inLanguage\":\"fr-FR\",\"@id\":\"https:\/\/www.qualitel.org\/professionnels\/#\/schema\/person\/image\/\",\"url\":\"https:\/\/secure.gravatar.com\/avatar\/41fcfdc51e7305fd5b17ead841bd2e1f6a982b0f5ccaf899636b8ccab25ca5b1?s=96&d=mm&r=g\",\"contentUrl\":\"https:\/\/secure.gravatar.com\/avatar\/41fcfdc51e7305fd5b17ead841bd2e1f6a982b0f5ccaf899636b8ccab25ca5b1?s=96&d=mm&r=g\",\"caption\":\"Julie CARNEZ\"}}]}<\/script>\n<!-- \/ Yoast SEO plugin. -->","yoast_head_json":{"title":"QUALITEL Formation obtient trois nouvelles habilitations strat\u00e9giques pour accompagner la mont\u00e9e en comp\u00e9tences des \u00e9lus, formateurs et artisans - Qualitel | Professionnels","description":"QUALITEL Formation renforce son positionnement en tant qu\u2019organisme expert de la formation dans le secteur de la transition \u00e9nerg\u00e9tique.","robots":{"index":"index","follow":"follow","max-snippet":"max-snippet:-1","max-image-preview":"max-image-preview:large","max-video-preview":"max-video-preview:-1"},"canonical":"https:\/\/www.qualitel.org\/professionnels\/qualitel-formation-obtient-trois-nouvelles-habilitations-elus-formateurs-et-artisans\/","og_locale":"fr_FR","og_type":"article","og_title":"QUALITEL Formation obtient trois nouvelles habilitations strat\u00e9giques pour accompagner la mont\u00e9e en comp\u00e9tences des \u00e9lus, formateurs et artisans - Qualitel | Professionnels","og_description":"QUALITEL Formation renforce son positionnement en tant qu\u2019organisme expert de la formation dans le secteur de la transition \u00e9nerg\u00e9tique.","og_url":"https:\/\/www.qualitel.org\/professionnels\/qualitel-formation-obtient-trois-nouvelles-habilitations-elus-formateurs-et-artisans\/","og_site_name":"Qualitel | Professionnels","article_publisher":"https:\/\/www.facebook.com\/groupequalitel\/","article_published_time":"2025-07-02T16:01:51+00:00","article_modified_time":"2025-07-08T14:32:30+00:00","og_image":[{"width":900,"height":513,"url":"https:\/\/www.qualitel.org\/professionnels\/wp\/..\/uploads\/qf-3formations.jpg","type":"image\/jpeg"}],"author":"Julie CARNEZ","twitter_card":"summary_large_image","twitter_description":"QUALITEL Formation renforce son positionnement en tant qu\u2019organisme expert de la formation dans le secteur de la transition \u00e9nerg\u00e9tique.\n","twitter_creator":"@groupeQUALITEL","twitter_site":"@groupeQUALITEL","twitter_misc":{"Written by":"Julie CARNEZ","Est. reading time":"6 minutes"},"schema":{"@context":"https:\/\/schema.org","@graph":[{"@type":"Article","@id":"https:\/\/www.qualitel.org\/professionnels\/qualitel-formation-obtient-trois-nouvelles-habilitations-elus-formateurs-et-artisans\/#article","isPartOf":{"@id":"https:\/\/www.qualitel.org\/professionnels\/qualitel-formation-obtient-trois-nouvelles-habilitations-elus-formateurs-et-artisans\/"},"author":{"name":"Julie CARNEZ","@id":"https:\/\/www.qualitel.org\/professionnels\/#\/schema\/person\/8da1b40abc7d27162c267baae6ea6b6e"},"headline":"QUALITEL Formation obtient trois nouvelles habilitations strat\u00e9giques pour accompagner la mont\u00e9e en comp\u00e9tences des \u00e9lus, formateurs et artisans","datePublished":"2025-07-02T16:01:51+00:00","dateModified":"2025-07-08T14:32:30+00:00","mainEntityOfPage":{"@id":"https:\/\/www.qualitel.org\/professionnels\/qualitel-formation-obtient-trois-nouvelles-habilitations-elus-formateurs-et-artisans\/"},"wordCount":21,"publisher":{"@id":"https:\/\/www.qualitel.org\/professionnels\/#organization"},"image":{"@id":"https:\/\/www.qualitel.org\/professionnels\/qualitel-formation-obtient-trois-nouvelles-habilitations-elus-formateurs-et-artisans\/#primaryimage"},"thumbnailUrl":"https:\/\/www.qualitel.org\/professionnels\/wp\/..\/uploads\/qf-3formations.jpg","inLanguage":"fr-FR"},{"@type":"WebPage","@id":"https:\/\/www.qualitel.org\/professionnels\/qualitel-formation-obtient-trois-nouvelles-habilitations-elus-formateurs-et-artisans\/","url":"https:\/\/www.qualitel.org\/professionnels\/qualitel-formation-obtient-trois-nouvelles-habilitations-elus-formateurs-et-artisans\/","name":"QUALITEL Formation obtient trois nouvelles habilitations strat\u00e9giques pour accompagner la mont\u00e9e en comp\u00e9tences des \u00e9lus, formateurs et artisans - Qualitel | Professionnels","isPartOf":{"@id":"https:\/\/www.qualitel.org\/professionnels\/#website"},"primaryImageOfPage":{"@id":"https:\/\/www.qualitel.org\/professionnels\/qualitel-formation-obtient-trois-nouvelles-habilitations-elus-formateurs-et-artisans\/#primaryimage"},"image":{"@id":"https:\/\/www.qualitel.org\/professionnels\/qualitel-formation-obtient-trois-nouvelles-habilitations-elus-formateurs-et-artisans\/#primaryimage"},"thumbnailUrl":"https:\/\/www.qualitel.org\/professionnels\/wp\/..\/uploads\/qf-3formations.jpg","datePublished":"2025-07-02T16:01:51+00:00","dateModified":"2025-07-08T14:32:30+00:00","description":"QUALITEL Formation renforce son positionnement en tant qu\u2019organisme expert de la formation dans le secteur de la transition \u00e9nerg\u00e9tique.","breadcrumb":{"@id":"https:\/\/www.qualitel.org\/professionnels\/qualitel-formation-obtient-trois-nouvelles-habilitations-elus-formateurs-et-artisans\/#breadcrumb"},"inLanguage":"fr-FR","potentialAction":[{"@type":"ReadAction","target":["https:\/\/www.qualitel.org\/professionnels\/qualitel-formation-obtient-trois-nouvelles-habilitations-elus-formateurs-et-artisans\/"]}]},{"@type":"ImageObject","inLanguage":"fr-FR","@id":"https:\/\/www.qualitel.org\/professionnels\/qualitel-formation-obtient-trois-nouvelles-habilitations-elus-formateurs-et-artisans\/#primaryimage","url":"https:\/\/www.qualitel.org\/professionnels\/wp\/..\/uploads\/qf-3formations.jpg","contentUrl":"https:\/\/www.qualitel.org\/professionnels\/wp\/..\/uploads\/qf-3formations.jpg","width":900,"height":513},{"@type":"BreadcrumbList","@id":"https:\/\/www.qualitel.org\/professionnels\/qualitel-formation-obtient-trois-nouvelles-habilitations-elus-formateurs-et-artisans\/#breadcrumb","itemListElement":[{"@type":"ListItem","position":1,"name":"Accueil","item":"https:\/\/www.qualitel.org\/professionnels\/"},{"@type":"ListItem","position":2,"name":"QUALITEL Formation obtient trois nouvelles habilitations strat\u00e9giques pour accompagner la mont\u00e9e en comp\u00e9tences des \u00e9lus, formateurs et artisans"}]},{"@type":"WebSite","@id":"https:\/\/www.qualitel.org\/professionnels\/#website","url":"https:\/\/www.qualitel.org\/professionnels\/","name":"Qualitel | Professionnels","description":"","publisher":{"@id":"https:\/\/www.qualitel.org\/professionnels\/#organization"},"potentialAction":[{"@type":"SearchAction","target":{"@type":"EntryPoint","urlTemplate":"https:\/\/www.qualitel.org\/professionnels\/?s={search_term_string}"},"query-input":{"@type":"PropertyValueSpecification","valueRequired":true,"valueName":"search_term_string"}}],"inLanguage":"fr-FR"},{"@type":"Organization","@id":"https:\/\/www.qualitel.org\/professionnels\/#organization","name":"Qualitel","url":"https:\/\/www.qualitel.org\/professionnels\/","logo":{"@type":"ImageObject","inLanguage":"fr-FR","@id":"https:\/\/www.qualitel.org\/professionnels\/#\/schema\/logo\/image\/","url":"https:\/\/www.qualitel.org\/professionnels\/wp\/..\/uploads\/qualitel_social.jpg","contentUrl":"https:\/\/www.qualitel.org\/professionnels\/wp\/..\/uploads\/qualitel_social.jpg","width":1080,"height":1080,"caption":"Qualitel"},"image":{"@id":"https:\/\/www.qualitel.org\/professionnels\/#\/schema\/logo\/image\/"},"sameAs":["https:\/\/www.facebook.com\/groupequalitel\/","https:\/\/x.com\/groupeQUALITEL","https:\/\/www.instagram.com\/associationqualitel\/"]},{"@type":"Person","@id":"https:\/\/www.qualitel.org\/professionnels\/#\/schema\/person\/8da1b40abc7d27162c267baae6ea6b6e","name":"Julie CARNEZ","image":{"@type":"ImageObject","inLanguage":"fr-FR","@id":"https:\/\/www.qualitel.org\/professionnels\/#\/schema\/person\/image\/","url":"https:\/\/secure.gravatar.com\/avatar\/41fcfdc51e7305fd5b17ead841bd2e1f6a982b0f5ccaf899636b8ccab25ca5b1?s=96&d=mm&r=g","contentUrl":"https:\/\/secure.gravatar.com\/avatar\/41fcfdc51e7305fd5b17ead841bd2e1f6a982b0f5ccaf899636b8ccab25ca5b1?s=96&d=mm&r=g","caption":"Julie CARNEZ"}}]}},"_links":{"self":[{"href":"https:\/\/www.qualitel.org\/professionnels\/wp-json\/wp\/v2\/posts\/114866","targetHints":{"allow":["GET"]}}],"collection":[{"href":"https:\/\/www.qualitel.org\/professionnels\/wp-json\/wp\/v2\/posts"}],"about":[{"href":"https:\/\/www.qualitel.org\/professionnels\/wp-json\/wp\/v2\/types\/post"}],"author":[{"embeddable":true,"href":"https:\/\/www.qualitel.org\/professionnels\/wp-json\/wp\/v2\/users\/24"}],"replies":[{"embeddable":true,"href":"https:\/\/www.qualitel.org\/professionnels\/wp-json\/wp\/v2\/comments?post=114866"}],"version-history":[{"count":18,"href":"https:\/\/www.qualitel.org\/professionnels\/wp-json\/wp\/v2\/posts\/114866\/revisions"}],"predecessor-version":[{"id":115804,"href":"https:\/\/www.qualitel.org\/professionnels\/wp-json\/wp\/v2\/posts\/114866\/revisions\/115804"}],"wp:featuredmedia":[{"embeddable":true,"href":"https:\/\/www.qualitel.org\/professionnels\/wp-json\/wp\/v2\/media\/114954"}],"wp:attachment":[{"href":"https:\/\/www.qualitel.org\/professionnels\/wp-json\/wp\/v2\/media?parent=114866"}],"wp:term":[{"taxonomy":"tags","embeddable":true,"href":"https:\/\/www.qualitel.org\/professionnels\/wp-json\/wp\/v2\/tags?post=114866"},{"taxonomy":"etiquettes","embeddable":true,"href":"https:\/\/www.qualitel.org\/professionnels\/wp-json\/wp\/v2\/tags?post=114866"},{"taxonomy":"article_type","embeddable":true,"href":"https:\/\/www.qualitel.org\/professionnels\/wp-json\/wp\/v2\/article_type?post=114866"}],"curies":[{"name":"wp","href":"https:\/\/api.w.org\/{rel}","templated":true}]}}