{"id":114947,"date":"2025-07-01T17:16:48","date_gmt":"2025-07-01T15:16:48","guid":{"rendered":"https:\/\/www.qualitel.org\/professionnels\/?p=114947"},"modified":"2025-07-01T17:16:48","modified_gmt":"2025-07-01T15:16:48","slug":"certification-nf-habitat-renovation-guadeloupe-un-nouvel-outil-face-a-lurgence-de-renover-le-bati-de-larchipel","status":"publish","type":"post","link":"https:\/\/www.qualitel.org\/professionnels\/actualites\/certification-nf-habitat-renovation-guadeloupe\/","title":{"rendered":"Certification NF Habitat R\u00e9novation Guadeloupe\u202f: un nouvel outil face \u00e0 l\u2019urgence de r\u00e9nover le b\u00e2ti de l\u2019archipel"},"content":{"rendered":"","protected":false},"excerpt":{"rendered":"","protected":false},"author":24,"featured_media":114976,"comment_status":"closed","ping_status":"closed","sticky":false,"template":"","format":"standard","meta":{"_acf_changed":false,"footnotes":""},"tags":[381],"article_type":[368],"class_list":["post-114947","post","type-post","status-publish","format-standard","has-post-thumbnail","hentry","tags-certification","tags-developpement","etiquettes-retour-sur","article_type-actualites"],"acf":[],"yoast_head":"<!-- This site is optimized with the Yoast SEO plugin v26.3 - https:\/\/yoast.com\/wordpress\/plugins\/seo\/ -->\n<title>Certification NF Habitat R\u00e9novation Guadeloupe\u202f: un nouvel outil face \u00e0 l\u2019urgence de r\u00e9nover le b\u00e2ti de l\u2019archipel - Qualitel | Professionnels<\/title>\n<meta name=\"description\" content=\"Le 27\u00a0juin 2025, CERQUAL Qualitel Certification a officiellement lanc\u00e9 la certification NF Habitat R\u00e9novation Guadeloupe.  Adapt\u00e9e aux sp\u00e9cificit\u00e9s climatiques et d\u00e9mographiques de l\u2019archipel des Cara\u00efbes, cette d\u00e9marche vise \u00e0 structurer et \u00e0 valoriser les op\u00e9rations de r\u00e9novation dans un objectif de qualit\u00e9, de confort et de durabilit\u00e9.\" \/>\n<meta name=\"robots\" content=\"index, follow, max-snippet:-1, max-image-preview:large, max-video-preview:-1\" \/>\n<link rel=\"canonical\" href=\"https:\/\/www.qualitel.org\/professionnels\/actualites\/certification-nf-habitat-renovation-guadeloupe\/\" \/>\n<meta property=\"og:locale\" content=\"fr_FR\" \/>\n<meta property=\"og:type\" content=\"article\" \/>\n<meta property=\"og:title\" content=\"Certification NF Habitat R\u00e9novation Guadeloupe\u202f: un nouvel outil face \u00e0 l\u2019urgence de r\u00e9nover le b\u00e2ti de l\u2019archipel - Qualitel | Professionnels\" \/>\n<meta property=\"og:description\" content=\"Le 27\u00a0juin 2025, CERQUAL Qualitel Certification a officiellement lanc\u00e9 la certification NF Habitat R\u00e9novation Guadeloupe.\nAdapt\u00e9e aux sp\u00e9cificit\u00e9s climatiques et d\u00e9mographiques de l\u2019archipel des Cara\u00efbes, cette d\u00e9marche vise \u00e0 structurer et \u00e0 valoriser les op\u00e9rations de r\u00e9novation dans un objectif de qualit\u00e9, de confort et de durabilit\u00e9.\" \/>\n<meta property=\"og:url\" content=\"https:\/\/www.qualitel.org\/professionnels\/actualites\/certification-nf-habitat-renovation-guadeloupe\/\" \/>\n<meta property=\"og:site_name\" content=\"Qualitel | Professionnels\" \/>\n<meta property=\"article:publisher\" content=\"https:\/\/www.facebook.com\/groupequalitel\/\" \/>\n<meta property=\"article:published_time\" content=\"2025-07-01T15:16:48+00:00\" \/>\n<meta property=\"og:image\" content=\"https:\/\/www.qualitel.org\/professionnels\/wp\/..\/uploads\/une-reno-guadeloupe.jpg\" \/>\n\t<meta property=\"og:image:width\" content=\"900\" \/>\n\t<meta property=\"og:image:height\" content=\"513\" \/>\n\t<meta property=\"og:image:type\" content=\"image\/jpeg\" \/>\n<meta name=\"author\" content=\"Julie CARNEZ\" \/>\n<meta name=\"twitter:card\" content=\"summary_large_image\" \/>\n<meta name=\"twitter:description\" content=\"Le 27\u00a0juin 2025, CERQUAL Qualitel Certification a officiellement lanc\u00e9 la certification NF Habitat R\u00e9novation Guadeloupe.\nAdapt\u00e9e aux sp\u00e9cificit\u00e9s climatiques et d\u00e9mographiques de l\u2019archipel des Cara\u00efbes, cette d\u00e9marche vise \u00e0 structurer et \u00e0 valoriser les op\u00e9rations de r\u00e9novation dans un objectif de qualit\u00e9, de confort et de durabilit\u00e9.\n\" \/>\n<meta name=\"twitter:creator\" content=\"@groupeQUALITEL\" \/>\n<meta name=\"twitter:site\" content=\"@groupeQUALITEL\" \/>\n<meta name=\"twitter:label1\" content=\"Written by\" \/>\n\t<meta name=\"twitter:data1\" content=\"Julie CARNEZ\" \/>\n\t<meta name=\"twitter:label2\" content=\"Est. reading time\" \/>\n\t<meta name=\"twitter:data2\" content=\"4 minutes\" \/>\n<script type=\"application\/ld+json\" class=\"yoast-schema-graph\">{\"@context\":\"https:\/\/schema.org\",\"@graph\":[{\"@type\":\"Article\",\"@id\":\"https:\/\/www.qualitel.org\/professionnels\/actualites\/certification-nf-habitat-renovation-guadeloupe\/#article\",\"isPartOf\":{\"@id\":\"https:\/\/www.qualitel.org\/professionnels\/actualites\/certification-nf-habitat-renovation-guadeloupe\/\"},\"author\":{\"name\":\"Julie CARNEZ\",\"@id\":\"https:\/\/www.qualitel.org\/professionnels\/#\/schema\/person\/8da1b40abc7d27162c267baae6ea6b6e\"},\"headline\":\"Certification NF Habitat R\u00e9novation Guadeloupe\u202f: un nouvel outil face \u00e0 l\u2019urgence de r\u00e9nover le b\u00e2ti de l\u2019archipel\",\"datePublished\":\"2025-07-01T15:16:48+00:00\",\"mainEntityOfPage\":{\"@id\":\"https:\/\/www.qualitel.org\/professionnels\/actualites\/certification-nf-habitat-renovation-guadeloupe\/\"},\"wordCount\":21,\"publisher\":{\"@id\":\"https:\/\/www.qualitel.org\/professionnels\/#organization\"},\"image\":{\"@id\":\"https:\/\/www.qualitel.org\/professionnels\/actualites\/certification-nf-habitat-renovation-guadeloupe\/#primaryimage\"},\"thumbnailUrl\":\"https:\/\/www.qualitel.org\/professionnels\/wp\/..\/uploads\/une-reno-guadeloupe.jpg\",\"inLanguage\":\"fr-FR\"},{\"@type\":\"WebPage\",\"@id\":\"https:\/\/www.qualitel.org\/professionnels\/actualites\/certification-nf-habitat-renovation-guadeloupe\/\",\"url\":\"https:\/\/www.qualitel.org\/professionnels\/actualites\/certification-nf-habitat-renovation-guadeloupe\/\",\"name\":\"Certification NF Habitat R\u00e9novation Guadeloupe\u202f: un nouvel outil face \u00e0 l\u2019urgence de r\u00e9nover le b\u00e2ti de l\u2019archipel - Qualitel | Professionnels\",\"isPartOf\":{\"@id\":\"https:\/\/www.qualitel.org\/professionnels\/#website\"},\"primaryImageOfPage\":{\"@id\":\"https:\/\/www.qualitel.org\/professionnels\/actualites\/certification-nf-habitat-renovation-guadeloupe\/#primaryimage\"},\"image\":{\"@id\":\"https:\/\/www.qualitel.org\/professionnels\/actualites\/certification-nf-habitat-renovation-guadeloupe\/#primaryimage\"},\"thumbnailUrl\":\"https:\/\/www.qualitel.org\/professionnels\/wp\/..\/uploads\/une-reno-guadeloupe.jpg\",\"datePublished\":\"2025-07-01T15:16:48+00:00\",\"description\":\"Le 27\u00a0juin 2025, CERQUAL Qualitel Certification a officiellement lanc\u00e9 la certification NF Habitat R\u00e9novation Guadeloupe. Adapt\u00e9e aux sp\u00e9cificit\u00e9s climatiques et d\u00e9mographiques de l\u2019archipel des Cara\u00efbes, cette d\u00e9marche vise \u00e0 structurer et \u00e0 valoriser les op\u00e9rations de r\u00e9novation dans un objectif de qualit\u00e9, de confort et de durabilit\u00e9.\",\"breadcrumb\":{\"@id\":\"https:\/\/www.qualitel.org\/professionnels\/actualites\/certification-nf-habitat-renovation-guadeloupe\/#breadcrumb\"},\"inLanguage\":\"fr-FR\",\"potentialAction\":[{\"@type\":\"ReadAction\",\"target\":[\"https:\/\/www.qualitel.org\/professionnels\/actualites\/certification-nf-habitat-renovation-guadeloupe\/\"]}]},{\"@type\":\"ImageObject\",\"inLanguage\":\"fr-FR\",\"@id\":\"https:\/\/www.qualitel.org\/professionnels\/actualites\/certification-nf-habitat-renovation-guadeloupe\/#primaryimage\",\"url\":\"https:\/\/www.qualitel.org\/professionnels\/wp\/..\/uploads\/une-reno-guadeloupe.jpg\",\"contentUrl\":\"https:\/\/www.qualitel.org\/professionnels\/wp\/..\/uploads\/une-reno-guadeloupe.jpg\",\"width\":900,\"height\":513},{\"@type\":\"BreadcrumbList\",\"@id\":\"https:\/\/www.qualitel.org\/professionnels\/actualites\/certification-nf-habitat-renovation-guadeloupe\/#breadcrumb\",\"itemListElement\":[{\"@type\":\"ListItem\",\"position\":1,\"name\":\"Accueil\",\"item\":\"https:\/\/www.qualitel.org\/professionnels\/\"},{\"@type\":\"ListItem\",\"position\":2,\"name\":\"Certification NF Habitat R\u00e9novation Guadeloupe\u202f: un nouvel outil face \u00e0 l\u2019urgence de r\u00e9nover le b\u00e2ti de l\u2019archipel\"}]},{\"@type\":\"WebSite\",\"@id\":\"https:\/\/www.qualitel.org\/professionnels\/#website\",\"url\":\"https:\/\/www.qualitel.org\/professionnels\/\",\"name\":\"Qualitel | Professionnels\",\"description\":\"\",\"publisher\":{\"@id\":\"https:\/\/www.qualitel.org\/professionnels\/#organization\"},\"potentialAction\":[{\"@type\":\"SearchAction\",\"target\":{\"@type\":\"EntryPoint\",\"urlTemplate\":\"https:\/\/www.qualitel.org\/professionnels\/?s={search_term_string}\"},\"query-input\":{\"@type\":\"PropertyValueSpecification\",\"valueRequired\":true,\"valueName\":\"search_term_string\"}}],\"inLanguage\":\"fr-FR\"},{\"@type\":\"Organization\",\"@id\":\"https:\/\/www.qualitel.org\/professionnels\/#organization\",\"name\":\"Qualitel\",\"url\":\"https:\/\/www.qualitel.org\/professionnels\/\",\"logo\":{\"@type\":\"ImageObject\",\"inLanguage\":\"fr-FR\",\"@id\":\"https:\/\/www.qualitel.org\/professionnels\/#\/schema\/logo\/image\/\",\"url\":\"https:\/\/www.qualitel.org\/professionnels\/wp\/..\/uploads\/qualitel_social.jpg\",\"contentUrl\":\"https:\/\/www.qualitel.org\/professionnels\/wp\/..\/uploads\/qualitel_social.jpg\",\"width\":1080,\"height\":1080,\"caption\":\"Qualitel\"},\"image\":{\"@id\":\"https:\/\/www.qualitel.org\/professionnels\/#\/schema\/logo\/image\/\"},\"sameAs\":[\"https:\/\/www.facebook.com\/groupequalitel\/\",\"https:\/\/x.com\/groupeQUALITEL\",\"https:\/\/www.instagram.com\/associationqualitel\/\"]},{\"@type\":\"Person\",\"@id\":\"https:\/\/www.qualitel.org\/professionnels\/#\/schema\/person\/8da1b40abc7d27162c267baae6ea6b6e\",\"name\":\"Julie CARNEZ\",\"image\":{\"@type\":\"ImageObject\",\"inLanguage\":\"fr-FR\",\"@id\":\"https:\/\/www.qualitel.org\/professionnels\/#\/schema\/person\/image\/\",\"url\":\"https:\/\/secure.gravatar.com\/avatar\/41fcfdc51e7305fd5b17ead841bd2e1f6a982b0f5ccaf899636b8ccab25ca5b1?s=96&d=mm&r=g\",\"contentUrl\":\"https:\/\/secure.gravatar.com\/avatar\/41fcfdc51e7305fd5b17ead841bd2e1f6a982b0f5ccaf899636b8ccab25ca5b1?s=96&d=mm&r=g\",\"caption\":\"Julie CARNEZ\"}}]}<\/script>\n<!-- \/ Yoast SEO plugin. -->","yoast_head_json":{"title":"Certification NF Habitat R\u00e9novation Guadeloupe\u202f: un nouvel outil face \u00e0 l\u2019urgence de r\u00e9nover le b\u00e2ti de l\u2019archipel - Qualitel | Professionnels","description":"Le 27\u00a0juin 2025, CERQUAL Qualitel Certification a officiellement lanc\u00e9 la certification NF Habitat R\u00e9novation Guadeloupe.  Adapt\u00e9e aux sp\u00e9cificit\u00e9s climatiques et d\u00e9mographiques de l\u2019archipel des Cara\u00efbes, cette d\u00e9marche vise \u00e0 structurer et \u00e0 valoriser les op\u00e9rations de r\u00e9novation dans un objectif de qualit\u00e9, de confort et de durabilit\u00e9.","robots":{"index":"index","follow":"follow","max-snippet":"max-snippet:-1","max-image-preview":"max-image-preview:large","max-video-preview":"max-video-preview:-1"},"canonical":"https:\/\/www.qualitel.org\/professionnels\/actualites\/certification-nf-habitat-renovation-guadeloupe\/","og_locale":"fr_FR","og_type":"article","og_title":"Certification NF Habitat R\u00e9novation Guadeloupe\u202f: un nouvel outil face \u00e0 l\u2019urgence de r\u00e9nover le b\u00e2ti de l\u2019archipel - Qualitel | Professionnels","og_description":"Le 27\u00a0juin 2025, CERQUAL Qualitel Certification a officiellement lanc\u00e9 la certification NF Habitat R\u00e9novation Guadeloupe.\nAdapt\u00e9e aux sp\u00e9cificit\u00e9s climatiques et d\u00e9mographiques de l\u2019archipel des Cara\u00efbes, cette d\u00e9marche vise \u00e0 structurer et \u00e0 valoriser les op\u00e9rations de r\u00e9novation dans un objectif de qualit\u00e9, de confort et de durabilit\u00e9.","og_url":"https:\/\/www.qualitel.org\/professionnels\/actualites\/certification-nf-habitat-renovation-guadeloupe\/","og_site_name":"Qualitel | Professionnels","article_publisher":"https:\/\/www.facebook.com\/groupequalitel\/","article_published_time":"2025-07-01T15:16:48+00:00","og_image":[{"width":900,"height":513,"url":"https:\/\/www.qualitel.org\/professionnels\/wp\/..\/uploads\/une-reno-guadeloupe.jpg","type":"image\/jpeg"}],"author":"Julie CARNEZ","twitter_card":"summary_large_image","twitter_description":"Le 27\u00a0juin 2025, CERQUAL Qualitel Certification a officiellement lanc\u00e9 la certification NF Habitat R\u00e9novation Guadeloupe.\nAdapt\u00e9e aux sp\u00e9cificit\u00e9s climatiques et d\u00e9mographiques de l\u2019archipel des Cara\u00efbes, cette d\u00e9marche vise \u00e0 structurer et \u00e0 valoriser les op\u00e9rations de r\u00e9novation dans un objectif de qualit\u00e9, de confort et de durabilit\u00e9.\n","twitter_creator":"@groupeQUALITEL","twitter_site":"@groupeQUALITEL","twitter_misc":{"Written by":"Julie CARNEZ","Est. reading time":"4 minutes"},"schema":{"@context":"https:\/\/schema.org","@graph":[{"@type":"Article","@id":"https:\/\/www.qualitel.org\/professionnels\/actualites\/certification-nf-habitat-renovation-guadeloupe\/#article","isPartOf":{"@id":"https:\/\/www.qualitel.org\/professionnels\/actualites\/certification-nf-habitat-renovation-guadeloupe\/"},"author":{"name":"Julie CARNEZ","@id":"https:\/\/www.qualitel.org\/professionnels\/#\/schema\/person\/8da1b40abc7d27162c267baae6ea6b6e"},"headline":"Certification NF Habitat R\u00e9novation Guadeloupe\u202f: un nouvel outil face \u00e0 l\u2019urgence de r\u00e9nover le b\u00e2ti de l\u2019archipel","datePublished":"2025-07-01T15:16:48+00:00","mainEntityOfPage":{"@id":"https:\/\/www.qualitel.org\/professionnels\/actualites\/certification-nf-habitat-renovation-guadeloupe\/"},"wordCount":21,"publisher":{"@id":"https:\/\/www.qualitel.org\/professionnels\/#organization"},"image":{"@id":"https:\/\/www.qualitel.org\/professionnels\/actualites\/certification-nf-habitat-renovation-guadeloupe\/#primaryimage"},"thumbnailUrl":"https:\/\/www.qualitel.org\/professionnels\/wp\/..\/uploads\/une-reno-guadeloupe.jpg","inLanguage":"fr-FR"},{"@type":"WebPage","@id":"https:\/\/www.qualitel.org\/professionnels\/actualites\/certification-nf-habitat-renovation-guadeloupe\/","url":"https:\/\/www.qualitel.org\/professionnels\/actualites\/certification-nf-habitat-renovation-guadeloupe\/","name":"Certification NF Habitat R\u00e9novation Guadeloupe\u202f: un nouvel outil face \u00e0 l\u2019urgence de r\u00e9nover le b\u00e2ti de l\u2019archipel - Qualitel | Professionnels","isPartOf":{"@id":"https:\/\/www.qualitel.org\/professionnels\/#website"},"primaryImageOfPage":{"@id":"https:\/\/www.qualitel.org\/professionnels\/actualites\/certification-nf-habitat-renovation-guadeloupe\/#primaryimage"},"image":{"@id":"https:\/\/www.qualitel.org\/professionnels\/actualites\/certification-nf-habitat-renovation-guadeloupe\/#primaryimage"},"thumbnailUrl":"https:\/\/www.qualitel.org\/professionnels\/wp\/..\/uploads\/une-reno-guadeloupe.jpg","datePublished":"2025-07-01T15:16:48+00:00","description":"Le 27\u00a0juin 2025, CERQUAL Qualitel Certification a officiellement lanc\u00e9 la certification NF Habitat R\u00e9novation Guadeloupe. Adapt\u00e9e aux sp\u00e9cificit\u00e9s climatiques et d\u00e9mographiques de l\u2019archipel des Cara\u00efbes, cette d\u00e9marche vise \u00e0 structurer et \u00e0 valoriser les op\u00e9rations de r\u00e9novation dans un objectif de qualit\u00e9, de confort et de durabilit\u00e9.","breadcrumb":{"@id":"https:\/\/www.qualitel.org\/professionnels\/actualites\/certification-nf-habitat-renovation-guadeloupe\/#breadcrumb"},"inLanguage":"fr-FR","potentialAction":[{"@type":"ReadAction","target":["https:\/\/www.qualitel.org\/professionnels\/actualites\/certification-nf-habitat-renovation-guadeloupe\/"]}]},{"@type":"ImageObject","inLanguage":"fr-FR","@id":"https:\/\/www.qualitel.org\/professionnels\/actualites\/certification-nf-habitat-renovation-guadeloupe\/#primaryimage","url":"https:\/\/www.qualitel.org\/professionnels\/wp\/..\/uploads\/une-reno-guadeloupe.jpg","contentUrl":"https:\/\/www.qualitel.org\/professionnels\/wp\/..\/uploads\/une-reno-guadeloupe.jpg","width":900,"height":513},{"@type":"BreadcrumbList","@id":"https:\/\/www.qualitel.org\/professionnels\/actualites\/certification-nf-habitat-renovation-guadeloupe\/#breadcrumb","itemListElement":[{"@type":"ListItem","position":1,"name":"Accueil","item":"https:\/\/www.qualitel.org\/professionnels\/"},{"@type":"ListItem","position":2,"name":"Certification NF Habitat R\u00e9novation Guadeloupe\u202f: un nouvel outil face \u00e0 l\u2019urgence de r\u00e9nover le b\u00e2ti de l\u2019archipel"}]},{"@type":"WebSite","@id":"https:\/\/www.qualitel.org\/professionnels\/#website","url":"https:\/\/www.qualitel.org\/professionnels\/","name":"Qualitel | Professionnels","description":"","publisher":{"@id":"https:\/\/www.qualitel.org\/professionnels\/#organization"},"potentialAction":[{"@type":"SearchAction","target":{"@type":"EntryPoint","urlTemplate":"https:\/\/www.qualitel.org\/professionnels\/?s={search_term_string}"},"query-input":{"@type":"PropertyValueSpecification","valueRequired":true,"valueName":"search_term_string"}}],"inLanguage":"fr-FR"},{"@type":"Organization","@id":"https:\/\/www.qualitel.org\/professionnels\/#organization","name":"Qualitel","url":"https:\/\/www.qualitel.org\/professionnels\/","logo":{"@type":"ImageObject","inLanguage":"fr-FR","@id":"https:\/\/www.qualitel.org\/professionnels\/#\/schema\/logo\/image\/","url":"https:\/\/www.qualitel.org\/professionnels\/wp\/..\/uploads\/qualitel_social.jpg","contentUrl":"https:\/\/www.qualitel.org\/professionnels\/wp\/..\/uploads\/qualitel_social.jpg","width":1080,"height":1080,"caption":"Qualitel"},"image":{"@id":"https:\/\/www.qualitel.org\/professionnels\/#\/schema\/logo\/image\/"},"sameAs":["https:\/\/www.facebook.com\/groupequalitel\/","https:\/\/x.com\/groupeQUALITEL","https:\/\/www.instagram.com\/associationqualitel\/"]},{"@type":"Person","@id":"https:\/\/www.qualitel.org\/professionnels\/#\/schema\/person\/8da1b40abc7d27162c267baae6ea6b6e","name":"Julie CARNEZ","image":{"@type":"ImageObject","inLanguage":"fr-FR","@id":"https:\/\/www.qualitel.org\/professionnels\/#\/schema\/person\/image\/","url":"https:\/\/secure.gravatar.com\/avatar\/41fcfdc51e7305fd5b17ead841bd2e1f6a982b0f5ccaf899636b8ccab25ca5b1?s=96&d=mm&r=g","contentUrl":"https:\/\/secure.gravatar.com\/avatar\/41fcfdc51e7305fd5b17ead841bd2e1f6a982b0f5ccaf899636b8ccab25ca5b1?s=96&d=mm&r=g","caption":"Julie CARNEZ"}}]}},"_links":{"self":[{"href":"https:\/\/www.qualitel.org\/professionnels\/wp-json\/wp\/v2\/posts\/114947","targetHints":{"allow":["GET"]}}],"collection":[{"href":"https:\/\/www.qualitel.org\/professionnels\/wp-json\/wp\/v2\/posts"}],"about":[{"href":"https:\/\/www.qualitel.org\/professionnels\/wp-json\/wp\/v2\/types\/post"}],"author":[{"embeddable":true,"href":"https:\/\/www.qualitel.org\/professionnels\/wp-json\/wp\/v2\/users\/24"}],"replies":[{"embeddable":true,"href":"https:\/\/www.qualitel.org\/professionnels\/wp-json\/wp\/v2\/comments?post=114947"}],"version-history":[{"count":10,"href":"https:\/\/www.qualitel.org\/professionnels\/wp-json\/wp\/v2\/posts\/114947\/revisions"}],"predecessor-version":[{"id":114981,"href":"https:\/\/www.qualitel.org\/professionnels\/wp-json\/wp\/v2\/posts\/114947\/revisions\/114981"}],"wp:featuredmedia":[{"embeddable":true,"href":"https:\/\/www.qualitel.org\/professionnels\/wp-json\/wp\/v2\/media\/114976"}],"wp:attachment":[{"href":"https:\/\/www.qualitel.org\/professionnels\/wp-json\/wp\/v2\/media?parent=114947"}],"wp:term":[{"taxonomy":"tags","embeddable":true,"href":"https:\/\/www.qualitel.org\/professionnels\/wp-json\/wp\/v2\/tags?post=114947"},{"taxonomy":"etiquettes","embeddable":true,"href":"https:\/\/www.qualitel.org\/professionnels\/wp-json\/wp\/v2\/tags?post=114947"},{"taxonomy":"article_type","embeddable":true,"href":"https:\/\/www.qualitel.org\/professionnels\/wp-json\/wp\/v2\/article_type?post=114947"}],"curies":[{"name":"wp","href":"https:\/\/api.w.org\/{rel}","templated":true}]}}