{"id":114985,"date":"2025-07-02T11:00:40","date_gmt":"2025-07-02T09:00:40","guid":{"rendered":"https:\/\/www.qualitel.org\/professionnels\/?p=114985"},"modified":"2025-09-02T16:12:30","modified_gmt":"2025-09-02T14:12:30","slug":"former-les-elus","status":"publish","type":"post","link":"https:\/\/www.qualitel.org\/professionnels\/formation\/former-les-elus\/","title":{"rendered":"Former les \u00e9lus : une n\u00e9cessit\u00e9 strat\u00e9gique au service des territoires"},"content":{"rendered":"","protected":false},"excerpt":{"rendered":"","protected":false},"author":24,"featured_media":114996,"comment_status":"closed","ping_status":"closed","sticky":false,"template":"","format":"standard","meta":{"_acf_changed":false,"footnotes":""},"tags":[],"article_type":[],"class_list":["post-114985","post","type-post","status-publish","format-standard","has-post-thumbnail","hentry"],"acf":[],"yoast_head":"<!-- This site is optimized with the Yoast SEO plugin v26.3 - https:\/\/yoast.com\/wordpress\/plugins\/seo\/ -->\n<title>Former les \u00e9lus : une n\u00e9cessit\u00e9 strat\u00e9gique au service des territoires - Qualitel | Professionnels<\/title>\n<meta name=\"description\" content=\"Les \u00e9lus locaux sont aujourd\u2019hui confront\u00e9s \u00e0 des enjeux de plus en plus complexes : transition \u00e9cologique, urbanisme r\u00e9glement\u00e9, s\u00e9curit\u00e9 du b\u00e2ti, performance des politiques publiques. Pour y r\u00e9pondre efficacement, ils doivent pouvoir s\u2019appuyer sur des comp\u00e9tences actualis\u00e9es et des outils op\u00e9rationnels. Depuis 2021, la loi impose aux collectivit\u00e9s de former leurs \u00e9lus, avec des modalit\u00e9s de financement pr\u00e9cises. QUALITEL Formation, d\u00e9sormais organisme agr\u00e9\u00e9, met son expertise au service de cet objectif d\u2019int\u00e9r\u00eat g\u00e9n\u00e9ral.\" \/>\n<meta name=\"robots\" content=\"index, follow, max-snippet:-1, max-image-preview:large, max-video-preview:-1\" \/>\n<link rel=\"canonical\" href=\"https:\/\/www.qualitel.org\/professionnels\/formation\/former-les-elus\/\" \/>\n<meta property=\"og:locale\" content=\"fr_FR\" \/>\n<meta property=\"og:type\" content=\"article\" \/>\n<meta property=\"og:title\" content=\"Former les \u00e9lus : une n\u00e9cessit\u00e9 strat\u00e9gique au service des territoires - Qualitel | Professionnels\" \/>\n<meta property=\"og:description\" content=\"Les \u00e9lus locaux sont aujourd\u2019hui confront\u00e9s \u00e0 des enjeux de plus en plus complexes : transition \u00e9cologique, urbanisme r\u00e9glement\u00e9, s\u00e9curit\u00e9 du b\u00e2ti, performance des politiques publiques. Pour y r\u00e9pondre efficacement, ils doivent pouvoir s\u2019appuyer sur des comp\u00e9tences actualis\u00e9es et des outils op\u00e9rationnels. Depuis 2021, la loi impose aux collectivit\u00e9s de former leurs \u00e9lus, avec des modalit\u00e9s de financement pr\u00e9cises. QUALITEL Formation, d\u00e9sormais organisme agr\u00e9\u00e9, met son expertise au service de cet objectif d\u2019int\u00e9r\u00eat g\u00e9n\u00e9ral.\" \/>\n<meta property=\"og:url\" content=\"https:\/\/www.qualitel.org\/professionnels\/formation\/former-les-elus\/\" \/>\n<meta property=\"og:site_name\" content=\"Qualitel | Professionnels\" \/>\n<meta property=\"article:publisher\" content=\"https:\/\/www.facebook.com\/groupequalitel\/\" \/>\n<meta property=\"article:published_time\" content=\"2025-07-02T09:00:40+00:00\" \/>\n<meta property=\"article:modified_time\" content=\"2025-09-02T14:12:30+00:00\" \/>\n<meta property=\"og:image\" content=\"https:\/\/www.qualitel.org\/professionnels\/wp\/..\/uploads\/qf-elus-une.jpg\" \/>\n\t<meta property=\"og:image:width\" content=\"900\" \/>\n\t<meta property=\"og:image:height\" content=\"513\" \/>\n\t<meta property=\"og:image:type\" content=\"image\/jpeg\" \/>\n<meta name=\"author\" content=\"Julie CARNEZ\" \/>\n<meta name=\"twitter:card\" content=\"summary_large_image\" \/>\n<meta name=\"twitter:description\" content=\"Les \u00e9lus locaux sont aujourd\u2019hui confront\u00e9s \u00e0 des enjeux de plus en plus complexes : transition \u00e9cologique, urbanisme r\u00e9glement\u00e9, s\u00e9curit\u00e9 du b\u00e2ti, performance des politiques publiques. Pour y r\u00e9pondre efficacement, ils doivent pouvoir s\u2019appuyer sur des comp\u00e9tences actualis\u00e9es et des outils op\u00e9rationnels. Depuis 2021, la loi impose aux collectivit\u00e9s de former leurs \u00e9lus, avec des modalit\u00e9s de financement pr\u00e9cises. QUALITEL Formation, d\u00e9sormais organisme agr\u00e9\u00e9, met son expertise au service de cet objectif d\u2019int\u00e9r\u00eat g\u00e9n\u00e9ral.\n\" \/>\n<meta name=\"twitter:creator\" content=\"@groupeQUALITEL\" \/>\n<meta name=\"twitter:site\" content=\"@groupeQUALITEL\" \/>\n<meta name=\"twitter:label1\" content=\"Written by\" \/>\n\t<meta name=\"twitter:data1\" content=\"Julie CARNEZ\" \/>\n\t<meta name=\"twitter:label2\" content=\"Est. reading time\" \/>\n\t<meta name=\"twitter:data2\" content=\"4 minutes\" \/>\n<script type=\"application\/ld+json\" class=\"yoast-schema-graph\">{\"@context\":\"https:\/\/schema.org\",\"@graph\":[{\"@type\":\"Article\",\"@id\":\"https:\/\/www.qualitel.org\/professionnels\/formation\/former-les-elus\/#article\",\"isPartOf\":{\"@id\":\"https:\/\/www.qualitel.org\/professionnels\/formation\/former-les-elus\/\"},\"author\":{\"name\":\"Julie CARNEZ\",\"@id\":\"https:\/\/www.qualitel.org\/professionnels\/#\/schema\/person\/8da1b40abc7d27162c267baae6ea6b6e\"},\"headline\":\"Former les \u00e9lus : une n\u00e9cessit\u00e9 strat\u00e9gique au service des territoires\",\"datePublished\":\"2025-07-02T09:00:40+00:00\",\"dateModified\":\"2025-09-02T14:12:30+00:00\",\"mainEntityOfPage\":{\"@id\":\"https:\/\/www.qualitel.org\/professionnels\/formation\/former-les-elus\/\"},\"wordCount\":12,\"publisher\":{\"@id\":\"https:\/\/www.qualitel.org\/professionnels\/#organization\"},\"image\":{\"@id\":\"https:\/\/www.qualitel.org\/professionnels\/formation\/former-les-elus\/#primaryimage\"},\"thumbnailUrl\":\"https:\/\/www.qualitel.org\/professionnels\/wp\/..\/uploads\/qf-elus-une.jpg\",\"inLanguage\":\"fr-FR\"},{\"@type\":\"WebPage\",\"@id\":\"https:\/\/www.qualitel.org\/professionnels\/formation\/former-les-elus\/\",\"url\":\"https:\/\/www.qualitel.org\/professionnels\/formation\/former-les-elus\/\",\"name\":\"Former les \u00e9lus : une n\u00e9cessit\u00e9 strat\u00e9gique au service des territoires - Qualitel | Professionnels\",\"isPartOf\":{\"@id\":\"https:\/\/www.qualitel.org\/professionnels\/#website\"},\"primaryImageOfPage\":{\"@id\":\"https:\/\/www.qualitel.org\/professionnels\/formation\/former-les-elus\/#primaryimage\"},\"image\":{\"@id\":\"https:\/\/www.qualitel.org\/professionnels\/formation\/former-les-elus\/#primaryimage\"},\"thumbnailUrl\":\"https:\/\/www.qualitel.org\/professionnels\/wp\/..\/uploads\/qf-elus-une.jpg\",\"datePublished\":\"2025-07-02T09:00:40+00:00\",\"dateModified\":\"2025-09-02T14:12:30+00:00\",\"description\":\"Les \u00e9lus locaux sont aujourd\u2019hui confront\u00e9s \u00e0 des enjeux de plus en plus complexes : transition \u00e9cologique, urbanisme r\u00e9glement\u00e9, s\u00e9curit\u00e9 du b\u00e2ti, performance des politiques publiques. Pour y r\u00e9pondre efficacement, ils doivent pouvoir s\u2019appuyer sur des comp\u00e9tences actualis\u00e9es et des outils op\u00e9rationnels. Depuis 2021, la loi impose aux collectivit\u00e9s de former leurs \u00e9lus, avec des modalit\u00e9s de financement pr\u00e9cises. QUALITEL Formation, d\u00e9sormais organisme agr\u00e9\u00e9, met son expertise au service de cet objectif d\u2019int\u00e9r\u00eat g\u00e9n\u00e9ral.\",\"breadcrumb\":{\"@id\":\"https:\/\/www.qualitel.org\/professionnels\/formation\/former-les-elus\/#breadcrumb\"},\"inLanguage\":\"fr-FR\",\"potentialAction\":[{\"@type\":\"ReadAction\",\"target\":[\"https:\/\/www.qualitel.org\/professionnels\/formation\/former-les-elus\/\"]}]},{\"@type\":\"ImageObject\",\"inLanguage\":\"fr-FR\",\"@id\":\"https:\/\/www.qualitel.org\/professionnels\/formation\/former-les-elus\/#primaryimage\",\"url\":\"https:\/\/www.qualitel.org\/professionnels\/wp\/..\/uploads\/qf-elus-une.jpg\",\"contentUrl\":\"https:\/\/www.qualitel.org\/professionnels\/wp\/..\/uploads\/qf-elus-une.jpg\",\"width\":900,\"height\":513},{\"@type\":\"BreadcrumbList\",\"@id\":\"https:\/\/www.qualitel.org\/professionnels\/formation\/former-les-elus\/#breadcrumb\",\"itemListElement\":[{\"@type\":\"ListItem\",\"position\":1,\"name\":\"Accueil\",\"item\":\"https:\/\/www.qualitel.org\/professionnels\/\"},{\"@type\":\"ListItem\",\"position\":2,\"name\":\"Former les \u00e9lus : une n\u00e9cessit\u00e9 strat\u00e9gique au service des territoires\"}]},{\"@type\":\"WebSite\",\"@id\":\"https:\/\/www.qualitel.org\/professionnels\/#website\",\"url\":\"https:\/\/www.qualitel.org\/professionnels\/\",\"name\":\"Qualitel | Professionnels\",\"description\":\"\",\"publisher\":{\"@id\":\"https:\/\/www.qualitel.org\/professionnels\/#organization\"},\"potentialAction\":[{\"@type\":\"SearchAction\",\"target\":{\"@type\":\"EntryPoint\",\"urlTemplate\":\"https:\/\/www.qualitel.org\/professionnels\/?s={search_term_string}\"},\"query-input\":{\"@type\":\"PropertyValueSpecification\",\"valueRequired\":true,\"valueName\":\"search_term_string\"}}],\"inLanguage\":\"fr-FR\"},{\"@type\":\"Organization\",\"@id\":\"https:\/\/www.qualitel.org\/professionnels\/#organization\",\"name\":\"Qualitel\",\"url\":\"https:\/\/www.qualitel.org\/professionnels\/\",\"logo\":{\"@type\":\"ImageObject\",\"inLanguage\":\"fr-FR\",\"@id\":\"https:\/\/www.qualitel.org\/professionnels\/#\/schema\/logo\/image\/\",\"url\":\"https:\/\/www.qualitel.org\/professionnels\/wp\/..\/uploads\/qualitel_social.jpg\",\"contentUrl\":\"https:\/\/www.qualitel.org\/professionnels\/wp\/..\/uploads\/qualitel_social.jpg\",\"width\":1080,\"height\":1080,\"caption\":\"Qualitel\"},\"image\":{\"@id\":\"https:\/\/www.qualitel.org\/professionnels\/#\/schema\/logo\/image\/\"},\"sameAs\":[\"https:\/\/www.facebook.com\/groupequalitel\/\",\"https:\/\/x.com\/groupeQUALITEL\",\"https:\/\/www.instagram.com\/associationqualitel\/\"]},{\"@type\":\"Person\",\"@id\":\"https:\/\/www.qualitel.org\/professionnels\/#\/schema\/person\/8da1b40abc7d27162c267baae6ea6b6e\",\"name\":\"Julie CARNEZ\",\"image\":{\"@type\":\"ImageObject\",\"inLanguage\":\"fr-FR\",\"@id\":\"https:\/\/www.qualitel.org\/professionnels\/#\/schema\/person\/image\/\",\"url\":\"https:\/\/secure.gravatar.com\/avatar\/41fcfdc51e7305fd5b17ead841bd2e1f6a982b0f5ccaf899636b8ccab25ca5b1?s=96&d=mm&r=g\",\"contentUrl\":\"https:\/\/secure.gravatar.com\/avatar\/41fcfdc51e7305fd5b17ead841bd2e1f6a982b0f5ccaf899636b8ccab25ca5b1?s=96&d=mm&r=g\",\"caption\":\"Julie CARNEZ\"}}]}<\/script>\n<!-- \/ Yoast SEO plugin. -->","yoast_head_json":{"title":"Former les \u00e9lus : une n\u00e9cessit\u00e9 strat\u00e9gique au service des territoires - Qualitel | Professionnels","description":"Les \u00e9lus locaux sont aujourd\u2019hui confront\u00e9s \u00e0 des enjeux de plus en plus complexes : transition \u00e9cologique, urbanisme r\u00e9glement\u00e9, s\u00e9curit\u00e9 du b\u00e2ti, performance des politiques publiques. Pour y r\u00e9pondre efficacement, ils doivent pouvoir s\u2019appuyer sur des comp\u00e9tences actualis\u00e9es et des outils op\u00e9rationnels. Depuis 2021, la loi impose aux collectivit\u00e9s de former leurs \u00e9lus, avec des modalit\u00e9s de financement pr\u00e9cises. QUALITEL Formation, d\u00e9sormais organisme agr\u00e9\u00e9, met son expertise au service de cet objectif d\u2019int\u00e9r\u00eat g\u00e9n\u00e9ral.","robots":{"index":"index","follow":"follow","max-snippet":"max-snippet:-1","max-image-preview":"max-image-preview:large","max-video-preview":"max-video-preview:-1"},"canonical":"https:\/\/www.qualitel.org\/professionnels\/formation\/former-les-elus\/","og_locale":"fr_FR","og_type":"article","og_title":"Former les \u00e9lus : une n\u00e9cessit\u00e9 strat\u00e9gique au service des territoires - Qualitel | Professionnels","og_description":"Les \u00e9lus locaux sont aujourd\u2019hui confront\u00e9s \u00e0 des enjeux de plus en plus complexes : transition \u00e9cologique, urbanisme r\u00e9glement\u00e9, s\u00e9curit\u00e9 du b\u00e2ti, performance des politiques publiques. Pour y r\u00e9pondre efficacement, ils doivent pouvoir s\u2019appuyer sur des comp\u00e9tences actualis\u00e9es et des outils op\u00e9rationnels. Depuis 2021, la loi impose aux collectivit\u00e9s de former leurs \u00e9lus, avec des modalit\u00e9s de financement pr\u00e9cises. QUALITEL Formation, d\u00e9sormais organisme agr\u00e9\u00e9, met son expertise au service de cet objectif d\u2019int\u00e9r\u00eat g\u00e9n\u00e9ral.","og_url":"https:\/\/www.qualitel.org\/professionnels\/formation\/former-les-elus\/","og_site_name":"Qualitel | Professionnels","article_publisher":"https:\/\/www.facebook.com\/groupequalitel\/","article_published_time":"2025-07-02T09:00:40+00:00","article_modified_time":"2025-09-02T14:12:30+00:00","og_image":[{"width":900,"height":513,"url":"https:\/\/www.qualitel.org\/professionnels\/wp\/..\/uploads\/qf-elus-une.jpg","type":"image\/jpeg"}],"author":"Julie CARNEZ","twitter_card":"summary_large_image","twitter_description":"Les \u00e9lus locaux sont aujourd\u2019hui confront\u00e9s \u00e0 des enjeux de plus en plus complexes : transition \u00e9cologique, urbanisme r\u00e9glement\u00e9, s\u00e9curit\u00e9 du b\u00e2ti, performance des politiques publiques. Pour y r\u00e9pondre efficacement, ils doivent pouvoir s\u2019appuyer sur des comp\u00e9tences actualis\u00e9es et des outils op\u00e9rationnels. Depuis 2021, la loi impose aux collectivit\u00e9s de former leurs \u00e9lus, avec des modalit\u00e9s de financement pr\u00e9cises. QUALITEL Formation, d\u00e9sormais organisme agr\u00e9\u00e9, met son expertise au service de cet objectif d\u2019int\u00e9r\u00eat g\u00e9n\u00e9ral.\n","twitter_creator":"@groupeQUALITEL","twitter_site":"@groupeQUALITEL","twitter_misc":{"Written by":"Julie CARNEZ","Est. reading time":"4 minutes"},"schema":{"@context":"https:\/\/schema.org","@graph":[{"@type":"Article","@id":"https:\/\/www.qualitel.org\/professionnels\/formation\/former-les-elus\/#article","isPartOf":{"@id":"https:\/\/www.qualitel.org\/professionnels\/formation\/former-les-elus\/"},"author":{"name":"Julie CARNEZ","@id":"https:\/\/www.qualitel.org\/professionnels\/#\/schema\/person\/8da1b40abc7d27162c267baae6ea6b6e"},"headline":"Former les \u00e9lus : une n\u00e9cessit\u00e9 strat\u00e9gique au service des territoires","datePublished":"2025-07-02T09:00:40+00:00","dateModified":"2025-09-02T14:12:30+00:00","mainEntityOfPage":{"@id":"https:\/\/www.qualitel.org\/professionnels\/formation\/former-les-elus\/"},"wordCount":12,"publisher":{"@id":"https:\/\/www.qualitel.org\/professionnels\/#organization"},"image":{"@id":"https:\/\/www.qualitel.org\/professionnels\/formation\/former-les-elus\/#primaryimage"},"thumbnailUrl":"https:\/\/www.qualitel.org\/professionnels\/wp\/..\/uploads\/qf-elus-une.jpg","inLanguage":"fr-FR"},{"@type":"WebPage","@id":"https:\/\/www.qualitel.org\/professionnels\/formation\/former-les-elus\/","url":"https:\/\/www.qualitel.org\/professionnels\/formation\/former-les-elus\/","name":"Former les \u00e9lus : une n\u00e9cessit\u00e9 strat\u00e9gique au service des territoires - Qualitel | Professionnels","isPartOf":{"@id":"https:\/\/www.qualitel.org\/professionnels\/#website"},"primaryImageOfPage":{"@id":"https:\/\/www.qualitel.org\/professionnels\/formation\/former-les-elus\/#primaryimage"},"image":{"@id":"https:\/\/www.qualitel.org\/professionnels\/formation\/former-les-elus\/#primaryimage"},"thumbnailUrl":"https:\/\/www.qualitel.org\/professionnels\/wp\/..\/uploads\/qf-elus-une.jpg","datePublished":"2025-07-02T09:00:40+00:00","dateModified":"2025-09-02T14:12:30+00:00","description":"Les \u00e9lus locaux sont aujourd\u2019hui confront\u00e9s \u00e0 des enjeux de plus en plus complexes : transition \u00e9cologique, urbanisme r\u00e9glement\u00e9, s\u00e9curit\u00e9 du b\u00e2ti, performance des politiques publiques. Pour y r\u00e9pondre efficacement, ils doivent pouvoir s\u2019appuyer sur des comp\u00e9tences actualis\u00e9es et des outils op\u00e9rationnels. Depuis 2021, la loi impose aux collectivit\u00e9s de former leurs \u00e9lus, avec des modalit\u00e9s de financement pr\u00e9cises. QUALITEL Formation, d\u00e9sormais organisme agr\u00e9\u00e9, met son expertise au service de cet objectif d\u2019int\u00e9r\u00eat g\u00e9n\u00e9ral.","breadcrumb":{"@id":"https:\/\/www.qualitel.org\/professionnels\/formation\/former-les-elus\/#breadcrumb"},"inLanguage":"fr-FR","potentialAction":[{"@type":"ReadAction","target":["https:\/\/www.qualitel.org\/professionnels\/formation\/former-les-elus\/"]}]},{"@type":"ImageObject","inLanguage":"fr-FR","@id":"https:\/\/www.qualitel.org\/professionnels\/formation\/former-les-elus\/#primaryimage","url":"https:\/\/www.qualitel.org\/professionnels\/wp\/..\/uploads\/qf-elus-une.jpg","contentUrl":"https:\/\/www.qualitel.org\/professionnels\/wp\/..\/uploads\/qf-elus-une.jpg","width":900,"height":513},{"@type":"BreadcrumbList","@id":"https:\/\/www.qualitel.org\/professionnels\/formation\/former-les-elus\/#breadcrumb","itemListElement":[{"@type":"ListItem","position":1,"name":"Accueil","item":"https:\/\/www.qualitel.org\/professionnels\/"},{"@type":"ListItem","position":2,"name":"Former les \u00e9lus : une n\u00e9cessit\u00e9 strat\u00e9gique au service des territoires"}]},{"@type":"WebSite","@id":"https:\/\/www.qualitel.org\/professionnels\/#website","url":"https:\/\/www.qualitel.org\/professionnels\/","name":"Qualitel | Professionnels","description":"","publisher":{"@id":"https:\/\/www.qualitel.org\/professionnels\/#organization"},"potentialAction":[{"@type":"SearchAction","target":{"@type":"EntryPoint","urlTemplate":"https:\/\/www.qualitel.org\/professionnels\/?s={search_term_string}"},"query-input":{"@type":"PropertyValueSpecification","valueRequired":true,"valueName":"search_term_string"}}],"inLanguage":"fr-FR"},{"@type":"Organization","@id":"https:\/\/www.qualitel.org\/professionnels\/#organization","name":"Qualitel","url":"https:\/\/www.qualitel.org\/professionnels\/","logo":{"@type":"ImageObject","inLanguage":"fr-FR","@id":"https:\/\/www.qualitel.org\/professionnels\/#\/schema\/logo\/image\/","url":"https:\/\/www.qualitel.org\/professionnels\/wp\/..\/uploads\/qualitel_social.jpg","contentUrl":"https:\/\/www.qualitel.org\/professionnels\/wp\/..\/uploads\/qualitel_social.jpg","width":1080,"height":1080,"caption":"Qualitel"},"image":{"@id":"https:\/\/www.qualitel.org\/professionnels\/#\/schema\/logo\/image\/"},"sameAs":["https:\/\/www.facebook.com\/groupequalitel\/","https:\/\/x.com\/groupeQUALITEL","https:\/\/www.instagram.com\/associationqualitel\/"]},{"@type":"Person","@id":"https:\/\/www.qualitel.org\/professionnels\/#\/schema\/person\/8da1b40abc7d27162c267baae6ea6b6e","name":"Julie CARNEZ","image":{"@type":"ImageObject","inLanguage":"fr-FR","@id":"https:\/\/www.qualitel.org\/professionnels\/#\/schema\/person\/image\/","url":"https:\/\/secure.gravatar.com\/avatar\/41fcfdc51e7305fd5b17ead841bd2e1f6a982b0f5ccaf899636b8ccab25ca5b1?s=96&d=mm&r=g","contentUrl":"https:\/\/secure.gravatar.com\/avatar\/41fcfdc51e7305fd5b17ead841bd2e1f6a982b0f5ccaf899636b8ccab25ca5b1?s=96&d=mm&r=g","caption":"Julie CARNEZ"}}]}},"_links":{"self":[{"href":"https:\/\/www.qualitel.org\/professionnels\/wp-json\/wp\/v2\/posts\/114985","targetHints":{"allow":["GET"]}}],"collection":[{"href":"https:\/\/www.qualitel.org\/professionnels\/wp-json\/wp\/v2\/posts"}],"about":[{"href":"https:\/\/www.qualitel.org\/professionnels\/wp-json\/wp\/v2\/types\/post"}],"author":[{"embeddable":true,"href":"https:\/\/www.qualitel.org\/professionnels\/wp-json\/wp\/v2\/users\/24"}],"replies":[{"embeddable":true,"href":"https:\/\/www.qualitel.org\/professionnels\/wp-json\/wp\/v2\/comments?post=114985"}],"version-history":[{"count":24,"href":"https:\/\/www.qualitel.org\/professionnels\/wp-json\/wp\/v2\/posts\/114985\/revisions"}],"predecessor-version":[{"id":117363,"href":"https:\/\/www.qualitel.org\/professionnels\/wp-json\/wp\/v2\/posts\/114985\/revisions\/117363"}],"wp:featuredmedia":[{"embeddable":true,"href":"https:\/\/www.qualitel.org\/professionnels\/wp-json\/wp\/v2\/media\/114996"}],"wp:attachment":[{"href":"https:\/\/www.qualitel.org\/professionnels\/wp-json\/wp\/v2\/media?parent=114985"}],"wp:term":[{"taxonomy":"tags","embeddable":true,"href":"https:\/\/www.qualitel.org\/professionnels\/wp-json\/wp\/v2\/tags?post=114985"},{"taxonomy":"etiquettes","embeddable":true,"href":"https:\/\/www.qualitel.org\/professionnels\/wp-json\/wp\/v2\/tags?post=114985"},{"taxonomy":"article_type","embeddable":true,"href":"https:\/\/www.qualitel.org\/professionnels\/wp-json\/wp\/v2\/article_type?post=114985"}],"curies":[{"name":"wp","href":"https:\/\/api.w.org\/{rel}","templated":true}]}}