{"id":131827,"date":"2026-04-27T12:09:47","date_gmt":"2026-04-27T10:09:47","guid":{"rendered":"https:\/\/www.qualitel.org\/professionnels\/?p=131827"},"modified":"2026-04-27T16:17:39","modified_gmt":"2026-04-27T14:17:39","slug":"qualitel-formation-accroit-son-partenariat-avec-lopco-atlas","status":"publish","type":"post","link":"https:\/\/www.qualitel.org\/professionnels\/actualites\/qualitel-formation-accroit-son-partenariat-opco-atlas\/","title":{"rendered":"QUALITEL Formation accro\u00eet son partenariat avec l\u2019Opco Atlas !"},"content":{"rendered":"<p>Remporter ces appels d\u2019offres d\u00e9montre que l\u2019Opco Atlas nous consid\u00e8re comme un partenaire de confiance. Cela confirme notre positionnement comme un acteur cl\u00e9 de la formation dans le domaine du num\u00e9rique appliqu\u00e9 au b\u00e2timent et de la transition \u00e9nerg\u00e9tique et environnementale, en phase avec les enjeux actuels de transformation du secteur. Cela va \u00e9galement nous permettre de former massivement les professionnels sur ces sujets d\u00e9terminants.<\/p>\n","protected":false},"excerpt":{"rendered":"<p>Remporter ces appels d\u2019offres d\u00e9montre que l\u2019Opco Atlas nous consid\u00e8re comme un partenaire de confiance. Cela confirme notre positionnement comme un acteur cl\u00e9 de la formation dans le domaine du num\u00e9rique appliqu\u00e9 au b\u00e2timent et de la transition \u00e9nerg\u00e9tique et environnementale, en phase avec les enjeux actuels de transformation du secteur. Cela va \u00e9galement nous &#8230; <\/p>\n","protected":false},"author":24,"featured_media":131837,"comment_status":"closed","ping_status":"closed","sticky":false,"template":"","format":"standard","meta":{"_acf_changed":false,"footnotes":""},"tags":[416],"article_type":[368],"class_list":["post-131827","post","type-post","status-publish","format-standard","has-post-thumbnail","hentry","tags-developpement","tags-qualitel-formation","etiquettes-publication","article_type-actualites"],"acf":[],"yoast_head":"<!-- This site is optimized with the Yoast SEO plugin v26.3 - https:\/\/yoast.com\/wordpress\/plugins\/seo\/ -->\n<title>QUALITEL Formation accro\u00eet son partenariat avec l\u2019Opco Atlas ! - Qualitel | Professionnels<\/title>\n<meta name=\"description\" content=\"QUALITEL Formation franchit une nouvelle \u00e9tape dans son d\u00e9veloppement en remportant deux appels d\u2019offres aupr\u00e8s de l\u2019Opco Atlas. Ces collaborations visent \u00e0 proposer des formations autour du BIM, de la RE2020 et des \u00e9nergies renouvelables, ouvrant ainsi de nouvelles perspectives pour renforcer la visibilit\u00e9 de l\u2019organisme et soutenir la mont\u00e9e en comp\u00e9tences des professionnels du secteur.\" \/>\n<meta name=\"robots\" content=\"index, follow, max-snippet:-1, max-image-preview:large, max-video-preview:-1\" \/>\n<link rel=\"canonical\" href=\"https:\/\/www.qualitel.org\/professionnels\/actualites\/qualitel-formation-accroit-son-partenariat-opco-atlas\/\" \/>\n<meta property=\"og:locale\" content=\"fr_FR\" \/>\n<meta property=\"og:type\" content=\"article\" \/>\n<meta property=\"og:title\" content=\"QUALITEL Formation accro\u00eet son partenariat avec l\u2019Opco Atlas ! - Qualitel | Professionnels\" \/>\n<meta property=\"og:description\" content=\"QUALITEL Formation franchit une nouvelle \u00e9tape dans son d\u00e9veloppement en remportant deux appels d\u2019offres aupr\u00e8s de l\u2019Opco Atlas. Ces collaborations visent \u00e0 proposer des formations autour du BIM, de la RE2020 et des \u00e9nergies renouvelables, ouvrant ainsi de nouvelles perspectives pour renforcer la visibilit\u00e9 de l\u2019organisme et soutenir la mont\u00e9e en comp\u00e9tences des professionnels du secteur.\" \/>\n<meta property=\"og:url\" content=\"https:\/\/www.qualitel.org\/professionnels\/actualites\/qualitel-formation-accroit-son-partenariat-opco-atlas\/\" \/>\n<meta property=\"og:site_name\" content=\"Qualitel | Professionnels\" \/>\n<meta property=\"article:publisher\" content=\"https:\/\/www.facebook.com\/groupequalitel\/\" \/>\n<meta property=\"article:published_time\" content=\"2026-04-27T10:09:47+00:00\" \/>\n<meta property=\"article:modified_time\" content=\"2026-04-27T14:17:39+00:00\" \/>\n<meta property=\"og:image\" content=\"https:\/\/www.qualitel.org\/professionnels\/wp\/..\/uploads\/qf-atlas.jpg\" \/>\n\t<meta property=\"og:image:width\" content=\"900\" \/>\n\t<meta property=\"og:image:height\" content=\"513\" \/>\n\t<meta property=\"og:image:type\" content=\"image\/jpeg\" \/>\n<meta name=\"author\" content=\"Julie CARNEZ\" \/>\n<meta name=\"twitter:card\" content=\"summary_large_image\" \/>\n<meta name=\"twitter:description\" content=\"QUALITEL Formation franchit une nouvelle \u00e9tape dans son d\u00e9veloppement en remportant deux appels d\u2019offres aupr\u00e8s de l\u2019Opco Atlas. Ces collaborations visent \u00e0 proposer des formations autour du BIM, de la RE2020 et des \u00e9nergies renouvelables, ouvrant ainsi de nouvelles perspectives pour renforcer la visibilit\u00e9 de l\u2019organisme et soutenir la mont\u00e9e en comp\u00e9tences des professionnels du secteur.\n\" \/>\n<meta name=\"twitter:creator\" content=\"@groupeQUALITEL\" \/>\n<meta name=\"twitter:site\" content=\"@groupeQUALITEL\" \/>\n<meta name=\"twitter:label1\" content=\"Written by\" \/>\n\t<meta name=\"twitter:data1\" content=\"Julie CARNEZ\" \/>\n\t<meta name=\"twitter:label2\" content=\"Est. reading time\" \/>\n\t<meta name=\"twitter:data2\" content=\"4 minutes\" \/>\n<script type=\"application\/ld+json\" class=\"yoast-schema-graph\">{\"@context\":\"https:\/\/schema.org\",\"@graph\":[{\"@type\":\"Article\",\"@id\":\"https:\/\/www.qualitel.org\/professionnels\/actualites\/qualitel-formation-accroit-son-partenariat-opco-atlas\/#article\",\"isPartOf\":{\"@id\":\"https:\/\/www.qualitel.org\/professionnels\/actualites\/qualitel-formation-accroit-son-partenariat-opco-atlas\/\"},\"author\":{\"name\":\"Julie CARNEZ\",\"@id\":\"https:\/\/www.qualitel.org\/professionnels\/#\/schema\/person\/8da1b40abc7d27162c267baae6ea6b6e\"},\"headline\":\"QUALITEL Formation accro\u00eet son partenariat avec l\u2019Opco Atlas !\",\"datePublished\":\"2026-04-27T10:09:47+00:00\",\"dateModified\":\"2026-04-27T14:17:39+00:00\",\"mainEntityOfPage\":{\"@id\":\"https:\/\/www.qualitel.org\/professionnels\/actualites\/qualitel-formation-accroit-son-partenariat-opco-atlas\/\"},\"wordCount\":83,\"publisher\":{\"@id\":\"https:\/\/www.qualitel.org\/professionnels\/#organization\"},\"image\":{\"@id\":\"https:\/\/www.qualitel.org\/professionnels\/actualites\/qualitel-formation-accroit-son-partenariat-opco-atlas\/#primaryimage\"},\"thumbnailUrl\":\"https:\/\/www.qualitel.org\/professionnels\/wp\/..\/uploads\/qf-atlas.jpg\",\"inLanguage\":\"fr-FR\"},{\"@type\":\"WebPage\",\"@id\":\"https:\/\/www.qualitel.org\/professionnels\/actualites\/qualitel-formation-accroit-son-partenariat-opco-atlas\/\",\"url\":\"https:\/\/www.qualitel.org\/professionnels\/actualites\/qualitel-formation-accroit-son-partenariat-opco-atlas\/\",\"name\":\"QUALITEL Formation accro\u00eet son partenariat avec l\u2019Opco Atlas ! - Qualitel | Professionnels\",\"isPartOf\":{\"@id\":\"https:\/\/www.qualitel.org\/professionnels\/#website\"},\"primaryImageOfPage\":{\"@id\":\"https:\/\/www.qualitel.org\/professionnels\/actualites\/qualitel-formation-accroit-son-partenariat-opco-atlas\/#primaryimage\"},\"image\":{\"@id\":\"https:\/\/www.qualitel.org\/professionnels\/actualites\/qualitel-formation-accroit-son-partenariat-opco-atlas\/#primaryimage\"},\"thumbnailUrl\":\"https:\/\/www.qualitel.org\/professionnels\/wp\/..\/uploads\/qf-atlas.jpg\",\"datePublished\":\"2026-04-27T10:09:47+00:00\",\"dateModified\":\"2026-04-27T14:17:39+00:00\",\"description\":\"QUALITEL Formation franchit une nouvelle \u00e9tape dans son d\u00e9veloppement en remportant deux appels d\u2019offres aupr\u00e8s de l\u2019Opco Atlas. Ces collaborations visent \u00e0 proposer des formations autour du BIM, de la RE2020 et des \u00e9nergies renouvelables, ouvrant ainsi de nouvelles perspectives pour renforcer la visibilit\u00e9 de l\u2019organisme et soutenir la mont\u00e9e en comp\u00e9tences des professionnels du secteur.\",\"breadcrumb\":{\"@id\":\"https:\/\/www.qualitel.org\/professionnels\/actualites\/qualitel-formation-accroit-son-partenariat-opco-atlas\/#breadcrumb\"},\"inLanguage\":\"fr-FR\",\"potentialAction\":[{\"@type\":\"ReadAction\",\"target\":[\"https:\/\/www.qualitel.org\/professionnels\/actualites\/qualitel-formation-accroit-son-partenariat-opco-atlas\/\"]}]},{\"@type\":\"ImageObject\",\"inLanguage\":\"fr-FR\",\"@id\":\"https:\/\/www.qualitel.org\/professionnels\/actualites\/qualitel-formation-accroit-son-partenariat-opco-atlas\/#primaryimage\",\"url\":\"https:\/\/www.qualitel.org\/professionnels\/wp\/..\/uploads\/qf-atlas.jpg\",\"contentUrl\":\"https:\/\/www.qualitel.org\/professionnels\/wp\/..\/uploads\/qf-atlas.jpg\",\"width\":900,\"height\":513},{\"@type\":\"BreadcrumbList\",\"@id\":\"https:\/\/www.qualitel.org\/professionnels\/actualites\/qualitel-formation-accroit-son-partenariat-opco-atlas\/#breadcrumb\",\"itemListElement\":[{\"@type\":\"ListItem\",\"position\":1,\"name\":\"Accueil\",\"item\":\"https:\/\/www.qualitel.org\/professionnels\/\"},{\"@type\":\"ListItem\",\"position\":2,\"name\":\"QUALITEL Formation accro\u00eet son partenariat avec l\u2019Opco Atlas !\"}]},{\"@type\":\"WebSite\",\"@id\":\"https:\/\/www.qualitel.org\/professionnels\/#website\",\"url\":\"https:\/\/www.qualitel.org\/professionnels\/\",\"name\":\"Qualitel | Professionnels\",\"description\":\"\",\"publisher\":{\"@id\":\"https:\/\/www.qualitel.org\/professionnels\/#organization\"},\"potentialAction\":[{\"@type\":\"SearchAction\",\"target\":{\"@type\":\"EntryPoint\",\"urlTemplate\":\"https:\/\/www.qualitel.org\/professionnels\/?s={search_term_string}\"},\"query-input\":{\"@type\":\"PropertyValueSpecification\",\"valueRequired\":true,\"valueName\":\"search_term_string\"}}],\"inLanguage\":\"fr-FR\"},{\"@type\":\"Organization\",\"@id\":\"https:\/\/www.qualitel.org\/professionnels\/#organization\",\"name\":\"Qualitel\",\"url\":\"https:\/\/www.qualitel.org\/professionnels\/\",\"logo\":{\"@type\":\"ImageObject\",\"inLanguage\":\"fr-FR\",\"@id\":\"https:\/\/www.qualitel.org\/professionnels\/#\/schema\/logo\/image\/\",\"url\":\"https:\/\/www.qualitel.org\/professionnels\/wp\/..\/uploads\/qualitel_social.jpg\",\"contentUrl\":\"https:\/\/www.qualitel.org\/professionnels\/wp\/..\/uploads\/qualitel_social.jpg\",\"width\":1080,\"height\":1080,\"caption\":\"Qualitel\"},\"image\":{\"@id\":\"https:\/\/www.qualitel.org\/professionnels\/#\/schema\/logo\/image\/\"},\"sameAs\":[\"https:\/\/www.facebook.com\/groupequalitel\/\",\"https:\/\/x.com\/groupeQUALITEL\",\"https:\/\/www.instagram.com\/associationqualitel\/\"]},{\"@type\":\"Person\",\"@id\":\"https:\/\/www.qualitel.org\/professionnels\/#\/schema\/person\/8da1b40abc7d27162c267baae6ea6b6e\",\"name\":\"Julie CARNEZ\",\"image\":{\"@type\":\"ImageObject\",\"inLanguage\":\"fr-FR\",\"@id\":\"https:\/\/www.qualitel.org\/professionnels\/#\/schema\/person\/image\/\",\"url\":\"https:\/\/secure.gravatar.com\/avatar\/41fcfdc51e7305fd5b17ead841bd2e1f6a982b0f5ccaf899636b8ccab25ca5b1?s=96&d=mm&r=g\",\"contentUrl\":\"https:\/\/secure.gravatar.com\/avatar\/41fcfdc51e7305fd5b17ead841bd2e1f6a982b0f5ccaf899636b8ccab25ca5b1?s=96&d=mm&r=g\",\"caption\":\"Julie CARNEZ\"}}]}<\/script>\n<!-- \/ Yoast SEO plugin. -->","yoast_head_json":{"title":"QUALITEL Formation accro\u00eet son partenariat avec l\u2019Opco Atlas ! - Qualitel | Professionnels","description":"QUALITEL Formation franchit une nouvelle \u00e9tape dans son d\u00e9veloppement en remportant deux appels d\u2019offres aupr\u00e8s de l\u2019Opco Atlas. Ces collaborations visent \u00e0 proposer des formations autour du BIM, de la RE2020 et des \u00e9nergies renouvelables, ouvrant ainsi de nouvelles perspectives pour renforcer la visibilit\u00e9 de l\u2019organisme et soutenir la mont\u00e9e en comp\u00e9tences des professionnels du secteur.","robots":{"index":"index","follow":"follow","max-snippet":"max-snippet:-1","max-image-preview":"max-image-preview:large","max-video-preview":"max-video-preview:-1"},"canonical":"https:\/\/www.qualitel.org\/professionnels\/actualites\/qualitel-formation-accroit-son-partenariat-opco-atlas\/","og_locale":"fr_FR","og_type":"article","og_title":"QUALITEL Formation accro\u00eet son partenariat avec l\u2019Opco Atlas ! - Qualitel | Professionnels","og_description":"QUALITEL Formation franchit une nouvelle \u00e9tape dans son d\u00e9veloppement en remportant deux appels d\u2019offres aupr\u00e8s de l\u2019Opco Atlas. Ces collaborations visent \u00e0 proposer des formations autour du BIM, de la RE2020 et des \u00e9nergies renouvelables, ouvrant ainsi de nouvelles perspectives pour renforcer la visibilit\u00e9 de l\u2019organisme et soutenir la mont\u00e9e en comp\u00e9tences des professionnels du secteur.","og_url":"https:\/\/www.qualitel.org\/professionnels\/actualites\/qualitel-formation-accroit-son-partenariat-opco-atlas\/","og_site_name":"Qualitel | Professionnels","article_publisher":"https:\/\/www.facebook.com\/groupequalitel\/","article_published_time":"2026-04-27T10:09:47+00:00","article_modified_time":"2026-04-27T14:17:39+00:00","og_image":[{"width":900,"height":513,"url":"https:\/\/www.qualitel.org\/professionnels\/wp\/..\/uploads\/qf-atlas.jpg","type":"image\/jpeg"}],"author":"Julie CARNEZ","twitter_card":"summary_large_image","twitter_description":"QUALITEL Formation franchit une nouvelle \u00e9tape dans son d\u00e9veloppement en remportant deux appels d\u2019offres aupr\u00e8s de l\u2019Opco Atlas. Ces collaborations visent \u00e0 proposer des formations autour du BIM, de la RE2020 et des \u00e9nergies renouvelables, ouvrant ainsi de nouvelles perspectives pour renforcer la visibilit\u00e9 de l\u2019organisme et soutenir la mont\u00e9e en comp\u00e9tences des professionnels du secteur.\n","twitter_creator":"@groupeQUALITEL","twitter_site":"@groupeQUALITEL","twitter_misc":{"Written by":"Julie CARNEZ","Est. reading time":"4 minutes"},"schema":{"@context":"https:\/\/schema.org","@graph":[{"@type":"Article","@id":"https:\/\/www.qualitel.org\/professionnels\/actualites\/qualitel-formation-accroit-son-partenariat-opco-atlas\/#article","isPartOf":{"@id":"https:\/\/www.qualitel.org\/professionnels\/actualites\/qualitel-formation-accroit-son-partenariat-opco-atlas\/"},"author":{"name":"Julie CARNEZ","@id":"https:\/\/www.qualitel.org\/professionnels\/#\/schema\/person\/8da1b40abc7d27162c267baae6ea6b6e"},"headline":"QUALITEL Formation accro\u00eet son partenariat avec l\u2019Opco Atlas !","datePublished":"2026-04-27T10:09:47+00:00","dateModified":"2026-04-27T14:17:39+00:00","mainEntityOfPage":{"@id":"https:\/\/www.qualitel.org\/professionnels\/actualites\/qualitel-formation-accroit-son-partenariat-opco-atlas\/"},"wordCount":83,"publisher":{"@id":"https:\/\/www.qualitel.org\/professionnels\/#organization"},"image":{"@id":"https:\/\/www.qualitel.org\/professionnels\/actualites\/qualitel-formation-accroit-son-partenariat-opco-atlas\/#primaryimage"},"thumbnailUrl":"https:\/\/www.qualitel.org\/professionnels\/wp\/..\/uploads\/qf-atlas.jpg","inLanguage":"fr-FR"},{"@type":"WebPage","@id":"https:\/\/www.qualitel.org\/professionnels\/actualites\/qualitel-formation-accroit-son-partenariat-opco-atlas\/","url":"https:\/\/www.qualitel.org\/professionnels\/actualites\/qualitel-formation-accroit-son-partenariat-opco-atlas\/","name":"QUALITEL Formation accro\u00eet son partenariat avec l\u2019Opco Atlas ! - Qualitel | Professionnels","isPartOf":{"@id":"https:\/\/www.qualitel.org\/professionnels\/#website"},"primaryImageOfPage":{"@id":"https:\/\/www.qualitel.org\/professionnels\/actualites\/qualitel-formation-accroit-son-partenariat-opco-atlas\/#primaryimage"},"image":{"@id":"https:\/\/www.qualitel.org\/professionnels\/actualites\/qualitel-formation-accroit-son-partenariat-opco-atlas\/#primaryimage"},"thumbnailUrl":"https:\/\/www.qualitel.org\/professionnels\/wp\/..\/uploads\/qf-atlas.jpg","datePublished":"2026-04-27T10:09:47+00:00","dateModified":"2026-04-27T14:17:39+00:00","description":"QUALITEL Formation franchit une nouvelle \u00e9tape dans son d\u00e9veloppement en remportant deux appels d\u2019offres aupr\u00e8s de l\u2019Opco Atlas. Ces collaborations visent \u00e0 proposer des formations autour du BIM, de la RE2020 et des \u00e9nergies renouvelables, ouvrant ainsi de nouvelles perspectives pour renforcer la visibilit\u00e9 de l\u2019organisme et soutenir la mont\u00e9e en comp\u00e9tences des professionnels du secteur.","breadcrumb":{"@id":"https:\/\/www.qualitel.org\/professionnels\/actualites\/qualitel-formation-accroit-son-partenariat-opco-atlas\/#breadcrumb"},"inLanguage":"fr-FR","potentialAction":[{"@type":"ReadAction","target":["https:\/\/www.qualitel.org\/professionnels\/actualites\/qualitel-formation-accroit-son-partenariat-opco-atlas\/"]}]},{"@type":"ImageObject","inLanguage":"fr-FR","@id":"https:\/\/www.qualitel.org\/professionnels\/actualites\/qualitel-formation-accroit-son-partenariat-opco-atlas\/#primaryimage","url":"https:\/\/www.qualitel.org\/professionnels\/wp\/..\/uploads\/qf-atlas.jpg","contentUrl":"https:\/\/www.qualitel.org\/professionnels\/wp\/..\/uploads\/qf-atlas.jpg","width":900,"height":513},{"@type":"BreadcrumbList","@id":"https:\/\/www.qualitel.org\/professionnels\/actualites\/qualitel-formation-accroit-son-partenariat-opco-atlas\/#breadcrumb","itemListElement":[{"@type":"ListItem","position":1,"name":"Accueil","item":"https:\/\/www.qualitel.org\/professionnels\/"},{"@type":"ListItem","position":2,"name":"QUALITEL Formation accro\u00eet son partenariat avec l\u2019Opco Atlas !"}]},{"@type":"WebSite","@id":"https:\/\/www.qualitel.org\/professionnels\/#website","url":"https:\/\/www.qualitel.org\/professionnels\/","name":"Qualitel | Professionnels","description":"","publisher":{"@id":"https:\/\/www.qualitel.org\/professionnels\/#organization"},"potentialAction":[{"@type":"SearchAction","target":{"@type":"EntryPoint","urlTemplate":"https:\/\/www.qualitel.org\/professionnels\/?s={search_term_string}"},"query-input":{"@type":"PropertyValueSpecification","valueRequired":true,"valueName":"search_term_string"}}],"inLanguage":"fr-FR"},{"@type":"Organization","@id":"https:\/\/www.qualitel.org\/professionnels\/#organization","name":"Qualitel","url":"https:\/\/www.qualitel.org\/professionnels\/","logo":{"@type":"ImageObject","inLanguage":"fr-FR","@id":"https:\/\/www.qualitel.org\/professionnels\/#\/schema\/logo\/image\/","url":"https:\/\/www.qualitel.org\/professionnels\/wp\/..\/uploads\/qualitel_social.jpg","contentUrl":"https:\/\/www.qualitel.org\/professionnels\/wp\/..\/uploads\/qualitel_social.jpg","width":1080,"height":1080,"caption":"Qualitel"},"image":{"@id":"https:\/\/www.qualitel.org\/professionnels\/#\/schema\/logo\/image\/"},"sameAs":["https:\/\/www.facebook.com\/groupequalitel\/","https:\/\/x.com\/groupeQUALITEL","https:\/\/www.instagram.com\/associationqualitel\/"]},{"@type":"Person","@id":"https:\/\/www.qualitel.org\/professionnels\/#\/schema\/person\/8da1b40abc7d27162c267baae6ea6b6e","name":"Julie CARNEZ","image":{"@type":"ImageObject","inLanguage":"fr-FR","@id":"https:\/\/www.qualitel.org\/professionnels\/#\/schema\/person\/image\/","url":"https:\/\/secure.gravatar.com\/avatar\/41fcfdc51e7305fd5b17ead841bd2e1f6a982b0f5ccaf899636b8ccab25ca5b1?s=96&d=mm&r=g","contentUrl":"https:\/\/secure.gravatar.com\/avatar\/41fcfdc51e7305fd5b17ead841bd2e1f6a982b0f5ccaf899636b8ccab25ca5b1?s=96&d=mm&r=g","caption":"Julie CARNEZ"}}]}},"_links":{"self":[{"href":"https:\/\/www.qualitel.org\/professionnels\/wp-json\/wp\/v2\/posts\/131827","targetHints":{"allow":["GET"]}}],"collection":[{"href":"https:\/\/www.qualitel.org\/professionnels\/wp-json\/wp\/v2\/posts"}],"about":[{"href":"https:\/\/www.qualitel.org\/professionnels\/wp-json\/wp\/v2\/types\/post"}],"author":[{"embeddable":true,"href":"https:\/\/www.qualitel.org\/professionnels\/wp-json\/wp\/v2\/users\/24"}],"replies":[{"embeddable":true,"href":"https:\/\/www.qualitel.org\/professionnels\/wp-json\/wp\/v2\/comments?post=131827"}],"version-history":[{"count":14,"href":"https:\/\/www.qualitel.org\/professionnels\/wp-json\/wp\/v2\/posts\/131827\/revisions"}],"predecessor-version":[{"id":131846,"href":"https:\/\/www.qualitel.org\/professionnels\/wp-json\/wp\/v2\/posts\/131827\/revisions\/131846"}],"wp:featuredmedia":[{"embeddable":true,"href":"https:\/\/www.qualitel.org\/professionnels\/wp-json\/wp\/v2\/media\/131837"}],"wp:attachment":[{"href":"https:\/\/www.qualitel.org\/professionnels\/wp-json\/wp\/v2\/media?parent=131827"}],"wp:term":[{"taxonomy":"tags","embeddable":true,"href":"https:\/\/www.qualitel.org\/professionnels\/wp-json\/wp\/v2\/tags?post=131827"},{"taxonomy":"etiquettes","embeddable":true,"href":"https:\/\/www.qualitel.org\/professionnels\/wp-json\/wp\/v2\/tags?post=131827"},{"taxonomy":"article_type","embeddable":true,"href":"https:\/\/www.qualitel.org\/professionnels\/wp-json\/wp\/v2\/article_type?post=131827"}],"curies":[{"name":"wp","href":"https:\/\/api.w.org\/{rel}","templated":true}]}}