{"id":17174,"date":"2019-04-05T17:12:44","date_gmt":"2019-04-05T15:12:44","guid":{"rendered":"https:\/\/www.qualitel.org\/professionnels\/?p=17174"},"modified":"2025-06-16T12:05:13","modified_gmt":"2025-06-16T10:05:13","slug":"1-1-2-2-pro-permea","status":"publish","type":"post","link":"https:\/\/www.qualitel.org\/professionnels\/certifications\/pro-permea\/","title":{"rendered":"La certification de l&rsquo;\u00e9tanch\u00e9it\u00e9 \u00e0 l&rsquo;air : Pro Perm\u00e9a"},"content":{"rendered":"","protected":false},"excerpt":{"rendered":"","protected":false},"author":49,"featured_media":65650,"comment_status":"closed","ping_status":"closed","sticky":false,"template":"","format":"standard","meta":{"_acf_changed":false,"footnotes":""},"tags":[],"article_type":[],"class_list":["post-17174","post","type-post","status-publish","format-standard","has-post-thumbnail","hentry"],"acf":[],"yoast_head":"<!-- This site is optimized with the Yoast SEO plugin v26.3 - https:\/\/yoast.com\/wordpress\/plugins\/seo\/ -->\n<title>La certification de l&#039;\u00e9tanch\u00e9it\u00e9 \u00e0 l&#039;air : Pro Perm\u00e9a - Qualitel | Professionnels<\/title>\n<meta name=\"description\" content=\"CERQUAL Qualitel Certification propose la certification du processus de traitement de l\u2019\u00e9tanch\u00e9it\u00e9 \u00e0 l\u2019air du b\u00e2ti, appel\u00e9e PRO PERMEA, une v\u00e9ritable d\u00e9marche qualit\u00e9.\" \/>\n<meta name=\"robots\" content=\"index, follow, max-snippet:-1, max-image-preview:large, max-video-preview:-1\" \/>\n<link rel=\"canonical\" href=\"https:\/\/www.qualitel.org\/professionnels\/certifications\/pro-permea\/\" \/>\n<meta property=\"og:locale\" content=\"fr_FR\" \/>\n<meta property=\"og:type\" content=\"article\" \/>\n<meta property=\"og:title\" content=\"La certification de l&#039;\u00e9tanch\u00e9it\u00e9 \u00e0 l&#039;air : Pro Perm\u00e9a - Qualitel | Professionnels\" \/>\n<meta property=\"og:description\" content=\"CERQUAL Qualitel Certification propose la certification du processus de traitement de l\u2019\u00e9tanch\u00e9it\u00e9 \u00e0 l\u2019air du b\u00e2ti, appel\u00e9e PRO PERMEA, une v\u00e9ritable d\u00e9marche qualit\u00e9.\" \/>\n<meta property=\"og:url\" content=\"https:\/\/www.qualitel.org\/professionnels\/certifications\/pro-permea\/\" \/>\n<meta property=\"og:site_name\" content=\"Qualitel | Professionnels\" \/>\n<meta property=\"article:publisher\" content=\"https:\/\/www.facebook.com\/groupequalitel\/\" \/>\n<meta property=\"article:published_time\" content=\"2019-04-05T15:12:44+00:00\" \/>\n<meta property=\"article:modified_time\" content=\"2025-06-16T10:05:13+00:00\" \/>\n<meta property=\"og:image\" content=\"https:\/\/www.qualitel.org\/professionnels\/wp\/..\/uploads\/propermea.gif\" \/>\n\t<meta property=\"og:image:width\" content=\"700\" \/>\n\t<meta property=\"og:image:height\" content=\"344\" \/>\n\t<meta property=\"og:image:type\" content=\"image\/gif\" \/>\n<meta name=\"author\" content=\"admin_spintank\" \/>\n<meta name=\"twitter:card\" content=\"summary_large_image\" \/>\n<meta name=\"twitter:description\" content=\"CERQUAL Qualitel Certification propose la certification du processus de traitement de l\u2019\u00e9tanch\u00e9it\u00e9 \u00e0 l\u2019air du b\u00e2ti, appel\u00e9e PRO PERMEA, une v\u00e9ritable d\u00e9marche qualit\u00e9.\n\" \/>\n<meta name=\"twitter:creator\" content=\"@groupeQUALITEL\" \/>\n<meta name=\"twitter:site\" content=\"@groupeQUALITEL\" \/>\n<meta name=\"twitter:label1\" content=\"Written by\" \/>\n\t<meta name=\"twitter:data1\" content=\"admin_spintank\" \/>\n\t<meta name=\"twitter:label2\" content=\"Est. reading time\" \/>\n\t<meta name=\"twitter:data2\" content=\"5 minutes\" \/>\n<script type=\"application\/ld+json\" class=\"yoast-schema-graph\">{\"@context\":\"https:\/\/schema.org\",\"@graph\":[{\"@type\":\"Article\",\"@id\":\"https:\/\/www.qualitel.org\/professionnels\/certifications\/pro-permea\/#article\",\"isPartOf\":{\"@id\":\"https:\/\/www.qualitel.org\/professionnels\/certifications\/pro-permea\/\"},\"author\":{\"name\":\"admin_spintank\",\"@id\":\"https:\/\/www.qualitel.org\/professionnels\/#\/schema\/person\/015b2ea42c3c48a4d9df6033d496af02\"},\"headline\":\"La certification de l&rsquo;\u00e9tanch\u00e9it\u00e9 \u00e0 l&rsquo;air : Pro Perm\u00e9a\",\"datePublished\":\"2019-04-05T15:12:44+00:00\",\"dateModified\":\"2025-06-16T10:05:13+00:00\",\"mainEntityOfPage\":{\"@id\":\"https:\/\/www.qualitel.org\/professionnels\/certifications\/pro-permea\/\"},\"wordCount\":11,\"publisher\":{\"@id\":\"https:\/\/www.qualitel.org\/professionnels\/#organization\"},\"image\":{\"@id\":\"https:\/\/www.qualitel.org\/professionnels\/certifications\/pro-permea\/#primaryimage\"},\"thumbnailUrl\":\"https:\/\/www.qualitel.org\/professionnels\/wp\/..\/uploads\/propermea.gif\",\"inLanguage\":\"fr-FR\"},{\"@type\":\"WebPage\",\"@id\":\"https:\/\/www.qualitel.org\/professionnels\/certifications\/pro-permea\/\",\"url\":\"https:\/\/www.qualitel.org\/professionnels\/certifications\/pro-permea\/\",\"name\":\"La certification de l'\u00e9tanch\u00e9it\u00e9 \u00e0 l'air : Pro Perm\u00e9a - Qualitel | Professionnels\",\"isPartOf\":{\"@id\":\"https:\/\/www.qualitel.org\/professionnels\/#website\"},\"primaryImageOfPage\":{\"@id\":\"https:\/\/www.qualitel.org\/professionnels\/certifications\/pro-permea\/#primaryimage\"},\"image\":{\"@id\":\"https:\/\/www.qualitel.org\/professionnels\/certifications\/pro-permea\/#primaryimage\"},\"thumbnailUrl\":\"https:\/\/www.qualitel.org\/professionnels\/wp\/..\/uploads\/propermea.gif\",\"datePublished\":\"2019-04-05T15:12:44+00:00\",\"dateModified\":\"2025-06-16T10:05:13+00:00\",\"description\":\"CERQUAL Qualitel Certification propose la certification du processus de traitement de l\u2019\u00e9tanch\u00e9it\u00e9 \u00e0 l\u2019air du b\u00e2ti, appel\u00e9e PRO PERMEA, une v\u00e9ritable d\u00e9marche qualit\u00e9.\",\"breadcrumb\":{\"@id\":\"https:\/\/www.qualitel.org\/professionnels\/certifications\/pro-permea\/#breadcrumb\"},\"inLanguage\":\"fr-FR\",\"potentialAction\":[{\"@type\":\"ReadAction\",\"target\":[\"https:\/\/www.qualitel.org\/professionnels\/certifications\/pro-permea\/\"]}]},{\"@type\":\"ImageObject\",\"inLanguage\":\"fr-FR\",\"@id\":\"https:\/\/www.qualitel.org\/professionnels\/certifications\/pro-permea\/#primaryimage\",\"url\":\"https:\/\/www.qualitel.org\/professionnels\/wp\/..\/uploads\/propermea.gif\",\"contentUrl\":\"https:\/\/www.qualitel.org\/professionnels\/wp\/..\/uploads\/propermea.gif\",\"width\":700,\"height\":344},{\"@type\":\"BreadcrumbList\",\"@id\":\"https:\/\/www.qualitel.org\/professionnels\/certifications\/pro-permea\/#breadcrumb\",\"itemListElement\":[{\"@type\":\"ListItem\",\"position\":1,\"name\":\"Accueil\",\"item\":\"https:\/\/www.qualitel.org\/professionnels\/\"},{\"@type\":\"ListItem\",\"position\":2,\"name\":\"La certification de l&rsquo;\u00e9tanch\u00e9it\u00e9 \u00e0 l&rsquo;air : Pro Perm\u00e9a\"}]},{\"@type\":\"WebSite\",\"@id\":\"https:\/\/www.qualitel.org\/professionnels\/#website\",\"url\":\"https:\/\/www.qualitel.org\/professionnels\/\",\"name\":\"Qualitel | Professionnels\",\"description\":\"\",\"publisher\":{\"@id\":\"https:\/\/www.qualitel.org\/professionnels\/#organization\"},\"potentialAction\":[{\"@type\":\"SearchAction\",\"target\":{\"@type\":\"EntryPoint\",\"urlTemplate\":\"https:\/\/www.qualitel.org\/professionnels\/?s={search_term_string}\"},\"query-input\":{\"@type\":\"PropertyValueSpecification\",\"valueRequired\":true,\"valueName\":\"search_term_string\"}}],\"inLanguage\":\"fr-FR\"},{\"@type\":\"Organization\",\"@id\":\"https:\/\/www.qualitel.org\/professionnels\/#organization\",\"name\":\"Qualitel\",\"url\":\"https:\/\/www.qualitel.org\/professionnels\/\",\"logo\":{\"@type\":\"ImageObject\",\"inLanguage\":\"fr-FR\",\"@id\":\"https:\/\/www.qualitel.org\/professionnels\/#\/schema\/logo\/image\/\",\"url\":\"https:\/\/www.qualitel.org\/professionnels\/wp\/..\/uploads\/qualitel_social.jpg\",\"contentUrl\":\"https:\/\/www.qualitel.org\/professionnels\/wp\/..\/uploads\/qualitel_social.jpg\",\"width\":1080,\"height\":1080,\"caption\":\"Qualitel\"},\"image\":{\"@id\":\"https:\/\/www.qualitel.org\/professionnels\/#\/schema\/logo\/image\/\"},\"sameAs\":[\"https:\/\/www.facebook.com\/groupequalitel\/\",\"https:\/\/x.com\/groupeQUALITEL\",\"https:\/\/www.instagram.com\/associationqualitel\/\"]},{\"@type\":\"Person\",\"@id\":\"https:\/\/www.qualitel.org\/professionnels\/#\/schema\/person\/015b2ea42c3c48a4d9df6033d496af02\",\"name\":\"admin_spintank\",\"image\":{\"@type\":\"ImageObject\",\"inLanguage\":\"fr-FR\",\"@id\":\"https:\/\/www.qualitel.org\/professionnels\/#\/schema\/person\/image\/\",\"url\":\"https:\/\/secure.gravatar.com\/avatar\/f14fdf8ed0513b5660a0aa721e644fda2d699ebaef6004caf78d743e3b04bfed?s=96&d=mm&r=g\",\"contentUrl\":\"https:\/\/secure.gravatar.com\/avatar\/f14fdf8ed0513b5660a0aa721e644fda2d699ebaef6004caf78d743e3b04bfed?s=96&d=mm&r=g\",\"caption\":\"admin_spintank\"}}]}<\/script>\n<!-- \/ Yoast SEO plugin. -->","yoast_head_json":{"title":"La certification de l'\u00e9tanch\u00e9it\u00e9 \u00e0 l'air : Pro Perm\u00e9a - Qualitel | Professionnels","description":"CERQUAL Qualitel Certification propose la certification du processus de traitement de l\u2019\u00e9tanch\u00e9it\u00e9 \u00e0 l\u2019air du b\u00e2ti, appel\u00e9e PRO PERMEA, une v\u00e9ritable d\u00e9marche qualit\u00e9.","robots":{"index":"index","follow":"follow","max-snippet":"max-snippet:-1","max-image-preview":"max-image-preview:large","max-video-preview":"max-video-preview:-1"},"canonical":"https:\/\/www.qualitel.org\/professionnels\/certifications\/pro-permea\/","og_locale":"fr_FR","og_type":"article","og_title":"La certification de l'\u00e9tanch\u00e9it\u00e9 \u00e0 l'air : Pro Perm\u00e9a - Qualitel | Professionnels","og_description":"CERQUAL Qualitel Certification propose la certification du processus de traitement de l\u2019\u00e9tanch\u00e9it\u00e9 \u00e0 l\u2019air du b\u00e2ti, appel\u00e9e PRO PERMEA, une v\u00e9ritable d\u00e9marche qualit\u00e9.","og_url":"https:\/\/www.qualitel.org\/professionnels\/certifications\/pro-permea\/","og_site_name":"Qualitel | Professionnels","article_publisher":"https:\/\/www.facebook.com\/groupequalitel\/","article_published_time":"2019-04-05T15:12:44+00:00","article_modified_time":"2025-06-16T10:05:13+00:00","og_image":[{"width":700,"height":344,"url":"https:\/\/www.qualitel.org\/professionnels\/wp\/..\/uploads\/propermea.gif","type":"image\/gif"}],"author":"admin_spintank","twitter_card":"summary_large_image","twitter_description":"CERQUAL Qualitel Certification propose la certification du processus de traitement de l\u2019\u00e9tanch\u00e9it\u00e9 \u00e0 l\u2019air du b\u00e2ti, appel\u00e9e PRO PERMEA, une v\u00e9ritable d\u00e9marche qualit\u00e9.\n","twitter_creator":"@groupeQUALITEL","twitter_site":"@groupeQUALITEL","twitter_misc":{"Written by":"admin_spintank","Est. reading time":"5 minutes"},"schema":{"@context":"https:\/\/schema.org","@graph":[{"@type":"Article","@id":"https:\/\/www.qualitel.org\/professionnels\/certifications\/pro-permea\/#article","isPartOf":{"@id":"https:\/\/www.qualitel.org\/professionnels\/certifications\/pro-permea\/"},"author":{"name":"admin_spintank","@id":"https:\/\/www.qualitel.org\/professionnels\/#\/schema\/person\/015b2ea42c3c48a4d9df6033d496af02"},"headline":"La certification de l&rsquo;\u00e9tanch\u00e9it\u00e9 \u00e0 l&rsquo;air : Pro Perm\u00e9a","datePublished":"2019-04-05T15:12:44+00:00","dateModified":"2025-06-16T10:05:13+00:00","mainEntityOfPage":{"@id":"https:\/\/www.qualitel.org\/professionnels\/certifications\/pro-permea\/"},"wordCount":11,"publisher":{"@id":"https:\/\/www.qualitel.org\/professionnels\/#organization"},"image":{"@id":"https:\/\/www.qualitel.org\/professionnels\/certifications\/pro-permea\/#primaryimage"},"thumbnailUrl":"https:\/\/www.qualitel.org\/professionnels\/wp\/..\/uploads\/propermea.gif","inLanguage":"fr-FR"},{"@type":"WebPage","@id":"https:\/\/www.qualitel.org\/professionnels\/certifications\/pro-permea\/","url":"https:\/\/www.qualitel.org\/professionnels\/certifications\/pro-permea\/","name":"La certification de l'\u00e9tanch\u00e9it\u00e9 \u00e0 l'air : Pro Perm\u00e9a - Qualitel | Professionnels","isPartOf":{"@id":"https:\/\/www.qualitel.org\/professionnels\/#website"},"primaryImageOfPage":{"@id":"https:\/\/www.qualitel.org\/professionnels\/certifications\/pro-permea\/#primaryimage"},"image":{"@id":"https:\/\/www.qualitel.org\/professionnels\/certifications\/pro-permea\/#primaryimage"},"thumbnailUrl":"https:\/\/www.qualitel.org\/professionnels\/wp\/..\/uploads\/propermea.gif","datePublished":"2019-04-05T15:12:44+00:00","dateModified":"2025-06-16T10:05:13+00:00","description":"CERQUAL Qualitel Certification propose la certification du processus de traitement de l\u2019\u00e9tanch\u00e9it\u00e9 \u00e0 l\u2019air du b\u00e2ti, appel\u00e9e PRO PERMEA, une v\u00e9ritable d\u00e9marche qualit\u00e9.","breadcrumb":{"@id":"https:\/\/www.qualitel.org\/professionnels\/certifications\/pro-permea\/#breadcrumb"},"inLanguage":"fr-FR","potentialAction":[{"@type":"ReadAction","target":["https:\/\/www.qualitel.org\/professionnels\/certifications\/pro-permea\/"]}]},{"@type":"ImageObject","inLanguage":"fr-FR","@id":"https:\/\/www.qualitel.org\/professionnels\/certifications\/pro-permea\/#primaryimage","url":"https:\/\/www.qualitel.org\/professionnels\/wp\/..\/uploads\/propermea.gif","contentUrl":"https:\/\/www.qualitel.org\/professionnels\/wp\/..\/uploads\/propermea.gif","width":700,"height":344},{"@type":"BreadcrumbList","@id":"https:\/\/www.qualitel.org\/professionnels\/certifications\/pro-permea\/#breadcrumb","itemListElement":[{"@type":"ListItem","position":1,"name":"Accueil","item":"https:\/\/www.qualitel.org\/professionnels\/"},{"@type":"ListItem","position":2,"name":"La certification de l&rsquo;\u00e9tanch\u00e9it\u00e9 \u00e0 l&rsquo;air : Pro Perm\u00e9a"}]},{"@type":"WebSite","@id":"https:\/\/www.qualitel.org\/professionnels\/#website","url":"https:\/\/www.qualitel.org\/professionnels\/","name":"Qualitel | Professionnels","description":"","publisher":{"@id":"https:\/\/www.qualitel.org\/professionnels\/#organization"},"potentialAction":[{"@type":"SearchAction","target":{"@type":"EntryPoint","urlTemplate":"https:\/\/www.qualitel.org\/professionnels\/?s={search_term_string}"},"query-input":{"@type":"PropertyValueSpecification","valueRequired":true,"valueName":"search_term_string"}}],"inLanguage":"fr-FR"},{"@type":"Organization","@id":"https:\/\/www.qualitel.org\/professionnels\/#organization","name":"Qualitel","url":"https:\/\/www.qualitel.org\/professionnels\/","logo":{"@type":"ImageObject","inLanguage":"fr-FR","@id":"https:\/\/www.qualitel.org\/professionnels\/#\/schema\/logo\/image\/","url":"https:\/\/www.qualitel.org\/professionnels\/wp\/..\/uploads\/qualitel_social.jpg","contentUrl":"https:\/\/www.qualitel.org\/professionnels\/wp\/..\/uploads\/qualitel_social.jpg","width":1080,"height":1080,"caption":"Qualitel"},"image":{"@id":"https:\/\/www.qualitel.org\/professionnels\/#\/schema\/logo\/image\/"},"sameAs":["https:\/\/www.facebook.com\/groupequalitel\/","https:\/\/x.com\/groupeQUALITEL","https:\/\/www.instagram.com\/associationqualitel\/"]},{"@type":"Person","@id":"https:\/\/www.qualitel.org\/professionnels\/#\/schema\/person\/015b2ea42c3c48a4d9df6033d496af02","name":"admin_spintank","image":{"@type":"ImageObject","inLanguage":"fr-FR","@id":"https:\/\/www.qualitel.org\/professionnels\/#\/schema\/person\/image\/","url":"https:\/\/secure.gravatar.com\/avatar\/f14fdf8ed0513b5660a0aa721e644fda2d699ebaef6004caf78d743e3b04bfed?s=96&d=mm&r=g","contentUrl":"https:\/\/secure.gravatar.com\/avatar\/f14fdf8ed0513b5660a0aa721e644fda2d699ebaef6004caf78d743e3b04bfed?s=96&d=mm&r=g","caption":"admin_spintank"}}]}},"_links":{"self":[{"href":"https:\/\/www.qualitel.org\/professionnels\/wp-json\/wp\/v2\/posts\/17174","targetHints":{"allow":["GET"]}}],"collection":[{"href":"https:\/\/www.qualitel.org\/professionnels\/wp-json\/wp\/v2\/posts"}],"about":[{"href":"https:\/\/www.qualitel.org\/professionnels\/wp-json\/wp\/v2\/types\/post"}],"author":[{"embeddable":true,"href":"https:\/\/www.qualitel.org\/professionnels\/wp-json\/wp\/v2\/users\/49"}],"replies":[{"embeddable":true,"href":"https:\/\/www.qualitel.org\/professionnels\/wp-json\/wp\/v2\/comments?post=17174"}],"version-history":[{"count":69,"href":"https:\/\/www.qualitel.org\/professionnels\/wp-json\/wp\/v2\/posts\/17174\/revisions"}],"predecessor-version":[{"id":114417,"href":"https:\/\/www.qualitel.org\/professionnels\/wp-json\/wp\/v2\/posts\/17174\/revisions\/114417"}],"wp:featuredmedia":[{"embeddable":true,"href":"https:\/\/www.qualitel.org\/professionnels\/wp-json\/wp\/v2\/media\/65650"}],"wp:attachment":[{"href":"https:\/\/www.qualitel.org\/professionnels\/wp-json\/wp\/v2\/media?parent=17174"}],"wp:term":[{"taxonomy":"tags","embeddable":true,"href":"https:\/\/www.qualitel.org\/professionnels\/wp-json\/wp\/v2\/tags?post=17174"},{"taxonomy":"etiquettes","embeddable":true,"href":"https:\/\/www.qualitel.org\/professionnels\/wp-json\/wp\/v2\/tags?post=17174"},{"taxonomy":"article_type","embeddable":true,"href":"https:\/\/www.qualitel.org\/professionnels\/wp-json\/wp\/v2\/article_type?post=17174"}],"curies":[{"name":"wp","href":"https:\/\/api.w.org\/{rel}","templated":true}]}}