{"id":17192,"date":"2019-04-05T17:26:02","date_gmt":"2019-04-05T15:26:02","guid":{"rendered":"https:\/\/www.qualitel.org\/professionnels\/?p=17192"},"modified":"2025-01-24T10:35:06","modified_gmt":"2025-01-24T09:35:06","slug":"1-3-1-logements-collectifs-individuels-groupes-etablissements-medico-sociaux-et-residences-services","status":"publish","type":"post","link":"https:\/\/www.qualitel.org\/professionnels\/certifications\/logements-collectifs-individuels-groupes-etablissements-medico-sociaux-residences-services\/","title":{"rendered":"NF Habitat &#8211; NF Habitat HQE pour la r\u00e9novation des immeubles en pleine propri\u00e9t\u00e9"},"content":{"rendered":"","protected":false},"excerpt":{"rendered":"","protected":false},"author":45,"featured_media":0,"comment_status":"closed","ping_status":"closed","sticky":false,"template":"","format":"standard","meta":{"_acf_changed":false,"footnotes":""},"tags":[],"article_type":[],"class_list":["post-17192","post","type-post","status-publish","format-standard","hentry"],"acf":[],"yoast_head":"<!-- This site is optimized with the Yoast SEO plugin v26.3 - https:\/\/yoast.com\/wordpress\/plugins\/seo\/ -->\n<title>NF Habitat - NF Habitat HQE pour la r\u00e9novation des immeubles en pleine propri\u00e9t\u00e9 - Qualitel | Professionnels<\/title>\n<meta name=\"description\" content=\"Face aux enjeux forts de l\u2019habitat, le bailleur professionnel doit s\u2019engager sereinement dans son programme de r\u00e9novation,\u00a0trouver de nouvelles r\u00e9ponses pour valoriser son patrimoine,\u00a0s\u2019engager en faveur de l\u2019environnement et\u00a0b\u00e9n\u00e9ficier de signes de qualit\u00e9 reconnus aupr\u00e8s des usagers.\u00a0NF Habitat \u2013 NF Habitat HQE pour la r\u00e9novation est la certification de r\u00e9f\u00e9rence pour am\u00e9liorer la qualit\u00e9 et la performance des logements existants.\" \/>\n<meta name=\"robots\" content=\"index, follow, max-snippet:-1, max-image-preview:large, max-video-preview:-1\" \/>\n<link rel=\"canonical\" href=\"https:\/\/www.qualitel.org\/professionnels\/certifications\/logements-collectifs-individuels-groupes-etablissements-medico-sociaux-residences-services\/\" \/>\n<meta property=\"og:locale\" content=\"fr_FR\" \/>\n<meta property=\"og:type\" content=\"article\" \/>\n<meta property=\"og:title\" content=\"NF Habitat - NF Habitat HQE pour la r\u00e9novation des immeubles en pleine propri\u00e9t\u00e9 - Qualitel | Professionnels\" \/>\n<meta property=\"og:description\" content=\"Face aux enjeux forts de l\u2019habitat, le bailleur professionnel doit s\u2019engager sereinement dans son programme de r\u00e9novation,\u00a0trouver de nouvelles r\u00e9ponses pour valoriser son patrimoine,\u00a0s\u2019engager en faveur de l\u2019environnement et\u00a0b\u00e9n\u00e9ficier de signes de qualit\u00e9 reconnus aupr\u00e8s des usagers.\u00a0NF Habitat \u2013 NF Habitat HQE pour la r\u00e9novation est la certification de r\u00e9f\u00e9rence pour am\u00e9liorer la qualit\u00e9 et la performance des logements existants.\" \/>\n<meta property=\"og:url\" content=\"https:\/\/www.qualitel.org\/professionnels\/certifications\/logements-collectifs-individuels-groupes-etablissements-medico-sociaux-residences-services\/\" \/>\n<meta property=\"og:site_name\" content=\"Qualitel | Professionnels\" \/>\n<meta property=\"article:publisher\" content=\"https:\/\/www.facebook.com\/groupequalitel\/\" \/>\n<meta property=\"article:published_time\" content=\"2019-04-05T15:26:02+00:00\" \/>\n<meta property=\"article:modified_time\" content=\"2025-01-24T09:35:06+00:00\" \/>\n<meta name=\"twitter:card\" content=\"summary_large_image\" \/>\n<meta name=\"twitter:description\" content=\"Face aux enjeux forts de l\u2019habitat, le bailleur professionnel doit s\u2019engager sereinement dans son programme de r\u00e9novation,\u00a0trouver de nouvelles r\u00e9ponses pour valoriser son patrimoine,\u00a0s\u2019engager en faveur de l\u2019environnement et\u00a0b\u00e9n\u00e9ficier de signes de qualit\u00e9 reconnus aupr\u00e8s des usagers.\u00a0NF Habitat \u2013 NF Habitat HQE pour la r\u00e9novation est la certification de r\u00e9f\u00e9rence pour am\u00e9liorer la qualit\u00e9 et la performance des logements existants.\n\" \/>\n<meta name=\"twitter:creator\" content=\"@groupeQUALITEL\" \/>\n<meta name=\"twitter:site\" content=\"@groupeQUALITEL\" \/>\n<meta name=\"twitter:label1\" content=\"Written by\" \/>\n\t<meta name=\"twitter:data1\" content=\"\" \/>\n\t<meta name=\"twitter:label2\" content=\"Est. reading time\" \/>\n\t<meta name=\"twitter:data2\" content=\"5 minutes\" \/>\n<script type=\"application\/ld+json\" class=\"yoast-schema-graph\">{\"@context\":\"https:\/\/schema.org\",\"@graph\":[{\"@type\":\"Article\",\"@id\":\"https:\/\/www.qualitel.org\/professionnels\/certifications\/logements-collectifs-individuels-groupes-etablissements-medico-sociaux-residences-services\/#article\",\"isPartOf\":{\"@id\":\"https:\/\/www.qualitel.org\/professionnels\/certifications\/logements-collectifs-individuels-groupes-etablissements-medico-sociaux-residences-services\/\"},\"author\":{\"name\":\"\",\"@id\":\"\"},\"headline\":\"NF Habitat &#8211; NF Habitat HQE pour la r\u00e9novation des immeubles en pleine propri\u00e9t\u00e9\",\"datePublished\":\"2019-04-05T15:26:02+00:00\",\"dateModified\":\"2025-01-24T09:35:06+00:00\",\"mainEntityOfPage\":{\"@id\":\"https:\/\/www.qualitel.org\/professionnels\/certifications\/logements-collectifs-individuels-groupes-etablissements-medico-sociaux-residences-services\/\"},\"wordCount\":16,\"publisher\":{\"@id\":\"https:\/\/www.qualitel.org\/professionnels\/#organization\"},\"inLanguage\":\"fr-FR\"},{\"@type\":\"WebPage\",\"@id\":\"https:\/\/www.qualitel.org\/professionnels\/certifications\/logements-collectifs-individuels-groupes-etablissements-medico-sociaux-residences-services\/\",\"url\":\"https:\/\/www.qualitel.org\/professionnels\/certifications\/logements-collectifs-individuels-groupes-etablissements-medico-sociaux-residences-services\/\",\"name\":\"NF Habitat - NF Habitat HQE pour la r\u00e9novation des immeubles en pleine propri\u00e9t\u00e9 - Qualitel | Professionnels\",\"isPartOf\":{\"@id\":\"https:\/\/www.qualitel.org\/professionnels\/#website\"},\"datePublished\":\"2019-04-05T15:26:02+00:00\",\"dateModified\":\"2025-01-24T09:35:06+00:00\",\"description\":\"Face aux enjeux forts de l\u2019habitat, le bailleur professionnel doit s\u2019engager sereinement dans son programme de r\u00e9novation,\u00a0trouver de nouvelles r\u00e9ponses pour valoriser son patrimoine,\u00a0s\u2019engager en faveur de l\u2019environnement et\u00a0b\u00e9n\u00e9ficier de signes de qualit\u00e9 reconnus aupr\u00e8s des usagers.\u00a0NF Habitat \u2013 NF Habitat HQE pour la r\u00e9novation est la certification de r\u00e9f\u00e9rence pour am\u00e9liorer la qualit\u00e9 et la performance des logements existants.\",\"breadcrumb\":{\"@id\":\"https:\/\/www.qualitel.org\/professionnels\/certifications\/logements-collectifs-individuels-groupes-etablissements-medico-sociaux-residences-services\/#breadcrumb\"},\"inLanguage\":\"fr-FR\",\"potentialAction\":[{\"@type\":\"ReadAction\",\"target\":[\"https:\/\/www.qualitel.org\/professionnels\/certifications\/logements-collectifs-individuels-groupes-etablissements-medico-sociaux-residences-services\/\"]}]},{\"@type\":\"BreadcrumbList\",\"@id\":\"https:\/\/www.qualitel.org\/professionnels\/certifications\/logements-collectifs-individuels-groupes-etablissements-medico-sociaux-residences-services\/#breadcrumb\",\"itemListElement\":[{\"@type\":\"ListItem\",\"position\":1,\"name\":\"Accueil\",\"item\":\"https:\/\/www.qualitel.org\/professionnels\/\"},{\"@type\":\"ListItem\",\"position\":2,\"name\":\"NF Habitat &#8211; NF Habitat HQE pour la r\u00e9novation des immeubles en pleine propri\u00e9t\u00e9\"}]},{\"@type\":\"WebSite\",\"@id\":\"https:\/\/www.qualitel.org\/professionnels\/#website\",\"url\":\"https:\/\/www.qualitel.org\/professionnels\/\",\"name\":\"Qualitel | Professionnels\",\"description\":\"\",\"publisher\":{\"@id\":\"https:\/\/www.qualitel.org\/professionnels\/#organization\"},\"potentialAction\":[{\"@type\":\"SearchAction\",\"target\":{\"@type\":\"EntryPoint\",\"urlTemplate\":\"https:\/\/www.qualitel.org\/professionnels\/?s={search_term_string}\"},\"query-input\":{\"@type\":\"PropertyValueSpecification\",\"valueRequired\":true,\"valueName\":\"search_term_string\"}}],\"inLanguage\":\"fr-FR\"},{\"@type\":\"Organization\",\"@id\":\"https:\/\/www.qualitel.org\/professionnels\/#organization\",\"name\":\"Qualitel\",\"url\":\"https:\/\/www.qualitel.org\/professionnels\/\",\"logo\":{\"@type\":\"ImageObject\",\"inLanguage\":\"fr-FR\",\"@id\":\"https:\/\/www.qualitel.org\/professionnels\/#\/schema\/logo\/image\/\",\"url\":\"https:\/\/www.qualitel.org\/professionnels\/wp\/..\/uploads\/qualitel_social.jpg\",\"contentUrl\":\"https:\/\/www.qualitel.org\/professionnels\/wp\/..\/uploads\/qualitel_social.jpg\",\"width\":1080,\"height\":1080,\"caption\":\"Qualitel\"},\"image\":{\"@id\":\"https:\/\/www.qualitel.org\/professionnels\/#\/schema\/logo\/image\/\"},\"sameAs\":[\"https:\/\/www.facebook.com\/groupequalitel\/\",\"https:\/\/x.com\/groupeQUALITEL\",\"https:\/\/www.instagram.com\/associationqualitel\/\"]},{\"@type\":\"Person\",\"@id\":\"\"}]}<\/script>\n<!-- \/ Yoast SEO plugin. -->","yoast_head_json":{"title":"NF Habitat - NF Habitat HQE pour la r\u00e9novation des immeubles en pleine propri\u00e9t\u00e9 - Qualitel | Professionnels","description":"Face aux enjeux forts de l\u2019habitat, le bailleur professionnel doit s\u2019engager sereinement dans son programme de r\u00e9novation,\u00a0trouver de nouvelles r\u00e9ponses pour valoriser son patrimoine,\u00a0s\u2019engager en faveur de l\u2019environnement et\u00a0b\u00e9n\u00e9ficier de signes de qualit\u00e9 reconnus aupr\u00e8s des usagers.\u00a0NF Habitat \u2013 NF Habitat HQE pour la r\u00e9novation est la certification de r\u00e9f\u00e9rence pour am\u00e9liorer la qualit\u00e9 et la performance des logements existants.","robots":{"index":"index","follow":"follow","max-snippet":"max-snippet:-1","max-image-preview":"max-image-preview:large","max-video-preview":"max-video-preview:-1"},"canonical":"https:\/\/www.qualitel.org\/professionnels\/certifications\/logements-collectifs-individuels-groupes-etablissements-medico-sociaux-residences-services\/","og_locale":"fr_FR","og_type":"article","og_title":"NF Habitat - NF Habitat HQE pour la r\u00e9novation des immeubles en pleine propri\u00e9t\u00e9 - Qualitel | Professionnels","og_description":"Face aux enjeux forts de l\u2019habitat, le bailleur professionnel doit s\u2019engager sereinement dans son programme de r\u00e9novation,\u00a0trouver de nouvelles r\u00e9ponses pour valoriser son patrimoine,\u00a0s\u2019engager en faveur de l\u2019environnement et\u00a0b\u00e9n\u00e9ficier de signes de qualit\u00e9 reconnus aupr\u00e8s des usagers.\u00a0NF Habitat \u2013 NF Habitat HQE pour la r\u00e9novation est la certification de r\u00e9f\u00e9rence pour am\u00e9liorer la qualit\u00e9 et la performance des logements existants.","og_url":"https:\/\/www.qualitel.org\/professionnels\/certifications\/logements-collectifs-individuels-groupes-etablissements-medico-sociaux-residences-services\/","og_site_name":"Qualitel | Professionnels","article_publisher":"https:\/\/www.facebook.com\/groupequalitel\/","article_published_time":"2019-04-05T15:26:02+00:00","article_modified_time":"2025-01-24T09:35:06+00:00","twitter_card":"summary_large_image","twitter_description":"Face aux enjeux forts de l\u2019habitat, le bailleur professionnel doit s\u2019engager sereinement dans son programme de r\u00e9novation,\u00a0trouver de nouvelles r\u00e9ponses pour valoriser son patrimoine,\u00a0s\u2019engager en faveur de l\u2019environnement et\u00a0b\u00e9n\u00e9ficier de signes de qualit\u00e9 reconnus aupr\u00e8s des usagers.\u00a0NF Habitat \u2013 NF Habitat HQE pour la r\u00e9novation est la certification de r\u00e9f\u00e9rence pour am\u00e9liorer la qualit\u00e9 et la performance des logements existants.\n","twitter_creator":"@groupeQUALITEL","twitter_site":"@groupeQUALITEL","twitter_misc":{"Written by":"","Est. reading time":"5 minutes"},"schema":{"@context":"https:\/\/schema.org","@graph":[{"@type":"Article","@id":"https:\/\/www.qualitel.org\/professionnels\/certifications\/logements-collectifs-individuels-groupes-etablissements-medico-sociaux-residences-services\/#article","isPartOf":{"@id":"https:\/\/www.qualitel.org\/professionnels\/certifications\/logements-collectifs-individuels-groupes-etablissements-medico-sociaux-residences-services\/"},"author":{"name":"","@id":""},"headline":"NF Habitat &#8211; NF Habitat HQE pour la r\u00e9novation des immeubles en pleine propri\u00e9t\u00e9","datePublished":"2019-04-05T15:26:02+00:00","dateModified":"2025-01-24T09:35:06+00:00","mainEntityOfPage":{"@id":"https:\/\/www.qualitel.org\/professionnels\/certifications\/logements-collectifs-individuels-groupes-etablissements-medico-sociaux-residences-services\/"},"wordCount":16,"publisher":{"@id":"https:\/\/www.qualitel.org\/professionnels\/#organization"},"inLanguage":"fr-FR"},{"@type":"WebPage","@id":"https:\/\/www.qualitel.org\/professionnels\/certifications\/logements-collectifs-individuels-groupes-etablissements-medico-sociaux-residences-services\/","url":"https:\/\/www.qualitel.org\/professionnels\/certifications\/logements-collectifs-individuels-groupes-etablissements-medico-sociaux-residences-services\/","name":"NF Habitat - NF Habitat HQE pour la r\u00e9novation des immeubles en pleine propri\u00e9t\u00e9 - Qualitel | Professionnels","isPartOf":{"@id":"https:\/\/www.qualitel.org\/professionnels\/#website"},"datePublished":"2019-04-05T15:26:02+00:00","dateModified":"2025-01-24T09:35:06+00:00","description":"Face aux enjeux forts de l\u2019habitat, le bailleur professionnel doit s\u2019engager sereinement dans son programme de r\u00e9novation,\u00a0trouver de nouvelles r\u00e9ponses pour valoriser son patrimoine,\u00a0s\u2019engager en faveur de l\u2019environnement et\u00a0b\u00e9n\u00e9ficier de signes de qualit\u00e9 reconnus aupr\u00e8s des usagers.\u00a0NF Habitat \u2013 NF Habitat HQE pour la r\u00e9novation est la certification de r\u00e9f\u00e9rence pour am\u00e9liorer la qualit\u00e9 et la performance des logements existants.","breadcrumb":{"@id":"https:\/\/www.qualitel.org\/professionnels\/certifications\/logements-collectifs-individuels-groupes-etablissements-medico-sociaux-residences-services\/#breadcrumb"},"inLanguage":"fr-FR","potentialAction":[{"@type":"ReadAction","target":["https:\/\/www.qualitel.org\/professionnels\/certifications\/logements-collectifs-individuels-groupes-etablissements-medico-sociaux-residences-services\/"]}]},{"@type":"BreadcrumbList","@id":"https:\/\/www.qualitel.org\/professionnels\/certifications\/logements-collectifs-individuels-groupes-etablissements-medico-sociaux-residences-services\/#breadcrumb","itemListElement":[{"@type":"ListItem","position":1,"name":"Accueil","item":"https:\/\/www.qualitel.org\/professionnels\/"},{"@type":"ListItem","position":2,"name":"NF Habitat &#8211; NF Habitat HQE pour la r\u00e9novation des immeubles en pleine propri\u00e9t\u00e9"}]},{"@type":"WebSite","@id":"https:\/\/www.qualitel.org\/professionnels\/#website","url":"https:\/\/www.qualitel.org\/professionnels\/","name":"Qualitel | Professionnels","description":"","publisher":{"@id":"https:\/\/www.qualitel.org\/professionnels\/#organization"},"potentialAction":[{"@type":"SearchAction","target":{"@type":"EntryPoint","urlTemplate":"https:\/\/www.qualitel.org\/professionnels\/?s={search_term_string}"},"query-input":{"@type":"PropertyValueSpecification","valueRequired":true,"valueName":"search_term_string"}}],"inLanguage":"fr-FR"},{"@type":"Organization","@id":"https:\/\/www.qualitel.org\/professionnels\/#organization","name":"Qualitel","url":"https:\/\/www.qualitel.org\/professionnels\/","logo":{"@type":"ImageObject","inLanguage":"fr-FR","@id":"https:\/\/www.qualitel.org\/professionnels\/#\/schema\/logo\/image\/","url":"https:\/\/www.qualitel.org\/professionnels\/wp\/..\/uploads\/qualitel_social.jpg","contentUrl":"https:\/\/www.qualitel.org\/professionnels\/wp\/..\/uploads\/qualitel_social.jpg","width":1080,"height":1080,"caption":"Qualitel"},"image":{"@id":"https:\/\/www.qualitel.org\/professionnels\/#\/schema\/logo\/image\/"},"sameAs":["https:\/\/www.facebook.com\/groupequalitel\/","https:\/\/x.com\/groupeQUALITEL","https:\/\/www.instagram.com\/associationqualitel\/"]},{"@type":"Person","@id":""}]}},"_links":{"self":[{"href":"https:\/\/www.qualitel.org\/professionnels\/wp-json\/wp\/v2\/posts\/17192","targetHints":{"allow":["GET"]}}],"collection":[{"href":"https:\/\/www.qualitel.org\/professionnels\/wp-json\/wp\/v2\/posts"}],"about":[{"href":"https:\/\/www.qualitel.org\/professionnels\/wp-json\/wp\/v2\/types\/post"}],"author":[{"embeddable":true,"href":"https:\/\/www.qualitel.org\/professionnels\/wp-json\/wp\/v2\/users\/45"}],"replies":[{"embeddable":true,"href":"https:\/\/www.qualitel.org\/professionnels\/wp-json\/wp\/v2\/comments?post=17192"}],"version-history":[{"count":136,"href":"https:\/\/www.qualitel.org\/professionnels\/wp-json\/wp\/v2\/posts\/17192\/revisions"}],"predecessor-version":[{"id":101406,"href":"https:\/\/www.qualitel.org\/professionnels\/wp-json\/wp\/v2\/posts\/17192\/revisions\/101406"}],"wp:attachment":[{"href":"https:\/\/www.qualitel.org\/professionnels\/wp-json\/wp\/v2\/media?parent=17192"}],"wp:term":[{"taxonomy":"tags","embeddable":true,"href":"https:\/\/www.qualitel.org\/professionnels\/wp-json\/wp\/v2\/tags?post=17192"},{"taxonomy":"etiquettes","embeddable":true,"href":"https:\/\/www.qualitel.org\/professionnels\/wp-json\/wp\/v2\/tags?post=17192"},{"taxonomy":"article_type","embeddable":true,"href":"https:\/\/www.qualitel.org\/professionnels\/wp-json\/wp\/v2\/article_type?post=17192"}],"curies":[{"name":"wp","href":"https:\/\/api.w.org\/{rel}","templated":true}]}}