{"id":17840,"date":"2018-05-22T14:52:56","date_gmt":"2018-05-22T12:52:56","guid":{"rendered":"https:\/\/www.qualitel.org\/professionnels\/?p=17840"},"modified":"2024-02-06T14:22:28","modified_gmt":"2024-02-06T13:22:28","slug":"nf-habitat-hqe-et-batiments-connectes-pour-la-ville-de-demain","status":"publish","type":"post","link":"https:\/\/www.qualitel.org\/professionnels\/actualites\/nf-habitat-hqe-batiments-connectes-ville-demain\/","title":{"rendered":"NF Habitat HQE et b\u00e2timents connect\u00e9s pour la ville de demain"},"content":{"rendered":"","protected":false},"excerpt":{"rendered":"","protected":false},"author":45,"featured_media":17999,"comment_status":"closed","ping_status":"closed","sticky":false,"template":"","format":"standard","meta":{"_acf_changed":false,"footnotes":""},"tags":[386],"article_type":[368],"class_list":["post-17840","post","type-post","status-publish","format-standard","has-post-thumbnail","hentry","tags-batiment-connecte","tags-certification","etiquettes-perspective","article_type-actualites"],"acf":[],"yoast_head":"<!-- This site is optimized with the Yoast SEO plugin v26.3 - https:\/\/yoast.com\/wordpress\/plugins\/seo\/ -->\n<title>NF Habitat HQE et b\u00e2timents connect\u00e9s pour la ville de demain - Qualitel | Professionnels<\/title>\n<meta name=\"description\" content=\"CERQUAL Qualitel Certification a pr\u00e9sent\u00e9 la certification NF Habitat \u2013 NF Habitat HQE au salon des Maires d\u2019Ile-de-France organis\u00e9 les 10, 11 et 12 avril 2018. 3 journ\u00e9es pour \u00e9changer avec les \u00e9lus et d\u00e9cideurs franciliens.\" \/>\n<meta name=\"robots\" content=\"index, follow, max-snippet:-1, max-image-preview:large, max-video-preview:-1\" \/>\n<link rel=\"canonical\" href=\"https:\/\/www.qualitel.org\/professionnels\/actualites\/nf-habitat-hqe-batiments-connectes-ville-demain\/\" \/>\n<meta property=\"og:locale\" content=\"fr_FR\" \/>\n<meta property=\"og:type\" content=\"article\" \/>\n<meta property=\"og:title\" content=\"NF Habitat HQE et b\u00e2timents connect\u00e9s pour la ville de demain - Qualitel | Professionnels\" \/>\n<meta property=\"og:description\" content=\"CERQUAL Qualitel Certification a pr\u00e9sent\u00e9 la certification NF Habitat \u2013 NF Habitat HQE au salon des Maires d\u2019Ile-de-France organis\u00e9 les 10, 11 et 12 avril 2018. 3 journ\u00e9es pour \u00e9changer avec les \u00e9lus et d\u00e9cideurs franciliens.\" \/>\n<meta property=\"og:url\" content=\"https:\/\/www.qualitel.org\/professionnels\/actualites\/nf-habitat-hqe-batiments-connectes-ville-demain\/\" \/>\n<meta property=\"og:site_name\" content=\"Qualitel | Professionnels\" \/>\n<meta property=\"article:publisher\" content=\"https:\/\/www.facebook.com\/groupequalitel\/\" \/>\n<meta property=\"article:published_time\" content=\"2018-05-22T12:52:56+00:00\" \/>\n<meta property=\"article:modified_time\" content=\"2024-02-06T13:22:28+00:00\" \/>\n<meta property=\"og:image\" content=\"https:\/\/www.qualitel.org\/professionnels\/wp\/..\/uploads\/csm_batiment_connecte.jpg\" \/>\n\t<meta property=\"og:image:width\" content=\"360\" \/>\n\t<meta property=\"og:image:height\" content=\"274\" \/>\n\t<meta property=\"og:image:type\" content=\"image\/jpeg\" \/>\n<meta name=\"twitter:card\" content=\"summary_large_image\" \/>\n<meta name=\"twitter:description\" content=\"CERQUAL Qualitel Certification a pr\u00e9sent\u00e9 la certification NF Habitat \u2013 NF Habitat HQE au salon des Maires d\u2019Ile-de-France organis\u00e9 les 10, 11 et 12 avril 2018. 3 journ\u00e9es pour \u00e9changer avec les \u00e9lus et d\u00e9cideurs franciliens.\n\" \/>\n<meta name=\"twitter:creator\" content=\"@groupeQUALITEL\" \/>\n<meta name=\"twitter:site\" content=\"@groupeQUALITEL\" \/>\n<meta name=\"twitter:label1\" content=\"Written by\" \/>\n\t<meta name=\"twitter:data1\" content=\"\" \/>\n<script type=\"application\/ld+json\" class=\"yoast-schema-graph\">{\"@context\":\"https:\/\/schema.org\",\"@graph\":[{\"@type\":\"Article\",\"@id\":\"https:\/\/www.qualitel.org\/professionnels\/actualites\/nf-habitat-hqe-batiments-connectes-ville-demain\/#article\",\"isPartOf\":{\"@id\":\"https:\/\/www.qualitel.org\/professionnels\/actualites\/nf-habitat-hqe-batiments-connectes-ville-demain\/\"},\"author\":{\"name\":\"\",\"@id\":\"\"},\"headline\":\"NF Habitat HQE et b\u00e2timents connect\u00e9s pour la ville de demain\",\"datePublished\":\"2018-05-22T12:52:56+00:00\",\"dateModified\":\"2024-02-06T13:22:28+00:00\",\"mainEntityOfPage\":{\"@id\":\"https:\/\/www.qualitel.org\/professionnels\/actualites\/nf-habitat-hqe-batiments-connectes-ville-demain\/\"},\"wordCount\":13,\"publisher\":{\"@id\":\"https:\/\/www.qualitel.org\/professionnels\/#organization\"},\"image\":{\"@id\":\"https:\/\/www.qualitel.org\/professionnels\/actualites\/nf-habitat-hqe-batiments-connectes-ville-demain\/#primaryimage\"},\"thumbnailUrl\":\"https:\/\/www.qualitel.org\/professionnels\/wp\/..\/uploads\/csm_batiment_connecte.jpg\",\"inLanguage\":\"fr-FR\"},{\"@type\":\"WebPage\",\"@id\":\"https:\/\/www.qualitel.org\/professionnels\/actualites\/nf-habitat-hqe-batiments-connectes-ville-demain\/\",\"url\":\"https:\/\/www.qualitel.org\/professionnels\/actualites\/nf-habitat-hqe-batiments-connectes-ville-demain\/\",\"name\":\"NF Habitat HQE et b\u00e2timents connect\u00e9s pour la ville de demain - Qualitel | Professionnels\",\"isPartOf\":{\"@id\":\"https:\/\/www.qualitel.org\/professionnels\/#website\"},\"primaryImageOfPage\":{\"@id\":\"https:\/\/www.qualitel.org\/professionnels\/actualites\/nf-habitat-hqe-batiments-connectes-ville-demain\/#primaryimage\"},\"image\":{\"@id\":\"https:\/\/www.qualitel.org\/professionnels\/actualites\/nf-habitat-hqe-batiments-connectes-ville-demain\/#primaryimage\"},\"thumbnailUrl\":\"https:\/\/www.qualitel.org\/professionnels\/wp\/..\/uploads\/csm_batiment_connecte.jpg\",\"datePublished\":\"2018-05-22T12:52:56+00:00\",\"dateModified\":\"2024-02-06T13:22:28+00:00\",\"description\":\"CERQUAL Qualitel Certification a pr\u00e9sent\u00e9 la certification NF Habitat \u2013 NF Habitat HQE au salon des Maires d\u2019Ile-de-France organis\u00e9 les 10, 11 et 12 avril 2018. 3 journ\u00e9es pour \u00e9changer avec les \u00e9lus et d\u00e9cideurs franciliens.\",\"breadcrumb\":{\"@id\":\"https:\/\/www.qualitel.org\/professionnels\/actualites\/nf-habitat-hqe-batiments-connectes-ville-demain\/#breadcrumb\"},\"inLanguage\":\"fr-FR\",\"potentialAction\":[{\"@type\":\"ReadAction\",\"target\":[\"https:\/\/www.qualitel.org\/professionnels\/actualites\/nf-habitat-hqe-batiments-connectes-ville-demain\/\"]}]},{\"@type\":\"ImageObject\",\"inLanguage\":\"fr-FR\",\"@id\":\"https:\/\/www.qualitel.org\/professionnels\/actualites\/nf-habitat-hqe-batiments-connectes-ville-demain\/#primaryimage\",\"url\":\"https:\/\/www.qualitel.org\/professionnels\/wp\/..\/uploads\/csm_batiment_connecte.jpg\",\"contentUrl\":\"https:\/\/www.qualitel.org\/professionnels\/wp\/..\/uploads\/csm_batiment_connecte.jpg\",\"width\":360,\"height\":274},{\"@type\":\"BreadcrumbList\",\"@id\":\"https:\/\/www.qualitel.org\/professionnels\/actualites\/nf-habitat-hqe-batiments-connectes-ville-demain\/#breadcrumb\",\"itemListElement\":[{\"@type\":\"ListItem\",\"position\":1,\"name\":\"Accueil\",\"item\":\"https:\/\/www.qualitel.org\/professionnels\/\"},{\"@type\":\"ListItem\",\"position\":2,\"name\":\"NF Habitat HQE et b\u00e2timents connect\u00e9s pour la ville de demain\"}]},{\"@type\":\"WebSite\",\"@id\":\"https:\/\/www.qualitel.org\/professionnels\/#website\",\"url\":\"https:\/\/www.qualitel.org\/professionnels\/\",\"name\":\"Qualitel | Professionnels\",\"description\":\"\",\"publisher\":{\"@id\":\"https:\/\/www.qualitel.org\/professionnels\/#organization\"},\"potentialAction\":[{\"@type\":\"SearchAction\",\"target\":{\"@type\":\"EntryPoint\",\"urlTemplate\":\"https:\/\/www.qualitel.org\/professionnels\/?s={search_term_string}\"},\"query-input\":{\"@type\":\"PropertyValueSpecification\",\"valueRequired\":true,\"valueName\":\"search_term_string\"}}],\"inLanguage\":\"fr-FR\"},{\"@type\":\"Organization\",\"@id\":\"https:\/\/www.qualitel.org\/professionnels\/#organization\",\"name\":\"Qualitel\",\"url\":\"https:\/\/www.qualitel.org\/professionnels\/\",\"logo\":{\"@type\":\"ImageObject\",\"inLanguage\":\"fr-FR\",\"@id\":\"https:\/\/www.qualitel.org\/professionnels\/#\/schema\/logo\/image\/\",\"url\":\"https:\/\/www.qualitel.org\/professionnels\/wp\/..\/uploads\/qualitel_social.jpg\",\"contentUrl\":\"https:\/\/www.qualitel.org\/professionnels\/wp\/..\/uploads\/qualitel_social.jpg\",\"width\":1080,\"height\":1080,\"caption\":\"Qualitel\"},\"image\":{\"@id\":\"https:\/\/www.qualitel.org\/professionnels\/#\/schema\/logo\/image\/\"},\"sameAs\":[\"https:\/\/www.facebook.com\/groupequalitel\/\",\"https:\/\/x.com\/groupeQUALITEL\",\"https:\/\/www.instagram.com\/associationqualitel\/\"]},{\"@type\":\"Person\",\"@id\":\"\"}]}<\/script>\n<!-- \/ Yoast SEO plugin. -->","yoast_head_json":{"title":"NF Habitat HQE et b\u00e2timents connect\u00e9s pour la ville de demain - Qualitel | Professionnels","description":"CERQUAL Qualitel Certification a pr\u00e9sent\u00e9 la certification NF Habitat \u2013 NF Habitat HQE au salon des Maires d\u2019Ile-de-France organis\u00e9 les 10, 11 et 12 avril 2018. 3 journ\u00e9es pour \u00e9changer avec les \u00e9lus et d\u00e9cideurs franciliens.","robots":{"index":"index","follow":"follow","max-snippet":"max-snippet:-1","max-image-preview":"max-image-preview:large","max-video-preview":"max-video-preview:-1"},"canonical":"https:\/\/www.qualitel.org\/professionnels\/actualites\/nf-habitat-hqe-batiments-connectes-ville-demain\/","og_locale":"fr_FR","og_type":"article","og_title":"NF Habitat HQE et b\u00e2timents connect\u00e9s pour la ville de demain - Qualitel | Professionnels","og_description":"CERQUAL Qualitel Certification a pr\u00e9sent\u00e9 la certification NF Habitat \u2013 NF Habitat HQE au salon des Maires d\u2019Ile-de-France organis\u00e9 les 10, 11 et 12 avril 2018. 3 journ\u00e9es pour \u00e9changer avec les \u00e9lus et d\u00e9cideurs franciliens.","og_url":"https:\/\/www.qualitel.org\/professionnels\/actualites\/nf-habitat-hqe-batiments-connectes-ville-demain\/","og_site_name":"Qualitel | Professionnels","article_publisher":"https:\/\/www.facebook.com\/groupequalitel\/","article_published_time":"2018-05-22T12:52:56+00:00","article_modified_time":"2024-02-06T13:22:28+00:00","og_image":[{"width":360,"height":274,"url":"https:\/\/www.qualitel.org\/professionnels\/wp\/..\/uploads\/csm_batiment_connecte.jpg","type":"image\/jpeg"}],"twitter_card":"summary_large_image","twitter_description":"CERQUAL Qualitel Certification a pr\u00e9sent\u00e9 la certification NF Habitat \u2013 NF Habitat HQE au salon des Maires d\u2019Ile-de-France organis\u00e9 les 10, 11 et 12 avril 2018. 3 journ\u00e9es pour \u00e9changer avec les \u00e9lus et d\u00e9cideurs franciliens.\n","twitter_creator":"@groupeQUALITEL","twitter_site":"@groupeQUALITEL","twitter_misc":{"Written by":""},"schema":{"@context":"https:\/\/schema.org","@graph":[{"@type":"Article","@id":"https:\/\/www.qualitel.org\/professionnels\/actualites\/nf-habitat-hqe-batiments-connectes-ville-demain\/#article","isPartOf":{"@id":"https:\/\/www.qualitel.org\/professionnels\/actualites\/nf-habitat-hqe-batiments-connectes-ville-demain\/"},"author":{"name":"","@id":""},"headline":"NF Habitat HQE et b\u00e2timents connect\u00e9s pour la ville de demain","datePublished":"2018-05-22T12:52:56+00:00","dateModified":"2024-02-06T13:22:28+00:00","mainEntityOfPage":{"@id":"https:\/\/www.qualitel.org\/professionnels\/actualites\/nf-habitat-hqe-batiments-connectes-ville-demain\/"},"wordCount":13,"publisher":{"@id":"https:\/\/www.qualitel.org\/professionnels\/#organization"},"image":{"@id":"https:\/\/www.qualitel.org\/professionnels\/actualites\/nf-habitat-hqe-batiments-connectes-ville-demain\/#primaryimage"},"thumbnailUrl":"https:\/\/www.qualitel.org\/professionnels\/wp\/..\/uploads\/csm_batiment_connecte.jpg","inLanguage":"fr-FR"},{"@type":"WebPage","@id":"https:\/\/www.qualitel.org\/professionnels\/actualites\/nf-habitat-hqe-batiments-connectes-ville-demain\/","url":"https:\/\/www.qualitel.org\/professionnels\/actualites\/nf-habitat-hqe-batiments-connectes-ville-demain\/","name":"NF Habitat HQE et b\u00e2timents connect\u00e9s pour la ville de demain - Qualitel | Professionnels","isPartOf":{"@id":"https:\/\/www.qualitel.org\/professionnels\/#website"},"primaryImageOfPage":{"@id":"https:\/\/www.qualitel.org\/professionnels\/actualites\/nf-habitat-hqe-batiments-connectes-ville-demain\/#primaryimage"},"image":{"@id":"https:\/\/www.qualitel.org\/professionnels\/actualites\/nf-habitat-hqe-batiments-connectes-ville-demain\/#primaryimage"},"thumbnailUrl":"https:\/\/www.qualitel.org\/professionnels\/wp\/..\/uploads\/csm_batiment_connecte.jpg","datePublished":"2018-05-22T12:52:56+00:00","dateModified":"2024-02-06T13:22:28+00:00","description":"CERQUAL Qualitel Certification a pr\u00e9sent\u00e9 la certification NF Habitat \u2013 NF Habitat HQE au salon des Maires d\u2019Ile-de-France organis\u00e9 les 10, 11 et 12 avril 2018. 3 journ\u00e9es pour \u00e9changer avec les \u00e9lus et d\u00e9cideurs franciliens.","breadcrumb":{"@id":"https:\/\/www.qualitel.org\/professionnels\/actualites\/nf-habitat-hqe-batiments-connectes-ville-demain\/#breadcrumb"},"inLanguage":"fr-FR","potentialAction":[{"@type":"ReadAction","target":["https:\/\/www.qualitel.org\/professionnels\/actualites\/nf-habitat-hqe-batiments-connectes-ville-demain\/"]}]},{"@type":"ImageObject","inLanguage":"fr-FR","@id":"https:\/\/www.qualitel.org\/professionnels\/actualites\/nf-habitat-hqe-batiments-connectes-ville-demain\/#primaryimage","url":"https:\/\/www.qualitel.org\/professionnels\/wp\/..\/uploads\/csm_batiment_connecte.jpg","contentUrl":"https:\/\/www.qualitel.org\/professionnels\/wp\/..\/uploads\/csm_batiment_connecte.jpg","width":360,"height":274},{"@type":"BreadcrumbList","@id":"https:\/\/www.qualitel.org\/professionnels\/actualites\/nf-habitat-hqe-batiments-connectes-ville-demain\/#breadcrumb","itemListElement":[{"@type":"ListItem","position":1,"name":"Accueil","item":"https:\/\/www.qualitel.org\/professionnels\/"},{"@type":"ListItem","position":2,"name":"NF Habitat HQE et b\u00e2timents connect\u00e9s pour la ville de demain"}]},{"@type":"WebSite","@id":"https:\/\/www.qualitel.org\/professionnels\/#website","url":"https:\/\/www.qualitel.org\/professionnels\/","name":"Qualitel | Professionnels","description":"","publisher":{"@id":"https:\/\/www.qualitel.org\/professionnels\/#organization"},"potentialAction":[{"@type":"SearchAction","target":{"@type":"EntryPoint","urlTemplate":"https:\/\/www.qualitel.org\/professionnels\/?s={search_term_string}"},"query-input":{"@type":"PropertyValueSpecification","valueRequired":true,"valueName":"search_term_string"}}],"inLanguage":"fr-FR"},{"@type":"Organization","@id":"https:\/\/www.qualitel.org\/professionnels\/#organization","name":"Qualitel","url":"https:\/\/www.qualitel.org\/professionnels\/","logo":{"@type":"ImageObject","inLanguage":"fr-FR","@id":"https:\/\/www.qualitel.org\/professionnels\/#\/schema\/logo\/image\/","url":"https:\/\/www.qualitel.org\/professionnels\/wp\/..\/uploads\/qualitel_social.jpg","contentUrl":"https:\/\/www.qualitel.org\/professionnels\/wp\/..\/uploads\/qualitel_social.jpg","width":1080,"height":1080,"caption":"Qualitel"},"image":{"@id":"https:\/\/www.qualitel.org\/professionnels\/#\/schema\/logo\/image\/"},"sameAs":["https:\/\/www.facebook.com\/groupequalitel\/","https:\/\/x.com\/groupeQUALITEL","https:\/\/www.instagram.com\/associationqualitel\/"]},{"@type":"Person","@id":""}]}},"_links":{"self":[{"href":"https:\/\/www.qualitel.org\/professionnels\/wp-json\/wp\/v2\/posts\/17840","targetHints":{"allow":["GET"]}}],"collection":[{"href":"https:\/\/www.qualitel.org\/professionnels\/wp-json\/wp\/v2\/posts"}],"about":[{"href":"https:\/\/www.qualitel.org\/professionnels\/wp-json\/wp\/v2\/types\/post"}],"author":[{"embeddable":true,"href":"https:\/\/www.qualitel.org\/professionnels\/wp-json\/wp\/v2\/users\/45"}],"replies":[{"embeddable":true,"href":"https:\/\/www.qualitel.org\/professionnels\/wp-json\/wp\/v2\/comments?post=17840"}],"version-history":[{"count":26,"href":"https:\/\/www.qualitel.org\/professionnels\/wp-json\/wp\/v2\/posts\/17840\/revisions"}],"predecessor-version":[{"id":72867,"href":"https:\/\/www.qualitel.org\/professionnels\/wp-json\/wp\/v2\/posts\/17840\/revisions\/72867"}],"wp:featuredmedia":[{"embeddable":true,"href":"https:\/\/www.qualitel.org\/professionnels\/wp-json\/wp\/v2\/media\/17999"}],"wp:attachment":[{"href":"https:\/\/www.qualitel.org\/professionnels\/wp-json\/wp\/v2\/media?parent=17840"}],"wp:term":[{"taxonomy":"tags","embeddable":true,"href":"https:\/\/www.qualitel.org\/professionnels\/wp-json\/wp\/v2\/tags?post=17840"},{"taxonomy":"etiquettes","embeddable":true,"href":"https:\/\/www.qualitel.org\/professionnels\/wp-json\/wp\/v2\/tags?post=17840"},{"taxonomy":"article_type","embeddable":true,"href":"https:\/\/www.qualitel.org\/professionnels\/wp-json\/wp\/v2\/article_type?post=17840"}],"curies":[{"name":"wp","href":"https:\/\/api.w.org\/{rel}","templated":true}]}}