{"id":17850,"date":"2019-03-23T15:04:09","date_gmt":"2019-03-23T14:04:09","guid":{"rendered":"https:\/\/www.qualitel.org\/professionnels\/?p=17850"},"modified":"2024-10-17T16:32:06","modified_gmt":"2024-10-17T14:32:06","slug":"3-nouveaux-acteurs-franciliens-choisissent-nf-habitat","status":"publish","type":"post","link":"https:\/\/www.qualitel.org\/professionnels\/actualites\/3-nouveaux-acteurs-franciliens-choisissent-nf-habitat\/","title":{"rendered":"3 nouveaux acteurs franciliens choisissent NF Habitat"},"content":{"rendered":"","protected":false},"excerpt":{"rendered":"","protected":false},"author":45,"featured_media":17996,"comment_status":"closed","ping_status":"closed","sticky":false,"template":"","format":"standard","meta":{"_acf_changed":false,"footnotes":""},"tags":[420],"article_type":[368],"class_list":["post-17850","post","type-post","status-publish","format-standard","has-post-thumbnail","hentry","tags-certification","tags-developpement","etiquettes-signature","article_type-actualites"],"acf":[],"yoast_head":"<!-- This site is optimized with the Yoast SEO plugin v26.3 - https:\/\/yoast.com\/wordpress\/plugins\/seo\/ -->\n<title>3 nouveaux acteurs franciliens choisissent NF Habitat - Qualitel | Professionnels<\/title>\n<meta name=\"description\" content=\"CERQUAL Qualitel Certification, filiale de l\u2019Association QUALITEL, vient de signer 3 nouveaux partenariats avec des acteurs de l\u2019am\u00e9nagement urbain en \u00cele-de-France, permettant ainsi \u00e0 la marque de certification NF Habitat de poursuivre sa progression sur Paris et sa r\u00e9gion.\" \/>\n<meta name=\"robots\" content=\"index, follow, max-snippet:-1, max-image-preview:large, max-video-preview:-1\" \/>\n<link rel=\"canonical\" href=\"https:\/\/www.qualitel.org\/professionnels\/actualites\/3-nouveaux-acteurs-franciliens-choisissent-nf-habitat\/\" \/>\n<meta property=\"og:locale\" content=\"fr_FR\" \/>\n<meta property=\"og:type\" content=\"article\" \/>\n<meta property=\"og:title\" content=\"3 nouveaux acteurs franciliens choisissent NF Habitat - Qualitel | Professionnels\" \/>\n<meta property=\"og:description\" content=\"CERQUAL Qualitel Certification, filiale de l\u2019Association QUALITEL, vient de signer 3 nouveaux partenariats avec des acteurs de l\u2019am\u00e9nagement urbain en \u00cele-de-France, permettant ainsi \u00e0 la marque de certification NF Habitat de poursuivre sa progression sur Paris et sa r\u00e9gion.\" \/>\n<meta property=\"og:url\" content=\"https:\/\/www.qualitel.org\/professionnels\/actualites\/3-nouveaux-acteurs-franciliens-choisissent-nf-habitat\/\" \/>\n<meta property=\"og:site_name\" content=\"Qualitel | Professionnels\" \/>\n<meta property=\"article:publisher\" content=\"https:\/\/www.facebook.com\/groupequalitel\/\" \/>\n<meta property=\"article:published_time\" content=\"2019-03-23T14:04:09+00:00\" \/>\n<meta property=\"article:modified_time\" content=\"2024-10-17T14:32:06+00:00\" \/>\n<meta property=\"og:image\" content=\"https:\/\/www.qualitel.org\/professionnels\/wp\/..\/uploads\/csm_acteurs_francilien.jpg\" \/>\n\t<meta property=\"og:image:width\" content=\"360\" \/>\n\t<meta property=\"og:image:height\" content=\"274\" \/>\n\t<meta property=\"og:image:type\" content=\"image\/jpeg\" \/>\n<meta name=\"twitter:card\" content=\"summary_large_image\" \/>\n<meta name=\"twitter:description\" content=\"CERQUAL Qualitel Certification, filiale de l\u2019Association QUALITEL, vient de signer 3 nouveaux partenariats avec des acteurs de l\u2019am\u00e9nagement urbain en \u00cele-de-France, permettant ainsi \u00e0 la marque de certification NF Habitat de poursuivre sa progression sur Paris et sa r\u00e9gion.\n\" \/>\n<meta name=\"twitter:creator\" content=\"@groupeQUALITEL\" \/>\n<meta name=\"twitter:site\" content=\"@groupeQUALITEL\" \/>\n<meta name=\"twitter:label1\" content=\"Written by\" \/>\n\t<meta name=\"twitter:data1\" content=\"\" \/>\n\t<meta name=\"twitter:label2\" content=\"Est. reading time\" \/>\n\t<meta name=\"twitter:data2\" content=\"3 minutes\" \/>\n<script type=\"application\/ld+json\" class=\"yoast-schema-graph\">{\"@context\":\"https:\/\/schema.org\",\"@graph\":[{\"@type\":\"Article\",\"@id\":\"https:\/\/www.qualitel.org\/professionnels\/actualites\/3-nouveaux-acteurs-franciliens-choisissent-nf-habitat\/#article\",\"isPartOf\":{\"@id\":\"https:\/\/www.qualitel.org\/professionnels\/actualites\/3-nouveaux-acteurs-franciliens-choisissent-nf-habitat\/\"},\"author\":{\"name\":\"\",\"@id\":\"\"},\"headline\":\"3 nouveaux acteurs franciliens choisissent NF Habitat\",\"datePublished\":\"2019-03-23T14:04:09+00:00\",\"dateModified\":\"2024-10-17T14:32:06+00:00\",\"mainEntityOfPage\":{\"@id\":\"https:\/\/www.qualitel.org\/professionnels\/actualites\/3-nouveaux-acteurs-franciliens-choisissent-nf-habitat\/\"},\"wordCount\":6,\"publisher\":{\"@id\":\"https:\/\/www.qualitel.org\/professionnels\/#organization\"},\"image\":{\"@id\":\"https:\/\/www.qualitel.org\/professionnels\/actualites\/3-nouveaux-acteurs-franciliens-choisissent-nf-habitat\/#primaryimage\"},\"thumbnailUrl\":\"https:\/\/www.qualitel.org\/professionnels\/wp\/..\/uploads\/csm_acteurs_francilien.jpg\",\"inLanguage\":\"fr-FR\"},{\"@type\":\"WebPage\",\"@id\":\"https:\/\/www.qualitel.org\/professionnels\/actualites\/3-nouveaux-acteurs-franciliens-choisissent-nf-habitat\/\",\"url\":\"https:\/\/www.qualitel.org\/professionnels\/actualites\/3-nouveaux-acteurs-franciliens-choisissent-nf-habitat\/\",\"name\":\"3 nouveaux acteurs franciliens choisissent NF Habitat - Qualitel | Professionnels\",\"isPartOf\":{\"@id\":\"https:\/\/www.qualitel.org\/professionnels\/#website\"},\"primaryImageOfPage\":{\"@id\":\"https:\/\/www.qualitel.org\/professionnels\/actualites\/3-nouveaux-acteurs-franciliens-choisissent-nf-habitat\/#primaryimage\"},\"image\":{\"@id\":\"https:\/\/www.qualitel.org\/professionnels\/actualites\/3-nouveaux-acteurs-franciliens-choisissent-nf-habitat\/#primaryimage\"},\"thumbnailUrl\":\"https:\/\/www.qualitel.org\/professionnels\/wp\/..\/uploads\/csm_acteurs_francilien.jpg\",\"datePublished\":\"2019-03-23T14:04:09+00:00\",\"dateModified\":\"2024-10-17T14:32:06+00:00\",\"description\":\"CERQUAL Qualitel Certification, filiale de l\u2019Association QUALITEL, vient de signer 3 nouveaux partenariats avec des acteurs de l\u2019am\u00e9nagement urbain en \u00cele-de-France, permettant ainsi \u00e0 la marque de certification NF Habitat de poursuivre sa progression sur Paris et sa r\u00e9gion.\",\"breadcrumb\":{\"@id\":\"https:\/\/www.qualitel.org\/professionnels\/actualites\/3-nouveaux-acteurs-franciliens-choisissent-nf-habitat\/#breadcrumb\"},\"inLanguage\":\"fr-FR\",\"potentialAction\":[{\"@type\":\"ReadAction\",\"target\":[\"https:\/\/www.qualitel.org\/professionnels\/actualites\/3-nouveaux-acteurs-franciliens-choisissent-nf-habitat\/\"]}]},{\"@type\":\"ImageObject\",\"inLanguage\":\"fr-FR\",\"@id\":\"https:\/\/www.qualitel.org\/professionnels\/actualites\/3-nouveaux-acteurs-franciliens-choisissent-nf-habitat\/#primaryimage\",\"url\":\"https:\/\/www.qualitel.org\/professionnels\/wp\/..\/uploads\/csm_acteurs_francilien.jpg\",\"contentUrl\":\"https:\/\/www.qualitel.org\/professionnels\/wp\/..\/uploads\/csm_acteurs_francilien.jpg\",\"width\":360,\"height\":274},{\"@type\":\"BreadcrumbList\",\"@id\":\"https:\/\/www.qualitel.org\/professionnels\/actualites\/3-nouveaux-acteurs-franciliens-choisissent-nf-habitat\/#breadcrumb\",\"itemListElement\":[{\"@type\":\"ListItem\",\"position\":1,\"name\":\"Accueil\",\"item\":\"https:\/\/www.qualitel.org\/professionnels\/\"},{\"@type\":\"ListItem\",\"position\":2,\"name\":\"3 nouveaux acteurs franciliens choisissent NF Habitat\"}]},{\"@type\":\"WebSite\",\"@id\":\"https:\/\/www.qualitel.org\/professionnels\/#website\",\"url\":\"https:\/\/www.qualitel.org\/professionnels\/\",\"name\":\"Qualitel | Professionnels\",\"description\":\"\",\"publisher\":{\"@id\":\"https:\/\/www.qualitel.org\/professionnels\/#organization\"},\"potentialAction\":[{\"@type\":\"SearchAction\",\"target\":{\"@type\":\"EntryPoint\",\"urlTemplate\":\"https:\/\/www.qualitel.org\/professionnels\/?s={search_term_string}\"},\"query-input\":{\"@type\":\"PropertyValueSpecification\",\"valueRequired\":true,\"valueName\":\"search_term_string\"}}],\"inLanguage\":\"fr-FR\"},{\"@type\":\"Organization\",\"@id\":\"https:\/\/www.qualitel.org\/professionnels\/#organization\",\"name\":\"Qualitel\",\"url\":\"https:\/\/www.qualitel.org\/professionnels\/\",\"logo\":{\"@type\":\"ImageObject\",\"inLanguage\":\"fr-FR\",\"@id\":\"https:\/\/www.qualitel.org\/professionnels\/#\/schema\/logo\/image\/\",\"url\":\"https:\/\/www.qualitel.org\/professionnels\/wp\/..\/uploads\/qualitel_social.jpg\",\"contentUrl\":\"https:\/\/www.qualitel.org\/professionnels\/wp\/..\/uploads\/qualitel_social.jpg\",\"width\":1080,\"height\":1080,\"caption\":\"Qualitel\"},\"image\":{\"@id\":\"https:\/\/www.qualitel.org\/professionnels\/#\/schema\/logo\/image\/\"},\"sameAs\":[\"https:\/\/www.facebook.com\/groupequalitel\/\",\"https:\/\/x.com\/groupeQUALITEL\",\"https:\/\/www.instagram.com\/associationqualitel\/\"]},{\"@type\":\"Person\",\"@id\":\"\"}]}<\/script>\n<!-- \/ Yoast SEO plugin. -->","yoast_head_json":{"title":"3 nouveaux acteurs franciliens choisissent NF Habitat - Qualitel | Professionnels","description":"CERQUAL Qualitel Certification, filiale de l\u2019Association QUALITEL, vient de signer 3 nouveaux partenariats avec des acteurs de l\u2019am\u00e9nagement urbain en \u00cele-de-France, permettant ainsi \u00e0 la marque de certification NF Habitat de poursuivre sa progression sur Paris et sa r\u00e9gion.","robots":{"index":"index","follow":"follow","max-snippet":"max-snippet:-1","max-image-preview":"max-image-preview:large","max-video-preview":"max-video-preview:-1"},"canonical":"https:\/\/www.qualitel.org\/professionnels\/actualites\/3-nouveaux-acteurs-franciliens-choisissent-nf-habitat\/","og_locale":"fr_FR","og_type":"article","og_title":"3 nouveaux acteurs franciliens choisissent NF Habitat - Qualitel | Professionnels","og_description":"CERQUAL Qualitel Certification, filiale de l\u2019Association QUALITEL, vient de signer 3 nouveaux partenariats avec des acteurs de l\u2019am\u00e9nagement urbain en \u00cele-de-France, permettant ainsi \u00e0 la marque de certification NF Habitat de poursuivre sa progression sur Paris et sa r\u00e9gion.","og_url":"https:\/\/www.qualitel.org\/professionnels\/actualites\/3-nouveaux-acteurs-franciliens-choisissent-nf-habitat\/","og_site_name":"Qualitel | Professionnels","article_publisher":"https:\/\/www.facebook.com\/groupequalitel\/","article_published_time":"2019-03-23T14:04:09+00:00","article_modified_time":"2024-10-17T14:32:06+00:00","og_image":[{"width":360,"height":274,"url":"https:\/\/www.qualitel.org\/professionnels\/wp\/..\/uploads\/csm_acteurs_francilien.jpg","type":"image\/jpeg"}],"twitter_card":"summary_large_image","twitter_description":"CERQUAL Qualitel Certification, filiale de l\u2019Association QUALITEL, vient de signer 3 nouveaux partenariats avec des acteurs de l\u2019am\u00e9nagement urbain en \u00cele-de-France, permettant ainsi \u00e0 la marque de certification NF Habitat de poursuivre sa progression sur Paris et sa r\u00e9gion.\n","twitter_creator":"@groupeQUALITEL","twitter_site":"@groupeQUALITEL","twitter_misc":{"Written by":"","Est. reading time":"3 minutes"},"schema":{"@context":"https:\/\/schema.org","@graph":[{"@type":"Article","@id":"https:\/\/www.qualitel.org\/professionnels\/actualites\/3-nouveaux-acteurs-franciliens-choisissent-nf-habitat\/#article","isPartOf":{"@id":"https:\/\/www.qualitel.org\/professionnels\/actualites\/3-nouveaux-acteurs-franciliens-choisissent-nf-habitat\/"},"author":{"name":"","@id":""},"headline":"3 nouveaux acteurs franciliens choisissent NF Habitat","datePublished":"2019-03-23T14:04:09+00:00","dateModified":"2024-10-17T14:32:06+00:00","mainEntityOfPage":{"@id":"https:\/\/www.qualitel.org\/professionnels\/actualites\/3-nouveaux-acteurs-franciliens-choisissent-nf-habitat\/"},"wordCount":6,"publisher":{"@id":"https:\/\/www.qualitel.org\/professionnels\/#organization"},"image":{"@id":"https:\/\/www.qualitel.org\/professionnels\/actualites\/3-nouveaux-acteurs-franciliens-choisissent-nf-habitat\/#primaryimage"},"thumbnailUrl":"https:\/\/www.qualitel.org\/professionnels\/wp\/..\/uploads\/csm_acteurs_francilien.jpg","inLanguage":"fr-FR"},{"@type":"WebPage","@id":"https:\/\/www.qualitel.org\/professionnels\/actualites\/3-nouveaux-acteurs-franciliens-choisissent-nf-habitat\/","url":"https:\/\/www.qualitel.org\/professionnels\/actualites\/3-nouveaux-acteurs-franciliens-choisissent-nf-habitat\/","name":"3 nouveaux acteurs franciliens choisissent NF Habitat - Qualitel | Professionnels","isPartOf":{"@id":"https:\/\/www.qualitel.org\/professionnels\/#website"},"primaryImageOfPage":{"@id":"https:\/\/www.qualitel.org\/professionnels\/actualites\/3-nouveaux-acteurs-franciliens-choisissent-nf-habitat\/#primaryimage"},"image":{"@id":"https:\/\/www.qualitel.org\/professionnels\/actualites\/3-nouveaux-acteurs-franciliens-choisissent-nf-habitat\/#primaryimage"},"thumbnailUrl":"https:\/\/www.qualitel.org\/professionnels\/wp\/..\/uploads\/csm_acteurs_francilien.jpg","datePublished":"2019-03-23T14:04:09+00:00","dateModified":"2024-10-17T14:32:06+00:00","description":"CERQUAL Qualitel Certification, filiale de l\u2019Association QUALITEL, vient de signer 3 nouveaux partenariats avec des acteurs de l\u2019am\u00e9nagement urbain en \u00cele-de-France, permettant ainsi \u00e0 la marque de certification NF Habitat de poursuivre sa progression sur Paris et sa r\u00e9gion.","breadcrumb":{"@id":"https:\/\/www.qualitel.org\/professionnels\/actualites\/3-nouveaux-acteurs-franciliens-choisissent-nf-habitat\/#breadcrumb"},"inLanguage":"fr-FR","potentialAction":[{"@type":"ReadAction","target":["https:\/\/www.qualitel.org\/professionnels\/actualites\/3-nouveaux-acteurs-franciliens-choisissent-nf-habitat\/"]}]},{"@type":"ImageObject","inLanguage":"fr-FR","@id":"https:\/\/www.qualitel.org\/professionnels\/actualites\/3-nouveaux-acteurs-franciliens-choisissent-nf-habitat\/#primaryimage","url":"https:\/\/www.qualitel.org\/professionnels\/wp\/..\/uploads\/csm_acteurs_francilien.jpg","contentUrl":"https:\/\/www.qualitel.org\/professionnels\/wp\/..\/uploads\/csm_acteurs_francilien.jpg","width":360,"height":274},{"@type":"BreadcrumbList","@id":"https:\/\/www.qualitel.org\/professionnels\/actualites\/3-nouveaux-acteurs-franciliens-choisissent-nf-habitat\/#breadcrumb","itemListElement":[{"@type":"ListItem","position":1,"name":"Accueil","item":"https:\/\/www.qualitel.org\/professionnels\/"},{"@type":"ListItem","position":2,"name":"3 nouveaux acteurs franciliens choisissent NF Habitat"}]},{"@type":"WebSite","@id":"https:\/\/www.qualitel.org\/professionnels\/#website","url":"https:\/\/www.qualitel.org\/professionnels\/","name":"Qualitel | Professionnels","description":"","publisher":{"@id":"https:\/\/www.qualitel.org\/professionnels\/#organization"},"potentialAction":[{"@type":"SearchAction","target":{"@type":"EntryPoint","urlTemplate":"https:\/\/www.qualitel.org\/professionnels\/?s={search_term_string}"},"query-input":{"@type":"PropertyValueSpecification","valueRequired":true,"valueName":"search_term_string"}}],"inLanguage":"fr-FR"},{"@type":"Organization","@id":"https:\/\/www.qualitel.org\/professionnels\/#organization","name":"Qualitel","url":"https:\/\/www.qualitel.org\/professionnels\/","logo":{"@type":"ImageObject","inLanguage":"fr-FR","@id":"https:\/\/www.qualitel.org\/professionnels\/#\/schema\/logo\/image\/","url":"https:\/\/www.qualitel.org\/professionnels\/wp\/..\/uploads\/qualitel_social.jpg","contentUrl":"https:\/\/www.qualitel.org\/professionnels\/wp\/..\/uploads\/qualitel_social.jpg","width":1080,"height":1080,"caption":"Qualitel"},"image":{"@id":"https:\/\/www.qualitel.org\/professionnels\/#\/schema\/logo\/image\/"},"sameAs":["https:\/\/www.facebook.com\/groupequalitel\/","https:\/\/x.com\/groupeQUALITEL","https:\/\/www.instagram.com\/associationqualitel\/"]},{"@type":"Person","@id":""}]}},"_links":{"self":[{"href":"https:\/\/www.qualitel.org\/professionnels\/wp-json\/wp\/v2\/posts\/17850","targetHints":{"allow":["GET"]}}],"collection":[{"href":"https:\/\/www.qualitel.org\/professionnels\/wp-json\/wp\/v2\/posts"}],"about":[{"href":"https:\/\/www.qualitel.org\/professionnels\/wp-json\/wp\/v2\/types\/post"}],"author":[{"embeddable":true,"href":"https:\/\/www.qualitel.org\/professionnels\/wp-json\/wp\/v2\/users\/45"}],"replies":[{"embeddable":true,"href":"https:\/\/www.qualitel.org\/professionnels\/wp-json\/wp\/v2\/comments?post=17850"}],"version-history":[{"count":20,"href":"https:\/\/www.qualitel.org\/professionnels\/wp-json\/wp\/v2\/posts\/17850\/revisions"}],"predecessor-version":[{"id":93770,"href":"https:\/\/www.qualitel.org\/professionnels\/wp-json\/wp\/v2\/posts\/17850\/revisions\/93770"}],"wp:featuredmedia":[{"embeddable":true,"href":"https:\/\/www.qualitel.org\/professionnels\/wp-json\/wp\/v2\/media\/17996"}],"wp:attachment":[{"href":"https:\/\/www.qualitel.org\/professionnels\/wp-json\/wp\/v2\/media?parent=17850"}],"wp:term":[{"taxonomy":"tags","embeddable":true,"href":"https:\/\/www.qualitel.org\/professionnels\/wp-json\/wp\/v2\/tags?post=17850"},{"taxonomy":"etiquettes","embeddable":true,"href":"https:\/\/www.qualitel.org\/professionnels\/wp-json\/wp\/v2\/tags?post=17850"},{"taxonomy":"article_type","embeddable":true,"href":"https:\/\/www.qualitel.org\/professionnels\/wp-json\/wp\/v2\/article_type?post=17850"}],"curies":[{"name":"wp","href":"https:\/\/api.w.org\/{rel}","templated":true}]}}