{"id":21282,"date":"2019-02-18T23:17:49","date_gmt":"2019-02-18T22:17:49","guid":{"rendered":"https:\/\/www.qualitel.org\/professionnels\/?p=21282"},"modified":"2024-03-13T14:33:08","modified_gmt":"2024-03-13T13:33:08","slug":"les-syndics-sont-seduits-par-nf-habitat-exploitation-copropriete","status":"publish","type":"post","link":"https:\/\/www.qualitel.org\/professionnels\/magazine\/les-syndics-sont-seduits-par-nf-habitat-exploitation-copropriete\/","title":{"rendered":"Les syndics sont s\u00e9duits par NF Habitat Exploitation Copropri\u00e9t\u00e9"},"content":{"rendered":"","protected":false},"excerpt":{"rendered":"","protected":false},"author":45,"featured_media":22604,"comment_status":"closed","ping_status":"closed","sticky":false,"template":"","format":"standard","meta":{"_acf_changed":false,"footnotes":""},"tags":[381],"article_type":[368],"class_list":["post-21282","post","type-post","status-publish","format-standard","has-post-thumbnail","hentry","tags-certification","tags-copropriete","etiquettes-retour-sur","article_type-actualites"],"acf":[],"yoast_head":"<!-- This site is optimized with the Yoast SEO plugin v26.3 - https:\/\/yoast.com\/wordpress\/plugins\/seo\/ -->\n<title>Les syndics sont s\u00e9duits par NF Habitat Exploitation Copropri\u00e9t\u00e9 - Qualitel | Professionnels<\/title>\n<meta name=\"description\" content=\"Avec 5 nouveaux syndics engag\u00e9s, NF Habitat - NF Habitat HQE pour l\u2019exploitation des copropri\u00e9t\u00e9s compte aujourd\u2019hui 12 titulaires, r\u00e9partis sur toute la France.\" \/>\n<meta name=\"robots\" content=\"index, follow, max-snippet:-1, max-image-preview:large, max-video-preview:-1\" \/>\n<link rel=\"canonical\" href=\"https:\/\/www.qualitel.org\/professionnels\/magazine\/les-syndics-sont-seduits-par-nf-habitat-exploitation-copropriete\/\" \/>\n<meta property=\"og:locale\" content=\"fr_FR\" \/>\n<meta property=\"og:type\" content=\"article\" \/>\n<meta property=\"og:title\" content=\"Les syndics sont s\u00e9duits par NF Habitat Exploitation Copropri\u00e9t\u00e9 - Qualitel | Professionnels\" \/>\n<meta property=\"og:description\" content=\"Avec 5 nouveaux syndics engag\u00e9s, NF Habitat &#8211; NF Habitat HQE pour l\u2019exploitation des copropri\u00e9t\u00e9s compte aujourd\u2019hui 12 titulaires, r\u00e9partis sur toute la France.\" \/>\n<meta property=\"og:url\" content=\"https:\/\/www.qualitel.org\/professionnels\/magazine\/les-syndics-sont-seduits-par-nf-habitat-exploitation-copropriete\/\" \/>\n<meta property=\"og:site_name\" content=\"Qualitel | Professionnels\" \/>\n<meta property=\"article:publisher\" content=\"https:\/\/www.facebook.com\/groupequalitel\/\" \/>\n<meta property=\"article:published_time\" content=\"2019-02-18T22:17:49+00:00\" \/>\n<meta property=\"article:modified_time\" content=\"2024-03-13T13:33:08+00:00\" \/>\n<meta property=\"og:image\" content=\"https:\/\/www.qualitel.org\/professionnels\/wp\/..\/uploads\/NFH_syndic_copro.jpg\" \/>\n\t<meta property=\"og:image:width\" content=\"1000\" \/>\n\t<meta property=\"og:image:height\" content=\"562\" \/>\n\t<meta property=\"og:image:type\" content=\"image\/jpeg\" \/>\n<meta name=\"twitter:card\" content=\"summary_large_image\" \/>\n<meta name=\"twitter:description\" content=\"Avec 5 nouveaux syndics engag\u00e9s, NF Habitat &#8211; NF Habitat HQE pour l\u2019exploitation des copropri\u00e9t\u00e9s compte aujourd\u2019hui 12 titulaires, r\u00e9partis sur toute la France.\n\" \/>\n<meta name=\"twitter:creator\" content=\"@groupeQUALITEL\" \/>\n<meta name=\"twitter:site\" content=\"@groupeQUALITEL\" \/>\n<meta name=\"twitter:label1\" content=\"Written by\" \/>\n\t<meta name=\"twitter:data1\" content=\"\" \/>\n<script type=\"application\/ld+json\" class=\"yoast-schema-graph\">{\"@context\":\"https:\/\/schema.org\",\"@graph\":[{\"@type\":\"Article\",\"@id\":\"https:\/\/www.qualitel.org\/professionnels\/magazine\/les-syndics-sont-seduits-par-nf-habitat-exploitation-copropriete\/#article\",\"isPartOf\":{\"@id\":\"https:\/\/www.qualitel.org\/professionnels\/magazine\/les-syndics-sont-seduits-par-nf-habitat-exploitation-copropriete\/\"},\"author\":{\"name\":\"\",\"@id\":\"\"},\"headline\":\"Les syndics sont s\u00e9duits par NF Habitat Exploitation Copropri\u00e9t\u00e9\",\"datePublished\":\"2019-02-18T22:17:49+00:00\",\"dateModified\":\"2024-03-13T13:33:08+00:00\",\"mainEntityOfPage\":{\"@id\":\"https:\/\/www.qualitel.org\/professionnels\/magazine\/les-syndics-sont-seduits-par-nf-habitat-exploitation-copropriete\/\"},\"wordCount\":11,\"publisher\":{\"@id\":\"https:\/\/www.qualitel.org\/professionnels\/#organization\"},\"image\":{\"@id\":\"https:\/\/www.qualitel.org\/professionnels\/magazine\/les-syndics-sont-seduits-par-nf-habitat-exploitation-copropriete\/#primaryimage\"},\"thumbnailUrl\":\"https:\/\/www.qualitel.org\/professionnels\/wp\/..\/uploads\/NFH_syndic_copro.jpg\",\"inLanguage\":\"fr-FR\"},{\"@type\":\"WebPage\",\"@id\":\"https:\/\/www.qualitel.org\/professionnels\/magazine\/les-syndics-sont-seduits-par-nf-habitat-exploitation-copropriete\/\",\"url\":\"https:\/\/www.qualitel.org\/professionnels\/magazine\/les-syndics-sont-seduits-par-nf-habitat-exploitation-copropriete\/\",\"name\":\"Les syndics sont s\u00e9duits par NF Habitat Exploitation Copropri\u00e9t\u00e9 - Qualitel | Professionnels\",\"isPartOf\":{\"@id\":\"https:\/\/www.qualitel.org\/professionnels\/#website\"},\"primaryImageOfPage\":{\"@id\":\"https:\/\/www.qualitel.org\/professionnels\/magazine\/les-syndics-sont-seduits-par-nf-habitat-exploitation-copropriete\/#primaryimage\"},\"image\":{\"@id\":\"https:\/\/www.qualitel.org\/professionnels\/magazine\/les-syndics-sont-seduits-par-nf-habitat-exploitation-copropriete\/#primaryimage\"},\"thumbnailUrl\":\"https:\/\/www.qualitel.org\/professionnels\/wp\/..\/uploads\/NFH_syndic_copro.jpg\",\"datePublished\":\"2019-02-18T22:17:49+00:00\",\"dateModified\":\"2024-03-13T13:33:08+00:00\",\"description\":\"Avec 5 nouveaux syndics engag\u00e9s, NF Habitat - NF Habitat HQE pour l\u2019exploitation des copropri\u00e9t\u00e9s compte aujourd\u2019hui 12 titulaires, r\u00e9partis sur toute la France.\",\"breadcrumb\":{\"@id\":\"https:\/\/www.qualitel.org\/professionnels\/magazine\/les-syndics-sont-seduits-par-nf-habitat-exploitation-copropriete\/#breadcrumb\"},\"inLanguage\":\"fr-FR\",\"potentialAction\":[{\"@type\":\"ReadAction\",\"target\":[\"https:\/\/www.qualitel.org\/professionnels\/magazine\/les-syndics-sont-seduits-par-nf-habitat-exploitation-copropriete\/\"]}]},{\"@type\":\"ImageObject\",\"inLanguage\":\"fr-FR\",\"@id\":\"https:\/\/www.qualitel.org\/professionnels\/magazine\/les-syndics-sont-seduits-par-nf-habitat-exploitation-copropriete\/#primaryimage\",\"url\":\"https:\/\/www.qualitel.org\/professionnels\/wp\/..\/uploads\/NFH_syndic_copro.jpg\",\"contentUrl\":\"https:\/\/www.qualitel.org\/professionnels\/wp\/..\/uploads\/NFH_syndic_copro.jpg\",\"width\":1000,\"height\":562},{\"@type\":\"BreadcrumbList\",\"@id\":\"https:\/\/www.qualitel.org\/professionnels\/magazine\/les-syndics-sont-seduits-par-nf-habitat-exploitation-copropriete\/#breadcrumb\",\"itemListElement\":[{\"@type\":\"ListItem\",\"position\":1,\"name\":\"Accueil\",\"item\":\"https:\/\/www.qualitel.org\/professionnels\/\"},{\"@type\":\"ListItem\",\"position\":2,\"name\":\"Les syndics sont s\u00e9duits par NF Habitat Exploitation Copropri\u00e9t\u00e9\"}]},{\"@type\":\"WebSite\",\"@id\":\"https:\/\/www.qualitel.org\/professionnels\/#website\",\"url\":\"https:\/\/www.qualitel.org\/professionnels\/\",\"name\":\"Qualitel | Professionnels\",\"description\":\"\",\"publisher\":{\"@id\":\"https:\/\/www.qualitel.org\/professionnels\/#organization\"},\"potentialAction\":[{\"@type\":\"SearchAction\",\"target\":{\"@type\":\"EntryPoint\",\"urlTemplate\":\"https:\/\/www.qualitel.org\/professionnels\/?s={search_term_string}\"},\"query-input\":{\"@type\":\"PropertyValueSpecification\",\"valueRequired\":true,\"valueName\":\"search_term_string\"}}],\"inLanguage\":\"fr-FR\"},{\"@type\":\"Organization\",\"@id\":\"https:\/\/www.qualitel.org\/professionnels\/#organization\",\"name\":\"Qualitel\",\"url\":\"https:\/\/www.qualitel.org\/professionnels\/\",\"logo\":{\"@type\":\"ImageObject\",\"inLanguage\":\"fr-FR\",\"@id\":\"https:\/\/www.qualitel.org\/professionnels\/#\/schema\/logo\/image\/\",\"url\":\"https:\/\/www.qualitel.org\/professionnels\/wp\/..\/uploads\/qualitel_social.jpg\",\"contentUrl\":\"https:\/\/www.qualitel.org\/professionnels\/wp\/..\/uploads\/qualitel_social.jpg\",\"width\":1080,\"height\":1080,\"caption\":\"Qualitel\"},\"image\":{\"@id\":\"https:\/\/www.qualitel.org\/professionnels\/#\/schema\/logo\/image\/\"},\"sameAs\":[\"https:\/\/www.facebook.com\/groupequalitel\/\",\"https:\/\/x.com\/groupeQUALITEL\",\"https:\/\/www.instagram.com\/associationqualitel\/\"]},{\"@type\":\"Person\",\"@id\":\"\"}]}<\/script>\n<!-- \/ Yoast SEO plugin. -->","yoast_head_json":{"title":"Les syndics sont s\u00e9duits par NF Habitat Exploitation Copropri\u00e9t\u00e9 - Qualitel | Professionnels","description":"Avec 5 nouveaux syndics engag\u00e9s, NF Habitat - NF Habitat HQE pour l\u2019exploitation des copropri\u00e9t\u00e9s compte aujourd\u2019hui 12 titulaires, r\u00e9partis sur toute la France.","robots":{"index":"index","follow":"follow","max-snippet":"max-snippet:-1","max-image-preview":"max-image-preview:large","max-video-preview":"max-video-preview:-1"},"canonical":"https:\/\/www.qualitel.org\/professionnels\/magazine\/les-syndics-sont-seduits-par-nf-habitat-exploitation-copropriete\/","og_locale":"fr_FR","og_type":"article","og_title":"Les syndics sont s\u00e9duits par NF Habitat Exploitation Copropri\u00e9t\u00e9 - Qualitel | Professionnels","og_description":"Avec 5 nouveaux syndics engag\u00e9s, NF Habitat &#8211; NF Habitat HQE pour l\u2019exploitation des copropri\u00e9t\u00e9s compte aujourd\u2019hui 12 titulaires, r\u00e9partis sur toute la France.","og_url":"https:\/\/www.qualitel.org\/professionnels\/magazine\/les-syndics-sont-seduits-par-nf-habitat-exploitation-copropriete\/","og_site_name":"Qualitel | Professionnels","article_publisher":"https:\/\/www.facebook.com\/groupequalitel\/","article_published_time":"2019-02-18T22:17:49+00:00","article_modified_time":"2024-03-13T13:33:08+00:00","og_image":[{"width":1000,"height":562,"url":"https:\/\/www.qualitel.org\/professionnels\/wp\/..\/uploads\/NFH_syndic_copro.jpg","type":"image\/jpeg"}],"twitter_card":"summary_large_image","twitter_description":"Avec 5 nouveaux syndics engag\u00e9s, NF Habitat &#8211; NF Habitat HQE pour l\u2019exploitation des copropri\u00e9t\u00e9s compte aujourd\u2019hui 12 titulaires, r\u00e9partis sur toute la France.\n","twitter_creator":"@groupeQUALITEL","twitter_site":"@groupeQUALITEL","twitter_misc":{"Written by":""},"schema":{"@context":"https:\/\/schema.org","@graph":[{"@type":"Article","@id":"https:\/\/www.qualitel.org\/professionnels\/magazine\/les-syndics-sont-seduits-par-nf-habitat-exploitation-copropriete\/#article","isPartOf":{"@id":"https:\/\/www.qualitel.org\/professionnels\/magazine\/les-syndics-sont-seduits-par-nf-habitat-exploitation-copropriete\/"},"author":{"name":"","@id":""},"headline":"Les syndics sont s\u00e9duits par NF Habitat Exploitation Copropri\u00e9t\u00e9","datePublished":"2019-02-18T22:17:49+00:00","dateModified":"2024-03-13T13:33:08+00:00","mainEntityOfPage":{"@id":"https:\/\/www.qualitel.org\/professionnels\/magazine\/les-syndics-sont-seduits-par-nf-habitat-exploitation-copropriete\/"},"wordCount":11,"publisher":{"@id":"https:\/\/www.qualitel.org\/professionnels\/#organization"},"image":{"@id":"https:\/\/www.qualitel.org\/professionnels\/magazine\/les-syndics-sont-seduits-par-nf-habitat-exploitation-copropriete\/#primaryimage"},"thumbnailUrl":"https:\/\/www.qualitel.org\/professionnels\/wp\/..\/uploads\/NFH_syndic_copro.jpg","inLanguage":"fr-FR"},{"@type":"WebPage","@id":"https:\/\/www.qualitel.org\/professionnels\/magazine\/les-syndics-sont-seduits-par-nf-habitat-exploitation-copropriete\/","url":"https:\/\/www.qualitel.org\/professionnels\/magazine\/les-syndics-sont-seduits-par-nf-habitat-exploitation-copropriete\/","name":"Les syndics sont s\u00e9duits par NF Habitat Exploitation Copropri\u00e9t\u00e9 - Qualitel | Professionnels","isPartOf":{"@id":"https:\/\/www.qualitel.org\/professionnels\/#website"},"primaryImageOfPage":{"@id":"https:\/\/www.qualitel.org\/professionnels\/magazine\/les-syndics-sont-seduits-par-nf-habitat-exploitation-copropriete\/#primaryimage"},"image":{"@id":"https:\/\/www.qualitel.org\/professionnels\/magazine\/les-syndics-sont-seduits-par-nf-habitat-exploitation-copropriete\/#primaryimage"},"thumbnailUrl":"https:\/\/www.qualitel.org\/professionnels\/wp\/..\/uploads\/NFH_syndic_copro.jpg","datePublished":"2019-02-18T22:17:49+00:00","dateModified":"2024-03-13T13:33:08+00:00","description":"Avec 5 nouveaux syndics engag\u00e9s, NF Habitat - NF Habitat HQE pour l\u2019exploitation des copropri\u00e9t\u00e9s compte aujourd\u2019hui 12 titulaires, r\u00e9partis sur toute la France.","breadcrumb":{"@id":"https:\/\/www.qualitel.org\/professionnels\/magazine\/les-syndics-sont-seduits-par-nf-habitat-exploitation-copropriete\/#breadcrumb"},"inLanguage":"fr-FR","potentialAction":[{"@type":"ReadAction","target":["https:\/\/www.qualitel.org\/professionnels\/magazine\/les-syndics-sont-seduits-par-nf-habitat-exploitation-copropriete\/"]}]},{"@type":"ImageObject","inLanguage":"fr-FR","@id":"https:\/\/www.qualitel.org\/professionnels\/magazine\/les-syndics-sont-seduits-par-nf-habitat-exploitation-copropriete\/#primaryimage","url":"https:\/\/www.qualitel.org\/professionnels\/wp\/..\/uploads\/NFH_syndic_copro.jpg","contentUrl":"https:\/\/www.qualitel.org\/professionnels\/wp\/..\/uploads\/NFH_syndic_copro.jpg","width":1000,"height":562},{"@type":"BreadcrumbList","@id":"https:\/\/www.qualitel.org\/professionnels\/magazine\/les-syndics-sont-seduits-par-nf-habitat-exploitation-copropriete\/#breadcrumb","itemListElement":[{"@type":"ListItem","position":1,"name":"Accueil","item":"https:\/\/www.qualitel.org\/professionnels\/"},{"@type":"ListItem","position":2,"name":"Les syndics sont s\u00e9duits par NF Habitat Exploitation Copropri\u00e9t\u00e9"}]},{"@type":"WebSite","@id":"https:\/\/www.qualitel.org\/professionnels\/#website","url":"https:\/\/www.qualitel.org\/professionnels\/","name":"Qualitel | Professionnels","description":"","publisher":{"@id":"https:\/\/www.qualitel.org\/professionnels\/#organization"},"potentialAction":[{"@type":"SearchAction","target":{"@type":"EntryPoint","urlTemplate":"https:\/\/www.qualitel.org\/professionnels\/?s={search_term_string}"},"query-input":{"@type":"PropertyValueSpecification","valueRequired":true,"valueName":"search_term_string"}}],"inLanguage":"fr-FR"},{"@type":"Organization","@id":"https:\/\/www.qualitel.org\/professionnels\/#organization","name":"Qualitel","url":"https:\/\/www.qualitel.org\/professionnels\/","logo":{"@type":"ImageObject","inLanguage":"fr-FR","@id":"https:\/\/www.qualitel.org\/professionnels\/#\/schema\/logo\/image\/","url":"https:\/\/www.qualitel.org\/professionnels\/wp\/..\/uploads\/qualitel_social.jpg","contentUrl":"https:\/\/www.qualitel.org\/professionnels\/wp\/..\/uploads\/qualitel_social.jpg","width":1080,"height":1080,"caption":"Qualitel"},"image":{"@id":"https:\/\/www.qualitel.org\/professionnels\/#\/schema\/logo\/image\/"},"sameAs":["https:\/\/www.facebook.com\/groupequalitel\/","https:\/\/x.com\/groupeQUALITEL","https:\/\/www.instagram.com\/associationqualitel\/"]},{"@type":"Person","@id":""}]}},"_links":{"self":[{"href":"https:\/\/www.qualitel.org\/professionnels\/wp-json\/wp\/v2\/posts\/21282","targetHints":{"allow":["GET"]}}],"collection":[{"href":"https:\/\/www.qualitel.org\/professionnels\/wp-json\/wp\/v2\/posts"}],"about":[{"href":"https:\/\/www.qualitel.org\/professionnels\/wp-json\/wp\/v2\/types\/post"}],"author":[{"embeddable":true,"href":"https:\/\/www.qualitel.org\/professionnels\/wp-json\/wp\/v2\/users\/45"}],"replies":[{"embeddable":true,"href":"https:\/\/www.qualitel.org\/professionnels\/wp-json\/wp\/v2\/comments?post=21282"}],"version-history":[{"count":10,"href":"https:\/\/www.qualitel.org\/professionnels\/wp-json\/wp\/v2\/posts\/21282\/revisions"}],"predecessor-version":[{"id":73696,"href":"https:\/\/www.qualitel.org\/professionnels\/wp-json\/wp\/v2\/posts\/21282\/revisions\/73696"}],"wp:featuredmedia":[{"embeddable":true,"href":"https:\/\/www.qualitel.org\/professionnels\/wp-json\/wp\/v2\/media\/22604"}],"wp:attachment":[{"href":"https:\/\/www.qualitel.org\/professionnels\/wp-json\/wp\/v2\/media?parent=21282"}],"wp:term":[{"taxonomy":"tags","embeddable":true,"href":"https:\/\/www.qualitel.org\/professionnels\/wp-json\/wp\/v2\/tags?post=21282"},{"taxonomy":"etiquettes","embeddable":true,"href":"https:\/\/www.qualitel.org\/professionnels\/wp-json\/wp\/v2\/tags?post=21282"},{"taxonomy":"article_type","embeddable":true,"href":"https:\/\/www.qualitel.org\/professionnels\/wp-json\/wp\/v2\/article_type?post=21282"}],"curies":[{"name":"wp","href":"https:\/\/api.w.org\/{rel}","templated":true}]}}