{"id":21368,"date":"2019-04-10T23:36:54","date_gmt":"2019-04-10T21:36:54","guid":{"rendered":"https:\/\/www.qualitel.org\/professionnels\/?p=21368"},"modified":"2024-03-13T14:19:47","modified_gmt":"2024-03-13T13:19:47","slug":"my-wood-loft-une-operation-certifiee-nf-habitat-hqe-avec-label-ec","status":"publish","type":"post","link":"https:\/\/www.qualitel.org\/professionnels\/actualites\/my-wood-loft-une-operation-certifiee-nf-habitat-hqe-avec-label-ec\/","title":{"rendered":"My Wood Loft : une op\u00e9ration certifi\u00e9e NF Habitat HQE avec label E+C-"},"content":{"rendered":"<p>S\u2019engager dans la certification NF Habitat HQE, c\u2019est avoir la possibilit\u00e9 de cr\u00e9er une offre immobili\u00e8re responsable et innovante en termes de respect de l\u2019environnement, de choix des mat\u00e9riaux, de consommation \u00e9nerg\u00e9tique. C\u2019est aussi pour notre Groupe un outil de management de la qualit\u00e9 et de l\u2019innovation en phase \u00e9tudes et r\u00e9alisation des op\u00e9rations.<\/p>\n","protected":false},"excerpt":{"rendered":"<p>S\u2019engager dans la certification NF Habitat HQE, c\u2019est avoir la possibilit\u00e9 de cr\u00e9er une offre immobili\u00e8re responsable et innovante en termes de respect de l\u2019environnement, de choix des mat\u00e9riaux, de consommation \u00e9nerg\u00e9tique. C\u2019est aussi pour notre Groupe un outil de management de la qualit\u00e9 et de l\u2019innovation en phase \u00e9tudes et r\u00e9alisation des op\u00e9rations.<\/p>\n","protected":false},"author":45,"featured_media":30866,"comment_status":"closed","ping_status":"closed","sticky":false,"template":"","format":"standard","meta":{"_acf_changed":false,"footnotes":""},"tags":[418],"article_type":[368],"class_list":["post-21368","post","type-post","status-publish","format-standard","has-post-thumbnail","hentry","tags-certification","tags-label-ec","etiquettes-reference","article_type-actualites"],"acf":[],"yoast_head":"<!-- This site is optimized with the Yoast SEO plugin v26.3 - https:\/\/yoast.com\/wordpress\/plugins\/seo\/ -->\n<title>My Wood Loft : une op\u00e9ration certifi\u00e9e NF Habitat HQE avec label E+C- Qualitel | Professionnels<\/title>\n<meta name=\"description\" content=\"L\u2019op\u00e9ration \u00ab\u00a0My Wood Loft\u00a0\u00bb r\u00e9alis\u00e9e par Valoptim, lance le nouveau concept pour le bien-\u00eatre de l\u2019habitant et le respect de l\u2019environnement\u00a0: des constructions associant la certification NF habitat HQE et les labels E+C- et Biodivercity. Ce projet situ\u00e9 \u00e0 Montreuil est exemplaire en termes de performance et de qualit\u00e9 de l\u2019habitat.\" \/>\n<meta name=\"robots\" content=\"index, follow, max-snippet:-1, max-image-preview:large, max-video-preview:-1\" \/>\n<link rel=\"canonical\" href=\"https:\/\/www.qualitel.org\/professionnels\/actualites\/my-wood-loft-une-operation-certifiee-nf-habitat-hqe-avec-label-ec\/\" \/>\n<meta property=\"og:locale\" content=\"fr_FR\" \/>\n<meta property=\"og:type\" content=\"article\" \/>\n<meta property=\"og:title\" content=\"My Wood Loft : une op\u00e9ration certifi\u00e9e NF Habitat HQE avec label E+C- Qualitel | Professionnels\" \/>\n<meta property=\"og:description\" content=\"L\u2019op\u00e9ration \u00ab\u00a0My Wood Loft\u00a0\u00bb r\u00e9alis\u00e9e par Valoptim, lance le nouveau concept pour le bien-\u00eatre de l\u2019habitant et le respect de l\u2019environnement\u00a0: des constructions associant la certification NF habitat HQE et les labels E+C- et Biodivercity. Ce projet situ\u00e9 \u00e0 Montreuil est exemplaire en termes de performance et de qualit\u00e9 de l\u2019habitat.\" \/>\n<meta property=\"og:url\" content=\"https:\/\/www.qualitel.org\/professionnels\/actualites\/my-wood-loft-une-operation-certifiee-nf-habitat-hqe-avec-label-ec\/\" \/>\n<meta property=\"og:site_name\" content=\"Qualitel | Professionnels\" \/>\n<meta property=\"article:publisher\" content=\"https:\/\/www.facebook.com\/groupequalitel\/\" \/>\n<meta property=\"article:published_time\" content=\"2019-04-10T21:36:54+00:00\" \/>\n<meta property=\"article:modified_time\" content=\"2024-03-13T13:19:47+00:00\" \/>\n<meta property=\"og:image\" content=\"https:\/\/www.qualitel.org\/professionnels\/wp\/..\/uploads\/My-Wood-Loft-2-Montreuil.jpeg\" \/>\n\t<meta property=\"og:image:width\" content=\"2480\" \/>\n\t<meta property=\"og:image:height\" content=\"1465\" \/>\n\t<meta property=\"og:image:type\" content=\"image\/jpeg\" \/>\n<meta name=\"twitter:card\" content=\"summary_large_image\" \/>\n<meta name=\"twitter:description\" content=\"L\u2019op\u00e9ration \u00ab\u00a0My Wood Loft\u00a0\u00bb r\u00e9alis\u00e9e par Valoptim, lance le nouveau concept pour le bien-\u00eatre de l\u2019habitant et le respect de l\u2019environnement\u00a0: des constructions associant la certification NF habitat HQE et les labels E+C- et Biodivercity. Ce projet situ\u00e9 \u00e0 Montreuil est exemplaire en termes de performance et de qualit\u00e9 de l\u2019habitat.\n\" \/>\n<meta name=\"twitter:creator\" content=\"@groupeQUALITEL\" \/>\n<meta name=\"twitter:site\" content=\"@groupeQUALITEL\" \/>\n<meta name=\"twitter:label1\" content=\"Written by\" \/>\n\t<meta name=\"twitter:data1\" content=\"\" \/>\n\t<meta name=\"twitter:label2\" content=\"Est. reading time\" \/>\n\t<meta name=\"twitter:data2\" content=\"1 minute\" \/>\n<script type=\"application\/ld+json\" class=\"yoast-schema-graph\">{\"@context\":\"https:\/\/schema.org\",\"@graph\":[{\"@type\":\"Article\",\"@id\":\"https:\/\/www.qualitel.org\/professionnels\/actualites\/my-wood-loft-une-operation-certifiee-nf-habitat-hqe-avec-label-ec\/#article\",\"isPartOf\":{\"@id\":\"https:\/\/www.qualitel.org\/professionnels\/actualites\/my-wood-loft-une-operation-certifiee-nf-habitat-hqe-avec-label-ec\/\"},\"author\":{\"name\":\"\",\"@id\":\"\"},\"headline\":\"My Wood Loft : une op\u00e9ration certifi\u00e9e NF Habitat HQE avec label E+C-\",\"datePublished\":\"2019-04-10T21:36:54+00:00\",\"dateModified\":\"2024-03-13T13:19:47+00:00\",\"mainEntityOfPage\":{\"@id\":\"https:\/\/www.qualitel.org\/professionnels\/actualites\/my-wood-loft-une-operation-certifiee-nf-habitat-hqe-avec-label-ec\/\"},\"wordCount\":80,\"publisher\":{\"@id\":\"https:\/\/www.qualitel.org\/professionnels\/#organization\"},\"image\":{\"@id\":\"https:\/\/www.qualitel.org\/professionnels\/actualites\/my-wood-loft-une-operation-certifiee-nf-habitat-hqe-avec-label-ec\/#primaryimage\"},\"thumbnailUrl\":\"https:\/\/www.qualitel.org\/professionnels\/wp\/..\/uploads\/My-Wood-Loft-2-Montreuil.jpeg\",\"inLanguage\":\"fr-FR\"},{\"@type\":\"WebPage\",\"@id\":\"https:\/\/www.qualitel.org\/professionnels\/actualites\/my-wood-loft-une-operation-certifiee-nf-habitat-hqe-avec-label-ec\/\",\"url\":\"https:\/\/www.qualitel.org\/professionnels\/actualites\/my-wood-loft-une-operation-certifiee-nf-habitat-hqe-avec-label-ec\/\",\"name\":\"My Wood Loft : une op\u00e9ration certifi\u00e9e NF Habitat HQE avec label E+C- Qualitel | Professionnels\",\"isPartOf\":{\"@id\":\"https:\/\/www.qualitel.org\/professionnels\/#website\"},\"primaryImageOfPage\":{\"@id\":\"https:\/\/www.qualitel.org\/professionnels\/actualites\/my-wood-loft-une-operation-certifiee-nf-habitat-hqe-avec-label-ec\/#primaryimage\"},\"image\":{\"@id\":\"https:\/\/www.qualitel.org\/professionnels\/actualites\/my-wood-loft-une-operation-certifiee-nf-habitat-hqe-avec-label-ec\/#primaryimage\"},\"thumbnailUrl\":\"https:\/\/www.qualitel.org\/professionnels\/wp\/..\/uploads\/My-Wood-Loft-2-Montreuil.jpeg\",\"datePublished\":\"2019-04-10T21:36:54+00:00\",\"dateModified\":\"2024-03-13T13:19:47+00:00\",\"description\":\"L\u2019op\u00e9ration \u00ab\u00a0My Wood Loft\u00a0\u00bb r\u00e9alis\u00e9e par Valoptim, lance le nouveau concept pour le bien-\u00eatre de l\u2019habitant et le respect de l\u2019environnement\u00a0: des constructions associant la certification NF habitat HQE et les labels E+C- et Biodivercity. Ce projet situ\u00e9 \u00e0 Montreuil est exemplaire en termes de performance et de qualit\u00e9 de l\u2019habitat.\",\"breadcrumb\":{\"@id\":\"https:\/\/www.qualitel.org\/professionnels\/actualites\/my-wood-loft-une-operation-certifiee-nf-habitat-hqe-avec-label-ec\/#breadcrumb\"},\"inLanguage\":\"fr-FR\",\"potentialAction\":[{\"@type\":\"ReadAction\",\"target\":[\"https:\/\/www.qualitel.org\/professionnels\/actualites\/my-wood-loft-une-operation-certifiee-nf-habitat-hqe-avec-label-ec\/\"]}]},{\"@type\":\"ImageObject\",\"inLanguage\":\"fr-FR\",\"@id\":\"https:\/\/www.qualitel.org\/professionnels\/actualites\/my-wood-loft-une-operation-certifiee-nf-habitat-hqe-avec-label-ec\/#primaryimage\",\"url\":\"https:\/\/www.qualitel.org\/professionnels\/wp\/..\/uploads\/My-Wood-Loft-2-Montreuil.jpeg\",\"contentUrl\":\"https:\/\/www.qualitel.org\/professionnels\/wp\/..\/uploads\/My-Wood-Loft-2-Montreuil.jpeg\",\"width\":2480,\"height\":1465},{\"@type\":\"BreadcrumbList\",\"@id\":\"https:\/\/www.qualitel.org\/professionnels\/actualites\/my-wood-loft-une-operation-certifiee-nf-habitat-hqe-avec-label-ec\/#breadcrumb\",\"itemListElement\":[{\"@type\":\"ListItem\",\"position\":1,\"name\":\"Accueil\",\"item\":\"https:\/\/www.qualitel.org\/professionnels\/\"},{\"@type\":\"ListItem\",\"position\":2,\"name\":\"My Wood Loft&#160;: une op\u00e9ration certifi\u00e9e NF Habitat HQE avec label E+C-\"}]},{\"@type\":\"WebSite\",\"@id\":\"https:\/\/www.qualitel.org\/professionnels\/#website\",\"url\":\"https:\/\/www.qualitel.org\/professionnels\/\",\"name\":\"Qualitel | Professionnels\",\"description\":\"\",\"publisher\":{\"@id\":\"https:\/\/www.qualitel.org\/professionnels\/#organization\"},\"potentialAction\":[{\"@type\":\"SearchAction\",\"target\":{\"@type\":\"EntryPoint\",\"urlTemplate\":\"https:\/\/www.qualitel.org\/professionnels\/?s={search_term_string}\"},\"query-input\":{\"@type\":\"PropertyValueSpecification\",\"valueRequired\":true,\"valueName\":\"search_term_string\"}}],\"inLanguage\":\"fr-FR\"},{\"@type\":\"Organization\",\"@id\":\"https:\/\/www.qualitel.org\/professionnels\/#organization\",\"name\":\"Qualitel\",\"url\":\"https:\/\/www.qualitel.org\/professionnels\/\",\"logo\":{\"@type\":\"ImageObject\",\"inLanguage\":\"fr-FR\",\"@id\":\"https:\/\/www.qualitel.org\/professionnels\/#\/schema\/logo\/image\/\",\"url\":\"https:\/\/www.qualitel.org\/professionnels\/wp\/..\/uploads\/qualitel_social.jpg\",\"contentUrl\":\"https:\/\/www.qualitel.org\/professionnels\/wp\/..\/uploads\/qualitel_social.jpg\",\"width\":1080,\"height\":1080,\"caption\":\"Qualitel\"},\"image\":{\"@id\":\"https:\/\/www.qualitel.org\/professionnels\/#\/schema\/logo\/image\/\"},\"sameAs\":[\"https:\/\/www.facebook.com\/groupequalitel\/\",\"https:\/\/x.com\/groupeQUALITEL\",\"https:\/\/www.instagram.com\/associationqualitel\/\"]},{\"@type\":\"Person\",\"@id\":\"\"}]}<\/script>\n<!-- \/ Yoast SEO plugin. -->","yoast_head_json":{"title":"My Wood Loft : une op\u00e9ration certifi\u00e9e NF Habitat HQE avec label E+C- Qualitel | Professionnels","description":"L\u2019op\u00e9ration \u00ab\u00a0My Wood Loft\u00a0\u00bb r\u00e9alis\u00e9e par Valoptim, lance le nouveau concept pour le bien-\u00eatre de l\u2019habitant et le respect de l\u2019environnement\u00a0: des constructions associant la certification NF habitat HQE et les labels E+C- et Biodivercity. Ce projet situ\u00e9 \u00e0 Montreuil est exemplaire en termes de performance et de qualit\u00e9 de l\u2019habitat.","robots":{"index":"index","follow":"follow","max-snippet":"max-snippet:-1","max-image-preview":"max-image-preview:large","max-video-preview":"max-video-preview:-1"},"canonical":"https:\/\/www.qualitel.org\/professionnels\/actualites\/my-wood-loft-une-operation-certifiee-nf-habitat-hqe-avec-label-ec\/","og_locale":"fr_FR","og_type":"article","og_title":"My Wood Loft : une op\u00e9ration certifi\u00e9e NF Habitat HQE avec label E+C- Qualitel | Professionnels","og_description":"L\u2019op\u00e9ration \u00ab\u00a0My Wood Loft\u00a0\u00bb r\u00e9alis\u00e9e par Valoptim, lance le nouveau concept pour le bien-\u00eatre de l\u2019habitant et le respect de l\u2019environnement\u00a0: des constructions associant la certification NF habitat HQE et les labels E+C- et Biodivercity. Ce projet situ\u00e9 \u00e0 Montreuil est exemplaire en termes de performance et de qualit\u00e9 de l\u2019habitat.","og_url":"https:\/\/www.qualitel.org\/professionnels\/actualites\/my-wood-loft-une-operation-certifiee-nf-habitat-hqe-avec-label-ec\/","og_site_name":"Qualitel | Professionnels","article_publisher":"https:\/\/www.facebook.com\/groupequalitel\/","article_published_time":"2019-04-10T21:36:54+00:00","article_modified_time":"2024-03-13T13:19:47+00:00","og_image":[{"width":2480,"height":1465,"url":"https:\/\/www.qualitel.org\/professionnels\/wp\/..\/uploads\/My-Wood-Loft-2-Montreuil.jpeg","type":"image\/jpeg"}],"twitter_card":"summary_large_image","twitter_description":"L\u2019op\u00e9ration \u00ab\u00a0My Wood Loft\u00a0\u00bb r\u00e9alis\u00e9e par Valoptim, lance le nouveau concept pour le bien-\u00eatre de l\u2019habitant et le respect de l\u2019environnement\u00a0: des constructions associant la certification NF habitat HQE et les labels E+C- et Biodivercity. Ce projet situ\u00e9 \u00e0 Montreuil est exemplaire en termes de performance et de qualit\u00e9 de l\u2019habitat.\n","twitter_creator":"@groupeQUALITEL","twitter_site":"@groupeQUALITEL","twitter_misc":{"Written by":"","Est. reading time":"1 minute"},"schema":{"@context":"https:\/\/schema.org","@graph":[{"@type":"Article","@id":"https:\/\/www.qualitel.org\/professionnels\/actualites\/my-wood-loft-une-operation-certifiee-nf-habitat-hqe-avec-label-ec\/#article","isPartOf":{"@id":"https:\/\/www.qualitel.org\/professionnels\/actualites\/my-wood-loft-une-operation-certifiee-nf-habitat-hqe-avec-label-ec\/"},"author":{"name":"","@id":""},"headline":"My Wood Loft : une op\u00e9ration certifi\u00e9e NF Habitat HQE avec label E+C-","datePublished":"2019-04-10T21:36:54+00:00","dateModified":"2024-03-13T13:19:47+00:00","mainEntityOfPage":{"@id":"https:\/\/www.qualitel.org\/professionnels\/actualites\/my-wood-loft-une-operation-certifiee-nf-habitat-hqe-avec-label-ec\/"},"wordCount":80,"publisher":{"@id":"https:\/\/www.qualitel.org\/professionnels\/#organization"},"image":{"@id":"https:\/\/www.qualitel.org\/professionnels\/actualites\/my-wood-loft-une-operation-certifiee-nf-habitat-hqe-avec-label-ec\/#primaryimage"},"thumbnailUrl":"https:\/\/www.qualitel.org\/professionnels\/wp\/..\/uploads\/My-Wood-Loft-2-Montreuil.jpeg","inLanguage":"fr-FR"},{"@type":"WebPage","@id":"https:\/\/www.qualitel.org\/professionnels\/actualites\/my-wood-loft-une-operation-certifiee-nf-habitat-hqe-avec-label-ec\/","url":"https:\/\/www.qualitel.org\/professionnels\/actualites\/my-wood-loft-une-operation-certifiee-nf-habitat-hqe-avec-label-ec\/","name":"My Wood Loft : une op\u00e9ration certifi\u00e9e NF Habitat HQE avec label E+C- Qualitel | Professionnels","isPartOf":{"@id":"https:\/\/www.qualitel.org\/professionnels\/#website"},"primaryImageOfPage":{"@id":"https:\/\/www.qualitel.org\/professionnels\/actualites\/my-wood-loft-une-operation-certifiee-nf-habitat-hqe-avec-label-ec\/#primaryimage"},"image":{"@id":"https:\/\/www.qualitel.org\/professionnels\/actualites\/my-wood-loft-une-operation-certifiee-nf-habitat-hqe-avec-label-ec\/#primaryimage"},"thumbnailUrl":"https:\/\/www.qualitel.org\/professionnels\/wp\/..\/uploads\/My-Wood-Loft-2-Montreuil.jpeg","datePublished":"2019-04-10T21:36:54+00:00","dateModified":"2024-03-13T13:19:47+00:00","description":"L\u2019op\u00e9ration \u00ab\u00a0My Wood Loft\u00a0\u00bb r\u00e9alis\u00e9e par Valoptim, lance le nouveau concept pour le bien-\u00eatre de l\u2019habitant et le respect de l\u2019environnement\u00a0: des constructions associant la certification NF habitat HQE et les labels E+C- et Biodivercity. Ce projet situ\u00e9 \u00e0 Montreuil est exemplaire en termes de performance et de qualit\u00e9 de l\u2019habitat.","breadcrumb":{"@id":"https:\/\/www.qualitel.org\/professionnels\/actualites\/my-wood-loft-une-operation-certifiee-nf-habitat-hqe-avec-label-ec\/#breadcrumb"},"inLanguage":"fr-FR","potentialAction":[{"@type":"ReadAction","target":["https:\/\/www.qualitel.org\/professionnels\/actualites\/my-wood-loft-une-operation-certifiee-nf-habitat-hqe-avec-label-ec\/"]}]},{"@type":"ImageObject","inLanguage":"fr-FR","@id":"https:\/\/www.qualitel.org\/professionnels\/actualites\/my-wood-loft-une-operation-certifiee-nf-habitat-hqe-avec-label-ec\/#primaryimage","url":"https:\/\/www.qualitel.org\/professionnels\/wp\/..\/uploads\/My-Wood-Loft-2-Montreuil.jpeg","contentUrl":"https:\/\/www.qualitel.org\/professionnels\/wp\/..\/uploads\/My-Wood-Loft-2-Montreuil.jpeg","width":2480,"height":1465},{"@type":"BreadcrumbList","@id":"https:\/\/www.qualitel.org\/professionnels\/actualites\/my-wood-loft-une-operation-certifiee-nf-habitat-hqe-avec-label-ec\/#breadcrumb","itemListElement":[{"@type":"ListItem","position":1,"name":"Accueil","item":"https:\/\/www.qualitel.org\/professionnels\/"},{"@type":"ListItem","position":2,"name":"My Wood Loft&#160;: une op\u00e9ration certifi\u00e9e NF Habitat HQE avec label E+C-"}]},{"@type":"WebSite","@id":"https:\/\/www.qualitel.org\/professionnels\/#website","url":"https:\/\/www.qualitel.org\/professionnels\/","name":"Qualitel | Professionnels","description":"","publisher":{"@id":"https:\/\/www.qualitel.org\/professionnels\/#organization"},"potentialAction":[{"@type":"SearchAction","target":{"@type":"EntryPoint","urlTemplate":"https:\/\/www.qualitel.org\/professionnels\/?s={search_term_string}"},"query-input":{"@type":"PropertyValueSpecification","valueRequired":true,"valueName":"search_term_string"}}],"inLanguage":"fr-FR"},{"@type":"Organization","@id":"https:\/\/www.qualitel.org\/professionnels\/#organization","name":"Qualitel","url":"https:\/\/www.qualitel.org\/professionnels\/","logo":{"@type":"ImageObject","inLanguage":"fr-FR","@id":"https:\/\/www.qualitel.org\/professionnels\/#\/schema\/logo\/image\/","url":"https:\/\/www.qualitel.org\/professionnels\/wp\/..\/uploads\/qualitel_social.jpg","contentUrl":"https:\/\/www.qualitel.org\/professionnels\/wp\/..\/uploads\/qualitel_social.jpg","width":1080,"height":1080,"caption":"Qualitel"},"image":{"@id":"https:\/\/www.qualitel.org\/professionnels\/#\/schema\/logo\/image\/"},"sameAs":["https:\/\/www.facebook.com\/groupequalitel\/","https:\/\/x.com\/groupeQUALITEL","https:\/\/www.instagram.com\/associationqualitel\/"]},{"@type":"Person","@id":""}]}},"_links":{"self":[{"href":"https:\/\/www.qualitel.org\/professionnels\/wp-json\/wp\/v2\/posts\/21368","targetHints":{"allow":["GET"]}}],"collection":[{"href":"https:\/\/www.qualitel.org\/professionnels\/wp-json\/wp\/v2\/posts"}],"about":[{"href":"https:\/\/www.qualitel.org\/professionnels\/wp-json\/wp\/v2\/types\/post"}],"author":[{"embeddable":true,"href":"https:\/\/www.qualitel.org\/professionnels\/wp-json\/wp\/v2\/users\/45"}],"replies":[{"embeddable":true,"href":"https:\/\/www.qualitel.org\/professionnels\/wp-json\/wp\/v2\/comments?post=21368"}],"version-history":[{"count":25,"href":"https:\/\/www.qualitel.org\/professionnels\/wp-json\/wp\/v2\/posts\/21368\/revisions"}],"predecessor-version":[{"id":73678,"href":"https:\/\/www.qualitel.org\/professionnels\/wp-json\/wp\/v2\/posts\/21368\/revisions\/73678"}],"wp:featuredmedia":[{"embeddable":true,"href":"https:\/\/www.qualitel.org\/professionnels\/wp-json\/wp\/v2\/media\/30866"}],"wp:attachment":[{"href":"https:\/\/www.qualitel.org\/professionnels\/wp-json\/wp\/v2\/media?parent=21368"}],"wp:term":[{"taxonomy":"tags","embeddable":true,"href":"https:\/\/www.qualitel.org\/professionnels\/wp-json\/wp\/v2\/tags?post=21368"},{"taxonomy":"etiquettes","embeddable":true,"href":"https:\/\/www.qualitel.org\/professionnels\/wp-json\/wp\/v2\/tags?post=21368"},{"taxonomy":"article_type","embeddable":true,"href":"https:\/\/www.qualitel.org\/professionnels\/wp-json\/wp\/v2\/article_type?post=21368"}],"curies":[{"name":"wp","href":"https:\/\/api.w.org\/{rel}","templated":true}]}}