{"id":22642,"date":"2019-06-17T17:39:00","date_gmt":"2019-06-17T15:39:00","guid":{"rendered":"https:\/\/www.qualitel.org\/professionnels\/?p=22642"},"modified":"2022-06-23T14:38:05","modified_gmt":"2022-06-23T12:38:05","slug":"certification-a-linternational-cerway-consolide-sa-presence-au-maroc","status":"publish","type":"post","link":"https:\/\/www.qualitel.org\/professionnels\/actualites\/certification-a-linternational-cerway-consolide-sa-presence-au-maroc\/","title":{"rendered":"Certification \u00e0 l\u2019international : CERQUAL consolide sa pr\u00e9sence au Maroc"},"content":{"rendered":"","protected":false},"excerpt":{"rendered":"","protected":false},"author":45,"featured_media":22643,"comment_status":"closed","ping_status":"closed","sticky":false,"template":"","format":"standard","meta":{"_acf_changed":false,"footnotes":""},"tags":[386],"article_type":[368],"class_list":["post-22642","post","type-post","status-publish","format-standard","has-post-thumbnail","hentry","tags-certification","tags-international","etiquettes-perspective","article_type-actualites"],"acf":[],"yoast_head":"<!-- This site is optimized with the Yoast SEO plugin v26.3 - https:\/\/yoast.com\/wordpress\/plugins\/seo\/ -->\n<title>Certification \u00e0 l\u2019international : CERQUAL consolide sa pr\u00e9sence au Maroc - Qualitel | Professionnels<\/title>\n<meta name=\"description\" content=\"CERQUAL Qualitel Certification est pr\u00e9sente au Maroc depuis 2013. Partenariats, formations, certification d\u2019op\u00e9ration de construction de logements\u2026 et maintenant la pr\u00e9sence d\u2019un interlocuteur d\u00e9di\u00e9 pour \u00eatre au plus pr\u00e8s des sp\u00e9cificit\u00e9s locales.\" \/>\n<meta name=\"robots\" content=\"index, follow, max-snippet:-1, max-image-preview:large, max-video-preview:-1\" \/>\n<link rel=\"canonical\" href=\"https:\/\/www.qualitel.org\/professionnels\/actualites\/certification-a-linternational-cerway-consolide-sa-presence-au-maroc\/\" \/>\n<meta property=\"og:locale\" content=\"fr_FR\" \/>\n<meta property=\"og:type\" content=\"article\" \/>\n<meta property=\"og:title\" content=\"Certification \u00e0 l\u2019international : CERQUAL consolide sa pr\u00e9sence au Maroc - Qualitel | Professionnels\" \/>\n<meta property=\"og:description\" content=\"CERQUAL Qualitel Certification (anciennement Cerway) est pr\u00e9sente au Maroc depuis 2013. Partenariats, formations, certification d\u2019op\u00e9ration de construction de logements\u2026 et maintenant la pr\u00e9sence d\u2019un interlocuteur d\u00e9di\u00e9 pour \u00eatre au plus pr\u00e8s des sp\u00e9cificit\u00e9s locales.\" \/>\n<meta property=\"og:url\" content=\"https:\/\/www.qualitel.org\/professionnels\/actualites\/certification-a-linternational-cerway-consolide-sa-presence-au-maroc\/\" \/>\n<meta property=\"og:site_name\" content=\"Qualitel | Professionnels\" \/>\n<meta property=\"article:publisher\" content=\"https:\/\/www.facebook.com\/groupequalitel\/\" \/>\n<meta property=\"article:published_time\" content=\"2019-06-17T15:39:00+00:00\" \/>\n<meta property=\"article:modified_time\" content=\"2022-06-23T12:38:05+00:00\" \/>\n<meta property=\"og:image\" content=\"https:\/\/www.qualitel.org\/professionnels\/wp\/..\/uploads\/Cerway_Maroc.jpg\" \/>\n\t<meta property=\"og:image:width\" content=\"550\" \/>\n\t<meta property=\"og:image:height\" content=\"420\" \/>\n\t<meta property=\"og:image:type\" content=\"image\/jpeg\" \/>\n<meta name=\"twitter:card\" content=\"summary_large_image\" \/>\n<meta name=\"twitter:description\" content=\"CERQUAL Qualitel Certification (anciennement Cerway) est pr\u00e9sente au Maroc depuis 2013. Partenariats, formations, certification d\u2019op\u00e9ration de construction de logements\u2026 et maintenant la pr\u00e9sence d\u2019un interlocuteur d\u00e9di\u00e9 pour \u00eatre au plus pr\u00e8s des sp\u00e9cificit\u00e9s locales.\n\" \/>\n<meta name=\"twitter:creator\" content=\"@groupeQUALITEL\" \/>\n<meta name=\"twitter:site\" content=\"@groupeQUALITEL\" \/>\n<meta name=\"twitter:label1\" content=\"Written by\" \/>\n\t<meta name=\"twitter:data1\" content=\"\" \/>\n<script type=\"application\/ld+json\" class=\"yoast-schema-graph\">{\"@context\":\"https:\/\/schema.org\",\"@graph\":[{\"@type\":\"Article\",\"@id\":\"https:\/\/www.qualitel.org\/professionnels\/actualites\/certification-a-linternational-cerway-consolide-sa-presence-au-maroc\/#article\",\"isPartOf\":{\"@id\":\"https:\/\/www.qualitel.org\/professionnels\/actualites\/certification-a-linternational-cerway-consolide-sa-presence-au-maroc\/\"},\"author\":{\"name\":\"\",\"@id\":\"\"},\"headline\":\"Certification \u00e0 l\u2019international : CERQUAL consolide sa pr\u00e9sence au Maroc\",\"datePublished\":\"2019-06-17T15:39:00+00:00\",\"dateModified\":\"2022-06-23T12:38:05+00:00\",\"mainEntityOfPage\":{\"@id\":\"https:\/\/www.qualitel.org\/professionnels\/actualites\/certification-a-linternational-cerway-consolide-sa-presence-au-maroc\/\"},\"wordCount\":10,\"publisher\":{\"@id\":\"https:\/\/www.qualitel.org\/professionnels\/#organization\"},\"image\":{\"@id\":\"https:\/\/www.qualitel.org\/professionnels\/actualites\/certification-a-linternational-cerway-consolide-sa-presence-au-maroc\/#primaryimage\"},\"thumbnailUrl\":\"https:\/\/www.qualitel.org\/professionnels\/wp\/..\/uploads\/Cerway_Maroc.jpg\",\"inLanguage\":\"fr-FR\"},{\"@type\":\"WebPage\",\"@id\":\"https:\/\/www.qualitel.org\/professionnels\/actualites\/certification-a-linternational-cerway-consolide-sa-presence-au-maroc\/\",\"url\":\"https:\/\/www.qualitel.org\/professionnels\/actualites\/certification-a-linternational-cerway-consolide-sa-presence-au-maroc\/\",\"name\":\"Certification \u00e0 l\u2019international : CERQUAL consolide sa pr\u00e9sence au Maroc - Qualitel | Professionnels\",\"isPartOf\":{\"@id\":\"https:\/\/www.qualitel.org\/professionnels\/#website\"},\"primaryImageOfPage\":{\"@id\":\"https:\/\/www.qualitel.org\/professionnels\/actualites\/certification-a-linternational-cerway-consolide-sa-presence-au-maroc\/#primaryimage\"},\"image\":{\"@id\":\"https:\/\/www.qualitel.org\/professionnels\/actualites\/certification-a-linternational-cerway-consolide-sa-presence-au-maroc\/#primaryimage\"},\"thumbnailUrl\":\"https:\/\/www.qualitel.org\/professionnels\/wp\/..\/uploads\/Cerway_Maroc.jpg\",\"datePublished\":\"2019-06-17T15:39:00+00:00\",\"dateModified\":\"2022-06-23T12:38:05+00:00\",\"description\":\"CERQUAL Qualitel Certification est pr\u00e9sente au Maroc depuis 2013. Partenariats, formations, certification d\u2019op\u00e9ration de construction de logements\u2026 et maintenant la pr\u00e9sence d\u2019un interlocuteur d\u00e9di\u00e9 pour \u00eatre au plus pr\u00e8s des sp\u00e9cificit\u00e9s locales.\",\"breadcrumb\":{\"@id\":\"https:\/\/www.qualitel.org\/professionnels\/actualites\/certification-a-linternational-cerway-consolide-sa-presence-au-maroc\/#breadcrumb\"},\"inLanguage\":\"fr-FR\",\"potentialAction\":[{\"@type\":\"ReadAction\",\"target\":[\"https:\/\/www.qualitel.org\/professionnels\/actualites\/certification-a-linternational-cerway-consolide-sa-presence-au-maroc\/\"]}]},{\"@type\":\"ImageObject\",\"inLanguage\":\"fr-FR\",\"@id\":\"https:\/\/www.qualitel.org\/professionnels\/actualites\/certification-a-linternational-cerway-consolide-sa-presence-au-maroc\/#primaryimage\",\"url\":\"https:\/\/www.qualitel.org\/professionnels\/wp\/..\/uploads\/Cerway_Maroc.jpg\",\"contentUrl\":\"https:\/\/www.qualitel.org\/professionnels\/wp\/..\/uploads\/Cerway_Maroc.jpg\",\"width\":550,\"height\":420},{\"@type\":\"BreadcrumbList\",\"@id\":\"https:\/\/www.qualitel.org\/professionnels\/actualites\/certification-a-linternational-cerway-consolide-sa-presence-au-maroc\/#breadcrumb\",\"itemListElement\":[{\"@type\":\"ListItem\",\"position\":1,\"name\":\"Accueil\",\"item\":\"https:\/\/www.qualitel.org\/professionnels\/\"},{\"@type\":\"ListItem\",\"position\":2,\"name\":\"Certification \u00e0 l\u2019international&#160;: CERQUAL consolide sa pr\u00e9sence au Maroc\"}]},{\"@type\":\"WebSite\",\"@id\":\"https:\/\/www.qualitel.org\/professionnels\/#website\",\"url\":\"https:\/\/www.qualitel.org\/professionnels\/\",\"name\":\"Qualitel | Professionnels\",\"description\":\"\",\"publisher\":{\"@id\":\"https:\/\/www.qualitel.org\/professionnels\/#organization\"},\"potentialAction\":[{\"@type\":\"SearchAction\",\"target\":{\"@type\":\"EntryPoint\",\"urlTemplate\":\"https:\/\/www.qualitel.org\/professionnels\/?s={search_term_string}\"},\"query-input\":{\"@type\":\"PropertyValueSpecification\",\"valueRequired\":true,\"valueName\":\"search_term_string\"}}],\"inLanguage\":\"fr-FR\"},{\"@type\":\"Organization\",\"@id\":\"https:\/\/www.qualitel.org\/professionnels\/#organization\",\"name\":\"Qualitel\",\"url\":\"https:\/\/www.qualitel.org\/professionnels\/\",\"logo\":{\"@type\":\"ImageObject\",\"inLanguage\":\"fr-FR\",\"@id\":\"https:\/\/www.qualitel.org\/professionnels\/#\/schema\/logo\/image\/\",\"url\":\"https:\/\/www.qualitel.org\/professionnels\/wp\/..\/uploads\/qualitel_social.jpg\",\"contentUrl\":\"https:\/\/www.qualitel.org\/professionnels\/wp\/..\/uploads\/qualitel_social.jpg\",\"width\":1080,\"height\":1080,\"caption\":\"Qualitel\"},\"image\":{\"@id\":\"https:\/\/www.qualitel.org\/professionnels\/#\/schema\/logo\/image\/\"},\"sameAs\":[\"https:\/\/www.facebook.com\/groupequalitel\/\",\"https:\/\/x.com\/groupeQUALITEL\",\"https:\/\/www.instagram.com\/associationqualitel\/\"]},{\"@type\":\"Person\",\"@id\":\"\"}]}<\/script>\n<!-- \/ Yoast SEO plugin. -->","yoast_head_json":{"title":"Certification \u00e0 l\u2019international : CERQUAL consolide sa pr\u00e9sence au Maroc - Qualitel | Professionnels","description":"CERQUAL Qualitel Certification est pr\u00e9sente au Maroc depuis 2013. Partenariats, formations, certification d\u2019op\u00e9ration de construction de logements\u2026 et maintenant la pr\u00e9sence d\u2019un interlocuteur d\u00e9di\u00e9 pour \u00eatre au plus pr\u00e8s des sp\u00e9cificit\u00e9s locales.","robots":{"index":"index","follow":"follow","max-snippet":"max-snippet:-1","max-image-preview":"max-image-preview:large","max-video-preview":"max-video-preview:-1"},"canonical":"https:\/\/www.qualitel.org\/professionnels\/actualites\/certification-a-linternational-cerway-consolide-sa-presence-au-maroc\/","og_locale":"fr_FR","og_type":"article","og_title":"Certification \u00e0 l\u2019international : CERQUAL consolide sa pr\u00e9sence au Maroc - Qualitel | Professionnels","og_description":"CERQUAL Qualitel Certification (anciennement Cerway) est pr\u00e9sente au Maroc depuis 2013. Partenariats, formations, certification d\u2019op\u00e9ration de construction de logements\u2026 et maintenant la pr\u00e9sence d\u2019un interlocuteur d\u00e9di\u00e9 pour \u00eatre au plus pr\u00e8s des sp\u00e9cificit\u00e9s locales.","og_url":"https:\/\/www.qualitel.org\/professionnels\/actualites\/certification-a-linternational-cerway-consolide-sa-presence-au-maroc\/","og_site_name":"Qualitel | Professionnels","article_publisher":"https:\/\/www.facebook.com\/groupequalitel\/","article_published_time":"2019-06-17T15:39:00+00:00","article_modified_time":"2022-06-23T12:38:05+00:00","og_image":[{"width":550,"height":420,"url":"https:\/\/www.qualitel.org\/professionnels\/wp\/..\/uploads\/Cerway_Maroc.jpg","type":"image\/jpeg"}],"twitter_card":"summary_large_image","twitter_description":"CERQUAL Qualitel Certification (anciennement Cerway) est pr\u00e9sente au Maroc depuis 2013. Partenariats, formations, certification d\u2019op\u00e9ration de construction de logements\u2026 et maintenant la pr\u00e9sence d\u2019un interlocuteur d\u00e9di\u00e9 pour \u00eatre au plus pr\u00e8s des sp\u00e9cificit\u00e9s locales.\n","twitter_creator":"@groupeQUALITEL","twitter_site":"@groupeQUALITEL","twitter_misc":{"Written by":""},"schema":{"@context":"https:\/\/schema.org","@graph":[{"@type":"Article","@id":"https:\/\/www.qualitel.org\/professionnels\/actualites\/certification-a-linternational-cerway-consolide-sa-presence-au-maroc\/#article","isPartOf":{"@id":"https:\/\/www.qualitel.org\/professionnels\/actualites\/certification-a-linternational-cerway-consolide-sa-presence-au-maroc\/"},"author":{"name":"","@id":""},"headline":"Certification \u00e0 l\u2019international : CERQUAL consolide sa pr\u00e9sence au Maroc","datePublished":"2019-06-17T15:39:00+00:00","dateModified":"2022-06-23T12:38:05+00:00","mainEntityOfPage":{"@id":"https:\/\/www.qualitel.org\/professionnels\/actualites\/certification-a-linternational-cerway-consolide-sa-presence-au-maroc\/"},"wordCount":10,"publisher":{"@id":"https:\/\/www.qualitel.org\/professionnels\/#organization"},"image":{"@id":"https:\/\/www.qualitel.org\/professionnels\/actualites\/certification-a-linternational-cerway-consolide-sa-presence-au-maroc\/#primaryimage"},"thumbnailUrl":"https:\/\/www.qualitel.org\/professionnels\/wp\/..\/uploads\/Cerway_Maroc.jpg","inLanguage":"fr-FR"},{"@type":"WebPage","@id":"https:\/\/www.qualitel.org\/professionnels\/actualites\/certification-a-linternational-cerway-consolide-sa-presence-au-maroc\/","url":"https:\/\/www.qualitel.org\/professionnels\/actualites\/certification-a-linternational-cerway-consolide-sa-presence-au-maroc\/","name":"Certification \u00e0 l\u2019international : CERQUAL consolide sa pr\u00e9sence au Maroc - Qualitel | Professionnels","isPartOf":{"@id":"https:\/\/www.qualitel.org\/professionnels\/#website"},"primaryImageOfPage":{"@id":"https:\/\/www.qualitel.org\/professionnels\/actualites\/certification-a-linternational-cerway-consolide-sa-presence-au-maroc\/#primaryimage"},"image":{"@id":"https:\/\/www.qualitel.org\/professionnels\/actualites\/certification-a-linternational-cerway-consolide-sa-presence-au-maroc\/#primaryimage"},"thumbnailUrl":"https:\/\/www.qualitel.org\/professionnels\/wp\/..\/uploads\/Cerway_Maroc.jpg","datePublished":"2019-06-17T15:39:00+00:00","dateModified":"2022-06-23T12:38:05+00:00","description":"CERQUAL Qualitel Certification est pr\u00e9sente au Maroc depuis 2013. Partenariats, formations, certification d\u2019op\u00e9ration de construction de logements\u2026 et maintenant la pr\u00e9sence d\u2019un interlocuteur d\u00e9di\u00e9 pour \u00eatre au plus pr\u00e8s des sp\u00e9cificit\u00e9s locales.","breadcrumb":{"@id":"https:\/\/www.qualitel.org\/professionnels\/actualites\/certification-a-linternational-cerway-consolide-sa-presence-au-maroc\/#breadcrumb"},"inLanguage":"fr-FR","potentialAction":[{"@type":"ReadAction","target":["https:\/\/www.qualitel.org\/professionnels\/actualites\/certification-a-linternational-cerway-consolide-sa-presence-au-maroc\/"]}]},{"@type":"ImageObject","inLanguage":"fr-FR","@id":"https:\/\/www.qualitel.org\/professionnels\/actualites\/certification-a-linternational-cerway-consolide-sa-presence-au-maroc\/#primaryimage","url":"https:\/\/www.qualitel.org\/professionnels\/wp\/..\/uploads\/Cerway_Maroc.jpg","contentUrl":"https:\/\/www.qualitel.org\/professionnels\/wp\/..\/uploads\/Cerway_Maroc.jpg","width":550,"height":420},{"@type":"BreadcrumbList","@id":"https:\/\/www.qualitel.org\/professionnels\/actualites\/certification-a-linternational-cerway-consolide-sa-presence-au-maroc\/#breadcrumb","itemListElement":[{"@type":"ListItem","position":1,"name":"Accueil","item":"https:\/\/www.qualitel.org\/professionnels\/"},{"@type":"ListItem","position":2,"name":"Certification \u00e0 l\u2019international&#160;: CERQUAL consolide sa pr\u00e9sence au Maroc"}]},{"@type":"WebSite","@id":"https:\/\/www.qualitel.org\/professionnels\/#website","url":"https:\/\/www.qualitel.org\/professionnels\/","name":"Qualitel | Professionnels","description":"","publisher":{"@id":"https:\/\/www.qualitel.org\/professionnels\/#organization"},"potentialAction":[{"@type":"SearchAction","target":{"@type":"EntryPoint","urlTemplate":"https:\/\/www.qualitel.org\/professionnels\/?s={search_term_string}"},"query-input":{"@type":"PropertyValueSpecification","valueRequired":true,"valueName":"search_term_string"}}],"inLanguage":"fr-FR"},{"@type":"Organization","@id":"https:\/\/www.qualitel.org\/professionnels\/#organization","name":"Qualitel","url":"https:\/\/www.qualitel.org\/professionnels\/","logo":{"@type":"ImageObject","inLanguage":"fr-FR","@id":"https:\/\/www.qualitel.org\/professionnels\/#\/schema\/logo\/image\/","url":"https:\/\/www.qualitel.org\/professionnels\/wp\/..\/uploads\/qualitel_social.jpg","contentUrl":"https:\/\/www.qualitel.org\/professionnels\/wp\/..\/uploads\/qualitel_social.jpg","width":1080,"height":1080,"caption":"Qualitel"},"image":{"@id":"https:\/\/www.qualitel.org\/professionnels\/#\/schema\/logo\/image\/"},"sameAs":["https:\/\/www.facebook.com\/groupequalitel\/","https:\/\/x.com\/groupeQUALITEL","https:\/\/www.instagram.com\/associationqualitel\/"]},{"@type":"Person","@id":""}]}},"_links":{"self":[{"href":"https:\/\/www.qualitel.org\/professionnels\/wp-json\/wp\/v2\/posts\/22642","targetHints":{"allow":["GET"]}}],"collection":[{"href":"https:\/\/www.qualitel.org\/professionnels\/wp-json\/wp\/v2\/posts"}],"about":[{"href":"https:\/\/www.qualitel.org\/professionnels\/wp-json\/wp\/v2\/types\/post"}],"author":[{"embeddable":true,"href":"https:\/\/www.qualitel.org\/professionnels\/wp-json\/wp\/v2\/users\/45"}],"replies":[{"embeddable":true,"href":"https:\/\/www.qualitel.org\/professionnels\/wp-json\/wp\/v2\/comments?post=22642"}],"version-history":[{"count":16,"href":"https:\/\/www.qualitel.org\/professionnels\/wp-json\/wp\/v2\/posts\/22642\/revisions"}],"predecessor-version":[{"id":57022,"href":"https:\/\/www.qualitel.org\/professionnels\/wp-json\/wp\/v2\/posts\/22642\/revisions\/57022"}],"wp:featuredmedia":[{"embeddable":true,"href":"https:\/\/www.qualitel.org\/professionnels\/wp-json\/wp\/v2\/media\/22643"}],"wp:attachment":[{"href":"https:\/\/www.qualitel.org\/professionnels\/wp-json\/wp\/v2\/media?parent=22642"}],"wp:term":[{"taxonomy":"tags","embeddable":true,"href":"https:\/\/www.qualitel.org\/professionnels\/wp-json\/wp\/v2\/tags?post=22642"},{"taxonomy":"etiquettes","embeddable":true,"href":"https:\/\/www.qualitel.org\/professionnels\/wp-json\/wp\/v2\/tags?post=22642"},{"taxonomy":"article_type","embeddable":true,"href":"https:\/\/www.qualitel.org\/professionnels\/wp-json\/wp\/v2\/article_type?post=22642"}],"curies":[{"name":"wp","href":"https:\/\/api.w.org\/{rel}","templated":true}]}}