{"id":22673,"date":"2019-02-18T11:43:28","date_gmt":"2019-02-18T10:43:28","guid":{"rendered":"https:\/\/www.qualitel.org\/professionnels\/?p=22673"},"modified":"2022-05-31T12:11:03","modified_gmt":"2022-05-31T10:11:03","slug":"qualitel-et-la-fnaim-collaborent-pour-former-les-coproprietes-a-la-renovation-energetique","status":"publish","type":"post","link":"https:\/\/www.qualitel.org\/professionnels\/actualites\/qualitel-et-la-fnaim-collaborent-pour-former-les-coproprietes-a-la-renovation-energetique\/","title":{"rendered":"QUALITEL et la FNAIM collaborent pour former les copropri\u00e9t\u00e9s \u00e0 la r\u00e9novation \u00e9nerg\u00e9tique"},"content":{"rendered":"","protected":false},"excerpt":{"rendered":"","protected":false},"author":45,"featured_media":22674,"comment_status":"closed","ping_status":"closed","sticky":false,"template":"","format":"standard","meta":{"_acf_changed":false,"footnotes":""},"tags":[386],"article_type":[368],"class_list":["post-22673","post","type-post","status-publish","format-standard","has-post-thumbnail","hentry","tags-copropriete","tags-expertise","etiquettes-perspective","article_type-actualites"],"acf":[],"yoast_head":"<!-- This site is optimized with the Yoast SEO plugin v26.3 - https:\/\/yoast.com\/wordpress\/plugins\/seo\/ -->\n<title>QUALITEL et la FNAIM collaborent pour former les copropri\u00e9t\u00e9s \u00e0 la r\u00e9novation \u00e9nerg\u00e9tique - Qualitel | Professionnels<\/title>\n<meta name=\"description\" content=\"Les deux structures ont remport\u00e9 un appel \u00e0 projet lanc\u00e9 par le minist\u00e8re de la Transition \u00e9cologique et solidaire. Objectif\u00a0: informer et former les acteurs de la copropri\u00e9t\u00e9 sur les enjeux des \u00e9conomies d\u2019\u00e9nergie.\" \/>\n<meta name=\"robots\" content=\"index, follow, max-snippet:-1, max-image-preview:large, max-video-preview:-1\" \/>\n<link rel=\"canonical\" href=\"https:\/\/www.qualitel.org\/professionnels\/actualites\/qualitel-et-la-fnaim-collaborent-pour-former-les-coproprietes-a-la-renovation-energetique\/\" \/>\n<meta property=\"og:locale\" content=\"fr_FR\" \/>\n<meta property=\"og:type\" content=\"article\" \/>\n<meta property=\"og:title\" content=\"QUALITEL et la FNAIM collaborent pour former les copropri\u00e9t\u00e9s \u00e0 la r\u00e9novation \u00e9nerg\u00e9tique - Qualitel | Professionnels\" \/>\n<meta property=\"og:description\" content=\"Les deux structures ont remport\u00e9 un appel \u00e0 projet lanc\u00e9 par le minist\u00e8re de la Transition \u00e9cologique et solidaire. Objectif\u00a0: informer et former les acteurs de la copropri\u00e9t\u00e9 sur les enjeux des \u00e9conomies d\u2019\u00e9nergie.\" \/>\n<meta property=\"og:url\" content=\"https:\/\/www.qualitel.org\/professionnels\/actualites\/qualitel-et-la-fnaim-collaborent-pour-former-les-coproprietes-a-la-renovation-energetique\/\" \/>\n<meta property=\"og:site_name\" content=\"Qualitel | Professionnels\" \/>\n<meta property=\"article:publisher\" content=\"https:\/\/www.facebook.com\/groupequalitel\/\" \/>\n<meta property=\"article:published_time\" content=\"2019-02-18T10:43:28+00:00\" \/>\n<meta property=\"article:modified_time\" content=\"2022-05-31T10:11:03+00:00\" \/>\n<meta property=\"og:image\" content=\"https:\/\/www.qualitel.org\/professionnels\/wp\/..\/uploads\/transition_energetique.jpg\" \/>\n\t<meta property=\"og:image:width\" content=\"550\" \/>\n\t<meta property=\"og:image:height\" content=\"420\" \/>\n\t<meta property=\"og:image:type\" content=\"image\/jpeg\" \/>\n<meta name=\"twitter:card\" content=\"summary_large_image\" \/>\n<meta name=\"twitter:description\" content=\"Les deux structures ont remport\u00e9 un appel \u00e0 projet lanc\u00e9 par le minist\u00e8re de la Transition \u00e9cologique et solidaire. Objectif\u00a0: informer et former les acteurs de la copropri\u00e9t\u00e9 sur les enjeux des \u00e9conomies d\u2019\u00e9nergie.\n\" \/>\n<meta name=\"twitter:creator\" content=\"@groupeQUALITEL\" \/>\n<meta name=\"twitter:site\" content=\"@groupeQUALITEL\" \/>\n<meta name=\"twitter:label1\" content=\"Written by\" \/>\n\t<meta name=\"twitter:data1\" content=\"\" \/>\n<script type=\"application\/ld+json\" class=\"yoast-schema-graph\">{\"@context\":\"https:\/\/schema.org\",\"@graph\":[{\"@type\":\"Article\",\"@id\":\"https:\/\/www.qualitel.org\/professionnels\/actualites\/qualitel-et-la-fnaim-collaborent-pour-former-les-coproprietes-a-la-renovation-energetique\/#article\",\"isPartOf\":{\"@id\":\"https:\/\/www.qualitel.org\/professionnels\/actualites\/qualitel-et-la-fnaim-collaborent-pour-former-les-coproprietes-a-la-renovation-energetique\/\"},\"author\":{\"name\":\"\",\"@id\":\"\"},\"headline\":\"QUALITEL et la FNAIM collaborent pour former les copropri\u00e9t\u00e9s \u00e0 la r\u00e9novation \u00e9nerg\u00e9tique\",\"datePublished\":\"2019-02-18T10:43:28+00:00\",\"dateModified\":\"2022-05-31T10:11:03+00:00\",\"mainEntityOfPage\":{\"@id\":\"https:\/\/www.qualitel.org\/professionnels\/actualites\/qualitel-et-la-fnaim-collaborent-pour-former-les-coproprietes-a-la-renovation-energetique\/\"},\"wordCount\":16,\"publisher\":{\"@id\":\"https:\/\/www.qualitel.org\/professionnels\/#organization\"},\"image\":{\"@id\":\"https:\/\/www.qualitel.org\/professionnels\/actualites\/qualitel-et-la-fnaim-collaborent-pour-former-les-coproprietes-a-la-renovation-energetique\/#primaryimage\"},\"thumbnailUrl\":\"https:\/\/www.qualitel.org\/professionnels\/wp\/..\/uploads\/transition_energetique.jpg\",\"inLanguage\":\"fr-FR\"},{\"@type\":\"WebPage\",\"@id\":\"https:\/\/www.qualitel.org\/professionnels\/actualites\/qualitel-et-la-fnaim-collaborent-pour-former-les-coproprietes-a-la-renovation-energetique\/\",\"url\":\"https:\/\/www.qualitel.org\/professionnels\/actualites\/qualitel-et-la-fnaim-collaborent-pour-former-les-coproprietes-a-la-renovation-energetique\/\",\"name\":\"QUALITEL et la FNAIM collaborent pour former les copropri\u00e9t\u00e9s \u00e0 la r\u00e9novation \u00e9nerg\u00e9tique - Qualitel | Professionnels\",\"isPartOf\":{\"@id\":\"https:\/\/www.qualitel.org\/professionnels\/#website\"},\"primaryImageOfPage\":{\"@id\":\"https:\/\/www.qualitel.org\/professionnels\/actualites\/qualitel-et-la-fnaim-collaborent-pour-former-les-coproprietes-a-la-renovation-energetique\/#primaryimage\"},\"image\":{\"@id\":\"https:\/\/www.qualitel.org\/professionnels\/actualites\/qualitel-et-la-fnaim-collaborent-pour-former-les-coproprietes-a-la-renovation-energetique\/#primaryimage\"},\"thumbnailUrl\":\"https:\/\/www.qualitel.org\/professionnels\/wp\/..\/uploads\/transition_energetique.jpg\",\"datePublished\":\"2019-02-18T10:43:28+00:00\",\"dateModified\":\"2022-05-31T10:11:03+00:00\",\"description\":\"Les deux structures ont remport\u00e9 un appel \u00e0 projet lanc\u00e9 par le minist\u00e8re de la Transition \u00e9cologique et solidaire. Objectif\u00a0: informer et former les acteurs de la copropri\u00e9t\u00e9 sur les enjeux des \u00e9conomies d\u2019\u00e9nergie.\",\"breadcrumb\":{\"@id\":\"https:\/\/www.qualitel.org\/professionnels\/actualites\/qualitel-et-la-fnaim-collaborent-pour-former-les-coproprietes-a-la-renovation-energetique\/#breadcrumb\"},\"inLanguage\":\"fr-FR\",\"potentialAction\":[{\"@type\":\"ReadAction\",\"target\":[\"https:\/\/www.qualitel.org\/professionnels\/actualites\/qualitel-et-la-fnaim-collaborent-pour-former-les-coproprietes-a-la-renovation-energetique\/\"]}]},{\"@type\":\"ImageObject\",\"inLanguage\":\"fr-FR\",\"@id\":\"https:\/\/www.qualitel.org\/professionnels\/actualites\/qualitel-et-la-fnaim-collaborent-pour-former-les-coproprietes-a-la-renovation-energetique\/#primaryimage\",\"url\":\"https:\/\/www.qualitel.org\/professionnels\/wp\/..\/uploads\/transition_energetique.jpg\",\"contentUrl\":\"https:\/\/www.qualitel.org\/professionnels\/wp\/..\/uploads\/transition_energetique.jpg\",\"width\":550,\"height\":420},{\"@type\":\"BreadcrumbList\",\"@id\":\"https:\/\/www.qualitel.org\/professionnels\/actualites\/qualitel-et-la-fnaim-collaborent-pour-former-les-coproprietes-a-la-renovation-energetique\/#breadcrumb\",\"itemListElement\":[{\"@type\":\"ListItem\",\"position\":1,\"name\":\"Accueil\",\"item\":\"https:\/\/www.qualitel.org\/professionnels\/\"},{\"@type\":\"ListItem\",\"position\":2,\"name\":\"QUALITEL et la FNAIM collaborent pour former les copropri\u00e9t\u00e9s \u00e0 la r\u00e9novation \u00e9nerg\u00e9tique\"}]},{\"@type\":\"WebSite\",\"@id\":\"https:\/\/www.qualitel.org\/professionnels\/#website\",\"url\":\"https:\/\/www.qualitel.org\/professionnels\/\",\"name\":\"Qualitel | Professionnels\",\"description\":\"\",\"publisher\":{\"@id\":\"https:\/\/www.qualitel.org\/professionnels\/#organization\"},\"potentialAction\":[{\"@type\":\"SearchAction\",\"target\":{\"@type\":\"EntryPoint\",\"urlTemplate\":\"https:\/\/www.qualitel.org\/professionnels\/?s={search_term_string}\"},\"query-input\":{\"@type\":\"PropertyValueSpecification\",\"valueRequired\":true,\"valueName\":\"search_term_string\"}}],\"inLanguage\":\"fr-FR\"},{\"@type\":\"Organization\",\"@id\":\"https:\/\/www.qualitel.org\/professionnels\/#organization\",\"name\":\"Qualitel\",\"url\":\"https:\/\/www.qualitel.org\/professionnels\/\",\"logo\":{\"@type\":\"ImageObject\",\"inLanguage\":\"fr-FR\",\"@id\":\"https:\/\/www.qualitel.org\/professionnels\/#\/schema\/logo\/image\/\",\"url\":\"https:\/\/www.qualitel.org\/professionnels\/wp\/..\/uploads\/qualitel_social.jpg\",\"contentUrl\":\"https:\/\/www.qualitel.org\/professionnels\/wp\/..\/uploads\/qualitel_social.jpg\",\"width\":1080,\"height\":1080,\"caption\":\"Qualitel\"},\"image\":{\"@id\":\"https:\/\/www.qualitel.org\/professionnels\/#\/schema\/logo\/image\/\"},\"sameAs\":[\"https:\/\/www.facebook.com\/groupequalitel\/\",\"https:\/\/x.com\/groupeQUALITEL\",\"https:\/\/www.instagram.com\/associationqualitel\/\"]},{\"@type\":\"Person\",\"@id\":\"\"}]}<\/script>\n<!-- \/ Yoast SEO plugin. -->","yoast_head_json":{"title":"QUALITEL et la FNAIM collaborent pour former les copropri\u00e9t\u00e9s \u00e0 la r\u00e9novation \u00e9nerg\u00e9tique - Qualitel | Professionnels","description":"Les deux structures ont remport\u00e9 un appel \u00e0 projet lanc\u00e9 par le minist\u00e8re de la Transition \u00e9cologique et solidaire. Objectif\u00a0: informer et former les acteurs de la copropri\u00e9t\u00e9 sur les enjeux des \u00e9conomies d\u2019\u00e9nergie.","robots":{"index":"index","follow":"follow","max-snippet":"max-snippet:-1","max-image-preview":"max-image-preview:large","max-video-preview":"max-video-preview:-1"},"canonical":"https:\/\/www.qualitel.org\/professionnels\/actualites\/qualitel-et-la-fnaim-collaborent-pour-former-les-coproprietes-a-la-renovation-energetique\/","og_locale":"fr_FR","og_type":"article","og_title":"QUALITEL et la FNAIM collaborent pour former les copropri\u00e9t\u00e9s \u00e0 la r\u00e9novation \u00e9nerg\u00e9tique - Qualitel | Professionnels","og_description":"Les deux structures ont remport\u00e9 un appel \u00e0 projet lanc\u00e9 par le minist\u00e8re de la Transition \u00e9cologique et solidaire. Objectif\u00a0: informer et former les acteurs de la copropri\u00e9t\u00e9 sur les enjeux des \u00e9conomies d\u2019\u00e9nergie.","og_url":"https:\/\/www.qualitel.org\/professionnels\/actualites\/qualitel-et-la-fnaim-collaborent-pour-former-les-coproprietes-a-la-renovation-energetique\/","og_site_name":"Qualitel | Professionnels","article_publisher":"https:\/\/www.facebook.com\/groupequalitel\/","article_published_time":"2019-02-18T10:43:28+00:00","article_modified_time":"2022-05-31T10:11:03+00:00","og_image":[{"width":550,"height":420,"url":"https:\/\/www.qualitel.org\/professionnels\/wp\/..\/uploads\/transition_energetique.jpg","type":"image\/jpeg"}],"twitter_card":"summary_large_image","twitter_description":"Les deux structures ont remport\u00e9 un appel \u00e0 projet lanc\u00e9 par le minist\u00e8re de la Transition \u00e9cologique et solidaire. Objectif\u00a0: informer et former les acteurs de la copropri\u00e9t\u00e9 sur les enjeux des \u00e9conomies d\u2019\u00e9nergie.\n","twitter_creator":"@groupeQUALITEL","twitter_site":"@groupeQUALITEL","twitter_misc":{"Written by":""},"schema":{"@context":"https:\/\/schema.org","@graph":[{"@type":"Article","@id":"https:\/\/www.qualitel.org\/professionnels\/actualites\/qualitel-et-la-fnaim-collaborent-pour-former-les-coproprietes-a-la-renovation-energetique\/#article","isPartOf":{"@id":"https:\/\/www.qualitel.org\/professionnels\/actualites\/qualitel-et-la-fnaim-collaborent-pour-former-les-coproprietes-a-la-renovation-energetique\/"},"author":{"name":"","@id":""},"headline":"QUALITEL et la FNAIM collaborent pour former les copropri\u00e9t\u00e9s \u00e0 la r\u00e9novation \u00e9nerg\u00e9tique","datePublished":"2019-02-18T10:43:28+00:00","dateModified":"2022-05-31T10:11:03+00:00","mainEntityOfPage":{"@id":"https:\/\/www.qualitel.org\/professionnels\/actualites\/qualitel-et-la-fnaim-collaborent-pour-former-les-coproprietes-a-la-renovation-energetique\/"},"wordCount":16,"publisher":{"@id":"https:\/\/www.qualitel.org\/professionnels\/#organization"},"image":{"@id":"https:\/\/www.qualitel.org\/professionnels\/actualites\/qualitel-et-la-fnaim-collaborent-pour-former-les-coproprietes-a-la-renovation-energetique\/#primaryimage"},"thumbnailUrl":"https:\/\/www.qualitel.org\/professionnels\/wp\/..\/uploads\/transition_energetique.jpg","inLanguage":"fr-FR"},{"@type":"WebPage","@id":"https:\/\/www.qualitel.org\/professionnels\/actualites\/qualitel-et-la-fnaim-collaborent-pour-former-les-coproprietes-a-la-renovation-energetique\/","url":"https:\/\/www.qualitel.org\/professionnels\/actualites\/qualitel-et-la-fnaim-collaborent-pour-former-les-coproprietes-a-la-renovation-energetique\/","name":"QUALITEL et la FNAIM collaborent pour former les copropri\u00e9t\u00e9s \u00e0 la r\u00e9novation \u00e9nerg\u00e9tique - Qualitel | Professionnels","isPartOf":{"@id":"https:\/\/www.qualitel.org\/professionnels\/#website"},"primaryImageOfPage":{"@id":"https:\/\/www.qualitel.org\/professionnels\/actualites\/qualitel-et-la-fnaim-collaborent-pour-former-les-coproprietes-a-la-renovation-energetique\/#primaryimage"},"image":{"@id":"https:\/\/www.qualitel.org\/professionnels\/actualites\/qualitel-et-la-fnaim-collaborent-pour-former-les-coproprietes-a-la-renovation-energetique\/#primaryimage"},"thumbnailUrl":"https:\/\/www.qualitel.org\/professionnels\/wp\/..\/uploads\/transition_energetique.jpg","datePublished":"2019-02-18T10:43:28+00:00","dateModified":"2022-05-31T10:11:03+00:00","description":"Les deux structures ont remport\u00e9 un appel \u00e0 projet lanc\u00e9 par le minist\u00e8re de la Transition \u00e9cologique et solidaire. Objectif\u00a0: informer et former les acteurs de la copropri\u00e9t\u00e9 sur les enjeux des \u00e9conomies d\u2019\u00e9nergie.","breadcrumb":{"@id":"https:\/\/www.qualitel.org\/professionnels\/actualites\/qualitel-et-la-fnaim-collaborent-pour-former-les-coproprietes-a-la-renovation-energetique\/#breadcrumb"},"inLanguage":"fr-FR","potentialAction":[{"@type":"ReadAction","target":["https:\/\/www.qualitel.org\/professionnels\/actualites\/qualitel-et-la-fnaim-collaborent-pour-former-les-coproprietes-a-la-renovation-energetique\/"]}]},{"@type":"ImageObject","inLanguage":"fr-FR","@id":"https:\/\/www.qualitel.org\/professionnels\/actualites\/qualitel-et-la-fnaim-collaborent-pour-former-les-coproprietes-a-la-renovation-energetique\/#primaryimage","url":"https:\/\/www.qualitel.org\/professionnels\/wp\/..\/uploads\/transition_energetique.jpg","contentUrl":"https:\/\/www.qualitel.org\/professionnels\/wp\/..\/uploads\/transition_energetique.jpg","width":550,"height":420},{"@type":"BreadcrumbList","@id":"https:\/\/www.qualitel.org\/professionnels\/actualites\/qualitel-et-la-fnaim-collaborent-pour-former-les-coproprietes-a-la-renovation-energetique\/#breadcrumb","itemListElement":[{"@type":"ListItem","position":1,"name":"Accueil","item":"https:\/\/www.qualitel.org\/professionnels\/"},{"@type":"ListItem","position":2,"name":"QUALITEL et la FNAIM collaborent pour former les copropri\u00e9t\u00e9s \u00e0 la r\u00e9novation \u00e9nerg\u00e9tique"}]},{"@type":"WebSite","@id":"https:\/\/www.qualitel.org\/professionnels\/#website","url":"https:\/\/www.qualitel.org\/professionnels\/","name":"Qualitel | Professionnels","description":"","publisher":{"@id":"https:\/\/www.qualitel.org\/professionnels\/#organization"},"potentialAction":[{"@type":"SearchAction","target":{"@type":"EntryPoint","urlTemplate":"https:\/\/www.qualitel.org\/professionnels\/?s={search_term_string}"},"query-input":{"@type":"PropertyValueSpecification","valueRequired":true,"valueName":"search_term_string"}}],"inLanguage":"fr-FR"},{"@type":"Organization","@id":"https:\/\/www.qualitel.org\/professionnels\/#organization","name":"Qualitel","url":"https:\/\/www.qualitel.org\/professionnels\/","logo":{"@type":"ImageObject","inLanguage":"fr-FR","@id":"https:\/\/www.qualitel.org\/professionnels\/#\/schema\/logo\/image\/","url":"https:\/\/www.qualitel.org\/professionnels\/wp\/..\/uploads\/qualitel_social.jpg","contentUrl":"https:\/\/www.qualitel.org\/professionnels\/wp\/..\/uploads\/qualitel_social.jpg","width":1080,"height":1080,"caption":"Qualitel"},"image":{"@id":"https:\/\/www.qualitel.org\/professionnels\/#\/schema\/logo\/image\/"},"sameAs":["https:\/\/www.facebook.com\/groupequalitel\/","https:\/\/x.com\/groupeQUALITEL","https:\/\/www.instagram.com\/associationqualitel\/"]},{"@type":"Person","@id":""}]}},"_links":{"self":[{"href":"https:\/\/www.qualitel.org\/professionnels\/wp-json\/wp\/v2\/posts\/22673","targetHints":{"allow":["GET"]}}],"collection":[{"href":"https:\/\/www.qualitel.org\/professionnels\/wp-json\/wp\/v2\/posts"}],"about":[{"href":"https:\/\/www.qualitel.org\/professionnels\/wp-json\/wp\/v2\/types\/post"}],"author":[{"embeddable":true,"href":"https:\/\/www.qualitel.org\/professionnels\/wp-json\/wp\/v2\/users\/45"}],"replies":[{"embeddable":true,"href":"https:\/\/www.qualitel.org\/professionnels\/wp-json\/wp\/v2\/comments?post=22673"}],"version-history":[{"count":14,"href":"https:\/\/www.qualitel.org\/professionnels\/wp-json\/wp\/v2\/posts\/22673\/revisions"}],"predecessor-version":[{"id":55855,"href":"https:\/\/www.qualitel.org\/professionnels\/wp-json\/wp\/v2\/posts\/22673\/revisions\/55855"}],"wp:featuredmedia":[{"embeddable":true,"href":"https:\/\/www.qualitel.org\/professionnels\/wp-json\/wp\/v2\/media\/22674"}],"wp:attachment":[{"href":"https:\/\/www.qualitel.org\/professionnels\/wp-json\/wp\/v2\/media?parent=22673"}],"wp:term":[{"taxonomy":"tags","embeddable":true,"href":"https:\/\/www.qualitel.org\/professionnels\/wp-json\/wp\/v2\/tags?post=22673"},{"taxonomy":"etiquettes","embeddable":true,"href":"https:\/\/www.qualitel.org\/professionnels\/wp-json\/wp\/v2\/tags?post=22673"},{"taxonomy":"article_type","embeddable":true,"href":"https:\/\/www.qualitel.org\/professionnels\/wp-json\/wp\/v2\/article_type?post=22673"}],"curies":[{"name":"wp","href":"https:\/\/api.w.org\/{rel}","templated":true}]}}