{"id":22677,"date":"2019-02-18T11:48:18","date_gmt":"2019-02-18T10:48:18","guid":{"rendered":"https:\/\/www.qualitel.org\/professionnels\/?p=22677"},"modified":"2024-10-17T16:31:21","modified_gmt":"2024-10-17T14:31:21","slug":"les-nouvelles-signatures-pour-nf-habitat-en-2018","status":"publish","type":"post","link":"https:\/\/www.qualitel.org\/professionnels\/les-nouvelles-signatures-pour-nf-habitat-en-2018\/","title":{"rendered":"Les nouvelles signatures pour NF Habitat en 2018"},"content":{"rendered":"","protected":false},"excerpt":{"rendered":"","protected":false},"author":45,"featured_media":22678,"comment_status":"closed","ping_status":"closed","sticky":false,"template":"","format":"standard","meta":{"_acf_changed":false,"footnotes":""},"tags":[420],"article_type":[368],"class_list":["post-22677","post","type-post","status-publish","format-standard","has-post-thumbnail","hentry","tags-certification","tags-developpement","etiquettes-signature","article_type-actualites"],"acf":[],"yoast_head":"<!-- This site is optimized with the Yoast SEO plugin v26.3 - https:\/\/yoast.com\/wordpress\/plugins\/seo\/ -->\n<title>Les nouvelles signatures pour NF Habitat en 2018 - Qualitel | Professionnels<\/title>\n<meta name=\"description\" content=\"L\u2019ann\u00e9e 2018 a \u00e9t\u00e9 ponctu\u00e9e de signatures avec des promoteurs, constructeurs, bailleurs, collectivit\u00e9s et syndics de copropri\u00e9t\u00e9, et marqu\u00e9e par le d\u00e9veloppement de l\u2019activit\u00e9 en outremer. Avec pr\u00e8s de 350 acteurs engag\u00e9s \u00e0 fin 2018, la certification NF Habitat - NF Habitat HQE d\u00e9montre une nouvelle fois qu\u2019elle sait r\u00e9pondre aux attentes des professionnels du secteur.\" \/>\n<meta name=\"robots\" content=\"index, follow, max-snippet:-1, max-image-preview:large, max-video-preview:-1\" \/>\n<link rel=\"canonical\" href=\"https:\/\/www.qualitel.org\/professionnels\/les-nouvelles-signatures-pour-nf-habitat-en-2018\/\" \/>\n<meta property=\"og:locale\" content=\"fr_FR\" \/>\n<meta property=\"og:type\" content=\"article\" \/>\n<meta property=\"og:title\" content=\"Les nouvelles signatures pour NF Habitat en 2018 - Qualitel | Professionnels\" \/>\n<meta property=\"og:description\" content=\"L\u2019ann\u00e9e 2018 a \u00e9t\u00e9 ponctu\u00e9e de signatures avec des promoteurs, constructeurs, bailleurs, collectivit\u00e9s et syndics de copropri\u00e9t\u00e9, et marqu\u00e9e par le d\u00e9veloppement de l\u2019activit\u00e9 en outremer. Avec pr\u00e8s de 350 acteurs engag\u00e9s \u00e0 fin 2018, la certification NF Habitat &#8211; NF Habitat HQE d\u00e9montre une nouvelle fois qu\u2019elle sait r\u00e9pondre aux attentes des professionnels du secteur.\" \/>\n<meta property=\"og:url\" content=\"https:\/\/www.qualitel.org\/professionnels\/les-nouvelles-signatures-pour-nf-habitat-en-2018\/\" \/>\n<meta property=\"og:site_name\" content=\"Qualitel | Professionnels\" \/>\n<meta property=\"article:publisher\" content=\"https:\/\/www.facebook.com\/groupequalitel\/\" \/>\n<meta property=\"article:published_time\" content=\"2019-02-18T10:48:18+00:00\" \/>\n<meta property=\"article:modified_time\" content=\"2024-10-17T14:31:21+00:00\" \/>\n<meta property=\"og:image\" content=\"https:\/\/www.qualitel.org\/professionnels\/wp\/..\/uploads\/signatures_2018.jpg\" \/>\n\t<meta property=\"og:image:width\" content=\"700\" \/>\n\t<meta property=\"og:image:height\" content=\"525\" \/>\n\t<meta property=\"og:image:type\" content=\"image\/jpeg\" \/>\n<meta name=\"twitter:card\" content=\"summary_large_image\" \/>\n<meta name=\"twitter:description\" content=\"L\u2019ann\u00e9e 2018 a \u00e9t\u00e9 ponctu\u00e9e de signatures avec des promoteurs, constructeurs, bailleurs, collectivit\u00e9s et syndics de copropri\u00e9t\u00e9, et marqu\u00e9e par le d\u00e9veloppement de l\u2019activit\u00e9 en outremer. Avec pr\u00e8s de 350 acteurs engag\u00e9s \u00e0 fin 2018, la certification NF Habitat &#8211; NF Habitat HQE d\u00e9montre une nouvelle fois qu\u2019elle sait r\u00e9pondre aux attentes des professionnels du secteur.\n\" \/>\n<meta name=\"twitter:creator\" content=\"@groupeQUALITEL\" \/>\n<meta name=\"twitter:site\" content=\"@groupeQUALITEL\" \/>\n<meta name=\"twitter:label1\" content=\"Written by\" \/>\n\t<meta name=\"twitter:data1\" content=\"\" \/>\n\t<meta name=\"twitter:label2\" content=\"Est. reading time\" \/>\n\t<meta name=\"twitter:data2\" content=\"2 minutes\" \/>\n<script type=\"application\/ld+json\" class=\"yoast-schema-graph\">{\"@context\":\"https:\/\/schema.org\",\"@graph\":[{\"@type\":\"Article\",\"@id\":\"https:\/\/www.qualitel.org\/professionnels\/les-nouvelles-signatures-pour-nf-habitat-en-2018\/#article\",\"isPartOf\":{\"@id\":\"https:\/\/www.qualitel.org\/professionnels\/les-nouvelles-signatures-pour-nf-habitat-en-2018\/\"},\"author\":{\"name\":\"\",\"@id\":\"\"},\"headline\":\"Les nouvelles signatures pour NF Habitat en 2018\",\"datePublished\":\"2019-02-18T10:48:18+00:00\",\"dateModified\":\"2024-10-17T14:31:21+00:00\",\"mainEntityOfPage\":{\"@id\":\"https:\/\/www.qualitel.org\/professionnels\/les-nouvelles-signatures-pour-nf-habitat-en-2018\/\"},\"wordCount\":7,\"publisher\":{\"@id\":\"https:\/\/www.qualitel.org\/professionnels\/#organization\"},\"image\":{\"@id\":\"https:\/\/www.qualitel.org\/professionnels\/les-nouvelles-signatures-pour-nf-habitat-en-2018\/#primaryimage\"},\"thumbnailUrl\":\"https:\/\/www.qualitel.org\/professionnels\/wp\/..\/uploads\/signatures_2018.jpg\",\"inLanguage\":\"fr-FR\"},{\"@type\":\"WebPage\",\"@id\":\"https:\/\/www.qualitel.org\/professionnels\/les-nouvelles-signatures-pour-nf-habitat-en-2018\/\",\"url\":\"https:\/\/www.qualitel.org\/professionnels\/les-nouvelles-signatures-pour-nf-habitat-en-2018\/\",\"name\":\"Les nouvelles signatures pour NF Habitat en 2018 - Qualitel | Professionnels\",\"isPartOf\":{\"@id\":\"https:\/\/www.qualitel.org\/professionnels\/#website\"},\"primaryImageOfPage\":{\"@id\":\"https:\/\/www.qualitel.org\/professionnels\/les-nouvelles-signatures-pour-nf-habitat-en-2018\/#primaryimage\"},\"image\":{\"@id\":\"https:\/\/www.qualitel.org\/professionnels\/les-nouvelles-signatures-pour-nf-habitat-en-2018\/#primaryimage\"},\"thumbnailUrl\":\"https:\/\/www.qualitel.org\/professionnels\/wp\/..\/uploads\/signatures_2018.jpg\",\"datePublished\":\"2019-02-18T10:48:18+00:00\",\"dateModified\":\"2024-10-17T14:31:21+00:00\",\"description\":\"L\u2019ann\u00e9e 2018 a \u00e9t\u00e9 ponctu\u00e9e de signatures avec des promoteurs, constructeurs, bailleurs, collectivit\u00e9s et syndics de copropri\u00e9t\u00e9, et marqu\u00e9e par le d\u00e9veloppement de l\u2019activit\u00e9 en outremer. Avec pr\u00e8s de 350 acteurs engag\u00e9s \u00e0 fin 2018, la certification NF Habitat - NF Habitat HQE d\u00e9montre une nouvelle fois qu\u2019elle sait r\u00e9pondre aux attentes des professionnels du secteur.\",\"breadcrumb\":{\"@id\":\"https:\/\/www.qualitel.org\/professionnels\/les-nouvelles-signatures-pour-nf-habitat-en-2018\/#breadcrumb\"},\"inLanguage\":\"fr-FR\",\"potentialAction\":[{\"@type\":\"ReadAction\",\"target\":[\"https:\/\/www.qualitel.org\/professionnels\/les-nouvelles-signatures-pour-nf-habitat-en-2018\/\"]}]},{\"@type\":\"ImageObject\",\"inLanguage\":\"fr-FR\",\"@id\":\"https:\/\/www.qualitel.org\/professionnels\/les-nouvelles-signatures-pour-nf-habitat-en-2018\/#primaryimage\",\"url\":\"https:\/\/www.qualitel.org\/professionnels\/wp\/..\/uploads\/signatures_2018.jpg\",\"contentUrl\":\"https:\/\/www.qualitel.org\/professionnels\/wp\/..\/uploads\/signatures_2018.jpg\",\"width\":700,\"height\":525},{\"@type\":\"BreadcrumbList\",\"@id\":\"https:\/\/www.qualitel.org\/professionnels\/les-nouvelles-signatures-pour-nf-habitat-en-2018\/#breadcrumb\",\"itemListElement\":[{\"@type\":\"ListItem\",\"position\":1,\"name\":\"Accueil\",\"item\":\"https:\/\/www.qualitel.org\/professionnels\/\"},{\"@type\":\"ListItem\",\"position\":2,\"name\":\"Les nouvelles signatures pour NF Habitat en 2018\"}]},{\"@type\":\"WebSite\",\"@id\":\"https:\/\/www.qualitel.org\/professionnels\/#website\",\"url\":\"https:\/\/www.qualitel.org\/professionnels\/\",\"name\":\"Qualitel | Professionnels\",\"description\":\"\",\"publisher\":{\"@id\":\"https:\/\/www.qualitel.org\/professionnels\/#organization\"},\"potentialAction\":[{\"@type\":\"SearchAction\",\"target\":{\"@type\":\"EntryPoint\",\"urlTemplate\":\"https:\/\/www.qualitel.org\/professionnels\/?s={search_term_string}\"},\"query-input\":{\"@type\":\"PropertyValueSpecification\",\"valueRequired\":true,\"valueName\":\"search_term_string\"}}],\"inLanguage\":\"fr-FR\"},{\"@type\":\"Organization\",\"@id\":\"https:\/\/www.qualitel.org\/professionnels\/#organization\",\"name\":\"Qualitel\",\"url\":\"https:\/\/www.qualitel.org\/professionnels\/\",\"logo\":{\"@type\":\"ImageObject\",\"inLanguage\":\"fr-FR\",\"@id\":\"https:\/\/www.qualitel.org\/professionnels\/#\/schema\/logo\/image\/\",\"url\":\"https:\/\/www.qualitel.org\/professionnels\/wp\/..\/uploads\/qualitel_social.jpg\",\"contentUrl\":\"https:\/\/www.qualitel.org\/professionnels\/wp\/..\/uploads\/qualitel_social.jpg\",\"width\":1080,\"height\":1080,\"caption\":\"Qualitel\"},\"image\":{\"@id\":\"https:\/\/www.qualitel.org\/professionnels\/#\/schema\/logo\/image\/\"},\"sameAs\":[\"https:\/\/www.facebook.com\/groupequalitel\/\",\"https:\/\/x.com\/groupeQUALITEL\",\"https:\/\/www.instagram.com\/associationqualitel\/\"]},{\"@type\":\"Person\",\"@id\":\"\"}]}<\/script>\n<!-- \/ Yoast SEO plugin. -->","yoast_head_json":{"title":"Les nouvelles signatures pour NF Habitat en 2018 - Qualitel | Professionnels","description":"L\u2019ann\u00e9e 2018 a \u00e9t\u00e9 ponctu\u00e9e de signatures avec des promoteurs, constructeurs, bailleurs, collectivit\u00e9s et syndics de copropri\u00e9t\u00e9, et marqu\u00e9e par le d\u00e9veloppement de l\u2019activit\u00e9 en outremer. Avec pr\u00e8s de 350 acteurs engag\u00e9s \u00e0 fin 2018, la certification NF Habitat - NF Habitat HQE d\u00e9montre une nouvelle fois qu\u2019elle sait r\u00e9pondre aux attentes des professionnels du secteur.","robots":{"index":"index","follow":"follow","max-snippet":"max-snippet:-1","max-image-preview":"max-image-preview:large","max-video-preview":"max-video-preview:-1"},"canonical":"https:\/\/www.qualitel.org\/professionnels\/les-nouvelles-signatures-pour-nf-habitat-en-2018\/","og_locale":"fr_FR","og_type":"article","og_title":"Les nouvelles signatures pour NF Habitat en 2018 - Qualitel | Professionnels","og_description":"L\u2019ann\u00e9e 2018 a \u00e9t\u00e9 ponctu\u00e9e de signatures avec des promoteurs, constructeurs, bailleurs, collectivit\u00e9s et syndics de copropri\u00e9t\u00e9, et marqu\u00e9e par le d\u00e9veloppement de l\u2019activit\u00e9 en outremer. Avec pr\u00e8s de 350 acteurs engag\u00e9s \u00e0 fin 2018, la certification NF Habitat &#8211; NF Habitat HQE d\u00e9montre une nouvelle fois qu\u2019elle sait r\u00e9pondre aux attentes des professionnels du secteur.","og_url":"https:\/\/www.qualitel.org\/professionnels\/les-nouvelles-signatures-pour-nf-habitat-en-2018\/","og_site_name":"Qualitel | Professionnels","article_publisher":"https:\/\/www.facebook.com\/groupequalitel\/","article_published_time":"2019-02-18T10:48:18+00:00","article_modified_time":"2024-10-17T14:31:21+00:00","og_image":[{"width":700,"height":525,"url":"https:\/\/www.qualitel.org\/professionnels\/wp\/..\/uploads\/signatures_2018.jpg","type":"image\/jpeg"}],"twitter_card":"summary_large_image","twitter_description":"L\u2019ann\u00e9e 2018 a \u00e9t\u00e9 ponctu\u00e9e de signatures avec des promoteurs, constructeurs, bailleurs, collectivit\u00e9s et syndics de copropri\u00e9t\u00e9, et marqu\u00e9e par le d\u00e9veloppement de l\u2019activit\u00e9 en outremer. Avec pr\u00e8s de 350 acteurs engag\u00e9s \u00e0 fin 2018, la certification NF Habitat &#8211; NF Habitat HQE d\u00e9montre une nouvelle fois qu\u2019elle sait r\u00e9pondre aux attentes des professionnels du secteur.\n","twitter_creator":"@groupeQUALITEL","twitter_site":"@groupeQUALITEL","twitter_misc":{"Written by":"","Est. reading time":"2 minutes"},"schema":{"@context":"https:\/\/schema.org","@graph":[{"@type":"Article","@id":"https:\/\/www.qualitel.org\/professionnels\/les-nouvelles-signatures-pour-nf-habitat-en-2018\/#article","isPartOf":{"@id":"https:\/\/www.qualitel.org\/professionnels\/les-nouvelles-signatures-pour-nf-habitat-en-2018\/"},"author":{"name":"","@id":""},"headline":"Les nouvelles signatures pour NF Habitat en 2018","datePublished":"2019-02-18T10:48:18+00:00","dateModified":"2024-10-17T14:31:21+00:00","mainEntityOfPage":{"@id":"https:\/\/www.qualitel.org\/professionnels\/les-nouvelles-signatures-pour-nf-habitat-en-2018\/"},"wordCount":7,"publisher":{"@id":"https:\/\/www.qualitel.org\/professionnels\/#organization"},"image":{"@id":"https:\/\/www.qualitel.org\/professionnels\/les-nouvelles-signatures-pour-nf-habitat-en-2018\/#primaryimage"},"thumbnailUrl":"https:\/\/www.qualitel.org\/professionnels\/wp\/..\/uploads\/signatures_2018.jpg","inLanguage":"fr-FR"},{"@type":"WebPage","@id":"https:\/\/www.qualitel.org\/professionnels\/les-nouvelles-signatures-pour-nf-habitat-en-2018\/","url":"https:\/\/www.qualitel.org\/professionnels\/les-nouvelles-signatures-pour-nf-habitat-en-2018\/","name":"Les nouvelles signatures pour NF Habitat en 2018 - Qualitel | Professionnels","isPartOf":{"@id":"https:\/\/www.qualitel.org\/professionnels\/#website"},"primaryImageOfPage":{"@id":"https:\/\/www.qualitel.org\/professionnels\/les-nouvelles-signatures-pour-nf-habitat-en-2018\/#primaryimage"},"image":{"@id":"https:\/\/www.qualitel.org\/professionnels\/les-nouvelles-signatures-pour-nf-habitat-en-2018\/#primaryimage"},"thumbnailUrl":"https:\/\/www.qualitel.org\/professionnels\/wp\/..\/uploads\/signatures_2018.jpg","datePublished":"2019-02-18T10:48:18+00:00","dateModified":"2024-10-17T14:31:21+00:00","description":"L\u2019ann\u00e9e 2018 a \u00e9t\u00e9 ponctu\u00e9e de signatures avec des promoteurs, constructeurs, bailleurs, collectivit\u00e9s et syndics de copropri\u00e9t\u00e9, et marqu\u00e9e par le d\u00e9veloppement de l\u2019activit\u00e9 en outremer. Avec pr\u00e8s de 350 acteurs engag\u00e9s \u00e0 fin 2018, la certification NF Habitat - NF Habitat HQE d\u00e9montre une nouvelle fois qu\u2019elle sait r\u00e9pondre aux attentes des professionnels du secteur.","breadcrumb":{"@id":"https:\/\/www.qualitel.org\/professionnels\/les-nouvelles-signatures-pour-nf-habitat-en-2018\/#breadcrumb"},"inLanguage":"fr-FR","potentialAction":[{"@type":"ReadAction","target":["https:\/\/www.qualitel.org\/professionnels\/les-nouvelles-signatures-pour-nf-habitat-en-2018\/"]}]},{"@type":"ImageObject","inLanguage":"fr-FR","@id":"https:\/\/www.qualitel.org\/professionnels\/les-nouvelles-signatures-pour-nf-habitat-en-2018\/#primaryimage","url":"https:\/\/www.qualitel.org\/professionnels\/wp\/..\/uploads\/signatures_2018.jpg","contentUrl":"https:\/\/www.qualitel.org\/professionnels\/wp\/..\/uploads\/signatures_2018.jpg","width":700,"height":525},{"@type":"BreadcrumbList","@id":"https:\/\/www.qualitel.org\/professionnels\/les-nouvelles-signatures-pour-nf-habitat-en-2018\/#breadcrumb","itemListElement":[{"@type":"ListItem","position":1,"name":"Accueil","item":"https:\/\/www.qualitel.org\/professionnels\/"},{"@type":"ListItem","position":2,"name":"Les nouvelles signatures pour NF Habitat en 2018"}]},{"@type":"WebSite","@id":"https:\/\/www.qualitel.org\/professionnels\/#website","url":"https:\/\/www.qualitel.org\/professionnels\/","name":"Qualitel | Professionnels","description":"","publisher":{"@id":"https:\/\/www.qualitel.org\/professionnels\/#organization"},"potentialAction":[{"@type":"SearchAction","target":{"@type":"EntryPoint","urlTemplate":"https:\/\/www.qualitel.org\/professionnels\/?s={search_term_string}"},"query-input":{"@type":"PropertyValueSpecification","valueRequired":true,"valueName":"search_term_string"}}],"inLanguage":"fr-FR"},{"@type":"Organization","@id":"https:\/\/www.qualitel.org\/professionnels\/#organization","name":"Qualitel","url":"https:\/\/www.qualitel.org\/professionnels\/","logo":{"@type":"ImageObject","inLanguage":"fr-FR","@id":"https:\/\/www.qualitel.org\/professionnels\/#\/schema\/logo\/image\/","url":"https:\/\/www.qualitel.org\/professionnels\/wp\/..\/uploads\/qualitel_social.jpg","contentUrl":"https:\/\/www.qualitel.org\/professionnels\/wp\/..\/uploads\/qualitel_social.jpg","width":1080,"height":1080,"caption":"Qualitel"},"image":{"@id":"https:\/\/www.qualitel.org\/professionnels\/#\/schema\/logo\/image\/"},"sameAs":["https:\/\/www.facebook.com\/groupequalitel\/","https:\/\/x.com\/groupeQUALITEL","https:\/\/www.instagram.com\/associationqualitel\/"]},{"@type":"Person","@id":""}]}},"_links":{"self":[{"href":"https:\/\/www.qualitel.org\/professionnels\/wp-json\/wp\/v2\/posts\/22677","targetHints":{"allow":["GET"]}}],"collection":[{"href":"https:\/\/www.qualitel.org\/professionnels\/wp-json\/wp\/v2\/posts"}],"about":[{"href":"https:\/\/www.qualitel.org\/professionnels\/wp-json\/wp\/v2\/types\/post"}],"author":[{"embeddable":true,"href":"https:\/\/www.qualitel.org\/professionnels\/wp-json\/wp\/v2\/users\/45"}],"replies":[{"embeddable":true,"href":"https:\/\/www.qualitel.org\/professionnels\/wp-json\/wp\/v2\/comments?post=22677"}],"version-history":[{"count":10,"href":"https:\/\/www.qualitel.org\/professionnels\/wp-json\/wp\/v2\/posts\/22677\/revisions"}],"predecessor-version":[{"id":93768,"href":"https:\/\/www.qualitel.org\/professionnels\/wp-json\/wp\/v2\/posts\/22677\/revisions\/93768"}],"wp:featuredmedia":[{"embeddable":true,"href":"https:\/\/www.qualitel.org\/professionnels\/wp-json\/wp\/v2\/media\/22678"}],"wp:attachment":[{"href":"https:\/\/www.qualitel.org\/professionnels\/wp-json\/wp\/v2\/media?parent=22677"}],"wp:term":[{"taxonomy":"tags","embeddable":true,"href":"https:\/\/www.qualitel.org\/professionnels\/wp-json\/wp\/v2\/tags?post=22677"},{"taxonomy":"etiquettes","embeddable":true,"href":"https:\/\/www.qualitel.org\/professionnels\/wp-json\/wp\/v2\/tags?post=22677"},{"taxonomy":"article_type","embeddable":true,"href":"https:\/\/www.qualitel.org\/professionnels\/wp-json\/wp\/v2\/article_type?post=22677"}],"curies":[{"name":"wp","href":"https:\/\/api.w.org\/{rel}","templated":true}]}}