{"id":23024,"date":"2019-06-25T17:15:10","date_gmt":"2019-06-25T15:15:10","guid":{"rendered":"https:\/\/www.qualitel.org\/professionnels\/?p=23024"},"modified":"2024-03-08T16:02:17","modified_gmt":"2024-03-08T15:02:17","slug":"nf-habitat-nf-habitat-hqe-desormais-disponible-en-guyane","status":"publish","type":"post","link":"https:\/\/www.qualitel.org\/professionnels\/nf-habitat-nf-habitat-hqe-desormais-disponible-en-guyane\/","title":{"rendered":"NF Habitat &#8211; NF Habitat HQE d\u00e9sormais disponible en Guyane"},"content":{"rendered":"","protected":false},"excerpt":{"rendered":"","protected":false},"author":45,"featured_media":23054,"comment_status":"closed","ping_status":"closed","sticky":false,"template":"","format":"standard","meta":{"_acf_changed":false,"footnotes":""},"tags":[420],"article_type":[368],"class_list":["post-23024","post","type-post","status-publish","format-standard","has-post-thumbnail","hentry","tags-certification","tags-developpement","etiquettes-signature","article_type-actualites"],"acf":[],"yoast_head":"<!-- This site is optimized with the Yoast SEO plugin v26.3 - https:\/\/yoast.com\/wordpress\/plugins\/seo\/ -->\n<title>NF Habitat - NF Habitat HQE d\u00e9sormais disponible en Guyane - Qualitel | Professionnels<\/title>\n<meta name=\"description\" content=\"CERQUAL Qualitel Certification poursuit sa dynamique d\u2019accompagnement des politiques de construction de logement en Outre-Mer. Apr\u00e8s avoir d\u00e9velopp\u00e9 la certification NF Habitat \u2013 NF Habitat HQE en construction et en r\u00e9novation pour l\u2019\u00eele de la R\u00e9union, l\u2019organisme certificateur de l\u2019Association QUALITEL propose d\u00e9sormais aux op\u00e9rateurs locaux un r\u00e9f\u00e9rentiel adapt\u00e9 au contexte sp\u00e9cifique de la Guyane.\" \/>\n<meta name=\"robots\" content=\"index, follow, max-snippet:-1, max-image-preview:large, max-video-preview:-1\" \/>\n<link rel=\"canonical\" href=\"https:\/\/www.qualitel.org\/professionnels\/nf-habitat-nf-habitat-hqe-desormais-disponible-en-guyane\/\" \/>\n<meta property=\"og:locale\" content=\"fr_FR\" \/>\n<meta property=\"og:type\" content=\"article\" \/>\n<meta property=\"og:title\" content=\"NF Habitat - NF Habitat HQE d\u00e9sormais disponible en Guyane - Qualitel | Professionnels\" \/>\n<meta property=\"og:description\" content=\"CERQUAL Qualitel Certification poursuit sa dynamique d\u2019accompagnement des politiques de construction de logement en Outre-Mer. Apr\u00e8s avoir d\u00e9velopp\u00e9 la certification NF Habitat \u2013 NF Habitat HQE en construction et en r\u00e9novation pour l\u2019\u00eele de la R\u00e9union, l\u2019organisme certificateur de l\u2019Association QUALITEL propose d\u00e9sormais aux op\u00e9rateurs locaux un r\u00e9f\u00e9rentiel adapt\u00e9 au contexte sp\u00e9cifique de la Guyane.\" \/>\n<meta property=\"og:url\" content=\"https:\/\/www.qualitel.org\/professionnels\/nf-habitat-nf-habitat-hqe-desormais-disponible-en-guyane\/\" \/>\n<meta property=\"og:site_name\" content=\"Qualitel | Professionnels\" \/>\n<meta property=\"article:publisher\" content=\"https:\/\/www.facebook.com\/groupequalitel\/\" \/>\n<meta property=\"article:published_time\" content=\"2019-06-25T15:15:10+00:00\" \/>\n<meta property=\"article:modified_time\" content=\"2024-03-08T15:02:17+00:00\" \/>\n<meta property=\"og:image\" content=\"https:\/\/www.qualitel.org\/professionnels\/wp\/..\/uploads\/lancement_guyane.jpg\" \/>\n\t<meta property=\"og:image:width\" content=\"550\" \/>\n\t<meta property=\"og:image:height\" content=\"420\" \/>\n\t<meta property=\"og:image:type\" content=\"image\/jpeg\" \/>\n<meta name=\"twitter:card\" content=\"summary_large_image\" \/>\n<meta name=\"twitter:description\" content=\"CERQUAL Qualitel Certification poursuit sa dynamique d\u2019accompagnement des politiques de construction de logement en Outre-Mer. Apr\u00e8s avoir d\u00e9velopp\u00e9 la certification NF Habitat \u2013 NF Habitat HQE en construction et en r\u00e9novation pour l\u2019\u00eele de la R\u00e9union, l\u2019organisme certificateur de l\u2019Association QUALITEL propose d\u00e9sormais aux op\u00e9rateurs locaux un r\u00e9f\u00e9rentiel adapt\u00e9 au contexte sp\u00e9cifique de la Guyane.\n\" \/>\n<meta name=\"twitter:creator\" content=\"@groupeQUALITEL\" \/>\n<meta name=\"twitter:site\" content=\"@groupeQUALITEL\" \/>\n<meta name=\"twitter:label1\" content=\"Written by\" \/>\n\t<meta name=\"twitter:data1\" content=\"\" \/>\n<script type=\"application\/ld+json\" class=\"yoast-schema-graph\">{\"@context\":\"https:\/\/schema.org\",\"@graph\":[{\"@type\":\"Article\",\"@id\":\"https:\/\/www.qualitel.org\/professionnels\/nf-habitat-nf-habitat-hqe-desormais-disponible-en-guyane\/#article\",\"isPartOf\":{\"@id\":\"https:\/\/www.qualitel.org\/professionnels\/nf-habitat-nf-habitat-hqe-desormais-disponible-en-guyane\/\"},\"author\":{\"name\":\"\",\"@id\":\"\"},\"headline\":\"NF Habitat &#8211; NF Habitat HQE d\u00e9sormais disponible en Guyane\",\"datePublished\":\"2019-06-25T15:15:10+00:00\",\"dateModified\":\"2024-03-08T15:02:17+00:00\",\"mainEntityOfPage\":{\"@id\":\"https:\/\/www.qualitel.org\/professionnels\/nf-habitat-nf-habitat-hqe-desormais-disponible-en-guyane\/\"},\"wordCount\":11,\"publisher\":{\"@id\":\"https:\/\/www.qualitel.org\/professionnels\/#organization\"},\"image\":{\"@id\":\"https:\/\/www.qualitel.org\/professionnels\/nf-habitat-nf-habitat-hqe-desormais-disponible-en-guyane\/#primaryimage\"},\"thumbnailUrl\":\"https:\/\/www.qualitel.org\/professionnels\/wp\/..\/uploads\/lancement_guyane.jpg\",\"inLanguage\":\"fr-FR\"},{\"@type\":\"WebPage\",\"@id\":\"https:\/\/www.qualitel.org\/professionnels\/nf-habitat-nf-habitat-hqe-desormais-disponible-en-guyane\/\",\"url\":\"https:\/\/www.qualitel.org\/professionnels\/nf-habitat-nf-habitat-hqe-desormais-disponible-en-guyane\/\",\"name\":\"NF Habitat - NF Habitat HQE d\u00e9sormais disponible en Guyane - Qualitel | Professionnels\",\"isPartOf\":{\"@id\":\"https:\/\/www.qualitel.org\/professionnels\/#website\"},\"primaryImageOfPage\":{\"@id\":\"https:\/\/www.qualitel.org\/professionnels\/nf-habitat-nf-habitat-hqe-desormais-disponible-en-guyane\/#primaryimage\"},\"image\":{\"@id\":\"https:\/\/www.qualitel.org\/professionnels\/nf-habitat-nf-habitat-hqe-desormais-disponible-en-guyane\/#primaryimage\"},\"thumbnailUrl\":\"https:\/\/www.qualitel.org\/professionnels\/wp\/..\/uploads\/lancement_guyane.jpg\",\"datePublished\":\"2019-06-25T15:15:10+00:00\",\"dateModified\":\"2024-03-08T15:02:17+00:00\",\"description\":\"CERQUAL Qualitel Certification poursuit sa dynamique d\u2019accompagnement des politiques de construction de logement en Outre-Mer. Apr\u00e8s avoir d\u00e9velopp\u00e9 la certification NF Habitat \u2013 NF Habitat HQE en construction et en r\u00e9novation pour l\u2019\u00eele de la R\u00e9union, l\u2019organisme certificateur de l\u2019Association QUALITEL propose d\u00e9sormais aux op\u00e9rateurs locaux un r\u00e9f\u00e9rentiel adapt\u00e9 au contexte sp\u00e9cifique de la Guyane.\",\"breadcrumb\":{\"@id\":\"https:\/\/www.qualitel.org\/professionnels\/nf-habitat-nf-habitat-hqe-desormais-disponible-en-guyane\/#breadcrumb\"},\"inLanguage\":\"fr-FR\",\"potentialAction\":[{\"@type\":\"ReadAction\",\"target\":[\"https:\/\/www.qualitel.org\/professionnels\/nf-habitat-nf-habitat-hqe-desormais-disponible-en-guyane\/\"]}]},{\"@type\":\"ImageObject\",\"inLanguage\":\"fr-FR\",\"@id\":\"https:\/\/www.qualitel.org\/professionnels\/nf-habitat-nf-habitat-hqe-desormais-disponible-en-guyane\/#primaryimage\",\"url\":\"https:\/\/www.qualitel.org\/professionnels\/wp\/..\/uploads\/lancement_guyane.jpg\",\"contentUrl\":\"https:\/\/www.qualitel.org\/professionnels\/wp\/..\/uploads\/lancement_guyane.jpg\",\"width\":550,\"height\":420},{\"@type\":\"BreadcrumbList\",\"@id\":\"https:\/\/www.qualitel.org\/professionnels\/nf-habitat-nf-habitat-hqe-desormais-disponible-en-guyane\/#breadcrumb\",\"itemListElement\":[{\"@type\":\"ListItem\",\"position\":1,\"name\":\"Accueil\",\"item\":\"https:\/\/www.qualitel.org\/professionnels\/\"},{\"@type\":\"ListItem\",\"position\":2,\"name\":\"NF Habitat &#8211; NF Habitat HQE d\u00e9sormais disponible en Guyane\"}]},{\"@type\":\"WebSite\",\"@id\":\"https:\/\/www.qualitel.org\/professionnels\/#website\",\"url\":\"https:\/\/www.qualitel.org\/professionnels\/\",\"name\":\"Qualitel | Professionnels\",\"description\":\"\",\"publisher\":{\"@id\":\"https:\/\/www.qualitel.org\/professionnels\/#organization\"},\"potentialAction\":[{\"@type\":\"SearchAction\",\"target\":{\"@type\":\"EntryPoint\",\"urlTemplate\":\"https:\/\/www.qualitel.org\/professionnels\/?s={search_term_string}\"},\"query-input\":{\"@type\":\"PropertyValueSpecification\",\"valueRequired\":true,\"valueName\":\"search_term_string\"}}],\"inLanguage\":\"fr-FR\"},{\"@type\":\"Organization\",\"@id\":\"https:\/\/www.qualitel.org\/professionnels\/#organization\",\"name\":\"Qualitel\",\"url\":\"https:\/\/www.qualitel.org\/professionnels\/\",\"logo\":{\"@type\":\"ImageObject\",\"inLanguage\":\"fr-FR\",\"@id\":\"https:\/\/www.qualitel.org\/professionnels\/#\/schema\/logo\/image\/\",\"url\":\"https:\/\/www.qualitel.org\/professionnels\/wp\/..\/uploads\/qualitel_social.jpg\",\"contentUrl\":\"https:\/\/www.qualitel.org\/professionnels\/wp\/..\/uploads\/qualitel_social.jpg\",\"width\":1080,\"height\":1080,\"caption\":\"Qualitel\"},\"image\":{\"@id\":\"https:\/\/www.qualitel.org\/professionnels\/#\/schema\/logo\/image\/\"},\"sameAs\":[\"https:\/\/www.facebook.com\/groupequalitel\/\",\"https:\/\/x.com\/groupeQUALITEL\",\"https:\/\/www.instagram.com\/associationqualitel\/\"]},{\"@type\":\"Person\",\"@id\":\"\"}]}<\/script>\n<!-- \/ Yoast SEO plugin. -->","yoast_head_json":{"title":"NF Habitat - NF Habitat HQE d\u00e9sormais disponible en Guyane - Qualitel | Professionnels","description":"CERQUAL Qualitel Certification poursuit sa dynamique d\u2019accompagnement des politiques de construction de logement en Outre-Mer. Apr\u00e8s avoir d\u00e9velopp\u00e9 la certification NF Habitat \u2013 NF Habitat HQE en construction et en r\u00e9novation pour l\u2019\u00eele de la R\u00e9union, l\u2019organisme certificateur de l\u2019Association QUALITEL propose d\u00e9sormais aux op\u00e9rateurs locaux un r\u00e9f\u00e9rentiel adapt\u00e9 au contexte sp\u00e9cifique de la Guyane.","robots":{"index":"index","follow":"follow","max-snippet":"max-snippet:-1","max-image-preview":"max-image-preview:large","max-video-preview":"max-video-preview:-1"},"canonical":"https:\/\/www.qualitel.org\/professionnels\/nf-habitat-nf-habitat-hqe-desormais-disponible-en-guyane\/","og_locale":"fr_FR","og_type":"article","og_title":"NF Habitat - NF Habitat HQE d\u00e9sormais disponible en Guyane - Qualitel | Professionnels","og_description":"CERQUAL Qualitel Certification poursuit sa dynamique d\u2019accompagnement des politiques de construction de logement en Outre-Mer. Apr\u00e8s avoir d\u00e9velopp\u00e9 la certification NF Habitat \u2013 NF Habitat HQE en construction et en r\u00e9novation pour l\u2019\u00eele de la R\u00e9union, l\u2019organisme certificateur de l\u2019Association QUALITEL propose d\u00e9sormais aux op\u00e9rateurs locaux un r\u00e9f\u00e9rentiel adapt\u00e9 au contexte sp\u00e9cifique de la Guyane.","og_url":"https:\/\/www.qualitel.org\/professionnels\/nf-habitat-nf-habitat-hqe-desormais-disponible-en-guyane\/","og_site_name":"Qualitel | Professionnels","article_publisher":"https:\/\/www.facebook.com\/groupequalitel\/","article_published_time":"2019-06-25T15:15:10+00:00","article_modified_time":"2024-03-08T15:02:17+00:00","og_image":[{"width":550,"height":420,"url":"https:\/\/www.qualitel.org\/professionnels\/wp\/..\/uploads\/lancement_guyane.jpg","type":"image\/jpeg"}],"twitter_card":"summary_large_image","twitter_description":"CERQUAL Qualitel Certification poursuit sa dynamique d\u2019accompagnement des politiques de construction de logement en Outre-Mer. Apr\u00e8s avoir d\u00e9velopp\u00e9 la certification NF Habitat \u2013 NF Habitat HQE en construction et en r\u00e9novation pour l\u2019\u00eele de la R\u00e9union, l\u2019organisme certificateur de l\u2019Association QUALITEL propose d\u00e9sormais aux op\u00e9rateurs locaux un r\u00e9f\u00e9rentiel adapt\u00e9 au contexte sp\u00e9cifique de la Guyane.\n","twitter_creator":"@groupeQUALITEL","twitter_site":"@groupeQUALITEL","twitter_misc":{"Written by":""},"schema":{"@context":"https:\/\/schema.org","@graph":[{"@type":"Article","@id":"https:\/\/www.qualitel.org\/professionnels\/nf-habitat-nf-habitat-hqe-desormais-disponible-en-guyane\/#article","isPartOf":{"@id":"https:\/\/www.qualitel.org\/professionnels\/nf-habitat-nf-habitat-hqe-desormais-disponible-en-guyane\/"},"author":{"name":"","@id":""},"headline":"NF Habitat &#8211; NF Habitat HQE d\u00e9sormais disponible en Guyane","datePublished":"2019-06-25T15:15:10+00:00","dateModified":"2024-03-08T15:02:17+00:00","mainEntityOfPage":{"@id":"https:\/\/www.qualitel.org\/professionnels\/nf-habitat-nf-habitat-hqe-desormais-disponible-en-guyane\/"},"wordCount":11,"publisher":{"@id":"https:\/\/www.qualitel.org\/professionnels\/#organization"},"image":{"@id":"https:\/\/www.qualitel.org\/professionnels\/nf-habitat-nf-habitat-hqe-desormais-disponible-en-guyane\/#primaryimage"},"thumbnailUrl":"https:\/\/www.qualitel.org\/professionnels\/wp\/..\/uploads\/lancement_guyane.jpg","inLanguage":"fr-FR"},{"@type":"WebPage","@id":"https:\/\/www.qualitel.org\/professionnels\/nf-habitat-nf-habitat-hqe-desormais-disponible-en-guyane\/","url":"https:\/\/www.qualitel.org\/professionnels\/nf-habitat-nf-habitat-hqe-desormais-disponible-en-guyane\/","name":"NF Habitat - NF Habitat HQE d\u00e9sormais disponible en Guyane - Qualitel | Professionnels","isPartOf":{"@id":"https:\/\/www.qualitel.org\/professionnels\/#website"},"primaryImageOfPage":{"@id":"https:\/\/www.qualitel.org\/professionnels\/nf-habitat-nf-habitat-hqe-desormais-disponible-en-guyane\/#primaryimage"},"image":{"@id":"https:\/\/www.qualitel.org\/professionnels\/nf-habitat-nf-habitat-hqe-desormais-disponible-en-guyane\/#primaryimage"},"thumbnailUrl":"https:\/\/www.qualitel.org\/professionnels\/wp\/..\/uploads\/lancement_guyane.jpg","datePublished":"2019-06-25T15:15:10+00:00","dateModified":"2024-03-08T15:02:17+00:00","description":"CERQUAL Qualitel Certification poursuit sa dynamique d\u2019accompagnement des politiques de construction de logement en Outre-Mer. Apr\u00e8s avoir d\u00e9velopp\u00e9 la certification NF Habitat \u2013 NF Habitat HQE en construction et en r\u00e9novation pour l\u2019\u00eele de la R\u00e9union, l\u2019organisme certificateur de l\u2019Association QUALITEL propose d\u00e9sormais aux op\u00e9rateurs locaux un r\u00e9f\u00e9rentiel adapt\u00e9 au contexte sp\u00e9cifique de la Guyane.","breadcrumb":{"@id":"https:\/\/www.qualitel.org\/professionnels\/nf-habitat-nf-habitat-hqe-desormais-disponible-en-guyane\/#breadcrumb"},"inLanguage":"fr-FR","potentialAction":[{"@type":"ReadAction","target":["https:\/\/www.qualitel.org\/professionnels\/nf-habitat-nf-habitat-hqe-desormais-disponible-en-guyane\/"]}]},{"@type":"ImageObject","inLanguage":"fr-FR","@id":"https:\/\/www.qualitel.org\/professionnels\/nf-habitat-nf-habitat-hqe-desormais-disponible-en-guyane\/#primaryimage","url":"https:\/\/www.qualitel.org\/professionnels\/wp\/..\/uploads\/lancement_guyane.jpg","contentUrl":"https:\/\/www.qualitel.org\/professionnels\/wp\/..\/uploads\/lancement_guyane.jpg","width":550,"height":420},{"@type":"BreadcrumbList","@id":"https:\/\/www.qualitel.org\/professionnels\/nf-habitat-nf-habitat-hqe-desormais-disponible-en-guyane\/#breadcrumb","itemListElement":[{"@type":"ListItem","position":1,"name":"Accueil","item":"https:\/\/www.qualitel.org\/professionnels\/"},{"@type":"ListItem","position":2,"name":"NF Habitat &#8211; NF Habitat HQE d\u00e9sormais disponible en Guyane"}]},{"@type":"WebSite","@id":"https:\/\/www.qualitel.org\/professionnels\/#website","url":"https:\/\/www.qualitel.org\/professionnels\/","name":"Qualitel | Professionnels","description":"","publisher":{"@id":"https:\/\/www.qualitel.org\/professionnels\/#organization"},"potentialAction":[{"@type":"SearchAction","target":{"@type":"EntryPoint","urlTemplate":"https:\/\/www.qualitel.org\/professionnels\/?s={search_term_string}"},"query-input":{"@type":"PropertyValueSpecification","valueRequired":true,"valueName":"search_term_string"}}],"inLanguage":"fr-FR"},{"@type":"Organization","@id":"https:\/\/www.qualitel.org\/professionnels\/#organization","name":"Qualitel","url":"https:\/\/www.qualitel.org\/professionnels\/","logo":{"@type":"ImageObject","inLanguage":"fr-FR","@id":"https:\/\/www.qualitel.org\/professionnels\/#\/schema\/logo\/image\/","url":"https:\/\/www.qualitel.org\/professionnels\/wp\/..\/uploads\/qualitel_social.jpg","contentUrl":"https:\/\/www.qualitel.org\/professionnels\/wp\/..\/uploads\/qualitel_social.jpg","width":1080,"height":1080,"caption":"Qualitel"},"image":{"@id":"https:\/\/www.qualitel.org\/professionnels\/#\/schema\/logo\/image\/"},"sameAs":["https:\/\/www.facebook.com\/groupequalitel\/","https:\/\/x.com\/groupeQUALITEL","https:\/\/www.instagram.com\/associationqualitel\/"]},{"@type":"Person","@id":""}]}},"_links":{"self":[{"href":"https:\/\/www.qualitel.org\/professionnels\/wp-json\/wp\/v2\/posts\/23024","targetHints":{"allow":["GET"]}}],"collection":[{"href":"https:\/\/www.qualitel.org\/professionnels\/wp-json\/wp\/v2\/posts"}],"about":[{"href":"https:\/\/www.qualitel.org\/professionnels\/wp-json\/wp\/v2\/types\/post"}],"author":[{"embeddable":true,"href":"https:\/\/www.qualitel.org\/professionnels\/wp-json\/wp\/v2\/users\/45"}],"replies":[{"embeddable":true,"href":"https:\/\/www.qualitel.org\/professionnels\/wp-json\/wp\/v2\/comments?post=23024"}],"version-history":[{"count":14,"href":"https:\/\/www.qualitel.org\/professionnels\/wp-json\/wp\/v2\/posts\/23024\/revisions"}],"predecessor-version":[{"id":73619,"href":"https:\/\/www.qualitel.org\/professionnels\/wp-json\/wp\/v2\/posts\/23024\/revisions\/73619"}],"wp:featuredmedia":[{"embeddable":true,"href":"https:\/\/www.qualitel.org\/professionnels\/wp-json\/wp\/v2\/media\/23054"}],"wp:attachment":[{"href":"https:\/\/www.qualitel.org\/professionnels\/wp-json\/wp\/v2\/media?parent=23024"}],"wp:term":[{"taxonomy":"tags","embeddable":true,"href":"https:\/\/www.qualitel.org\/professionnels\/wp-json\/wp\/v2\/tags?post=23024"},{"taxonomy":"etiquettes","embeddable":true,"href":"https:\/\/www.qualitel.org\/professionnels\/wp-json\/wp\/v2\/tags?post=23024"},{"taxonomy":"article_type","embeddable":true,"href":"https:\/\/www.qualitel.org\/professionnels\/wp-json\/wp\/v2\/article_type?post=23024"}],"curies":[{"name":"wp","href":"https:\/\/api.w.org\/{rel}","templated":true}]}}