{"id":23137,"date":"2018-07-06T11:57:59","date_gmt":"2018-07-06T09:57:59","guid":{"rendered":"https:\/\/www.qualitel.org\/professionnels\/?p=23137"},"modified":"2020-05-12T17:22:25","modified_gmt":"2020-05-12T15:22:25","slug":"qualibim-qualitel-developpe-une-application-pour-simplifier-lacces-au-referentiel","status":"publish","type":"post","link":"https:\/\/www.qualitel.org\/professionnels\/actualites\/qualibim-qualitel-developpe-une-application-pour-simplifier-lacces-au-referentiel\/","title":{"rendered":"QualiBIM : QUALITEL d\u00e9veloppe une application pour simplifier l&rsquo;acc\u00e8s au r\u00e9f\u00e9rentiel"},"content":{"rendered":"<p>\u00ab\u00a0L\u2019information est partout dans le m\u00e9tier de l\u2019architecte. D\u00e9j\u00e0 suffisamment complexe, les technologies li\u00e9es au BIM n\u2019ont rien arrang\u00e9. Pourtant, le d\u00e9veloppement d\u2019outils comme l\u2019application QualiBIM repr\u00e9sente un exemple de ce que le BIM peut apporter en mati\u00e8re de simplification et de ma\u00eetrise de la donn\u00e9e.<\/p>\n<p>Le plugin r\u00e9alise le mariage parfait entre ce que devrait \u00eatre toute d\u00e9marche ou processus li\u00e9e au BIM&#160;: synth\u00e8se et simplicit\u00e9. Il apporte \u00e0 l\u2019utilisateur l\u2019information pr\u00e9cise sur les exigences de la certification NF Habitat &#8211; NF Habitat HQE, sans contrainte, sans n\u00e9cessit\u00e9 de formation, et lui permet, dans la plus grande simplicit\u00e9, d\u2019effectuer son travail. Il ne d\u00e9leste pas l\u2019utilisateur des v\u00e9rifications li\u00e9es \u00e0 la certification, il lui permet de ne pas se poser la question de l\u2019emplacement des informations li\u00e9es, puisqu\u2019elles sont d\u00e9j\u00e0 centralis\u00e9es et structur\u00e9es dans le plugin.<\/p>\n<p>La simplicit\u00e9 dans le BIM est toujours ce qui devrait \u00eatre vis\u00e9. Il est ici question de respecter et faire progresser ses acteurs, en se d\u00e9tachant d\u2019objectifs trop ambitieux et non r\u00e9alisables. Il n\u2019est pas ici question d\u2019imposer \u00e0 l\u2019architecte un mode de mod\u00e9lisation ou une nomenclature sp\u00e9cifique li\u00e9 \u00e0 sa maquette num\u00e9rique. L\u2019objectif est clair&#160;: all\u00e9ger la t\u00e2che de l\u2019architecte sans \u00eatre intrusif.\u00a0\u00bb<\/p>\n<p><em>Antoine MORISETTI, Architecte et BIM Manager de l\u2019agence A26 Architectures<\/em><\/p>\n","protected":false},"excerpt":{"rendered":"<p>\u00ab\u00a0L\u2019information est partout dans le m\u00e9tier de l\u2019architecte. D\u00e9j\u00e0 suffisamment complexe, les technologies li\u00e9es au BIM n\u2019ont rien arrang\u00e9. Pourtant, le d\u00e9veloppement d\u2019outils comme l\u2019application QualiBIM repr\u00e9sente un exemple de ce que le BIM peut apporter en mati\u00e8re de simplification et de ma\u00eetrise de la donn\u00e9e. Le plugin r\u00e9alise le mariage parfait entre ce que &#8230; <\/p>\n","protected":false},"author":18,"featured_media":22724,"comment_status":"closed","ping_status":"closed","sticky":false,"template":"","format":"standard","meta":{"_acf_changed":false,"footnotes":""},"tags":[417],"article_type":[368],"class_list":["post-23137","post","type-post","status-publish","format-standard","has-post-thumbnail","hentry","tags-bim","tags-expertise","etiquettes-experimentation","article_type-actualites"],"acf":[],"yoast_head":"<!-- This site is optimized with the Yoast SEO plugin v26.3 - https:\/\/yoast.com\/wordpress\/plugins\/seo\/ -->\n<title>QualiBIM : QUALITEL d\u00e9veloppe une application pour simplifier l&#039;acc\u00e8s au r\u00e9f\u00e9rentiel - Qualitel | Professionnels<\/title>\n<meta name=\"description\" content=\"CERQUAL Qualitel Certification fait un grand pas dans son projet QualiBIM en d\u00e9veloppant une application qui permettra d\u2019int\u00e9grer le r\u00e9f\u00e9rentiel NF Habitat - NF Habitat HQE dans les logiciels de mod\u00e9lisation BIM.\" \/>\n<meta name=\"robots\" content=\"index, follow, max-snippet:-1, max-image-preview:large, max-video-preview:-1\" \/>\n<link rel=\"canonical\" href=\"https:\/\/www.qualitel.org\/professionnels\/actualites\/qualibim-qualitel-developpe-une-application-pour-simplifier-lacces-au-referentiel\/\" \/>\n<meta property=\"og:locale\" content=\"fr_FR\" \/>\n<meta property=\"og:type\" content=\"article\" \/>\n<meta property=\"og:title\" content=\"QualiBIM : QUALITEL d\u00e9veloppe une application pour simplifier l&#039;acc\u00e8s au r\u00e9f\u00e9rentiel - Qualitel | Professionnels\" \/>\n<meta property=\"og:description\" content=\"CERQUAL Qualitel Certification fait un grand pas dans son projet QualiBIM en d\u00e9veloppant une application qui permettra d\u2019int\u00e9grer le r\u00e9f\u00e9rentiel NF Habitat &#8211; NF Habitat HQE dans les logiciels de mod\u00e9lisation BIM.\" \/>\n<meta property=\"og:url\" content=\"https:\/\/www.qualitel.org\/professionnels\/actualites\/qualibim-qualitel-developpe-une-application-pour-simplifier-lacces-au-referentiel\/\" \/>\n<meta property=\"og:site_name\" content=\"Qualitel | Professionnels\" \/>\n<meta property=\"article:publisher\" content=\"https:\/\/www.facebook.com\/groupequalitel\/\" \/>\n<meta property=\"article:published_time\" content=\"2018-07-06T09:57:59+00:00\" \/>\n<meta property=\"article:modified_time\" content=\"2020-05-12T15:22:25+00:00\" \/>\n<meta property=\"og:image\" content=\"https:\/\/www.qualitel.org\/professionnels\/wp\/..\/uploads\/bim_maquette.jpg\" \/>\n\t<meta property=\"og:image:width\" content=\"360\" \/>\n\t<meta property=\"og:image:height\" content=\"259\" \/>\n\t<meta property=\"og:image:type\" content=\"image\/jpeg\" \/>\n<meta name=\"twitter:card\" content=\"summary_large_image\" \/>\n<meta name=\"twitter:description\" content=\"CERQUAL Qualitel Certification fait un grand pas dans son projet QualiBIM en d\u00e9veloppant une application qui permettra d\u2019int\u00e9grer le r\u00e9f\u00e9rentiel NF Habitat &#8211; NF Habitat HQE dans les logiciels de mod\u00e9lisation BIM.\n\" \/>\n<meta name=\"twitter:creator\" content=\"@groupeQUALITEL\" \/>\n<meta name=\"twitter:site\" content=\"@groupeQUALITEL\" \/>\n<meta name=\"twitter:label1\" content=\"Written by\" \/>\n\t<meta name=\"twitter:data1\" content=\"\" \/>\n\t<meta name=\"twitter:label2\" content=\"Est. reading time\" \/>\n\t<meta name=\"twitter:data2\" content=\"1 minute\" \/>\n<script type=\"application\/ld+json\" class=\"yoast-schema-graph\">{\"@context\":\"https:\/\/schema.org\",\"@graph\":[{\"@type\":\"Article\",\"@id\":\"https:\/\/www.qualitel.org\/professionnels\/actualites\/qualibim-qualitel-developpe-une-application-pour-simplifier-lacces-au-referentiel\/#article\",\"isPartOf\":{\"@id\":\"https:\/\/www.qualitel.org\/professionnels\/actualites\/qualibim-qualitel-developpe-une-application-pour-simplifier-lacces-au-referentiel\/\"},\"author\":{\"name\":\"\",\"@id\":\"\"},\"headline\":\"QualiBIM : QUALITEL d\u00e9veloppe une application pour simplifier l&rsquo;acc\u00e8s au r\u00e9f\u00e9rentiel\",\"datePublished\":\"2018-07-06T09:57:59+00:00\",\"dateModified\":\"2020-05-12T15:22:25+00:00\",\"mainEntityOfPage\":{\"@id\":\"https:\/\/www.qualitel.org\/professionnels\/actualites\/qualibim-qualitel-developpe-une-application-pour-simplifier-lacces-au-referentiel\/\"},\"wordCount\":267,\"publisher\":{\"@id\":\"https:\/\/www.qualitel.org\/professionnels\/#organization\"},\"image\":{\"@id\":\"https:\/\/www.qualitel.org\/professionnels\/actualites\/qualibim-qualitel-developpe-une-application-pour-simplifier-lacces-au-referentiel\/#primaryimage\"},\"thumbnailUrl\":\"https:\/\/www.qualitel.org\/professionnels\/wp\/..\/uploads\/bim_maquette.jpg\",\"inLanguage\":\"fr-FR\"},{\"@type\":\"WebPage\",\"@id\":\"https:\/\/www.qualitel.org\/professionnels\/actualites\/qualibim-qualitel-developpe-une-application-pour-simplifier-lacces-au-referentiel\/\",\"url\":\"https:\/\/www.qualitel.org\/professionnels\/actualites\/qualibim-qualitel-developpe-une-application-pour-simplifier-lacces-au-referentiel\/\",\"name\":\"QualiBIM : QUALITEL d\u00e9veloppe une application pour simplifier l'acc\u00e8s au r\u00e9f\u00e9rentiel - Qualitel | Professionnels\",\"isPartOf\":{\"@id\":\"https:\/\/www.qualitel.org\/professionnels\/#website\"},\"primaryImageOfPage\":{\"@id\":\"https:\/\/www.qualitel.org\/professionnels\/actualites\/qualibim-qualitel-developpe-une-application-pour-simplifier-lacces-au-referentiel\/#primaryimage\"},\"image\":{\"@id\":\"https:\/\/www.qualitel.org\/professionnels\/actualites\/qualibim-qualitel-developpe-une-application-pour-simplifier-lacces-au-referentiel\/#primaryimage\"},\"thumbnailUrl\":\"https:\/\/www.qualitel.org\/professionnels\/wp\/..\/uploads\/bim_maquette.jpg\",\"datePublished\":\"2018-07-06T09:57:59+00:00\",\"dateModified\":\"2020-05-12T15:22:25+00:00\",\"description\":\"CERQUAL Qualitel Certification fait un grand pas dans son projet QualiBIM en d\u00e9veloppant une application qui permettra d\u2019int\u00e9grer le r\u00e9f\u00e9rentiel NF Habitat - NF Habitat HQE dans les logiciels de mod\u00e9lisation BIM.\",\"breadcrumb\":{\"@id\":\"https:\/\/www.qualitel.org\/professionnels\/actualites\/qualibim-qualitel-developpe-une-application-pour-simplifier-lacces-au-referentiel\/#breadcrumb\"},\"inLanguage\":\"fr-FR\",\"potentialAction\":[{\"@type\":\"ReadAction\",\"target\":[\"https:\/\/www.qualitel.org\/professionnels\/actualites\/qualibim-qualitel-developpe-une-application-pour-simplifier-lacces-au-referentiel\/\"]}]},{\"@type\":\"ImageObject\",\"inLanguage\":\"fr-FR\",\"@id\":\"https:\/\/www.qualitel.org\/professionnels\/actualites\/qualibim-qualitel-developpe-une-application-pour-simplifier-lacces-au-referentiel\/#primaryimage\",\"url\":\"https:\/\/www.qualitel.org\/professionnels\/wp\/..\/uploads\/bim_maquette.jpg\",\"contentUrl\":\"https:\/\/www.qualitel.org\/professionnels\/wp\/..\/uploads\/bim_maquette.jpg\",\"width\":360,\"height\":259},{\"@type\":\"BreadcrumbList\",\"@id\":\"https:\/\/www.qualitel.org\/professionnels\/actualites\/qualibim-qualitel-developpe-une-application-pour-simplifier-lacces-au-referentiel\/#breadcrumb\",\"itemListElement\":[{\"@type\":\"ListItem\",\"position\":1,\"name\":\"Accueil\",\"item\":\"https:\/\/www.qualitel.org\/professionnels\/\"},{\"@type\":\"ListItem\",\"position\":2,\"name\":\"QualiBIM&#160;: QUALITEL d\u00e9veloppe une application pour simplifier l&rsquo;acc\u00e8s au r\u00e9f\u00e9rentiel\"}]},{\"@type\":\"WebSite\",\"@id\":\"https:\/\/www.qualitel.org\/professionnels\/#website\",\"url\":\"https:\/\/www.qualitel.org\/professionnels\/\",\"name\":\"Qualitel | Professionnels\",\"description\":\"\",\"publisher\":{\"@id\":\"https:\/\/www.qualitel.org\/professionnels\/#organization\"},\"potentialAction\":[{\"@type\":\"SearchAction\",\"target\":{\"@type\":\"EntryPoint\",\"urlTemplate\":\"https:\/\/www.qualitel.org\/professionnels\/?s={search_term_string}\"},\"query-input\":{\"@type\":\"PropertyValueSpecification\",\"valueRequired\":true,\"valueName\":\"search_term_string\"}}],\"inLanguage\":\"fr-FR\"},{\"@type\":\"Organization\",\"@id\":\"https:\/\/www.qualitel.org\/professionnels\/#organization\",\"name\":\"Qualitel\",\"url\":\"https:\/\/www.qualitel.org\/professionnels\/\",\"logo\":{\"@type\":\"ImageObject\",\"inLanguage\":\"fr-FR\",\"@id\":\"https:\/\/www.qualitel.org\/professionnels\/#\/schema\/logo\/image\/\",\"url\":\"https:\/\/www.qualitel.org\/professionnels\/wp\/..\/uploads\/qualitel_social.jpg\",\"contentUrl\":\"https:\/\/www.qualitel.org\/professionnels\/wp\/..\/uploads\/qualitel_social.jpg\",\"width\":1080,\"height\":1080,\"caption\":\"Qualitel\"},\"image\":{\"@id\":\"https:\/\/www.qualitel.org\/professionnels\/#\/schema\/logo\/image\/\"},\"sameAs\":[\"https:\/\/www.facebook.com\/groupequalitel\/\",\"https:\/\/x.com\/groupeQUALITEL\",\"https:\/\/www.instagram.com\/associationqualitel\/\"]},{\"@type\":\"Person\",\"@id\":\"\"}]}<\/script>\n<!-- \/ Yoast SEO plugin. -->","yoast_head_json":{"title":"QualiBIM : QUALITEL d\u00e9veloppe une application pour simplifier l'acc\u00e8s au r\u00e9f\u00e9rentiel - Qualitel | Professionnels","description":"CERQUAL Qualitel Certification fait un grand pas dans son projet QualiBIM en d\u00e9veloppant une application qui permettra d\u2019int\u00e9grer le r\u00e9f\u00e9rentiel NF Habitat - NF Habitat HQE dans les logiciels de mod\u00e9lisation BIM.","robots":{"index":"index","follow":"follow","max-snippet":"max-snippet:-1","max-image-preview":"max-image-preview:large","max-video-preview":"max-video-preview:-1"},"canonical":"https:\/\/www.qualitel.org\/professionnels\/actualites\/qualibim-qualitel-developpe-une-application-pour-simplifier-lacces-au-referentiel\/","og_locale":"fr_FR","og_type":"article","og_title":"QualiBIM : QUALITEL d\u00e9veloppe une application pour simplifier l'acc\u00e8s au r\u00e9f\u00e9rentiel - Qualitel | Professionnels","og_description":"CERQUAL Qualitel Certification fait un grand pas dans son projet QualiBIM en d\u00e9veloppant une application qui permettra d\u2019int\u00e9grer le r\u00e9f\u00e9rentiel NF Habitat &#8211; NF Habitat HQE dans les logiciels de mod\u00e9lisation BIM.","og_url":"https:\/\/www.qualitel.org\/professionnels\/actualites\/qualibim-qualitel-developpe-une-application-pour-simplifier-lacces-au-referentiel\/","og_site_name":"Qualitel | Professionnels","article_publisher":"https:\/\/www.facebook.com\/groupequalitel\/","article_published_time":"2018-07-06T09:57:59+00:00","article_modified_time":"2020-05-12T15:22:25+00:00","og_image":[{"width":360,"height":259,"url":"https:\/\/www.qualitel.org\/professionnels\/wp\/..\/uploads\/bim_maquette.jpg","type":"image\/jpeg"}],"twitter_card":"summary_large_image","twitter_description":"CERQUAL Qualitel Certification fait un grand pas dans son projet QualiBIM en d\u00e9veloppant une application qui permettra d\u2019int\u00e9grer le r\u00e9f\u00e9rentiel NF Habitat &#8211; NF Habitat HQE dans les logiciels de mod\u00e9lisation BIM.\n","twitter_creator":"@groupeQUALITEL","twitter_site":"@groupeQUALITEL","twitter_misc":{"Written by":"","Est. reading time":"1 minute"},"schema":{"@context":"https:\/\/schema.org","@graph":[{"@type":"Article","@id":"https:\/\/www.qualitel.org\/professionnels\/actualites\/qualibim-qualitel-developpe-une-application-pour-simplifier-lacces-au-referentiel\/#article","isPartOf":{"@id":"https:\/\/www.qualitel.org\/professionnels\/actualites\/qualibim-qualitel-developpe-une-application-pour-simplifier-lacces-au-referentiel\/"},"author":{"name":"","@id":""},"headline":"QualiBIM : QUALITEL d\u00e9veloppe une application pour simplifier l&rsquo;acc\u00e8s au r\u00e9f\u00e9rentiel","datePublished":"2018-07-06T09:57:59+00:00","dateModified":"2020-05-12T15:22:25+00:00","mainEntityOfPage":{"@id":"https:\/\/www.qualitel.org\/professionnels\/actualites\/qualibim-qualitel-developpe-une-application-pour-simplifier-lacces-au-referentiel\/"},"wordCount":267,"publisher":{"@id":"https:\/\/www.qualitel.org\/professionnels\/#organization"},"image":{"@id":"https:\/\/www.qualitel.org\/professionnels\/actualites\/qualibim-qualitel-developpe-une-application-pour-simplifier-lacces-au-referentiel\/#primaryimage"},"thumbnailUrl":"https:\/\/www.qualitel.org\/professionnels\/wp\/..\/uploads\/bim_maquette.jpg","inLanguage":"fr-FR"},{"@type":"WebPage","@id":"https:\/\/www.qualitel.org\/professionnels\/actualites\/qualibim-qualitel-developpe-une-application-pour-simplifier-lacces-au-referentiel\/","url":"https:\/\/www.qualitel.org\/professionnels\/actualites\/qualibim-qualitel-developpe-une-application-pour-simplifier-lacces-au-referentiel\/","name":"QualiBIM : QUALITEL d\u00e9veloppe une application pour simplifier l'acc\u00e8s au r\u00e9f\u00e9rentiel - Qualitel | Professionnels","isPartOf":{"@id":"https:\/\/www.qualitel.org\/professionnels\/#website"},"primaryImageOfPage":{"@id":"https:\/\/www.qualitel.org\/professionnels\/actualites\/qualibim-qualitel-developpe-une-application-pour-simplifier-lacces-au-referentiel\/#primaryimage"},"image":{"@id":"https:\/\/www.qualitel.org\/professionnels\/actualites\/qualibim-qualitel-developpe-une-application-pour-simplifier-lacces-au-referentiel\/#primaryimage"},"thumbnailUrl":"https:\/\/www.qualitel.org\/professionnels\/wp\/..\/uploads\/bim_maquette.jpg","datePublished":"2018-07-06T09:57:59+00:00","dateModified":"2020-05-12T15:22:25+00:00","description":"CERQUAL Qualitel Certification fait un grand pas dans son projet QualiBIM en d\u00e9veloppant une application qui permettra d\u2019int\u00e9grer le r\u00e9f\u00e9rentiel NF Habitat - NF Habitat HQE dans les logiciels de mod\u00e9lisation BIM.","breadcrumb":{"@id":"https:\/\/www.qualitel.org\/professionnels\/actualites\/qualibim-qualitel-developpe-une-application-pour-simplifier-lacces-au-referentiel\/#breadcrumb"},"inLanguage":"fr-FR","potentialAction":[{"@type":"ReadAction","target":["https:\/\/www.qualitel.org\/professionnels\/actualites\/qualibim-qualitel-developpe-une-application-pour-simplifier-lacces-au-referentiel\/"]}]},{"@type":"ImageObject","inLanguage":"fr-FR","@id":"https:\/\/www.qualitel.org\/professionnels\/actualites\/qualibim-qualitel-developpe-une-application-pour-simplifier-lacces-au-referentiel\/#primaryimage","url":"https:\/\/www.qualitel.org\/professionnels\/wp\/..\/uploads\/bim_maquette.jpg","contentUrl":"https:\/\/www.qualitel.org\/professionnels\/wp\/..\/uploads\/bim_maquette.jpg","width":360,"height":259},{"@type":"BreadcrumbList","@id":"https:\/\/www.qualitel.org\/professionnels\/actualites\/qualibim-qualitel-developpe-une-application-pour-simplifier-lacces-au-referentiel\/#breadcrumb","itemListElement":[{"@type":"ListItem","position":1,"name":"Accueil","item":"https:\/\/www.qualitel.org\/professionnels\/"},{"@type":"ListItem","position":2,"name":"QualiBIM&#160;: QUALITEL d\u00e9veloppe une application pour simplifier l&rsquo;acc\u00e8s au r\u00e9f\u00e9rentiel"}]},{"@type":"WebSite","@id":"https:\/\/www.qualitel.org\/professionnels\/#website","url":"https:\/\/www.qualitel.org\/professionnels\/","name":"Qualitel | Professionnels","description":"","publisher":{"@id":"https:\/\/www.qualitel.org\/professionnels\/#organization"},"potentialAction":[{"@type":"SearchAction","target":{"@type":"EntryPoint","urlTemplate":"https:\/\/www.qualitel.org\/professionnels\/?s={search_term_string}"},"query-input":{"@type":"PropertyValueSpecification","valueRequired":true,"valueName":"search_term_string"}}],"inLanguage":"fr-FR"},{"@type":"Organization","@id":"https:\/\/www.qualitel.org\/professionnels\/#organization","name":"Qualitel","url":"https:\/\/www.qualitel.org\/professionnels\/","logo":{"@type":"ImageObject","inLanguage":"fr-FR","@id":"https:\/\/www.qualitel.org\/professionnels\/#\/schema\/logo\/image\/","url":"https:\/\/www.qualitel.org\/professionnels\/wp\/..\/uploads\/qualitel_social.jpg","contentUrl":"https:\/\/www.qualitel.org\/professionnels\/wp\/..\/uploads\/qualitel_social.jpg","width":1080,"height":1080,"caption":"Qualitel"},"image":{"@id":"https:\/\/www.qualitel.org\/professionnels\/#\/schema\/logo\/image\/"},"sameAs":["https:\/\/www.facebook.com\/groupequalitel\/","https:\/\/x.com\/groupeQUALITEL","https:\/\/www.instagram.com\/associationqualitel\/"]},{"@type":"Person","@id":""}]}},"_links":{"self":[{"href":"https:\/\/www.qualitel.org\/professionnels\/wp-json\/wp\/v2\/posts\/23137","targetHints":{"allow":["GET"]}}],"collection":[{"href":"https:\/\/www.qualitel.org\/professionnels\/wp-json\/wp\/v2\/posts"}],"about":[{"href":"https:\/\/www.qualitel.org\/professionnels\/wp-json\/wp\/v2\/types\/post"}],"author":[{"embeddable":true,"href":"https:\/\/www.qualitel.org\/professionnels\/wp-json\/wp\/v2\/users\/18"}],"replies":[{"embeddable":true,"href":"https:\/\/www.qualitel.org\/professionnels\/wp-json\/wp\/v2\/comments?post=23137"}],"version-history":[{"count":10,"href":"https:\/\/www.qualitel.org\/professionnels\/wp-json\/wp\/v2\/posts\/23137\/revisions"}],"predecessor-version":[{"id":31543,"href":"https:\/\/www.qualitel.org\/professionnels\/wp-json\/wp\/v2\/posts\/23137\/revisions\/31543"}],"wp:featuredmedia":[{"embeddable":true,"href":"https:\/\/www.qualitel.org\/professionnels\/wp-json\/wp\/v2\/media\/22724"}],"wp:attachment":[{"href":"https:\/\/www.qualitel.org\/professionnels\/wp-json\/wp\/v2\/media?parent=23137"}],"wp:term":[{"taxonomy":"tags","embeddable":true,"href":"https:\/\/www.qualitel.org\/professionnels\/wp-json\/wp\/v2\/tags?post=23137"},{"taxonomy":"etiquettes","embeddable":true,"href":"https:\/\/www.qualitel.org\/professionnels\/wp-json\/wp\/v2\/tags?post=23137"},{"taxonomy":"article_type","embeddable":true,"href":"https:\/\/www.qualitel.org\/professionnels\/wp-json\/wp\/v2\/article_type?post=23137"}],"curies":[{"name":"wp","href":"https:\/\/api.w.org\/{rel}","templated":true}]}}