{"id":23762,"date":"2019-07-08T10:38:25","date_gmt":"2019-07-08T08:38:25","guid":{"rendered":"https:\/\/www.qualitel.org\/professionnels\/?p=23762"},"modified":"2020-12-16T16:17:25","modified_gmt":"2020-12-16T15:17:25","slug":"une-residence-nf-habitat-hqe-et-effinergie-20-a-la-rochelle","status":"publish","type":"post","link":"https:\/\/www.qualitel.org\/professionnels\/actualites\/une-residence-nf-habitat-hqe-et-effinergie-20-a-la-rochelle\/","title":{"rendered":"Une r\u00e9sidence NF Habitat HQE et Effinergie+ -20% \u00e0 La Rochelle"},"content":{"rendered":"","protected":false},"excerpt":{"rendered":"","protected":false},"author":45,"featured_media":23948,"comment_status":"closed","ping_status":"closed","sticky":false,"template":"","format":"standard","meta":{"_acf_changed":false,"footnotes":""},"tags":[418],"article_type":[368],"class_list":["post-23762","post","type-post","status-publish","format-standard","has-post-thumbnail","hentry","tags-certification","tags-developpement","etiquettes-reference","article_type-actualites"],"acf":[],"yoast_head":"<!-- This site is optimized with the Yoast SEO plugin v26.3 - https:\/\/yoast.com\/wordpress\/plugins\/seo\/ -->\n<title>Une r\u00e9sidence NF Habitat HQE et Effinergie+ -20% \u00e0 La Rochelle - Qualitel | Professionnels<\/title>\n<meta name=\"description\" content=\"Le 25 juin 2019, CERQUAL Qualitel Certification et Immobili\u00e8re Atlantic Am\u00e9nagement ont organis\u00e9 la visite d\u2019une nouvelle r\u00e9sidence de logements sociaux \u00e0 La Rochelle\u00a0: \u00ab\u00a0Le Ch\u00e2teau\u00a0\u00bb. Certifi\u00e9 NF Habitat HQE et labellis\u00e9 Effinergie+ -20\u00a0%, rep\u00e8res de r\u00e9f\u00e9rence en mati\u00e8re de construction durable et performante, ce programme de 25 logements s\u2019inscrit ainsi dans une d\u00e9marche exemplaire de d\u00e9veloppement durable.\" \/>\n<meta name=\"robots\" content=\"index, follow, max-snippet:-1, max-image-preview:large, max-video-preview:-1\" \/>\n<link rel=\"canonical\" href=\"https:\/\/www.qualitel.org\/professionnels\/actualites\/une-residence-nf-habitat-hqe-et-effinergie-20-a-la-rochelle\/\" \/>\n<meta property=\"og:locale\" content=\"fr_FR\" \/>\n<meta property=\"og:type\" content=\"article\" \/>\n<meta property=\"og:title\" content=\"Une r\u00e9sidence NF Habitat HQE et Effinergie+ -20% \u00e0 La Rochelle - Qualitel | Professionnels\" \/>\n<meta property=\"og:description\" content=\"Le 25 juin 2019, CERQUAL Qualitel Certification et Immobili\u00e8re Atlantic Am\u00e9nagement ont organis\u00e9 la visite d\u2019une nouvelle r\u00e9sidence de logements sociaux \u00e0 La Rochelle\u00a0: \u00ab\u00a0Le Ch\u00e2teau\u00a0\u00bb. Certifi\u00e9 NF Habitat HQE et labellis\u00e9 Effinergie+ -20\u00a0%, rep\u00e8res de r\u00e9f\u00e9rence en mati\u00e8re de construction durable et performante, ce programme de 25 logements s\u2019inscrit ainsi dans une d\u00e9marche exemplaire de d\u00e9veloppement durable.\" \/>\n<meta property=\"og:url\" content=\"https:\/\/www.qualitel.org\/professionnels\/actualites\/une-residence-nf-habitat-hqe-et-effinergie-20-a-la-rochelle\/\" \/>\n<meta property=\"og:site_name\" content=\"Qualitel | Professionnels\" \/>\n<meta property=\"article:publisher\" content=\"https:\/\/www.facebook.com\/groupequalitel\/\" \/>\n<meta property=\"article:published_time\" content=\"2019-07-08T08:38:25+00:00\" \/>\n<meta property=\"article:modified_time\" content=\"2020-12-16T15:17:25+00:00\" \/>\n<meta property=\"og:image\" content=\"https:\/\/www.qualitel.org\/professionnels\/wp\/..\/uploads\/chateau_atlantic.jpg\" \/>\n\t<meta property=\"og:image:width\" content=\"592\" \/>\n\t<meta property=\"og:image:height\" content=\"590\" \/>\n\t<meta property=\"og:image:type\" content=\"image\/jpeg\" \/>\n<meta name=\"twitter:card\" content=\"summary_large_image\" \/>\n<meta name=\"twitter:description\" content=\"Le 25 juin 2019, CERQUAL Qualitel Certification et Immobili\u00e8re Atlantic Am\u00e9nagement ont organis\u00e9 la visite d\u2019une nouvelle r\u00e9sidence de logements sociaux \u00e0 La Rochelle\u00a0: \u00ab\u00a0Le Ch\u00e2teau\u00a0\u00bb. Certifi\u00e9 NF Habitat HQE et labellis\u00e9 Effinergie+ -20\u00a0%, rep\u00e8res de r\u00e9f\u00e9rence en mati\u00e8re de construction durable et performante, ce programme de 25 logements s\u2019inscrit ainsi dans une d\u00e9marche exemplaire de d\u00e9veloppement durable.\n\" \/>\n<meta name=\"twitter:creator\" content=\"@groupeQUALITEL\" \/>\n<meta name=\"twitter:site\" content=\"@groupeQUALITEL\" \/>\n<meta name=\"twitter:label1\" content=\"Written by\" \/>\n\t<meta name=\"twitter:data1\" content=\"\" \/>\n<script type=\"application\/ld+json\" class=\"yoast-schema-graph\">{\"@context\":\"https:\/\/schema.org\",\"@graph\":[{\"@type\":\"Article\",\"@id\":\"https:\/\/www.qualitel.org\/professionnels\/actualites\/une-residence-nf-habitat-hqe-et-effinergie-20-a-la-rochelle\/#article\",\"isPartOf\":{\"@id\":\"https:\/\/www.qualitel.org\/professionnels\/actualites\/une-residence-nf-habitat-hqe-et-effinergie-20-a-la-rochelle\/\"},\"author\":{\"name\":\"\",\"@id\":\"\"},\"headline\":\"Une r\u00e9sidence NF Habitat HQE et Effinergie+ -20% \u00e0 La Rochelle\",\"datePublished\":\"2019-07-08T08:38:25+00:00\",\"dateModified\":\"2020-12-16T15:17:25+00:00\",\"mainEntityOfPage\":{\"@id\":\"https:\/\/www.qualitel.org\/professionnels\/actualites\/une-residence-nf-habitat-hqe-et-effinergie-20-a-la-rochelle\/\"},\"wordCount\":11,\"publisher\":{\"@id\":\"https:\/\/www.qualitel.org\/professionnels\/#organization\"},\"image\":{\"@id\":\"https:\/\/www.qualitel.org\/professionnels\/actualites\/une-residence-nf-habitat-hqe-et-effinergie-20-a-la-rochelle\/#primaryimage\"},\"thumbnailUrl\":\"https:\/\/www.qualitel.org\/professionnels\/wp\/..\/uploads\/chateau_atlantic.jpg\",\"inLanguage\":\"fr-FR\"},{\"@type\":\"WebPage\",\"@id\":\"https:\/\/www.qualitel.org\/professionnels\/actualites\/une-residence-nf-habitat-hqe-et-effinergie-20-a-la-rochelle\/\",\"url\":\"https:\/\/www.qualitel.org\/professionnels\/actualites\/une-residence-nf-habitat-hqe-et-effinergie-20-a-la-rochelle\/\",\"name\":\"Une r\u00e9sidence NF Habitat HQE et Effinergie+ -20% \u00e0 La Rochelle - Qualitel | Professionnels\",\"isPartOf\":{\"@id\":\"https:\/\/www.qualitel.org\/professionnels\/#website\"},\"primaryImageOfPage\":{\"@id\":\"https:\/\/www.qualitel.org\/professionnels\/actualites\/une-residence-nf-habitat-hqe-et-effinergie-20-a-la-rochelle\/#primaryimage\"},\"image\":{\"@id\":\"https:\/\/www.qualitel.org\/professionnels\/actualites\/une-residence-nf-habitat-hqe-et-effinergie-20-a-la-rochelle\/#primaryimage\"},\"thumbnailUrl\":\"https:\/\/www.qualitel.org\/professionnels\/wp\/..\/uploads\/chateau_atlantic.jpg\",\"datePublished\":\"2019-07-08T08:38:25+00:00\",\"dateModified\":\"2020-12-16T15:17:25+00:00\",\"description\":\"Le 25 juin 2019, CERQUAL Qualitel Certification et Immobili\u00e8re Atlantic Am\u00e9nagement ont organis\u00e9 la visite d\u2019une nouvelle r\u00e9sidence de logements sociaux \u00e0 La Rochelle\u00a0: \u00ab\u00a0Le Ch\u00e2teau\u00a0\u00bb. Certifi\u00e9 NF Habitat HQE et labellis\u00e9 Effinergie+ -20\u00a0%, rep\u00e8res de r\u00e9f\u00e9rence en mati\u00e8re de construction durable et performante, ce programme de 25 logements s\u2019inscrit ainsi dans une d\u00e9marche exemplaire de d\u00e9veloppement durable.\",\"breadcrumb\":{\"@id\":\"https:\/\/www.qualitel.org\/professionnels\/actualites\/une-residence-nf-habitat-hqe-et-effinergie-20-a-la-rochelle\/#breadcrumb\"},\"inLanguage\":\"fr-FR\",\"potentialAction\":[{\"@type\":\"ReadAction\",\"target\":[\"https:\/\/www.qualitel.org\/professionnels\/actualites\/une-residence-nf-habitat-hqe-et-effinergie-20-a-la-rochelle\/\"]}]},{\"@type\":\"ImageObject\",\"inLanguage\":\"fr-FR\",\"@id\":\"https:\/\/www.qualitel.org\/professionnels\/actualites\/une-residence-nf-habitat-hqe-et-effinergie-20-a-la-rochelle\/#primaryimage\",\"url\":\"https:\/\/www.qualitel.org\/professionnels\/wp\/..\/uploads\/chateau_atlantic.jpg\",\"contentUrl\":\"https:\/\/www.qualitel.org\/professionnels\/wp\/..\/uploads\/chateau_atlantic.jpg\",\"width\":592,\"height\":590},{\"@type\":\"BreadcrumbList\",\"@id\":\"https:\/\/www.qualitel.org\/professionnels\/actualites\/une-residence-nf-habitat-hqe-et-effinergie-20-a-la-rochelle\/#breadcrumb\",\"itemListElement\":[{\"@type\":\"ListItem\",\"position\":1,\"name\":\"Accueil\",\"item\":\"https:\/\/www.qualitel.org\/professionnels\/\"},{\"@type\":\"ListItem\",\"position\":2,\"name\":\"Une r\u00e9sidence NF Habitat HQE et Effinergie+ -20&#160;% \u00e0 La Rochelle\"}]},{\"@type\":\"WebSite\",\"@id\":\"https:\/\/www.qualitel.org\/professionnels\/#website\",\"url\":\"https:\/\/www.qualitel.org\/professionnels\/\",\"name\":\"Qualitel | Professionnels\",\"description\":\"\",\"publisher\":{\"@id\":\"https:\/\/www.qualitel.org\/professionnels\/#organization\"},\"potentialAction\":[{\"@type\":\"SearchAction\",\"target\":{\"@type\":\"EntryPoint\",\"urlTemplate\":\"https:\/\/www.qualitel.org\/professionnels\/?s={search_term_string}\"},\"query-input\":{\"@type\":\"PropertyValueSpecification\",\"valueRequired\":true,\"valueName\":\"search_term_string\"}}],\"inLanguage\":\"fr-FR\"},{\"@type\":\"Organization\",\"@id\":\"https:\/\/www.qualitel.org\/professionnels\/#organization\",\"name\":\"Qualitel\",\"url\":\"https:\/\/www.qualitel.org\/professionnels\/\",\"logo\":{\"@type\":\"ImageObject\",\"inLanguage\":\"fr-FR\",\"@id\":\"https:\/\/www.qualitel.org\/professionnels\/#\/schema\/logo\/image\/\",\"url\":\"https:\/\/www.qualitel.org\/professionnels\/wp\/..\/uploads\/qualitel_social.jpg\",\"contentUrl\":\"https:\/\/www.qualitel.org\/professionnels\/wp\/..\/uploads\/qualitel_social.jpg\",\"width\":1080,\"height\":1080,\"caption\":\"Qualitel\"},\"image\":{\"@id\":\"https:\/\/www.qualitel.org\/professionnels\/#\/schema\/logo\/image\/\"},\"sameAs\":[\"https:\/\/www.facebook.com\/groupequalitel\/\",\"https:\/\/x.com\/groupeQUALITEL\",\"https:\/\/www.instagram.com\/associationqualitel\/\"]},{\"@type\":\"Person\",\"@id\":\"\"}]}<\/script>\n<!-- \/ Yoast SEO plugin. -->","yoast_head_json":{"title":"Une r\u00e9sidence NF Habitat HQE et Effinergie+ -20% \u00e0 La Rochelle - Qualitel | Professionnels","description":"Le 25 juin 2019, CERQUAL Qualitel Certification et Immobili\u00e8re Atlantic Am\u00e9nagement ont organis\u00e9 la visite d\u2019une nouvelle r\u00e9sidence de logements sociaux \u00e0 La Rochelle\u00a0: \u00ab\u00a0Le Ch\u00e2teau\u00a0\u00bb. Certifi\u00e9 NF Habitat HQE et labellis\u00e9 Effinergie+ -20\u00a0%, rep\u00e8res de r\u00e9f\u00e9rence en mati\u00e8re de construction durable et performante, ce programme de 25 logements s\u2019inscrit ainsi dans une d\u00e9marche exemplaire de d\u00e9veloppement durable.","robots":{"index":"index","follow":"follow","max-snippet":"max-snippet:-1","max-image-preview":"max-image-preview:large","max-video-preview":"max-video-preview:-1"},"canonical":"https:\/\/www.qualitel.org\/professionnels\/actualites\/une-residence-nf-habitat-hqe-et-effinergie-20-a-la-rochelle\/","og_locale":"fr_FR","og_type":"article","og_title":"Une r\u00e9sidence NF Habitat HQE et Effinergie+ -20% \u00e0 La Rochelle - Qualitel | Professionnels","og_description":"Le 25 juin 2019, CERQUAL Qualitel Certification et Immobili\u00e8re Atlantic Am\u00e9nagement ont organis\u00e9 la visite d\u2019une nouvelle r\u00e9sidence de logements sociaux \u00e0 La Rochelle\u00a0: \u00ab\u00a0Le Ch\u00e2teau\u00a0\u00bb. Certifi\u00e9 NF Habitat HQE et labellis\u00e9 Effinergie+ -20\u00a0%, rep\u00e8res de r\u00e9f\u00e9rence en mati\u00e8re de construction durable et performante, ce programme de 25 logements s\u2019inscrit ainsi dans une d\u00e9marche exemplaire de d\u00e9veloppement durable.","og_url":"https:\/\/www.qualitel.org\/professionnels\/actualites\/une-residence-nf-habitat-hqe-et-effinergie-20-a-la-rochelle\/","og_site_name":"Qualitel | Professionnels","article_publisher":"https:\/\/www.facebook.com\/groupequalitel\/","article_published_time":"2019-07-08T08:38:25+00:00","article_modified_time":"2020-12-16T15:17:25+00:00","og_image":[{"width":592,"height":590,"url":"https:\/\/www.qualitel.org\/professionnels\/wp\/..\/uploads\/chateau_atlantic.jpg","type":"image\/jpeg"}],"twitter_card":"summary_large_image","twitter_description":"Le 25 juin 2019, CERQUAL Qualitel Certification et Immobili\u00e8re Atlantic Am\u00e9nagement ont organis\u00e9 la visite d\u2019une nouvelle r\u00e9sidence de logements sociaux \u00e0 La Rochelle\u00a0: \u00ab\u00a0Le Ch\u00e2teau\u00a0\u00bb. Certifi\u00e9 NF Habitat HQE et labellis\u00e9 Effinergie+ -20\u00a0%, rep\u00e8res de r\u00e9f\u00e9rence en mati\u00e8re de construction durable et performante, ce programme de 25 logements s\u2019inscrit ainsi dans une d\u00e9marche exemplaire de d\u00e9veloppement durable.\n","twitter_creator":"@groupeQUALITEL","twitter_site":"@groupeQUALITEL","twitter_misc":{"Written by":""},"schema":{"@context":"https:\/\/schema.org","@graph":[{"@type":"Article","@id":"https:\/\/www.qualitel.org\/professionnels\/actualites\/une-residence-nf-habitat-hqe-et-effinergie-20-a-la-rochelle\/#article","isPartOf":{"@id":"https:\/\/www.qualitel.org\/professionnels\/actualites\/une-residence-nf-habitat-hqe-et-effinergie-20-a-la-rochelle\/"},"author":{"name":"","@id":""},"headline":"Une r\u00e9sidence NF Habitat HQE et Effinergie+ -20% \u00e0 La Rochelle","datePublished":"2019-07-08T08:38:25+00:00","dateModified":"2020-12-16T15:17:25+00:00","mainEntityOfPage":{"@id":"https:\/\/www.qualitel.org\/professionnels\/actualites\/une-residence-nf-habitat-hqe-et-effinergie-20-a-la-rochelle\/"},"wordCount":11,"publisher":{"@id":"https:\/\/www.qualitel.org\/professionnels\/#organization"},"image":{"@id":"https:\/\/www.qualitel.org\/professionnels\/actualites\/une-residence-nf-habitat-hqe-et-effinergie-20-a-la-rochelle\/#primaryimage"},"thumbnailUrl":"https:\/\/www.qualitel.org\/professionnels\/wp\/..\/uploads\/chateau_atlantic.jpg","inLanguage":"fr-FR"},{"@type":"WebPage","@id":"https:\/\/www.qualitel.org\/professionnels\/actualites\/une-residence-nf-habitat-hqe-et-effinergie-20-a-la-rochelle\/","url":"https:\/\/www.qualitel.org\/professionnels\/actualites\/une-residence-nf-habitat-hqe-et-effinergie-20-a-la-rochelle\/","name":"Une r\u00e9sidence NF Habitat HQE et Effinergie+ -20% \u00e0 La Rochelle - Qualitel | Professionnels","isPartOf":{"@id":"https:\/\/www.qualitel.org\/professionnels\/#website"},"primaryImageOfPage":{"@id":"https:\/\/www.qualitel.org\/professionnels\/actualites\/une-residence-nf-habitat-hqe-et-effinergie-20-a-la-rochelle\/#primaryimage"},"image":{"@id":"https:\/\/www.qualitel.org\/professionnels\/actualites\/une-residence-nf-habitat-hqe-et-effinergie-20-a-la-rochelle\/#primaryimage"},"thumbnailUrl":"https:\/\/www.qualitel.org\/professionnels\/wp\/..\/uploads\/chateau_atlantic.jpg","datePublished":"2019-07-08T08:38:25+00:00","dateModified":"2020-12-16T15:17:25+00:00","description":"Le 25 juin 2019, CERQUAL Qualitel Certification et Immobili\u00e8re Atlantic Am\u00e9nagement ont organis\u00e9 la visite d\u2019une nouvelle r\u00e9sidence de logements sociaux \u00e0 La Rochelle\u00a0: \u00ab\u00a0Le Ch\u00e2teau\u00a0\u00bb. Certifi\u00e9 NF Habitat HQE et labellis\u00e9 Effinergie+ -20\u00a0%, rep\u00e8res de r\u00e9f\u00e9rence en mati\u00e8re de construction durable et performante, ce programme de 25 logements s\u2019inscrit ainsi dans une d\u00e9marche exemplaire de d\u00e9veloppement durable.","breadcrumb":{"@id":"https:\/\/www.qualitel.org\/professionnels\/actualites\/une-residence-nf-habitat-hqe-et-effinergie-20-a-la-rochelle\/#breadcrumb"},"inLanguage":"fr-FR","potentialAction":[{"@type":"ReadAction","target":["https:\/\/www.qualitel.org\/professionnels\/actualites\/une-residence-nf-habitat-hqe-et-effinergie-20-a-la-rochelle\/"]}]},{"@type":"ImageObject","inLanguage":"fr-FR","@id":"https:\/\/www.qualitel.org\/professionnels\/actualites\/une-residence-nf-habitat-hqe-et-effinergie-20-a-la-rochelle\/#primaryimage","url":"https:\/\/www.qualitel.org\/professionnels\/wp\/..\/uploads\/chateau_atlantic.jpg","contentUrl":"https:\/\/www.qualitel.org\/professionnels\/wp\/..\/uploads\/chateau_atlantic.jpg","width":592,"height":590},{"@type":"BreadcrumbList","@id":"https:\/\/www.qualitel.org\/professionnels\/actualites\/une-residence-nf-habitat-hqe-et-effinergie-20-a-la-rochelle\/#breadcrumb","itemListElement":[{"@type":"ListItem","position":1,"name":"Accueil","item":"https:\/\/www.qualitel.org\/professionnels\/"},{"@type":"ListItem","position":2,"name":"Une r\u00e9sidence NF Habitat HQE et Effinergie+ -20&#160;% \u00e0 La Rochelle"}]},{"@type":"WebSite","@id":"https:\/\/www.qualitel.org\/professionnels\/#website","url":"https:\/\/www.qualitel.org\/professionnels\/","name":"Qualitel | Professionnels","description":"","publisher":{"@id":"https:\/\/www.qualitel.org\/professionnels\/#organization"},"potentialAction":[{"@type":"SearchAction","target":{"@type":"EntryPoint","urlTemplate":"https:\/\/www.qualitel.org\/professionnels\/?s={search_term_string}"},"query-input":{"@type":"PropertyValueSpecification","valueRequired":true,"valueName":"search_term_string"}}],"inLanguage":"fr-FR"},{"@type":"Organization","@id":"https:\/\/www.qualitel.org\/professionnels\/#organization","name":"Qualitel","url":"https:\/\/www.qualitel.org\/professionnels\/","logo":{"@type":"ImageObject","inLanguage":"fr-FR","@id":"https:\/\/www.qualitel.org\/professionnels\/#\/schema\/logo\/image\/","url":"https:\/\/www.qualitel.org\/professionnels\/wp\/..\/uploads\/qualitel_social.jpg","contentUrl":"https:\/\/www.qualitel.org\/professionnels\/wp\/..\/uploads\/qualitel_social.jpg","width":1080,"height":1080,"caption":"Qualitel"},"image":{"@id":"https:\/\/www.qualitel.org\/professionnels\/#\/schema\/logo\/image\/"},"sameAs":["https:\/\/www.facebook.com\/groupequalitel\/","https:\/\/x.com\/groupeQUALITEL","https:\/\/www.instagram.com\/associationqualitel\/"]},{"@type":"Person","@id":""}]}},"_links":{"self":[{"href":"https:\/\/www.qualitel.org\/professionnels\/wp-json\/wp\/v2\/posts\/23762","targetHints":{"allow":["GET"]}}],"collection":[{"href":"https:\/\/www.qualitel.org\/professionnels\/wp-json\/wp\/v2\/posts"}],"about":[{"href":"https:\/\/www.qualitel.org\/professionnels\/wp-json\/wp\/v2\/types\/post"}],"author":[{"embeddable":true,"href":"https:\/\/www.qualitel.org\/professionnels\/wp-json\/wp\/v2\/users\/45"}],"replies":[{"embeddable":true,"href":"https:\/\/www.qualitel.org\/professionnels\/wp-json\/wp\/v2\/comments?post=23762"}],"version-history":[{"count":10,"href":"https:\/\/www.qualitel.org\/professionnels\/wp-json\/wp\/v2\/posts\/23762\/revisions"}],"predecessor-version":[{"id":41352,"href":"https:\/\/www.qualitel.org\/professionnels\/wp-json\/wp\/v2\/posts\/23762\/revisions\/41352"}],"wp:featuredmedia":[{"embeddable":true,"href":"https:\/\/www.qualitel.org\/professionnels\/wp-json\/wp\/v2\/media\/23948"}],"wp:attachment":[{"href":"https:\/\/www.qualitel.org\/professionnels\/wp-json\/wp\/v2\/media?parent=23762"}],"wp:term":[{"taxonomy":"tags","embeddable":true,"href":"https:\/\/www.qualitel.org\/professionnels\/wp-json\/wp\/v2\/tags?post=23762"},{"taxonomy":"etiquettes","embeddable":true,"href":"https:\/\/www.qualitel.org\/professionnels\/wp-json\/wp\/v2\/tags?post=23762"},{"taxonomy":"article_type","embeddable":true,"href":"https:\/\/www.qualitel.org\/professionnels\/wp-json\/wp\/v2\/article_type?post=23762"}],"curies":[{"name":"wp","href":"https:\/\/api.w.org\/{rel}","templated":true}]}}