{"id":23780,"date":"2019-07-08T12:58:40","date_gmt":"2019-07-08T10:58:40","guid":{"rendered":"https:\/\/www.qualitel.org\/professionnels\/?p=23780"},"modified":"2019-07-18T19:00:15","modified_gmt":"2019-07-18T17:00:15","slug":"le-referentiel-nf-habitat-evolue-pour-sadapter-a-differents-contextes","status":"publish","type":"post","link":"https:\/\/www.qualitel.org\/professionnels\/actualites\/le-referentiel-nf-habitat-evolue-pour-sadapter-a-differents-contextes\/","title":{"rendered":"Le r\u00e9f\u00e9rentiel NF Habitat \u00e9volue pour s\u2019adapter \u00e0 diff\u00e9rents contextes"},"content":{"rendered":"","protected":false},"excerpt":{"rendered":"","protected":false},"author":18,"featured_media":23783,"comment_status":"closed","ping_status":"closed","sticky":false,"template":"","format":"standard","meta":{"_acf_changed":false,"footnotes":""},"tags":[416],"article_type":[368],"class_list":["post-23780","post","type-post","status-publish","format-standard","has-post-thumbnail","hentry","tags-certification","tags-developpement","etiquettes-publication","article_type-actualites"],"acf":[],"yoast_head":"<!-- This site is optimized with the Yoast SEO plugin v26.3 - https:\/\/yoast.com\/wordpress\/plugins\/seo\/ -->\n<title>Le r\u00e9f\u00e9rentiel NF Habitat \u00e9volue pour s\u2019adapter \u00e0 diff\u00e9rents contextes - Qualitel | Professionnels<\/title>\n<meta name=\"description\" content=\"\u00c0 partir du 16 septembre, une nouvelle version du r\u00e9f\u00e9rentiel de certification NF Habitat \u2013 NF Habitat HQE sera disponible. Principales \u00e9volutions de cette version 3.2\u00a0: l\u2019int\u00e9gration d\u2019applicatifs d\u00e9di\u00e9s aux contextes sp\u00e9cifiques de la Guyane et de la Principaut\u00e9 de Monaco.\" \/>\n<meta name=\"robots\" content=\"index, follow, max-snippet:-1, max-image-preview:large, max-video-preview:-1\" \/>\n<link rel=\"canonical\" href=\"https:\/\/www.qualitel.org\/professionnels\/actualites\/le-referentiel-nf-habitat-evolue-pour-sadapter-a-differents-contextes\/\" \/>\n<meta property=\"og:locale\" content=\"fr_FR\" \/>\n<meta property=\"og:type\" content=\"article\" \/>\n<meta property=\"og:title\" content=\"Le r\u00e9f\u00e9rentiel NF Habitat \u00e9volue pour s\u2019adapter \u00e0 diff\u00e9rents contextes - Qualitel | Professionnels\" \/>\n<meta property=\"og:description\" content=\"\u00c0 partir du 16 septembre, une nouvelle version du r\u00e9f\u00e9rentiel de certification NF Habitat \u2013 NF Habitat HQE sera disponible. Principales \u00e9volutions de cette version 3.2\u00a0: l\u2019int\u00e9gration d\u2019applicatifs d\u00e9di\u00e9s aux contextes sp\u00e9cifiques de la Guyane et de la Principaut\u00e9 de Monaco.\" \/>\n<meta property=\"og:url\" content=\"https:\/\/www.qualitel.org\/professionnels\/actualites\/le-referentiel-nf-habitat-evolue-pour-sadapter-a-differents-contextes\/\" \/>\n<meta property=\"og:site_name\" content=\"Qualitel | Professionnels\" \/>\n<meta property=\"article:publisher\" content=\"https:\/\/www.facebook.com\/groupequalitel\/\" \/>\n<meta property=\"article:published_time\" content=\"2019-07-08T10:58:40+00:00\" \/>\n<meta property=\"article:modified_time\" content=\"2019-07-18T17:00:15+00:00\" \/>\n<meta property=\"og:image\" content=\"https:\/\/www.qualitel.org\/professionnels\/wp\/..\/uploads\/ref_guyane_maroc_V3_2.jpg\" \/>\n\t<meta property=\"og:image:width\" content=\"550\" \/>\n\t<meta property=\"og:image:height\" content=\"420\" \/>\n\t<meta property=\"og:image:type\" content=\"image\/jpeg\" \/>\n<meta name=\"twitter:card\" content=\"summary_large_image\" \/>\n<meta name=\"twitter:description\" content=\"\u00c0 partir du 16 septembre, une nouvelle version du r\u00e9f\u00e9rentiel de certification NF Habitat \u2013 NF Habitat HQE sera disponible. Principales \u00e9volutions de cette version 3.2\u00a0: l\u2019int\u00e9gration d\u2019applicatifs d\u00e9di\u00e9s aux contextes sp\u00e9cifiques de la Guyane et de la Principaut\u00e9 de Monaco.\n\" \/>\n<meta name=\"twitter:creator\" content=\"@groupeQUALITEL\" \/>\n<meta name=\"twitter:site\" content=\"@groupeQUALITEL\" \/>\n<meta name=\"twitter:label1\" content=\"Written by\" \/>\n\t<meta name=\"twitter:data1\" content=\"\" \/>\n<script type=\"application\/ld+json\" class=\"yoast-schema-graph\">{\"@context\":\"https:\/\/schema.org\",\"@graph\":[{\"@type\":\"Article\",\"@id\":\"https:\/\/www.qualitel.org\/professionnels\/actualites\/le-referentiel-nf-habitat-evolue-pour-sadapter-a-differents-contextes\/#article\",\"isPartOf\":{\"@id\":\"https:\/\/www.qualitel.org\/professionnels\/actualites\/le-referentiel-nf-habitat-evolue-pour-sadapter-a-differents-contextes\/\"},\"author\":{\"name\":\"\",\"@id\":\"\"},\"headline\":\"Le r\u00e9f\u00e9rentiel NF Habitat \u00e9volue pour s\u2019adapter \u00e0 diff\u00e9rents contextes\",\"datePublished\":\"2019-07-08T10:58:40+00:00\",\"dateModified\":\"2019-07-18T17:00:15+00:00\",\"mainEntityOfPage\":{\"@id\":\"https:\/\/www.qualitel.org\/professionnels\/actualites\/le-referentiel-nf-habitat-evolue-pour-sadapter-a-differents-contextes\/\"},\"wordCount\":13,\"publisher\":{\"@id\":\"https:\/\/www.qualitel.org\/professionnels\/#organization\"},\"image\":{\"@id\":\"https:\/\/www.qualitel.org\/professionnels\/actualites\/le-referentiel-nf-habitat-evolue-pour-sadapter-a-differents-contextes\/#primaryimage\"},\"thumbnailUrl\":\"https:\/\/www.qualitel.org\/professionnels\/wp\/..\/uploads\/ref_guyane_maroc_V3_2.jpg\",\"inLanguage\":\"fr-FR\"},{\"@type\":\"WebPage\",\"@id\":\"https:\/\/www.qualitel.org\/professionnels\/actualites\/le-referentiel-nf-habitat-evolue-pour-sadapter-a-differents-contextes\/\",\"url\":\"https:\/\/www.qualitel.org\/professionnels\/actualites\/le-referentiel-nf-habitat-evolue-pour-sadapter-a-differents-contextes\/\",\"name\":\"Le r\u00e9f\u00e9rentiel NF Habitat \u00e9volue pour s\u2019adapter \u00e0 diff\u00e9rents contextes - Qualitel | Professionnels\",\"isPartOf\":{\"@id\":\"https:\/\/www.qualitel.org\/professionnels\/#website\"},\"primaryImageOfPage\":{\"@id\":\"https:\/\/www.qualitel.org\/professionnels\/actualites\/le-referentiel-nf-habitat-evolue-pour-sadapter-a-differents-contextes\/#primaryimage\"},\"image\":{\"@id\":\"https:\/\/www.qualitel.org\/professionnels\/actualites\/le-referentiel-nf-habitat-evolue-pour-sadapter-a-differents-contextes\/#primaryimage\"},\"thumbnailUrl\":\"https:\/\/www.qualitel.org\/professionnels\/wp\/..\/uploads\/ref_guyane_maroc_V3_2.jpg\",\"datePublished\":\"2019-07-08T10:58:40+00:00\",\"dateModified\":\"2019-07-18T17:00:15+00:00\",\"description\":\"\u00c0 partir du 16 septembre, une nouvelle version du r\u00e9f\u00e9rentiel de certification NF Habitat \u2013 NF Habitat HQE sera disponible. Principales \u00e9volutions de cette version 3.2\u00a0: l\u2019int\u00e9gration d\u2019applicatifs d\u00e9di\u00e9s aux contextes sp\u00e9cifiques de la Guyane et de la Principaut\u00e9 de Monaco.\",\"breadcrumb\":{\"@id\":\"https:\/\/www.qualitel.org\/professionnels\/actualites\/le-referentiel-nf-habitat-evolue-pour-sadapter-a-differents-contextes\/#breadcrumb\"},\"inLanguage\":\"fr-FR\",\"potentialAction\":[{\"@type\":\"ReadAction\",\"target\":[\"https:\/\/www.qualitel.org\/professionnels\/actualites\/le-referentiel-nf-habitat-evolue-pour-sadapter-a-differents-contextes\/\"]}]},{\"@type\":\"ImageObject\",\"inLanguage\":\"fr-FR\",\"@id\":\"https:\/\/www.qualitel.org\/professionnels\/actualites\/le-referentiel-nf-habitat-evolue-pour-sadapter-a-differents-contextes\/#primaryimage\",\"url\":\"https:\/\/www.qualitel.org\/professionnels\/wp\/..\/uploads\/ref_guyane_maroc_V3_2.jpg\",\"contentUrl\":\"https:\/\/www.qualitel.org\/professionnels\/wp\/..\/uploads\/ref_guyane_maroc_V3_2.jpg\",\"width\":550,\"height\":420},{\"@type\":\"BreadcrumbList\",\"@id\":\"https:\/\/www.qualitel.org\/professionnels\/actualites\/le-referentiel-nf-habitat-evolue-pour-sadapter-a-differents-contextes\/#breadcrumb\",\"itemListElement\":[{\"@type\":\"ListItem\",\"position\":1,\"name\":\"Accueil\",\"item\":\"https:\/\/www.qualitel.org\/professionnels\/\"},{\"@type\":\"ListItem\",\"position\":2,\"name\":\"Le r\u00e9f\u00e9rentiel NF Habitat \u00e9volue pour s\u2019adapter \u00e0 diff\u00e9rents contextes\"}]},{\"@type\":\"WebSite\",\"@id\":\"https:\/\/www.qualitel.org\/professionnels\/#website\",\"url\":\"https:\/\/www.qualitel.org\/professionnels\/\",\"name\":\"Qualitel | Professionnels\",\"description\":\"\",\"publisher\":{\"@id\":\"https:\/\/www.qualitel.org\/professionnels\/#organization\"},\"potentialAction\":[{\"@type\":\"SearchAction\",\"target\":{\"@type\":\"EntryPoint\",\"urlTemplate\":\"https:\/\/www.qualitel.org\/professionnels\/?s={search_term_string}\"},\"query-input\":{\"@type\":\"PropertyValueSpecification\",\"valueRequired\":true,\"valueName\":\"search_term_string\"}}],\"inLanguage\":\"fr-FR\"},{\"@type\":\"Organization\",\"@id\":\"https:\/\/www.qualitel.org\/professionnels\/#organization\",\"name\":\"Qualitel\",\"url\":\"https:\/\/www.qualitel.org\/professionnels\/\",\"logo\":{\"@type\":\"ImageObject\",\"inLanguage\":\"fr-FR\",\"@id\":\"https:\/\/www.qualitel.org\/professionnels\/#\/schema\/logo\/image\/\",\"url\":\"https:\/\/www.qualitel.org\/professionnels\/wp\/..\/uploads\/qualitel_social.jpg\",\"contentUrl\":\"https:\/\/www.qualitel.org\/professionnels\/wp\/..\/uploads\/qualitel_social.jpg\",\"width\":1080,\"height\":1080,\"caption\":\"Qualitel\"},\"image\":{\"@id\":\"https:\/\/www.qualitel.org\/professionnels\/#\/schema\/logo\/image\/\"},\"sameAs\":[\"https:\/\/www.facebook.com\/groupequalitel\/\",\"https:\/\/x.com\/groupeQUALITEL\",\"https:\/\/www.instagram.com\/associationqualitel\/\"]},{\"@type\":\"Person\",\"@id\":\"\"}]}<\/script>\n<!-- \/ Yoast SEO plugin. -->","yoast_head_json":{"title":"Le r\u00e9f\u00e9rentiel NF Habitat \u00e9volue pour s\u2019adapter \u00e0 diff\u00e9rents contextes - Qualitel | Professionnels","description":"\u00c0 partir du 16 septembre, une nouvelle version du r\u00e9f\u00e9rentiel de certification NF Habitat \u2013 NF Habitat HQE sera disponible. Principales \u00e9volutions de cette version 3.2\u00a0: l\u2019int\u00e9gration d\u2019applicatifs d\u00e9di\u00e9s aux contextes sp\u00e9cifiques de la Guyane et de la Principaut\u00e9 de Monaco.","robots":{"index":"index","follow":"follow","max-snippet":"max-snippet:-1","max-image-preview":"max-image-preview:large","max-video-preview":"max-video-preview:-1"},"canonical":"https:\/\/www.qualitel.org\/professionnels\/actualites\/le-referentiel-nf-habitat-evolue-pour-sadapter-a-differents-contextes\/","og_locale":"fr_FR","og_type":"article","og_title":"Le r\u00e9f\u00e9rentiel NF Habitat \u00e9volue pour s\u2019adapter \u00e0 diff\u00e9rents contextes - Qualitel | Professionnels","og_description":"\u00c0 partir du 16 septembre, une nouvelle version du r\u00e9f\u00e9rentiel de certification NF Habitat \u2013 NF Habitat HQE sera disponible. Principales \u00e9volutions de cette version 3.2\u00a0: l\u2019int\u00e9gration d\u2019applicatifs d\u00e9di\u00e9s aux contextes sp\u00e9cifiques de la Guyane et de la Principaut\u00e9 de Monaco.","og_url":"https:\/\/www.qualitel.org\/professionnels\/actualites\/le-referentiel-nf-habitat-evolue-pour-sadapter-a-differents-contextes\/","og_site_name":"Qualitel | Professionnels","article_publisher":"https:\/\/www.facebook.com\/groupequalitel\/","article_published_time":"2019-07-08T10:58:40+00:00","article_modified_time":"2019-07-18T17:00:15+00:00","og_image":[{"width":550,"height":420,"url":"https:\/\/www.qualitel.org\/professionnels\/wp\/..\/uploads\/ref_guyane_maroc_V3_2.jpg","type":"image\/jpeg"}],"twitter_card":"summary_large_image","twitter_description":"\u00c0 partir du 16 septembre, une nouvelle version du r\u00e9f\u00e9rentiel de certification NF Habitat \u2013 NF Habitat HQE sera disponible. Principales \u00e9volutions de cette version 3.2\u00a0: l\u2019int\u00e9gration d\u2019applicatifs d\u00e9di\u00e9s aux contextes sp\u00e9cifiques de la Guyane et de la Principaut\u00e9 de Monaco.\n","twitter_creator":"@groupeQUALITEL","twitter_site":"@groupeQUALITEL","twitter_misc":{"Written by":""},"schema":{"@context":"https:\/\/schema.org","@graph":[{"@type":"Article","@id":"https:\/\/www.qualitel.org\/professionnels\/actualites\/le-referentiel-nf-habitat-evolue-pour-sadapter-a-differents-contextes\/#article","isPartOf":{"@id":"https:\/\/www.qualitel.org\/professionnels\/actualites\/le-referentiel-nf-habitat-evolue-pour-sadapter-a-differents-contextes\/"},"author":{"name":"","@id":""},"headline":"Le r\u00e9f\u00e9rentiel NF Habitat \u00e9volue pour s\u2019adapter \u00e0 diff\u00e9rents contextes","datePublished":"2019-07-08T10:58:40+00:00","dateModified":"2019-07-18T17:00:15+00:00","mainEntityOfPage":{"@id":"https:\/\/www.qualitel.org\/professionnels\/actualites\/le-referentiel-nf-habitat-evolue-pour-sadapter-a-differents-contextes\/"},"wordCount":13,"publisher":{"@id":"https:\/\/www.qualitel.org\/professionnels\/#organization"},"image":{"@id":"https:\/\/www.qualitel.org\/professionnels\/actualites\/le-referentiel-nf-habitat-evolue-pour-sadapter-a-differents-contextes\/#primaryimage"},"thumbnailUrl":"https:\/\/www.qualitel.org\/professionnels\/wp\/..\/uploads\/ref_guyane_maroc_V3_2.jpg","inLanguage":"fr-FR"},{"@type":"WebPage","@id":"https:\/\/www.qualitel.org\/professionnels\/actualites\/le-referentiel-nf-habitat-evolue-pour-sadapter-a-differents-contextes\/","url":"https:\/\/www.qualitel.org\/professionnels\/actualites\/le-referentiel-nf-habitat-evolue-pour-sadapter-a-differents-contextes\/","name":"Le r\u00e9f\u00e9rentiel NF Habitat \u00e9volue pour s\u2019adapter \u00e0 diff\u00e9rents contextes - Qualitel | Professionnels","isPartOf":{"@id":"https:\/\/www.qualitel.org\/professionnels\/#website"},"primaryImageOfPage":{"@id":"https:\/\/www.qualitel.org\/professionnels\/actualites\/le-referentiel-nf-habitat-evolue-pour-sadapter-a-differents-contextes\/#primaryimage"},"image":{"@id":"https:\/\/www.qualitel.org\/professionnels\/actualites\/le-referentiel-nf-habitat-evolue-pour-sadapter-a-differents-contextes\/#primaryimage"},"thumbnailUrl":"https:\/\/www.qualitel.org\/professionnels\/wp\/..\/uploads\/ref_guyane_maroc_V3_2.jpg","datePublished":"2019-07-08T10:58:40+00:00","dateModified":"2019-07-18T17:00:15+00:00","description":"\u00c0 partir du 16 septembre, une nouvelle version du r\u00e9f\u00e9rentiel de certification NF Habitat \u2013 NF Habitat HQE sera disponible. Principales \u00e9volutions de cette version 3.2\u00a0: l\u2019int\u00e9gration d\u2019applicatifs d\u00e9di\u00e9s aux contextes sp\u00e9cifiques de la Guyane et de la Principaut\u00e9 de Monaco.","breadcrumb":{"@id":"https:\/\/www.qualitel.org\/professionnels\/actualites\/le-referentiel-nf-habitat-evolue-pour-sadapter-a-differents-contextes\/#breadcrumb"},"inLanguage":"fr-FR","potentialAction":[{"@type":"ReadAction","target":["https:\/\/www.qualitel.org\/professionnels\/actualites\/le-referentiel-nf-habitat-evolue-pour-sadapter-a-differents-contextes\/"]}]},{"@type":"ImageObject","inLanguage":"fr-FR","@id":"https:\/\/www.qualitel.org\/professionnels\/actualites\/le-referentiel-nf-habitat-evolue-pour-sadapter-a-differents-contextes\/#primaryimage","url":"https:\/\/www.qualitel.org\/professionnels\/wp\/..\/uploads\/ref_guyane_maroc_V3_2.jpg","contentUrl":"https:\/\/www.qualitel.org\/professionnels\/wp\/..\/uploads\/ref_guyane_maroc_V3_2.jpg","width":550,"height":420},{"@type":"BreadcrumbList","@id":"https:\/\/www.qualitel.org\/professionnels\/actualites\/le-referentiel-nf-habitat-evolue-pour-sadapter-a-differents-contextes\/#breadcrumb","itemListElement":[{"@type":"ListItem","position":1,"name":"Accueil","item":"https:\/\/www.qualitel.org\/professionnels\/"},{"@type":"ListItem","position":2,"name":"Le r\u00e9f\u00e9rentiel NF Habitat \u00e9volue pour s\u2019adapter \u00e0 diff\u00e9rents contextes"}]},{"@type":"WebSite","@id":"https:\/\/www.qualitel.org\/professionnels\/#website","url":"https:\/\/www.qualitel.org\/professionnels\/","name":"Qualitel | Professionnels","description":"","publisher":{"@id":"https:\/\/www.qualitel.org\/professionnels\/#organization"},"potentialAction":[{"@type":"SearchAction","target":{"@type":"EntryPoint","urlTemplate":"https:\/\/www.qualitel.org\/professionnels\/?s={search_term_string}"},"query-input":{"@type":"PropertyValueSpecification","valueRequired":true,"valueName":"search_term_string"}}],"inLanguage":"fr-FR"},{"@type":"Organization","@id":"https:\/\/www.qualitel.org\/professionnels\/#organization","name":"Qualitel","url":"https:\/\/www.qualitel.org\/professionnels\/","logo":{"@type":"ImageObject","inLanguage":"fr-FR","@id":"https:\/\/www.qualitel.org\/professionnels\/#\/schema\/logo\/image\/","url":"https:\/\/www.qualitel.org\/professionnels\/wp\/..\/uploads\/qualitel_social.jpg","contentUrl":"https:\/\/www.qualitel.org\/professionnels\/wp\/..\/uploads\/qualitel_social.jpg","width":1080,"height":1080,"caption":"Qualitel"},"image":{"@id":"https:\/\/www.qualitel.org\/professionnels\/#\/schema\/logo\/image\/"},"sameAs":["https:\/\/www.facebook.com\/groupequalitel\/","https:\/\/x.com\/groupeQUALITEL","https:\/\/www.instagram.com\/associationqualitel\/"]},{"@type":"Person","@id":""}]}},"_links":{"self":[{"href":"https:\/\/www.qualitel.org\/professionnels\/wp-json\/wp\/v2\/posts\/23780","targetHints":{"allow":["GET"]}}],"collection":[{"href":"https:\/\/www.qualitel.org\/professionnels\/wp-json\/wp\/v2\/posts"}],"about":[{"href":"https:\/\/www.qualitel.org\/professionnels\/wp-json\/wp\/v2\/types\/post"}],"author":[{"embeddable":true,"href":"https:\/\/www.qualitel.org\/professionnels\/wp-json\/wp\/v2\/users\/18"}],"replies":[{"embeddable":true,"href":"https:\/\/www.qualitel.org\/professionnels\/wp-json\/wp\/v2\/comments?post=23780"}],"version-history":[{"count":14,"href":"https:\/\/www.qualitel.org\/professionnels\/wp-json\/wp\/v2\/posts\/23780\/revisions"}],"predecessor-version":[{"id":24438,"href":"https:\/\/www.qualitel.org\/professionnels\/wp-json\/wp\/v2\/posts\/23780\/revisions\/24438"}],"wp:featuredmedia":[{"embeddable":true,"href":"https:\/\/www.qualitel.org\/professionnels\/wp-json\/wp\/v2\/media\/23783"}],"wp:attachment":[{"href":"https:\/\/www.qualitel.org\/professionnels\/wp-json\/wp\/v2\/media?parent=23780"}],"wp:term":[{"taxonomy":"tags","embeddable":true,"href":"https:\/\/www.qualitel.org\/professionnels\/wp-json\/wp\/v2\/tags?post=23780"},{"taxonomy":"etiquettes","embeddable":true,"href":"https:\/\/www.qualitel.org\/professionnels\/wp-json\/wp\/v2\/tags?post=23780"},{"taxonomy":"article_type","embeddable":true,"href":"https:\/\/www.qualitel.org\/professionnels\/wp-json\/wp\/v2\/article_type?post=23780"}],"curies":[{"name":"wp","href":"https:\/\/api.w.org\/{rel}","templated":true}]}}