{"id":25665,"date":"2019-08-29T12:07:27","date_gmt":"2019-08-29T10:07:27","guid":{"rendered":"https:\/\/www.qualitel.org\/professionnels\/?p=25665"},"modified":"2026-03-24T10:22:36","modified_gmt":"2026-03-24T09:22:36","slug":"la-ville-dannemasse-sengage-dans-la-certification-nf-habitat-hqe","status":"publish","type":"post","link":"https:\/\/www.qualitel.org\/professionnels\/actualites\/la-ville-dannemasse-sengage-dans-la-certification-nf-habitat-hqe\/","title":{"rendered":"La Ville d\u2019Annemasse s\u2019engage dans la certification NF&nbsp;Habitat&nbsp;HQE"},"content":{"rendered":"<p><a href=\"https:\/\/www.qualitel.org\/professionnels\/certifications\/attestation-bonus-constructibilite\/\" target=\"_blank\" rel=\"noopener\">Le bonus de constructibilit\u00e9<\/a> est inscrit dans la Loi Transition \u00c9nerg\u00e9tique et \u00e0 la Croissance Verte (TECV) du 17 ao\u00fbt 2015. Il vise \u00e0 inciter les Ma\u00eetres d&rsquo;ouvrage \u00e0 construire des b\u00e2timents exemplaires du point de vue \u00e9nerg\u00e9tique et environnemental et \u00e0 g\u00e9n\u00e9raliser le b\u00e2timent \u00e0 \u00e9nergie positive \u00e0 l\u2019horizon 2020. Lorsque le bonus est int\u00e9gr\u00e9 dans le PLU, les acteurs qui en b\u00e9n\u00e9ficient sont autoris\u00e9s \u00e0 d\u00e9passer le coefficient d\u2019occupation des sols, dans une limite de 30\u00a0%.<\/p>\n<p>La Ville d&rsquo;Annemasse a la volont\u00e9 de s&rsquo;engager dans une d\u00e9marche de qualit\u00e9 des logements r\u00e9pondant aux enjeux de d\u00e9veloppement durable. C&rsquo;est pourquoi elle a int\u00e9gr\u00e9 dans son nouveau Plan Local d&rsquo;Urbanisme l&rsquo;encouragement \u00e0 la construction de b\u00e2timents \u00e0 \u00e9nergie positive. C&rsquo;est l&rsquo;un des nombreux \u00e9l\u00e9ments qui fait d&rsquo;elle une ville durable.<\/p>\n<p><strong>\u00ab\u00a0<\/strong>L\u2019une des missions premi\u00e8res de la certification NF Habitat HQE est de permettre aux acteurs volontairement engag\u00e9s dans une dynamique de qualit\u00e9 de r\u00e9pondre pleinement aux enjeux actuels du logement et aux attentes des habitants, tout en anticipant ceux \u00e0 venir. C\u2019est cette dynamique qu\u2019a choisi la Ville d\u2019Annemasse pour son parc r\u00e9sidentiel. Nous sommes ravis de l\u2019accompagner dans une nouvelle \u00e9tape de cet engagement citoyen\u00a0: d\u00e9ployer la construction de b\u00e2timents de logements \u00e0 \u00e9nergie positive, tout en assurant qualit\u00e9 de vie, respect de l\u2019environnement et performance \u00e9conomique pour l\u2019ensemble des logements produits<b>.\u00a0\u00bb\u00a0<\/b><\/p>\n<p>\u2014 <em>Pierre-Henri Julien, Directeur g\u00e9n\u00e9ral de CERQUAL Qualitel Certification de 2015 \u00e0 2026<\/em><\/p>\n","protected":false},"excerpt":{"rendered":"<p>Le bonus de constructibilit\u00e9 est inscrit dans la Loi Transition \u00c9nerg\u00e9tique et \u00e0 la Croissance Verte (TECV) du 17 ao\u00fbt 2015. Il vise \u00e0 inciter les Ma\u00eetres d&rsquo;ouvrage \u00e0 construire des b\u00e2timents exemplaires du point de vue \u00e9nerg\u00e9tique et environnemental et \u00e0 g\u00e9n\u00e9raliser le b\u00e2timent \u00e0 \u00e9nergie positive \u00e0 l\u2019horizon 2020. Lorsque le bonus est &#8230; <\/p>\n","protected":false},"author":24,"featured_media":25673,"comment_status":"closed","ping_status":"closed","sticky":false,"template":"","format":"standard","meta":{"_acf_changed":false,"footnotes":""},"tags":[418],"article_type":[368],"class_list":["post-25665","post","type-post","status-publish","format-standard","has-post-thumbnail","hentry","tags-certification","tags-developpement","etiquettes-reference","article_type-actualites"],"acf":[],"yoast_head":"<!-- This site is optimized with the Yoast SEO plugin v26.3 - https:\/\/yoast.com\/wordpress\/plugins\/seo\/ -->\n<title>La Ville d\u2019Annemasse s\u2019engage dans la certification NF&nbsp;Habitat&nbsp;HQE - Qualitel | Professionnels<\/title>\n<meta name=\"description\" content=\"CERQUAL Qualitel Certification et la Ville d\u2019Annemasse ont sign\u00e9 une convention de partenariat le 4 juin 2019. Ce partenariat vise \u00e0 encourager la construction de b\u00e2timents de logements \u00e0 \u00e9nergie positive sur le territoire, avec la certification NF Habitat HQE.\" \/>\n<meta name=\"robots\" content=\"index, follow, max-snippet:-1, max-image-preview:large, max-video-preview:-1\" \/>\n<link rel=\"canonical\" href=\"https:\/\/www.qualitel.org\/professionnels\/actualites\/la-ville-dannemasse-sengage-dans-la-certification-nf-habitat-hqe\/\" \/>\n<meta property=\"og:locale\" content=\"fr_FR\" \/>\n<meta property=\"og:type\" content=\"article\" \/>\n<meta property=\"og:title\" content=\"La Ville d\u2019Annemasse s\u2019engage dans la certification NF&nbsp;Habitat&nbsp;HQE - Qualitel | Professionnels\" \/>\n<meta property=\"og:description\" content=\"CERQUAL Qualitel Certification et la Ville d\u2019Annemasse ont sign\u00e9 une convention de partenariat le 4 juin 2019. Ce partenariat vise \u00e0 encourager la construction de b\u00e2timents de logements \u00e0 \u00e9nergie positive sur le territoire, avec la certification NF Habitat HQE.\" \/>\n<meta property=\"og:url\" content=\"https:\/\/www.qualitel.org\/professionnels\/actualites\/la-ville-dannemasse-sengage-dans-la-certification-nf-habitat-hqe\/\" \/>\n<meta property=\"og:site_name\" content=\"Qualitel | Professionnels\" \/>\n<meta property=\"article:publisher\" content=\"https:\/\/www.facebook.com\/groupequalitel\/\" \/>\n<meta property=\"article:published_time\" content=\"2019-08-29T10:07:27+00:00\" \/>\n<meta property=\"article:modified_time\" content=\"2026-03-24T09:22:36+00:00\" \/>\n<meta property=\"og:image\" content=\"https:\/\/www.qualitel.org\/professionnels\/wp\/..\/uploads\/Signature_Annemasse.jpg\" \/>\n\t<meta property=\"og:image:width\" content=\"800\" \/>\n\t<meta property=\"og:image:height\" content=\"778\" \/>\n\t<meta property=\"og:image:type\" content=\"image\/jpeg\" \/>\n<meta name=\"author\" content=\"Julie CARNEZ\" \/>\n<meta name=\"twitter:card\" content=\"summary_large_image\" \/>\n<meta name=\"twitter:description\" content=\"CERQUAL Qualitel Certification et la Ville d\u2019Annemasse ont sign\u00e9 une convention de partenariat le 4 juin 2019. Ce partenariat vise \u00e0 encourager la construction de b\u00e2timents de logements \u00e0 \u00e9nergie positive sur le territoire, avec la certification NF Habitat HQE.\n\" \/>\n<meta name=\"twitter:creator\" content=\"@groupeQUALITEL\" \/>\n<meta name=\"twitter:site\" content=\"@groupeQUALITEL\" \/>\n<meta name=\"twitter:label1\" content=\"Written by\" \/>\n\t<meta name=\"twitter:data1\" content=\"Julie CARNEZ\" \/>\n\t<meta name=\"twitter:label2\" content=\"Est. reading time\" \/>\n\t<meta name=\"twitter:data2\" content=\"5 minutes\" \/>\n<script type=\"application\/ld+json\" class=\"yoast-schema-graph\">{\"@context\":\"https:\/\/schema.org\",\"@graph\":[{\"@type\":\"Article\",\"@id\":\"https:\/\/www.qualitel.org\/professionnels\/actualites\/la-ville-dannemasse-sengage-dans-la-certification-nf-habitat-hqe\/#article\",\"isPartOf\":{\"@id\":\"https:\/\/www.qualitel.org\/professionnels\/actualites\/la-ville-dannemasse-sengage-dans-la-certification-nf-habitat-hqe\/\"},\"author\":{\"name\":\"Julie CARNEZ\",\"@id\":\"https:\/\/www.qualitel.org\/professionnels\/#\/schema\/person\/8da1b40abc7d27162c267baae6ea6b6e\"},\"headline\":\"La Ville d\u2019Annemasse s\u2019engage dans la certification NF&nbsp;Habitat&nbsp;HQE\",\"datePublished\":\"2019-08-29T10:07:27+00:00\",\"dateModified\":\"2026-03-24T09:22:36+00:00\",\"mainEntityOfPage\":{\"@id\":\"https:\/\/www.qualitel.org\/professionnels\/actualites\/la-ville-dannemasse-sengage-dans-la-certification-nf-habitat-hqe\/\"},\"wordCount\":285,\"publisher\":{\"@id\":\"https:\/\/www.qualitel.org\/professionnels\/#organization\"},\"image\":{\"@id\":\"https:\/\/www.qualitel.org\/professionnels\/actualites\/la-ville-dannemasse-sengage-dans-la-certification-nf-habitat-hqe\/#primaryimage\"},\"thumbnailUrl\":\"https:\/\/www.qualitel.org\/professionnels\/wp\/..\/uploads\/Signature_Annemasse.jpg\",\"inLanguage\":\"fr-FR\"},{\"@type\":\"WebPage\",\"@id\":\"https:\/\/www.qualitel.org\/professionnels\/actualites\/la-ville-dannemasse-sengage-dans-la-certification-nf-habitat-hqe\/\",\"url\":\"https:\/\/www.qualitel.org\/professionnels\/actualites\/la-ville-dannemasse-sengage-dans-la-certification-nf-habitat-hqe\/\",\"name\":\"La Ville d\u2019Annemasse s\u2019engage dans la certification NF&nbsp;Habitat&nbsp;HQE - Qualitel | Professionnels\",\"isPartOf\":{\"@id\":\"https:\/\/www.qualitel.org\/professionnels\/#website\"},\"primaryImageOfPage\":{\"@id\":\"https:\/\/www.qualitel.org\/professionnels\/actualites\/la-ville-dannemasse-sengage-dans-la-certification-nf-habitat-hqe\/#primaryimage\"},\"image\":{\"@id\":\"https:\/\/www.qualitel.org\/professionnels\/actualites\/la-ville-dannemasse-sengage-dans-la-certification-nf-habitat-hqe\/#primaryimage\"},\"thumbnailUrl\":\"https:\/\/www.qualitel.org\/professionnels\/wp\/..\/uploads\/Signature_Annemasse.jpg\",\"datePublished\":\"2019-08-29T10:07:27+00:00\",\"dateModified\":\"2026-03-24T09:22:36+00:00\",\"description\":\"CERQUAL Qualitel Certification et la Ville d\u2019Annemasse ont sign\u00e9 une convention de partenariat le 4 juin 2019. Ce partenariat vise \u00e0 encourager la construction de b\u00e2timents de logements \u00e0 \u00e9nergie positive sur le territoire, avec la certification NF Habitat HQE.\",\"breadcrumb\":{\"@id\":\"https:\/\/www.qualitel.org\/professionnels\/actualites\/la-ville-dannemasse-sengage-dans-la-certification-nf-habitat-hqe\/#breadcrumb\"},\"inLanguage\":\"fr-FR\",\"potentialAction\":[{\"@type\":\"ReadAction\",\"target\":[\"https:\/\/www.qualitel.org\/professionnels\/actualites\/la-ville-dannemasse-sengage-dans-la-certification-nf-habitat-hqe\/\"]}]},{\"@type\":\"ImageObject\",\"inLanguage\":\"fr-FR\",\"@id\":\"https:\/\/www.qualitel.org\/professionnels\/actualites\/la-ville-dannemasse-sengage-dans-la-certification-nf-habitat-hqe\/#primaryimage\",\"url\":\"https:\/\/www.qualitel.org\/professionnels\/wp\/..\/uploads\/Signature_Annemasse.jpg\",\"contentUrl\":\"https:\/\/www.qualitel.org\/professionnels\/wp\/..\/uploads\/Signature_Annemasse.jpg\",\"width\":800,\"height\":778},{\"@type\":\"BreadcrumbList\",\"@id\":\"https:\/\/www.qualitel.org\/professionnels\/actualites\/la-ville-dannemasse-sengage-dans-la-certification-nf-habitat-hqe\/#breadcrumb\",\"itemListElement\":[{\"@type\":\"ListItem\",\"position\":1,\"name\":\"Accueil\",\"item\":\"https:\/\/www.qualitel.org\/professionnels\/\"},{\"@type\":\"ListItem\",\"position\":2,\"name\":\"La Ville d\u2019Annemasse s\u2019engage dans la certification NF&nbsp;Habitat&nbsp;HQE\"}]},{\"@type\":\"WebSite\",\"@id\":\"https:\/\/www.qualitel.org\/professionnels\/#website\",\"url\":\"https:\/\/www.qualitel.org\/professionnels\/\",\"name\":\"Qualitel | Professionnels\",\"description\":\"\",\"publisher\":{\"@id\":\"https:\/\/www.qualitel.org\/professionnels\/#organization\"},\"potentialAction\":[{\"@type\":\"SearchAction\",\"target\":{\"@type\":\"EntryPoint\",\"urlTemplate\":\"https:\/\/www.qualitel.org\/professionnels\/?s={search_term_string}\"},\"query-input\":{\"@type\":\"PropertyValueSpecification\",\"valueRequired\":true,\"valueName\":\"search_term_string\"}}],\"inLanguage\":\"fr-FR\"},{\"@type\":\"Organization\",\"@id\":\"https:\/\/www.qualitel.org\/professionnels\/#organization\",\"name\":\"Qualitel\",\"url\":\"https:\/\/www.qualitel.org\/professionnels\/\",\"logo\":{\"@type\":\"ImageObject\",\"inLanguage\":\"fr-FR\",\"@id\":\"https:\/\/www.qualitel.org\/professionnels\/#\/schema\/logo\/image\/\",\"url\":\"https:\/\/www.qualitel.org\/professionnels\/wp\/..\/uploads\/qualitel_social.jpg\",\"contentUrl\":\"https:\/\/www.qualitel.org\/professionnels\/wp\/..\/uploads\/qualitel_social.jpg\",\"width\":1080,\"height\":1080,\"caption\":\"Qualitel\"},\"image\":{\"@id\":\"https:\/\/www.qualitel.org\/professionnels\/#\/schema\/logo\/image\/\"},\"sameAs\":[\"https:\/\/www.facebook.com\/groupequalitel\/\",\"https:\/\/x.com\/groupeQUALITEL\",\"https:\/\/www.instagram.com\/associationqualitel\/\"]},{\"@type\":\"Person\",\"@id\":\"https:\/\/www.qualitel.org\/professionnels\/#\/schema\/person\/8da1b40abc7d27162c267baae6ea6b6e\",\"name\":\"Julie CARNEZ\",\"image\":{\"@type\":\"ImageObject\",\"inLanguage\":\"fr-FR\",\"@id\":\"https:\/\/www.qualitel.org\/professionnels\/#\/schema\/person\/image\/\",\"url\":\"https:\/\/secure.gravatar.com\/avatar\/41fcfdc51e7305fd5b17ead841bd2e1f6a982b0f5ccaf899636b8ccab25ca5b1?s=96&d=mm&r=g\",\"contentUrl\":\"https:\/\/secure.gravatar.com\/avatar\/41fcfdc51e7305fd5b17ead841bd2e1f6a982b0f5ccaf899636b8ccab25ca5b1?s=96&d=mm&r=g\",\"caption\":\"Julie CARNEZ\"}}]}<\/script>\n<!-- \/ Yoast SEO plugin. -->","yoast_head_json":{"title":"La Ville d\u2019Annemasse s\u2019engage dans la certification NF&nbsp;Habitat&nbsp;HQE - Qualitel | Professionnels","description":"CERQUAL Qualitel Certification et la Ville d\u2019Annemasse ont sign\u00e9 une convention de partenariat le 4 juin 2019. Ce partenariat vise \u00e0 encourager la construction de b\u00e2timents de logements \u00e0 \u00e9nergie positive sur le territoire, avec la certification NF Habitat HQE.","robots":{"index":"index","follow":"follow","max-snippet":"max-snippet:-1","max-image-preview":"max-image-preview:large","max-video-preview":"max-video-preview:-1"},"canonical":"https:\/\/www.qualitel.org\/professionnels\/actualites\/la-ville-dannemasse-sengage-dans-la-certification-nf-habitat-hqe\/","og_locale":"fr_FR","og_type":"article","og_title":"La Ville d\u2019Annemasse s\u2019engage dans la certification NF&nbsp;Habitat&nbsp;HQE - Qualitel | Professionnels","og_description":"CERQUAL Qualitel Certification et la Ville d\u2019Annemasse ont sign\u00e9 une convention de partenariat le 4 juin 2019. Ce partenariat vise \u00e0 encourager la construction de b\u00e2timents de logements \u00e0 \u00e9nergie positive sur le territoire, avec la certification NF Habitat HQE.","og_url":"https:\/\/www.qualitel.org\/professionnels\/actualites\/la-ville-dannemasse-sengage-dans-la-certification-nf-habitat-hqe\/","og_site_name":"Qualitel | Professionnels","article_publisher":"https:\/\/www.facebook.com\/groupequalitel\/","article_published_time":"2019-08-29T10:07:27+00:00","article_modified_time":"2026-03-24T09:22:36+00:00","og_image":[{"width":800,"height":778,"url":"https:\/\/www.qualitel.org\/professionnels\/wp\/..\/uploads\/Signature_Annemasse.jpg","type":"image\/jpeg"}],"author":"Julie CARNEZ","twitter_card":"summary_large_image","twitter_description":"CERQUAL Qualitel Certification et la Ville d\u2019Annemasse ont sign\u00e9 une convention de partenariat le 4 juin 2019. Ce partenariat vise \u00e0 encourager la construction de b\u00e2timents de logements \u00e0 \u00e9nergie positive sur le territoire, avec la certification NF Habitat HQE.\n","twitter_creator":"@groupeQUALITEL","twitter_site":"@groupeQUALITEL","twitter_misc":{"Written by":"Julie CARNEZ","Est. reading time":"5 minutes"},"schema":{"@context":"https:\/\/schema.org","@graph":[{"@type":"Article","@id":"https:\/\/www.qualitel.org\/professionnels\/actualites\/la-ville-dannemasse-sengage-dans-la-certification-nf-habitat-hqe\/#article","isPartOf":{"@id":"https:\/\/www.qualitel.org\/professionnels\/actualites\/la-ville-dannemasse-sengage-dans-la-certification-nf-habitat-hqe\/"},"author":{"name":"Julie CARNEZ","@id":"https:\/\/www.qualitel.org\/professionnels\/#\/schema\/person\/8da1b40abc7d27162c267baae6ea6b6e"},"headline":"La Ville d\u2019Annemasse s\u2019engage dans la certification NF&nbsp;Habitat&nbsp;HQE","datePublished":"2019-08-29T10:07:27+00:00","dateModified":"2026-03-24T09:22:36+00:00","mainEntityOfPage":{"@id":"https:\/\/www.qualitel.org\/professionnels\/actualites\/la-ville-dannemasse-sengage-dans-la-certification-nf-habitat-hqe\/"},"wordCount":285,"publisher":{"@id":"https:\/\/www.qualitel.org\/professionnels\/#organization"},"image":{"@id":"https:\/\/www.qualitel.org\/professionnels\/actualites\/la-ville-dannemasse-sengage-dans-la-certification-nf-habitat-hqe\/#primaryimage"},"thumbnailUrl":"https:\/\/www.qualitel.org\/professionnels\/wp\/..\/uploads\/Signature_Annemasse.jpg","inLanguage":"fr-FR"},{"@type":"WebPage","@id":"https:\/\/www.qualitel.org\/professionnels\/actualites\/la-ville-dannemasse-sengage-dans-la-certification-nf-habitat-hqe\/","url":"https:\/\/www.qualitel.org\/professionnels\/actualites\/la-ville-dannemasse-sengage-dans-la-certification-nf-habitat-hqe\/","name":"La Ville d\u2019Annemasse s\u2019engage dans la certification NF&nbsp;Habitat&nbsp;HQE - Qualitel | Professionnels","isPartOf":{"@id":"https:\/\/www.qualitel.org\/professionnels\/#website"},"primaryImageOfPage":{"@id":"https:\/\/www.qualitel.org\/professionnels\/actualites\/la-ville-dannemasse-sengage-dans-la-certification-nf-habitat-hqe\/#primaryimage"},"image":{"@id":"https:\/\/www.qualitel.org\/professionnels\/actualites\/la-ville-dannemasse-sengage-dans-la-certification-nf-habitat-hqe\/#primaryimage"},"thumbnailUrl":"https:\/\/www.qualitel.org\/professionnels\/wp\/..\/uploads\/Signature_Annemasse.jpg","datePublished":"2019-08-29T10:07:27+00:00","dateModified":"2026-03-24T09:22:36+00:00","description":"CERQUAL Qualitel Certification et la Ville d\u2019Annemasse ont sign\u00e9 une convention de partenariat le 4 juin 2019. Ce partenariat vise \u00e0 encourager la construction de b\u00e2timents de logements \u00e0 \u00e9nergie positive sur le territoire, avec la certification NF Habitat HQE.","breadcrumb":{"@id":"https:\/\/www.qualitel.org\/professionnels\/actualites\/la-ville-dannemasse-sengage-dans-la-certification-nf-habitat-hqe\/#breadcrumb"},"inLanguage":"fr-FR","potentialAction":[{"@type":"ReadAction","target":["https:\/\/www.qualitel.org\/professionnels\/actualites\/la-ville-dannemasse-sengage-dans-la-certification-nf-habitat-hqe\/"]}]},{"@type":"ImageObject","inLanguage":"fr-FR","@id":"https:\/\/www.qualitel.org\/professionnels\/actualites\/la-ville-dannemasse-sengage-dans-la-certification-nf-habitat-hqe\/#primaryimage","url":"https:\/\/www.qualitel.org\/professionnels\/wp\/..\/uploads\/Signature_Annemasse.jpg","contentUrl":"https:\/\/www.qualitel.org\/professionnels\/wp\/..\/uploads\/Signature_Annemasse.jpg","width":800,"height":778},{"@type":"BreadcrumbList","@id":"https:\/\/www.qualitel.org\/professionnels\/actualites\/la-ville-dannemasse-sengage-dans-la-certification-nf-habitat-hqe\/#breadcrumb","itemListElement":[{"@type":"ListItem","position":1,"name":"Accueil","item":"https:\/\/www.qualitel.org\/professionnels\/"},{"@type":"ListItem","position":2,"name":"La Ville d\u2019Annemasse s\u2019engage dans la certification NF&nbsp;Habitat&nbsp;HQE"}]},{"@type":"WebSite","@id":"https:\/\/www.qualitel.org\/professionnels\/#website","url":"https:\/\/www.qualitel.org\/professionnels\/","name":"Qualitel | Professionnels","description":"","publisher":{"@id":"https:\/\/www.qualitel.org\/professionnels\/#organization"},"potentialAction":[{"@type":"SearchAction","target":{"@type":"EntryPoint","urlTemplate":"https:\/\/www.qualitel.org\/professionnels\/?s={search_term_string}"},"query-input":{"@type":"PropertyValueSpecification","valueRequired":true,"valueName":"search_term_string"}}],"inLanguage":"fr-FR"},{"@type":"Organization","@id":"https:\/\/www.qualitel.org\/professionnels\/#organization","name":"Qualitel","url":"https:\/\/www.qualitel.org\/professionnels\/","logo":{"@type":"ImageObject","inLanguage":"fr-FR","@id":"https:\/\/www.qualitel.org\/professionnels\/#\/schema\/logo\/image\/","url":"https:\/\/www.qualitel.org\/professionnels\/wp\/..\/uploads\/qualitel_social.jpg","contentUrl":"https:\/\/www.qualitel.org\/professionnels\/wp\/..\/uploads\/qualitel_social.jpg","width":1080,"height":1080,"caption":"Qualitel"},"image":{"@id":"https:\/\/www.qualitel.org\/professionnels\/#\/schema\/logo\/image\/"},"sameAs":["https:\/\/www.facebook.com\/groupequalitel\/","https:\/\/x.com\/groupeQUALITEL","https:\/\/www.instagram.com\/associationqualitel\/"]},{"@type":"Person","@id":"https:\/\/www.qualitel.org\/professionnels\/#\/schema\/person\/8da1b40abc7d27162c267baae6ea6b6e","name":"Julie CARNEZ","image":{"@type":"ImageObject","inLanguage":"fr-FR","@id":"https:\/\/www.qualitel.org\/professionnels\/#\/schema\/person\/image\/","url":"https:\/\/secure.gravatar.com\/avatar\/41fcfdc51e7305fd5b17ead841bd2e1f6a982b0f5ccaf899636b8ccab25ca5b1?s=96&d=mm&r=g","contentUrl":"https:\/\/secure.gravatar.com\/avatar\/41fcfdc51e7305fd5b17ead841bd2e1f6a982b0f5ccaf899636b8ccab25ca5b1?s=96&d=mm&r=g","caption":"Julie CARNEZ"}}]}},"_links":{"self":[{"href":"https:\/\/www.qualitel.org\/professionnels\/wp-json\/wp\/v2\/posts\/25665","targetHints":{"allow":["GET"]}}],"collection":[{"href":"https:\/\/www.qualitel.org\/professionnels\/wp-json\/wp\/v2\/posts"}],"about":[{"href":"https:\/\/www.qualitel.org\/professionnels\/wp-json\/wp\/v2\/types\/post"}],"author":[{"embeddable":true,"href":"https:\/\/www.qualitel.org\/professionnels\/wp-json\/wp\/v2\/users\/24"}],"replies":[{"embeddable":true,"href":"https:\/\/www.qualitel.org\/professionnels\/wp-json\/wp\/v2\/comments?post=25665"}],"version-history":[{"count":32,"href":"https:\/\/www.qualitel.org\/professionnels\/wp-json\/wp\/v2\/posts\/25665\/revisions"}],"predecessor-version":[{"id":128621,"href":"https:\/\/www.qualitel.org\/professionnels\/wp-json\/wp\/v2\/posts\/25665\/revisions\/128621"}],"wp:featuredmedia":[{"embeddable":true,"href":"https:\/\/www.qualitel.org\/professionnels\/wp-json\/wp\/v2\/media\/25673"}],"wp:attachment":[{"href":"https:\/\/www.qualitel.org\/professionnels\/wp-json\/wp\/v2\/media?parent=25665"}],"wp:term":[{"taxonomy":"tags","embeddable":true,"href":"https:\/\/www.qualitel.org\/professionnels\/wp-json\/wp\/v2\/tags?post=25665"},{"taxonomy":"etiquettes","embeddable":true,"href":"https:\/\/www.qualitel.org\/professionnels\/wp-json\/wp\/v2\/tags?post=25665"},{"taxonomy":"article_type","embeddable":true,"href":"https:\/\/www.qualitel.org\/professionnels\/wp-json\/wp\/v2\/article_type?post=25665"}],"curies":[{"name":"wp","href":"https:\/\/api.w.org\/{rel}","templated":true}]}}