{"id":26181,"date":"2019-09-19T16:40:30","date_gmt":"2019-09-19T14:40:30","guid":{"rendered":"https:\/\/www.qualitel.org\/professionnels\/?p=26181"},"modified":"2024-10-15T11:53:03","modified_gmt":"2024-10-15T09:53:03","slug":"cities-to-be-un-rendez-vous-reussi-pour-qualitel","status":"publish","type":"post","link":"https:\/\/www.qualitel.org\/professionnels\/actualites\/cities-to-be-un-rendez-vous-reussi-pour-qualitel\/","title":{"rendered":"Cities to Be : un rendez-vous r\u00e9ussi pour QUALITEL"},"content":{"rendered":"<p><em>La certification \u00e7a va dans le bon sens\u00a0: il est n\u00e9cessaire que les b\u00e2timents soient plus vertueux.<\/em><\/p>\n<p>CERQUAL Qualitel Certification, l\u2019organisme certificateur de <a href=\"https:\/\/www.qualitel.org\/activites\/\" target=\"_blank\" rel=\"noopener\">l\u2019Association QUALITEL<\/a> d\u00e9livre <a href=\"https:\/\/www.qualitel.org\/professionnels\/certifications\/nf-habitat\/\" target=\"_blank\" rel=\"noopener\">NF Habitat \u2013 NF Habitat HQE<\/a> qui \u00a0permet aux professionnels du secteur, d\u2019offrir des logements qui r\u00e9pondent \u00e0 des crit\u00e8res exigeants en mati\u00e8re de confort, de respect de l\u2019environnement et d\u2018\u00e9conomie.<\/p>\n","protected":false},"excerpt":{"rendered":"<p>La certification \u00e7a va dans le bon sens\u00a0: il est n\u00e9cessaire que les b\u00e2timents soient plus vertueux. CERQUAL Qualitel Certification, l\u2019organisme certificateur de l\u2019Association QUALITEL d\u00e9livre NF Habitat \u2013 NF Habitat HQE qui \u00a0permet aux professionnels du secteur, d\u2019offrir des logements qui r\u00e9pondent \u00e0 des crit\u00e8res exigeants en mati\u00e8re de confort, de respect de l\u2019environnement &#8230; <\/p>\n","protected":false},"author":24,"featured_media":25911,"comment_status":"closed","ping_status":"closed","sticky":false,"template":"","format":"standard","meta":{"_acf_changed":false,"footnotes":""},"tags":[425],"article_type":[368],"class_list":["post-26181","post","type-post","status-publish","format-standard","has-post-thumbnail","hentry","tags-certification","tags-developpement","etiquettes-rendez-vous","article_type-actualites"],"acf":[],"yoast_head":"<!-- This site is optimized with the Yoast SEO plugin v26.3 - https:\/\/yoast.com\/wordpress\/plugins\/seo\/ -->\n<title>Cities to Be : un rendez-vous r\u00e9ussi pour QUALITEL - Qualitel | Professionnels<\/title>\n<meta name=\"description\" content=\"Organis\u00e9 par l\u2019Alliance HQE-GBC et Novabuild, le congr\u00e8s international Cities to Be s\u2019est d\u00e9roul\u00e9 les 12 et 13 septembre 2019 \u00e0 Angers. CERQUAL Qualitel Certification, l\u2019organisme certificateur de QUALITEL et partenaire de l\u2019\u00e9v\u00e8nement, \u00e9tait pr\u00e9sent pour rencontrer les professionnels et valoriser la qualit\u00e9 de l\u2019habitat durable et la r\u00e9novation \u00e9nerg\u00e9tique des logements. Retour sur ces 2 journ\u00e9es.\" \/>\n<meta name=\"robots\" content=\"index, follow, max-snippet:-1, max-image-preview:large, max-video-preview:-1\" \/>\n<link rel=\"canonical\" href=\"https:\/\/www.qualitel.org\/professionnels\/actualites\/cities-to-be-un-rendez-vous-reussi-pour-qualitel\/\" \/>\n<meta property=\"og:locale\" content=\"fr_FR\" \/>\n<meta property=\"og:type\" content=\"article\" \/>\n<meta property=\"og:title\" content=\"Cities to Be : un rendez-vous r\u00e9ussi pour QUALITEL - Qualitel | Professionnels\" \/>\n<meta property=\"og:description\" content=\"Organis\u00e9 par l\u2019Alliance HQE-GBC et Novabuild, le congr\u00e8s international Cities to Be s\u2019est d\u00e9roul\u00e9 les 12 et 13 septembre 2019 \u00e0 Angers. CERQUAL Qualitel Certification, l\u2019organisme certificateur de QUALITEL et partenaire de l\u2019\u00e9v\u00e8nement, \u00e9tait pr\u00e9sent pour rencontrer les professionnels et valoriser la qualit\u00e9 de l\u2019habitat durable et la r\u00e9novation \u00e9nerg\u00e9tique des logements. Retour sur ces 2 journ\u00e9es.\" \/>\n<meta property=\"og:url\" content=\"https:\/\/www.qualitel.org\/professionnels\/actualites\/cities-to-be-un-rendez-vous-reussi-pour-qualitel\/\" \/>\n<meta property=\"og:site_name\" content=\"Qualitel | Professionnels\" \/>\n<meta property=\"article:publisher\" content=\"https:\/\/www.facebook.com\/groupequalitel\/\" \/>\n<meta property=\"article:published_time\" content=\"2019-09-19T14:40:30+00:00\" \/>\n<meta property=\"article:modified_time\" content=\"2024-10-15T09:53:03+00:00\" \/>\n<meta property=\"og:image\" content=\"https:\/\/www.qualitel.org\/professionnels\/wp\/..\/uploads\/E_cities.jpg\" \/>\n\t<meta property=\"og:image:width\" content=\"550\" \/>\n\t<meta property=\"og:image:height\" content=\"420\" \/>\n\t<meta property=\"og:image:type\" content=\"image\/jpeg\" \/>\n<meta name=\"author\" content=\"Julie CARNEZ\" \/>\n<meta name=\"twitter:card\" content=\"summary_large_image\" \/>\n<meta name=\"twitter:description\" content=\"Organis\u00e9 par l\u2019Alliance HQE-GBC et Novabuild, le congr\u00e8s international Cities to Be s\u2019est d\u00e9roul\u00e9 les 12 et 13 septembre 2019 \u00e0 Angers. CERQUAL Qualitel Certification, l\u2019organisme certificateur de QUALITEL et partenaire de l\u2019\u00e9v\u00e8nement, \u00e9tait pr\u00e9sent pour rencontrer les professionnels et valoriser la qualit\u00e9 de l\u2019habitat durable et la r\u00e9novation \u00e9nerg\u00e9tique des logements. Retour sur ces 2 journ\u00e9es.\n\" \/>\n<meta name=\"twitter:creator\" content=\"@groupeQUALITEL\" \/>\n<meta name=\"twitter:site\" content=\"@groupeQUALITEL\" \/>\n<meta name=\"twitter:label1\" content=\"Written by\" \/>\n\t<meta name=\"twitter:data1\" content=\"Julie CARNEZ\" \/>\n\t<meta name=\"twitter:label2\" content=\"Est. reading time\" \/>\n\t<meta name=\"twitter:data2\" content=\"8 minutes\" \/>\n<script type=\"application\/ld+json\" class=\"yoast-schema-graph\">{\"@context\":\"https:\/\/schema.org\",\"@graph\":[{\"@type\":\"Article\",\"@id\":\"https:\/\/www.qualitel.org\/professionnels\/actualites\/cities-to-be-un-rendez-vous-reussi-pour-qualitel\/#article\",\"isPartOf\":{\"@id\":\"https:\/\/www.qualitel.org\/professionnels\/actualites\/cities-to-be-un-rendez-vous-reussi-pour-qualitel\/\"},\"author\":{\"name\":\"Julie CARNEZ\",\"@id\":\"https:\/\/www.qualitel.org\/professionnels\/#\/schema\/person\/8da1b40abc7d27162c267baae6ea6b6e\"},\"headline\":\"Cities to Be : un rendez-vous r\u00e9ussi pour QUALITEL\",\"datePublished\":\"2019-09-19T14:40:30+00:00\",\"dateModified\":\"2024-10-15T09:53:03+00:00\",\"mainEntityOfPage\":{\"@id\":\"https:\/\/www.qualitel.org\/professionnels\/actualites\/cities-to-be-un-rendez-vous-reussi-pour-qualitel\/\"},\"wordCount\":75,\"publisher\":{\"@id\":\"https:\/\/www.qualitel.org\/professionnels\/#organization\"},\"image\":{\"@id\":\"https:\/\/www.qualitel.org\/professionnels\/actualites\/cities-to-be-un-rendez-vous-reussi-pour-qualitel\/#primaryimage\"},\"thumbnailUrl\":\"https:\/\/www.qualitel.org\/professionnels\/wp\/..\/uploads\/E_cities.jpg\",\"inLanguage\":\"fr-FR\"},{\"@type\":\"WebPage\",\"@id\":\"https:\/\/www.qualitel.org\/professionnels\/actualites\/cities-to-be-un-rendez-vous-reussi-pour-qualitel\/\",\"url\":\"https:\/\/www.qualitel.org\/professionnels\/actualites\/cities-to-be-un-rendez-vous-reussi-pour-qualitel\/\",\"name\":\"Cities to Be : un rendez-vous r\u00e9ussi pour QUALITEL - Qualitel | Professionnels\",\"isPartOf\":{\"@id\":\"https:\/\/www.qualitel.org\/professionnels\/#website\"},\"primaryImageOfPage\":{\"@id\":\"https:\/\/www.qualitel.org\/professionnels\/actualites\/cities-to-be-un-rendez-vous-reussi-pour-qualitel\/#primaryimage\"},\"image\":{\"@id\":\"https:\/\/www.qualitel.org\/professionnels\/actualites\/cities-to-be-un-rendez-vous-reussi-pour-qualitel\/#primaryimage\"},\"thumbnailUrl\":\"https:\/\/www.qualitel.org\/professionnels\/wp\/..\/uploads\/E_cities.jpg\",\"datePublished\":\"2019-09-19T14:40:30+00:00\",\"dateModified\":\"2024-10-15T09:53:03+00:00\",\"description\":\"Organis\u00e9 par l\u2019Alliance HQE-GBC et Novabuild, le congr\u00e8s international Cities to Be s\u2019est d\u00e9roul\u00e9 les 12 et 13 septembre 2019 \u00e0 Angers. CERQUAL Qualitel Certification, l\u2019organisme certificateur de QUALITEL et partenaire de l\u2019\u00e9v\u00e8nement, \u00e9tait pr\u00e9sent pour rencontrer les professionnels et valoriser la qualit\u00e9 de l\u2019habitat durable et la r\u00e9novation \u00e9nerg\u00e9tique des logements. Retour sur ces 2 journ\u00e9es.\",\"breadcrumb\":{\"@id\":\"https:\/\/www.qualitel.org\/professionnels\/actualites\/cities-to-be-un-rendez-vous-reussi-pour-qualitel\/#breadcrumb\"},\"inLanguage\":\"fr-FR\",\"potentialAction\":[{\"@type\":\"ReadAction\",\"target\":[\"https:\/\/www.qualitel.org\/professionnels\/actualites\/cities-to-be-un-rendez-vous-reussi-pour-qualitel\/\"]}]},{\"@type\":\"ImageObject\",\"inLanguage\":\"fr-FR\",\"@id\":\"https:\/\/www.qualitel.org\/professionnels\/actualites\/cities-to-be-un-rendez-vous-reussi-pour-qualitel\/#primaryimage\",\"url\":\"https:\/\/www.qualitel.org\/professionnels\/wp\/..\/uploads\/E_cities.jpg\",\"contentUrl\":\"https:\/\/www.qualitel.org\/professionnels\/wp\/..\/uploads\/E_cities.jpg\",\"width\":550,\"height\":420},{\"@type\":\"BreadcrumbList\",\"@id\":\"https:\/\/www.qualitel.org\/professionnels\/actualites\/cities-to-be-un-rendez-vous-reussi-pour-qualitel\/#breadcrumb\",\"itemListElement\":[{\"@type\":\"ListItem\",\"position\":1,\"name\":\"Accueil\",\"item\":\"https:\/\/www.qualitel.org\/professionnels\/\"},{\"@type\":\"ListItem\",\"position\":2,\"name\":\"Cities to Be : un rendez-vous r\u00e9ussi pour QUALITEL\"}]},{\"@type\":\"WebSite\",\"@id\":\"https:\/\/www.qualitel.org\/professionnels\/#website\",\"url\":\"https:\/\/www.qualitel.org\/professionnels\/\",\"name\":\"Qualitel | Professionnels\",\"description\":\"\",\"publisher\":{\"@id\":\"https:\/\/www.qualitel.org\/professionnels\/#organization\"},\"potentialAction\":[{\"@type\":\"SearchAction\",\"target\":{\"@type\":\"EntryPoint\",\"urlTemplate\":\"https:\/\/www.qualitel.org\/professionnels\/?s={search_term_string}\"},\"query-input\":{\"@type\":\"PropertyValueSpecification\",\"valueRequired\":true,\"valueName\":\"search_term_string\"}}],\"inLanguage\":\"fr-FR\"},{\"@type\":\"Organization\",\"@id\":\"https:\/\/www.qualitel.org\/professionnels\/#organization\",\"name\":\"Qualitel\",\"url\":\"https:\/\/www.qualitel.org\/professionnels\/\",\"logo\":{\"@type\":\"ImageObject\",\"inLanguage\":\"fr-FR\",\"@id\":\"https:\/\/www.qualitel.org\/professionnels\/#\/schema\/logo\/image\/\",\"url\":\"https:\/\/www.qualitel.org\/professionnels\/wp\/..\/uploads\/qualitel_social.jpg\",\"contentUrl\":\"https:\/\/www.qualitel.org\/professionnels\/wp\/..\/uploads\/qualitel_social.jpg\",\"width\":1080,\"height\":1080,\"caption\":\"Qualitel\"},\"image\":{\"@id\":\"https:\/\/www.qualitel.org\/professionnels\/#\/schema\/logo\/image\/\"},\"sameAs\":[\"https:\/\/www.facebook.com\/groupequalitel\/\",\"https:\/\/x.com\/groupeQUALITEL\",\"https:\/\/www.instagram.com\/associationqualitel\/\"]},{\"@type\":\"Person\",\"@id\":\"https:\/\/www.qualitel.org\/professionnels\/#\/schema\/person\/8da1b40abc7d27162c267baae6ea6b6e\",\"name\":\"Julie CARNEZ\",\"image\":{\"@type\":\"ImageObject\",\"inLanguage\":\"fr-FR\",\"@id\":\"https:\/\/www.qualitel.org\/professionnels\/#\/schema\/person\/image\/\",\"url\":\"https:\/\/secure.gravatar.com\/avatar\/41fcfdc51e7305fd5b17ead841bd2e1f6a982b0f5ccaf899636b8ccab25ca5b1?s=96&d=mm&r=g\",\"contentUrl\":\"https:\/\/secure.gravatar.com\/avatar\/41fcfdc51e7305fd5b17ead841bd2e1f6a982b0f5ccaf899636b8ccab25ca5b1?s=96&d=mm&r=g\",\"caption\":\"Julie CARNEZ\"}}]}<\/script>\n<!-- \/ Yoast SEO plugin. -->","yoast_head_json":{"title":"Cities to Be : un rendez-vous r\u00e9ussi pour QUALITEL - Qualitel | Professionnels","description":"Organis\u00e9 par l\u2019Alliance HQE-GBC et Novabuild, le congr\u00e8s international Cities to Be s\u2019est d\u00e9roul\u00e9 les 12 et 13 septembre 2019 \u00e0 Angers. CERQUAL Qualitel Certification, l\u2019organisme certificateur de QUALITEL et partenaire de l\u2019\u00e9v\u00e8nement, \u00e9tait pr\u00e9sent pour rencontrer les professionnels et valoriser la qualit\u00e9 de l\u2019habitat durable et la r\u00e9novation \u00e9nerg\u00e9tique des logements. Retour sur ces 2 journ\u00e9es.","robots":{"index":"index","follow":"follow","max-snippet":"max-snippet:-1","max-image-preview":"max-image-preview:large","max-video-preview":"max-video-preview:-1"},"canonical":"https:\/\/www.qualitel.org\/professionnels\/actualites\/cities-to-be-un-rendez-vous-reussi-pour-qualitel\/","og_locale":"fr_FR","og_type":"article","og_title":"Cities to Be : un rendez-vous r\u00e9ussi pour QUALITEL - Qualitel | Professionnels","og_description":"Organis\u00e9 par l\u2019Alliance HQE-GBC et Novabuild, le congr\u00e8s international Cities to Be s\u2019est d\u00e9roul\u00e9 les 12 et 13 septembre 2019 \u00e0 Angers. CERQUAL Qualitel Certification, l\u2019organisme certificateur de QUALITEL et partenaire de l\u2019\u00e9v\u00e8nement, \u00e9tait pr\u00e9sent pour rencontrer les professionnels et valoriser la qualit\u00e9 de l\u2019habitat durable et la r\u00e9novation \u00e9nerg\u00e9tique des logements. Retour sur ces 2 journ\u00e9es.","og_url":"https:\/\/www.qualitel.org\/professionnels\/actualites\/cities-to-be-un-rendez-vous-reussi-pour-qualitel\/","og_site_name":"Qualitel | Professionnels","article_publisher":"https:\/\/www.facebook.com\/groupequalitel\/","article_published_time":"2019-09-19T14:40:30+00:00","article_modified_time":"2024-10-15T09:53:03+00:00","og_image":[{"width":550,"height":420,"url":"https:\/\/www.qualitel.org\/professionnels\/wp\/..\/uploads\/E_cities.jpg","type":"image\/jpeg"}],"author":"Julie CARNEZ","twitter_card":"summary_large_image","twitter_description":"Organis\u00e9 par l\u2019Alliance HQE-GBC et Novabuild, le congr\u00e8s international Cities to Be s\u2019est d\u00e9roul\u00e9 les 12 et 13 septembre 2019 \u00e0 Angers. CERQUAL Qualitel Certification, l\u2019organisme certificateur de QUALITEL et partenaire de l\u2019\u00e9v\u00e8nement, \u00e9tait pr\u00e9sent pour rencontrer les professionnels et valoriser la qualit\u00e9 de l\u2019habitat durable et la r\u00e9novation \u00e9nerg\u00e9tique des logements. Retour sur ces 2 journ\u00e9es.\n","twitter_creator":"@groupeQUALITEL","twitter_site":"@groupeQUALITEL","twitter_misc":{"Written by":"Julie CARNEZ","Est. reading time":"8 minutes"},"schema":{"@context":"https:\/\/schema.org","@graph":[{"@type":"Article","@id":"https:\/\/www.qualitel.org\/professionnels\/actualites\/cities-to-be-un-rendez-vous-reussi-pour-qualitel\/#article","isPartOf":{"@id":"https:\/\/www.qualitel.org\/professionnels\/actualites\/cities-to-be-un-rendez-vous-reussi-pour-qualitel\/"},"author":{"name":"Julie CARNEZ","@id":"https:\/\/www.qualitel.org\/professionnels\/#\/schema\/person\/8da1b40abc7d27162c267baae6ea6b6e"},"headline":"Cities to Be : un rendez-vous r\u00e9ussi pour QUALITEL","datePublished":"2019-09-19T14:40:30+00:00","dateModified":"2024-10-15T09:53:03+00:00","mainEntityOfPage":{"@id":"https:\/\/www.qualitel.org\/professionnels\/actualites\/cities-to-be-un-rendez-vous-reussi-pour-qualitel\/"},"wordCount":75,"publisher":{"@id":"https:\/\/www.qualitel.org\/professionnels\/#organization"},"image":{"@id":"https:\/\/www.qualitel.org\/professionnels\/actualites\/cities-to-be-un-rendez-vous-reussi-pour-qualitel\/#primaryimage"},"thumbnailUrl":"https:\/\/www.qualitel.org\/professionnels\/wp\/..\/uploads\/E_cities.jpg","inLanguage":"fr-FR"},{"@type":"WebPage","@id":"https:\/\/www.qualitel.org\/professionnels\/actualites\/cities-to-be-un-rendez-vous-reussi-pour-qualitel\/","url":"https:\/\/www.qualitel.org\/professionnels\/actualites\/cities-to-be-un-rendez-vous-reussi-pour-qualitel\/","name":"Cities to Be : un rendez-vous r\u00e9ussi pour QUALITEL - Qualitel | Professionnels","isPartOf":{"@id":"https:\/\/www.qualitel.org\/professionnels\/#website"},"primaryImageOfPage":{"@id":"https:\/\/www.qualitel.org\/professionnels\/actualites\/cities-to-be-un-rendez-vous-reussi-pour-qualitel\/#primaryimage"},"image":{"@id":"https:\/\/www.qualitel.org\/professionnels\/actualites\/cities-to-be-un-rendez-vous-reussi-pour-qualitel\/#primaryimage"},"thumbnailUrl":"https:\/\/www.qualitel.org\/professionnels\/wp\/..\/uploads\/E_cities.jpg","datePublished":"2019-09-19T14:40:30+00:00","dateModified":"2024-10-15T09:53:03+00:00","description":"Organis\u00e9 par l\u2019Alliance HQE-GBC et Novabuild, le congr\u00e8s international Cities to Be s\u2019est d\u00e9roul\u00e9 les 12 et 13 septembre 2019 \u00e0 Angers. CERQUAL Qualitel Certification, l\u2019organisme certificateur de QUALITEL et partenaire de l\u2019\u00e9v\u00e8nement, \u00e9tait pr\u00e9sent pour rencontrer les professionnels et valoriser la qualit\u00e9 de l\u2019habitat durable et la r\u00e9novation \u00e9nerg\u00e9tique des logements. Retour sur ces 2 journ\u00e9es.","breadcrumb":{"@id":"https:\/\/www.qualitel.org\/professionnels\/actualites\/cities-to-be-un-rendez-vous-reussi-pour-qualitel\/#breadcrumb"},"inLanguage":"fr-FR","potentialAction":[{"@type":"ReadAction","target":["https:\/\/www.qualitel.org\/professionnels\/actualites\/cities-to-be-un-rendez-vous-reussi-pour-qualitel\/"]}]},{"@type":"ImageObject","inLanguage":"fr-FR","@id":"https:\/\/www.qualitel.org\/professionnels\/actualites\/cities-to-be-un-rendez-vous-reussi-pour-qualitel\/#primaryimage","url":"https:\/\/www.qualitel.org\/professionnels\/wp\/..\/uploads\/E_cities.jpg","contentUrl":"https:\/\/www.qualitel.org\/professionnels\/wp\/..\/uploads\/E_cities.jpg","width":550,"height":420},{"@type":"BreadcrumbList","@id":"https:\/\/www.qualitel.org\/professionnels\/actualites\/cities-to-be-un-rendez-vous-reussi-pour-qualitel\/#breadcrumb","itemListElement":[{"@type":"ListItem","position":1,"name":"Accueil","item":"https:\/\/www.qualitel.org\/professionnels\/"},{"@type":"ListItem","position":2,"name":"Cities to Be : un rendez-vous r\u00e9ussi pour QUALITEL"}]},{"@type":"WebSite","@id":"https:\/\/www.qualitel.org\/professionnels\/#website","url":"https:\/\/www.qualitel.org\/professionnels\/","name":"Qualitel | Professionnels","description":"","publisher":{"@id":"https:\/\/www.qualitel.org\/professionnels\/#organization"},"potentialAction":[{"@type":"SearchAction","target":{"@type":"EntryPoint","urlTemplate":"https:\/\/www.qualitel.org\/professionnels\/?s={search_term_string}"},"query-input":{"@type":"PropertyValueSpecification","valueRequired":true,"valueName":"search_term_string"}}],"inLanguage":"fr-FR"},{"@type":"Organization","@id":"https:\/\/www.qualitel.org\/professionnels\/#organization","name":"Qualitel","url":"https:\/\/www.qualitel.org\/professionnels\/","logo":{"@type":"ImageObject","inLanguage":"fr-FR","@id":"https:\/\/www.qualitel.org\/professionnels\/#\/schema\/logo\/image\/","url":"https:\/\/www.qualitel.org\/professionnels\/wp\/..\/uploads\/qualitel_social.jpg","contentUrl":"https:\/\/www.qualitel.org\/professionnels\/wp\/..\/uploads\/qualitel_social.jpg","width":1080,"height":1080,"caption":"Qualitel"},"image":{"@id":"https:\/\/www.qualitel.org\/professionnels\/#\/schema\/logo\/image\/"},"sameAs":["https:\/\/www.facebook.com\/groupequalitel\/","https:\/\/x.com\/groupeQUALITEL","https:\/\/www.instagram.com\/associationqualitel\/"]},{"@type":"Person","@id":"https:\/\/www.qualitel.org\/professionnels\/#\/schema\/person\/8da1b40abc7d27162c267baae6ea6b6e","name":"Julie CARNEZ","image":{"@type":"ImageObject","inLanguage":"fr-FR","@id":"https:\/\/www.qualitel.org\/professionnels\/#\/schema\/person\/image\/","url":"https:\/\/secure.gravatar.com\/avatar\/41fcfdc51e7305fd5b17ead841bd2e1f6a982b0f5ccaf899636b8ccab25ca5b1?s=96&d=mm&r=g","contentUrl":"https:\/\/secure.gravatar.com\/avatar\/41fcfdc51e7305fd5b17ead841bd2e1f6a982b0f5ccaf899636b8ccab25ca5b1?s=96&d=mm&r=g","caption":"Julie CARNEZ"}}]}},"_links":{"self":[{"href":"https:\/\/www.qualitel.org\/professionnels\/wp-json\/wp\/v2\/posts\/26181","targetHints":{"allow":["GET"]}}],"collection":[{"href":"https:\/\/www.qualitel.org\/professionnels\/wp-json\/wp\/v2\/posts"}],"about":[{"href":"https:\/\/www.qualitel.org\/professionnels\/wp-json\/wp\/v2\/types\/post"}],"author":[{"embeddable":true,"href":"https:\/\/www.qualitel.org\/professionnels\/wp-json\/wp\/v2\/users\/24"}],"replies":[{"embeddable":true,"href":"https:\/\/www.qualitel.org\/professionnels\/wp-json\/wp\/v2\/comments?post=26181"}],"version-history":[{"count":36,"href":"https:\/\/www.qualitel.org\/professionnels\/wp-json\/wp\/v2\/posts\/26181\/revisions"}],"predecessor-version":[{"id":93317,"href":"https:\/\/www.qualitel.org\/professionnels\/wp-json\/wp\/v2\/posts\/26181\/revisions\/93317"}],"wp:featuredmedia":[{"embeddable":true,"href":"https:\/\/www.qualitel.org\/professionnels\/wp-json\/wp\/v2\/media\/25911"}],"wp:attachment":[{"href":"https:\/\/www.qualitel.org\/professionnels\/wp-json\/wp\/v2\/media?parent=26181"}],"wp:term":[{"taxonomy":"tags","embeddable":true,"href":"https:\/\/www.qualitel.org\/professionnels\/wp-json\/wp\/v2\/tags?post=26181"},{"taxonomy":"etiquettes","embeddable":true,"href":"https:\/\/www.qualitel.org\/professionnels\/wp-json\/wp\/v2\/tags?post=26181"},{"taxonomy":"article_type","embeddable":true,"href":"https:\/\/www.qualitel.org\/professionnels\/wp-json\/wp\/v2\/article_type?post=26181"}],"curies":[{"name":"wp","href":"https:\/\/api.w.org\/{rel}","templated":true}]}}