{"id":26684,"date":"2019-10-09T21:20:52","date_gmt":"2019-10-09T19:20:52","guid":{"rendered":"https:\/\/www.qualitel.org\/professionnels\/?p=26684"},"modified":"2023-02-27T09:58:27","modified_gmt":"2023-02-27T08:58:27","slug":"devenir-referent-nf-habitat-nf-habitat-hqe-pour-saisir-de-nouvelles-opportunites","status":"publish","type":"post","link":"https:\/\/www.qualitel.org\/professionnels\/actualites\/saisissez-de-nouvelles-opportunites-en-devenant-referent-nf-habitat-nf-habitat-hqe\/","title":{"rendered":"Devenir r\u00e9f\u00e9rent NF Habitat \u2013 NF Habitat HQE pour saisir de nouvelles opportunit\u00e9s"},"content":{"rendered":"","protected":false},"excerpt":{"rendered":"","protected":false},"author":24,"featured_media":26947,"comment_status":"closed","ping_status":"closed","sticky":false,"template":"","format":"standard","meta":{"_acf_changed":false,"footnotes":""},"tags":[425],"article_type":[368],"class_list":["post-26684","post","type-post","status-publish","format-standard","has-post-thumbnail","hentry","tags-certification","tags-formation","etiquettes-rendez-vous","article_type-actualites"],"acf":[],"yoast_head":"<!-- This site is optimized with the Yoast SEO plugin v26.3 - https:\/\/yoast.com\/wordpress\/plugins\/seo\/ -->\n<title>Devenir r\u00e9f\u00e9rent NF Habitat \u2013 NF Habitat HQE pour saisir de nouvelles opportunit\u00e9s - Qualitel | Professionnels<\/title>\n<meta name=\"description\" content=\"Dans le cadre de la certification NF Habitat - NF Habitat HQE d\u00e9livr\u00e9e par CERQUAL Qualitel Certification, les ma\u00eetres d\u2019ouvrages ayant des projets engag\u00e9s peuvent se faire accompagner dans leur d\u00e9marche de certification par des r\u00e9f\u00e9rents reconnus. Depuis le 1er juillet 2019, QUALITEL Formation d\u00e9livre les formations r\u00e9f\u00e9rents. Tour d\u2019horizon des modules disponibles.\" \/>\n<meta name=\"robots\" content=\"index, follow, max-snippet:-1, max-image-preview:large, max-video-preview:-1\" \/>\n<link rel=\"canonical\" href=\"https:\/\/www.qualitel.org\/professionnels\/actualites\/saisissez-de-nouvelles-opportunites-en-devenant-referent-nf-habitat-nf-habitat-hqe\/\" \/>\n<meta property=\"og:locale\" content=\"fr_FR\" \/>\n<meta property=\"og:type\" content=\"article\" \/>\n<meta property=\"og:title\" content=\"Devenir r\u00e9f\u00e9rent NF Habitat \u2013 NF Habitat HQE pour saisir de nouvelles opportunit\u00e9s - Qualitel | Professionnels\" \/>\n<meta property=\"og:description\" content=\"Dans le cadre de la certification NF Habitat &#8211; NF Habitat HQE d\u00e9livr\u00e9e par CERQUAL Qualitel Certification, les ma\u00eetres d\u2019ouvrages ayant des projets engag\u00e9s peuvent se faire accompagner dans leur d\u00e9marche de certification par des r\u00e9f\u00e9rents reconnus. Depuis le 1er juillet 2019, QUALITEL Formation d\u00e9livre les formations r\u00e9f\u00e9rents. Tour d\u2019horizon des modules disponibles.\" \/>\n<meta property=\"og:url\" content=\"https:\/\/www.qualitel.org\/professionnels\/actualites\/saisissez-de-nouvelles-opportunites-en-devenant-referent-nf-habitat-nf-habitat-hqe\/\" \/>\n<meta property=\"og:site_name\" content=\"Qualitel | Professionnels\" \/>\n<meta property=\"article:publisher\" content=\"https:\/\/www.facebook.com\/groupequalitel\/\" \/>\n<meta property=\"article:published_time\" content=\"2019-10-09T19:20:52+00:00\" \/>\n<meta property=\"article:modified_time\" content=\"2023-02-27T08:58:27+00:00\" \/>\n<meta property=\"og:image\" content=\"https:\/\/www.qualitel.org\/professionnels\/wp\/..\/uploads\/referents.jpg\" \/>\n\t<meta property=\"og:image:width\" content=\"800\" \/>\n\t<meta property=\"og:image:height\" content=\"462\" \/>\n\t<meta property=\"og:image:type\" content=\"image\/jpeg\" \/>\n<meta name=\"author\" content=\"Julie CARNEZ\" \/>\n<meta name=\"twitter:card\" content=\"summary_large_image\" \/>\n<meta name=\"twitter:description\" content=\"Dans le cadre de la certification NF Habitat &#8211; NF Habitat HQE d\u00e9livr\u00e9e par CERQUAL Qualitel Certification, les ma\u00eetres d\u2019ouvrages ayant des projets engag\u00e9s peuvent se faire accompagner dans leur d\u00e9marche de certification par des r\u00e9f\u00e9rents reconnus. Depuis le 1er juillet 2019, QUALITEL Formation d\u00e9livre les formations r\u00e9f\u00e9rents. Tour d\u2019horizon des modules disponibles.\n\" \/>\n<meta name=\"twitter:creator\" content=\"@groupeQUALITEL\" \/>\n<meta name=\"twitter:site\" content=\"@groupeQUALITEL\" \/>\n<meta name=\"twitter:label1\" content=\"Written by\" \/>\n\t<meta name=\"twitter:data1\" content=\"Julie CARNEZ\" \/>\n<script type=\"application\/ld+json\" class=\"yoast-schema-graph\">{\"@context\":\"https:\/\/schema.org\",\"@graph\":[{\"@type\":\"Article\",\"@id\":\"https:\/\/www.qualitel.org\/professionnels\/actualites\/saisissez-de-nouvelles-opportunites-en-devenant-referent-nf-habitat-nf-habitat-hqe\/#article\",\"isPartOf\":{\"@id\":\"https:\/\/www.qualitel.org\/professionnels\/actualites\/saisissez-de-nouvelles-opportunites-en-devenant-referent-nf-habitat-nf-habitat-hqe\/\"},\"author\":{\"name\":\"Julie CARNEZ\",\"@id\":\"https:\/\/www.qualitel.org\/professionnels\/#\/schema\/person\/8da1b40abc7d27162c267baae6ea6b6e\"},\"headline\":\"Devenir r\u00e9f\u00e9rent NF Habitat \u2013 NF Habitat HQE pour saisir de nouvelles opportunit\u00e9s\",\"datePublished\":\"2019-10-09T19:20:52+00:00\",\"dateModified\":\"2023-02-27T08:58:27+00:00\",\"mainEntityOfPage\":{\"@id\":\"https:\/\/www.qualitel.org\/professionnels\/actualites\/saisissez-de-nouvelles-opportunites-en-devenant-referent-nf-habitat-nf-habitat-hqe\/\"},\"wordCount\":15,\"publisher\":{\"@id\":\"https:\/\/www.qualitel.org\/professionnels\/#organization\"},\"image\":{\"@id\":\"https:\/\/www.qualitel.org\/professionnels\/actualites\/saisissez-de-nouvelles-opportunites-en-devenant-referent-nf-habitat-nf-habitat-hqe\/#primaryimage\"},\"thumbnailUrl\":\"https:\/\/www.qualitel.org\/professionnels\/wp\/..\/uploads\/referents.jpg\",\"inLanguage\":\"fr-FR\"},{\"@type\":\"WebPage\",\"@id\":\"https:\/\/www.qualitel.org\/professionnels\/actualites\/saisissez-de-nouvelles-opportunites-en-devenant-referent-nf-habitat-nf-habitat-hqe\/\",\"url\":\"https:\/\/www.qualitel.org\/professionnels\/actualites\/saisissez-de-nouvelles-opportunites-en-devenant-referent-nf-habitat-nf-habitat-hqe\/\",\"name\":\"Devenir r\u00e9f\u00e9rent NF Habitat \u2013 NF Habitat HQE pour saisir de nouvelles opportunit\u00e9s - Qualitel | Professionnels\",\"isPartOf\":{\"@id\":\"https:\/\/www.qualitel.org\/professionnels\/#website\"},\"primaryImageOfPage\":{\"@id\":\"https:\/\/www.qualitel.org\/professionnels\/actualites\/saisissez-de-nouvelles-opportunites-en-devenant-referent-nf-habitat-nf-habitat-hqe\/#primaryimage\"},\"image\":{\"@id\":\"https:\/\/www.qualitel.org\/professionnels\/actualites\/saisissez-de-nouvelles-opportunites-en-devenant-referent-nf-habitat-nf-habitat-hqe\/#primaryimage\"},\"thumbnailUrl\":\"https:\/\/www.qualitel.org\/professionnels\/wp\/..\/uploads\/referents.jpg\",\"datePublished\":\"2019-10-09T19:20:52+00:00\",\"dateModified\":\"2023-02-27T08:58:27+00:00\",\"description\":\"Dans le cadre de la certification NF Habitat - NF Habitat HQE d\u00e9livr\u00e9e par CERQUAL Qualitel Certification, les ma\u00eetres d\u2019ouvrages ayant des projets engag\u00e9s peuvent se faire accompagner dans leur d\u00e9marche de certification par des r\u00e9f\u00e9rents reconnus. Depuis le 1er juillet 2019, QUALITEL Formation d\u00e9livre les formations r\u00e9f\u00e9rents. Tour d\u2019horizon des modules disponibles.\",\"breadcrumb\":{\"@id\":\"https:\/\/www.qualitel.org\/professionnels\/actualites\/saisissez-de-nouvelles-opportunites-en-devenant-referent-nf-habitat-nf-habitat-hqe\/#breadcrumb\"},\"inLanguage\":\"fr-FR\",\"potentialAction\":[{\"@type\":\"ReadAction\",\"target\":[\"https:\/\/www.qualitel.org\/professionnels\/actualites\/saisissez-de-nouvelles-opportunites-en-devenant-referent-nf-habitat-nf-habitat-hqe\/\"]}]},{\"@type\":\"ImageObject\",\"inLanguage\":\"fr-FR\",\"@id\":\"https:\/\/www.qualitel.org\/professionnels\/actualites\/saisissez-de-nouvelles-opportunites-en-devenant-referent-nf-habitat-nf-habitat-hqe\/#primaryimage\",\"url\":\"https:\/\/www.qualitel.org\/professionnels\/wp\/..\/uploads\/referents.jpg\",\"contentUrl\":\"https:\/\/www.qualitel.org\/professionnels\/wp\/..\/uploads\/referents.jpg\",\"width\":800,\"height\":462},{\"@type\":\"BreadcrumbList\",\"@id\":\"https:\/\/www.qualitel.org\/professionnels\/actualites\/saisissez-de-nouvelles-opportunites-en-devenant-referent-nf-habitat-nf-habitat-hqe\/#breadcrumb\",\"itemListElement\":[{\"@type\":\"ListItem\",\"position\":1,\"name\":\"Accueil\",\"item\":\"https:\/\/www.qualitel.org\/professionnels\/\"},{\"@type\":\"ListItem\",\"position\":2,\"name\":\"Devenir r\u00e9f\u00e9rent NF Habitat \u2013 NF Habitat HQE pour saisir de nouvelles opportunit\u00e9s\"}]},{\"@type\":\"WebSite\",\"@id\":\"https:\/\/www.qualitel.org\/professionnels\/#website\",\"url\":\"https:\/\/www.qualitel.org\/professionnels\/\",\"name\":\"Qualitel | Professionnels\",\"description\":\"\",\"publisher\":{\"@id\":\"https:\/\/www.qualitel.org\/professionnels\/#organization\"},\"potentialAction\":[{\"@type\":\"SearchAction\",\"target\":{\"@type\":\"EntryPoint\",\"urlTemplate\":\"https:\/\/www.qualitel.org\/professionnels\/?s={search_term_string}\"},\"query-input\":{\"@type\":\"PropertyValueSpecification\",\"valueRequired\":true,\"valueName\":\"search_term_string\"}}],\"inLanguage\":\"fr-FR\"},{\"@type\":\"Organization\",\"@id\":\"https:\/\/www.qualitel.org\/professionnels\/#organization\",\"name\":\"Qualitel\",\"url\":\"https:\/\/www.qualitel.org\/professionnels\/\",\"logo\":{\"@type\":\"ImageObject\",\"inLanguage\":\"fr-FR\",\"@id\":\"https:\/\/www.qualitel.org\/professionnels\/#\/schema\/logo\/image\/\",\"url\":\"https:\/\/www.qualitel.org\/professionnels\/wp\/..\/uploads\/qualitel_social.jpg\",\"contentUrl\":\"https:\/\/www.qualitel.org\/professionnels\/wp\/..\/uploads\/qualitel_social.jpg\",\"width\":1080,\"height\":1080,\"caption\":\"Qualitel\"},\"image\":{\"@id\":\"https:\/\/www.qualitel.org\/professionnels\/#\/schema\/logo\/image\/\"},\"sameAs\":[\"https:\/\/www.facebook.com\/groupequalitel\/\",\"https:\/\/x.com\/groupeQUALITEL\",\"https:\/\/www.instagram.com\/associationqualitel\/\"]},{\"@type\":\"Person\",\"@id\":\"https:\/\/www.qualitel.org\/professionnels\/#\/schema\/person\/8da1b40abc7d27162c267baae6ea6b6e\",\"name\":\"Julie CARNEZ\",\"image\":{\"@type\":\"ImageObject\",\"inLanguage\":\"fr-FR\",\"@id\":\"https:\/\/www.qualitel.org\/professionnels\/#\/schema\/person\/image\/\",\"url\":\"https:\/\/secure.gravatar.com\/avatar\/41fcfdc51e7305fd5b17ead841bd2e1f6a982b0f5ccaf899636b8ccab25ca5b1?s=96&d=mm&r=g\",\"contentUrl\":\"https:\/\/secure.gravatar.com\/avatar\/41fcfdc51e7305fd5b17ead841bd2e1f6a982b0f5ccaf899636b8ccab25ca5b1?s=96&d=mm&r=g\",\"caption\":\"Julie CARNEZ\"}}]}<\/script>\n<!-- \/ Yoast SEO plugin. -->","yoast_head_json":{"title":"Devenir r\u00e9f\u00e9rent NF Habitat \u2013 NF Habitat HQE pour saisir de nouvelles opportunit\u00e9s - Qualitel | Professionnels","description":"Dans le cadre de la certification NF Habitat - NF Habitat HQE d\u00e9livr\u00e9e par CERQUAL Qualitel Certification, les ma\u00eetres d\u2019ouvrages ayant des projets engag\u00e9s peuvent se faire accompagner dans leur d\u00e9marche de certification par des r\u00e9f\u00e9rents reconnus. Depuis le 1er juillet 2019, QUALITEL Formation d\u00e9livre les formations r\u00e9f\u00e9rents. Tour d\u2019horizon des modules disponibles.","robots":{"index":"index","follow":"follow","max-snippet":"max-snippet:-1","max-image-preview":"max-image-preview:large","max-video-preview":"max-video-preview:-1"},"canonical":"https:\/\/www.qualitel.org\/professionnels\/actualites\/saisissez-de-nouvelles-opportunites-en-devenant-referent-nf-habitat-nf-habitat-hqe\/","og_locale":"fr_FR","og_type":"article","og_title":"Devenir r\u00e9f\u00e9rent NF Habitat \u2013 NF Habitat HQE pour saisir de nouvelles opportunit\u00e9s - Qualitel | Professionnels","og_description":"Dans le cadre de la certification NF Habitat &#8211; NF Habitat HQE d\u00e9livr\u00e9e par CERQUAL Qualitel Certification, les ma\u00eetres d\u2019ouvrages ayant des projets engag\u00e9s peuvent se faire accompagner dans leur d\u00e9marche de certification par des r\u00e9f\u00e9rents reconnus. Depuis le 1er juillet 2019, QUALITEL Formation d\u00e9livre les formations r\u00e9f\u00e9rents. Tour d\u2019horizon des modules disponibles.","og_url":"https:\/\/www.qualitel.org\/professionnels\/actualites\/saisissez-de-nouvelles-opportunites-en-devenant-referent-nf-habitat-nf-habitat-hqe\/","og_site_name":"Qualitel | Professionnels","article_publisher":"https:\/\/www.facebook.com\/groupequalitel\/","article_published_time":"2019-10-09T19:20:52+00:00","article_modified_time":"2023-02-27T08:58:27+00:00","og_image":[{"width":800,"height":462,"url":"https:\/\/www.qualitel.org\/professionnels\/wp\/..\/uploads\/referents.jpg","type":"image\/jpeg"}],"author":"Julie CARNEZ","twitter_card":"summary_large_image","twitter_description":"Dans le cadre de la certification NF Habitat &#8211; NF Habitat HQE d\u00e9livr\u00e9e par CERQUAL Qualitel Certification, les ma\u00eetres d\u2019ouvrages ayant des projets engag\u00e9s peuvent se faire accompagner dans leur d\u00e9marche de certification par des r\u00e9f\u00e9rents reconnus. Depuis le 1er juillet 2019, QUALITEL Formation d\u00e9livre les formations r\u00e9f\u00e9rents. Tour d\u2019horizon des modules disponibles.\n","twitter_creator":"@groupeQUALITEL","twitter_site":"@groupeQUALITEL","twitter_misc":{"Written by":"Julie CARNEZ"},"schema":{"@context":"https:\/\/schema.org","@graph":[{"@type":"Article","@id":"https:\/\/www.qualitel.org\/professionnels\/actualites\/saisissez-de-nouvelles-opportunites-en-devenant-referent-nf-habitat-nf-habitat-hqe\/#article","isPartOf":{"@id":"https:\/\/www.qualitel.org\/professionnels\/actualites\/saisissez-de-nouvelles-opportunites-en-devenant-referent-nf-habitat-nf-habitat-hqe\/"},"author":{"name":"Julie CARNEZ","@id":"https:\/\/www.qualitel.org\/professionnels\/#\/schema\/person\/8da1b40abc7d27162c267baae6ea6b6e"},"headline":"Devenir r\u00e9f\u00e9rent NF Habitat \u2013 NF Habitat HQE pour saisir de nouvelles opportunit\u00e9s","datePublished":"2019-10-09T19:20:52+00:00","dateModified":"2023-02-27T08:58:27+00:00","mainEntityOfPage":{"@id":"https:\/\/www.qualitel.org\/professionnels\/actualites\/saisissez-de-nouvelles-opportunites-en-devenant-referent-nf-habitat-nf-habitat-hqe\/"},"wordCount":15,"publisher":{"@id":"https:\/\/www.qualitel.org\/professionnels\/#organization"},"image":{"@id":"https:\/\/www.qualitel.org\/professionnels\/actualites\/saisissez-de-nouvelles-opportunites-en-devenant-referent-nf-habitat-nf-habitat-hqe\/#primaryimage"},"thumbnailUrl":"https:\/\/www.qualitel.org\/professionnels\/wp\/..\/uploads\/referents.jpg","inLanguage":"fr-FR"},{"@type":"WebPage","@id":"https:\/\/www.qualitel.org\/professionnels\/actualites\/saisissez-de-nouvelles-opportunites-en-devenant-referent-nf-habitat-nf-habitat-hqe\/","url":"https:\/\/www.qualitel.org\/professionnels\/actualites\/saisissez-de-nouvelles-opportunites-en-devenant-referent-nf-habitat-nf-habitat-hqe\/","name":"Devenir r\u00e9f\u00e9rent NF Habitat \u2013 NF Habitat HQE pour saisir de nouvelles opportunit\u00e9s - Qualitel | Professionnels","isPartOf":{"@id":"https:\/\/www.qualitel.org\/professionnels\/#website"},"primaryImageOfPage":{"@id":"https:\/\/www.qualitel.org\/professionnels\/actualites\/saisissez-de-nouvelles-opportunites-en-devenant-referent-nf-habitat-nf-habitat-hqe\/#primaryimage"},"image":{"@id":"https:\/\/www.qualitel.org\/professionnels\/actualites\/saisissez-de-nouvelles-opportunites-en-devenant-referent-nf-habitat-nf-habitat-hqe\/#primaryimage"},"thumbnailUrl":"https:\/\/www.qualitel.org\/professionnels\/wp\/..\/uploads\/referents.jpg","datePublished":"2019-10-09T19:20:52+00:00","dateModified":"2023-02-27T08:58:27+00:00","description":"Dans le cadre de la certification NF Habitat - NF Habitat HQE d\u00e9livr\u00e9e par CERQUAL Qualitel Certification, les ma\u00eetres d\u2019ouvrages ayant des projets engag\u00e9s peuvent se faire accompagner dans leur d\u00e9marche de certification par des r\u00e9f\u00e9rents reconnus. Depuis le 1er juillet 2019, QUALITEL Formation d\u00e9livre les formations r\u00e9f\u00e9rents. Tour d\u2019horizon des modules disponibles.","breadcrumb":{"@id":"https:\/\/www.qualitel.org\/professionnels\/actualites\/saisissez-de-nouvelles-opportunites-en-devenant-referent-nf-habitat-nf-habitat-hqe\/#breadcrumb"},"inLanguage":"fr-FR","potentialAction":[{"@type":"ReadAction","target":["https:\/\/www.qualitel.org\/professionnels\/actualites\/saisissez-de-nouvelles-opportunites-en-devenant-referent-nf-habitat-nf-habitat-hqe\/"]}]},{"@type":"ImageObject","inLanguage":"fr-FR","@id":"https:\/\/www.qualitel.org\/professionnels\/actualites\/saisissez-de-nouvelles-opportunites-en-devenant-referent-nf-habitat-nf-habitat-hqe\/#primaryimage","url":"https:\/\/www.qualitel.org\/professionnels\/wp\/..\/uploads\/referents.jpg","contentUrl":"https:\/\/www.qualitel.org\/professionnels\/wp\/..\/uploads\/referents.jpg","width":800,"height":462},{"@type":"BreadcrumbList","@id":"https:\/\/www.qualitel.org\/professionnels\/actualites\/saisissez-de-nouvelles-opportunites-en-devenant-referent-nf-habitat-nf-habitat-hqe\/#breadcrumb","itemListElement":[{"@type":"ListItem","position":1,"name":"Accueil","item":"https:\/\/www.qualitel.org\/professionnels\/"},{"@type":"ListItem","position":2,"name":"Devenir r\u00e9f\u00e9rent NF Habitat \u2013 NF Habitat HQE pour saisir de nouvelles opportunit\u00e9s"}]},{"@type":"WebSite","@id":"https:\/\/www.qualitel.org\/professionnels\/#website","url":"https:\/\/www.qualitel.org\/professionnels\/","name":"Qualitel | Professionnels","description":"","publisher":{"@id":"https:\/\/www.qualitel.org\/professionnels\/#organization"},"potentialAction":[{"@type":"SearchAction","target":{"@type":"EntryPoint","urlTemplate":"https:\/\/www.qualitel.org\/professionnels\/?s={search_term_string}"},"query-input":{"@type":"PropertyValueSpecification","valueRequired":true,"valueName":"search_term_string"}}],"inLanguage":"fr-FR"},{"@type":"Organization","@id":"https:\/\/www.qualitel.org\/professionnels\/#organization","name":"Qualitel","url":"https:\/\/www.qualitel.org\/professionnels\/","logo":{"@type":"ImageObject","inLanguage":"fr-FR","@id":"https:\/\/www.qualitel.org\/professionnels\/#\/schema\/logo\/image\/","url":"https:\/\/www.qualitel.org\/professionnels\/wp\/..\/uploads\/qualitel_social.jpg","contentUrl":"https:\/\/www.qualitel.org\/professionnels\/wp\/..\/uploads\/qualitel_social.jpg","width":1080,"height":1080,"caption":"Qualitel"},"image":{"@id":"https:\/\/www.qualitel.org\/professionnels\/#\/schema\/logo\/image\/"},"sameAs":["https:\/\/www.facebook.com\/groupequalitel\/","https:\/\/x.com\/groupeQUALITEL","https:\/\/www.instagram.com\/associationqualitel\/"]},{"@type":"Person","@id":"https:\/\/www.qualitel.org\/professionnels\/#\/schema\/person\/8da1b40abc7d27162c267baae6ea6b6e","name":"Julie CARNEZ","image":{"@type":"ImageObject","inLanguage":"fr-FR","@id":"https:\/\/www.qualitel.org\/professionnels\/#\/schema\/person\/image\/","url":"https:\/\/secure.gravatar.com\/avatar\/41fcfdc51e7305fd5b17ead841bd2e1f6a982b0f5ccaf899636b8ccab25ca5b1?s=96&d=mm&r=g","contentUrl":"https:\/\/secure.gravatar.com\/avatar\/41fcfdc51e7305fd5b17ead841bd2e1f6a982b0f5ccaf899636b8ccab25ca5b1?s=96&d=mm&r=g","caption":"Julie CARNEZ"}}]}},"_links":{"self":[{"href":"https:\/\/www.qualitel.org\/professionnels\/wp-json\/wp\/v2\/posts\/26684","targetHints":{"allow":["GET"]}}],"collection":[{"href":"https:\/\/www.qualitel.org\/professionnels\/wp-json\/wp\/v2\/posts"}],"about":[{"href":"https:\/\/www.qualitel.org\/professionnels\/wp-json\/wp\/v2\/types\/post"}],"author":[{"embeddable":true,"href":"https:\/\/www.qualitel.org\/professionnels\/wp-json\/wp\/v2\/users\/24"}],"replies":[{"embeddable":true,"href":"https:\/\/www.qualitel.org\/professionnels\/wp-json\/wp\/v2\/comments?post=26684"}],"version-history":[{"count":28,"href":"https:\/\/www.qualitel.org\/professionnels\/wp-json\/wp\/v2\/posts\/26684\/revisions"}],"predecessor-version":[{"id":63550,"href":"https:\/\/www.qualitel.org\/professionnels\/wp-json\/wp\/v2\/posts\/26684\/revisions\/63550"}],"wp:featuredmedia":[{"embeddable":true,"href":"https:\/\/www.qualitel.org\/professionnels\/wp-json\/wp\/v2\/media\/26947"}],"wp:attachment":[{"href":"https:\/\/www.qualitel.org\/professionnels\/wp-json\/wp\/v2\/media?parent=26684"}],"wp:term":[{"taxonomy":"tags","embeddable":true,"href":"https:\/\/www.qualitel.org\/professionnels\/wp-json\/wp\/v2\/tags?post=26684"},{"taxonomy":"etiquettes","embeddable":true,"href":"https:\/\/www.qualitel.org\/professionnels\/wp-json\/wp\/v2\/tags?post=26684"},{"taxonomy":"article_type","embeddable":true,"href":"https:\/\/www.qualitel.org\/professionnels\/wp-json\/wp\/v2\/article_type?post=26684"}],"curies":[{"name":"wp","href":"https:\/\/api.w.org\/{rel}","templated":true}]}}