{"id":31378,"date":"2020-05-06T16:37:45","date_gmt":"2020-05-06T14:37:45","guid":{"rendered":"https:\/\/www.qualitel.org\/professionnels\/?p=31378"},"modified":"2020-05-06T16:37:46","modified_gmt":"2020-05-06T14:37:46","slug":"application-nf-habitat-le-mode-collaboratif-accessible-a-tous-les-intervenants-dun-projet","status":"publish","type":"post","link":"https:\/\/www.qualitel.org\/professionnels\/actualites\/application-nf-habitat-le-mode-collaboratif-accessible-a-tous-les-intervenants-dun-projet\/","title":{"rendered":"Application NF Habitat : le mode collaboratif accessible \u00e0 tous les intervenants d\u2019un projet"},"content":{"rendered":"","protected":false},"excerpt":{"rendered":"","protected":false},"author":24,"featured_media":31386,"comment_status":"closed","ping_status":"closed","sticky":false,"template":"","format":"standard","meta":{"_acf_changed":false,"footnotes":""},"tags":[417],"article_type":[368],"class_list":["post-31378","post","type-post","status-publish","format-standard","has-post-thumbnail","hentry","tags-certification","tags-developpement","etiquettes-experimentation","article_type-actualites"],"acf":[],"yoast_head":"<!-- This site is optimized with the Yoast SEO plugin v26.3 - https:\/\/yoast.com\/wordpress\/plugins\/seo\/ -->\n<title>Application NF Habitat : le mode collaboratif accessible \u00e0 tous les intervenants d\u2019un projet - Qualitel | Professionnels<\/title>\n<meta name=\"description\" content=\"Chez CERQUAL Qualitel Certification le travail collaboratif passe du concept \u00e0 la r\u00e9alit\u00e9 avec la mise \u00e0 disposition depuis le 28 avril des premi\u00e8res fonctionnalit\u00e9s collaboratives des outils de la certification NF Habitat \u2013 NF Habitat HQE.\" \/>\n<meta name=\"robots\" content=\"index, follow, max-snippet:-1, max-image-preview:large, max-video-preview:-1\" \/>\n<link rel=\"canonical\" href=\"https:\/\/www.qualitel.org\/professionnels\/actualites\/application-nf-habitat-le-mode-collaboratif-accessible-a-tous-les-intervenants-dun-projet\/\" \/>\n<meta property=\"og:locale\" content=\"fr_FR\" \/>\n<meta property=\"og:type\" content=\"article\" \/>\n<meta property=\"og:title\" content=\"Application NF Habitat : le mode collaboratif accessible \u00e0 tous les intervenants d\u2019un projet - Qualitel | Professionnels\" \/>\n<meta property=\"og:description\" content=\"Chez CERQUAL Qualitel Certification le travail collaboratif passe du concept \u00e0 la r\u00e9alit\u00e9 avec la mise \u00e0 disposition depuis le 28 avril des premi\u00e8res fonctionnalit\u00e9s collaboratives des outils de la certification NF Habitat \u2013 NF Habitat HQE.\" \/>\n<meta property=\"og:url\" content=\"https:\/\/www.qualitel.org\/professionnels\/actualites\/application-nf-habitat-le-mode-collaboratif-accessible-a-tous-les-intervenants-dun-projet\/\" \/>\n<meta property=\"og:site_name\" content=\"Qualitel | Professionnels\" \/>\n<meta property=\"article:publisher\" content=\"https:\/\/www.facebook.com\/groupequalitel\/\" \/>\n<meta property=\"article:published_time\" content=\"2020-05-06T14:37:45+00:00\" \/>\n<meta property=\"article:modified_time\" content=\"2020-05-06T14:37:46+00:00\" \/>\n<meta property=\"og:image\" content=\"https:\/\/www.qualitel.org\/professionnels\/wp\/..\/uploads\/NF_outils_collab.jpg\" \/>\n\t<meta property=\"og:image:width\" content=\"900\" \/>\n\t<meta property=\"og:image:height\" content=\"513\" \/>\n\t<meta property=\"og:image:type\" content=\"image\/jpeg\" \/>\n<meta name=\"author\" content=\"Julie CARNEZ\" \/>\n<meta name=\"twitter:card\" content=\"summary_large_image\" \/>\n<meta name=\"twitter:description\" content=\"Chez CERQUAL Qualitel Certification le travail collaboratif passe du concept \u00e0 la r\u00e9alit\u00e9 avec la mise \u00e0 disposition depuis le 28 avril des premi\u00e8res fonctionnalit\u00e9s collaboratives des outils de la certification NF Habitat \u2013 NF Habitat HQE.\n\" \/>\n<meta name=\"twitter:creator\" content=\"@groupeQUALITEL\" \/>\n<meta name=\"twitter:site\" content=\"@groupeQUALITEL\" \/>\n<meta name=\"twitter:label1\" content=\"Written by\" \/>\n\t<meta name=\"twitter:data1\" content=\"Julie CARNEZ\" \/>\n<script type=\"application\/ld+json\" class=\"yoast-schema-graph\">{\"@context\":\"https:\/\/schema.org\",\"@graph\":[{\"@type\":\"Article\",\"@id\":\"https:\/\/www.qualitel.org\/professionnels\/actualites\/application-nf-habitat-le-mode-collaboratif-accessible-a-tous-les-intervenants-dun-projet\/#article\",\"isPartOf\":{\"@id\":\"https:\/\/www.qualitel.org\/professionnels\/actualites\/application-nf-habitat-le-mode-collaboratif-accessible-a-tous-les-intervenants-dun-projet\/\"},\"author\":{\"name\":\"Julie CARNEZ\",\"@id\":\"https:\/\/www.qualitel.org\/professionnels\/#\/schema\/person\/8da1b40abc7d27162c267baae6ea6b6e\"},\"headline\":\"Application NF Habitat : le mode collaboratif accessible \u00e0 tous les intervenants d\u2019un projet\",\"datePublished\":\"2020-05-06T14:37:45+00:00\",\"dateModified\":\"2020-05-06T14:37:46+00:00\",\"mainEntityOfPage\":{\"@id\":\"https:\/\/www.qualitel.org\/professionnels\/actualites\/application-nf-habitat-le-mode-collaboratif-accessible-a-tous-les-intervenants-dun-projet\/\"},\"wordCount\":13,\"publisher\":{\"@id\":\"https:\/\/www.qualitel.org\/professionnels\/#organization\"},\"image\":{\"@id\":\"https:\/\/www.qualitel.org\/professionnels\/actualites\/application-nf-habitat-le-mode-collaboratif-accessible-a-tous-les-intervenants-dun-projet\/#primaryimage\"},\"thumbnailUrl\":\"https:\/\/www.qualitel.org\/professionnels\/wp\/..\/uploads\/NF_outils_collab.jpg\",\"inLanguage\":\"fr-FR\"},{\"@type\":\"WebPage\",\"@id\":\"https:\/\/www.qualitel.org\/professionnels\/actualites\/application-nf-habitat-le-mode-collaboratif-accessible-a-tous-les-intervenants-dun-projet\/\",\"url\":\"https:\/\/www.qualitel.org\/professionnels\/actualites\/application-nf-habitat-le-mode-collaboratif-accessible-a-tous-les-intervenants-dun-projet\/\",\"name\":\"Application NF Habitat : le mode collaboratif accessible \u00e0 tous les intervenants d\u2019un projet - Qualitel | Professionnels\",\"isPartOf\":{\"@id\":\"https:\/\/www.qualitel.org\/professionnels\/#website\"},\"primaryImageOfPage\":{\"@id\":\"https:\/\/www.qualitel.org\/professionnels\/actualites\/application-nf-habitat-le-mode-collaboratif-accessible-a-tous-les-intervenants-dun-projet\/#primaryimage\"},\"image\":{\"@id\":\"https:\/\/www.qualitel.org\/professionnels\/actualites\/application-nf-habitat-le-mode-collaboratif-accessible-a-tous-les-intervenants-dun-projet\/#primaryimage\"},\"thumbnailUrl\":\"https:\/\/www.qualitel.org\/professionnels\/wp\/..\/uploads\/NF_outils_collab.jpg\",\"datePublished\":\"2020-05-06T14:37:45+00:00\",\"dateModified\":\"2020-05-06T14:37:46+00:00\",\"description\":\"Chez CERQUAL Qualitel Certification le travail collaboratif passe du concept \u00e0 la r\u00e9alit\u00e9 avec la mise \u00e0 disposition depuis le 28 avril des premi\u00e8res fonctionnalit\u00e9s collaboratives des outils de la certification NF Habitat \u2013 NF Habitat HQE.\",\"breadcrumb\":{\"@id\":\"https:\/\/www.qualitel.org\/professionnels\/actualites\/application-nf-habitat-le-mode-collaboratif-accessible-a-tous-les-intervenants-dun-projet\/#breadcrumb\"},\"inLanguage\":\"fr-FR\",\"potentialAction\":[{\"@type\":\"ReadAction\",\"target\":[\"https:\/\/www.qualitel.org\/professionnels\/actualites\/application-nf-habitat-le-mode-collaboratif-accessible-a-tous-les-intervenants-dun-projet\/\"]}]},{\"@type\":\"ImageObject\",\"inLanguage\":\"fr-FR\",\"@id\":\"https:\/\/www.qualitel.org\/professionnels\/actualites\/application-nf-habitat-le-mode-collaboratif-accessible-a-tous-les-intervenants-dun-projet\/#primaryimage\",\"url\":\"https:\/\/www.qualitel.org\/professionnels\/wp\/..\/uploads\/NF_outils_collab.jpg\",\"contentUrl\":\"https:\/\/www.qualitel.org\/professionnels\/wp\/..\/uploads\/NF_outils_collab.jpg\",\"width\":900,\"height\":513},{\"@type\":\"BreadcrumbList\",\"@id\":\"https:\/\/www.qualitel.org\/professionnels\/actualites\/application-nf-habitat-le-mode-collaboratif-accessible-a-tous-les-intervenants-dun-projet\/#breadcrumb\",\"itemListElement\":[{\"@type\":\"ListItem\",\"position\":1,\"name\":\"Accueil\",\"item\":\"https:\/\/www.qualitel.org\/professionnels\/\"},{\"@type\":\"ListItem\",\"position\":2,\"name\":\"Application NF Habitat&#160;: le mode collaboratif accessible \u00e0 tous les intervenants d\u2019un projet\"}]},{\"@type\":\"WebSite\",\"@id\":\"https:\/\/www.qualitel.org\/professionnels\/#website\",\"url\":\"https:\/\/www.qualitel.org\/professionnels\/\",\"name\":\"Qualitel | Professionnels\",\"description\":\"\",\"publisher\":{\"@id\":\"https:\/\/www.qualitel.org\/professionnels\/#organization\"},\"potentialAction\":[{\"@type\":\"SearchAction\",\"target\":{\"@type\":\"EntryPoint\",\"urlTemplate\":\"https:\/\/www.qualitel.org\/professionnels\/?s={search_term_string}\"},\"query-input\":{\"@type\":\"PropertyValueSpecification\",\"valueRequired\":true,\"valueName\":\"search_term_string\"}}],\"inLanguage\":\"fr-FR\"},{\"@type\":\"Organization\",\"@id\":\"https:\/\/www.qualitel.org\/professionnels\/#organization\",\"name\":\"Qualitel\",\"url\":\"https:\/\/www.qualitel.org\/professionnels\/\",\"logo\":{\"@type\":\"ImageObject\",\"inLanguage\":\"fr-FR\",\"@id\":\"https:\/\/www.qualitel.org\/professionnels\/#\/schema\/logo\/image\/\",\"url\":\"https:\/\/www.qualitel.org\/professionnels\/wp\/..\/uploads\/qualitel_social.jpg\",\"contentUrl\":\"https:\/\/www.qualitel.org\/professionnels\/wp\/..\/uploads\/qualitel_social.jpg\",\"width\":1080,\"height\":1080,\"caption\":\"Qualitel\"},\"image\":{\"@id\":\"https:\/\/www.qualitel.org\/professionnels\/#\/schema\/logo\/image\/\"},\"sameAs\":[\"https:\/\/www.facebook.com\/groupequalitel\/\",\"https:\/\/x.com\/groupeQUALITEL\",\"https:\/\/www.instagram.com\/associationqualitel\/\"]},{\"@type\":\"Person\",\"@id\":\"https:\/\/www.qualitel.org\/professionnels\/#\/schema\/person\/8da1b40abc7d27162c267baae6ea6b6e\",\"name\":\"Julie CARNEZ\",\"image\":{\"@type\":\"ImageObject\",\"inLanguage\":\"fr-FR\",\"@id\":\"https:\/\/www.qualitel.org\/professionnels\/#\/schema\/person\/image\/\",\"url\":\"https:\/\/secure.gravatar.com\/avatar\/41fcfdc51e7305fd5b17ead841bd2e1f6a982b0f5ccaf899636b8ccab25ca5b1?s=96&d=mm&r=g\",\"contentUrl\":\"https:\/\/secure.gravatar.com\/avatar\/41fcfdc51e7305fd5b17ead841bd2e1f6a982b0f5ccaf899636b8ccab25ca5b1?s=96&d=mm&r=g\",\"caption\":\"Julie CARNEZ\"}}]}<\/script>\n<!-- \/ Yoast SEO plugin. -->","yoast_head_json":{"title":"Application NF Habitat : le mode collaboratif accessible \u00e0 tous les intervenants d\u2019un projet - Qualitel | Professionnels","description":"Chez CERQUAL Qualitel Certification le travail collaboratif passe du concept \u00e0 la r\u00e9alit\u00e9 avec la mise \u00e0 disposition depuis le 28 avril des premi\u00e8res fonctionnalit\u00e9s collaboratives des outils de la certification NF Habitat \u2013 NF Habitat HQE.","robots":{"index":"index","follow":"follow","max-snippet":"max-snippet:-1","max-image-preview":"max-image-preview:large","max-video-preview":"max-video-preview:-1"},"canonical":"https:\/\/www.qualitel.org\/professionnels\/actualites\/application-nf-habitat-le-mode-collaboratif-accessible-a-tous-les-intervenants-dun-projet\/","og_locale":"fr_FR","og_type":"article","og_title":"Application NF Habitat : le mode collaboratif accessible \u00e0 tous les intervenants d\u2019un projet - Qualitel | Professionnels","og_description":"Chez CERQUAL Qualitel Certification le travail collaboratif passe du concept \u00e0 la r\u00e9alit\u00e9 avec la mise \u00e0 disposition depuis le 28 avril des premi\u00e8res fonctionnalit\u00e9s collaboratives des outils de la certification NF Habitat \u2013 NF Habitat HQE.","og_url":"https:\/\/www.qualitel.org\/professionnels\/actualites\/application-nf-habitat-le-mode-collaboratif-accessible-a-tous-les-intervenants-dun-projet\/","og_site_name":"Qualitel | Professionnels","article_publisher":"https:\/\/www.facebook.com\/groupequalitel\/","article_published_time":"2020-05-06T14:37:45+00:00","article_modified_time":"2020-05-06T14:37:46+00:00","og_image":[{"width":900,"height":513,"url":"https:\/\/www.qualitel.org\/professionnels\/wp\/..\/uploads\/NF_outils_collab.jpg","type":"image\/jpeg"}],"author":"Julie CARNEZ","twitter_card":"summary_large_image","twitter_description":"Chez CERQUAL Qualitel Certification le travail collaboratif passe du concept \u00e0 la r\u00e9alit\u00e9 avec la mise \u00e0 disposition depuis le 28 avril des premi\u00e8res fonctionnalit\u00e9s collaboratives des outils de la certification NF Habitat \u2013 NF Habitat HQE.\n","twitter_creator":"@groupeQUALITEL","twitter_site":"@groupeQUALITEL","twitter_misc":{"Written by":"Julie CARNEZ"},"schema":{"@context":"https:\/\/schema.org","@graph":[{"@type":"Article","@id":"https:\/\/www.qualitel.org\/professionnels\/actualites\/application-nf-habitat-le-mode-collaboratif-accessible-a-tous-les-intervenants-dun-projet\/#article","isPartOf":{"@id":"https:\/\/www.qualitel.org\/professionnels\/actualites\/application-nf-habitat-le-mode-collaboratif-accessible-a-tous-les-intervenants-dun-projet\/"},"author":{"name":"Julie CARNEZ","@id":"https:\/\/www.qualitel.org\/professionnels\/#\/schema\/person\/8da1b40abc7d27162c267baae6ea6b6e"},"headline":"Application NF Habitat : le mode collaboratif accessible \u00e0 tous les intervenants d\u2019un projet","datePublished":"2020-05-06T14:37:45+00:00","dateModified":"2020-05-06T14:37:46+00:00","mainEntityOfPage":{"@id":"https:\/\/www.qualitel.org\/professionnels\/actualites\/application-nf-habitat-le-mode-collaboratif-accessible-a-tous-les-intervenants-dun-projet\/"},"wordCount":13,"publisher":{"@id":"https:\/\/www.qualitel.org\/professionnels\/#organization"},"image":{"@id":"https:\/\/www.qualitel.org\/professionnels\/actualites\/application-nf-habitat-le-mode-collaboratif-accessible-a-tous-les-intervenants-dun-projet\/#primaryimage"},"thumbnailUrl":"https:\/\/www.qualitel.org\/professionnels\/wp\/..\/uploads\/NF_outils_collab.jpg","inLanguage":"fr-FR"},{"@type":"WebPage","@id":"https:\/\/www.qualitel.org\/professionnels\/actualites\/application-nf-habitat-le-mode-collaboratif-accessible-a-tous-les-intervenants-dun-projet\/","url":"https:\/\/www.qualitel.org\/professionnels\/actualites\/application-nf-habitat-le-mode-collaboratif-accessible-a-tous-les-intervenants-dun-projet\/","name":"Application NF Habitat : le mode collaboratif accessible \u00e0 tous les intervenants d\u2019un projet - Qualitel | Professionnels","isPartOf":{"@id":"https:\/\/www.qualitel.org\/professionnels\/#website"},"primaryImageOfPage":{"@id":"https:\/\/www.qualitel.org\/professionnels\/actualites\/application-nf-habitat-le-mode-collaboratif-accessible-a-tous-les-intervenants-dun-projet\/#primaryimage"},"image":{"@id":"https:\/\/www.qualitel.org\/professionnels\/actualites\/application-nf-habitat-le-mode-collaboratif-accessible-a-tous-les-intervenants-dun-projet\/#primaryimage"},"thumbnailUrl":"https:\/\/www.qualitel.org\/professionnels\/wp\/..\/uploads\/NF_outils_collab.jpg","datePublished":"2020-05-06T14:37:45+00:00","dateModified":"2020-05-06T14:37:46+00:00","description":"Chez CERQUAL Qualitel Certification le travail collaboratif passe du concept \u00e0 la r\u00e9alit\u00e9 avec la mise \u00e0 disposition depuis le 28 avril des premi\u00e8res fonctionnalit\u00e9s collaboratives des outils de la certification NF Habitat \u2013 NF Habitat HQE.","breadcrumb":{"@id":"https:\/\/www.qualitel.org\/professionnels\/actualites\/application-nf-habitat-le-mode-collaboratif-accessible-a-tous-les-intervenants-dun-projet\/#breadcrumb"},"inLanguage":"fr-FR","potentialAction":[{"@type":"ReadAction","target":["https:\/\/www.qualitel.org\/professionnels\/actualites\/application-nf-habitat-le-mode-collaboratif-accessible-a-tous-les-intervenants-dun-projet\/"]}]},{"@type":"ImageObject","inLanguage":"fr-FR","@id":"https:\/\/www.qualitel.org\/professionnels\/actualites\/application-nf-habitat-le-mode-collaboratif-accessible-a-tous-les-intervenants-dun-projet\/#primaryimage","url":"https:\/\/www.qualitel.org\/professionnels\/wp\/..\/uploads\/NF_outils_collab.jpg","contentUrl":"https:\/\/www.qualitel.org\/professionnels\/wp\/..\/uploads\/NF_outils_collab.jpg","width":900,"height":513},{"@type":"BreadcrumbList","@id":"https:\/\/www.qualitel.org\/professionnels\/actualites\/application-nf-habitat-le-mode-collaboratif-accessible-a-tous-les-intervenants-dun-projet\/#breadcrumb","itemListElement":[{"@type":"ListItem","position":1,"name":"Accueil","item":"https:\/\/www.qualitel.org\/professionnels\/"},{"@type":"ListItem","position":2,"name":"Application NF Habitat&#160;: le mode collaboratif accessible \u00e0 tous les intervenants d\u2019un projet"}]},{"@type":"WebSite","@id":"https:\/\/www.qualitel.org\/professionnels\/#website","url":"https:\/\/www.qualitel.org\/professionnels\/","name":"Qualitel | Professionnels","description":"","publisher":{"@id":"https:\/\/www.qualitel.org\/professionnels\/#organization"},"potentialAction":[{"@type":"SearchAction","target":{"@type":"EntryPoint","urlTemplate":"https:\/\/www.qualitel.org\/professionnels\/?s={search_term_string}"},"query-input":{"@type":"PropertyValueSpecification","valueRequired":true,"valueName":"search_term_string"}}],"inLanguage":"fr-FR"},{"@type":"Organization","@id":"https:\/\/www.qualitel.org\/professionnels\/#organization","name":"Qualitel","url":"https:\/\/www.qualitel.org\/professionnels\/","logo":{"@type":"ImageObject","inLanguage":"fr-FR","@id":"https:\/\/www.qualitel.org\/professionnels\/#\/schema\/logo\/image\/","url":"https:\/\/www.qualitel.org\/professionnels\/wp\/..\/uploads\/qualitel_social.jpg","contentUrl":"https:\/\/www.qualitel.org\/professionnels\/wp\/..\/uploads\/qualitel_social.jpg","width":1080,"height":1080,"caption":"Qualitel"},"image":{"@id":"https:\/\/www.qualitel.org\/professionnels\/#\/schema\/logo\/image\/"},"sameAs":["https:\/\/www.facebook.com\/groupequalitel\/","https:\/\/x.com\/groupeQUALITEL","https:\/\/www.instagram.com\/associationqualitel\/"]},{"@type":"Person","@id":"https:\/\/www.qualitel.org\/professionnels\/#\/schema\/person\/8da1b40abc7d27162c267baae6ea6b6e","name":"Julie CARNEZ","image":{"@type":"ImageObject","inLanguage":"fr-FR","@id":"https:\/\/www.qualitel.org\/professionnels\/#\/schema\/person\/image\/","url":"https:\/\/secure.gravatar.com\/avatar\/41fcfdc51e7305fd5b17ead841bd2e1f6a982b0f5ccaf899636b8ccab25ca5b1?s=96&d=mm&r=g","contentUrl":"https:\/\/secure.gravatar.com\/avatar\/41fcfdc51e7305fd5b17ead841bd2e1f6a982b0f5ccaf899636b8ccab25ca5b1?s=96&d=mm&r=g","caption":"Julie CARNEZ"}}]}},"_links":{"self":[{"href":"https:\/\/www.qualitel.org\/professionnels\/wp-json\/wp\/v2\/posts\/31378","targetHints":{"allow":["GET"]}}],"collection":[{"href":"https:\/\/www.qualitel.org\/professionnels\/wp-json\/wp\/v2\/posts"}],"about":[{"href":"https:\/\/www.qualitel.org\/professionnels\/wp-json\/wp\/v2\/types\/post"}],"author":[{"embeddable":true,"href":"https:\/\/www.qualitel.org\/professionnels\/wp-json\/wp\/v2\/users\/24"}],"replies":[{"embeddable":true,"href":"https:\/\/www.qualitel.org\/professionnels\/wp-json\/wp\/v2\/comments?post=31378"}],"version-history":[{"count":16,"href":"https:\/\/www.qualitel.org\/professionnels\/wp-json\/wp\/v2\/posts\/31378\/revisions"}],"predecessor-version":[{"id":31503,"href":"https:\/\/www.qualitel.org\/professionnels\/wp-json\/wp\/v2\/posts\/31378\/revisions\/31503"}],"wp:featuredmedia":[{"embeddable":true,"href":"https:\/\/www.qualitel.org\/professionnels\/wp-json\/wp\/v2\/media\/31386"}],"wp:attachment":[{"href":"https:\/\/www.qualitel.org\/professionnels\/wp-json\/wp\/v2\/media?parent=31378"}],"wp:term":[{"taxonomy":"tags","embeddable":true,"href":"https:\/\/www.qualitel.org\/professionnels\/wp-json\/wp\/v2\/tags?post=31378"},{"taxonomy":"etiquettes","embeddable":true,"href":"https:\/\/www.qualitel.org\/professionnels\/wp-json\/wp\/v2\/tags?post=31378"},{"taxonomy":"article_type","embeddable":true,"href":"https:\/\/www.qualitel.org\/professionnels\/wp-json\/wp\/v2\/article_type?post=31378"}],"curies":[{"name":"wp","href":"https:\/\/api.w.org\/{rel}","templated":true}]}}