{"id":37507,"date":"2020-10-14T16:21:54","date_gmt":"2020-10-14T14:21:54","guid":{"rendered":"https:\/\/www.qualitel.org\/professionnels\/?p=37507"},"modified":"2022-11-03T16:21:27","modified_gmt":"2022-11-03T15:21:27","slug":"cerqual-qualitel-certification-a-la-journee-de-leco-batiment","status":"publish","type":"post","link":"https:\/\/www.qualitel.org\/professionnels\/actualites\/cerqual-qualitel-certification-journee-eco-batiment\/","title":{"rendered":"CERQUAL Qualitel Certification \u00e0 la Journ\u00e9e de l\u2019\u00c9co-B\u00e2timent"},"content":{"rendered":"<p>Il est int\u00e9ressant de prendre de la hauteur lors de la Journ\u00e9e de l\u2019\u00c9co-B\u00e2timent et de s\u2019interroger ensemble sur les moyens de se pr\u00e9parer au mieux en r\u00e9gion Auvergne-Rh\u00f4ne-Alpes.<\/p>\n","protected":false},"excerpt":{"rendered":"<p>Il est int\u00e9ressant de prendre de la hauteur lors de la Journ\u00e9e de l\u2019\u00c9co-B\u00e2timent et de s\u2019interroger ensemble sur les moyens de se pr\u00e9parer au mieux en r\u00e9gion Auvergne-Rh\u00f4ne-Alpes.<\/p>\n","protected":false},"author":24,"featured_media":37526,"comment_status":"closed","ping_status":"closed","sticky":false,"template":"","format":"standard","meta":{"_acf_changed":false,"footnotes":""},"tags":[381],"article_type":[368],"class_list":["post-37507","post","type-post","status-publish","format-standard","has-post-thumbnail","hentry","tags-certification","tags-evenement","etiquettes-retour-sur","article_type-actualites"],"acf":[],"yoast_head":"<!-- This site is optimized with the Yoast SEO plugin v26.3 - https:\/\/yoast.com\/wordpress\/plugins\/seo\/ -->\n<title>CERQUAL Qualitel Certification \u00e0 la Journ\u00e9e de l\u2019\u00c9co-B\u00e2timent - Qualitel | Professionnels<\/title>\n<meta name=\"description\" content=\"La 4\u00e8me \u00e9dition de la Journ\u00e9e de l\u2019\u00c9co-B\u00e2timent s\u2019est d\u00e9roul\u00e9e le 13 octobre 2020 \u00e0 l\u2019H\u00f4tel de R\u00e9gion de Lyon. Partenaire de l\u2019\u00e9v\u00e9nement, CERQUAL Qualitel Certification tenait un stand et animait une conf\u00e9rence. Retour sur cette manifestation en r\u00e9gion.\" \/>\n<meta name=\"robots\" content=\"index, follow, max-snippet:-1, max-image-preview:large, max-video-preview:-1\" \/>\n<link rel=\"canonical\" href=\"https:\/\/www.qualitel.org\/professionnels\/actualites\/cerqual-qualitel-certification-journee-eco-batiment\/\" \/>\n<meta property=\"og:locale\" content=\"fr_FR\" \/>\n<meta property=\"og:type\" content=\"article\" \/>\n<meta property=\"og:title\" content=\"CERQUAL Qualitel Certification \u00e0 la Journ\u00e9e de l\u2019\u00c9co-B\u00e2timent - Qualitel | Professionnels\" \/>\n<meta property=\"og:description\" content=\"La 4\u00e8me \u00e9dition de la Journ\u00e9e de l\u2019\u00c9co-B\u00e2timent s\u2019est d\u00e9roul\u00e9e le 13 octobre 2020 \u00e0 l\u2019H\u00f4tel de R\u00e9gion de Lyon. Partenaire de l\u2019\u00e9v\u00e9nement, CERQUAL Qualitel Certification tenait un stand et animait une conf\u00e9rence. Retour sur cette manifestation en r\u00e9gion.\" \/>\n<meta property=\"og:url\" content=\"https:\/\/www.qualitel.org\/professionnels\/actualites\/cerqual-qualitel-certification-journee-eco-batiment\/\" \/>\n<meta property=\"og:site_name\" content=\"Qualitel | Professionnels\" \/>\n<meta property=\"article:publisher\" content=\"https:\/\/www.facebook.com\/groupequalitel\/\" \/>\n<meta property=\"article:published_time\" content=\"2020-10-14T14:21:54+00:00\" \/>\n<meta property=\"article:modified_time\" content=\"2022-11-03T15:21:27+00:00\" \/>\n<meta property=\"og:image\" content=\"https:\/\/www.qualitel.org\/professionnels\/wp\/..\/uploads\/eco-bat.jpg\" \/>\n\t<meta property=\"og:image:width\" content=\"900\" \/>\n\t<meta property=\"og:image:height\" content=\"513\" \/>\n\t<meta property=\"og:image:type\" content=\"image\/jpeg\" \/>\n<meta name=\"author\" content=\"Julie CARNEZ\" \/>\n<meta name=\"twitter:card\" content=\"summary_large_image\" \/>\n<meta name=\"twitter:description\" content=\"La 4\u00e8me \u00e9dition de la Journ\u00e9e de l\u2019\u00c9co-B\u00e2timent s\u2019est d\u00e9roul\u00e9e le 13 octobre 2020 \u00e0 l\u2019H\u00f4tel de R\u00e9gion de Lyon. Partenaire de l\u2019\u00e9v\u00e9nement, CERQUAL Qualitel Certification tenait un stand et animait une conf\u00e9rence. Retour sur cette manifestation en r\u00e9gion.\n\" \/>\n<meta name=\"twitter:creator\" content=\"@groupeQUALITEL\" \/>\n<meta name=\"twitter:site\" content=\"@groupeQUALITEL\" \/>\n<meta name=\"twitter:label1\" content=\"Written by\" \/>\n\t<meta name=\"twitter:data1\" content=\"Julie CARNEZ\" \/>\n<script type=\"application\/ld+json\" class=\"yoast-schema-graph\">{\"@context\":\"https:\/\/schema.org\",\"@graph\":[{\"@type\":\"Article\",\"@id\":\"https:\/\/www.qualitel.org\/professionnels\/actualites\/cerqual-qualitel-certification-journee-eco-batiment\/#article\",\"isPartOf\":{\"@id\":\"https:\/\/www.qualitel.org\/professionnels\/actualites\/cerqual-qualitel-certification-journee-eco-batiment\/\"},\"author\":{\"name\":\"Julie CARNEZ\",\"@id\":\"https:\/\/www.qualitel.org\/professionnels\/#\/schema\/person\/8da1b40abc7d27162c267baae6ea6b6e\"},\"headline\":\"CERQUAL Qualitel Certification \u00e0 la Journ\u00e9e de l\u2019\u00c9co-B\u00e2timent\",\"datePublished\":\"2020-10-14T14:21:54+00:00\",\"dateModified\":\"2022-11-03T15:21:27+00:00\",\"mainEntityOfPage\":{\"@id\":\"https:\/\/www.qualitel.org\/professionnels\/actualites\/cerqual-qualitel-certification-journee-eco-batiment\/\"},\"wordCount\":47,\"publisher\":{\"@id\":\"https:\/\/www.qualitel.org\/professionnels\/#organization\"},\"image\":{\"@id\":\"https:\/\/www.qualitel.org\/professionnels\/actualites\/cerqual-qualitel-certification-journee-eco-batiment\/#primaryimage\"},\"thumbnailUrl\":\"https:\/\/www.qualitel.org\/professionnels\/wp\/..\/uploads\/eco-bat.jpg\",\"inLanguage\":\"fr-FR\"},{\"@type\":\"WebPage\",\"@id\":\"https:\/\/www.qualitel.org\/professionnels\/actualites\/cerqual-qualitel-certification-journee-eco-batiment\/\",\"url\":\"https:\/\/www.qualitel.org\/professionnels\/actualites\/cerqual-qualitel-certification-journee-eco-batiment\/\",\"name\":\"CERQUAL Qualitel Certification \u00e0 la Journ\u00e9e de l\u2019\u00c9co-B\u00e2timent - Qualitel | Professionnels\",\"isPartOf\":{\"@id\":\"https:\/\/www.qualitel.org\/professionnels\/#website\"},\"primaryImageOfPage\":{\"@id\":\"https:\/\/www.qualitel.org\/professionnels\/actualites\/cerqual-qualitel-certification-journee-eco-batiment\/#primaryimage\"},\"image\":{\"@id\":\"https:\/\/www.qualitel.org\/professionnels\/actualites\/cerqual-qualitel-certification-journee-eco-batiment\/#primaryimage\"},\"thumbnailUrl\":\"https:\/\/www.qualitel.org\/professionnels\/wp\/..\/uploads\/eco-bat.jpg\",\"datePublished\":\"2020-10-14T14:21:54+00:00\",\"dateModified\":\"2022-11-03T15:21:27+00:00\",\"description\":\"La 4\u00e8me \u00e9dition de la Journ\u00e9e de l\u2019\u00c9co-B\u00e2timent s\u2019est d\u00e9roul\u00e9e le 13 octobre 2020 \u00e0 l\u2019H\u00f4tel de R\u00e9gion de Lyon. Partenaire de l\u2019\u00e9v\u00e9nement, CERQUAL Qualitel Certification tenait un stand et animait une conf\u00e9rence. Retour sur cette manifestation en r\u00e9gion.\",\"breadcrumb\":{\"@id\":\"https:\/\/www.qualitel.org\/professionnels\/actualites\/cerqual-qualitel-certification-journee-eco-batiment\/#breadcrumb\"},\"inLanguage\":\"fr-FR\",\"potentialAction\":[{\"@type\":\"ReadAction\",\"target\":[\"https:\/\/www.qualitel.org\/professionnels\/actualites\/cerqual-qualitel-certification-journee-eco-batiment\/\"]}]},{\"@type\":\"ImageObject\",\"inLanguage\":\"fr-FR\",\"@id\":\"https:\/\/www.qualitel.org\/professionnels\/actualites\/cerqual-qualitel-certification-journee-eco-batiment\/#primaryimage\",\"url\":\"https:\/\/www.qualitel.org\/professionnels\/wp\/..\/uploads\/eco-bat.jpg\",\"contentUrl\":\"https:\/\/www.qualitel.org\/professionnels\/wp\/..\/uploads\/eco-bat.jpg\",\"width\":900,\"height\":513,\"caption\":\"cr\u00e9dit Cluster Eco-B\u00e2timent\"},{\"@type\":\"BreadcrumbList\",\"@id\":\"https:\/\/www.qualitel.org\/professionnels\/actualites\/cerqual-qualitel-certification-journee-eco-batiment\/#breadcrumb\",\"itemListElement\":[{\"@type\":\"ListItem\",\"position\":1,\"name\":\"Accueil\",\"item\":\"https:\/\/www.qualitel.org\/professionnels\/\"},{\"@type\":\"ListItem\",\"position\":2,\"name\":\"CERQUAL Qualitel Certification \u00e0 la Journ\u00e9e de l\u2019\u00c9co-B\u00e2timent\"}]},{\"@type\":\"WebSite\",\"@id\":\"https:\/\/www.qualitel.org\/professionnels\/#website\",\"url\":\"https:\/\/www.qualitel.org\/professionnels\/\",\"name\":\"Qualitel | Professionnels\",\"description\":\"\",\"publisher\":{\"@id\":\"https:\/\/www.qualitel.org\/professionnels\/#organization\"},\"potentialAction\":[{\"@type\":\"SearchAction\",\"target\":{\"@type\":\"EntryPoint\",\"urlTemplate\":\"https:\/\/www.qualitel.org\/professionnels\/?s={search_term_string}\"},\"query-input\":{\"@type\":\"PropertyValueSpecification\",\"valueRequired\":true,\"valueName\":\"search_term_string\"}}],\"inLanguage\":\"fr-FR\"},{\"@type\":\"Organization\",\"@id\":\"https:\/\/www.qualitel.org\/professionnels\/#organization\",\"name\":\"Qualitel\",\"url\":\"https:\/\/www.qualitel.org\/professionnels\/\",\"logo\":{\"@type\":\"ImageObject\",\"inLanguage\":\"fr-FR\",\"@id\":\"https:\/\/www.qualitel.org\/professionnels\/#\/schema\/logo\/image\/\",\"url\":\"https:\/\/www.qualitel.org\/professionnels\/wp\/..\/uploads\/qualitel_social.jpg\",\"contentUrl\":\"https:\/\/www.qualitel.org\/professionnels\/wp\/..\/uploads\/qualitel_social.jpg\",\"width\":1080,\"height\":1080,\"caption\":\"Qualitel\"},\"image\":{\"@id\":\"https:\/\/www.qualitel.org\/professionnels\/#\/schema\/logo\/image\/\"},\"sameAs\":[\"https:\/\/www.facebook.com\/groupequalitel\/\",\"https:\/\/x.com\/groupeQUALITEL\",\"https:\/\/www.instagram.com\/associationqualitel\/\"]},{\"@type\":\"Person\",\"@id\":\"https:\/\/www.qualitel.org\/professionnels\/#\/schema\/person\/8da1b40abc7d27162c267baae6ea6b6e\",\"name\":\"Julie CARNEZ\",\"image\":{\"@type\":\"ImageObject\",\"inLanguage\":\"fr-FR\",\"@id\":\"https:\/\/www.qualitel.org\/professionnels\/#\/schema\/person\/image\/\",\"url\":\"https:\/\/secure.gravatar.com\/avatar\/41fcfdc51e7305fd5b17ead841bd2e1f6a982b0f5ccaf899636b8ccab25ca5b1?s=96&d=mm&r=g\",\"contentUrl\":\"https:\/\/secure.gravatar.com\/avatar\/41fcfdc51e7305fd5b17ead841bd2e1f6a982b0f5ccaf899636b8ccab25ca5b1?s=96&d=mm&r=g\",\"caption\":\"Julie CARNEZ\"}}]}<\/script>\n<!-- \/ Yoast SEO plugin. -->","yoast_head_json":{"title":"CERQUAL Qualitel Certification \u00e0 la Journ\u00e9e de l\u2019\u00c9co-B\u00e2timent - Qualitel | Professionnels","description":"La 4\u00e8me \u00e9dition de la Journ\u00e9e de l\u2019\u00c9co-B\u00e2timent s\u2019est d\u00e9roul\u00e9e le 13 octobre 2020 \u00e0 l\u2019H\u00f4tel de R\u00e9gion de Lyon. Partenaire de l\u2019\u00e9v\u00e9nement, CERQUAL Qualitel Certification tenait un stand et animait une conf\u00e9rence. Retour sur cette manifestation en r\u00e9gion.","robots":{"index":"index","follow":"follow","max-snippet":"max-snippet:-1","max-image-preview":"max-image-preview:large","max-video-preview":"max-video-preview:-1"},"canonical":"https:\/\/www.qualitel.org\/professionnels\/actualites\/cerqual-qualitel-certification-journee-eco-batiment\/","og_locale":"fr_FR","og_type":"article","og_title":"CERQUAL Qualitel Certification \u00e0 la Journ\u00e9e de l\u2019\u00c9co-B\u00e2timent - Qualitel | Professionnels","og_description":"La 4\u00e8me \u00e9dition de la Journ\u00e9e de l\u2019\u00c9co-B\u00e2timent s\u2019est d\u00e9roul\u00e9e le 13 octobre 2020 \u00e0 l\u2019H\u00f4tel de R\u00e9gion de Lyon. Partenaire de l\u2019\u00e9v\u00e9nement, CERQUAL Qualitel Certification tenait un stand et animait une conf\u00e9rence. Retour sur cette manifestation en r\u00e9gion.","og_url":"https:\/\/www.qualitel.org\/professionnels\/actualites\/cerqual-qualitel-certification-journee-eco-batiment\/","og_site_name":"Qualitel | Professionnels","article_publisher":"https:\/\/www.facebook.com\/groupequalitel\/","article_published_time":"2020-10-14T14:21:54+00:00","article_modified_time":"2022-11-03T15:21:27+00:00","og_image":[{"width":900,"height":513,"url":"https:\/\/www.qualitel.org\/professionnels\/wp\/..\/uploads\/eco-bat.jpg","type":"image\/jpeg"}],"author":"Julie CARNEZ","twitter_card":"summary_large_image","twitter_description":"La 4\u00e8me \u00e9dition de la Journ\u00e9e de l\u2019\u00c9co-B\u00e2timent s\u2019est d\u00e9roul\u00e9e le 13 octobre 2020 \u00e0 l\u2019H\u00f4tel de R\u00e9gion de Lyon. Partenaire de l\u2019\u00e9v\u00e9nement, CERQUAL Qualitel Certification tenait un stand et animait une conf\u00e9rence. Retour sur cette manifestation en r\u00e9gion.\n","twitter_creator":"@groupeQUALITEL","twitter_site":"@groupeQUALITEL","twitter_misc":{"Written by":"Julie CARNEZ"},"schema":{"@context":"https:\/\/schema.org","@graph":[{"@type":"Article","@id":"https:\/\/www.qualitel.org\/professionnels\/actualites\/cerqual-qualitel-certification-journee-eco-batiment\/#article","isPartOf":{"@id":"https:\/\/www.qualitel.org\/professionnels\/actualites\/cerqual-qualitel-certification-journee-eco-batiment\/"},"author":{"name":"Julie CARNEZ","@id":"https:\/\/www.qualitel.org\/professionnels\/#\/schema\/person\/8da1b40abc7d27162c267baae6ea6b6e"},"headline":"CERQUAL Qualitel Certification \u00e0 la Journ\u00e9e de l\u2019\u00c9co-B\u00e2timent","datePublished":"2020-10-14T14:21:54+00:00","dateModified":"2022-11-03T15:21:27+00:00","mainEntityOfPage":{"@id":"https:\/\/www.qualitel.org\/professionnels\/actualites\/cerqual-qualitel-certification-journee-eco-batiment\/"},"wordCount":47,"publisher":{"@id":"https:\/\/www.qualitel.org\/professionnels\/#organization"},"image":{"@id":"https:\/\/www.qualitel.org\/professionnels\/actualites\/cerqual-qualitel-certification-journee-eco-batiment\/#primaryimage"},"thumbnailUrl":"https:\/\/www.qualitel.org\/professionnels\/wp\/..\/uploads\/eco-bat.jpg","inLanguage":"fr-FR"},{"@type":"WebPage","@id":"https:\/\/www.qualitel.org\/professionnels\/actualites\/cerqual-qualitel-certification-journee-eco-batiment\/","url":"https:\/\/www.qualitel.org\/professionnels\/actualites\/cerqual-qualitel-certification-journee-eco-batiment\/","name":"CERQUAL Qualitel Certification \u00e0 la Journ\u00e9e de l\u2019\u00c9co-B\u00e2timent - Qualitel | Professionnels","isPartOf":{"@id":"https:\/\/www.qualitel.org\/professionnels\/#website"},"primaryImageOfPage":{"@id":"https:\/\/www.qualitel.org\/professionnels\/actualites\/cerqual-qualitel-certification-journee-eco-batiment\/#primaryimage"},"image":{"@id":"https:\/\/www.qualitel.org\/professionnels\/actualites\/cerqual-qualitel-certification-journee-eco-batiment\/#primaryimage"},"thumbnailUrl":"https:\/\/www.qualitel.org\/professionnels\/wp\/..\/uploads\/eco-bat.jpg","datePublished":"2020-10-14T14:21:54+00:00","dateModified":"2022-11-03T15:21:27+00:00","description":"La 4\u00e8me \u00e9dition de la Journ\u00e9e de l\u2019\u00c9co-B\u00e2timent s\u2019est d\u00e9roul\u00e9e le 13 octobre 2020 \u00e0 l\u2019H\u00f4tel de R\u00e9gion de Lyon. Partenaire de l\u2019\u00e9v\u00e9nement, CERQUAL Qualitel Certification tenait un stand et animait une conf\u00e9rence. Retour sur cette manifestation en r\u00e9gion.","breadcrumb":{"@id":"https:\/\/www.qualitel.org\/professionnels\/actualites\/cerqual-qualitel-certification-journee-eco-batiment\/#breadcrumb"},"inLanguage":"fr-FR","potentialAction":[{"@type":"ReadAction","target":["https:\/\/www.qualitel.org\/professionnels\/actualites\/cerqual-qualitel-certification-journee-eco-batiment\/"]}]},{"@type":"ImageObject","inLanguage":"fr-FR","@id":"https:\/\/www.qualitel.org\/professionnels\/actualites\/cerqual-qualitel-certification-journee-eco-batiment\/#primaryimage","url":"https:\/\/www.qualitel.org\/professionnels\/wp\/..\/uploads\/eco-bat.jpg","contentUrl":"https:\/\/www.qualitel.org\/professionnels\/wp\/..\/uploads\/eco-bat.jpg","width":900,"height":513,"caption":"cr\u00e9dit Cluster Eco-B\u00e2timent"},{"@type":"BreadcrumbList","@id":"https:\/\/www.qualitel.org\/professionnels\/actualites\/cerqual-qualitel-certification-journee-eco-batiment\/#breadcrumb","itemListElement":[{"@type":"ListItem","position":1,"name":"Accueil","item":"https:\/\/www.qualitel.org\/professionnels\/"},{"@type":"ListItem","position":2,"name":"CERQUAL Qualitel Certification \u00e0 la Journ\u00e9e de l\u2019\u00c9co-B\u00e2timent"}]},{"@type":"WebSite","@id":"https:\/\/www.qualitel.org\/professionnels\/#website","url":"https:\/\/www.qualitel.org\/professionnels\/","name":"Qualitel | Professionnels","description":"","publisher":{"@id":"https:\/\/www.qualitel.org\/professionnels\/#organization"},"potentialAction":[{"@type":"SearchAction","target":{"@type":"EntryPoint","urlTemplate":"https:\/\/www.qualitel.org\/professionnels\/?s={search_term_string}"},"query-input":{"@type":"PropertyValueSpecification","valueRequired":true,"valueName":"search_term_string"}}],"inLanguage":"fr-FR"},{"@type":"Organization","@id":"https:\/\/www.qualitel.org\/professionnels\/#organization","name":"Qualitel","url":"https:\/\/www.qualitel.org\/professionnels\/","logo":{"@type":"ImageObject","inLanguage":"fr-FR","@id":"https:\/\/www.qualitel.org\/professionnels\/#\/schema\/logo\/image\/","url":"https:\/\/www.qualitel.org\/professionnels\/wp\/..\/uploads\/qualitel_social.jpg","contentUrl":"https:\/\/www.qualitel.org\/professionnels\/wp\/..\/uploads\/qualitel_social.jpg","width":1080,"height":1080,"caption":"Qualitel"},"image":{"@id":"https:\/\/www.qualitel.org\/professionnels\/#\/schema\/logo\/image\/"},"sameAs":["https:\/\/www.facebook.com\/groupequalitel\/","https:\/\/x.com\/groupeQUALITEL","https:\/\/www.instagram.com\/associationqualitel\/"]},{"@type":"Person","@id":"https:\/\/www.qualitel.org\/professionnels\/#\/schema\/person\/8da1b40abc7d27162c267baae6ea6b6e","name":"Julie CARNEZ","image":{"@type":"ImageObject","inLanguage":"fr-FR","@id":"https:\/\/www.qualitel.org\/professionnels\/#\/schema\/person\/image\/","url":"https:\/\/secure.gravatar.com\/avatar\/41fcfdc51e7305fd5b17ead841bd2e1f6a982b0f5ccaf899636b8ccab25ca5b1?s=96&d=mm&r=g","contentUrl":"https:\/\/secure.gravatar.com\/avatar\/41fcfdc51e7305fd5b17ead841bd2e1f6a982b0f5ccaf899636b8ccab25ca5b1?s=96&d=mm&r=g","caption":"Julie CARNEZ"}}]}},"_links":{"self":[{"href":"https:\/\/www.qualitel.org\/professionnels\/wp-json\/wp\/v2\/posts\/37507","targetHints":{"allow":["GET"]}}],"collection":[{"href":"https:\/\/www.qualitel.org\/professionnels\/wp-json\/wp\/v2\/posts"}],"about":[{"href":"https:\/\/www.qualitel.org\/professionnels\/wp-json\/wp\/v2\/types\/post"}],"author":[{"embeddable":true,"href":"https:\/\/www.qualitel.org\/professionnels\/wp-json\/wp\/v2\/users\/24"}],"replies":[{"embeddable":true,"href":"https:\/\/www.qualitel.org\/professionnels\/wp-json\/wp\/v2\/comments?post=37507"}],"version-history":[{"count":65,"href":"https:\/\/www.qualitel.org\/professionnels\/wp-json\/wp\/v2\/posts\/37507\/revisions"}],"predecessor-version":[{"id":60054,"href":"https:\/\/www.qualitel.org\/professionnels\/wp-json\/wp\/v2\/posts\/37507\/revisions\/60054"}],"wp:featuredmedia":[{"embeddable":true,"href":"https:\/\/www.qualitel.org\/professionnels\/wp-json\/wp\/v2\/media\/37526"}],"wp:attachment":[{"href":"https:\/\/www.qualitel.org\/professionnels\/wp-json\/wp\/v2\/media?parent=37507"}],"wp:term":[{"taxonomy":"tags","embeddable":true,"href":"https:\/\/www.qualitel.org\/professionnels\/wp-json\/wp\/v2\/tags?post=37507"},{"taxonomy":"etiquettes","embeddable":true,"href":"https:\/\/www.qualitel.org\/professionnels\/wp-json\/wp\/v2\/tags?post=37507"},{"taxonomy":"article_type","embeddable":true,"href":"https:\/\/www.qualitel.org\/professionnels\/wp-json\/wp\/v2\/article_type?post=37507"}],"curies":[{"name":"wp","href":"https:\/\/api.w.org\/{rel}","templated":true}]}}