{"id":41377,"date":"2020-12-23T11:52:31","date_gmt":"2020-12-23T10:52:31","guid":{"rendered":"https:\/\/www.qualitel.org\/professionnels\/?p=41377"},"modified":"2023-10-31T10:16:58","modified_gmt":"2023-10-31T09:16:58","slug":"retour-sur-la-premiere-conference-formation-de-qualitel-formation","status":"publish","type":"post","link":"https:\/\/www.qualitel.org\/professionnels\/actualites\/retour-premiere-conference-formation-qualitel-formation\/","title":{"rendered":"Retour sur la premi\u00e8re conf\u00e9rence formation de QUALITEL Formation"},"content":{"rendered":"","protected":false},"excerpt":{"rendered":"","protected":false},"author":47,"featured_media":41384,"comment_status":"closed","ping_status":"closed","sticky":false,"template":"","format":"standard","meta":{"_acf_changed":false,"footnotes":""},"tags":[381],"article_type":[368],"class_list":["post-41377","post","type-post","status-publish","format-standard","has-post-thumbnail","hentry","tags-economie-circulaire","tags-formation","etiquettes-retour-sur","article_type-actualites"],"acf":[],"yoast_head":"<!-- This site is optimized with the Yoast SEO plugin v26.3 - https:\/\/yoast.com\/wordpress\/plugins\/seo\/ -->\n<title>Retour sur la premi\u00e8re conf\u00e9rence formation de QUALITEL Formation - Qualitel | Professionnels<\/title>\n<meta name=\"description\" content=\"Avec 96\u00a0% d\u2019apprenants satisfaits voire tr\u00e8s satisfaits, la premi\u00e8re conf\u00e9rence formation \u00ab\u00a0R\u00e9emploi des mat\u00e9riaux de construction, que peut-on faire concr\u00e8tement\u00a0?\u00a0\u00bb organis\u00e9e par QUALITEL Formation le 26 novembre 2020 est une \u00e9dition r\u00e9ussie\u00a0! Les participants ont appr\u00e9ci\u00e9 une \u00ab\u00a0formation de tr\u00e8s bonne qualit\u00e9 ayant parfaitement r\u00e9pondu \u00e0 leurs attentes\u00a0\u00bb avec des \u00ab\u00a0intervenants de qualit\u00e9\u00a0\u00bb et des \u00ab\u00a0contenus tr\u00e8s int\u00e9ressants\u00a0\u00bb gr\u00e2ce \u00e0 une \u00ab\u00a0organisation tr\u00e8s ma\u00eetris\u00e9e\u00a0\u00bb.\" \/>\n<meta name=\"robots\" content=\"index, follow, max-snippet:-1, max-image-preview:large, max-video-preview:-1\" \/>\n<link rel=\"canonical\" href=\"https:\/\/www.qualitel.org\/professionnels\/actualites\/retour-premiere-conference-formation-qualitel-formation\/\" \/>\n<meta property=\"og:locale\" content=\"fr_FR\" \/>\n<meta property=\"og:type\" content=\"article\" \/>\n<meta property=\"og:title\" content=\"Retour sur la premi\u00e8re conf\u00e9rence formation de QUALITEL Formation - Qualitel | Professionnels\" \/>\n<meta property=\"og:description\" content=\"Avec 96\u00a0% d\u2019apprenants satisfaits voire tr\u00e8s satisfaits, la premi\u00e8re conf\u00e9rence formation \u00ab\u00a0R\u00e9emploi des mat\u00e9riaux de construction, que peut-on faire concr\u00e8tement\u00a0?\u00a0\u00bb organis\u00e9e par QUALITEL Formation le 26 novembre 2020 est une \u00e9dition r\u00e9ussie\u00a0! Les participants ont appr\u00e9ci\u00e9 une \u00ab\u00a0formation de tr\u00e8s bonne qualit\u00e9 ayant parfaitement r\u00e9pondu \u00e0 leurs attentes\u00a0\u00bb avec des \u00ab\u00a0intervenants de qualit\u00e9\u00a0\u00bb et des \u00ab\u00a0contenus tr\u00e8s int\u00e9ressants\u00a0\u00bb gr\u00e2ce \u00e0 une \u00ab\u00a0organisation tr\u00e8s ma\u00eetris\u00e9e\u00a0\u00bb.\" \/>\n<meta property=\"og:url\" content=\"https:\/\/www.qualitel.org\/professionnels\/actualites\/retour-premiere-conference-formation-qualitel-formation\/\" \/>\n<meta property=\"og:site_name\" content=\"Qualitel | Professionnels\" \/>\n<meta property=\"article:publisher\" content=\"https:\/\/www.facebook.com\/groupequalitel\/\" \/>\n<meta property=\"article:published_time\" content=\"2020-12-23T10:52:31+00:00\" \/>\n<meta property=\"article:modified_time\" content=\"2023-10-31T09:16:58+00:00\" \/>\n<meta property=\"og:image\" content=\"https:\/\/www.qualitel.org\/professionnels\/wp\/..\/uploads\/conf\u00e9rence-formation.png\" \/>\n\t<meta property=\"og:image:width\" content=\"765\" \/>\n\t<meta property=\"og:image:height\" content=\"428\" \/>\n\t<meta property=\"og:image:type\" content=\"image\/png\" \/>\n<meta name=\"author\" content=\"r.fauconnet@cerqual.fr\" \/>\n<meta name=\"twitter:card\" content=\"summary_large_image\" \/>\n<meta name=\"twitter:description\" content=\"Avec 96\u00a0% d\u2019apprenants satisfaits voire tr\u00e8s satisfaits, la premi\u00e8re conf\u00e9rence formation \u00ab\u00a0R\u00e9emploi des mat\u00e9riaux de construction, que peut-on faire concr\u00e8tement\u00a0?\u00a0\u00bb organis\u00e9e par QUALITEL Formation le 26 novembre 2020 est une \u00e9dition r\u00e9ussie\u00a0! Les participants ont appr\u00e9ci\u00e9 une \u00ab\u00a0formation de tr\u00e8s bonne qualit\u00e9 ayant parfaitement r\u00e9pondu \u00e0 leurs attentes\u00a0\u00bb avec des \u00ab\u00a0intervenants de qualit\u00e9\u00a0\u00bb et des \u00ab\u00a0contenus tr\u00e8s int\u00e9ressants\u00a0\u00bb gr\u00e2ce \u00e0 une \u00ab\u00a0organisation tr\u00e8s ma\u00eetris\u00e9e\u00a0\u00bb.\n\" \/>\n<meta name=\"twitter:creator\" content=\"@groupeQUALITEL\" \/>\n<meta name=\"twitter:site\" content=\"@groupeQUALITEL\" \/>\n<meta name=\"twitter:label1\" content=\"Written by\" \/>\n\t<meta name=\"twitter:data1\" content=\"r.fauconnet@cerqual.fr\" \/>\n<script type=\"application\/ld+json\" class=\"yoast-schema-graph\">{\"@context\":\"https:\/\/schema.org\",\"@graph\":[{\"@type\":\"Article\",\"@id\":\"https:\/\/www.qualitel.org\/professionnels\/actualites\/retour-premiere-conference-formation-qualitel-formation\/#article\",\"isPartOf\":{\"@id\":\"https:\/\/www.qualitel.org\/professionnels\/actualites\/retour-premiere-conference-formation-qualitel-formation\/\"},\"author\":{\"name\":\"r.fauconnet@cerqual.fr\",\"@id\":\"https:\/\/www.qualitel.org\/professionnels\/#\/schema\/person\/f17d7c84720714cf14475012433428dc\"},\"headline\":\"Retour sur la premi\u00e8re conf\u00e9rence formation de QUALITEL Formation\",\"datePublished\":\"2020-12-23T10:52:31+00:00\",\"dateModified\":\"2023-10-31T09:16:58+00:00\",\"mainEntityOfPage\":{\"@id\":\"https:\/\/www.qualitel.org\/professionnels\/actualites\/retour-premiere-conference-formation-qualitel-formation\/\"},\"wordCount\":11,\"publisher\":{\"@id\":\"https:\/\/www.qualitel.org\/professionnels\/#organization\"},\"image\":{\"@id\":\"https:\/\/www.qualitel.org\/professionnels\/actualites\/retour-premiere-conference-formation-qualitel-formation\/#primaryimage\"},\"thumbnailUrl\":\"https:\/\/www.qualitel.org\/professionnels\/wp\/..\/uploads\/conf\u00e9rence-formation.png\",\"inLanguage\":\"fr-FR\"},{\"@type\":\"WebPage\",\"@id\":\"https:\/\/www.qualitel.org\/professionnels\/actualites\/retour-premiere-conference-formation-qualitel-formation\/\",\"url\":\"https:\/\/www.qualitel.org\/professionnels\/actualites\/retour-premiere-conference-formation-qualitel-formation\/\",\"name\":\"Retour sur la premi\u00e8re conf\u00e9rence formation de QUALITEL Formation - Qualitel | Professionnels\",\"isPartOf\":{\"@id\":\"https:\/\/www.qualitel.org\/professionnels\/#website\"},\"primaryImageOfPage\":{\"@id\":\"https:\/\/www.qualitel.org\/professionnels\/actualites\/retour-premiere-conference-formation-qualitel-formation\/#primaryimage\"},\"image\":{\"@id\":\"https:\/\/www.qualitel.org\/professionnels\/actualites\/retour-premiere-conference-formation-qualitel-formation\/#primaryimage\"},\"thumbnailUrl\":\"https:\/\/www.qualitel.org\/professionnels\/wp\/..\/uploads\/conf\u00e9rence-formation.png\",\"datePublished\":\"2020-12-23T10:52:31+00:00\",\"dateModified\":\"2023-10-31T09:16:58+00:00\",\"description\":\"Avec 96\u00a0% d\u2019apprenants satisfaits voire tr\u00e8s satisfaits, la premi\u00e8re conf\u00e9rence formation \u00ab\u00a0R\u00e9emploi des mat\u00e9riaux de construction, que peut-on faire concr\u00e8tement\u00a0?\u00a0\u00bb organis\u00e9e par QUALITEL Formation le 26 novembre 2020 est une \u00e9dition r\u00e9ussie\u00a0! Les participants ont appr\u00e9ci\u00e9 une \u00ab\u00a0formation de tr\u00e8s bonne qualit\u00e9 ayant parfaitement r\u00e9pondu \u00e0 leurs attentes\u00a0\u00bb avec des \u00ab\u00a0intervenants de qualit\u00e9\u00a0\u00bb et des \u00ab\u00a0contenus tr\u00e8s int\u00e9ressants\u00a0\u00bb gr\u00e2ce \u00e0 une \u00ab\u00a0organisation tr\u00e8s ma\u00eetris\u00e9e\u00a0\u00bb.\",\"breadcrumb\":{\"@id\":\"https:\/\/www.qualitel.org\/professionnels\/actualites\/retour-premiere-conference-formation-qualitel-formation\/#breadcrumb\"},\"inLanguage\":\"fr-FR\",\"potentialAction\":[{\"@type\":\"ReadAction\",\"target\":[\"https:\/\/www.qualitel.org\/professionnels\/actualites\/retour-premiere-conference-formation-qualitel-formation\/\"]}]},{\"@type\":\"ImageObject\",\"inLanguage\":\"fr-FR\",\"@id\":\"https:\/\/www.qualitel.org\/professionnels\/actualites\/retour-premiere-conference-formation-qualitel-formation\/#primaryimage\",\"url\":\"https:\/\/www.qualitel.org\/professionnels\/wp\/..\/uploads\/conf\u00e9rence-formation.png\",\"contentUrl\":\"https:\/\/www.qualitel.org\/professionnels\/wp\/..\/uploads\/conf\u00e9rence-formation.png\",\"width\":765,\"height\":428},{\"@type\":\"BreadcrumbList\",\"@id\":\"https:\/\/www.qualitel.org\/professionnels\/actualites\/retour-premiere-conference-formation-qualitel-formation\/#breadcrumb\",\"itemListElement\":[{\"@type\":\"ListItem\",\"position\":1,\"name\":\"Accueil\",\"item\":\"https:\/\/www.qualitel.org\/professionnels\/\"},{\"@type\":\"ListItem\",\"position\":2,\"name\":\"Retour sur la premi\u00e8re conf\u00e9rence formation de QUALITEL Formation\"}]},{\"@type\":\"WebSite\",\"@id\":\"https:\/\/www.qualitel.org\/professionnels\/#website\",\"url\":\"https:\/\/www.qualitel.org\/professionnels\/\",\"name\":\"Qualitel | Professionnels\",\"description\":\"\",\"publisher\":{\"@id\":\"https:\/\/www.qualitel.org\/professionnels\/#organization\"},\"potentialAction\":[{\"@type\":\"SearchAction\",\"target\":{\"@type\":\"EntryPoint\",\"urlTemplate\":\"https:\/\/www.qualitel.org\/professionnels\/?s={search_term_string}\"},\"query-input\":{\"@type\":\"PropertyValueSpecification\",\"valueRequired\":true,\"valueName\":\"search_term_string\"}}],\"inLanguage\":\"fr-FR\"},{\"@type\":\"Organization\",\"@id\":\"https:\/\/www.qualitel.org\/professionnels\/#organization\",\"name\":\"Qualitel\",\"url\":\"https:\/\/www.qualitel.org\/professionnels\/\",\"logo\":{\"@type\":\"ImageObject\",\"inLanguage\":\"fr-FR\",\"@id\":\"https:\/\/www.qualitel.org\/professionnels\/#\/schema\/logo\/image\/\",\"url\":\"https:\/\/www.qualitel.org\/professionnels\/wp\/..\/uploads\/qualitel_social.jpg\",\"contentUrl\":\"https:\/\/www.qualitel.org\/professionnels\/wp\/..\/uploads\/qualitel_social.jpg\",\"width\":1080,\"height\":1080,\"caption\":\"Qualitel\"},\"image\":{\"@id\":\"https:\/\/www.qualitel.org\/professionnels\/#\/schema\/logo\/image\/\"},\"sameAs\":[\"https:\/\/www.facebook.com\/groupequalitel\/\",\"https:\/\/x.com\/groupeQUALITEL\",\"https:\/\/www.instagram.com\/associationqualitel\/\"]},{\"@type\":\"Person\",\"@id\":\"https:\/\/www.qualitel.org\/professionnels\/#\/schema\/person\/f17d7c84720714cf14475012433428dc\",\"name\":\"r.fauconnet@cerqual.fr\",\"image\":{\"@type\":\"ImageObject\",\"inLanguage\":\"fr-FR\",\"@id\":\"https:\/\/www.qualitel.org\/professionnels\/#\/schema\/person\/image\/\",\"url\":\"https:\/\/secure.gravatar.com\/avatar\/942323e1b48d0a8e053387957b8f871a383a90eb915d485baeb367f5a64554d3?s=96&d=mm&r=g\",\"contentUrl\":\"https:\/\/secure.gravatar.com\/avatar\/942323e1b48d0a8e053387957b8f871a383a90eb915d485baeb367f5a64554d3?s=96&d=mm&r=g\",\"caption\":\"r.fauconnet@cerqual.fr\"}}]}<\/script>\n<!-- \/ Yoast SEO plugin. -->","yoast_head_json":{"title":"Retour sur la premi\u00e8re conf\u00e9rence formation de QUALITEL Formation - Qualitel | Professionnels","description":"Avec 96\u00a0% d\u2019apprenants satisfaits voire tr\u00e8s satisfaits, la premi\u00e8re conf\u00e9rence formation \u00ab\u00a0R\u00e9emploi des mat\u00e9riaux de construction, que peut-on faire concr\u00e8tement\u00a0?\u00a0\u00bb organis\u00e9e par QUALITEL Formation le 26 novembre 2020 est une \u00e9dition r\u00e9ussie\u00a0! Les participants ont appr\u00e9ci\u00e9 une \u00ab\u00a0formation de tr\u00e8s bonne qualit\u00e9 ayant parfaitement r\u00e9pondu \u00e0 leurs attentes\u00a0\u00bb avec des \u00ab\u00a0intervenants de qualit\u00e9\u00a0\u00bb et des \u00ab\u00a0contenus tr\u00e8s int\u00e9ressants\u00a0\u00bb gr\u00e2ce \u00e0 une \u00ab\u00a0organisation tr\u00e8s ma\u00eetris\u00e9e\u00a0\u00bb.","robots":{"index":"index","follow":"follow","max-snippet":"max-snippet:-1","max-image-preview":"max-image-preview:large","max-video-preview":"max-video-preview:-1"},"canonical":"https:\/\/www.qualitel.org\/professionnels\/actualites\/retour-premiere-conference-formation-qualitel-formation\/","og_locale":"fr_FR","og_type":"article","og_title":"Retour sur la premi\u00e8re conf\u00e9rence formation de QUALITEL Formation - Qualitel | Professionnels","og_description":"Avec 96\u00a0% d\u2019apprenants satisfaits voire tr\u00e8s satisfaits, la premi\u00e8re conf\u00e9rence formation \u00ab\u00a0R\u00e9emploi des mat\u00e9riaux de construction, que peut-on faire concr\u00e8tement\u00a0?\u00a0\u00bb organis\u00e9e par QUALITEL Formation le 26 novembre 2020 est une \u00e9dition r\u00e9ussie\u00a0! Les participants ont appr\u00e9ci\u00e9 une \u00ab\u00a0formation de tr\u00e8s bonne qualit\u00e9 ayant parfaitement r\u00e9pondu \u00e0 leurs attentes\u00a0\u00bb avec des \u00ab\u00a0intervenants de qualit\u00e9\u00a0\u00bb et des \u00ab\u00a0contenus tr\u00e8s int\u00e9ressants\u00a0\u00bb gr\u00e2ce \u00e0 une \u00ab\u00a0organisation tr\u00e8s ma\u00eetris\u00e9e\u00a0\u00bb.","og_url":"https:\/\/www.qualitel.org\/professionnels\/actualites\/retour-premiere-conference-formation-qualitel-formation\/","og_site_name":"Qualitel | Professionnels","article_publisher":"https:\/\/www.facebook.com\/groupequalitel\/","article_published_time":"2020-12-23T10:52:31+00:00","article_modified_time":"2023-10-31T09:16:58+00:00","og_image":[{"width":765,"height":428,"url":"https:\/\/www.qualitel.org\/professionnels\/wp\/..\/uploads\/conf\u00e9rence-formation.png","type":"image\/png"}],"author":"r.fauconnet@cerqual.fr","twitter_card":"summary_large_image","twitter_description":"Avec 96\u00a0% d\u2019apprenants satisfaits voire tr\u00e8s satisfaits, la premi\u00e8re conf\u00e9rence formation \u00ab\u00a0R\u00e9emploi des mat\u00e9riaux de construction, que peut-on faire concr\u00e8tement\u00a0?\u00a0\u00bb organis\u00e9e par QUALITEL Formation le 26 novembre 2020 est une \u00e9dition r\u00e9ussie\u00a0! Les participants ont appr\u00e9ci\u00e9 une \u00ab\u00a0formation de tr\u00e8s bonne qualit\u00e9 ayant parfaitement r\u00e9pondu \u00e0 leurs attentes\u00a0\u00bb avec des \u00ab\u00a0intervenants de qualit\u00e9\u00a0\u00bb et des \u00ab\u00a0contenus tr\u00e8s int\u00e9ressants\u00a0\u00bb gr\u00e2ce \u00e0 une \u00ab\u00a0organisation tr\u00e8s ma\u00eetris\u00e9e\u00a0\u00bb.\n","twitter_creator":"@groupeQUALITEL","twitter_site":"@groupeQUALITEL","twitter_misc":{"Written by":"r.fauconnet@cerqual.fr"},"schema":{"@context":"https:\/\/schema.org","@graph":[{"@type":"Article","@id":"https:\/\/www.qualitel.org\/professionnels\/actualites\/retour-premiere-conference-formation-qualitel-formation\/#article","isPartOf":{"@id":"https:\/\/www.qualitel.org\/professionnels\/actualites\/retour-premiere-conference-formation-qualitel-formation\/"},"author":{"name":"r.fauconnet@cerqual.fr","@id":"https:\/\/www.qualitel.org\/professionnels\/#\/schema\/person\/f17d7c84720714cf14475012433428dc"},"headline":"Retour sur la premi\u00e8re conf\u00e9rence formation de QUALITEL Formation","datePublished":"2020-12-23T10:52:31+00:00","dateModified":"2023-10-31T09:16:58+00:00","mainEntityOfPage":{"@id":"https:\/\/www.qualitel.org\/professionnels\/actualites\/retour-premiere-conference-formation-qualitel-formation\/"},"wordCount":11,"publisher":{"@id":"https:\/\/www.qualitel.org\/professionnels\/#organization"},"image":{"@id":"https:\/\/www.qualitel.org\/professionnels\/actualites\/retour-premiere-conference-formation-qualitel-formation\/#primaryimage"},"thumbnailUrl":"https:\/\/www.qualitel.org\/professionnels\/wp\/..\/uploads\/conf\u00e9rence-formation.png","inLanguage":"fr-FR"},{"@type":"WebPage","@id":"https:\/\/www.qualitel.org\/professionnels\/actualites\/retour-premiere-conference-formation-qualitel-formation\/","url":"https:\/\/www.qualitel.org\/professionnels\/actualites\/retour-premiere-conference-formation-qualitel-formation\/","name":"Retour sur la premi\u00e8re conf\u00e9rence formation de QUALITEL Formation - Qualitel | Professionnels","isPartOf":{"@id":"https:\/\/www.qualitel.org\/professionnels\/#website"},"primaryImageOfPage":{"@id":"https:\/\/www.qualitel.org\/professionnels\/actualites\/retour-premiere-conference-formation-qualitel-formation\/#primaryimage"},"image":{"@id":"https:\/\/www.qualitel.org\/professionnels\/actualites\/retour-premiere-conference-formation-qualitel-formation\/#primaryimage"},"thumbnailUrl":"https:\/\/www.qualitel.org\/professionnels\/wp\/..\/uploads\/conf\u00e9rence-formation.png","datePublished":"2020-12-23T10:52:31+00:00","dateModified":"2023-10-31T09:16:58+00:00","description":"Avec 96\u00a0% d\u2019apprenants satisfaits voire tr\u00e8s satisfaits, la premi\u00e8re conf\u00e9rence formation \u00ab\u00a0R\u00e9emploi des mat\u00e9riaux de construction, que peut-on faire concr\u00e8tement\u00a0?\u00a0\u00bb organis\u00e9e par QUALITEL Formation le 26 novembre 2020 est une \u00e9dition r\u00e9ussie\u00a0! Les participants ont appr\u00e9ci\u00e9 une \u00ab\u00a0formation de tr\u00e8s bonne qualit\u00e9 ayant parfaitement r\u00e9pondu \u00e0 leurs attentes\u00a0\u00bb avec des \u00ab\u00a0intervenants de qualit\u00e9\u00a0\u00bb et des \u00ab\u00a0contenus tr\u00e8s int\u00e9ressants\u00a0\u00bb gr\u00e2ce \u00e0 une \u00ab\u00a0organisation tr\u00e8s ma\u00eetris\u00e9e\u00a0\u00bb.","breadcrumb":{"@id":"https:\/\/www.qualitel.org\/professionnels\/actualites\/retour-premiere-conference-formation-qualitel-formation\/#breadcrumb"},"inLanguage":"fr-FR","potentialAction":[{"@type":"ReadAction","target":["https:\/\/www.qualitel.org\/professionnels\/actualites\/retour-premiere-conference-formation-qualitel-formation\/"]}]},{"@type":"ImageObject","inLanguage":"fr-FR","@id":"https:\/\/www.qualitel.org\/professionnels\/actualites\/retour-premiere-conference-formation-qualitel-formation\/#primaryimage","url":"https:\/\/www.qualitel.org\/professionnels\/wp\/..\/uploads\/conf\u00e9rence-formation.png","contentUrl":"https:\/\/www.qualitel.org\/professionnels\/wp\/..\/uploads\/conf\u00e9rence-formation.png","width":765,"height":428},{"@type":"BreadcrumbList","@id":"https:\/\/www.qualitel.org\/professionnels\/actualites\/retour-premiere-conference-formation-qualitel-formation\/#breadcrumb","itemListElement":[{"@type":"ListItem","position":1,"name":"Accueil","item":"https:\/\/www.qualitel.org\/professionnels\/"},{"@type":"ListItem","position":2,"name":"Retour sur la premi\u00e8re conf\u00e9rence formation de QUALITEL Formation"}]},{"@type":"WebSite","@id":"https:\/\/www.qualitel.org\/professionnels\/#website","url":"https:\/\/www.qualitel.org\/professionnels\/","name":"Qualitel | Professionnels","description":"","publisher":{"@id":"https:\/\/www.qualitel.org\/professionnels\/#organization"},"potentialAction":[{"@type":"SearchAction","target":{"@type":"EntryPoint","urlTemplate":"https:\/\/www.qualitel.org\/professionnels\/?s={search_term_string}"},"query-input":{"@type":"PropertyValueSpecification","valueRequired":true,"valueName":"search_term_string"}}],"inLanguage":"fr-FR"},{"@type":"Organization","@id":"https:\/\/www.qualitel.org\/professionnels\/#organization","name":"Qualitel","url":"https:\/\/www.qualitel.org\/professionnels\/","logo":{"@type":"ImageObject","inLanguage":"fr-FR","@id":"https:\/\/www.qualitel.org\/professionnels\/#\/schema\/logo\/image\/","url":"https:\/\/www.qualitel.org\/professionnels\/wp\/..\/uploads\/qualitel_social.jpg","contentUrl":"https:\/\/www.qualitel.org\/professionnels\/wp\/..\/uploads\/qualitel_social.jpg","width":1080,"height":1080,"caption":"Qualitel"},"image":{"@id":"https:\/\/www.qualitel.org\/professionnels\/#\/schema\/logo\/image\/"},"sameAs":["https:\/\/www.facebook.com\/groupequalitel\/","https:\/\/x.com\/groupeQUALITEL","https:\/\/www.instagram.com\/associationqualitel\/"]},{"@type":"Person","@id":"https:\/\/www.qualitel.org\/professionnels\/#\/schema\/person\/f17d7c84720714cf14475012433428dc","name":"r.fauconnet@cerqual.fr","image":{"@type":"ImageObject","inLanguage":"fr-FR","@id":"https:\/\/www.qualitel.org\/professionnels\/#\/schema\/person\/image\/","url":"https:\/\/secure.gravatar.com\/avatar\/942323e1b48d0a8e053387957b8f871a383a90eb915d485baeb367f5a64554d3?s=96&d=mm&r=g","contentUrl":"https:\/\/secure.gravatar.com\/avatar\/942323e1b48d0a8e053387957b8f871a383a90eb915d485baeb367f5a64554d3?s=96&d=mm&r=g","caption":"r.fauconnet@cerqual.fr"}}]}},"_links":{"self":[{"href":"https:\/\/www.qualitel.org\/professionnels\/wp-json\/wp\/v2\/posts\/41377","targetHints":{"allow":["GET"]}}],"collection":[{"href":"https:\/\/www.qualitel.org\/professionnels\/wp-json\/wp\/v2\/posts"}],"about":[{"href":"https:\/\/www.qualitel.org\/professionnels\/wp-json\/wp\/v2\/types\/post"}],"author":[{"embeddable":true,"href":"https:\/\/www.qualitel.org\/professionnels\/wp-json\/wp\/v2\/users\/47"}],"replies":[{"embeddable":true,"href":"https:\/\/www.qualitel.org\/professionnels\/wp-json\/wp\/v2\/comments?post=41377"}],"version-history":[{"count":59,"href":"https:\/\/www.qualitel.org\/professionnels\/wp-json\/wp\/v2\/posts\/41377\/revisions"}],"predecessor-version":[{"id":69914,"href":"https:\/\/www.qualitel.org\/professionnels\/wp-json\/wp\/v2\/posts\/41377\/revisions\/69914"}],"wp:featuredmedia":[{"embeddable":true,"href":"https:\/\/www.qualitel.org\/professionnels\/wp-json\/wp\/v2\/media\/41384"}],"wp:attachment":[{"href":"https:\/\/www.qualitel.org\/professionnels\/wp-json\/wp\/v2\/media?parent=41377"}],"wp:term":[{"taxonomy":"tags","embeddable":true,"href":"https:\/\/www.qualitel.org\/professionnels\/wp-json\/wp\/v2\/tags?post=41377"},{"taxonomy":"etiquettes","embeddable":true,"href":"https:\/\/www.qualitel.org\/professionnels\/wp-json\/wp\/v2\/tags?post=41377"},{"taxonomy":"article_type","embeddable":true,"href":"https:\/\/www.qualitel.org\/professionnels\/wp-json\/wp\/v2\/article_type?post=41377"}],"curies":[{"name":"wp","href":"https:\/\/api.w.org\/{rel}","templated":true}]}}