{"id":43791,"date":"2021-03-01T15:16:54","date_gmt":"2021-03-01T14:16:54","guid":{"rendered":"https:\/\/www.qualitel.org\/professionnels\/?p=43791"},"modified":"2021-03-01T15:18:08","modified_gmt":"2021-03-01T14:18:08","slug":"agir-sur-la-ventilation-pour-un-logement-plus-sain-le-nouveau-guide-qualitel","status":"publish","type":"post","link":"https:\/\/www.qualitel.org\/professionnels\/actualites\/agir-sur-ventilation-pour-logement-plus-sain-nouveau-guide-qualitel\/","title":{"rendered":"\u00ab Agir sur la ventilation pour un logement plus sain \u00bb : le nouveau guide QUALITEL"},"content":{"rendered":"<p>\u00c0 l\u2019heure de la r\u00e9novation du parc existant et \u00e0 l\u2019aube d\u2019une nouvelle r\u00e9glementation environnementale, nous apportons des r\u00e9sultats concrets qui d\u00e9montrent que la ventilation est un sujet fondamental pour la bonne qualit\u00e9 de l\u2019air int\u00e9rieur d\u2019un logement, et que cela rel\u00e8ve autant de la conception du logement que des usages et du bon entretien des installations.<\/p>\n","protected":false},"excerpt":{"rendered":"<p>\u00c0 l\u2019heure de la r\u00e9novation du parc existant et \u00e0 l\u2019aube d\u2019une nouvelle r\u00e9glementation environnementale, nous apportons des r\u00e9sultats concrets qui d\u00e9montrent que la ventilation est un sujet fondamental pour la bonne qualit\u00e9 de l\u2019air int\u00e9rieur d\u2019un logement, et que cela rel\u00e8ve autant de la conception du logement que des usages et du bon entretien &#8230; <\/p>\n","protected":false},"author":24,"featured_media":43829,"comment_status":"closed","ping_status":"closed","sticky":false,"template":"","format":"standard","meta":{"_acf_changed":false,"footnotes":""},"tags":[416],"article_type":[368],"class_list":["post-43791","post","type-post","status-publish","format-standard","has-post-thumbnail","hentry","tags-environnement","tags-expertise","etiquettes-publication","article_type-actualites"],"acf":[],"yoast_head":"<!-- This site is optimized with the Yoast SEO plugin v26.3 - https:\/\/yoast.com\/wordpress\/plugins\/seo\/ -->\n<title>\u00ab Agir sur la ventilation pour un logement plus sain \u00bb : le nouveau guide QUALITEL - Qualitel | Professionnels<\/title>\n<meta name=\"description\" content=\"L\u2019air int\u00e9rieur \u00e9tant g\u00e9n\u00e9ralement plus pollu\u00e9 que l\u2019air ext\u00e9rieur, l\u2019Association QUALITEL a plac\u00e9 la qualit\u00e9 de l\u2019air int\u00e9rieur des logements comme l\u2019une de ses priorit\u00e9s afin de pr\u00e9server la sant\u00e9 et la qualit\u00e9 de vie des habitants. Dans cette optique, QUALITEL a lanc\u00e9 plusieurs programmes de recherche sur la ventilation et publie aujourd\u2019hui les r\u00e9sultats de ces diff\u00e9rentes \u00e9tudes \u00e0 destination des professionnels et du grand public.\" \/>\n<meta name=\"robots\" content=\"index, follow, max-snippet:-1, max-image-preview:large, max-video-preview:-1\" \/>\n<link rel=\"canonical\" href=\"https:\/\/www.qualitel.org\/professionnels\/actualites\/agir-sur-ventilation-pour-logement-plus-sain-nouveau-guide-qualitel\/\" \/>\n<meta property=\"og:locale\" content=\"fr_FR\" \/>\n<meta property=\"og:type\" content=\"article\" \/>\n<meta property=\"og:title\" content=\"\u00ab Agir sur la ventilation pour un logement plus sain \u00bb : le nouveau guide QUALITEL - Qualitel | Professionnels\" \/>\n<meta property=\"og:description\" content=\"L\u2019air int\u00e9rieur \u00e9tant g\u00e9n\u00e9ralement plus pollu\u00e9 que l\u2019air ext\u00e9rieur, l\u2019Association QUALITEL a plac\u00e9 la qualit\u00e9 de l\u2019air int\u00e9rieur des logements comme l\u2019une de ses priorit\u00e9s afin de pr\u00e9server la sant\u00e9 et la qualit\u00e9 de vie des habitants. Dans cette optique, QUALITEL a lanc\u00e9 plusieurs programmes de recherche sur la ventilation et publie aujourd\u2019hui les r\u00e9sultats de ces diff\u00e9rentes \u00e9tudes \u00e0 destination des professionnels et du grand public.\" \/>\n<meta property=\"og:url\" content=\"https:\/\/www.qualitel.org\/professionnels\/actualites\/agir-sur-ventilation-pour-logement-plus-sain-nouveau-guide-qualitel\/\" \/>\n<meta property=\"og:site_name\" content=\"Qualitel | Professionnels\" \/>\n<meta property=\"article:publisher\" content=\"https:\/\/www.facebook.com\/groupequalitel\/\" \/>\n<meta property=\"article:published_time\" content=\"2021-03-01T14:16:54+00:00\" \/>\n<meta property=\"article:modified_time\" content=\"2021-03-01T14:18:08+00:00\" \/>\n<meta property=\"og:image\" content=\"https:\/\/www.qualitel.org\/professionnels\/wp\/..\/uploads\/DTventilation.png\" \/>\n\t<meta property=\"og:image:width\" content=\"900\" \/>\n\t<meta property=\"og:image:height\" content=\"513\" \/>\n\t<meta property=\"og:image:type\" content=\"image\/png\" \/>\n<meta name=\"author\" content=\"Julie CARNEZ\" \/>\n<meta name=\"twitter:card\" content=\"summary_large_image\" \/>\n<meta name=\"twitter:description\" content=\"L\u2019air int\u00e9rieur \u00e9tant g\u00e9n\u00e9ralement plus pollu\u00e9 que l\u2019air ext\u00e9rieur, l\u2019Association QUALITEL a plac\u00e9 la qualit\u00e9 de l\u2019air int\u00e9rieur des logements comme l\u2019une de ses priorit\u00e9s afin de pr\u00e9server la sant\u00e9 et la qualit\u00e9 de vie des habitants. Dans cette optique, QUALITEL a lanc\u00e9 plusieurs programmes de recherche sur la ventilation et publie aujourd\u2019hui les r\u00e9sultats de ces diff\u00e9rentes \u00e9tudes \u00e0 destination des professionnels et du grand public.\n\" \/>\n<meta name=\"twitter:creator\" content=\"@groupeQUALITEL\" \/>\n<meta name=\"twitter:site\" content=\"@groupeQUALITEL\" \/>\n<meta name=\"twitter:label1\" content=\"Written by\" \/>\n\t<meta name=\"twitter:data1\" content=\"Julie CARNEZ\" \/>\n<script type=\"application\/ld+json\" class=\"yoast-schema-graph\">{\"@context\":\"https:\/\/schema.org\",\"@graph\":[{\"@type\":\"Article\",\"@id\":\"https:\/\/www.qualitel.org\/professionnels\/actualites\/agir-sur-ventilation-pour-logement-plus-sain-nouveau-guide-qualitel\/#article\",\"isPartOf\":{\"@id\":\"https:\/\/www.qualitel.org\/professionnels\/actualites\/agir-sur-ventilation-pour-logement-plus-sain-nouveau-guide-qualitel\/\"},\"author\":{\"name\":\"Julie CARNEZ\",\"@id\":\"https:\/\/www.qualitel.org\/professionnels\/#\/schema\/person\/8da1b40abc7d27162c267baae6ea6b6e\"},\"headline\":\"\u00ab Agir sur la ventilation pour un logement plus sain \u00bb : le nouveau guide QUALITEL\",\"datePublished\":\"2021-03-01T14:16:54+00:00\",\"dateModified\":\"2021-03-01T14:18:08+00:00\",\"mainEntityOfPage\":{\"@id\":\"https:\/\/www.qualitel.org\/professionnels\/actualites\/agir-sur-ventilation-pour-logement-plus-sain-nouveau-guide-qualitel\/\"},\"wordCount\":79,\"publisher\":{\"@id\":\"https:\/\/www.qualitel.org\/professionnels\/#organization\"},\"image\":{\"@id\":\"https:\/\/www.qualitel.org\/professionnels\/actualites\/agir-sur-ventilation-pour-logement-plus-sain-nouveau-guide-qualitel\/#primaryimage\"},\"thumbnailUrl\":\"https:\/\/www.qualitel.org\/professionnels\/wp\/..\/uploads\/DTventilation.png\",\"inLanguage\":\"fr-FR\"},{\"@type\":\"WebPage\",\"@id\":\"https:\/\/www.qualitel.org\/professionnels\/actualites\/agir-sur-ventilation-pour-logement-plus-sain-nouveau-guide-qualitel\/\",\"url\":\"https:\/\/www.qualitel.org\/professionnels\/actualites\/agir-sur-ventilation-pour-logement-plus-sain-nouveau-guide-qualitel\/\",\"name\":\"\u00ab Agir sur la ventilation pour un logement plus sain \u00bb : le nouveau guide QUALITEL - Qualitel | Professionnels\",\"isPartOf\":{\"@id\":\"https:\/\/www.qualitel.org\/professionnels\/#website\"},\"primaryImageOfPage\":{\"@id\":\"https:\/\/www.qualitel.org\/professionnels\/actualites\/agir-sur-ventilation-pour-logement-plus-sain-nouveau-guide-qualitel\/#primaryimage\"},\"image\":{\"@id\":\"https:\/\/www.qualitel.org\/professionnels\/actualites\/agir-sur-ventilation-pour-logement-plus-sain-nouveau-guide-qualitel\/#primaryimage\"},\"thumbnailUrl\":\"https:\/\/www.qualitel.org\/professionnels\/wp\/..\/uploads\/DTventilation.png\",\"datePublished\":\"2021-03-01T14:16:54+00:00\",\"dateModified\":\"2021-03-01T14:18:08+00:00\",\"description\":\"L\u2019air int\u00e9rieur \u00e9tant g\u00e9n\u00e9ralement plus pollu\u00e9 que l\u2019air ext\u00e9rieur, l\u2019Association QUALITEL a plac\u00e9 la qualit\u00e9 de l\u2019air int\u00e9rieur des logements comme l\u2019une de ses priorit\u00e9s afin de pr\u00e9server la sant\u00e9 et la qualit\u00e9 de vie des habitants. Dans cette optique, QUALITEL a lanc\u00e9 plusieurs programmes de recherche sur la ventilation et publie aujourd\u2019hui les r\u00e9sultats de ces diff\u00e9rentes \u00e9tudes \u00e0 destination des professionnels et du grand public.\",\"breadcrumb\":{\"@id\":\"https:\/\/www.qualitel.org\/professionnels\/actualites\/agir-sur-ventilation-pour-logement-plus-sain-nouveau-guide-qualitel\/#breadcrumb\"},\"inLanguage\":\"fr-FR\",\"potentialAction\":[{\"@type\":\"ReadAction\",\"target\":[\"https:\/\/www.qualitel.org\/professionnels\/actualites\/agir-sur-ventilation-pour-logement-plus-sain-nouveau-guide-qualitel\/\"]}]},{\"@type\":\"ImageObject\",\"inLanguage\":\"fr-FR\",\"@id\":\"https:\/\/www.qualitel.org\/professionnels\/actualites\/agir-sur-ventilation-pour-logement-plus-sain-nouveau-guide-qualitel\/#primaryimage\",\"url\":\"https:\/\/www.qualitel.org\/professionnels\/wp\/..\/uploads\/DTventilation.png\",\"contentUrl\":\"https:\/\/www.qualitel.org\/professionnels\/wp\/..\/uploads\/DTventilation.png\",\"width\":900,\"height\":513},{\"@type\":\"BreadcrumbList\",\"@id\":\"https:\/\/www.qualitel.org\/professionnels\/actualites\/agir-sur-ventilation-pour-logement-plus-sain-nouveau-guide-qualitel\/#breadcrumb\",\"itemListElement\":[{\"@type\":\"ListItem\",\"position\":1,\"name\":\"Accueil\",\"item\":\"https:\/\/www.qualitel.org\/professionnels\/\"},{\"@type\":\"ListItem\",\"position\":2,\"name\":\"\u00ab&#160;Agir sur la ventilation pour un logement plus sain&#160;\u00bb&#160;: le nouveau guide QUALITEL\"}]},{\"@type\":\"WebSite\",\"@id\":\"https:\/\/www.qualitel.org\/professionnels\/#website\",\"url\":\"https:\/\/www.qualitel.org\/professionnels\/\",\"name\":\"Qualitel | Professionnels\",\"description\":\"\",\"publisher\":{\"@id\":\"https:\/\/www.qualitel.org\/professionnels\/#organization\"},\"potentialAction\":[{\"@type\":\"SearchAction\",\"target\":{\"@type\":\"EntryPoint\",\"urlTemplate\":\"https:\/\/www.qualitel.org\/professionnels\/?s={search_term_string}\"},\"query-input\":{\"@type\":\"PropertyValueSpecification\",\"valueRequired\":true,\"valueName\":\"search_term_string\"}}],\"inLanguage\":\"fr-FR\"},{\"@type\":\"Organization\",\"@id\":\"https:\/\/www.qualitel.org\/professionnels\/#organization\",\"name\":\"Qualitel\",\"url\":\"https:\/\/www.qualitel.org\/professionnels\/\",\"logo\":{\"@type\":\"ImageObject\",\"inLanguage\":\"fr-FR\",\"@id\":\"https:\/\/www.qualitel.org\/professionnels\/#\/schema\/logo\/image\/\",\"url\":\"https:\/\/www.qualitel.org\/professionnels\/wp\/..\/uploads\/qualitel_social.jpg\",\"contentUrl\":\"https:\/\/www.qualitel.org\/professionnels\/wp\/..\/uploads\/qualitel_social.jpg\",\"width\":1080,\"height\":1080,\"caption\":\"Qualitel\"},\"image\":{\"@id\":\"https:\/\/www.qualitel.org\/professionnels\/#\/schema\/logo\/image\/\"},\"sameAs\":[\"https:\/\/www.facebook.com\/groupequalitel\/\",\"https:\/\/x.com\/groupeQUALITEL\",\"https:\/\/www.instagram.com\/associationqualitel\/\"]},{\"@type\":\"Person\",\"@id\":\"https:\/\/www.qualitel.org\/professionnels\/#\/schema\/person\/8da1b40abc7d27162c267baae6ea6b6e\",\"name\":\"Julie CARNEZ\",\"image\":{\"@type\":\"ImageObject\",\"inLanguage\":\"fr-FR\",\"@id\":\"https:\/\/www.qualitel.org\/professionnels\/#\/schema\/person\/image\/\",\"url\":\"https:\/\/secure.gravatar.com\/avatar\/41fcfdc51e7305fd5b17ead841bd2e1f6a982b0f5ccaf899636b8ccab25ca5b1?s=96&d=mm&r=g\",\"contentUrl\":\"https:\/\/secure.gravatar.com\/avatar\/41fcfdc51e7305fd5b17ead841bd2e1f6a982b0f5ccaf899636b8ccab25ca5b1?s=96&d=mm&r=g\",\"caption\":\"Julie CARNEZ\"}}]}<\/script>\n<!-- \/ Yoast SEO plugin. -->","yoast_head_json":{"title":"\u00ab Agir sur la ventilation pour un logement plus sain \u00bb : le nouveau guide QUALITEL - Qualitel | Professionnels","description":"L\u2019air int\u00e9rieur \u00e9tant g\u00e9n\u00e9ralement plus pollu\u00e9 que l\u2019air ext\u00e9rieur, l\u2019Association QUALITEL a plac\u00e9 la qualit\u00e9 de l\u2019air int\u00e9rieur des logements comme l\u2019une de ses priorit\u00e9s afin de pr\u00e9server la sant\u00e9 et la qualit\u00e9 de vie des habitants. Dans cette optique, QUALITEL a lanc\u00e9 plusieurs programmes de recherche sur la ventilation et publie aujourd\u2019hui les r\u00e9sultats de ces diff\u00e9rentes \u00e9tudes \u00e0 destination des professionnels et du grand public.","robots":{"index":"index","follow":"follow","max-snippet":"max-snippet:-1","max-image-preview":"max-image-preview:large","max-video-preview":"max-video-preview:-1"},"canonical":"https:\/\/www.qualitel.org\/professionnels\/actualites\/agir-sur-ventilation-pour-logement-plus-sain-nouveau-guide-qualitel\/","og_locale":"fr_FR","og_type":"article","og_title":"\u00ab Agir sur la ventilation pour un logement plus sain \u00bb : le nouveau guide QUALITEL - Qualitel | Professionnels","og_description":"L\u2019air int\u00e9rieur \u00e9tant g\u00e9n\u00e9ralement plus pollu\u00e9 que l\u2019air ext\u00e9rieur, l\u2019Association QUALITEL a plac\u00e9 la qualit\u00e9 de l\u2019air int\u00e9rieur des logements comme l\u2019une de ses priorit\u00e9s afin de pr\u00e9server la sant\u00e9 et la qualit\u00e9 de vie des habitants. Dans cette optique, QUALITEL a lanc\u00e9 plusieurs programmes de recherche sur la ventilation et publie aujourd\u2019hui les r\u00e9sultats de ces diff\u00e9rentes \u00e9tudes \u00e0 destination des professionnels et du grand public.","og_url":"https:\/\/www.qualitel.org\/professionnels\/actualites\/agir-sur-ventilation-pour-logement-plus-sain-nouveau-guide-qualitel\/","og_site_name":"Qualitel | Professionnels","article_publisher":"https:\/\/www.facebook.com\/groupequalitel\/","article_published_time":"2021-03-01T14:16:54+00:00","article_modified_time":"2021-03-01T14:18:08+00:00","og_image":[{"width":900,"height":513,"url":"https:\/\/www.qualitel.org\/professionnels\/wp\/..\/uploads\/DTventilation.png","type":"image\/png"}],"author":"Julie CARNEZ","twitter_card":"summary_large_image","twitter_description":"L\u2019air int\u00e9rieur \u00e9tant g\u00e9n\u00e9ralement plus pollu\u00e9 que l\u2019air ext\u00e9rieur, l\u2019Association QUALITEL a plac\u00e9 la qualit\u00e9 de l\u2019air int\u00e9rieur des logements comme l\u2019une de ses priorit\u00e9s afin de pr\u00e9server la sant\u00e9 et la qualit\u00e9 de vie des habitants. Dans cette optique, QUALITEL a lanc\u00e9 plusieurs programmes de recherche sur la ventilation et publie aujourd\u2019hui les r\u00e9sultats de ces diff\u00e9rentes \u00e9tudes \u00e0 destination des professionnels et du grand public.\n","twitter_creator":"@groupeQUALITEL","twitter_site":"@groupeQUALITEL","twitter_misc":{"Written by":"Julie CARNEZ"},"schema":{"@context":"https:\/\/schema.org","@graph":[{"@type":"Article","@id":"https:\/\/www.qualitel.org\/professionnels\/actualites\/agir-sur-ventilation-pour-logement-plus-sain-nouveau-guide-qualitel\/#article","isPartOf":{"@id":"https:\/\/www.qualitel.org\/professionnels\/actualites\/agir-sur-ventilation-pour-logement-plus-sain-nouveau-guide-qualitel\/"},"author":{"name":"Julie CARNEZ","@id":"https:\/\/www.qualitel.org\/professionnels\/#\/schema\/person\/8da1b40abc7d27162c267baae6ea6b6e"},"headline":"\u00ab Agir sur la ventilation pour un logement plus sain \u00bb : le nouveau guide QUALITEL","datePublished":"2021-03-01T14:16:54+00:00","dateModified":"2021-03-01T14:18:08+00:00","mainEntityOfPage":{"@id":"https:\/\/www.qualitel.org\/professionnels\/actualites\/agir-sur-ventilation-pour-logement-plus-sain-nouveau-guide-qualitel\/"},"wordCount":79,"publisher":{"@id":"https:\/\/www.qualitel.org\/professionnels\/#organization"},"image":{"@id":"https:\/\/www.qualitel.org\/professionnels\/actualites\/agir-sur-ventilation-pour-logement-plus-sain-nouveau-guide-qualitel\/#primaryimage"},"thumbnailUrl":"https:\/\/www.qualitel.org\/professionnels\/wp\/..\/uploads\/DTventilation.png","inLanguage":"fr-FR"},{"@type":"WebPage","@id":"https:\/\/www.qualitel.org\/professionnels\/actualites\/agir-sur-ventilation-pour-logement-plus-sain-nouveau-guide-qualitel\/","url":"https:\/\/www.qualitel.org\/professionnels\/actualites\/agir-sur-ventilation-pour-logement-plus-sain-nouveau-guide-qualitel\/","name":"\u00ab Agir sur la ventilation pour un logement plus sain \u00bb : le nouveau guide QUALITEL - Qualitel | Professionnels","isPartOf":{"@id":"https:\/\/www.qualitel.org\/professionnels\/#website"},"primaryImageOfPage":{"@id":"https:\/\/www.qualitel.org\/professionnels\/actualites\/agir-sur-ventilation-pour-logement-plus-sain-nouveau-guide-qualitel\/#primaryimage"},"image":{"@id":"https:\/\/www.qualitel.org\/professionnels\/actualites\/agir-sur-ventilation-pour-logement-plus-sain-nouveau-guide-qualitel\/#primaryimage"},"thumbnailUrl":"https:\/\/www.qualitel.org\/professionnels\/wp\/..\/uploads\/DTventilation.png","datePublished":"2021-03-01T14:16:54+00:00","dateModified":"2021-03-01T14:18:08+00:00","description":"L\u2019air int\u00e9rieur \u00e9tant g\u00e9n\u00e9ralement plus pollu\u00e9 que l\u2019air ext\u00e9rieur, l\u2019Association QUALITEL a plac\u00e9 la qualit\u00e9 de l\u2019air int\u00e9rieur des logements comme l\u2019une de ses priorit\u00e9s afin de pr\u00e9server la sant\u00e9 et la qualit\u00e9 de vie des habitants. Dans cette optique, QUALITEL a lanc\u00e9 plusieurs programmes de recherche sur la ventilation et publie aujourd\u2019hui les r\u00e9sultats de ces diff\u00e9rentes \u00e9tudes \u00e0 destination des professionnels et du grand public.","breadcrumb":{"@id":"https:\/\/www.qualitel.org\/professionnels\/actualites\/agir-sur-ventilation-pour-logement-plus-sain-nouveau-guide-qualitel\/#breadcrumb"},"inLanguage":"fr-FR","potentialAction":[{"@type":"ReadAction","target":["https:\/\/www.qualitel.org\/professionnels\/actualites\/agir-sur-ventilation-pour-logement-plus-sain-nouveau-guide-qualitel\/"]}]},{"@type":"ImageObject","inLanguage":"fr-FR","@id":"https:\/\/www.qualitel.org\/professionnels\/actualites\/agir-sur-ventilation-pour-logement-plus-sain-nouveau-guide-qualitel\/#primaryimage","url":"https:\/\/www.qualitel.org\/professionnels\/wp\/..\/uploads\/DTventilation.png","contentUrl":"https:\/\/www.qualitel.org\/professionnels\/wp\/..\/uploads\/DTventilation.png","width":900,"height":513},{"@type":"BreadcrumbList","@id":"https:\/\/www.qualitel.org\/professionnels\/actualites\/agir-sur-ventilation-pour-logement-plus-sain-nouveau-guide-qualitel\/#breadcrumb","itemListElement":[{"@type":"ListItem","position":1,"name":"Accueil","item":"https:\/\/www.qualitel.org\/professionnels\/"},{"@type":"ListItem","position":2,"name":"\u00ab&#160;Agir sur la ventilation pour un logement plus sain&#160;\u00bb&#160;: le nouveau guide QUALITEL"}]},{"@type":"WebSite","@id":"https:\/\/www.qualitel.org\/professionnels\/#website","url":"https:\/\/www.qualitel.org\/professionnels\/","name":"Qualitel | Professionnels","description":"","publisher":{"@id":"https:\/\/www.qualitel.org\/professionnels\/#organization"},"potentialAction":[{"@type":"SearchAction","target":{"@type":"EntryPoint","urlTemplate":"https:\/\/www.qualitel.org\/professionnels\/?s={search_term_string}"},"query-input":{"@type":"PropertyValueSpecification","valueRequired":true,"valueName":"search_term_string"}}],"inLanguage":"fr-FR"},{"@type":"Organization","@id":"https:\/\/www.qualitel.org\/professionnels\/#organization","name":"Qualitel","url":"https:\/\/www.qualitel.org\/professionnels\/","logo":{"@type":"ImageObject","inLanguage":"fr-FR","@id":"https:\/\/www.qualitel.org\/professionnels\/#\/schema\/logo\/image\/","url":"https:\/\/www.qualitel.org\/professionnels\/wp\/..\/uploads\/qualitel_social.jpg","contentUrl":"https:\/\/www.qualitel.org\/professionnels\/wp\/..\/uploads\/qualitel_social.jpg","width":1080,"height":1080,"caption":"Qualitel"},"image":{"@id":"https:\/\/www.qualitel.org\/professionnels\/#\/schema\/logo\/image\/"},"sameAs":["https:\/\/www.facebook.com\/groupequalitel\/","https:\/\/x.com\/groupeQUALITEL","https:\/\/www.instagram.com\/associationqualitel\/"]},{"@type":"Person","@id":"https:\/\/www.qualitel.org\/professionnels\/#\/schema\/person\/8da1b40abc7d27162c267baae6ea6b6e","name":"Julie CARNEZ","image":{"@type":"ImageObject","inLanguage":"fr-FR","@id":"https:\/\/www.qualitel.org\/professionnels\/#\/schema\/person\/image\/","url":"https:\/\/secure.gravatar.com\/avatar\/41fcfdc51e7305fd5b17ead841bd2e1f6a982b0f5ccaf899636b8ccab25ca5b1?s=96&d=mm&r=g","contentUrl":"https:\/\/secure.gravatar.com\/avatar\/41fcfdc51e7305fd5b17ead841bd2e1f6a982b0f5ccaf899636b8ccab25ca5b1?s=96&d=mm&r=g","caption":"Julie CARNEZ"}}]}},"_links":{"self":[{"href":"https:\/\/www.qualitel.org\/professionnels\/wp-json\/wp\/v2\/posts\/43791","targetHints":{"allow":["GET"]}}],"collection":[{"href":"https:\/\/www.qualitel.org\/professionnels\/wp-json\/wp\/v2\/posts"}],"about":[{"href":"https:\/\/www.qualitel.org\/professionnels\/wp-json\/wp\/v2\/types\/post"}],"author":[{"embeddable":true,"href":"https:\/\/www.qualitel.org\/professionnels\/wp-json\/wp\/v2\/users\/24"}],"replies":[{"embeddable":true,"href":"https:\/\/www.qualitel.org\/professionnels\/wp-json\/wp\/v2\/comments?post=43791"}],"version-history":[{"count":18,"href":"https:\/\/www.qualitel.org\/professionnels\/wp-json\/wp\/v2\/posts\/43791\/revisions"}],"predecessor-version":[{"id":43839,"href":"https:\/\/www.qualitel.org\/professionnels\/wp-json\/wp\/v2\/posts\/43791\/revisions\/43839"}],"wp:featuredmedia":[{"embeddable":true,"href":"https:\/\/www.qualitel.org\/professionnels\/wp-json\/wp\/v2\/media\/43829"}],"wp:attachment":[{"href":"https:\/\/www.qualitel.org\/professionnels\/wp-json\/wp\/v2\/media?parent=43791"}],"wp:term":[{"taxonomy":"tags","embeddable":true,"href":"https:\/\/www.qualitel.org\/professionnels\/wp-json\/wp\/v2\/tags?post=43791"},{"taxonomy":"etiquettes","embeddable":true,"href":"https:\/\/www.qualitel.org\/professionnels\/wp-json\/wp\/v2\/tags?post=43791"},{"taxonomy":"article_type","embeddable":true,"href":"https:\/\/www.qualitel.org\/professionnels\/wp-json\/wp\/v2\/article_type?post=43791"}],"curies":[{"name":"wp","href":"https:\/\/api.w.org\/{rel}","templated":true}]}}