{"id":45623,"date":"2021-05-19T18:09:43","date_gmt":"2021-05-19T16:09:43","guid":{"rendered":"https:\/\/www.qualitel.org\/professionnels\/nos-outils-de-communication-2\/"},"modified":"2026-01-06T10:15:35","modified_gmt":"2026-01-06T09:15:35","slug":"nos-outils-de-communication-2","status":"publish","type":"post","link":"https:\/\/www.qualitel.org\/professionnels\/nf-habitat\/nos-outils-de-communication\/","title":{"rendered":"Nos outils de communication"},"content":{"rendered":"<p><img loading=\"lazy\" decoding=\"async\" class=\"wp-image-20708 alignleft\" src=\"https:\/\/www.qualitel.org\/professionnels\/wp\/..\/uploads\/logo-FB.png\" alt=\"\" width=\"91\" height=\"91\" srcset=\"https:\/\/www.qualitel.org\/professionnels\/wp\/..\/uploads\/logo-FB.png 225w, https:\/\/www.qualitel.org\/professionnels\/wp\/..\/uploads\/logo-FB-150x150.png 150w\" sizes=\"auto, (max-width: 91px) 100vw, 91px\" \/>Pour suivre toutes nos campagnes NF Habitat &#8211; NF Habitat HQE ainsi que toute l&rsquo;actualit\u00e9 de la marque, <strong>suivez <a href=\"https:\/\/www.facebook.com\/pg\/NFHabitat\/posts\/\" target=\"_blank\" rel=\"noopener\">notre page Facebook d\u00e9di\u00e9e<\/a><\/strong><\/p>\n","protected":false},"excerpt":{"rendered":"<p>Pour suivre toutes nos campagnes NF Habitat &#8211; NF Habitat HQE ainsi que toute l&rsquo;actualit\u00e9 de la marque, suivez notre page Facebook d\u00e9di\u00e9e<\/p>\n","protected":false},"author":47,"featured_media":21742,"comment_status":"closed","ping_status":"closed","sticky":false,"template":"","format":"standard","meta":{"_acf_changed":false,"footnotes":""},"tags":[],"article_type":[],"class_list":["post-45623","post","type-post","status-publish","format-standard","has-post-thumbnail","hentry"],"acf":[],"yoast_head":"<!-- This site is optimized with the Yoast SEO plugin v26.3 - https:\/\/yoast.com\/wordpress\/plugins\/seo\/ -->\n<title>Nos outils de communication - Qualitel | Professionnels<\/title>\n<meta name=\"description\" content=\"Vous avez choisi la certification NF Habitat \u2013 NF Habitat HQE\u00a0? Faites-le savoir\u00a0!  Parce que la certification NF Habitat \u2013 NF Habitat HQE se m\u00e9rite, nous avons d\u00e9velopp\u00e9 de\u00a0nombreux outils de communication pour vous aider \u00e0 valoriser\u00a0votre engagement, votre offre et vos op\u00e9rations certifi\u00e9es. Vous pouvez t\u00e9l\u00e9charger ou commander vos outils en toute autonomie gr\u00e2ce \u00e0 notre espace kit de communication en ligne ou via votre portail client.\" \/>\n<meta name=\"robots\" content=\"index, follow, max-snippet:-1, max-image-preview:large, max-video-preview:-1\" \/>\n<link rel=\"canonical\" href=\"https:\/\/www.qualitel.org\/professionnels\/nf-habitat\/nos-outils-de-communication\/\" \/>\n<meta property=\"og:locale\" content=\"fr_FR\" \/>\n<meta property=\"og:type\" content=\"article\" \/>\n<meta property=\"og:title\" content=\"Nos outils de communication - Qualitel | Professionnels\" \/>\n<meta property=\"og:description\" content=\"Vous avez choisi la certification NF Habitat \u2013 NF Habitat HQE\u00a0?\nFaites-le savoir\u00a0!\nParce que la certification NF Habitat \u2013 NF Habitat HQE se m\u00e9rite, nous avons d\u00e9velopp\u00e9 de\u00a0nombreux outils de communication pour vous aider \u00e0 valoriser\u00a0votre engagement, votre offre et vos op\u00e9rations certifi\u00e9es. Vous pouvez t\u00e9l\u00e9charger ou commander vos outils en toute autonomie gr\u00e2ce \u00e0 notre espace kit de communication en ligne ou via votre portail client.\" \/>\n<meta property=\"og:url\" content=\"https:\/\/www.qualitel.org\/professionnels\/nf-habitat\/nos-outils-de-communication\/\" \/>\n<meta property=\"og:site_name\" content=\"Qualitel | Professionnels\" \/>\n<meta property=\"article:publisher\" content=\"https:\/\/www.facebook.com\/groupequalitel\/\" \/>\n<meta property=\"article:published_time\" content=\"2021-05-19T16:09:43+00:00\" \/>\n<meta property=\"article:modified_time\" content=\"2026-01-06T09:15:35+00:00\" \/>\n<meta property=\"og:image\" content=\"https:\/\/www.qualitel.org\/professionnels\/wp\/..\/uploads\/panneau_chantier_2.jpg\" \/>\n\t<meta property=\"og:image:width\" content=\"1280\" \/>\n\t<meta property=\"og:image:height\" content=\"911\" \/>\n\t<meta property=\"og:image:type\" content=\"image\/jpeg\" \/>\n<meta name=\"author\" content=\"r.fauconnet@cerqual.fr\" \/>\n<meta name=\"twitter:card\" content=\"summary_large_image\" \/>\n<meta name=\"twitter:description\" content=\"Vous avez choisi la certification NF Habitat \u2013 NF Habitat HQE\u00a0?\nFaites-le savoir\u00a0!\nParce que la certification NF Habitat \u2013 NF Habitat HQE se m\u00e9rite, nous avons d\u00e9velopp\u00e9 de\u00a0nombreux outils de communication pour vous aider \u00e0 valoriser\u00a0votre engagement, votre offre et vos op\u00e9rations certifi\u00e9es. Vous pouvez t\u00e9l\u00e9charger ou commander vos outils en toute autonomie gr\u00e2ce \u00e0 notre espace kit de communication en ligne ou via votre portail client.\n\" \/>\n<meta name=\"twitter:creator\" content=\"@groupeQUALITEL\" \/>\n<meta name=\"twitter:site\" content=\"@groupeQUALITEL\" \/>\n<meta name=\"twitter:label1\" content=\"Written by\" \/>\n\t<meta name=\"twitter:data1\" content=\"r.fauconnet@cerqual.fr\" \/>\n\t<meta name=\"twitter:label2\" content=\"Est. reading time\" \/>\n\t<meta name=\"twitter:data2\" content=\"4 minutes\" \/>\n<script type=\"application\/ld+json\" class=\"yoast-schema-graph\">{\"@context\":\"https:\/\/schema.org\",\"@graph\":[{\"@type\":\"Article\",\"@id\":\"https:\/\/www.qualitel.org\/professionnels\/nf-habitat\/nos-outils-de-communication\/#article\",\"isPartOf\":{\"@id\":\"https:\/\/www.qualitel.org\/professionnels\/nf-habitat\/nos-outils-de-communication\/\"},\"author\":{\"name\":\"r.fauconnet@cerqual.fr\",\"@id\":\"https:\/\/www.qualitel.org\/professionnels\/#\/schema\/person\/f17d7c84720714cf14475012433428dc\"},\"headline\":\"Nos outils de communication\",\"datePublished\":\"2021-05-19T16:09:43+00:00\",\"dateModified\":\"2026-01-06T09:15:35+00:00\",\"mainEntityOfPage\":{\"@id\":\"https:\/\/www.qualitel.org\/professionnels\/nf-habitat\/nos-outils-de-communication\/\"},\"wordCount\":30,\"publisher\":{\"@id\":\"https:\/\/www.qualitel.org\/professionnels\/#organization\"},\"image\":{\"@id\":\"https:\/\/www.qualitel.org\/professionnels\/nf-habitat\/nos-outils-de-communication\/#primaryimage\"},\"thumbnailUrl\":\"https:\/\/www.qualitel.org\/professionnels\/wp\/..\/uploads\/panneau_chantier_2.jpg\",\"inLanguage\":\"fr-FR\"},{\"@type\":\"WebPage\",\"@id\":\"https:\/\/www.qualitel.org\/professionnels\/nf-habitat\/nos-outils-de-communication\/\",\"url\":\"https:\/\/www.qualitel.org\/professionnels\/nf-habitat\/nos-outils-de-communication\/\",\"name\":\"Nos outils de communication - Qualitel | Professionnels\",\"isPartOf\":{\"@id\":\"https:\/\/www.qualitel.org\/professionnels\/#website\"},\"primaryImageOfPage\":{\"@id\":\"https:\/\/www.qualitel.org\/professionnels\/nf-habitat\/nos-outils-de-communication\/#primaryimage\"},\"image\":{\"@id\":\"https:\/\/www.qualitel.org\/professionnels\/nf-habitat\/nos-outils-de-communication\/#primaryimage\"},\"thumbnailUrl\":\"https:\/\/www.qualitel.org\/professionnels\/wp\/..\/uploads\/panneau_chantier_2.jpg\",\"datePublished\":\"2021-05-19T16:09:43+00:00\",\"dateModified\":\"2026-01-06T09:15:35+00:00\",\"description\":\"Vous avez choisi la certification NF Habitat \u2013 NF Habitat HQE\u00a0? Faites-le savoir\u00a0! Parce que la certification NF Habitat \u2013 NF Habitat HQE se m\u00e9rite, nous avons d\u00e9velopp\u00e9 de\u00a0nombreux outils de communication pour vous aider \u00e0 valoriser\u00a0votre engagement, votre offre et vos op\u00e9rations certifi\u00e9es. Vous pouvez t\u00e9l\u00e9charger ou commander vos outils en toute autonomie gr\u00e2ce \u00e0 notre espace kit de communication en ligne ou via votre portail client.\",\"breadcrumb\":{\"@id\":\"https:\/\/www.qualitel.org\/professionnels\/nf-habitat\/nos-outils-de-communication\/#breadcrumb\"},\"inLanguage\":\"fr-FR\",\"potentialAction\":[{\"@type\":\"ReadAction\",\"target\":[\"https:\/\/www.qualitel.org\/professionnels\/nf-habitat\/nos-outils-de-communication\/\"]}]},{\"@type\":\"ImageObject\",\"inLanguage\":\"fr-FR\",\"@id\":\"https:\/\/www.qualitel.org\/professionnels\/nf-habitat\/nos-outils-de-communication\/#primaryimage\",\"url\":\"https:\/\/www.qualitel.org\/professionnels\/wp\/..\/uploads\/panneau_chantier_2.jpg\",\"contentUrl\":\"https:\/\/www.qualitel.org\/professionnels\/wp\/..\/uploads\/panneau_chantier_2.jpg\",\"width\":1280,\"height\":911},{\"@type\":\"BreadcrumbList\",\"@id\":\"https:\/\/www.qualitel.org\/professionnels\/nf-habitat\/nos-outils-de-communication\/#breadcrumb\",\"itemListElement\":[{\"@type\":\"ListItem\",\"position\":1,\"name\":\"Accueil\",\"item\":\"https:\/\/www.qualitel.org\/professionnels\/\"},{\"@type\":\"ListItem\",\"position\":2,\"name\":\"Nos outils de communication\"}]},{\"@type\":\"WebSite\",\"@id\":\"https:\/\/www.qualitel.org\/professionnels\/#website\",\"url\":\"https:\/\/www.qualitel.org\/professionnels\/\",\"name\":\"Qualitel | Professionnels\",\"description\":\"\",\"publisher\":{\"@id\":\"https:\/\/www.qualitel.org\/professionnels\/#organization\"},\"potentialAction\":[{\"@type\":\"SearchAction\",\"target\":{\"@type\":\"EntryPoint\",\"urlTemplate\":\"https:\/\/www.qualitel.org\/professionnels\/?s={search_term_string}\"},\"query-input\":{\"@type\":\"PropertyValueSpecification\",\"valueRequired\":true,\"valueName\":\"search_term_string\"}}],\"inLanguage\":\"fr-FR\"},{\"@type\":\"Organization\",\"@id\":\"https:\/\/www.qualitel.org\/professionnels\/#organization\",\"name\":\"Qualitel\",\"url\":\"https:\/\/www.qualitel.org\/professionnels\/\",\"logo\":{\"@type\":\"ImageObject\",\"inLanguage\":\"fr-FR\",\"@id\":\"https:\/\/www.qualitel.org\/professionnels\/#\/schema\/logo\/image\/\",\"url\":\"https:\/\/www.qualitel.org\/professionnels\/wp\/..\/uploads\/qualitel_social.jpg\",\"contentUrl\":\"https:\/\/www.qualitel.org\/professionnels\/wp\/..\/uploads\/qualitel_social.jpg\",\"width\":1080,\"height\":1080,\"caption\":\"Qualitel\"},\"image\":{\"@id\":\"https:\/\/www.qualitel.org\/professionnels\/#\/schema\/logo\/image\/\"},\"sameAs\":[\"https:\/\/www.facebook.com\/groupequalitel\/\",\"https:\/\/x.com\/groupeQUALITEL\",\"https:\/\/www.instagram.com\/associationqualitel\/\"]},{\"@type\":\"Person\",\"@id\":\"https:\/\/www.qualitel.org\/professionnels\/#\/schema\/person\/f17d7c84720714cf14475012433428dc\",\"name\":\"r.fauconnet@cerqual.fr\",\"image\":{\"@type\":\"ImageObject\",\"inLanguage\":\"fr-FR\",\"@id\":\"https:\/\/www.qualitel.org\/professionnels\/#\/schema\/person\/image\/\",\"url\":\"https:\/\/secure.gravatar.com\/avatar\/942323e1b48d0a8e053387957b8f871a383a90eb915d485baeb367f5a64554d3?s=96&d=mm&r=g\",\"contentUrl\":\"https:\/\/secure.gravatar.com\/avatar\/942323e1b48d0a8e053387957b8f871a383a90eb915d485baeb367f5a64554d3?s=96&d=mm&r=g\",\"caption\":\"r.fauconnet@cerqual.fr\"}}]}<\/script>\n<!-- \/ Yoast SEO plugin. -->","yoast_head_json":{"title":"Nos outils de communication - Qualitel | Professionnels","description":"Vous avez choisi la certification NF Habitat \u2013 NF Habitat HQE\u00a0? Faites-le savoir\u00a0!  Parce que la certification NF Habitat \u2013 NF Habitat HQE se m\u00e9rite, nous avons d\u00e9velopp\u00e9 de\u00a0nombreux outils de communication pour vous aider \u00e0 valoriser\u00a0votre engagement, votre offre et vos op\u00e9rations certifi\u00e9es. Vous pouvez t\u00e9l\u00e9charger ou commander vos outils en toute autonomie gr\u00e2ce \u00e0 notre espace kit de communication en ligne ou via votre portail client.","robots":{"index":"index","follow":"follow","max-snippet":"max-snippet:-1","max-image-preview":"max-image-preview:large","max-video-preview":"max-video-preview:-1"},"canonical":"https:\/\/www.qualitel.org\/professionnels\/nf-habitat\/nos-outils-de-communication\/","og_locale":"fr_FR","og_type":"article","og_title":"Nos outils de communication - Qualitel | Professionnels","og_description":"Vous avez choisi la certification NF Habitat \u2013 NF Habitat HQE\u00a0?\nFaites-le savoir\u00a0!\nParce que la certification NF Habitat \u2013 NF Habitat HQE se m\u00e9rite, nous avons d\u00e9velopp\u00e9 de\u00a0nombreux outils de communication pour vous aider \u00e0 valoriser\u00a0votre engagement, votre offre et vos op\u00e9rations certifi\u00e9es. Vous pouvez t\u00e9l\u00e9charger ou commander vos outils en toute autonomie gr\u00e2ce \u00e0 notre espace kit de communication en ligne ou via votre portail client.","og_url":"https:\/\/www.qualitel.org\/professionnels\/nf-habitat\/nos-outils-de-communication\/","og_site_name":"Qualitel | Professionnels","article_publisher":"https:\/\/www.facebook.com\/groupequalitel\/","article_published_time":"2021-05-19T16:09:43+00:00","article_modified_time":"2026-01-06T09:15:35+00:00","og_image":[{"width":1280,"height":911,"url":"https:\/\/www.qualitel.org\/professionnels\/wp\/..\/uploads\/panneau_chantier_2.jpg","type":"image\/jpeg"}],"author":"r.fauconnet@cerqual.fr","twitter_card":"summary_large_image","twitter_description":"Vous avez choisi la certification NF Habitat \u2013 NF Habitat HQE\u00a0?\nFaites-le savoir\u00a0!\nParce que la certification NF Habitat \u2013 NF Habitat HQE se m\u00e9rite, nous avons d\u00e9velopp\u00e9 de\u00a0nombreux outils de communication pour vous aider \u00e0 valoriser\u00a0votre engagement, votre offre et vos op\u00e9rations certifi\u00e9es. Vous pouvez t\u00e9l\u00e9charger ou commander vos outils en toute autonomie gr\u00e2ce \u00e0 notre espace kit de communication en ligne ou via votre portail client.\n","twitter_creator":"@groupeQUALITEL","twitter_site":"@groupeQUALITEL","twitter_misc":{"Written by":"r.fauconnet@cerqual.fr","Est. reading time":"4 minutes"},"schema":{"@context":"https:\/\/schema.org","@graph":[{"@type":"Article","@id":"https:\/\/www.qualitel.org\/professionnels\/nf-habitat\/nos-outils-de-communication\/#article","isPartOf":{"@id":"https:\/\/www.qualitel.org\/professionnels\/nf-habitat\/nos-outils-de-communication\/"},"author":{"name":"r.fauconnet@cerqual.fr","@id":"https:\/\/www.qualitel.org\/professionnels\/#\/schema\/person\/f17d7c84720714cf14475012433428dc"},"headline":"Nos outils de communication","datePublished":"2021-05-19T16:09:43+00:00","dateModified":"2026-01-06T09:15:35+00:00","mainEntityOfPage":{"@id":"https:\/\/www.qualitel.org\/professionnels\/nf-habitat\/nos-outils-de-communication\/"},"wordCount":30,"publisher":{"@id":"https:\/\/www.qualitel.org\/professionnels\/#organization"},"image":{"@id":"https:\/\/www.qualitel.org\/professionnels\/nf-habitat\/nos-outils-de-communication\/#primaryimage"},"thumbnailUrl":"https:\/\/www.qualitel.org\/professionnels\/wp\/..\/uploads\/panneau_chantier_2.jpg","inLanguage":"fr-FR"},{"@type":"WebPage","@id":"https:\/\/www.qualitel.org\/professionnels\/nf-habitat\/nos-outils-de-communication\/","url":"https:\/\/www.qualitel.org\/professionnels\/nf-habitat\/nos-outils-de-communication\/","name":"Nos outils de communication - Qualitel | Professionnels","isPartOf":{"@id":"https:\/\/www.qualitel.org\/professionnels\/#website"},"primaryImageOfPage":{"@id":"https:\/\/www.qualitel.org\/professionnels\/nf-habitat\/nos-outils-de-communication\/#primaryimage"},"image":{"@id":"https:\/\/www.qualitel.org\/professionnels\/nf-habitat\/nos-outils-de-communication\/#primaryimage"},"thumbnailUrl":"https:\/\/www.qualitel.org\/professionnels\/wp\/..\/uploads\/panneau_chantier_2.jpg","datePublished":"2021-05-19T16:09:43+00:00","dateModified":"2026-01-06T09:15:35+00:00","description":"Vous avez choisi la certification NF Habitat \u2013 NF Habitat HQE\u00a0? Faites-le savoir\u00a0! Parce que la certification NF Habitat \u2013 NF Habitat HQE se m\u00e9rite, nous avons d\u00e9velopp\u00e9 de\u00a0nombreux outils de communication pour vous aider \u00e0 valoriser\u00a0votre engagement, votre offre et vos op\u00e9rations certifi\u00e9es. Vous pouvez t\u00e9l\u00e9charger ou commander vos outils en toute autonomie gr\u00e2ce \u00e0 notre espace kit de communication en ligne ou via votre portail client.","breadcrumb":{"@id":"https:\/\/www.qualitel.org\/professionnels\/nf-habitat\/nos-outils-de-communication\/#breadcrumb"},"inLanguage":"fr-FR","potentialAction":[{"@type":"ReadAction","target":["https:\/\/www.qualitel.org\/professionnels\/nf-habitat\/nos-outils-de-communication\/"]}]},{"@type":"ImageObject","inLanguage":"fr-FR","@id":"https:\/\/www.qualitel.org\/professionnels\/nf-habitat\/nos-outils-de-communication\/#primaryimage","url":"https:\/\/www.qualitel.org\/professionnels\/wp\/..\/uploads\/panneau_chantier_2.jpg","contentUrl":"https:\/\/www.qualitel.org\/professionnels\/wp\/..\/uploads\/panneau_chantier_2.jpg","width":1280,"height":911},{"@type":"BreadcrumbList","@id":"https:\/\/www.qualitel.org\/professionnels\/nf-habitat\/nos-outils-de-communication\/#breadcrumb","itemListElement":[{"@type":"ListItem","position":1,"name":"Accueil","item":"https:\/\/www.qualitel.org\/professionnels\/"},{"@type":"ListItem","position":2,"name":"Nos outils de communication"}]},{"@type":"WebSite","@id":"https:\/\/www.qualitel.org\/professionnels\/#website","url":"https:\/\/www.qualitel.org\/professionnels\/","name":"Qualitel | Professionnels","description":"","publisher":{"@id":"https:\/\/www.qualitel.org\/professionnels\/#organization"},"potentialAction":[{"@type":"SearchAction","target":{"@type":"EntryPoint","urlTemplate":"https:\/\/www.qualitel.org\/professionnels\/?s={search_term_string}"},"query-input":{"@type":"PropertyValueSpecification","valueRequired":true,"valueName":"search_term_string"}}],"inLanguage":"fr-FR"},{"@type":"Organization","@id":"https:\/\/www.qualitel.org\/professionnels\/#organization","name":"Qualitel","url":"https:\/\/www.qualitel.org\/professionnels\/","logo":{"@type":"ImageObject","inLanguage":"fr-FR","@id":"https:\/\/www.qualitel.org\/professionnels\/#\/schema\/logo\/image\/","url":"https:\/\/www.qualitel.org\/professionnels\/wp\/..\/uploads\/qualitel_social.jpg","contentUrl":"https:\/\/www.qualitel.org\/professionnels\/wp\/..\/uploads\/qualitel_social.jpg","width":1080,"height":1080,"caption":"Qualitel"},"image":{"@id":"https:\/\/www.qualitel.org\/professionnels\/#\/schema\/logo\/image\/"},"sameAs":["https:\/\/www.facebook.com\/groupequalitel\/","https:\/\/x.com\/groupeQUALITEL","https:\/\/www.instagram.com\/associationqualitel\/"]},{"@type":"Person","@id":"https:\/\/www.qualitel.org\/professionnels\/#\/schema\/person\/f17d7c84720714cf14475012433428dc","name":"r.fauconnet@cerqual.fr","image":{"@type":"ImageObject","inLanguage":"fr-FR","@id":"https:\/\/www.qualitel.org\/professionnels\/#\/schema\/person\/image\/","url":"https:\/\/secure.gravatar.com\/avatar\/942323e1b48d0a8e053387957b8f871a383a90eb915d485baeb367f5a64554d3?s=96&d=mm&r=g","contentUrl":"https:\/\/secure.gravatar.com\/avatar\/942323e1b48d0a8e053387957b8f871a383a90eb915d485baeb367f5a64554d3?s=96&d=mm&r=g","caption":"r.fauconnet@cerqual.fr"}}]}},"_links":{"self":[{"href":"https:\/\/www.qualitel.org\/professionnels\/wp-json\/wp\/v2\/posts\/45623","targetHints":{"allow":["GET"]}}],"collection":[{"href":"https:\/\/www.qualitel.org\/professionnels\/wp-json\/wp\/v2\/posts"}],"about":[{"href":"https:\/\/www.qualitel.org\/professionnels\/wp-json\/wp\/v2\/types\/post"}],"author":[{"embeddable":true,"href":"https:\/\/www.qualitel.org\/professionnels\/wp-json\/wp\/v2\/users\/47"}],"replies":[{"embeddable":true,"href":"https:\/\/www.qualitel.org\/professionnels\/wp-json\/wp\/v2\/comments?post=45623"}],"version-history":[{"count":44,"href":"https:\/\/www.qualitel.org\/professionnels\/wp-json\/wp\/v2\/posts\/45623\/revisions"}],"predecessor-version":[{"id":124530,"href":"https:\/\/www.qualitel.org\/professionnels\/wp-json\/wp\/v2\/posts\/45623\/revisions\/124530"}],"wp:featuredmedia":[{"embeddable":true,"href":"https:\/\/www.qualitel.org\/professionnels\/wp-json\/wp\/v2\/media\/21742"}],"wp:attachment":[{"href":"https:\/\/www.qualitel.org\/professionnels\/wp-json\/wp\/v2\/media?parent=45623"}],"wp:term":[{"taxonomy":"tags","embeddable":true,"href":"https:\/\/www.qualitel.org\/professionnels\/wp-json\/wp\/v2\/tags?post=45623"},{"taxonomy":"etiquettes","embeddable":true,"href":"https:\/\/www.qualitel.org\/professionnels\/wp-json\/wp\/v2\/tags?post=45623"},{"taxonomy":"article_type","embeddable":true,"href":"https:\/\/www.qualitel.org\/professionnels\/wp-json\/wp\/v2\/article_type?post=45623"}],"curies":[{"name":"wp","href":"https:\/\/api.w.org\/{rel}","templated":true}]}}