{"id":47481,"date":"2021-07-01T16:11:08","date_gmt":"2021-07-01T14:11:08","guid":{"rendered":"https:\/\/www.qualitel.org\/professionnels\/?p=47481"},"modified":"2021-07-07T14:44:08","modified_gmt":"2021-07-07T12:44:08","slug":"cerqual-et-action-logement-services-main-dans-la-main-pour-favoriser-la-qualite-environnementale-des-logements-en-coeur-de-ville","status":"publish","type":"post","link":"https:\/\/www.qualitel.org\/professionnels\/actualites\/cerqual-et-action-logement-services-pour-favoriser-qualite-environnementale-logements-en-coeur-de-ville\/","title":{"rendered":"CERQUAL et Action Logement main dans la main pour favoriser la qualit\u00e9 environnementale des logements en c\u0153ur de ville"},"content":{"rendered":"","protected":false},"excerpt":{"rendered":"","protected":false},"author":24,"featured_media":47487,"comment_status":"closed","ping_status":"closed","sticky":false,"template":"","format":"standard","meta":{"_acf_changed":false,"footnotes":""},"tags":[420],"article_type":[368],"class_list":["post-47481","post","type-post","status-publish","format-standard","has-post-thumbnail","hentry","tags-certification","tags-developpement","etiquettes-signature","article_type-actualites"],"acf":[],"yoast_head":"<!-- This site is optimized with the Yoast SEO plugin v26.3 - https:\/\/yoast.com\/wordpress\/plugins\/seo\/ -->\n<title>CERQUAL et Action Logement main dans la main pour favoriser la qualit\u00e9 environnementale des logements en c\u0153ur de ville - Qualitel | Professionnels<\/title>\n<meta name=\"description\" content=\"Le 24 juin 2021, Action Logement Services et CERQUAL Qualitel Certification ont sign\u00e9 un partenariat pour encourager la production de logements de qualit\u00e9 avec NF Habitat HQE. Zoom sur les modalit\u00e9s de cet accord applicable dans les 222 villes du programme national &quot;Action C\u0153ur de Ville&quot;.\" \/>\n<meta name=\"robots\" content=\"index, follow, max-snippet:-1, max-image-preview:large, max-video-preview:-1\" \/>\n<link rel=\"canonical\" href=\"https:\/\/www.qualitel.org\/professionnels\/actualites\/cerqual-et-action-logement-services-pour-favoriser-qualite-environnementale-logements-en-coeur-de-ville\/\" \/>\n<meta property=\"og:locale\" content=\"fr_FR\" \/>\n<meta property=\"og:type\" content=\"article\" \/>\n<meta property=\"og:title\" content=\"CERQUAL et Action Logement main dans la main pour favoriser la qualit\u00e9 environnementale des logements en c\u0153ur de ville - Qualitel | Professionnels\" \/>\n<meta property=\"og:description\" content=\"Le 24 juin 2021, Action Logement Services et CERQUAL Qualitel Certification ont sign\u00e9 un partenariat pour encourager la production de logements de qualit\u00e9 avec NF Habitat HQE. Zoom sur les modalit\u00e9s de cet accord applicable dans les 222 villes du programme national \u00ab\u00a0Action C\u0153ur de Ville\u00a0\u00bb.\" \/>\n<meta property=\"og:url\" content=\"https:\/\/www.qualitel.org\/professionnels\/actualites\/cerqual-et-action-logement-services-pour-favoriser-qualite-environnementale-logements-en-coeur-de-ville\/\" \/>\n<meta property=\"og:site_name\" content=\"Qualitel | Professionnels\" \/>\n<meta property=\"article:publisher\" content=\"https:\/\/www.facebook.com\/groupequalitel\/\" \/>\n<meta property=\"article:published_time\" content=\"2021-07-01T14:11:08+00:00\" \/>\n<meta property=\"article:modified_time\" content=\"2021-07-07T12:44:08+00:00\" \/>\n<meta property=\"og:image\" content=\"https:\/\/www.qualitel.org\/professionnels\/wp\/..\/uploads\/cerqual-action_logement.png\" \/>\n\t<meta property=\"og:image:width\" content=\"900\" \/>\n\t<meta property=\"og:image:height\" content=\"513\" \/>\n\t<meta property=\"og:image:type\" content=\"image\/png\" \/>\n<meta name=\"author\" content=\"Julie CARNEZ\" \/>\n<meta name=\"twitter:card\" content=\"summary_large_image\" \/>\n<meta name=\"twitter:description\" content=\"Le 24 juin 2021, Action Logement Services et CERQUAL Qualitel Certification ont sign\u00e9 un partenariat pour encourager la production de logements de qualit\u00e9 avec NF Habitat HQE. Zoom sur les modalit\u00e9s de cet accord applicable dans les 222 villes du programme national \u00ab\u00a0Action C\u0153ur de Ville\u00a0\u00bb.\n\" \/>\n<meta name=\"twitter:creator\" content=\"@groupeQUALITEL\" \/>\n<meta name=\"twitter:site\" content=\"@groupeQUALITEL\" \/>\n<meta name=\"twitter:label1\" content=\"Written by\" \/>\n\t<meta name=\"twitter:data1\" content=\"Julie CARNEZ\" \/>\n<script type=\"application\/ld+json\" class=\"yoast-schema-graph\">{\"@context\":\"https:\/\/schema.org\",\"@graph\":[{\"@type\":\"Article\",\"@id\":\"https:\/\/www.qualitel.org\/professionnels\/actualites\/cerqual-et-action-logement-services-pour-favoriser-qualite-environnementale-logements-en-coeur-de-ville\/#article\",\"isPartOf\":{\"@id\":\"https:\/\/www.qualitel.org\/professionnels\/actualites\/cerqual-et-action-logement-services-pour-favoriser-qualite-environnementale-logements-en-coeur-de-ville\/\"},\"author\":{\"name\":\"Julie CARNEZ\",\"@id\":\"https:\/\/www.qualitel.org\/professionnels\/#\/schema\/person\/8da1b40abc7d27162c267baae6ea6b6e\"},\"headline\":\"CERQUAL et Action Logement main dans la main pour favoriser la qualit\u00e9 environnementale des logements en c\u0153ur de ville\",\"datePublished\":\"2021-07-01T14:11:08+00:00\",\"dateModified\":\"2021-07-07T12:44:08+00:00\",\"mainEntityOfPage\":{\"@id\":\"https:\/\/www.qualitel.org\/professionnels\/actualites\/cerqual-et-action-logement-services-pour-favoriser-qualite-environnementale-logements-en-coeur-de-ville\/\"},\"wordCount\":20,\"publisher\":{\"@id\":\"https:\/\/www.qualitel.org\/professionnels\/#organization\"},\"image\":{\"@id\":\"https:\/\/www.qualitel.org\/professionnels\/actualites\/cerqual-et-action-logement-services-pour-favoriser-qualite-environnementale-logements-en-coeur-de-ville\/#primaryimage\"},\"thumbnailUrl\":\"https:\/\/www.qualitel.org\/professionnels\/wp\/..\/uploads\/cerqual-action_logement.png\",\"inLanguage\":\"fr-FR\"},{\"@type\":\"WebPage\",\"@id\":\"https:\/\/www.qualitel.org\/professionnels\/actualites\/cerqual-et-action-logement-services-pour-favoriser-qualite-environnementale-logements-en-coeur-de-ville\/\",\"url\":\"https:\/\/www.qualitel.org\/professionnels\/actualites\/cerqual-et-action-logement-services-pour-favoriser-qualite-environnementale-logements-en-coeur-de-ville\/\",\"name\":\"CERQUAL et Action Logement main dans la main pour favoriser la qualit\u00e9 environnementale des logements en c\u0153ur de ville - Qualitel | Professionnels\",\"isPartOf\":{\"@id\":\"https:\/\/www.qualitel.org\/professionnels\/#website\"},\"primaryImageOfPage\":{\"@id\":\"https:\/\/www.qualitel.org\/professionnels\/actualites\/cerqual-et-action-logement-services-pour-favoriser-qualite-environnementale-logements-en-coeur-de-ville\/#primaryimage\"},\"image\":{\"@id\":\"https:\/\/www.qualitel.org\/professionnels\/actualites\/cerqual-et-action-logement-services-pour-favoriser-qualite-environnementale-logements-en-coeur-de-ville\/#primaryimage\"},\"thumbnailUrl\":\"https:\/\/www.qualitel.org\/professionnels\/wp\/..\/uploads\/cerqual-action_logement.png\",\"datePublished\":\"2021-07-01T14:11:08+00:00\",\"dateModified\":\"2021-07-07T12:44:08+00:00\",\"description\":\"Le 24 juin 2021, Action Logement Services et CERQUAL Qualitel Certification ont sign\u00e9 un partenariat pour encourager la production de logements de qualit\u00e9 avec NF Habitat HQE. Zoom sur les modalit\u00e9s de cet accord applicable dans les 222 villes du programme national \\\"Action C\u0153ur de Ville\\\".\",\"breadcrumb\":{\"@id\":\"https:\/\/www.qualitel.org\/professionnels\/actualites\/cerqual-et-action-logement-services-pour-favoriser-qualite-environnementale-logements-en-coeur-de-ville\/#breadcrumb\"},\"inLanguage\":\"fr-FR\",\"potentialAction\":[{\"@type\":\"ReadAction\",\"target\":[\"https:\/\/www.qualitel.org\/professionnels\/actualites\/cerqual-et-action-logement-services-pour-favoriser-qualite-environnementale-logements-en-coeur-de-ville\/\"]}]},{\"@type\":\"ImageObject\",\"inLanguage\":\"fr-FR\",\"@id\":\"https:\/\/www.qualitel.org\/professionnels\/actualites\/cerqual-et-action-logement-services-pour-favoriser-qualite-environnementale-logements-en-coeur-de-ville\/#primaryimage\",\"url\":\"https:\/\/www.qualitel.org\/professionnels\/wp\/..\/uploads\/cerqual-action_logement.png\",\"contentUrl\":\"https:\/\/www.qualitel.org\/professionnels\/wp\/..\/uploads\/cerqual-action_logement.png\",\"width\":900,\"height\":513},{\"@type\":\"BreadcrumbList\",\"@id\":\"https:\/\/www.qualitel.org\/professionnels\/actualites\/cerqual-et-action-logement-services-pour-favoriser-qualite-environnementale-logements-en-coeur-de-ville\/#breadcrumb\",\"itemListElement\":[{\"@type\":\"ListItem\",\"position\":1,\"name\":\"Accueil\",\"item\":\"https:\/\/www.qualitel.org\/professionnels\/\"},{\"@type\":\"ListItem\",\"position\":2,\"name\":\"CERQUAL et Action Logement main dans la main pour favoriser la qualit\u00e9 environnementale des logements en c\u0153ur de ville\"}]},{\"@type\":\"WebSite\",\"@id\":\"https:\/\/www.qualitel.org\/professionnels\/#website\",\"url\":\"https:\/\/www.qualitel.org\/professionnels\/\",\"name\":\"Qualitel | Professionnels\",\"description\":\"\",\"publisher\":{\"@id\":\"https:\/\/www.qualitel.org\/professionnels\/#organization\"},\"potentialAction\":[{\"@type\":\"SearchAction\",\"target\":{\"@type\":\"EntryPoint\",\"urlTemplate\":\"https:\/\/www.qualitel.org\/professionnels\/?s={search_term_string}\"},\"query-input\":{\"@type\":\"PropertyValueSpecification\",\"valueRequired\":true,\"valueName\":\"search_term_string\"}}],\"inLanguage\":\"fr-FR\"},{\"@type\":\"Organization\",\"@id\":\"https:\/\/www.qualitel.org\/professionnels\/#organization\",\"name\":\"Qualitel\",\"url\":\"https:\/\/www.qualitel.org\/professionnels\/\",\"logo\":{\"@type\":\"ImageObject\",\"inLanguage\":\"fr-FR\",\"@id\":\"https:\/\/www.qualitel.org\/professionnels\/#\/schema\/logo\/image\/\",\"url\":\"https:\/\/www.qualitel.org\/professionnels\/wp\/..\/uploads\/qualitel_social.jpg\",\"contentUrl\":\"https:\/\/www.qualitel.org\/professionnels\/wp\/..\/uploads\/qualitel_social.jpg\",\"width\":1080,\"height\":1080,\"caption\":\"Qualitel\"},\"image\":{\"@id\":\"https:\/\/www.qualitel.org\/professionnels\/#\/schema\/logo\/image\/\"},\"sameAs\":[\"https:\/\/www.facebook.com\/groupequalitel\/\",\"https:\/\/x.com\/groupeQUALITEL\",\"https:\/\/www.instagram.com\/associationqualitel\/\"]},{\"@type\":\"Person\",\"@id\":\"https:\/\/www.qualitel.org\/professionnels\/#\/schema\/person\/8da1b40abc7d27162c267baae6ea6b6e\",\"name\":\"Julie CARNEZ\",\"image\":{\"@type\":\"ImageObject\",\"inLanguage\":\"fr-FR\",\"@id\":\"https:\/\/www.qualitel.org\/professionnels\/#\/schema\/person\/image\/\",\"url\":\"https:\/\/secure.gravatar.com\/avatar\/41fcfdc51e7305fd5b17ead841bd2e1f6a982b0f5ccaf899636b8ccab25ca5b1?s=96&d=mm&r=g\",\"contentUrl\":\"https:\/\/secure.gravatar.com\/avatar\/41fcfdc51e7305fd5b17ead841bd2e1f6a982b0f5ccaf899636b8ccab25ca5b1?s=96&d=mm&r=g\",\"caption\":\"Julie CARNEZ\"}}]}<\/script>\n<!-- \/ Yoast SEO plugin. -->","yoast_head_json":{"title":"CERQUAL et Action Logement main dans la main pour favoriser la qualit\u00e9 environnementale des logements en c\u0153ur de ville - Qualitel | Professionnels","description":"Le 24 juin 2021, Action Logement Services et CERQUAL Qualitel Certification ont sign\u00e9 un partenariat pour encourager la production de logements de qualit\u00e9 avec NF Habitat HQE. Zoom sur les modalit\u00e9s de cet accord applicable dans les 222 villes du programme national \"Action C\u0153ur de Ville\".","robots":{"index":"index","follow":"follow","max-snippet":"max-snippet:-1","max-image-preview":"max-image-preview:large","max-video-preview":"max-video-preview:-1"},"canonical":"https:\/\/www.qualitel.org\/professionnels\/actualites\/cerqual-et-action-logement-services-pour-favoriser-qualite-environnementale-logements-en-coeur-de-ville\/","og_locale":"fr_FR","og_type":"article","og_title":"CERQUAL et Action Logement main dans la main pour favoriser la qualit\u00e9 environnementale des logements en c\u0153ur de ville - Qualitel | Professionnels","og_description":"Le 24 juin 2021, Action Logement Services et CERQUAL Qualitel Certification ont sign\u00e9 un partenariat pour encourager la production de logements de qualit\u00e9 avec NF Habitat HQE. Zoom sur les modalit\u00e9s de cet accord applicable dans les 222 villes du programme national \u00ab\u00a0Action C\u0153ur de Ville\u00a0\u00bb.","og_url":"https:\/\/www.qualitel.org\/professionnels\/actualites\/cerqual-et-action-logement-services-pour-favoriser-qualite-environnementale-logements-en-coeur-de-ville\/","og_site_name":"Qualitel | Professionnels","article_publisher":"https:\/\/www.facebook.com\/groupequalitel\/","article_published_time":"2021-07-01T14:11:08+00:00","article_modified_time":"2021-07-07T12:44:08+00:00","og_image":[{"width":900,"height":513,"url":"https:\/\/www.qualitel.org\/professionnels\/wp\/..\/uploads\/cerqual-action_logement.png","type":"image\/png"}],"author":"Julie CARNEZ","twitter_card":"summary_large_image","twitter_description":"Le 24 juin 2021, Action Logement Services et CERQUAL Qualitel Certification ont sign\u00e9 un partenariat pour encourager la production de logements de qualit\u00e9 avec NF Habitat HQE. Zoom sur les modalit\u00e9s de cet accord applicable dans les 222 villes du programme national \u00ab\u00a0Action C\u0153ur de Ville\u00a0\u00bb.\n","twitter_creator":"@groupeQUALITEL","twitter_site":"@groupeQUALITEL","twitter_misc":{"Written by":"Julie CARNEZ"},"schema":{"@context":"https:\/\/schema.org","@graph":[{"@type":"Article","@id":"https:\/\/www.qualitel.org\/professionnels\/actualites\/cerqual-et-action-logement-services-pour-favoriser-qualite-environnementale-logements-en-coeur-de-ville\/#article","isPartOf":{"@id":"https:\/\/www.qualitel.org\/professionnels\/actualites\/cerqual-et-action-logement-services-pour-favoriser-qualite-environnementale-logements-en-coeur-de-ville\/"},"author":{"name":"Julie CARNEZ","@id":"https:\/\/www.qualitel.org\/professionnels\/#\/schema\/person\/8da1b40abc7d27162c267baae6ea6b6e"},"headline":"CERQUAL et Action Logement main dans la main pour favoriser la qualit\u00e9 environnementale des logements en c\u0153ur de ville","datePublished":"2021-07-01T14:11:08+00:00","dateModified":"2021-07-07T12:44:08+00:00","mainEntityOfPage":{"@id":"https:\/\/www.qualitel.org\/professionnels\/actualites\/cerqual-et-action-logement-services-pour-favoriser-qualite-environnementale-logements-en-coeur-de-ville\/"},"wordCount":20,"publisher":{"@id":"https:\/\/www.qualitel.org\/professionnels\/#organization"},"image":{"@id":"https:\/\/www.qualitel.org\/professionnels\/actualites\/cerqual-et-action-logement-services-pour-favoriser-qualite-environnementale-logements-en-coeur-de-ville\/#primaryimage"},"thumbnailUrl":"https:\/\/www.qualitel.org\/professionnels\/wp\/..\/uploads\/cerqual-action_logement.png","inLanguage":"fr-FR"},{"@type":"WebPage","@id":"https:\/\/www.qualitel.org\/professionnels\/actualites\/cerqual-et-action-logement-services-pour-favoriser-qualite-environnementale-logements-en-coeur-de-ville\/","url":"https:\/\/www.qualitel.org\/professionnels\/actualites\/cerqual-et-action-logement-services-pour-favoriser-qualite-environnementale-logements-en-coeur-de-ville\/","name":"CERQUAL et Action Logement main dans la main pour favoriser la qualit\u00e9 environnementale des logements en c\u0153ur de ville - Qualitel | Professionnels","isPartOf":{"@id":"https:\/\/www.qualitel.org\/professionnels\/#website"},"primaryImageOfPage":{"@id":"https:\/\/www.qualitel.org\/professionnels\/actualites\/cerqual-et-action-logement-services-pour-favoriser-qualite-environnementale-logements-en-coeur-de-ville\/#primaryimage"},"image":{"@id":"https:\/\/www.qualitel.org\/professionnels\/actualites\/cerqual-et-action-logement-services-pour-favoriser-qualite-environnementale-logements-en-coeur-de-ville\/#primaryimage"},"thumbnailUrl":"https:\/\/www.qualitel.org\/professionnels\/wp\/..\/uploads\/cerqual-action_logement.png","datePublished":"2021-07-01T14:11:08+00:00","dateModified":"2021-07-07T12:44:08+00:00","description":"Le 24 juin 2021, Action Logement Services et CERQUAL Qualitel Certification ont sign\u00e9 un partenariat pour encourager la production de logements de qualit\u00e9 avec NF Habitat HQE. Zoom sur les modalit\u00e9s de cet accord applicable dans les 222 villes du programme national \"Action C\u0153ur de Ville\".","breadcrumb":{"@id":"https:\/\/www.qualitel.org\/professionnels\/actualites\/cerqual-et-action-logement-services-pour-favoriser-qualite-environnementale-logements-en-coeur-de-ville\/#breadcrumb"},"inLanguage":"fr-FR","potentialAction":[{"@type":"ReadAction","target":["https:\/\/www.qualitel.org\/professionnels\/actualites\/cerqual-et-action-logement-services-pour-favoriser-qualite-environnementale-logements-en-coeur-de-ville\/"]}]},{"@type":"ImageObject","inLanguage":"fr-FR","@id":"https:\/\/www.qualitel.org\/professionnels\/actualites\/cerqual-et-action-logement-services-pour-favoriser-qualite-environnementale-logements-en-coeur-de-ville\/#primaryimage","url":"https:\/\/www.qualitel.org\/professionnels\/wp\/..\/uploads\/cerqual-action_logement.png","contentUrl":"https:\/\/www.qualitel.org\/professionnels\/wp\/..\/uploads\/cerqual-action_logement.png","width":900,"height":513},{"@type":"BreadcrumbList","@id":"https:\/\/www.qualitel.org\/professionnels\/actualites\/cerqual-et-action-logement-services-pour-favoriser-qualite-environnementale-logements-en-coeur-de-ville\/#breadcrumb","itemListElement":[{"@type":"ListItem","position":1,"name":"Accueil","item":"https:\/\/www.qualitel.org\/professionnels\/"},{"@type":"ListItem","position":2,"name":"CERQUAL et Action Logement main dans la main pour favoriser la qualit\u00e9 environnementale des logements en c\u0153ur de ville"}]},{"@type":"WebSite","@id":"https:\/\/www.qualitel.org\/professionnels\/#website","url":"https:\/\/www.qualitel.org\/professionnels\/","name":"Qualitel | Professionnels","description":"","publisher":{"@id":"https:\/\/www.qualitel.org\/professionnels\/#organization"},"potentialAction":[{"@type":"SearchAction","target":{"@type":"EntryPoint","urlTemplate":"https:\/\/www.qualitel.org\/professionnels\/?s={search_term_string}"},"query-input":{"@type":"PropertyValueSpecification","valueRequired":true,"valueName":"search_term_string"}}],"inLanguage":"fr-FR"},{"@type":"Organization","@id":"https:\/\/www.qualitel.org\/professionnels\/#organization","name":"Qualitel","url":"https:\/\/www.qualitel.org\/professionnels\/","logo":{"@type":"ImageObject","inLanguage":"fr-FR","@id":"https:\/\/www.qualitel.org\/professionnels\/#\/schema\/logo\/image\/","url":"https:\/\/www.qualitel.org\/professionnels\/wp\/..\/uploads\/qualitel_social.jpg","contentUrl":"https:\/\/www.qualitel.org\/professionnels\/wp\/..\/uploads\/qualitel_social.jpg","width":1080,"height":1080,"caption":"Qualitel"},"image":{"@id":"https:\/\/www.qualitel.org\/professionnels\/#\/schema\/logo\/image\/"},"sameAs":["https:\/\/www.facebook.com\/groupequalitel\/","https:\/\/x.com\/groupeQUALITEL","https:\/\/www.instagram.com\/associationqualitel\/"]},{"@type":"Person","@id":"https:\/\/www.qualitel.org\/professionnels\/#\/schema\/person\/8da1b40abc7d27162c267baae6ea6b6e","name":"Julie CARNEZ","image":{"@type":"ImageObject","inLanguage":"fr-FR","@id":"https:\/\/www.qualitel.org\/professionnels\/#\/schema\/person\/image\/","url":"https:\/\/secure.gravatar.com\/avatar\/41fcfdc51e7305fd5b17ead841bd2e1f6a982b0f5ccaf899636b8ccab25ca5b1?s=96&d=mm&r=g","contentUrl":"https:\/\/secure.gravatar.com\/avatar\/41fcfdc51e7305fd5b17ead841bd2e1f6a982b0f5ccaf899636b8ccab25ca5b1?s=96&d=mm&r=g","caption":"Julie CARNEZ"}}]}},"_links":{"self":[{"href":"https:\/\/www.qualitel.org\/professionnels\/wp-json\/wp\/v2\/posts\/47481","targetHints":{"allow":["GET"]}}],"collection":[{"href":"https:\/\/www.qualitel.org\/professionnels\/wp-json\/wp\/v2\/posts"}],"about":[{"href":"https:\/\/www.qualitel.org\/professionnels\/wp-json\/wp\/v2\/types\/post"}],"author":[{"embeddable":true,"href":"https:\/\/www.qualitel.org\/professionnels\/wp-json\/wp\/v2\/users\/24"}],"replies":[{"embeddable":true,"href":"https:\/\/www.qualitel.org\/professionnels\/wp-json\/wp\/v2\/comments?post=47481"}],"version-history":[{"count":12,"href":"https:\/\/www.qualitel.org\/professionnels\/wp-json\/wp\/v2\/posts\/47481\/revisions"}],"predecessor-version":[{"id":47503,"href":"https:\/\/www.qualitel.org\/professionnels\/wp-json\/wp\/v2\/posts\/47481\/revisions\/47503"}],"wp:featuredmedia":[{"embeddable":true,"href":"https:\/\/www.qualitel.org\/professionnels\/wp-json\/wp\/v2\/media\/47487"}],"wp:attachment":[{"href":"https:\/\/www.qualitel.org\/professionnels\/wp-json\/wp\/v2\/media?parent=47481"}],"wp:term":[{"taxonomy":"tags","embeddable":true,"href":"https:\/\/www.qualitel.org\/professionnels\/wp-json\/wp\/v2\/tags?post=47481"},{"taxonomy":"etiquettes","embeddable":true,"href":"https:\/\/www.qualitel.org\/professionnels\/wp-json\/wp\/v2\/tags?post=47481"},{"taxonomy":"article_type","embeddable":true,"href":"https:\/\/www.qualitel.org\/professionnels\/wp-json\/wp\/v2\/article_type?post=47481"}],"curies":[{"name":"wp","href":"https:\/\/api.w.org\/{rel}","templated":true}]}}