{"id":49091,"date":"2021-10-01T16:02:33","date_gmt":"2021-10-01T14:02:33","guid":{"rendered":"https:\/\/www.qualitel.org\/professionnels\/profil-nf-habitat-biodiversite\/"},"modified":"2026-01-06T11:01:29","modified_gmt":"2026-01-06T10:01:29","slug":"profil-nf-habitat-biodiversite","status":"publish","type":"post","link":"https:\/\/www.qualitel.org\/professionnels\/certification-et-labels\/profil-nf-habitat-bien-vivre\/","title":{"rendered":"NF Habitat : Profil Bien Vivre"},"content":{"rendered":"","protected":false},"excerpt":{"rendered":"","protected":false},"author":47,"featured_media":49334,"comment_status":"closed","ping_status":"closed","sticky":false,"template":"","format":"standard","meta":{"_acf_changed":false,"footnotes":""},"tags":[],"article_type":[],"class_list":["post-49091","post","type-post","status-publish","format-standard","has-post-thumbnail","hentry","tags-certification","tags-environnement"],"acf":[],"yoast_head":"<!-- This site is optimized with the Yoast SEO plugin v26.3 - https:\/\/yoast.com\/wordpress\/plugins\/seo\/ -->\n<title>NF Habitat : Profil Bien Vivre - Qualitel | Professionnels<\/title>\n<meta name=\"description\" content=\"Avec le Profil Bien Vivre, CERQUAL Qualitel\u00a0Certification vous permet de proposer une maison, une gamme de maison ou une op\u00e9ration avec des prestations sup\u00e9rieures en mati\u00e8re de \u00ab\u00a0qualit\u00e9 de vie\u00a0\u00bb r\u00e9pondant aux pr\u00e9occupations des habitants.\u00a0\" \/>\n<meta name=\"robots\" content=\"index, follow, max-snippet:-1, max-image-preview:large, max-video-preview:-1\" \/>\n<link rel=\"canonical\" href=\"https:\/\/www.qualitel.org\/professionnels\/certification-et-labels\/profil-nf-habitat-bien-vivre\/\" \/>\n<meta property=\"og:locale\" content=\"fr_FR\" \/>\n<meta property=\"og:type\" content=\"article\" \/>\n<meta property=\"og:title\" content=\"NF Habitat : Profil Bien Vivre - Qualitel | Professionnels\" \/>\n<meta property=\"og:description\" content=\"La crise sanitaire et les nouvelles tendances soci\u00e9tales comme l\u2019essor du t\u00e9l\u00e9travail ont renforc\u00e9 les pr\u00e9occupations des Fran\u00e7ais en termes de\u00a0bien \u00eatre\u00a0et de confort chez soi. L\u2019habitat doit \u00eatre plus que jamais fonctionnel, confortable tout en pr\u00e9servant la sant\u00e9 de ses occupants.\u00a0\u00a0\nAvec le Profil Bien Vivre, CERQUAL Qualitel\u00a0Certification vous permet de proposer une maison, une gamme de maison ou une op\u00e9ration avec des prestations sup\u00e9rieures en mati\u00e8re de \u00ab\u00a0qualit\u00e9 de vie\u00a0\u00bb r\u00e9pondant aux pr\u00e9occupations des habitants.\u00a0\nVous qui r\u00e9alisez des op\u00e9rations de construction\u00a0de maisons (individuelles ou individuelles group\u00e9es),\u202fvalorisez les performances sup\u00e9rieures de vos projets sur des th\u00e8mes r\u00e9pondant aux pr\u00e9occupations soci\u00e9tales.\u00a0\" \/>\n<meta property=\"og:url\" content=\"https:\/\/www.qualitel.org\/professionnels\/certification-et-labels\/profil-nf-habitat-bien-vivre\/\" \/>\n<meta property=\"og:site_name\" content=\"Qualitel | Professionnels\" \/>\n<meta property=\"article:publisher\" content=\"https:\/\/www.facebook.com\/groupequalitel\/\" \/>\n<meta property=\"article:published_time\" content=\"2021-10-01T14:02:33+00:00\" \/>\n<meta property=\"article:modified_time\" content=\"2026-01-06T10:01:29+00:00\" \/>\n<meta property=\"og:image\" content=\"https:\/\/www.qualitel.org\/professionnels\/wp\/..\/uploads\/profil-bien-vivre.png\" \/>\n\t<meta property=\"og:image:width\" content=\"725\" \/>\n\t<meta property=\"og:image:height\" content=\"607\" \/>\n\t<meta property=\"og:image:type\" content=\"image\/png\" \/>\n<meta name=\"author\" content=\"r.fauconnet@cerqual.fr\" \/>\n<meta name=\"twitter:card\" content=\"summary_large_image\" \/>\n<meta name=\"twitter:description\" content=\"La crise sanitaire et les nouvelles tendances soci\u00e9tales comme l\u2019essor du t\u00e9l\u00e9travail ont renforc\u00e9 les pr\u00e9occupations des Fran\u00e7ais en termes de\u00a0bien \u00eatre\u00a0et de confort chez soi. L\u2019habitat doit \u00eatre plus que jamais fonctionnel, confortable tout en pr\u00e9servant la sant\u00e9 de ses occupants.\u00a0\u00a0\nAvec le Profil Bien Vivre, CERQUAL Qualitel\u00a0Certification vous permet de proposer une maison, une gamme de maison ou une op\u00e9ration avec des prestations sup\u00e9rieures en mati\u00e8re de \u00ab\u00a0qualit\u00e9 de vie\u00a0\u00bb r\u00e9pondant aux pr\u00e9occupations des habitants.\u00a0\nVous qui r\u00e9alisez des op\u00e9rations de construction\u00a0de maisons (individuelles ou individuelles group\u00e9es),\u202fvalorisez les performances sup\u00e9rieures de vos projets sur des th\u00e8mes r\u00e9pondant aux pr\u00e9occupations soci\u00e9tales.\u00a0\n\" \/>\n<meta name=\"twitter:creator\" content=\"@groupeQUALITEL\" \/>\n<meta name=\"twitter:site\" content=\"@groupeQUALITEL\" \/>\n<meta name=\"twitter:label1\" content=\"Written by\" \/>\n\t<meta name=\"twitter:data1\" content=\"r.fauconnet@cerqual.fr\" \/>\n\t<meta name=\"twitter:label2\" content=\"Est. reading time\" \/>\n\t<meta name=\"twitter:data2\" content=\"5 minutes\" \/>\n<script type=\"application\/ld+json\" class=\"yoast-schema-graph\">{\"@context\":\"https:\/\/schema.org\",\"@graph\":[{\"@type\":\"Article\",\"@id\":\"https:\/\/www.qualitel.org\/professionnels\/certification-et-labels\/profil-nf-habitat-bien-vivre\/#article\",\"isPartOf\":{\"@id\":\"https:\/\/www.qualitel.org\/professionnels\/certification-et-labels\/profil-nf-habitat-bien-vivre\/\"},\"author\":{\"name\":\"r.fauconnet@cerqual.fr\",\"@id\":\"https:\/\/www.qualitel.org\/professionnels\/#\/schema\/person\/f17d7c84720714cf14475012433428dc\"},\"headline\":\"NF Habitat : Profil Bien Vivre\",\"datePublished\":\"2021-10-01T14:02:33+00:00\",\"dateModified\":\"2026-01-06T10:01:29+00:00\",\"mainEntityOfPage\":{\"@id\":\"https:\/\/www.qualitel.org\/professionnels\/certification-et-labels\/profil-nf-habitat-bien-vivre\/\"},\"wordCount\":5,\"publisher\":{\"@id\":\"https:\/\/www.qualitel.org\/professionnels\/#organization\"},\"image\":{\"@id\":\"https:\/\/www.qualitel.org\/professionnels\/certification-et-labels\/profil-nf-habitat-bien-vivre\/#primaryimage\"},\"thumbnailUrl\":\"https:\/\/www.qualitel.org\/professionnels\/wp\/..\/uploads\/profil-bien-vivre.png\",\"inLanguage\":\"fr-FR\"},{\"@type\":\"WebPage\",\"@id\":\"https:\/\/www.qualitel.org\/professionnels\/certification-et-labels\/profil-nf-habitat-bien-vivre\/\",\"url\":\"https:\/\/www.qualitel.org\/professionnels\/certification-et-labels\/profil-nf-habitat-bien-vivre\/\",\"name\":\"NF Habitat : Profil Bien Vivre - Qualitel | Professionnels\",\"isPartOf\":{\"@id\":\"https:\/\/www.qualitel.org\/professionnels\/#website\"},\"primaryImageOfPage\":{\"@id\":\"https:\/\/www.qualitel.org\/professionnels\/certification-et-labels\/profil-nf-habitat-bien-vivre\/#primaryimage\"},\"image\":{\"@id\":\"https:\/\/www.qualitel.org\/professionnels\/certification-et-labels\/profil-nf-habitat-bien-vivre\/#primaryimage\"},\"thumbnailUrl\":\"https:\/\/www.qualitel.org\/professionnels\/wp\/..\/uploads\/profil-bien-vivre.png\",\"datePublished\":\"2021-10-01T14:02:33+00:00\",\"dateModified\":\"2026-01-06T10:01:29+00:00\",\"description\":\"Avec le Profil Bien Vivre, CERQUAL Qualitel\u00a0Certification vous permet de proposer une maison, une gamme de maison ou une op\u00e9ration avec des prestations sup\u00e9rieures en mati\u00e8re de \u00ab\u00a0qualit\u00e9 de vie\u00a0\u00bb r\u00e9pondant aux pr\u00e9occupations des habitants.\u00a0\",\"breadcrumb\":{\"@id\":\"https:\/\/www.qualitel.org\/professionnels\/certification-et-labels\/profil-nf-habitat-bien-vivre\/#breadcrumb\"},\"inLanguage\":\"fr-FR\",\"potentialAction\":[{\"@type\":\"ReadAction\",\"target\":[\"https:\/\/www.qualitel.org\/professionnels\/certification-et-labels\/profil-nf-habitat-bien-vivre\/\"]}]},{\"@type\":\"ImageObject\",\"inLanguage\":\"fr-FR\",\"@id\":\"https:\/\/www.qualitel.org\/professionnels\/certification-et-labels\/profil-nf-habitat-bien-vivre\/#primaryimage\",\"url\":\"https:\/\/www.qualitel.org\/professionnels\/wp\/..\/uploads\/profil-bien-vivre.png\",\"contentUrl\":\"https:\/\/www.qualitel.org\/professionnels\/wp\/..\/uploads\/profil-bien-vivre.png\",\"width\":725,\"height\":607},{\"@type\":\"BreadcrumbList\",\"@id\":\"https:\/\/www.qualitel.org\/professionnels\/certification-et-labels\/profil-nf-habitat-bien-vivre\/#breadcrumb\",\"itemListElement\":[{\"@type\":\"ListItem\",\"position\":1,\"name\":\"Accueil\",\"item\":\"https:\/\/www.qualitel.org\/professionnels\/\"},{\"@type\":\"ListItem\",\"position\":2,\"name\":\"NF Habitat : Profil Bien Vivre\"}]},{\"@type\":\"WebSite\",\"@id\":\"https:\/\/www.qualitel.org\/professionnels\/#website\",\"url\":\"https:\/\/www.qualitel.org\/professionnels\/\",\"name\":\"Qualitel | Professionnels\",\"description\":\"\",\"publisher\":{\"@id\":\"https:\/\/www.qualitel.org\/professionnels\/#organization\"},\"potentialAction\":[{\"@type\":\"SearchAction\",\"target\":{\"@type\":\"EntryPoint\",\"urlTemplate\":\"https:\/\/www.qualitel.org\/professionnels\/?s={search_term_string}\"},\"query-input\":{\"@type\":\"PropertyValueSpecification\",\"valueRequired\":true,\"valueName\":\"search_term_string\"}}],\"inLanguage\":\"fr-FR\"},{\"@type\":\"Organization\",\"@id\":\"https:\/\/www.qualitel.org\/professionnels\/#organization\",\"name\":\"Qualitel\",\"url\":\"https:\/\/www.qualitel.org\/professionnels\/\",\"logo\":{\"@type\":\"ImageObject\",\"inLanguage\":\"fr-FR\",\"@id\":\"https:\/\/www.qualitel.org\/professionnels\/#\/schema\/logo\/image\/\",\"url\":\"https:\/\/www.qualitel.org\/professionnels\/wp\/..\/uploads\/qualitel_social.jpg\",\"contentUrl\":\"https:\/\/www.qualitel.org\/professionnels\/wp\/..\/uploads\/qualitel_social.jpg\",\"width\":1080,\"height\":1080,\"caption\":\"Qualitel\"},\"image\":{\"@id\":\"https:\/\/www.qualitel.org\/professionnels\/#\/schema\/logo\/image\/\"},\"sameAs\":[\"https:\/\/www.facebook.com\/groupequalitel\/\",\"https:\/\/x.com\/groupeQUALITEL\",\"https:\/\/www.instagram.com\/associationqualitel\/\"]},{\"@type\":\"Person\",\"@id\":\"https:\/\/www.qualitel.org\/professionnels\/#\/schema\/person\/f17d7c84720714cf14475012433428dc\",\"name\":\"r.fauconnet@cerqual.fr\",\"image\":{\"@type\":\"ImageObject\",\"inLanguage\":\"fr-FR\",\"@id\":\"https:\/\/www.qualitel.org\/professionnels\/#\/schema\/person\/image\/\",\"url\":\"https:\/\/secure.gravatar.com\/avatar\/942323e1b48d0a8e053387957b8f871a383a90eb915d485baeb367f5a64554d3?s=96&d=mm&r=g\",\"contentUrl\":\"https:\/\/secure.gravatar.com\/avatar\/942323e1b48d0a8e053387957b8f871a383a90eb915d485baeb367f5a64554d3?s=96&d=mm&r=g\",\"caption\":\"r.fauconnet@cerqual.fr\"}}]}<\/script>\n<!-- \/ Yoast SEO plugin. -->","yoast_head_json":{"title":"NF Habitat : Profil Bien Vivre - Qualitel | Professionnels","description":"Avec le Profil Bien Vivre, CERQUAL Qualitel\u00a0Certification vous permet de proposer une maison, une gamme de maison ou une op\u00e9ration avec des prestations sup\u00e9rieures en mati\u00e8re de \u00ab\u00a0qualit\u00e9 de vie\u00a0\u00bb r\u00e9pondant aux pr\u00e9occupations des habitants.\u00a0","robots":{"index":"index","follow":"follow","max-snippet":"max-snippet:-1","max-image-preview":"max-image-preview:large","max-video-preview":"max-video-preview:-1"},"canonical":"https:\/\/www.qualitel.org\/professionnels\/certification-et-labels\/profil-nf-habitat-bien-vivre\/","og_locale":"fr_FR","og_type":"article","og_title":"NF Habitat : Profil Bien Vivre - Qualitel | Professionnels","og_description":"La crise sanitaire et les nouvelles tendances soci\u00e9tales comme l\u2019essor du t\u00e9l\u00e9travail ont renforc\u00e9 les pr\u00e9occupations des Fran\u00e7ais en termes de\u00a0bien \u00eatre\u00a0et de confort chez soi. L\u2019habitat doit \u00eatre plus que jamais fonctionnel, confortable tout en pr\u00e9servant la sant\u00e9 de ses occupants.\u00a0\u00a0\nAvec le Profil Bien Vivre, CERQUAL Qualitel\u00a0Certification vous permet de proposer une maison, une gamme de maison ou une op\u00e9ration avec des prestations sup\u00e9rieures en mati\u00e8re de \u00ab\u00a0qualit\u00e9 de vie\u00a0\u00bb r\u00e9pondant aux pr\u00e9occupations des habitants.\u00a0\nVous qui r\u00e9alisez des op\u00e9rations de construction\u00a0de maisons (individuelles ou individuelles group\u00e9es),\u202fvalorisez les performances sup\u00e9rieures de vos projets sur des th\u00e8mes r\u00e9pondant aux pr\u00e9occupations soci\u00e9tales.\u00a0","og_url":"https:\/\/www.qualitel.org\/professionnels\/certification-et-labels\/profil-nf-habitat-bien-vivre\/","og_site_name":"Qualitel | Professionnels","article_publisher":"https:\/\/www.facebook.com\/groupequalitel\/","article_published_time":"2021-10-01T14:02:33+00:00","article_modified_time":"2026-01-06T10:01:29+00:00","og_image":[{"width":725,"height":607,"url":"https:\/\/www.qualitel.org\/professionnels\/wp\/..\/uploads\/profil-bien-vivre.png","type":"image\/png"}],"author":"r.fauconnet@cerqual.fr","twitter_card":"summary_large_image","twitter_description":"La crise sanitaire et les nouvelles tendances soci\u00e9tales comme l\u2019essor du t\u00e9l\u00e9travail ont renforc\u00e9 les pr\u00e9occupations des Fran\u00e7ais en termes de\u00a0bien \u00eatre\u00a0et de confort chez soi. L\u2019habitat doit \u00eatre plus que jamais fonctionnel, confortable tout en pr\u00e9servant la sant\u00e9 de ses occupants.\u00a0\u00a0\nAvec le Profil Bien Vivre, CERQUAL Qualitel\u00a0Certification vous permet de proposer une maison, une gamme de maison ou une op\u00e9ration avec des prestations sup\u00e9rieures en mati\u00e8re de \u00ab\u00a0qualit\u00e9 de vie\u00a0\u00bb r\u00e9pondant aux pr\u00e9occupations des habitants.\u00a0\nVous qui r\u00e9alisez des op\u00e9rations de construction\u00a0de maisons (individuelles ou individuelles group\u00e9es),\u202fvalorisez les performances sup\u00e9rieures de vos projets sur des th\u00e8mes r\u00e9pondant aux pr\u00e9occupations soci\u00e9tales.\u00a0\n","twitter_creator":"@groupeQUALITEL","twitter_site":"@groupeQUALITEL","twitter_misc":{"Written by":"r.fauconnet@cerqual.fr","Est. reading time":"5 minutes"},"schema":{"@context":"https:\/\/schema.org","@graph":[{"@type":"Article","@id":"https:\/\/www.qualitel.org\/professionnels\/certification-et-labels\/profil-nf-habitat-bien-vivre\/#article","isPartOf":{"@id":"https:\/\/www.qualitel.org\/professionnels\/certification-et-labels\/profil-nf-habitat-bien-vivre\/"},"author":{"name":"r.fauconnet@cerqual.fr","@id":"https:\/\/www.qualitel.org\/professionnels\/#\/schema\/person\/f17d7c84720714cf14475012433428dc"},"headline":"NF Habitat : Profil Bien Vivre","datePublished":"2021-10-01T14:02:33+00:00","dateModified":"2026-01-06T10:01:29+00:00","mainEntityOfPage":{"@id":"https:\/\/www.qualitel.org\/professionnels\/certification-et-labels\/profil-nf-habitat-bien-vivre\/"},"wordCount":5,"publisher":{"@id":"https:\/\/www.qualitel.org\/professionnels\/#organization"},"image":{"@id":"https:\/\/www.qualitel.org\/professionnels\/certification-et-labels\/profil-nf-habitat-bien-vivre\/#primaryimage"},"thumbnailUrl":"https:\/\/www.qualitel.org\/professionnels\/wp\/..\/uploads\/profil-bien-vivre.png","inLanguage":"fr-FR"},{"@type":"WebPage","@id":"https:\/\/www.qualitel.org\/professionnels\/certification-et-labels\/profil-nf-habitat-bien-vivre\/","url":"https:\/\/www.qualitel.org\/professionnels\/certification-et-labels\/profil-nf-habitat-bien-vivre\/","name":"NF Habitat : Profil Bien Vivre - Qualitel | Professionnels","isPartOf":{"@id":"https:\/\/www.qualitel.org\/professionnels\/#website"},"primaryImageOfPage":{"@id":"https:\/\/www.qualitel.org\/professionnels\/certification-et-labels\/profil-nf-habitat-bien-vivre\/#primaryimage"},"image":{"@id":"https:\/\/www.qualitel.org\/professionnels\/certification-et-labels\/profil-nf-habitat-bien-vivre\/#primaryimage"},"thumbnailUrl":"https:\/\/www.qualitel.org\/professionnels\/wp\/..\/uploads\/profil-bien-vivre.png","datePublished":"2021-10-01T14:02:33+00:00","dateModified":"2026-01-06T10:01:29+00:00","description":"Avec le Profil Bien Vivre, CERQUAL Qualitel\u00a0Certification vous permet de proposer une maison, une gamme de maison ou une op\u00e9ration avec des prestations sup\u00e9rieures en mati\u00e8re de \u00ab\u00a0qualit\u00e9 de vie\u00a0\u00bb r\u00e9pondant aux pr\u00e9occupations des habitants.\u00a0","breadcrumb":{"@id":"https:\/\/www.qualitel.org\/professionnels\/certification-et-labels\/profil-nf-habitat-bien-vivre\/#breadcrumb"},"inLanguage":"fr-FR","potentialAction":[{"@type":"ReadAction","target":["https:\/\/www.qualitel.org\/professionnels\/certification-et-labels\/profil-nf-habitat-bien-vivre\/"]}]},{"@type":"ImageObject","inLanguage":"fr-FR","@id":"https:\/\/www.qualitel.org\/professionnels\/certification-et-labels\/profil-nf-habitat-bien-vivre\/#primaryimage","url":"https:\/\/www.qualitel.org\/professionnels\/wp\/..\/uploads\/profil-bien-vivre.png","contentUrl":"https:\/\/www.qualitel.org\/professionnels\/wp\/..\/uploads\/profil-bien-vivre.png","width":725,"height":607},{"@type":"BreadcrumbList","@id":"https:\/\/www.qualitel.org\/professionnels\/certification-et-labels\/profil-nf-habitat-bien-vivre\/#breadcrumb","itemListElement":[{"@type":"ListItem","position":1,"name":"Accueil","item":"https:\/\/www.qualitel.org\/professionnels\/"},{"@type":"ListItem","position":2,"name":"NF Habitat : Profil Bien Vivre"}]},{"@type":"WebSite","@id":"https:\/\/www.qualitel.org\/professionnels\/#website","url":"https:\/\/www.qualitel.org\/professionnels\/","name":"Qualitel | Professionnels","description":"","publisher":{"@id":"https:\/\/www.qualitel.org\/professionnels\/#organization"},"potentialAction":[{"@type":"SearchAction","target":{"@type":"EntryPoint","urlTemplate":"https:\/\/www.qualitel.org\/professionnels\/?s={search_term_string}"},"query-input":{"@type":"PropertyValueSpecification","valueRequired":true,"valueName":"search_term_string"}}],"inLanguage":"fr-FR"},{"@type":"Organization","@id":"https:\/\/www.qualitel.org\/professionnels\/#organization","name":"Qualitel","url":"https:\/\/www.qualitel.org\/professionnels\/","logo":{"@type":"ImageObject","inLanguage":"fr-FR","@id":"https:\/\/www.qualitel.org\/professionnels\/#\/schema\/logo\/image\/","url":"https:\/\/www.qualitel.org\/professionnels\/wp\/..\/uploads\/qualitel_social.jpg","contentUrl":"https:\/\/www.qualitel.org\/professionnels\/wp\/..\/uploads\/qualitel_social.jpg","width":1080,"height":1080,"caption":"Qualitel"},"image":{"@id":"https:\/\/www.qualitel.org\/professionnels\/#\/schema\/logo\/image\/"},"sameAs":["https:\/\/www.facebook.com\/groupequalitel\/","https:\/\/x.com\/groupeQUALITEL","https:\/\/www.instagram.com\/associationqualitel\/"]},{"@type":"Person","@id":"https:\/\/www.qualitel.org\/professionnels\/#\/schema\/person\/f17d7c84720714cf14475012433428dc","name":"r.fauconnet@cerqual.fr","image":{"@type":"ImageObject","inLanguage":"fr-FR","@id":"https:\/\/www.qualitel.org\/professionnels\/#\/schema\/person\/image\/","url":"https:\/\/secure.gravatar.com\/avatar\/942323e1b48d0a8e053387957b8f871a383a90eb915d485baeb367f5a64554d3?s=96&d=mm&r=g","contentUrl":"https:\/\/secure.gravatar.com\/avatar\/942323e1b48d0a8e053387957b8f871a383a90eb915d485baeb367f5a64554d3?s=96&d=mm&r=g","caption":"r.fauconnet@cerqual.fr"}}]}},"_links":{"self":[{"href":"https:\/\/www.qualitel.org\/professionnels\/wp-json\/wp\/v2\/posts\/49091","targetHints":{"allow":["GET"]}}],"collection":[{"href":"https:\/\/www.qualitel.org\/professionnels\/wp-json\/wp\/v2\/posts"}],"about":[{"href":"https:\/\/www.qualitel.org\/professionnels\/wp-json\/wp\/v2\/types\/post"}],"author":[{"embeddable":true,"href":"https:\/\/www.qualitel.org\/professionnels\/wp-json\/wp\/v2\/users\/47"}],"replies":[{"embeddable":true,"href":"https:\/\/www.qualitel.org\/professionnels\/wp-json\/wp\/v2\/comments?post=49091"}],"version-history":[{"count":42,"href":"https:\/\/www.qualitel.org\/professionnels\/wp-json\/wp\/v2\/posts\/49091\/revisions"}],"predecessor-version":[{"id":124584,"href":"https:\/\/www.qualitel.org\/professionnels\/wp-json\/wp\/v2\/posts\/49091\/revisions\/124584"}],"wp:featuredmedia":[{"embeddable":true,"href":"https:\/\/www.qualitel.org\/professionnels\/wp-json\/wp\/v2\/media\/49334"}],"wp:attachment":[{"href":"https:\/\/www.qualitel.org\/professionnels\/wp-json\/wp\/v2\/media?parent=49091"}],"wp:term":[{"taxonomy":"tags","embeddable":true,"href":"https:\/\/www.qualitel.org\/professionnels\/wp-json\/wp\/v2\/tags?post=49091"},{"taxonomy":"etiquettes","embeddable":true,"href":"https:\/\/www.qualitel.org\/professionnels\/wp-json\/wp\/v2\/tags?post=49091"},{"taxonomy":"article_type","embeddable":true,"href":"https:\/\/www.qualitel.org\/professionnels\/wp-json\/wp\/v2\/article_type?post=49091"}],"curies":[{"name":"wp","href":"https:\/\/api.w.org\/{rel}","templated":true}]}}