{"id":49099,"date":"2021-09-30T16:49:03","date_gmt":"2021-09-30T14:49:03","guid":{"rendered":"https:\/\/www.qualitel.org\/professionnels\/profil-nf-habitat-air-interieur-2\/"},"modified":"2026-01-06T10:51:57","modified_gmt":"2026-01-06T09:51:57","slug":"profil-nf-habitat-personnalise","status":"publish","type":"post","link":"https:\/\/www.qualitel.org\/professionnels\/certification-et-labels\/profil-nf-habitat-personnalise\/","title":{"rendered":"NF Habitat : Profil Personnalis\u00e9"},"content":{"rendered":"","protected":false},"excerpt":{"rendered":"","protected":false},"author":24,"featured_media":49324,"comment_status":"closed","ping_status":"closed","sticky":false,"template":"","format":"standard","meta":{"_acf_changed":false,"footnotes":""},"tags":[],"article_type":[],"class_list":["post-49099","post","type-post","status-publish","format-standard","has-post-thumbnail","hentry","tags-certification"],"acf":[],"yoast_head":"<!-- This site is optimized with the Yoast SEO plugin v26.3 - https:\/\/yoast.com\/wordpress\/plugins\/seo\/ -->\n<title>NF Habitat : Profil Personnalis\u00e9 - Qualitel | Professionnels<\/title>\n<meta name=\"description\" content=\"Avec le Profil Personnalis\u00e9, CERQUAL Qualitel Certification vous offre la possibilit\u00e9 d\u2019adapter le r\u00e9f\u00e9rentiel de certification NF Habitat ou NF Habitat HQE pour traduire et valoriser votre strat\u00e9gie...\" \/>\n<meta name=\"robots\" content=\"index, follow, max-snippet:-1, max-image-preview:large, max-video-preview:-1\" \/>\n<link rel=\"canonical\" href=\"https:\/\/www.qualitel.org\/professionnels\/certification-et-labels\/profil-nf-habitat-personnalise\/\" \/>\n<meta property=\"og:locale\" content=\"fr_FR\" \/>\n<meta property=\"og:type\" content=\"article\" \/>\n<meta property=\"og:title\" content=\"NF Habitat : Profil Personnalis\u00e9 - Qualitel | Professionnels\" \/>\n<meta property=\"og:description\" content=\"Avec le Profil Personnalis\u00e9, CERQUAL Qualitel Certification vous offre la possibilit\u00e9 d\u2019adapter le r\u00e9f\u00e9rentiel de certification NF Habitat ou NF Habitat HQE pour traduire et valoriser votre strat\u00e9gie et ainsi vous accompagner dans la communication de votre engagement en mati\u00e8re de qualit\u00e9 et de performance du logement.\nPromoteurs, bailleurs, constructeurs de maisons ou acteurs de la r\u00e9novation engag\u00e9s en certification NF Habitat ou NF Habitat HQE\u00a0: valorisez les performances sup\u00e9rieures de vos projets de construction ou de r\u00e9novation d\u2019habitats collectifs, de r\u00e9sidences services, d\u2019\u00e9tablissements m\u00e9dicaux sociaux ou de construction de maisons sur des th\u00e8mes r\u00e9pondant aux pr\u00e9occupations soci\u00e9tales.\" \/>\n<meta property=\"og:url\" content=\"https:\/\/www.qualitel.org\/professionnels\/certification-et-labels\/profil-nf-habitat-personnalise\/\" \/>\n<meta property=\"og:site_name\" content=\"Qualitel | Professionnels\" \/>\n<meta property=\"article:publisher\" content=\"https:\/\/www.facebook.com\/groupequalitel\/\" \/>\n<meta property=\"article:published_time\" content=\"2021-09-30T14:49:03+00:00\" \/>\n<meta property=\"article:modified_time\" content=\"2026-01-06T09:51:57+00:00\" \/>\n<meta property=\"og:image\" content=\"https:\/\/www.qualitel.org\/professionnels\/wp\/..\/uploads\/logo_NFH.png\" \/>\n\t<meta property=\"og:image:width\" content=\"567\" \/>\n\t<meta property=\"og:image:height\" content=\"513\" \/>\n\t<meta property=\"og:image:type\" content=\"image\/png\" \/>\n<meta name=\"author\" content=\"Julie CARNEZ\" \/>\n<meta name=\"twitter:card\" content=\"summary_large_image\" \/>\n<meta name=\"twitter:description\" content=\"Avec le Profil Personnalis\u00e9, CERQUAL Qualitel Certification vous offre la possibilit\u00e9 d\u2019adapter le r\u00e9f\u00e9rentiel de certification NF Habitat ou NF Habitat HQE pour traduire et valoriser votre strat\u00e9gie et ainsi vous accompagner dans la communication de votre engagement en mati\u00e8re de qualit\u00e9 et de performance du logement.\nPromoteurs, bailleurs, constructeurs de maisons ou acteurs de la r\u00e9novation engag\u00e9s en certification NF Habitat ou NF Habitat HQE\u00a0: valorisez les performances sup\u00e9rieures de vos projets de construction ou de r\u00e9novation d\u2019habitats collectifs, de r\u00e9sidences services, d\u2019\u00e9tablissements m\u00e9dicaux sociaux ou de construction de maisons sur des th\u00e8mes r\u00e9pondant aux pr\u00e9occupations soci\u00e9tales.\n\" \/>\n<meta name=\"twitter:creator\" content=\"@groupeQUALITEL\" \/>\n<meta name=\"twitter:site\" content=\"@groupeQUALITEL\" \/>\n<meta name=\"twitter:label1\" content=\"Written by\" \/>\n\t<meta name=\"twitter:data1\" content=\"Julie CARNEZ\" \/>\n\t<meta name=\"twitter:label2\" content=\"Est. reading time\" \/>\n\t<meta name=\"twitter:data2\" content=\"5 minutes\" \/>\n<script type=\"application\/ld+json\" class=\"yoast-schema-graph\">{\"@context\":\"https:\/\/schema.org\",\"@graph\":[{\"@type\":\"Article\",\"@id\":\"https:\/\/www.qualitel.org\/professionnels\/certification-et-labels\/profil-nf-habitat-personnalise\/#article\",\"isPartOf\":{\"@id\":\"https:\/\/www.qualitel.org\/professionnels\/certification-et-labels\/profil-nf-habitat-personnalise\/\"},\"author\":{\"name\":\"Julie CARNEZ\",\"@id\":\"https:\/\/www.qualitel.org\/professionnels\/#\/schema\/person\/8da1b40abc7d27162c267baae6ea6b6e\"},\"headline\":\"NF Habitat : Profil Personnalis\u00e9\",\"datePublished\":\"2021-09-30T14:49:03+00:00\",\"dateModified\":\"2026-01-06T09:51:57+00:00\",\"mainEntityOfPage\":{\"@id\":\"https:\/\/www.qualitel.org\/professionnels\/certification-et-labels\/profil-nf-habitat-personnalise\/\"},\"wordCount\":4,\"publisher\":{\"@id\":\"https:\/\/www.qualitel.org\/professionnels\/#organization\"},\"image\":{\"@id\":\"https:\/\/www.qualitel.org\/professionnels\/certification-et-labels\/profil-nf-habitat-personnalise\/#primaryimage\"},\"thumbnailUrl\":\"https:\/\/www.qualitel.org\/professionnels\/wp\/..\/uploads\/logo_NFH.png\",\"inLanguage\":\"fr-FR\"},{\"@type\":\"WebPage\",\"@id\":\"https:\/\/www.qualitel.org\/professionnels\/certification-et-labels\/profil-nf-habitat-personnalise\/\",\"url\":\"https:\/\/www.qualitel.org\/professionnels\/certification-et-labels\/profil-nf-habitat-personnalise\/\",\"name\":\"NF Habitat : Profil Personnalis\u00e9 - Qualitel | Professionnels\",\"isPartOf\":{\"@id\":\"https:\/\/www.qualitel.org\/professionnels\/#website\"},\"primaryImageOfPage\":{\"@id\":\"https:\/\/www.qualitel.org\/professionnels\/certification-et-labels\/profil-nf-habitat-personnalise\/#primaryimage\"},\"image\":{\"@id\":\"https:\/\/www.qualitel.org\/professionnels\/certification-et-labels\/profil-nf-habitat-personnalise\/#primaryimage\"},\"thumbnailUrl\":\"https:\/\/www.qualitel.org\/professionnels\/wp\/..\/uploads\/logo_NFH.png\",\"datePublished\":\"2021-09-30T14:49:03+00:00\",\"dateModified\":\"2026-01-06T09:51:57+00:00\",\"description\":\"Avec le Profil Personnalis\u00e9, CERQUAL Qualitel Certification vous offre la possibilit\u00e9 d\u2019adapter le r\u00e9f\u00e9rentiel de certification NF Habitat ou NF Habitat HQE pour traduire et valoriser votre strat\u00e9gie...\",\"breadcrumb\":{\"@id\":\"https:\/\/www.qualitel.org\/professionnels\/certification-et-labels\/profil-nf-habitat-personnalise\/#breadcrumb\"},\"inLanguage\":\"fr-FR\",\"potentialAction\":[{\"@type\":\"ReadAction\",\"target\":[\"https:\/\/www.qualitel.org\/professionnels\/certification-et-labels\/profil-nf-habitat-personnalise\/\"]}]},{\"@type\":\"ImageObject\",\"inLanguage\":\"fr-FR\",\"@id\":\"https:\/\/www.qualitel.org\/professionnels\/certification-et-labels\/profil-nf-habitat-personnalise\/#primaryimage\",\"url\":\"https:\/\/www.qualitel.org\/professionnels\/wp\/..\/uploads\/logo_NFH.png\",\"contentUrl\":\"https:\/\/www.qualitel.org\/professionnels\/wp\/..\/uploads\/logo_NFH.png\",\"width\":567,\"height\":513},{\"@type\":\"BreadcrumbList\",\"@id\":\"https:\/\/www.qualitel.org\/professionnels\/certification-et-labels\/profil-nf-habitat-personnalise\/#breadcrumb\",\"itemListElement\":[{\"@type\":\"ListItem\",\"position\":1,\"name\":\"Accueil\",\"item\":\"https:\/\/www.qualitel.org\/professionnels\/\"},{\"@type\":\"ListItem\",\"position\":2,\"name\":\"NF Habitat : Profil Personnalis\u00e9\"}]},{\"@type\":\"WebSite\",\"@id\":\"https:\/\/www.qualitel.org\/professionnels\/#website\",\"url\":\"https:\/\/www.qualitel.org\/professionnels\/\",\"name\":\"Qualitel | Professionnels\",\"description\":\"\",\"publisher\":{\"@id\":\"https:\/\/www.qualitel.org\/professionnels\/#organization\"},\"potentialAction\":[{\"@type\":\"SearchAction\",\"target\":{\"@type\":\"EntryPoint\",\"urlTemplate\":\"https:\/\/www.qualitel.org\/professionnels\/?s={search_term_string}\"},\"query-input\":{\"@type\":\"PropertyValueSpecification\",\"valueRequired\":true,\"valueName\":\"search_term_string\"}}],\"inLanguage\":\"fr-FR\"},{\"@type\":\"Organization\",\"@id\":\"https:\/\/www.qualitel.org\/professionnels\/#organization\",\"name\":\"Qualitel\",\"url\":\"https:\/\/www.qualitel.org\/professionnels\/\",\"logo\":{\"@type\":\"ImageObject\",\"inLanguage\":\"fr-FR\",\"@id\":\"https:\/\/www.qualitel.org\/professionnels\/#\/schema\/logo\/image\/\",\"url\":\"https:\/\/www.qualitel.org\/professionnels\/wp\/..\/uploads\/qualitel_social.jpg\",\"contentUrl\":\"https:\/\/www.qualitel.org\/professionnels\/wp\/..\/uploads\/qualitel_social.jpg\",\"width\":1080,\"height\":1080,\"caption\":\"Qualitel\"},\"image\":{\"@id\":\"https:\/\/www.qualitel.org\/professionnels\/#\/schema\/logo\/image\/\"},\"sameAs\":[\"https:\/\/www.facebook.com\/groupequalitel\/\",\"https:\/\/x.com\/groupeQUALITEL\",\"https:\/\/www.instagram.com\/associationqualitel\/\"]},{\"@type\":\"Person\",\"@id\":\"https:\/\/www.qualitel.org\/professionnels\/#\/schema\/person\/8da1b40abc7d27162c267baae6ea6b6e\",\"name\":\"Julie CARNEZ\",\"image\":{\"@type\":\"ImageObject\",\"inLanguage\":\"fr-FR\",\"@id\":\"https:\/\/www.qualitel.org\/professionnels\/#\/schema\/person\/image\/\",\"url\":\"https:\/\/secure.gravatar.com\/avatar\/41fcfdc51e7305fd5b17ead841bd2e1f6a982b0f5ccaf899636b8ccab25ca5b1?s=96&d=mm&r=g\",\"contentUrl\":\"https:\/\/secure.gravatar.com\/avatar\/41fcfdc51e7305fd5b17ead841bd2e1f6a982b0f5ccaf899636b8ccab25ca5b1?s=96&d=mm&r=g\",\"caption\":\"Julie CARNEZ\"}}]}<\/script>\n<!-- \/ Yoast SEO plugin. -->","yoast_head_json":{"title":"NF Habitat : Profil Personnalis\u00e9 - Qualitel | Professionnels","description":"Avec le Profil Personnalis\u00e9, CERQUAL Qualitel Certification vous offre la possibilit\u00e9 d\u2019adapter le r\u00e9f\u00e9rentiel de certification NF Habitat ou NF Habitat HQE pour traduire et valoriser votre strat\u00e9gie...","robots":{"index":"index","follow":"follow","max-snippet":"max-snippet:-1","max-image-preview":"max-image-preview:large","max-video-preview":"max-video-preview:-1"},"canonical":"https:\/\/www.qualitel.org\/professionnels\/certification-et-labels\/profil-nf-habitat-personnalise\/","og_locale":"fr_FR","og_type":"article","og_title":"NF Habitat : Profil Personnalis\u00e9 - Qualitel | Professionnels","og_description":"Avec le Profil Personnalis\u00e9, CERQUAL Qualitel Certification vous offre la possibilit\u00e9 d\u2019adapter le r\u00e9f\u00e9rentiel de certification NF Habitat ou NF Habitat HQE pour traduire et valoriser votre strat\u00e9gie et ainsi vous accompagner dans la communication de votre engagement en mati\u00e8re de qualit\u00e9 et de performance du logement.\nPromoteurs, bailleurs, constructeurs de maisons ou acteurs de la r\u00e9novation engag\u00e9s en certification NF Habitat ou NF Habitat HQE\u00a0: valorisez les performances sup\u00e9rieures de vos projets de construction ou de r\u00e9novation d\u2019habitats collectifs, de r\u00e9sidences services, d\u2019\u00e9tablissements m\u00e9dicaux sociaux ou de construction de maisons sur des th\u00e8mes r\u00e9pondant aux pr\u00e9occupations soci\u00e9tales.","og_url":"https:\/\/www.qualitel.org\/professionnels\/certification-et-labels\/profil-nf-habitat-personnalise\/","og_site_name":"Qualitel | Professionnels","article_publisher":"https:\/\/www.facebook.com\/groupequalitel\/","article_published_time":"2021-09-30T14:49:03+00:00","article_modified_time":"2026-01-06T09:51:57+00:00","og_image":[{"width":567,"height":513,"url":"https:\/\/www.qualitel.org\/professionnels\/wp\/..\/uploads\/logo_NFH.png","type":"image\/png"}],"author":"Julie CARNEZ","twitter_card":"summary_large_image","twitter_description":"Avec le Profil Personnalis\u00e9, CERQUAL Qualitel Certification vous offre la possibilit\u00e9 d\u2019adapter le r\u00e9f\u00e9rentiel de certification NF Habitat ou NF Habitat HQE pour traduire et valoriser votre strat\u00e9gie et ainsi vous accompagner dans la communication de votre engagement en mati\u00e8re de qualit\u00e9 et de performance du logement.\nPromoteurs, bailleurs, constructeurs de maisons ou acteurs de la r\u00e9novation engag\u00e9s en certification NF Habitat ou NF Habitat HQE\u00a0: valorisez les performances sup\u00e9rieures de vos projets de construction ou de r\u00e9novation d\u2019habitats collectifs, de r\u00e9sidences services, d\u2019\u00e9tablissements m\u00e9dicaux sociaux ou de construction de maisons sur des th\u00e8mes r\u00e9pondant aux pr\u00e9occupations soci\u00e9tales.\n","twitter_creator":"@groupeQUALITEL","twitter_site":"@groupeQUALITEL","twitter_misc":{"Written by":"Julie CARNEZ","Est. reading time":"5 minutes"},"schema":{"@context":"https:\/\/schema.org","@graph":[{"@type":"Article","@id":"https:\/\/www.qualitel.org\/professionnels\/certification-et-labels\/profil-nf-habitat-personnalise\/#article","isPartOf":{"@id":"https:\/\/www.qualitel.org\/professionnels\/certification-et-labels\/profil-nf-habitat-personnalise\/"},"author":{"name":"Julie CARNEZ","@id":"https:\/\/www.qualitel.org\/professionnels\/#\/schema\/person\/8da1b40abc7d27162c267baae6ea6b6e"},"headline":"NF Habitat : Profil Personnalis\u00e9","datePublished":"2021-09-30T14:49:03+00:00","dateModified":"2026-01-06T09:51:57+00:00","mainEntityOfPage":{"@id":"https:\/\/www.qualitel.org\/professionnels\/certification-et-labels\/profil-nf-habitat-personnalise\/"},"wordCount":4,"publisher":{"@id":"https:\/\/www.qualitel.org\/professionnels\/#organization"},"image":{"@id":"https:\/\/www.qualitel.org\/professionnels\/certification-et-labels\/profil-nf-habitat-personnalise\/#primaryimage"},"thumbnailUrl":"https:\/\/www.qualitel.org\/professionnels\/wp\/..\/uploads\/logo_NFH.png","inLanguage":"fr-FR"},{"@type":"WebPage","@id":"https:\/\/www.qualitel.org\/professionnels\/certification-et-labels\/profil-nf-habitat-personnalise\/","url":"https:\/\/www.qualitel.org\/professionnels\/certification-et-labels\/profil-nf-habitat-personnalise\/","name":"NF Habitat : Profil Personnalis\u00e9 - Qualitel | Professionnels","isPartOf":{"@id":"https:\/\/www.qualitel.org\/professionnels\/#website"},"primaryImageOfPage":{"@id":"https:\/\/www.qualitel.org\/professionnels\/certification-et-labels\/profil-nf-habitat-personnalise\/#primaryimage"},"image":{"@id":"https:\/\/www.qualitel.org\/professionnels\/certification-et-labels\/profil-nf-habitat-personnalise\/#primaryimage"},"thumbnailUrl":"https:\/\/www.qualitel.org\/professionnels\/wp\/..\/uploads\/logo_NFH.png","datePublished":"2021-09-30T14:49:03+00:00","dateModified":"2026-01-06T09:51:57+00:00","description":"Avec le Profil Personnalis\u00e9, CERQUAL Qualitel Certification vous offre la possibilit\u00e9 d\u2019adapter le r\u00e9f\u00e9rentiel de certification NF Habitat ou NF Habitat HQE pour traduire et valoriser votre strat\u00e9gie...","breadcrumb":{"@id":"https:\/\/www.qualitel.org\/professionnels\/certification-et-labels\/profil-nf-habitat-personnalise\/#breadcrumb"},"inLanguage":"fr-FR","potentialAction":[{"@type":"ReadAction","target":["https:\/\/www.qualitel.org\/professionnels\/certification-et-labels\/profil-nf-habitat-personnalise\/"]}]},{"@type":"ImageObject","inLanguage":"fr-FR","@id":"https:\/\/www.qualitel.org\/professionnels\/certification-et-labels\/profil-nf-habitat-personnalise\/#primaryimage","url":"https:\/\/www.qualitel.org\/professionnels\/wp\/..\/uploads\/logo_NFH.png","contentUrl":"https:\/\/www.qualitel.org\/professionnels\/wp\/..\/uploads\/logo_NFH.png","width":567,"height":513},{"@type":"BreadcrumbList","@id":"https:\/\/www.qualitel.org\/professionnels\/certification-et-labels\/profil-nf-habitat-personnalise\/#breadcrumb","itemListElement":[{"@type":"ListItem","position":1,"name":"Accueil","item":"https:\/\/www.qualitel.org\/professionnels\/"},{"@type":"ListItem","position":2,"name":"NF Habitat : Profil Personnalis\u00e9"}]},{"@type":"WebSite","@id":"https:\/\/www.qualitel.org\/professionnels\/#website","url":"https:\/\/www.qualitel.org\/professionnels\/","name":"Qualitel | Professionnels","description":"","publisher":{"@id":"https:\/\/www.qualitel.org\/professionnels\/#organization"},"potentialAction":[{"@type":"SearchAction","target":{"@type":"EntryPoint","urlTemplate":"https:\/\/www.qualitel.org\/professionnels\/?s={search_term_string}"},"query-input":{"@type":"PropertyValueSpecification","valueRequired":true,"valueName":"search_term_string"}}],"inLanguage":"fr-FR"},{"@type":"Organization","@id":"https:\/\/www.qualitel.org\/professionnels\/#organization","name":"Qualitel","url":"https:\/\/www.qualitel.org\/professionnels\/","logo":{"@type":"ImageObject","inLanguage":"fr-FR","@id":"https:\/\/www.qualitel.org\/professionnels\/#\/schema\/logo\/image\/","url":"https:\/\/www.qualitel.org\/professionnels\/wp\/..\/uploads\/qualitel_social.jpg","contentUrl":"https:\/\/www.qualitel.org\/professionnels\/wp\/..\/uploads\/qualitel_social.jpg","width":1080,"height":1080,"caption":"Qualitel"},"image":{"@id":"https:\/\/www.qualitel.org\/professionnels\/#\/schema\/logo\/image\/"},"sameAs":["https:\/\/www.facebook.com\/groupequalitel\/","https:\/\/x.com\/groupeQUALITEL","https:\/\/www.instagram.com\/associationqualitel\/"]},{"@type":"Person","@id":"https:\/\/www.qualitel.org\/professionnels\/#\/schema\/person\/8da1b40abc7d27162c267baae6ea6b6e","name":"Julie CARNEZ","image":{"@type":"ImageObject","inLanguage":"fr-FR","@id":"https:\/\/www.qualitel.org\/professionnels\/#\/schema\/person\/image\/","url":"https:\/\/secure.gravatar.com\/avatar\/41fcfdc51e7305fd5b17ead841bd2e1f6a982b0f5ccaf899636b8ccab25ca5b1?s=96&d=mm&r=g","contentUrl":"https:\/\/secure.gravatar.com\/avatar\/41fcfdc51e7305fd5b17ead841bd2e1f6a982b0f5ccaf899636b8ccab25ca5b1?s=96&d=mm&r=g","caption":"Julie CARNEZ"}}]}},"_links":{"self":[{"href":"https:\/\/www.qualitel.org\/professionnels\/wp-json\/wp\/v2\/posts\/49099","targetHints":{"allow":["GET"]}}],"collection":[{"href":"https:\/\/www.qualitel.org\/professionnels\/wp-json\/wp\/v2\/posts"}],"about":[{"href":"https:\/\/www.qualitel.org\/professionnels\/wp-json\/wp\/v2\/types\/post"}],"author":[{"embeddable":true,"href":"https:\/\/www.qualitel.org\/professionnels\/wp-json\/wp\/v2\/users\/24"}],"replies":[{"embeddable":true,"href":"https:\/\/www.qualitel.org\/professionnels\/wp-json\/wp\/v2\/comments?post=49099"}],"version-history":[{"count":25,"href":"https:\/\/www.qualitel.org\/professionnels\/wp-json\/wp\/v2\/posts\/49099\/revisions"}],"predecessor-version":[{"id":124563,"href":"https:\/\/www.qualitel.org\/professionnels\/wp-json\/wp\/v2\/posts\/49099\/revisions\/124563"}],"wp:featuredmedia":[{"embeddable":true,"href":"https:\/\/www.qualitel.org\/professionnels\/wp-json\/wp\/v2\/media\/49324"}],"wp:attachment":[{"href":"https:\/\/www.qualitel.org\/professionnels\/wp-json\/wp\/v2\/media?parent=49099"}],"wp:term":[{"taxonomy":"tags","embeddable":true,"href":"https:\/\/www.qualitel.org\/professionnels\/wp-json\/wp\/v2\/tags?post=49099"},{"taxonomy":"etiquettes","embeddable":true,"href":"https:\/\/www.qualitel.org\/professionnels\/wp-json\/wp\/v2\/tags?post=49099"},{"taxonomy":"article_type","embeddable":true,"href":"https:\/\/www.qualitel.org\/professionnels\/wp-json\/wp\/v2\/article_type?post=49099"}],"curies":[{"name":"wp","href":"https:\/\/api.w.org\/{rel}","templated":true}]}}