{"id":52648,"date":"2025-12-03T09:05:00","date_gmt":"2025-12-03T08:05:00","guid":{"rendered":"https:\/\/www.qualitel.org\/professionnels\/?p=52648"},"modified":"2025-12-03T17:17:39","modified_gmt":"2025-12-03T16:17:39","slug":"qualitel-formation-devoile-son-nouveau-catalogue-pour-la-nouvelle-annee","status":"publish","type":"post","link":"https:\/\/www.qualitel.org\/professionnels\/actualites\/qualitel-formation-nouveau-catalogue\/","title":{"rendered":"QUALITEL Formation : d\u00e9couvrez le catalogue de formations 2026"},"content":{"rendered":"","protected":false},"excerpt":{"rendered":"","protected":false},"author":24,"featured_media":123030,"comment_status":"closed","ping_status":"closed","sticky":false,"template":"","format":"standard","meta":{"_acf_changed":false,"footnotes":""},"tags":[416],"article_type":[368],"class_list":["post-52648","post","type-post","status-publish","format-standard","has-post-thumbnail","hentry","tags-developpement","tags-qualitel-formation","etiquettes-publication","article_type-actualites"],"acf":[],"yoast_head":"<!-- This site is optimized with the Yoast SEO plugin v26.3 - https:\/\/yoast.com\/wordpress\/plugins\/seo\/ -->\n<title>QUALITEL Formation : d\u00e9couvrez le catalogue de formations 2026 - QUALITEL Formation<\/title>\n<meta name=\"description\" content=\"Qui dit nouvelle ann\u00e9e, dit nouveau catalogue de QUALITEL Formation ! A partir du 1er janvier 2026, les professionnels du b\u00e2timent et de l\u2019habitat pourront acc\u00e9der \u00e0 une offre enrichie et diversifi\u00e9e, avec 135 formations adapt\u00e9es aux besoins du secteur, parmi lesquelles 30 nouveaut\u00e9s.\" \/>\n<meta name=\"robots\" content=\"index, follow, max-snippet:-1, max-image-preview:large, max-video-preview:-1\" \/>\n<link rel=\"canonical\" href=\"https:\/\/www.qualitel.org\/professionnels\/actualites\/qualitel-formation-nouveau-catalogue\/\" \/>\n<meta property=\"og:locale\" content=\"fr_FR\" \/>\n<meta property=\"og:type\" content=\"article\" \/>\n<meta property=\"og:title\" content=\"QUALITEL Formation : d\u00e9couvrez le catalogue de formations 2026 - QUALITEL Formation\" \/>\n<meta property=\"og:description\" content=\"Qui dit nouvelle ann\u00e9e, dit nouveau catalogue de QUALITEL Formation ! A partir du 1er janvier 2026, les professionnels du b\u00e2timent et de l\u2019habitat pourront acc\u00e9der \u00e0 une offre enrichie et diversifi\u00e9e, avec 135 formations adapt\u00e9es aux besoins du secteur, parmi lesquelles 30 nouveaut\u00e9s.\" \/>\n<meta property=\"og:url\" content=\"https:\/\/www.qualitel.org\/professionnels\/actualites\/qualitel-formation-nouveau-catalogue\/\" \/>\n<meta property=\"og:site_name\" content=\"Qualitel | Professionnels\" \/>\n<meta property=\"article:publisher\" content=\"https:\/\/www.facebook.com\/groupequalitel\/\" \/>\n<meta property=\"article:published_time\" content=\"2025-12-03T08:05:00+00:00\" \/>\n<meta property=\"article:modified_time\" content=\"2025-12-03T16:17:39+00:00\" \/>\n<meta property=\"og:image\" content=\"https:\/\/www.qualitel.org\/professionnels\/wp\/..\/uploads\/catalogue-2026.jpg\" \/>\n\t<meta property=\"og:image:width\" content=\"900\" \/>\n\t<meta property=\"og:image:height\" content=\"513\" \/>\n\t<meta property=\"og:image:type\" content=\"image\/jpeg\" \/>\n<meta name=\"author\" content=\"Julie CARNEZ\" \/>\n<meta name=\"twitter:card\" content=\"summary_large_image\" \/>\n<meta name=\"twitter:description\" content=\"Qui dit nouvelle ann\u00e9e, dit nouveau catalogue de QUALITEL Formation ! A partir du 1er janvier 2026, les professionnels du b\u00e2timent et de l\u2019habitat pourront acc\u00e9der \u00e0 une offre enrichie et diversifi\u00e9e, avec 135 formations adapt\u00e9es aux besoins du secteur, parmi lesquelles 30 nouveaut\u00e9s.\n\" \/>\n<meta name=\"twitter:creator\" content=\"@groupeQUALITEL\" \/>\n<meta name=\"twitter:site\" content=\"@groupeQUALITEL\" \/>\n<meta name=\"twitter:label1\" content=\"Written by\" \/>\n\t<meta name=\"twitter:data1\" content=\"Julie CARNEZ\" \/>\n\t<meta name=\"twitter:label2\" content=\"Est. reading time\" \/>\n\t<meta name=\"twitter:data2\" content=\"3 minutes\" \/>\n<script type=\"application\/ld+json\" class=\"yoast-schema-graph\">{\"@context\":\"https:\/\/schema.org\",\"@graph\":[{\"@type\":\"Article\",\"@id\":\"https:\/\/www.qualitel.org\/professionnels\/actualites\/qualitel-formation-nouveau-catalogue\/#article\",\"isPartOf\":{\"@id\":\"https:\/\/www.qualitel.org\/professionnels\/actualites\/qualitel-formation-nouveau-catalogue\/\"},\"author\":{\"name\":\"Julie CARNEZ\",\"@id\":\"https:\/\/www.qualitel.org\/professionnels\/#\/schema\/person\/8da1b40abc7d27162c267baae6ea6b6e\"},\"headline\":\"QUALITEL Formation : d\u00e9couvrez le catalogue de formations 2026\",\"datePublished\":\"2025-12-03T08:05:00+00:00\",\"dateModified\":\"2025-12-03T16:17:39+00:00\",\"mainEntityOfPage\":{\"@id\":\"https:\/\/www.qualitel.org\/professionnels\/actualites\/qualitel-formation-nouveau-catalogue\/\"},\"wordCount\":8,\"publisher\":{\"@id\":\"https:\/\/www.qualitel.org\/professionnels\/#organization\"},\"image\":{\"@id\":\"https:\/\/www.qualitel.org\/professionnels\/actualites\/qualitel-formation-nouveau-catalogue\/#primaryimage\"},\"thumbnailUrl\":\"https:\/\/www.qualitel.org\/professionnels\/wp\/..\/uploads\/catalogue-2026.jpg\",\"inLanguage\":\"fr-FR\"},{\"@type\":\"WebPage\",\"@id\":\"https:\/\/www.qualitel.org\/professionnels\/actualites\/qualitel-formation-nouveau-catalogue\/\",\"url\":\"https:\/\/www.qualitel.org\/professionnels\/actualites\/qualitel-formation-nouveau-catalogue\/\",\"name\":\"QUALITEL Formation : d\u00e9couvrez le catalogue de formations 2026 - QUALITEL Formation\",\"isPartOf\":{\"@id\":\"https:\/\/www.qualitel.org\/professionnels\/#website\"},\"primaryImageOfPage\":{\"@id\":\"https:\/\/www.qualitel.org\/professionnels\/actualites\/qualitel-formation-nouveau-catalogue\/#primaryimage\"},\"image\":{\"@id\":\"https:\/\/www.qualitel.org\/professionnels\/actualites\/qualitel-formation-nouveau-catalogue\/#primaryimage\"},\"thumbnailUrl\":\"https:\/\/www.qualitel.org\/professionnels\/wp\/..\/uploads\/catalogue-2026.jpg\",\"datePublished\":\"2025-12-03T08:05:00+00:00\",\"dateModified\":\"2025-12-03T16:17:39+00:00\",\"description\":\"Qui dit nouvelle ann\u00e9e, dit nouveau catalogue de QUALITEL Formation ! A partir du 1er janvier 2026, les professionnels du b\u00e2timent et de l\u2019habitat pourront acc\u00e9der \u00e0 une offre enrichie et diversifi\u00e9e, avec 135 formations adapt\u00e9es aux besoins du secteur, parmi lesquelles 30 nouveaut\u00e9s.\",\"breadcrumb\":{\"@id\":\"https:\/\/www.qualitel.org\/professionnels\/actualites\/qualitel-formation-nouveau-catalogue\/#breadcrumb\"},\"inLanguage\":\"fr-FR\",\"potentialAction\":[{\"@type\":\"ReadAction\",\"target\":[\"https:\/\/www.qualitel.org\/professionnels\/actualites\/qualitel-formation-nouveau-catalogue\/\"]}]},{\"@type\":\"ImageObject\",\"inLanguage\":\"fr-FR\",\"@id\":\"https:\/\/www.qualitel.org\/professionnels\/actualites\/qualitel-formation-nouveau-catalogue\/#primaryimage\",\"url\":\"https:\/\/www.qualitel.org\/professionnels\/wp\/..\/uploads\/catalogue-2026.jpg\",\"contentUrl\":\"https:\/\/www.qualitel.org\/professionnels\/wp\/..\/uploads\/catalogue-2026.jpg\",\"width\":900,\"height\":513},{\"@type\":\"BreadcrumbList\",\"@id\":\"https:\/\/www.qualitel.org\/professionnels\/actualites\/qualitel-formation-nouveau-catalogue\/#breadcrumb\",\"itemListElement\":[{\"@type\":\"ListItem\",\"position\":1,\"name\":\"Accueil\",\"item\":\"https:\/\/www.qualitel.org\/professionnels\/\"},{\"@type\":\"ListItem\",\"position\":2,\"name\":\"QUALITEL Formation : d\u00e9couvrez le catalogue de formations 2026\"}]},{\"@type\":\"WebSite\",\"@id\":\"https:\/\/www.qualitel.org\/professionnels\/#website\",\"url\":\"https:\/\/www.qualitel.org\/professionnels\/\",\"name\":\"Qualitel | Professionnels\",\"description\":\"\",\"publisher\":{\"@id\":\"https:\/\/www.qualitel.org\/professionnels\/#organization\"},\"potentialAction\":[{\"@type\":\"SearchAction\",\"target\":{\"@type\":\"EntryPoint\",\"urlTemplate\":\"https:\/\/www.qualitel.org\/professionnels\/?s={search_term_string}\"},\"query-input\":{\"@type\":\"PropertyValueSpecification\",\"valueRequired\":true,\"valueName\":\"search_term_string\"}}],\"inLanguage\":\"fr-FR\"},{\"@type\":\"Organization\",\"@id\":\"https:\/\/www.qualitel.org\/professionnels\/#organization\",\"name\":\"Qualitel\",\"url\":\"https:\/\/www.qualitel.org\/professionnels\/\",\"logo\":{\"@type\":\"ImageObject\",\"inLanguage\":\"fr-FR\",\"@id\":\"https:\/\/www.qualitel.org\/professionnels\/#\/schema\/logo\/image\/\",\"url\":\"https:\/\/www.qualitel.org\/professionnels\/wp\/..\/uploads\/qualitel_social.jpg\",\"contentUrl\":\"https:\/\/www.qualitel.org\/professionnels\/wp\/..\/uploads\/qualitel_social.jpg\",\"width\":1080,\"height\":1080,\"caption\":\"Qualitel\"},\"image\":{\"@id\":\"https:\/\/www.qualitel.org\/professionnels\/#\/schema\/logo\/image\/\"},\"sameAs\":[\"https:\/\/www.facebook.com\/groupequalitel\/\",\"https:\/\/x.com\/groupeQUALITEL\",\"https:\/\/www.instagram.com\/associationqualitel\/\"]},{\"@type\":\"Person\",\"@id\":\"https:\/\/www.qualitel.org\/professionnels\/#\/schema\/person\/8da1b40abc7d27162c267baae6ea6b6e\",\"name\":\"Julie CARNEZ\",\"image\":{\"@type\":\"ImageObject\",\"inLanguage\":\"fr-FR\",\"@id\":\"https:\/\/www.qualitel.org\/professionnels\/#\/schema\/person\/image\/\",\"url\":\"https:\/\/secure.gravatar.com\/avatar\/41fcfdc51e7305fd5b17ead841bd2e1f6a982b0f5ccaf899636b8ccab25ca5b1?s=96&d=mm&r=g\",\"contentUrl\":\"https:\/\/secure.gravatar.com\/avatar\/41fcfdc51e7305fd5b17ead841bd2e1f6a982b0f5ccaf899636b8ccab25ca5b1?s=96&d=mm&r=g\",\"caption\":\"Julie CARNEZ\"}}]}<\/script>\n<!-- \/ Yoast SEO plugin. -->","yoast_head_json":{"title":"QUALITEL Formation : d\u00e9couvrez le catalogue de formations 2026 - QUALITEL Formation","description":"Qui dit nouvelle ann\u00e9e, dit nouveau catalogue de QUALITEL Formation ! A partir du 1er janvier 2026, les professionnels du b\u00e2timent et de l\u2019habitat pourront acc\u00e9der \u00e0 une offre enrichie et diversifi\u00e9e, avec 135 formations adapt\u00e9es aux besoins du secteur, parmi lesquelles 30 nouveaut\u00e9s.","robots":{"index":"index","follow":"follow","max-snippet":"max-snippet:-1","max-image-preview":"max-image-preview:large","max-video-preview":"max-video-preview:-1"},"canonical":"https:\/\/www.qualitel.org\/professionnels\/actualites\/qualitel-formation-nouveau-catalogue\/","og_locale":"fr_FR","og_type":"article","og_title":"QUALITEL Formation : d\u00e9couvrez le catalogue de formations 2026 - QUALITEL Formation","og_description":"Qui dit nouvelle ann\u00e9e, dit nouveau catalogue de QUALITEL Formation ! A partir du 1er janvier 2026, les professionnels du b\u00e2timent et de l\u2019habitat pourront acc\u00e9der \u00e0 une offre enrichie et diversifi\u00e9e, avec 135 formations adapt\u00e9es aux besoins du secteur, parmi lesquelles 30 nouveaut\u00e9s.","og_url":"https:\/\/www.qualitel.org\/professionnels\/actualites\/qualitel-formation-nouveau-catalogue\/","og_site_name":"Qualitel | Professionnels","article_publisher":"https:\/\/www.facebook.com\/groupequalitel\/","article_published_time":"2025-12-03T08:05:00+00:00","article_modified_time":"2025-12-03T16:17:39+00:00","og_image":[{"width":900,"height":513,"url":"https:\/\/www.qualitel.org\/professionnels\/wp\/..\/uploads\/catalogue-2026.jpg","type":"image\/jpeg"}],"author":"Julie CARNEZ","twitter_card":"summary_large_image","twitter_description":"Qui dit nouvelle ann\u00e9e, dit nouveau catalogue de QUALITEL Formation ! A partir du 1er janvier 2026, les professionnels du b\u00e2timent et de l\u2019habitat pourront acc\u00e9der \u00e0 une offre enrichie et diversifi\u00e9e, avec 135 formations adapt\u00e9es aux besoins du secteur, parmi lesquelles 30 nouveaut\u00e9s.\n","twitter_creator":"@groupeQUALITEL","twitter_site":"@groupeQUALITEL","twitter_misc":{"Written by":"Julie CARNEZ","Est. reading time":"3 minutes"},"schema":{"@context":"https:\/\/schema.org","@graph":[{"@type":"Article","@id":"https:\/\/www.qualitel.org\/professionnels\/actualites\/qualitel-formation-nouveau-catalogue\/#article","isPartOf":{"@id":"https:\/\/www.qualitel.org\/professionnels\/actualites\/qualitel-formation-nouveau-catalogue\/"},"author":{"name":"Julie CARNEZ","@id":"https:\/\/www.qualitel.org\/professionnels\/#\/schema\/person\/8da1b40abc7d27162c267baae6ea6b6e"},"headline":"QUALITEL Formation : d\u00e9couvrez le catalogue de formations 2026","datePublished":"2025-12-03T08:05:00+00:00","dateModified":"2025-12-03T16:17:39+00:00","mainEntityOfPage":{"@id":"https:\/\/www.qualitel.org\/professionnels\/actualites\/qualitel-formation-nouveau-catalogue\/"},"wordCount":8,"publisher":{"@id":"https:\/\/www.qualitel.org\/professionnels\/#organization"},"image":{"@id":"https:\/\/www.qualitel.org\/professionnels\/actualites\/qualitel-formation-nouveau-catalogue\/#primaryimage"},"thumbnailUrl":"https:\/\/www.qualitel.org\/professionnels\/wp\/..\/uploads\/catalogue-2026.jpg","inLanguage":"fr-FR"},{"@type":"WebPage","@id":"https:\/\/www.qualitel.org\/professionnels\/actualites\/qualitel-formation-nouveau-catalogue\/","url":"https:\/\/www.qualitel.org\/professionnels\/actualites\/qualitel-formation-nouveau-catalogue\/","name":"QUALITEL Formation : d\u00e9couvrez le catalogue de formations 2026 - QUALITEL Formation","isPartOf":{"@id":"https:\/\/www.qualitel.org\/professionnels\/#website"},"primaryImageOfPage":{"@id":"https:\/\/www.qualitel.org\/professionnels\/actualites\/qualitel-formation-nouveau-catalogue\/#primaryimage"},"image":{"@id":"https:\/\/www.qualitel.org\/professionnels\/actualites\/qualitel-formation-nouveau-catalogue\/#primaryimage"},"thumbnailUrl":"https:\/\/www.qualitel.org\/professionnels\/wp\/..\/uploads\/catalogue-2026.jpg","datePublished":"2025-12-03T08:05:00+00:00","dateModified":"2025-12-03T16:17:39+00:00","description":"Qui dit nouvelle ann\u00e9e, dit nouveau catalogue de QUALITEL Formation ! A partir du 1er janvier 2026, les professionnels du b\u00e2timent et de l\u2019habitat pourront acc\u00e9der \u00e0 une offre enrichie et diversifi\u00e9e, avec 135 formations adapt\u00e9es aux besoins du secteur, parmi lesquelles 30 nouveaut\u00e9s.","breadcrumb":{"@id":"https:\/\/www.qualitel.org\/professionnels\/actualites\/qualitel-formation-nouveau-catalogue\/#breadcrumb"},"inLanguage":"fr-FR","potentialAction":[{"@type":"ReadAction","target":["https:\/\/www.qualitel.org\/professionnels\/actualites\/qualitel-formation-nouveau-catalogue\/"]}]},{"@type":"ImageObject","inLanguage":"fr-FR","@id":"https:\/\/www.qualitel.org\/professionnels\/actualites\/qualitel-formation-nouveau-catalogue\/#primaryimage","url":"https:\/\/www.qualitel.org\/professionnels\/wp\/..\/uploads\/catalogue-2026.jpg","contentUrl":"https:\/\/www.qualitel.org\/professionnels\/wp\/..\/uploads\/catalogue-2026.jpg","width":900,"height":513},{"@type":"BreadcrumbList","@id":"https:\/\/www.qualitel.org\/professionnels\/actualites\/qualitel-formation-nouveau-catalogue\/#breadcrumb","itemListElement":[{"@type":"ListItem","position":1,"name":"Accueil","item":"https:\/\/www.qualitel.org\/professionnels\/"},{"@type":"ListItem","position":2,"name":"QUALITEL Formation : d\u00e9couvrez le catalogue de formations 2026"}]},{"@type":"WebSite","@id":"https:\/\/www.qualitel.org\/professionnels\/#website","url":"https:\/\/www.qualitel.org\/professionnels\/","name":"Qualitel | Professionnels","description":"","publisher":{"@id":"https:\/\/www.qualitel.org\/professionnels\/#organization"},"potentialAction":[{"@type":"SearchAction","target":{"@type":"EntryPoint","urlTemplate":"https:\/\/www.qualitel.org\/professionnels\/?s={search_term_string}"},"query-input":{"@type":"PropertyValueSpecification","valueRequired":true,"valueName":"search_term_string"}}],"inLanguage":"fr-FR"},{"@type":"Organization","@id":"https:\/\/www.qualitel.org\/professionnels\/#organization","name":"Qualitel","url":"https:\/\/www.qualitel.org\/professionnels\/","logo":{"@type":"ImageObject","inLanguage":"fr-FR","@id":"https:\/\/www.qualitel.org\/professionnels\/#\/schema\/logo\/image\/","url":"https:\/\/www.qualitel.org\/professionnels\/wp\/..\/uploads\/qualitel_social.jpg","contentUrl":"https:\/\/www.qualitel.org\/professionnels\/wp\/..\/uploads\/qualitel_social.jpg","width":1080,"height":1080,"caption":"Qualitel"},"image":{"@id":"https:\/\/www.qualitel.org\/professionnels\/#\/schema\/logo\/image\/"},"sameAs":["https:\/\/www.facebook.com\/groupequalitel\/","https:\/\/x.com\/groupeQUALITEL","https:\/\/www.instagram.com\/associationqualitel\/"]},{"@type":"Person","@id":"https:\/\/www.qualitel.org\/professionnels\/#\/schema\/person\/8da1b40abc7d27162c267baae6ea6b6e","name":"Julie CARNEZ","image":{"@type":"ImageObject","inLanguage":"fr-FR","@id":"https:\/\/www.qualitel.org\/professionnels\/#\/schema\/person\/image\/","url":"https:\/\/secure.gravatar.com\/avatar\/41fcfdc51e7305fd5b17ead841bd2e1f6a982b0f5ccaf899636b8ccab25ca5b1?s=96&d=mm&r=g","contentUrl":"https:\/\/secure.gravatar.com\/avatar\/41fcfdc51e7305fd5b17ead841bd2e1f6a982b0f5ccaf899636b8ccab25ca5b1?s=96&d=mm&r=g","caption":"Julie CARNEZ"}}]}},"_links":{"self":[{"href":"https:\/\/www.qualitel.org\/professionnels\/wp-json\/wp\/v2\/posts\/52648","targetHints":{"allow":["GET"]}}],"collection":[{"href":"https:\/\/www.qualitel.org\/professionnels\/wp-json\/wp\/v2\/posts"}],"about":[{"href":"https:\/\/www.qualitel.org\/professionnels\/wp-json\/wp\/v2\/types\/post"}],"author":[{"embeddable":true,"href":"https:\/\/www.qualitel.org\/professionnels\/wp-json\/wp\/v2\/users\/24"}],"replies":[{"embeddable":true,"href":"https:\/\/www.qualitel.org\/professionnels\/wp-json\/wp\/v2\/comments?post=52648"}],"version-history":[{"count":121,"href":"https:\/\/www.qualitel.org\/professionnels\/wp-json\/wp\/v2\/posts\/52648\/revisions"}],"predecessor-version":[{"id":123094,"href":"https:\/\/www.qualitel.org\/professionnels\/wp-json\/wp\/v2\/posts\/52648\/revisions\/123094"}],"wp:featuredmedia":[{"embeddable":true,"href":"https:\/\/www.qualitel.org\/professionnels\/wp-json\/wp\/v2\/media\/123030"}],"wp:attachment":[{"href":"https:\/\/www.qualitel.org\/professionnels\/wp-json\/wp\/v2\/media?parent=52648"}],"wp:term":[{"taxonomy":"tags","embeddable":true,"href":"https:\/\/www.qualitel.org\/professionnels\/wp-json\/wp\/v2\/tags?post=52648"},{"taxonomy":"etiquettes","embeddable":true,"href":"https:\/\/www.qualitel.org\/professionnels\/wp-json\/wp\/v2\/tags?post=52648"},{"taxonomy":"article_type","embeddable":true,"href":"https:\/\/www.qualitel.org\/professionnels\/wp-json\/wp\/v2\/article_type?post=52648"}],"curies":[{"name":"wp","href":"https:\/\/api.w.org\/{rel}","templated":true}]}}