{"id":54743,"date":"2022-04-11T12:48:54","date_gmt":"2022-04-11T10:48:54","guid":{"rendered":"https:\/\/www.qualitel.org\/professionnels\/?p=54743"},"modified":"2026-03-24T10:11:31","modified_gmt":"2026-03-24T09:11:31","slug":"cerqual-devient-partenaire-de-la-demarche-ecoquartier","status":"publish","type":"post","link":"https:\/\/www.qualitel.org\/professionnels\/actualites\/cerqual-partenaire-demarche-ecoquartier\/","title":{"rendered":"CERQUAL devient partenaire de la d\u00e9marche \u00c9coQuartier"},"content":{"rendered":"<p>Cette signature avec CERQUAL est importante pour la qualit\u00e9 des logements dans les \u00e9coquartiers, leur isolation phonique et thermique, th\u00e9matiques majeures rappel\u00e9es dans le programme \u00ab\u00a0Habiter la France de demain\u00a0\u00bb<\/p>\n","protected":false},"excerpt":{"rendered":"<p>Cette signature avec CERQUAL est importante pour la qualit\u00e9 des logements dans les \u00e9coquartiers, leur isolation phonique et thermique, th\u00e9matiques majeures rappel\u00e9es dans le programme \u00ab\u00a0Habiter la France de demain\u00a0\u00bb<\/p>\n","protected":false},"author":24,"featured_media":54754,"comment_status":"closed","ping_status":"closed","sticky":false,"template":"","format":"standard","meta":{"_acf_changed":false,"footnotes":""},"tags":[420],"article_type":[368],"class_list":["post-54743","post","type-post","status-publish","format-standard","has-post-thumbnail","hentry","tags-certification","tags-partenariat","etiquettes-signature","article_type-actualites"],"acf":[],"yoast_head":"<!-- This site is optimized with the Yoast SEO plugin v26.3 - https:\/\/yoast.com\/wordpress\/plugins\/seo\/ -->\n<title>CERQUAL devient partenaire de la d\u00e9marche \u00c9coQuartier - Qualitel | Professionnels<\/title>\n<meta name=\"description\" content=\"\u00c0 l\u2019occasion de la 1\u00e8re commission nationale \u00c9coQuartier de 2022, CERQUAL Qualitel Certification a sign\u00e9 la Charte des partenaires et int\u00e9gr\u00e9 le Club \u00c9coQuartier, aux c\u00f4t\u00e9s notamment de l\u2019Alliance HQE \u2013 GBC, du CNOA et de la FNCAUE. Fid\u00e8les \u00e0 leur implication en faveur de la qualit\u00e9 du logement et du logement durable, l\u2019organisme certificateur et la d\u00e9marche \u00c9coQuartier s\u2019engagent mutuellement \u00e0 promouvoir le r\u00e9f\u00e9rentiel \u00c9coQuartier et la certification NF Habitat \u2013 NF Habitat HQE, \u00e0 accompagner et enrichir leurs projets respectifs et \u00e0 r\u00e9pondre aux attentes de qualit\u00e9 de vie \u00e0 l\u2019\u00e9chelle du quartier.\" \/>\n<meta name=\"robots\" content=\"index, follow, max-snippet:-1, max-image-preview:large, max-video-preview:-1\" \/>\n<link rel=\"canonical\" href=\"https:\/\/www.qualitel.org\/professionnels\/actualites\/cerqual-partenaire-demarche-ecoquartier\/\" \/>\n<meta property=\"og:locale\" content=\"fr_FR\" \/>\n<meta property=\"og:type\" content=\"article\" \/>\n<meta property=\"og:title\" content=\"CERQUAL devient partenaire de la d\u00e9marche \u00c9coQuartier - Qualitel | Professionnels\" \/>\n<meta property=\"og:description\" content=\"\u00c0 l\u2019occasion de la 1\u00e8re commission nationale \u00c9coQuartier de 2022, CERQUAL Qualitel Certification a sign\u00e9 la Charte des partenaires et int\u00e9gr\u00e9 le Club \u00c9coQuartier, aux c\u00f4t\u00e9s notamment de l\u2019Alliance HQE \u2013 GBC, du CNOA et de la FNCAUE. Fid\u00e8les \u00e0 leur implication en faveur de la qualit\u00e9 du logement et du logement durable, l\u2019organisme certificateur et la d\u00e9marche \u00c9coQuartier s\u2019engagent mutuellement \u00e0 promouvoir le r\u00e9f\u00e9rentiel \u00c9coQuartier et la certification NF Habitat \u2013 NF Habitat HQE, \u00e0 accompagner et enrichir leurs projets respectifs et \u00e0 r\u00e9pondre aux attentes de qualit\u00e9 de vie \u00e0 l\u2019\u00e9chelle du quartier.\" \/>\n<meta property=\"og:url\" content=\"https:\/\/www.qualitel.org\/professionnels\/actualites\/cerqual-partenaire-demarche-ecoquartier\/\" \/>\n<meta property=\"og:site_name\" content=\"Qualitel | Professionnels\" \/>\n<meta property=\"article:publisher\" content=\"https:\/\/www.facebook.com\/groupequalitel\/\" \/>\n<meta property=\"article:published_time\" content=\"2022-04-11T10:48:54+00:00\" \/>\n<meta property=\"article:modified_time\" content=\"2026-03-24T09:11:31+00:00\" \/>\n<meta property=\"og:image\" content=\"https:\/\/www.qualitel.org\/professionnels\/wp\/..\/uploads\/cerqual-charte-eco-quartier.jpg\" \/>\n\t<meta property=\"og:image:width\" content=\"900\" \/>\n\t<meta property=\"og:image:height\" content=\"513\" \/>\n\t<meta property=\"og:image:type\" content=\"image\/jpeg\" \/>\n<meta name=\"author\" content=\"Julie CARNEZ\" \/>\n<meta name=\"twitter:card\" content=\"summary_large_image\" \/>\n<meta name=\"twitter:description\" content=\"\u00c0 l\u2019occasion de la 1\u00e8re commission nationale \u00c9coQuartier de 2022, CERQUAL Qualitel Certification a sign\u00e9 la Charte des partenaires et int\u00e9gr\u00e9 le Club \u00c9coQuartier, aux c\u00f4t\u00e9s notamment de l\u2019Alliance HQE \u2013 GBC, du CNOA et de la FNCAUE. Fid\u00e8les \u00e0 leur implication en faveur de la qualit\u00e9 du logement et du logement durable, l\u2019organisme certificateur et la d\u00e9marche \u00c9coQuartier s\u2019engagent mutuellement \u00e0 promouvoir le r\u00e9f\u00e9rentiel \u00c9coQuartier et la certification NF Habitat \u2013 NF Habitat HQE, \u00e0 accompagner et enrichir leurs projets respectifs et \u00e0 r\u00e9pondre aux attentes de qualit\u00e9 de vie \u00e0 l\u2019\u00e9chelle du quartier.\n\" \/>\n<meta name=\"twitter:creator\" content=\"@groupeQUALITEL\" \/>\n<meta name=\"twitter:site\" content=\"@groupeQUALITEL\" \/>\n<meta name=\"twitter:label1\" content=\"Written by\" \/>\n\t<meta name=\"twitter:data1\" content=\"Julie CARNEZ\" \/>\n\t<meta name=\"twitter:label2\" content=\"Est. reading time\" \/>\n\t<meta name=\"twitter:data2\" content=\"5 minutes\" \/>\n<script type=\"application\/ld+json\" class=\"yoast-schema-graph\">{\"@context\":\"https:\/\/schema.org\",\"@graph\":[{\"@type\":\"Article\",\"@id\":\"https:\/\/www.qualitel.org\/professionnels\/actualites\/cerqual-partenaire-demarche-ecoquartier\/#article\",\"isPartOf\":{\"@id\":\"https:\/\/www.qualitel.org\/professionnels\/actualites\/cerqual-partenaire-demarche-ecoquartier\/\"},\"author\":{\"name\":\"Julie CARNEZ\",\"@id\":\"https:\/\/www.qualitel.org\/professionnels\/#\/schema\/person\/8da1b40abc7d27162c267baae6ea6b6e\"},\"headline\":\"CERQUAL devient partenaire de la d\u00e9marche \u00c9coQuartier\",\"datePublished\":\"2022-04-11T10:48:54+00:00\",\"dateModified\":\"2026-03-24T09:11:31+00:00\",\"mainEntityOfPage\":{\"@id\":\"https:\/\/www.qualitel.org\/professionnels\/actualites\/cerqual-partenaire-demarche-ecoquartier\/\"},\"wordCount\":40,\"publisher\":{\"@id\":\"https:\/\/www.qualitel.org\/professionnels\/#organization\"},\"image\":{\"@id\":\"https:\/\/www.qualitel.org\/professionnels\/actualites\/cerqual-partenaire-demarche-ecoquartier\/#primaryimage\"},\"thumbnailUrl\":\"https:\/\/www.qualitel.org\/professionnels\/wp\/..\/uploads\/cerqual-charte-eco-quartier.jpg\",\"inLanguage\":\"fr-FR\"},{\"@type\":\"WebPage\",\"@id\":\"https:\/\/www.qualitel.org\/professionnels\/actualites\/cerqual-partenaire-demarche-ecoquartier\/\",\"url\":\"https:\/\/www.qualitel.org\/professionnels\/actualites\/cerqual-partenaire-demarche-ecoquartier\/\",\"name\":\"CERQUAL devient partenaire de la d\u00e9marche \u00c9coQuartier - Qualitel | Professionnels\",\"isPartOf\":{\"@id\":\"https:\/\/www.qualitel.org\/professionnels\/#website\"},\"primaryImageOfPage\":{\"@id\":\"https:\/\/www.qualitel.org\/professionnels\/actualites\/cerqual-partenaire-demarche-ecoquartier\/#primaryimage\"},\"image\":{\"@id\":\"https:\/\/www.qualitel.org\/professionnels\/actualites\/cerqual-partenaire-demarche-ecoquartier\/#primaryimage\"},\"thumbnailUrl\":\"https:\/\/www.qualitel.org\/professionnels\/wp\/..\/uploads\/cerqual-charte-eco-quartier.jpg\",\"datePublished\":\"2022-04-11T10:48:54+00:00\",\"dateModified\":\"2026-03-24T09:11:31+00:00\",\"description\":\"\u00c0 l\u2019occasion de la 1\u00e8re commission nationale \u00c9coQuartier de 2022, CERQUAL Qualitel Certification a sign\u00e9 la Charte des partenaires et int\u00e9gr\u00e9 le Club \u00c9coQuartier, aux c\u00f4t\u00e9s notamment de l\u2019Alliance HQE \u2013 GBC, du CNOA et de la FNCAUE. Fid\u00e8les \u00e0 leur implication en faveur de la qualit\u00e9 du logement et du logement durable, l\u2019organisme certificateur et la d\u00e9marche \u00c9coQuartier s\u2019engagent mutuellement \u00e0 promouvoir le r\u00e9f\u00e9rentiel \u00c9coQuartier et la certification NF Habitat \u2013 NF Habitat HQE, \u00e0 accompagner et enrichir leurs projets respectifs et \u00e0 r\u00e9pondre aux attentes de qualit\u00e9 de vie \u00e0 l\u2019\u00e9chelle du quartier.\",\"breadcrumb\":{\"@id\":\"https:\/\/www.qualitel.org\/professionnels\/actualites\/cerqual-partenaire-demarche-ecoquartier\/#breadcrumb\"},\"inLanguage\":\"fr-FR\",\"potentialAction\":[{\"@type\":\"ReadAction\",\"target\":[\"https:\/\/www.qualitel.org\/professionnels\/actualites\/cerqual-partenaire-demarche-ecoquartier\/\"]}]},{\"@type\":\"ImageObject\",\"inLanguage\":\"fr-FR\",\"@id\":\"https:\/\/www.qualitel.org\/professionnels\/actualites\/cerqual-partenaire-demarche-ecoquartier\/#primaryimage\",\"url\":\"https:\/\/www.qualitel.org\/professionnels\/wp\/..\/uploads\/cerqual-charte-eco-quartier.jpg\",\"contentUrl\":\"https:\/\/www.qualitel.org\/professionnels\/wp\/..\/uploads\/cerqual-charte-eco-quartier.jpg\",\"width\":900,\"height\":513},{\"@type\":\"BreadcrumbList\",\"@id\":\"https:\/\/www.qualitel.org\/professionnels\/actualites\/cerqual-partenaire-demarche-ecoquartier\/#breadcrumb\",\"itemListElement\":[{\"@type\":\"ListItem\",\"position\":1,\"name\":\"Accueil\",\"item\":\"https:\/\/www.qualitel.org\/professionnels\/\"},{\"@type\":\"ListItem\",\"position\":2,\"name\":\"CERQUAL devient partenaire de la d\u00e9marche \u00c9coQuartier\"}]},{\"@type\":\"WebSite\",\"@id\":\"https:\/\/www.qualitel.org\/professionnels\/#website\",\"url\":\"https:\/\/www.qualitel.org\/professionnels\/\",\"name\":\"Qualitel | Professionnels\",\"description\":\"\",\"publisher\":{\"@id\":\"https:\/\/www.qualitel.org\/professionnels\/#organization\"},\"potentialAction\":[{\"@type\":\"SearchAction\",\"target\":{\"@type\":\"EntryPoint\",\"urlTemplate\":\"https:\/\/www.qualitel.org\/professionnels\/?s={search_term_string}\"},\"query-input\":{\"@type\":\"PropertyValueSpecification\",\"valueRequired\":true,\"valueName\":\"search_term_string\"}}],\"inLanguage\":\"fr-FR\"},{\"@type\":\"Organization\",\"@id\":\"https:\/\/www.qualitel.org\/professionnels\/#organization\",\"name\":\"Qualitel\",\"url\":\"https:\/\/www.qualitel.org\/professionnels\/\",\"logo\":{\"@type\":\"ImageObject\",\"inLanguage\":\"fr-FR\",\"@id\":\"https:\/\/www.qualitel.org\/professionnels\/#\/schema\/logo\/image\/\",\"url\":\"https:\/\/www.qualitel.org\/professionnels\/wp\/..\/uploads\/qualitel_social.jpg\",\"contentUrl\":\"https:\/\/www.qualitel.org\/professionnels\/wp\/..\/uploads\/qualitel_social.jpg\",\"width\":1080,\"height\":1080,\"caption\":\"Qualitel\"},\"image\":{\"@id\":\"https:\/\/www.qualitel.org\/professionnels\/#\/schema\/logo\/image\/\"},\"sameAs\":[\"https:\/\/www.facebook.com\/groupequalitel\/\",\"https:\/\/x.com\/groupeQUALITEL\",\"https:\/\/www.instagram.com\/associationqualitel\/\"]},{\"@type\":\"Person\",\"@id\":\"https:\/\/www.qualitel.org\/professionnels\/#\/schema\/person\/8da1b40abc7d27162c267baae6ea6b6e\",\"name\":\"Julie CARNEZ\",\"image\":{\"@type\":\"ImageObject\",\"inLanguage\":\"fr-FR\",\"@id\":\"https:\/\/www.qualitel.org\/professionnels\/#\/schema\/person\/image\/\",\"url\":\"https:\/\/secure.gravatar.com\/avatar\/41fcfdc51e7305fd5b17ead841bd2e1f6a982b0f5ccaf899636b8ccab25ca5b1?s=96&d=mm&r=g\",\"contentUrl\":\"https:\/\/secure.gravatar.com\/avatar\/41fcfdc51e7305fd5b17ead841bd2e1f6a982b0f5ccaf899636b8ccab25ca5b1?s=96&d=mm&r=g\",\"caption\":\"Julie CARNEZ\"}}]}<\/script>\n<!-- \/ Yoast SEO plugin. -->","yoast_head_json":{"title":"CERQUAL devient partenaire de la d\u00e9marche \u00c9coQuartier - Qualitel | Professionnels","description":"\u00c0 l\u2019occasion de la 1\u00e8re commission nationale \u00c9coQuartier de 2022, CERQUAL Qualitel Certification a sign\u00e9 la Charte des partenaires et int\u00e9gr\u00e9 le Club \u00c9coQuartier, aux c\u00f4t\u00e9s notamment de l\u2019Alliance HQE \u2013 GBC, du CNOA et de la FNCAUE. Fid\u00e8les \u00e0 leur implication en faveur de la qualit\u00e9 du logement et du logement durable, l\u2019organisme certificateur et la d\u00e9marche \u00c9coQuartier s\u2019engagent mutuellement \u00e0 promouvoir le r\u00e9f\u00e9rentiel \u00c9coQuartier et la certification NF Habitat \u2013 NF Habitat HQE, \u00e0 accompagner et enrichir leurs projets respectifs et \u00e0 r\u00e9pondre aux attentes de qualit\u00e9 de vie \u00e0 l\u2019\u00e9chelle du quartier.","robots":{"index":"index","follow":"follow","max-snippet":"max-snippet:-1","max-image-preview":"max-image-preview:large","max-video-preview":"max-video-preview:-1"},"canonical":"https:\/\/www.qualitel.org\/professionnels\/actualites\/cerqual-partenaire-demarche-ecoquartier\/","og_locale":"fr_FR","og_type":"article","og_title":"CERQUAL devient partenaire de la d\u00e9marche \u00c9coQuartier - Qualitel | Professionnels","og_description":"\u00c0 l\u2019occasion de la 1\u00e8re commission nationale \u00c9coQuartier de 2022, CERQUAL Qualitel Certification a sign\u00e9 la Charte des partenaires et int\u00e9gr\u00e9 le Club \u00c9coQuartier, aux c\u00f4t\u00e9s notamment de l\u2019Alliance HQE \u2013 GBC, du CNOA et de la FNCAUE. Fid\u00e8les \u00e0 leur implication en faveur de la qualit\u00e9 du logement et du logement durable, l\u2019organisme certificateur et la d\u00e9marche \u00c9coQuartier s\u2019engagent mutuellement \u00e0 promouvoir le r\u00e9f\u00e9rentiel \u00c9coQuartier et la certification NF Habitat \u2013 NF Habitat HQE, \u00e0 accompagner et enrichir leurs projets respectifs et \u00e0 r\u00e9pondre aux attentes de qualit\u00e9 de vie \u00e0 l\u2019\u00e9chelle du quartier.","og_url":"https:\/\/www.qualitel.org\/professionnels\/actualites\/cerqual-partenaire-demarche-ecoquartier\/","og_site_name":"Qualitel | Professionnels","article_publisher":"https:\/\/www.facebook.com\/groupequalitel\/","article_published_time":"2022-04-11T10:48:54+00:00","article_modified_time":"2026-03-24T09:11:31+00:00","og_image":[{"width":900,"height":513,"url":"https:\/\/www.qualitel.org\/professionnels\/wp\/..\/uploads\/cerqual-charte-eco-quartier.jpg","type":"image\/jpeg"}],"author":"Julie CARNEZ","twitter_card":"summary_large_image","twitter_description":"\u00c0 l\u2019occasion de la 1\u00e8re commission nationale \u00c9coQuartier de 2022, CERQUAL Qualitel Certification a sign\u00e9 la Charte des partenaires et int\u00e9gr\u00e9 le Club \u00c9coQuartier, aux c\u00f4t\u00e9s notamment de l\u2019Alliance HQE \u2013 GBC, du CNOA et de la FNCAUE. Fid\u00e8les \u00e0 leur implication en faveur de la qualit\u00e9 du logement et du logement durable, l\u2019organisme certificateur et la d\u00e9marche \u00c9coQuartier s\u2019engagent mutuellement \u00e0 promouvoir le r\u00e9f\u00e9rentiel \u00c9coQuartier et la certification NF Habitat \u2013 NF Habitat HQE, \u00e0 accompagner et enrichir leurs projets respectifs et \u00e0 r\u00e9pondre aux attentes de qualit\u00e9 de vie \u00e0 l\u2019\u00e9chelle du quartier.\n","twitter_creator":"@groupeQUALITEL","twitter_site":"@groupeQUALITEL","twitter_misc":{"Written by":"Julie CARNEZ","Est. reading time":"5 minutes"},"schema":{"@context":"https:\/\/schema.org","@graph":[{"@type":"Article","@id":"https:\/\/www.qualitel.org\/professionnels\/actualites\/cerqual-partenaire-demarche-ecoquartier\/#article","isPartOf":{"@id":"https:\/\/www.qualitel.org\/professionnels\/actualites\/cerqual-partenaire-demarche-ecoquartier\/"},"author":{"name":"Julie CARNEZ","@id":"https:\/\/www.qualitel.org\/professionnels\/#\/schema\/person\/8da1b40abc7d27162c267baae6ea6b6e"},"headline":"CERQUAL devient partenaire de la d\u00e9marche \u00c9coQuartier","datePublished":"2022-04-11T10:48:54+00:00","dateModified":"2026-03-24T09:11:31+00:00","mainEntityOfPage":{"@id":"https:\/\/www.qualitel.org\/professionnels\/actualites\/cerqual-partenaire-demarche-ecoquartier\/"},"wordCount":40,"publisher":{"@id":"https:\/\/www.qualitel.org\/professionnels\/#organization"},"image":{"@id":"https:\/\/www.qualitel.org\/professionnels\/actualites\/cerqual-partenaire-demarche-ecoquartier\/#primaryimage"},"thumbnailUrl":"https:\/\/www.qualitel.org\/professionnels\/wp\/..\/uploads\/cerqual-charte-eco-quartier.jpg","inLanguage":"fr-FR"},{"@type":"WebPage","@id":"https:\/\/www.qualitel.org\/professionnels\/actualites\/cerqual-partenaire-demarche-ecoquartier\/","url":"https:\/\/www.qualitel.org\/professionnels\/actualites\/cerqual-partenaire-demarche-ecoquartier\/","name":"CERQUAL devient partenaire de la d\u00e9marche \u00c9coQuartier - Qualitel | Professionnels","isPartOf":{"@id":"https:\/\/www.qualitel.org\/professionnels\/#website"},"primaryImageOfPage":{"@id":"https:\/\/www.qualitel.org\/professionnels\/actualites\/cerqual-partenaire-demarche-ecoquartier\/#primaryimage"},"image":{"@id":"https:\/\/www.qualitel.org\/professionnels\/actualites\/cerqual-partenaire-demarche-ecoquartier\/#primaryimage"},"thumbnailUrl":"https:\/\/www.qualitel.org\/professionnels\/wp\/..\/uploads\/cerqual-charte-eco-quartier.jpg","datePublished":"2022-04-11T10:48:54+00:00","dateModified":"2026-03-24T09:11:31+00:00","description":"\u00c0 l\u2019occasion de la 1\u00e8re commission nationale \u00c9coQuartier de 2022, CERQUAL Qualitel Certification a sign\u00e9 la Charte des partenaires et int\u00e9gr\u00e9 le Club \u00c9coQuartier, aux c\u00f4t\u00e9s notamment de l\u2019Alliance HQE \u2013 GBC, du CNOA et de la FNCAUE. Fid\u00e8les \u00e0 leur implication en faveur de la qualit\u00e9 du logement et du logement durable, l\u2019organisme certificateur et la d\u00e9marche \u00c9coQuartier s\u2019engagent mutuellement \u00e0 promouvoir le r\u00e9f\u00e9rentiel \u00c9coQuartier et la certification NF Habitat \u2013 NF Habitat HQE, \u00e0 accompagner et enrichir leurs projets respectifs et \u00e0 r\u00e9pondre aux attentes de qualit\u00e9 de vie \u00e0 l\u2019\u00e9chelle du quartier.","breadcrumb":{"@id":"https:\/\/www.qualitel.org\/professionnels\/actualites\/cerqual-partenaire-demarche-ecoquartier\/#breadcrumb"},"inLanguage":"fr-FR","potentialAction":[{"@type":"ReadAction","target":["https:\/\/www.qualitel.org\/professionnels\/actualites\/cerqual-partenaire-demarche-ecoquartier\/"]}]},{"@type":"ImageObject","inLanguage":"fr-FR","@id":"https:\/\/www.qualitel.org\/professionnels\/actualites\/cerqual-partenaire-demarche-ecoquartier\/#primaryimage","url":"https:\/\/www.qualitel.org\/professionnels\/wp\/..\/uploads\/cerqual-charte-eco-quartier.jpg","contentUrl":"https:\/\/www.qualitel.org\/professionnels\/wp\/..\/uploads\/cerqual-charte-eco-quartier.jpg","width":900,"height":513},{"@type":"BreadcrumbList","@id":"https:\/\/www.qualitel.org\/professionnels\/actualites\/cerqual-partenaire-demarche-ecoquartier\/#breadcrumb","itemListElement":[{"@type":"ListItem","position":1,"name":"Accueil","item":"https:\/\/www.qualitel.org\/professionnels\/"},{"@type":"ListItem","position":2,"name":"CERQUAL devient partenaire de la d\u00e9marche \u00c9coQuartier"}]},{"@type":"WebSite","@id":"https:\/\/www.qualitel.org\/professionnels\/#website","url":"https:\/\/www.qualitel.org\/professionnels\/","name":"Qualitel | Professionnels","description":"","publisher":{"@id":"https:\/\/www.qualitel.org\/professionnels\/#organization"},"potentialAction":[{"@type":"SearchAction","target":{"@type":"EntryPoint","urlTemplate":"https:\/\/www.qualitel.org\/professionnels\/?s={search_term_string}"},"query-input":{"@type":"PropertyValueSpecification","valueRequired":true,"valueName":"search_term_string"}}],"inLanguage":"fr-FR"},{"@type":"Organization","@id":"https:\/\/www.qualitel.org\/professionnels\/#organization","name":"Qualitel","url":"https:\/\/www.qualitel.org\/professionnels\/","logo":{"@type":"ImageObject","inLanguage":"fr-FR","@id":"https:\/\/www.qualitel.org\/professionnels\/#\/schema\/logo\/image\/","url":"https:\/\/www.qualitel.org\/professionnels\/wp\/..\/uploads\/qualitel_social.jpg","contentUrl":"https:\/\/www.qualitel.org\/professionnels\/wp\/..\/uploads\/qualitel_social.jpg","width":1080,"height":1080,"caption":"Qualitel"},"image":{"@id":"https:\/\/www.qualitel.org\/professionnels\/#\/schema\/logo\/image\/"},"sameAs":["https:\/\/www.facebook.com\/groupequalitel\/","https:\/\/x.com\/groupeQUALITEL","https:\/\/www.instagram.com\/associationqualitel\/"]},{"@type":"Person","@id":"https:\/\/www.qualitel.org\/professionnels\/#\/schema\/person\/8da1b40abc7d27162c267baae6ea6b6e","name":"Julie CARNEZ","image":{"@type":"ImageObject","inLanguage":"fr-FR","@id":"https:\/\/www.qualitel.org\/professionnels\/#\/schema\/person\/image\/","url":"https:\/\/secure.gravatar.com\/avatar\/41fcfdc51e7305fd5b17ead841bd2e1f6a982b0f5ccaf899636b8ccab25ca5b1?s=96&d=mm&r=g","contentUrl":"https:\/\/secure.gravatar.com\/avatar\/41fcfdc51e7305fd5b17ead841bd2e1f6a982b0f5ccaf899636b8ccab25ca5b1?s=96&d=mm&r=g","caption":"Julie CARNEZ"}}]}},"_links":{"self":[{"href":"https:\/\/www.qualitel.org\/professionnels\/wp-json\/wp\/v2\/posts\/54743","targetHints":{"allow":["GET"]}}],"collection":[{"href":"https:\/\/www.qualitel.org\/professionnels\/wp-json\/wp\/v2\/posts"}],"about":[{"href":"https:\/\/www.qualitel.org\/professionnels\/wp-json\/wp\/v2\/types\/post"}],"author":[{"embeddable":true,"href":"https:\/\/www.qualitel.org\/professionnels\/wp-json\/wp\/v2\/users\/24"}],"replies":[{"embeddable":true,"href":"https:\/\/www.qualitel.org\/professionnels\/wp-json\/wp\/v2\/comments?post=54743"}],"version-history":[{"count":24,"href":"https:\/\/www.qualitel.org\/professionnels\/wp-json\/wp\/v2\/posts\/54743\/revisions"}],"predecessor-version":[{"id":128589,"href":"https:\/\/www.qualitel.org\/professionnels\/wp-json\/wp\/v2\/posts\/54743\/revisions\/128589"}],"wp:featuredmedia":[{"embeddable":true,"href":"https:\/\/www.qualitel.org\/professionnels\/wp-json\/wp\/v2\/media\/54754"}],"wp:attachment":[{"href":"https:\/\/www.qualitel.org\/professionnels\/wp-json\/wp\/v2\/media?parent=54743"}],"wp:term":[{"taxonomy":"tags","embeddable":true,"href":"https:\/\/www.qualitel.org\/professionnels\/wp-json\/wp\/v2\/tags?post=54743"},{"taxonomy":"etiquettes","embeddable":true,"href":"https:\/\/www.qualitel.org\/professionnels\/wp-json\/wp\/v2\/tags?post=54743"},{"taxonomy":"article_type","embeddable":true,"href":"https:\/\/www.qualitel.org\/professionnels\/wp-json\/wp\/v2\/article_type?post=54743"}],"curies":[{"name":"wp","href":"https:\/\/api.w.org\/{rel}","templated":true}]}}