{"id":55635,"date":"2022-05-20T10:07:33","date_gmt":"2022-05-20T08:07:33","guid":{"rendered":"https:\/\/www.qualitel.org\/professionnels\/?p=55635"},"modified":"2023-04-18T09:52:42","modified_gmt":"2023-04-18T07:52:42","slug":"nouveau-protocole-daccord-signe-en-guadeloupe","status":"publish","type":"post","link":"https:\/\/www.qualitel.org\/professionnels\/actualites\/nouveau-protocole-accord-signe-guadeloupe\/","title":{"rendered":"Nouveau protocole d\u2019accord sign\u00e9 en Guadeloupe"},"content":{"rendered":"<p>CERQUAL est un organisme reconnu au niveau national qui accompagne d\u00e9j\u00e0 d\u2019autres bailleurs sur le territoire. Cette convention marque notre engagement RSE tant sur la prise en compte de la question environnementale que de la qualit\u00e9 de vie des habitants dans les r\u00e9sidences.<\/p>\n","protected":false},"excerpt":{"rendered":"<p>CERQUAL est un organisme reconnu au niveau national qui accompagne d\u00e9j\u00e0 d\u2019autres bailleurs sur le territoire. Cette convention marque notre engagement RSE tant sur la prise en compte de la question environnementale que de la qualit\u00e9 de vie des habitants dans les r\u00e9sidences.<\/p>\n","protected":false},"author":24,"featured_media":55644,"comment_status":"closed","ping_status":"closed","sticky":false,"template":"","format":"standard","meta":{"_acf_changed":false,"footnotes":""},"tags":[420],"article_type":[368],"class_list":["post-55635","post","type-post","status-publish","format-standard","has-post-thumbnail","hentry","tags-certification","tags-partenariat","etiquettes-signature","article_type-actualites"],"acf":[],"yoast_head":"<!-- This site is optimized with the Yoast SEO plugin v26.3 - https:\/\/yoast.com\/wordpress\/plugins\/seo\/ -->\n<title>Nouveau protocole d\u2019accord sign\u00e9 en Guadeloupe - Qualitel | Professionnels<\/title>\n<meta name=\"description\" content=\"Le 13 mai dernier, la SIG (Soci\u00e9t\u00e9 Immobili\u00e8re de la Guadeloupe) s\u2019est engag\u00e9e durablement avec CERQUAL Qualitel Certification via un protocole d\u2019accord en construction NF Habitat - NF Habitat HQE. En choisissant de certifier l\u2019ensemble de sa production de nouveaux logements, le premier bailleur social de l\u2019\u00eele d\u00e9montre son engagement en faveur de l\u2019habitat de qualit\u00e9 associant respect de l\u2019environnement, qualit\u00e9 de vie et performance \u00e9conomique.\" \/>\n<meta name=\"robots\" content=\"index, follow, max-snippet:-1, max-image-preview:large, max-video-preview:-1\" \/>\n<link rel=\"canonical\" href=\"https:\/\/www.qualitel.org\/professionnels\/actualites\/nouveau-protocole-accord-signe-guadeloupe\/\" \/>\n<meta property=\"og:locale\" content=\"fr_FR\" \/>\n<meta property=\"og:type\" content=\"article\" \/>\n<meta property=\"og:title\" content=\"Nouveau protocole d\u2019accord sign\u00e9 en Guadeloupe - Qualitel | Professionnels\" \/>\n<meta property=\"og:description\" content=\"Le 13 mai dernier, la SIG (Soci\u00e9t\u00e9 Immobili\u00e8re de la Guadeloupe) s\u2019est engag\u00e9e durablement avec CERQUAL Qualitel Certification via un protocole d\u2019accord en construction NF Habitat &#8211; NF Habitat HQE. En choisissant de certifier l\u2019ensemble de sa production de nouveaux logements, le premier bailleur social de l\u2019\u00eele d\u00e9montre son engagement en faveur de l\u2019habitat de qualit\u00e9 associant respect de l\u2019environnement, qualit\u00e9 de vie et performance \u00e9conomique.\" \/>\n<meta property=\"og:url\" content=\"https:\/\/www.qualitel.org\/professionnels\/actualites\/nouveau-protocole-accord-signe-guadeloupe\/\" \/>\n<meta property=\"og:site_name\" content=\"Qualitel | Professionnels\" \/>\n<meta property=\"article:publisher\" content=\"https:\/\/www.facebook.com\/groupequalitel\/\" \/>\n<meta property=\"article:published_time\" content=\"2022-05-20T08:07:33+00:00\" \/>\n<meta property=\"article:modified_time\" content=\"2023-04-18T07:52:42+00:00\" \/>\n<meta property=\"og:image\" content=\"https:\/\/www.qualitel.org\/professionnels\/wp\/..\/uploads\/visu_guadeloupe-2022.jpg\" \/>\n\t<meta property=\"og:image:width\" content=\"900\" \/>\n\t<meta property=\"og:image:height\" content=\"513\" \/>\n\t<meta property=\"og:image:type\" content=\"image\/jpeg\" \/>\n<meta name=\"author\" content=\"Julie CARNEZ\" \/>\n<meta name=\"twitter:card\" content=\"summary_large_image\" \/>\n<meta name=\"twitter:description\" content=\"Le 13 mai dernier, la SIG (Soci\u00e9t\u00e9 Immobili\u00e8re de la Guadeloupe) s\u2019est engag\u00e9e durablement avec CERQUAL Qualitel Certification via un protocole d\u2019accord en construction NF Habitat &#8211; NF Habitat HQE. En choisissant de certifier l\u2019ensemble de sa production de nouveaux logements, le premier bailleur social de l\u2019\u00eele d\u00e9montre son engagement en faveur de l\u2019habitat de qualit\u00e9 associant respect de l\u2019environnement, qualit\u00e9 de vie et performance \u00e9conomique.\n\" \/>\n<meta name=\"twitter:creator\" content=\"@groupeQUALITEL\" \/>\n<meta name=\"twitter:site\" content=\"@groupeQUALITEL\" \/>\n<meta name=\"twitter:label1\" content=\"Written by\" \/>\n\t<meta name=\"twitter:data1\" content=\"Julie CARNEZ\" \/>\n<script type=\"application\/ld+json\" class=\"yoast-schema-graph\">{\"@context\":\"https:\/\/schema.org\",\"@graph\":[{\"@type\":\"Article\",\"@id\":\"https:\/\/www.qualitel.org\/professionnels\/actualites\/nouveau-protocole-accord-signe-guadeloupe\/#article\",\"isPartOf\":{\"@id\":\"https:\/\/www.qualitel.org\/professionnels\/actualites\/nouveau-protocole-accord-signe-guadeloupe\/\"},\"author\":{\"name\":\"Julie CARNEZ\",\"@id\":\"https:\/\/www.qualitel.org\/professionnels\/#\/schema\/person\/8da1b40abc7d27162c267baae6ea6b6e\"},\"headline\":\"Nouveau protocole d\u2019accord sign\u00e9 en Guadeloupe\",\"datePublished\":\"2022-05-20T08:07:33+00:00\",\"dateModified\":\"2023-04-18T07:52:42+00:00\",\"mainEntityOfPage\":{\"@id\":\"https:\/\/www.qualitel.org\/professionnels\/actualites\/nouveau-protocole-accord-signe-guadeloupe\/\"},\"wordCount\":53,\"publisher\":{\"@id\":\"https:\/\/www.qualitel.org\/professionnels\/#organization\"},\"image\":{\"@id\":\"https:\/\/www.qualitel.org\/professionnels\/actualites\/nouveau-protocole-accord-signe-guadeloupe\/#primaryimage\"},\"thumbnailUrl\":\"https:\/\/www.qualitel.org\/professionnels\/wp\/..\/uploads\/visu_guadeloupe-2022.jpg\",\"inLanguage\":\"fr-FR\"},{\"@type\":\"WebPage\",\"@id\":\"https:\/\/www.qualitel.org\/professionnels\/actualites\/nouveau-protocole-accord-signe-guadeloupe\/\",\"url\":\"https:\/\/www.qualitel.org\/professionnels\/actualites\/nouveau-protocole-accord-signe-guadeloupe\/\",\"name\":\"Nouveau protocole d\u2019accord sign\u00e9 en Guadeloupe - Qualitel | Professionnels\",\"isPartOf\":{\"@id\":\"https:\/\/www.qualitel.org\/professionnels\/#website\"},\"primaryImageOfPage\":{\"@id\":\"https:\/\/www.qualitel.org\/professionnels\/actualites\/nouveau-protocole-accord-signe-guadeloupe\/#primaryimage\"},\"image\":{\"@id\":\"https:\/\/www.qualitel.org\/professionnels\/actualites\/nouveau-protocole-accord-signe-guadeloupe\/#primaryimage\"},\"thumbnailUrl\":\"https:\/\/www.qualitel.org\/professionnels\/wp\/..\/uploads\/visu_guadeloupe-2022.jpg\",\"datePublished\":\"2022-05-20T08:07:33+00:00\",\"dateModified\":\"2023-04-18T07:52:42+00:00\",\"description\":\"Le 13 mai dernier, la SIG (Soci\u00e9t\u00e9 Immobili\u00e8re de la Guadeloupe) s\u2019est engag\u00e9e durablement avec CERQUAL Qualitel Certification via un protocole d\u2019accord en construction NF Habitat - NF Habitat HQE. En choisissant de certifier l\u2019ensemble de sa production de nouveaux logements, le premier bailleur social de l\u2019\u00eele d\u00e9montre son engagement en faveur de l\u2019habitat de qualit\u00e9 associant respect de l\u2019environnement, qualit\u00e9 de vie et performance \u00e9conomique.\",\"breadcrumb\":{\"@id\":\"https:\/\/www.qualitel.org\/professionnels\/actualites\/nouveau-protocole-accord-signe-guadeloupe\/#breadcrumb\"},\"inLanguage\":\"fr-FR\",\"potentialAction\":[{\"@type\":\"ReadAction\",\"target\":[\"https:\/\/www.qualitel.org\/professionnels\/actualites\/nouveau-protocole-accord-signe-guadeloupe\/\"]}]},{\"@type\":\"ImageObject\",\"inLanguage\":\"fr-FR\",\"@id\":\"https:\/\/www.qualitel.org\/professionnels\/actualites\/nouveau-protocole-accord-signe-guadeloupe\/#primaryimage\",\"url\":\"https:\/\/www.qualitel.org\/professionnels\/wp\/..\/uploads\/visu_guadeloupe-2022.jpg\",\"contentUrl\":\"https:\/\/www.qualitel.org\/professionnels\/wp\/..\/uploads\/visu_guadeloupe-2022.jpg\",\"width\":900,\"height\":513},{\"@type\":\"BreadcrumbList\",\"@id\":\"https:\/\/www.qualitel.org\/professionnels\/actualites\/nouveau-protocole-accord-signe-guadeloupe\/#breadcrumb\",\"itemListElement\":[{\"@type\":\"ListItem\",\"position\":1,\"name\":\"Accueil\",\"item\":\"https:\/\/www.qualitel.org\/professionnels\/\"},{\"@type\":\"ListItem\",\"position\":2,\"name\":\"Nouveau protocole d\u2019accord sign\u00e9 en Guadeloupe\"}]},{\"@type\":\"WebSite\",\"@id\":\"https:\/\/www.qualitel.org\/professionnels\/#website\",\"url\":\"https:\/\/www.qualitel.org\/professionnels\/\",\"name\":\"Qualitel | Professionnels\",\"description\":\"\",\"publisher\":{\"@id\":\"https:\/\/www.qualitel.org\/professionnels\/#organization\"},\"potentialAction\":[{\"@type\":\"SearchAction\",\"target\":{\"@type\":\"EntryPoint\",\"urlTemplate\":\"https:\/\/www.qualitel.org\/professionnels\/?s={search_term_string}\"},\"query-input\":{\"@type\":\"PropertyValueSpecification\",\"valueRequired\":true,\"valueName\":\"search_term_string\"}}],\"inLanguage\":\"fr-FR\"},{\"@type\":\"Organization\",\"@id\":\"https:\/\/www.qualitel.org\/professionnels\/#organization\",\"name\":\"Qualitel\",\"url\":\"https:\/\/www.qualitel.org\/professionnels\/\",\"logo\":{\"@type\":\"ImageObject\",\"inLanguage\":\"fr-FR\",\"@id\":\"https:\/\/www.qualitel.org\/professionnels\/#\/schema\/logo\/image\/\",\"url\":\"https:\/\/www.qualitel.org\/professionnels\/wp\/..\/uploads\/qualitel_social.jpg\",\"contentUrl\":\"https:\/\/www.qualitel.org\/professionnels\/wp\/..\/uploads\/qualitel_social.jpg\",\"width\":1080,\"height\":1080,\"caption\":\"Qualitel\"},\"image\":{\"@id\":\"https:\/\/www.qualitel.org\/professionnels\/#\/schema\/logo\/image\/\"},\"sameAs\":[\"https:\/\/www.facebook.com\/groupequalitel\/\",\"https:\/\/x.com\/groupeQUALITEL\",\"https:\/\/www.instagram.com\/associationqualitel\/\"]},{\"@type\":\"Person\",\"@id\":\"https:\/\/www.qualitel.org\/professionnels\/#\/schema\/person\/8da1b40abc7d27162c267baae6ea6b6e\",\"name\":\"Julie CARNEZ\",\"image\":{\"@type\":\"ImageObject\",\"inLanguage\":\"fr-FR\",\"@id\":\"https:\/\/www.qualitel.org\/professionnels\/#\/schema\/person\/image\/\",\"url\":\"https:\/\/secure.gravatar.com\/avatar\/41fcfdc51e7305fd5b17ead841bd2e1f6a982b0f5ccaf899636b8ccab25ca5b1?s=96&d=mm&r=g\",\"contentUrl\":\"https:\/\/secure.gravatar.com\/avatar\/41fcfdc51e7305fd5b17ead841bd2e1f6a982b0f5ccaf899636b8ccab25ca5b1?s=96&d=mm&r=g\",\"caption\":\"Julie CARNEZ\"}}]}<\/script>\n<!-- \/ Yoast SEO plugin. -->","yoast_head_json":{"title":"Nouveau protocole d\u2019accord sign\u00e9 en Guadeloupe - Qualitel | Professionnels","description":"Le 13 mai dernier, la SIG (Soci\u00e9t\u00e9 Immobili\u00e8re de la Guadeloupe) s\u2019est engag\u00e9e durablement avec CERQUAL Qualitel Certification via un protocole d\u2019accord en construction NF Habitat - NF Habitat HQE. En choisissant de certifier l\u2019ensemble de sa production de nouveaux logements, le premier bailleur social de l\u2019\u00eele d\u00e9montre son engagement en faveur de l\u2019habitat de qualit\u00e9 associant respect de l\u2019environnement, qualit\u00e9 de vie et performance \u00e9conomique.","robots":{"index":"index","follow":"follow","max-snippet":"max-snippet:-1","max-image-preview":"max-image-preview:large","max-video-preview":"max-video-preview:-1"},"canonical":"https:\/\/www.qualitel.org\/professionnels\/actualites\/nouveau-protocole-accord-signe-guadeloupe\/","og_locale":"fr_FR","og_type":"article","og_title":"Nouveau protocole d\u2019accord sign\u00e9 en Guadeloupe - Qualitel | Professionnels","og_description":"Le 13 mai dernier, la SIG (Soci\u00e9t\u00e9 Immobili\u00e8re de la Guadeloupe) s\u2019est engag\u00e9e durablement avec CERQUAL Qualitel Certification via un protocole d\u2019accord en construction NF Habitat &#8211; NF Habitat HQE. En choisissant de certifier l\u2019ensemble de sa production de nouveaux logements, le premier bailleur social de l\u2019\u00eele d\u00e9montre son engagement en faveur de l\u2019habitat de qualit\u00e9 associant respect de l\u2019environnement, qualit\u00e9 de vie et performance \u00e9conomique.","og_url":"https:\/\/www.qualitel.org\/professionnels\/actualites\/nouveau-protocole-accord-signe-guadeloupe\/","og_site_name":"Qualitel | Professionnels","article_publisher":"https:\/\/www.facebook.com\/groupequalitel\/","article_published_time":"2022-05-20T08:07:33+00:00","article_modified_time":"2023-04-18T07:52:42+00:00","og_image":[{"width":900,"height":513,"url":"https:\/\/www.qualitel.org\/professionnels\/wp\/..\/uploads\/visu_guadeloupe-2022.jpg","type":"image\/jpeg"}],"author":"Julie CARNEZ","twitter_card":"summary_large_image","twitter_description":"Le 13 mai dernier, la SIG (Soci\u00e9t\u00e9 Immobili\u00e8re de la Guadeloupe) s\u2019est engag\u00e9e durablement avec CERQUAL Qualitel Certification via un protocole d\u2019accord en construction NF Habitat &#8211; NF Habitat HQE. En choisissant de certifier l\u2019ensemble de sa production de nouveaux logements, le premier bailleur social de l\u2019\u00eele d\u00e9montre son engagement en faveur de l\u2019habitat de qualit\u00e9 associant respect de l\u2019environnement, qualit\u00e9 de vie et performance \u00e9conomique.\n","twitter_creator":"@groupeQUALITEL","twitter_site":"@groupeQUALITEL","twitter_misc":{"Written by":"Julie CARNEZ"},"schema":{"@context":"https:\/\/schema.org","@graph":[{"@type":"Article","@id":"https:\/\/www.qualitel.org\/professionnels\/actualites\/nouveau-protocole-accord-signe-guadeloupe\/#article","isPartOf":{"@id":"https:\/\/www.qualitel.org\/professionnels\/actualites\/nouveau-protocole-accord-signe-guadeloupe\/"},"author":{"name":"Julie CARNEZ","@id":"https:\/\/www.qualitel.org\/professionnels\/#\/schema\/person\/8da1b40abc7d27162c267baae6ea6b6e"},"headline":"Nouveau protocole d\u2019accord sign\u00e9 en Guadeloupe","datePublished":"2022-05-20T08:07:33+00:00","dateModified":"2023-04-18T07:52:42+00:00","mainEntityOfPage":{"@id":"https:\/\/www.qualitel.org\/professionnels\/actualites\/nouveau-protocole-accord-signe-guadeloupe\/"},"wordCount":53,"publisher":{"@id":"https:\/\/www.qualitel.org\/professionnels\/#organization"},"image":{"@id":"https:\/\/www.qualitel.org\/professionnels\/actualites\/nouveau-protocole-accord-signe-guadeloupe\/#primaryimage"},"thumbnailUrl":"https:\/\/www.qualitel.org\/professionnels\/wp\/..\/uploads\/visu_guadeloupe-2022.jpg","inLanguage":"fr-FR"},{"@type":"WebPage","@id":"https:\/\/www.qualitel.org\/professionnels\/actualites\/nouveau-protocole-accord-signe-guadeloupe\/","url":"https:\/\/www.qualitel.org\/professionnels\/actualites\/nouveau-protocole-accord-signe-guadeloupe\/","name":"Nouveau protocole d\u2019accord sign\u00e9 en Guadeloupe - Qualitel | Professionnels","isPartOf":{"@id":"https:\/\/www.qualitel.org\/professionnels\/#website"},"primaryImageOfPage":{"@id":"https:\/\/www.qualitel.org\/professionnels\/actualites\/nouveau-protocole-accord-signe-guadeloupe\/#primaryimage"},"image":{"@id":"https:\/\/www.qualitel.org\/professionnels\/actualites\/nouveau-protocole-accord-signe-guadeloupe\/#primaryimage"},"thumbnailUrl":"https:\/\/www.qualitel.org\/professionnels\/wp\/..\/uploads\/visu_guadeloupe-2022.jpg","datePublished":"2022-05-20T08:07:33+00:00","dateModified":"2023-04-18T07:52:42+00:00","description":"Le 13 mai dernier, la SIG (Soci\u00e9t\u00e9 Immobili\u00e8re de la Guadeloupe) s\u2019est engag\u00e9e durablement avec CERQUAL Qualitel Certification via un protocole d\u2019accord en construction NF Habitat - NF Habitat HQE. En choisissant de certifier l\u2019ensemble de sa production de nouveaux logements, le premier bailleur social de l\u2019\u00eele d\u00e9montre son engagement en faveur de l\u2019habitat de qualit\u00e9 associant respect de l\u2019environnement, qualit\u00e9 de vie et performance \u00e9conomique.","breadcrumb":{"@id":"https:\/\/www.qualitel.org\/professionnels\/actualites\/nouveau-protocole-accord-signe-guadeloupe\/#breadcrumb"},"inLanguage":"fr-FR","potentialAction":[{"@type":"ReadAction","target":["https:\/\/www.qualitel.org\/professionnels\/actualites\/nouveau-protocole-accord-signe-guadeloupe\/"]}]},{"@type":"ImageObject","inLanguage":"fr-FR","@id":"https:\/\/www.qualitel.org\/professionnels\/actualites\/nouveau-protocole-accord-signe-guadeloupe\/#primaryimage","url":"https:\/\/www.qualitel.org\/professionnels\/wp\/..\/uploads\/visu_guadeloupe-2022.jpg","contentUrl":"https:\/\/www.qualitel.org\/professionnels\/wp\/..\/uploads\/visu_guadeloupe-2022.jpg","width":900,"height":513},{"@type":"BreadcrumbList","@id":"https:\/\/www.qualitel.org\/professionnels\/actualites\/nouveau-protocole-accord-signe-guadeloupe\/#breadcrumb","itemListElement":[{"@type":"ListItem","position":1,"name":"Accueil","item":"https:\/\/www.qualitel.org\/professionnels\/"},{"@type":"ListItem","position":2,"name":"Nouveau protocole d\u2019accord sign\u00e9 en Guadeloupe"}]},{"@type":"WebSite","@id":"https:\/\/www.qualitel.org\/professionnels\/#website","url":"https:\/\/www.qualitel.org\/professionnels\/","name":"Qualitel | Professionnels","description":"","publisher":{"@id":"https:\/\/www.qualitel.org\/professionnels\/#organization"},"potentialAction":[{"@type":"SearchAction","target":{"@type":"EntryPoint","urlTemplate":"https:\/\/www.qualitel.org\/professionnels\/?s={search_term_string}"},"query-input":{"@type":"PropertyValueSpecification","valueRequired":true,"valueName":"search_term_string"}}],"inLanguage":"fr-FR"},{"@type":"Organization","@id":"https:\/\/www.qualitel.org\/professionnels\/#organization","name":"Qualitel","url":"https:\/\/www.qualitel.org\/professionnels\/","logo":{"@type":"ImageObject","inLanguage":"fr-FR","@id":"https:\/\/www.qualitel.org\/professionnels\/#\/schema\/logo\/image\/","url":"https:\/\/www.qualitel.org\/professionnels\/wp\/..\/uploads\/qualitel_social.jpg","contentUrl":"https:\/\/www.qualitel.org\/professionnels\/wp\/..\/uploads\/qualitel_social.jpg","width":1080,"height":1080,"caption":"Qualitel"},"image":{"@id":"https:\/\/www.qualitel.org\/professionnels\/#\/schema\/logo\/image\/"},"sameAs":["https:\/\/www.facebook.com\/groupequalitel\/","https:\/\/x.com\/groupeQUALITEL","https:\/\/www.instagram.com\/associationqualitel\/"]},{"@type":"Person","@id":"https:\/\/www.qualitel.org\/professionnels\/#\/schema\/person\/8da1b40abc7d27162c267baae6ea6b6e","name":"Julie CARNEZ","image":{"@type":"ImageObject","inLanguage":"fr-FR","@id":"https:\/\/www.qualitel.org\/professionnels\/#\/schema\/person\/image\/","url":"https:\/\/secure.gravatar.com\/avatar\/41fcfdc51e7305fd5b17ead841bd2e1f6a982b0f5ccaf899636b8ccab25ca5b1?s=96&d=mm&r=g","contentUrl":"https:\/\/secure.gravatar.com\/avatar\/41fcfdc51e7305fd5b17ead841bd2e1f6a982b0f5ccaf899636b8ccab25ca5b1?s=96&d=mm&r=g","caption":"Julie CARNEZ"}}]}},"_links":{"self":[{"href":"https:\/\/www.qualitel.org\/professionnels\/wp-json\/wp\/v2\/posts\/55635","targetHints":{"allow":["GET"]}}],"collection":[{"href":"https:\/\/www.qualitel.org\/professionnels\/wp-json\/wp\/v2\/posts"}],"about":[{"href":"https:\/\/www.qualitel.org\/professionnels\/wp-json\/wp\/v2\/types\/post"}],"author":[{"embeddable":true,"href":"https:\/\/www.qualitel.org\/professionnels\/wp-json\/wp\/v2\/users\/24"}],"replies":[{"embeddable":true,"href":"https:\/\/www.qualitel.org\/professionnels\/wp-json\/wp\/v2\/comments?post=55635"}],"version-history":[{"count":51,"href":"https:\/\/www.qualitel.org\/professionnels\/wp-json\/wp\/v2\/posts\/55635\/revisions"}],"predecessor-version":[{"id":64893,"href":"https:\/\/www.qualitel.org\/professionnels\/wp-json\/wp\/v2\/posts\/55635\/revisions\/64893"}],"wp:featuredmedia":[{"embeddable":true,"href":"https:\/\/www.qualitel.org\/professionnels\/wp-json\/wp\/v2\/media\/55644"}],"wp:attachment":[{"href":"https:\/\/www.qualitel.org\/professionnels\/wp-json\/wp\/v2\/media?parent=55635"}],"wp:term":[{"taxonomy":"tags","embeddable":true,"href":"https:\/\/www.qualitel.org\/professionnels\/wp-json\/wp\/v2\/tags?post=55635"},{"taxonomy":"etiquettes","embeddable":true,"href":"https:\/\/www.qualitel.org\/professionnels\/wp-json\/wp\/v2\/tags?post=55635"},{"taxonomy":"article_type","embeddable":true,"href":"https:\/\/www.qualitel.org\/professionnels\/wp-json\/wp\/v2\/article_type?post=55635"}],"curies":[{"name":"wp","href":"https:\/\/api.w.org\/{rel}","templated":true}]}}